{"id":1800,"date":"2013-02-27T10:45:02","date_gmt":"2013-02-27T10:45:02","guid":{"rendered":"http:\/\/logronopasion.com\/portal\/?p=1800"},"modified":"2013-02-27T10:45:02","modified_gmt":"2013-02-27T10:45:02","slug":"concierto-de-organo-en-la-concatedral-de-la-redonda","status":"publish","type":"post","link":"https:\/\/www.logronopasion.com\/portal\/concierto-de-organo-en-la-concatedral-de-la-redonda\/","title":{"rendered":"Concierto de \u00f3rgano en la Concatedral de la Redonda"},"content":{"rendered":"<p style=\"text-align: justify;\"><a href=\"http:\/\/logronopasion.com\/portal\/wp-content\/uploads\/2013\/02\/JoseEnriqueAyarraJarne2.jpg\"><img loading=\"lazy\" decoding=\"async\" class=\"aligncenter size-full wp-image-1815\" alt=\"JoseEnriqueAyarraJarne2\" src=\"http:\/\/logronopasion.com\/portal\/wp-content\/uploads\/2013\/02\/JoseEnriqueAyarraJarne2.jpg\" width=\"473\" height=\"313\" srcset=\"https:\/\/www.logronopasion.com\/portal\/wp-content\/uploads\/2013\/02\/JoseEnriqueAyarraJarne2.jpg 473w, https:\/\/www.logronopasion.com\/portal\/wp-content\/uploads\/2013\/02\/JoseEnriqueAyarraJarne2-300x198.jpg 300w\" sizes=\"auto, (max-width: 473px) 100vw, 473px\" \/><\/a><\/p>\n<p style=\"text-align: justify;\">El jueves 28 de febrero de 2013 en la Concatedral de Santa Mar\u00eda de la Redonda de Logro\u00f1o, dentro de los actos organizados por la Hermandad de Cofrad\u00edas de la Pasi\u00f3n de la Ciudad de Logro\u00f1o para la Cuaresma de este a\u00f1o, est\u00e1 preparado un Concierto de \u00f3rgano a cargo del M.I. Rvdo. P. D. Jos\u00e9 Enrique Ayarra Jarn\u00e9, Can\u00f3nigo Organista de la S.M.I. Catedral de Sevilla.<\/p>\n<p style=\"text-align: justify;\">El concierto dar\u00e1 comienzo a las 20,30horas.<\/p>\n<h3>Datos biogr\u00e1ficos de D. Jos\u00e9 Enrique Ayarra Jarn\u00e9<\/h3>\n<p style=\"text-align: justify;\">El M.I. Rvdo. P. D. Jos\u00e9 Enrique Ayarra Jarn\u00e9, Can\u00f3nigo Organista de la S.M.I. Catedral de Sevilla, nace en Jaca en la provincia de Huesca, siendo socio fundador de la Casa de Arag\u00f3n en Sevilla, ha participado a lo largo de todos estos a\u00f1os de forma activa en las actividades que esta organiza. Durante muchos a\u00f1os celebr\u00f3 la Misa Baturra que Casa de Arag\u00f3n organiza el d\u00eda del Pilar, en la Iglesia del Santo \u00c1ngel, en la Calle Rioja de Sevilla. Tambi\u00e9n ha ofrecido a los socios de esta Casa conciertos de \u00f3rgano y guiado en visitas a la Catedral de Sevilla.<\/p>\n<p>Posee una dilatada formaci\u00f3n cultural que empieza a adquirir desde su infancia, habiendo realizado los siguientes estudios:<\/p>\n<ul style=\"text-align: justify;\">\n<li>Organis<a href=\"http:\/\/logronopasion.com\/portal\/wp-content\/uploads\/2013\/02\/JoseEnriqueAyarraJarne.jpg\"><img loading=\"lazy\" decoding=\"async\" class=\"alignright  wp-image-1814\" alt=\"JoseEnriqueAyarraJarne\" src=\"http:\/\/logronopasion.com\/portal\/wp-content\/uploads\/2013\/02\/JoseEnriqueAyarraJarne-300x288.jpg\" width=\"210\" height=\"202\" srcset=\"https:\/\/www.logronopasion.com\/portal\/wp-content\/uploads\/2013\/02\/JoseEnriqueAyarraJarne-300x288.jpg 300w, https:\/\/www.logronopasion.com\/portal\/wp-content\/uploads\/2013\/02\/JoseEnriqueAyarraJarne.jpg 350w\" sizes=\"auto, (max-width: 210px) 100vw, 210px\" \/><\/a>ta suplente a los diez a\u00f1os de edad, del titular del \u00f3rgano de la Catedral y profesor suyo de piano, D. Manuel Gallego Nasarre, en sus ausencias corales.<\/li>\n<li>Titulado como profesor de Piano por el Conservatorio de Zaragoza a los once a\u00f1os.<\/li>\n<li>Diplomado en \u00d3rgano y Canto Gregoriano por el Institut Catholique de Paris, bajo la direcci\u00f3n de Edouard Souberbielle y Auguste le Guennant, respectivamente.<\/li>\n<li>Licenciado en Sagrada Teolog\u00eda por la Universidad Pontificia de Salamanca.<\/li>\n<li>Can\u00f3nigo Organista titular de la S.I. Catedral y del Hospital de los Venerables de Sevilla.<\/li>\n<li>Catedr\u00e1tico de \u00d3rgano del Conservatorio Superior de Sevilla, desde 1979 hasta 2002.<\/li>\n<li>Acad\u00e9mico numerario de la sevillana Real Academia de Bellas Artes de Santa Isabel de Hungr\u00eda.<\/li>\n<li>Acad\u00e9mico correspondiente de las Reales Academias de San Fernando (Madrid) y de Nuestra Se\u00f1ora de las Angustias (Granada).<\/li>\n<li>Asesor t\u00e9cnico &#8211; musical de la Real Orquesta Sinf\u00f3nica de Sevilla, del Departamento del Patrimonio art\u00edstico del Arzobispado hispalense y de la Fundaci\u00f3n Focus &#8211; Abengoa. -Coordinador general del III Congreso Nacional del \u00d3rgano Espa\u00f1ol (Sevilla, 1998).<\/li>\n<\/ul>\n<p style=\"text-align: justify;\">A lo largo de su vida ocupa los siguientes cargos:<\/p>\n<ul>\n<li>Can\u00f3nigo Organista titular de la S.I. Catedral de Sevilla desde 1961 y del Hospital de los Venerables de Sevilla desde 1988.<\/li>\n<li>Catedr\u00e1tico de \u00f3rgano del Conservatorio Superior de Sevilla, desde 1979 hasta 2002.<\/li>\n<li>Acad\u00e9mico numerario de la sevillana Real Academia de Bellas Artes de Santa Isabel de Hungr\u00eda.<\/li>\n<li>Acad\u00e9mico correspondiente de las Reales Academias de San Fernando (Madrid), de Nuestra Se\u00f1ora de las Angustias (Granada) y de Luis V\u00e9lez de Guevara (\u00c9cija).<\/li>\n<li>Asesor t\u00e9cnico-musical de la Real Orquesta Sinf\u00f3nica de Sevilla, del Departamento del Patrimonio art\u00edstico del Arzobispado hispalense y de la Fundaci\u00f3n Focus-Abengoa.<\/li>\n<li>Coordinador general del III Congreso Nacional del \u00d3rgano Espa\u00f1ol (Sevilla, 1998).<\/li>\n<li>Presidente de la Asociaci\u00f3n Nacional del \u00d3rgano Hispano (AOH).<\/li>\n<li>\u00a0Miembro del Consejo de Cultura de la Ciudad de Sevilla (ICAS).<\/li>\n<\/ul>\n<p>Es galardonado, entre otros premios, con los siguientes:<\/p>\n<ul>\n<li>Primer Premio \u00abJuan Altisent\u00bb de la Radio \u201cLa voz de Valladolid\u00bb (1959).<\/li>\n<li>Primer Premio de la Junta de Andaluc\u00eda a la Investigaci\u00f3n Musical (1989 y 1993).<\/li>\n<li>Premio \u00abANDALUCIA\u00bb de M\u00fasica (1990) de la Junta de Andaluc\u00eda.<\/li>\n<li>Premio \u00abCIUDAD DE SEVILLA\u00bb (1996), Aula de la Tercera Edad. Excmo. Ateneo.<\/li>\n<\/ul>\n<p>Como concertista ha dado recitales en numerosas catedrales, bas\u00edlicas, capillas, salas de conciertos y universidades de todo el mundo, hasta superar el millar de conciertos en \u00d3rganos de m\u00e1s de treinta pa\u00edses de Europa, \u00c1frica, Asia y Am\u00e9rica.<\/p>\n<p style=\"text-align: justify;\">Ha ofrecido conciertos, entre otros, en los lugares siguientes:<br \/>\n<a href=\"http:\/\/logronopasion.com\/portal\/wp-content\/uploads\/2013\/02\/JoseEnriqueAyarraJarne3.jpg\"><img loading=\"lazy\" decoding=\"async\" class=\"alignright size-full wp-image-1833\" alt=\"JoseEnriqueAyarraJarne3\" src=\"http:\/\/logronopasion.com\/portal\/wp-content\/uploads\/2013\/02\/JoseEnriqueAyarraJarne3.jpg\" width=\"184\" height=\"274\" \/><\/a><b>Catedrales<\/b>: Notre-Dame de Paris, S. Pablo de Londres, S. Esteban de Viena, Sta. Gudula de Bruselas, Chartres, Dijon, Colonia, Aquisgran, Halle, Freiberg, Bremen, Herford, Passau, Graz, Basilea, Gdansk, Frombork, Oporto, Edimburgo, Kiev, Tallin, M\u00e9xico, Guadalajara, Morelia, Baltimore, Chicago, New Orleans, Long Beach, Edmonton, Tokyo, Hiroshima, Nagasaki, Fukuoka, etc. y en la mayor\u00eda de las catedrales espa\u00f1olas: Sevilla, C\u00f3rdoba, Granada, Segovia, Salamanca, Santiago, Le6n, Burgos, Barcelona, Palma de Mallorca, La Seo de Zaragoza, etc.;<br \/>\n<b>Bas\u00edlicas<\/b>: Oliwa de Polonia, S. Pedro del Vaticano, Sta. Mar\u00eda la Mayor de Roma, la Virgen del Pilar de Zaragoza, S. Francisco Javier de Yamaguchi, Guadalupe (M\u00e9xico) etc.<br \/>\n<b>Capillas<\/b>: Palacio Real de Madrid, el Castillo de Altenburg (Alemania), el de Bratislava (Eslovaquia), Jacob Church de Estocolmo (Suecia), Fundaci\u00f3n Focus-Abengoa de Sevilla, etc.<br \/>\n<b>Salas de concierto<\/b>: La Maison de La Radio de Paris, Television Suisse-Romande, NHK-Japan TV, Auditorios Nacionales de Madrid, Atenas, Vilnius y Edmonton, Palau de Valencia, Suntory-Hall de Tokyo, Filarmonia y Sala Glinka de San Petersburgo, Conservatorios Nacionales de Mosc\u00fa, Volgograd y Saratov, Real Academia de S. Femando y Fundaci\u00f3n Juan March de Madrid, etc.<br \/>\n<b>Universidades<\/b>: California, Wyoming, Iowa, Maryland, Alberta, Tokyo, Hiroshima, Glasgow, Porto, Coimbra, Deusto, etc. etc.<\/p>\n<p style=\"text-align: justify;\">Ha actuado como solista con orquestas de primer orden, nacionales (Real Orquesta Sinf\u00f3nica de Sevilla, Villa de Madrid, etc.) y extranjeras (Aachener Bachorchester, The London Virtuosi, etc.).<\/p>\n<p style=\"text-align: justify;\">Ha actuado con m\u00fasicos como Ainhoa Arteta o Ana Higueras (sopranos), Felix Ayo o Sergey Teslia (violines), Pedro Gorostola o Luiza Nancu (violoncellos), Lucian Ciorata (contrabajo), Andre Bernard o Enrique Rioja (trompetas), Miguel \u00c1ngel Colmenero o Jan Parkes (trompas), Ana Guijarro (piano), Daniela Iolkicheva (arpa), M\u00aa. Esther Guzm\u00e1n (guitarra), entre otros<\/p>\n<p style=\"text-align: justify;\">Ha realizado grabaciones radiof\u00f3nicas para cadenas de Radio y Televisi\u00f3n en una docena de pa\u00edses, y discogr\u00e1ficas de repertorios que abarcan desde el Renacimiento hasta nuestros d\u00edas. Destacan las integrantes para \u00f3rgano de los sevillanos Francisco Correa de Arauxo (1584-1654) en instrumentos hist\u00f3ricos andaluces (seis CDs), y Manuel Castillo (1930-2005) en el gran \u00d3rgano sinf\u00f3nico catedralicio hispalense (tres CDs); la de m\u00fasica espa\u00f1ola para \u00f3rgano en el \u00abBeckerat\u00bb de Yamaguchi (Japan) para la NHK; los dos CDs. titulados \u00ab500 a\u00f1os de m\u00fasica de \u00d3rgano en la Catedral de Sevilla\u00bb con motivo del V\u00b0 Centenario de la Dedicaci\u00f3n de la Seo sevillana; y \u00abAires barrocos en el \u00f3rgano de los Venerables\u00bb, con el sello de RTVE, en el \u00abGrenzing\u00bb de la Fundaci\u00f3n Focus-Abengoa de Sevilla.<\/p>\n<p style=\"text-align: justify;\">Tambi\u00e9n ha estrenado obras dedicadas a \u00e9l por compositores como Jean Guillou, Manuel Castillo, Tomas Marco, Jos\u00e9 Garc\u00eda Rom\u00e1n, Luis Blanes Argues, Miguel del Barco, Jos\u00e9 Benavente y Juan Antonio Pedrosa, entre otros.<\/p>\n<p style=\"text-align: justify;\">Ha realizado breves incursiones por el mundo del cine, aportando la m\u00fasica de \u00f3rgano a la pel\u00edcula \u00abLa vida sublime\u00bb de Daniel V. Villamediana (2007) y por el de la \u00f3pera, interpretando desde la Catedral la pane de \u00d3rgano del \u00abDoktor Faust\u00bb de Ferruccio Busoni, representada en octubre de 2008 en el Teatro sevillano de la Maestranza, bajo la direcci\u00f3n musical de Pedro Halffter, titular de la Real Orquesta Sinf\u00f3nica de Sevilla.<\/p>\n<p style=\"text-align: justify;\">Como docente ha impartido cursos de m\u00fasica espa\u00f1ola en diferentes Universidades americanas (Illinois, Michigan y California en USA, Alberta en Canad\u00e1, Guanajuato en M\u00e9xico, etc.) y japonesas (Tokyo, Hiroshima, etc.), as\u00ed como en Academias alemanas (Michaelstein, Turingia, etc.) y polacas (Gdansk).<\/p>\n<p style=\"text-align: justify;\">Ha sido miembro del Jurado de diversos Concursos Internacionales de \u00d3rgano (Paris, \u00c1vila, Ponferrada, etc.).<\/p>\n<p style=\"text-align: justify;\">Como investigador y publicista, ha escrito diversos libros y numeros\u00edsimos art\u00edculos para publicaciones especializadas, espa\u00f1olas y extranjeras, generalmente relacionados con el patrimonio sacromusical andaluz, m\u00fasicos e instrumentos, producci\u00f3n art\u00edstica y archivos.<\/p>\n<p style=\"text-align: justify;\">Como datos personales, decir que tras un tiempo en di\u00e1lisis y en lista de espera, la muerte en accidente de circulaci\u00f3n de su hermano Javier, hizo posible que D. Jos\u00e9 Enrique Ayarra Jarn\u00e9 recibiera el ri\u00f1\u00f3n que necesitaba, procedente precisamente de su hermano, donante de \u00f3rganos.<\/p>\n<p style=\"text-align: justify;\">Con este motivo, ofreci\u00f3 un concierto extraordinario en la catedral de Sevilla, con m\u00fasica de Bach, Rachmaninov, los Seises, Guilmant, Brezza, Bra\u00f1a y, finalmente, el Aleluya de Haendel, sus experiencias y sentimientos de esos \u00faltimos a\u00f1os de enfermedad, ahora subsanada.<\/p>\n<p style=\"text-align: justify;\">El donante, su hermano Javier, alg\u00fan a\u00f1o m\u00e1s joven que Jose Enrique, era m\u00e9dico del servicio de cirug\u00eda tor\u00e1cica del Hospital Macarena de Sevilla, y falleci\u00f3 en accidente de circulaci\u00f3n.<\/p>\n<p style=\"text-align: justify;\">En una de sus \u00faltimas actuaciones, ofreci\u00f3 un extraordinario concierto de \u00f3rgano con marchas procesionales y otras piezas cl\u00e1sicas, que logr\u00f3 llenar la iglesia del Carmen de San Fernando, que adem\u00e1s hizo disfrutar de un concierto como este. En esta ocasi\u00f3n y \u00a0el Ayuntamiento de San Fernando, para que el p\u00fablico siguiera las evoluciones de las manos y de los pedales durante el concierto, incluso coloc\u00f3 varias pantallas donde el p\u00fablico asistente, pudo contemplar esta excepcional actuaci\u00f3n y concierto.<\/p>\n<p style=\"text-align: justify;\">En mayo de 2011 celebr\u00f3 en la Catedral de Sevilla un concierto muy especial, en el que ofreci\u00f3 un magn\u00edfico recital acompa\u00f1ado de la Real Orquesta Sinf\u00f3nica de Sevilla, con motivo de haber cumplido cincuenta a\u00f1os como organista titular del Cabildo Catedral de Sevilla. Una marca que queda para la historia de una instituci\u00f3n con destacados organistas en su haber.<\/p>\n<p>&nbsp;<\/p>\n<h3>El Organo de la Concatedral de Santa Mar\u00eda de la Redonda de Logro\u00f1o<\/h3>\n<p><a href=\"http:\/\/logronopasion.com\/portal\/wp-content\/uploads\/2013\/02\/5982431628_b7d9d82c04_b.jpg\"><img loading=\"lazy\" decoding=\"async\" class=\"aligncenter size-full wp-image-1846\" alt=\"5982431628_b7d9d82c04_b\" src=\"http:\/\/logronopasion.com\/portal\/wp-content\/uploads\/2013\/02\/5982431628_b7d9d82c04_b.jpg\" width=\"500\" height=\"372\" srcset=\"https:\/\/www.logronopasion.com\/portal\/wp-content\/uploads\/2013\/02\/5982431628_b7d9d82c04_b.jpg 500w, https:\/\/www.logronopasion.com\/portal\/wp-content\/uploads\/2013\/02\/5982431628_b7d9d82c04_b-300x223.jpg 300w\" sizes=\"auto, (max-width: 500px) 100vw, 500px\" \/><\/a><\/p>\n<p>Situado en el coro de \u00e9sta Concatedral, obra de Juan de Lorena y Arnao de Bruselas, en el siglo XVII, con siller\u00eda\u00a0construida a finales del siglo XVI y principios del XVII al estilo de Berruguete y posiblemente tambi\u00e9n por Arnao, est\u00e1 alojado este magn\u00edfico \u00f3rgano\u00a0obra del siglo XVIII de Jos\u00e9 Ma\u00f1eru.<\/p>\n<p>El actual \u00f3rgano nuevo, est\u00e1\u00a0alojado en la antigua caja, y fue realizado por el Taller de Organer\u00eda Acitores en 1995-96.\u00a0 El modelo es el III\/P\/47<\/p>\n<p><b>Recursos musicales<\/b>:<\/p>\n<ul>\n<li>Tres teclados manuales de 56 notas cada uno (Do-Sol)<\/li>\n<li>Un teclado pedalero de 30 notas.<\/li>\n<li>Cuarenta y siete registros: 38 juegos reales, tres medios juegos, un juego prestado de manual a Pedal, tres juegos por extensi\u00f3n y dos efectos.<\/li>\n<li>Cinco acoplamientos: de los teclados manuales al Pedal y de los teclados entre s\u00ed.<\/li>\n<li>Doble transmisi\u00f3n: mec\u00e1nica directa desde la consola propia y el\u00e9ctrica desde una consola situada en el coro.<\/li>\n<li>Combinaci\u00f3n electr\u00f3nica (96 combinaciones), Tutti, Anulador general y parcial, crescendo programable. Registraci\u00f3n autom\u00e1tica.<a href=\"http:\/\/logronopasion.com\/portal\/wp-content\/uploads\/2013\/02\/OrganoLaRedonda.jpg\"><img loading=\"lazy\" decoding=\"async\" class=\"wp-image-1809 aligncenter\" alt=\"OrganoLaRedonda\" src=\"http:\/\/logronopasion.com\/portal\/wp-content\/uploads\/2013\/02\/OrganoLaRedonda.jpg\" width=\"243\" height=\"275\" srcset=\"https:\/\/www.logronopasion.com\/portal\/wp-content\/uploads\/2013\/02\/OrganoLaRedonda.jpg 304w, https:\/\/www.logronopasion.com\/portal\/wp-content\/uploads\/2013\/02\/OrganoLaRedonda-265x300.jpg 265w\" sizes=\"auto, (max-width: 243px) 100vw, 243px\" \/><\/a><\/li>\n<\/ul>\n<p>&nbsp;<\/p>\n<p>\u00a0<b>Disposici\u00f3n de los registros:<\/b><\/p>\n<div align=\"center\">\n<table>\n<tbody>\n<tr style=\"border: 0px;\">\n<td style=\"border: 0px;\" valign=\"top\"><b>I Manual: \u00d3rgano Positivo<\/b><\/p>\n<ul>\n<li><b>Salicional 8&#8242; <\/b><\/li>\n<li><b>Viol\u00f3n 8&#8242; <\/b><\/li>\n<li><b>Octava 4&#8242; <\/b><\/li>\n<li><b>Tapadillo 4&#8242; <\/b><\/li>\n<li><b>Nasardo 12\u00aa 2 2\/3&#8242; <\/b><\/li>\n<li><b>Quincena 2&#8242; <\/b><\/li>\n<li><b>Nasardo 17\u00aa 1 3\/5&#8242; <\/b><\/li>\n<li><b>C\u00edmbala III hs 2\/3&#8242; <\/b><\/li>\n<li><b>Cromorno 8&#8242; <\/b><\/li>\n<li><b>Gaitilla 4&#8242; <\/b><\/li>\n<\/ul>\n<p><b>III Manual: \u00d3rgano Recitativo Expresivo<\/b><\/p>\n<ul>\n<li><b>Principal 8&#8242; <\/b><\/li>\n<li><b>Flauta Arm\u00f3nica 8&#8242; <\/b><\/li>\n<li><b>Bord\u00f3n 8&#8242; <\/b><\/li>\n<li><b>Viola de Gamba 8&#8242; <\/b><\/li>\n<li><b>Voz Celeste 8&#8242; <\/b><\/li>\n<li><b>Octava 4&#8242; <\/b><\/li>\n<li><b>Flauta Octaveante 4&#8242; <\/b><\/li>\n<li><b>Flaut\u00edn 2&#8242; <\/b><\/li>\n<li><b>Nasardo 19\u00aa 1 1\/3&#8242; <\/b><\/li>\n<li><b>Ventidosena 1&#8242; <\/b><\/li>\n<li><b>Trompeta 8&#8242; <\/b><\/li>\n<li><b>Fagot y Oboe 8&#8242; <\/b><\/li>\n<li><b>Voz Humana 8&#8242; <\/b><\/li>\n<li><b>Clar\u00edn 4&#8242; <\/b><\/li>\n<\/ul>\n<p><b>Acoplamientos<\/b><\/p>\n<ul>\n<li><b>I -Pedal <\/b><\/li>\n<li><b>II &#8211; Pedal <\/b><\/li>\n<li><b>III &#8211; Pedal <\/b><\/li>\n<li><b>I &#8211; II <\/b><\/li>\n<li><b>III &#8211; II <\/b><\/li>\n<\/ul>\n<\/td>\n<td style=\"border: 0px;\" valign=\"top\"><b>II Manual: \u00d3rgano Mayor<\/b><\/p>\n<ul>\n<li><b>Flautado Viol\u00f3n 16&#8242; <\/b><\/li>\n<li><b>Flautado Principal 8&#8242; <\/b><\/li>\n<li><b>Flauta de Chimeneas 8&#8242; <\/b><\/li>\n<li><b>Octava 4&#8242; <\/b><\/li>\n<li><b>Flauta Dulce 4&#8242; <\/b><\/li>\n<li><b>Docena 2 2\/3&#8242; <\/b><\/li>\n<li><b>Quincena 2&#8242; <\/b><\/li>\n<li><b>Lleno IV &#8211; V hs 1 1\/3&#8242; <\/b><\/li>\n<li><b>Corneta (m. derecha) V hs 8&#8242; <\/b><\/li>\n<li><b>Trompeta Real 8&#8242; <\/b><\/li>\n<li><b>Orlos 8&#8242; <\/b><\/li>\n<li><b>Bajoncillo (mano izq.) 4&#8242; <\/b><\/li>\n<li><b>Clar\u00edn (m. derecha) 8&#8242; <\/b><\/li>\n<\/ul>\n<p><b>Pedal<\/b><\/p>\n<ul>\n<li><b>Contras Mayores 16&#8242; <\/b><\/li>\n<li><b>Subbajo 16&#8242; <\/b><\/li>\n<li><b>Bord\u00f3n 16&#8242; <\/b><\/li>\n<li><b>Contras menores 8&#8242; <\/b><\/li>\n<li><b>Bajo Tapado 8&#8242; <\/b><\/li>\n<li><b>Coral Bajo 4&#8242; <\/b><\/li>\n<li><b>Fornitura 4 hileras 2 2\/3&#8242; <\/b><\/li>\n<li><b>Bombarda 16&#8242; <\/b><\/li>\n<li><b>Trompeta 8&#8242; <\/b><\/li>\n<\/ul>\n<p><b>Efectos<\/b><\/p>\n<ul>\n<li><b>Tr\u00e9molo I <\/b><\/li>\n<li><b>Tr\u00e9molo III <\/b><\/li>\n<\/ul>\n<\/td>\n<\/tr>\n<\/tbody>\n<\/table>\n<\/div>\n<p><a href=\"http:\/\/logronopasion.com\/portal\/wp-content\/uploads\/2013\/02\/Organo-de-la-Catedral-Logro\u00f1o.jpg\"><img loading=\"lazy\" decoding=\"async\" class=\"aligncenter size-medium wp-image-1839\" alt=\"Organo de la Catedral Logro\u00f1o\" src=\"http:\/\/logronopasion.com\/portal\/wp-content\/uploads\/2013\/02\/Organo-de-la-Catedral-Logro\u00f1o-300x170.jpg\" width=\"300\" height=\"170\" srcset=\"https:\/\/www.logronopasion.com\/portal\/wp-content\/uploads\/2013\/02\/Organo-de-la-Catedral-Logro\u00f1o-300x170.jpg 300w, https:\/\/www.logronopasion.com\/portal\/wp-content\/uploads\/2013\/02\/Organo-de-la-Catedral-Logro\u00f1o.jpg 448w\" sizes=\"auto, (max-width: 300px) 100vw, 300px\" \/><\/a><\/p>\n<p>Este gran \u00f3rgano junto al hermoso lienzo de grandes dimensiones de\u00a0Jes\u00fas Crucificado siguiendo las pautas de un grabado de Rubens,\u00a0 hacen de \u00e9ste\u00a0reservado espacio, un excelente momento visual para cualquier persona que visita y se entretiene en su contemplaci\u00f3n.\u00a0Cierra todo el conjunto de este coro, una excelente reja obra de Elorrio.<\/p>\n<p><a href=\"http:\/\/logronopasion.com\/portal\/wp-content\/uploads\/2013\/02\/11.jpg\"><img loading=\"lazy\" decoding=\"async\" class=\"aligncenter size-medium wp-image-1838\" alt=\"1\" src=\"http:\/\/logronopasion.com\/portal\/wp-content\/uploads\/2013\/02\/11-300x225.jpg\" width=\"300\" height=\"225\" srcset=\"https:\/\/www.logronopasion.com\/portal\/wp-content\/uploads\/2013\/02\/11-300x225.jpg 300w, https:\/\/www.logronopasion.com\/portal\/wp-content\/uploads\/2013\/02\/11.jpg 466w\" sizes=\"auto, (max-width: 300px) 100vw, 300px\" \/><\/a><\/p>\n<p>D. Carlos de la Concepci\u00f3n Mart\u00ednez, es el Can\u00f3nigo organista del Cabildo de esta Concatedral, quien se encarga habitualmente de\u00a0armonizar magistralmente \u00e9sta joya musical en\u00a0las celebraciones lit\u00fargicas.<\/p>\n<p>&nbsp;<\/p>\n","protected":false},"excerpt":{"rendered":"<p>El jueves 28 de febrero de 2013 en la Concatedral de Santa Mar\u00eda de la Redonda de Logro\u00f1o, dentro de los actos organizados por la Hermandad de Cofrad\u00edas de la Pasi\u00f3n de la Ciudad de Logro\u00f1o para la Cuaresma de este a\u00f1o, est\u00e1 preparado un Concierto de \u00f3rgano a cargo del M.I. Rvdo. P. D. Jos\u00e9 Enrique Ayarra Jarn\u00e9, Can\u00f3nigo Organista de la S.M.I. Catedral de Sevilla. El concierto dar\u00e1 comienzo a las 20,30horas. Datos biogr\u00e1ficos de D. Jos\u00e9 Enrique Ayarra Jarn\u00e9 El M.I. Rvdo. P. D. Jos\u00e9 Enrique Ayarra Jarn\u00e9, Can\u00f3nigo Organista de la S.M.I. Catedral de Sevilla, nace&hellip; <\/p>\n","protected":false},"author":1,"featured_media":0,"comment_status":"open","ping_status":"open","sticky":false,"template":"","format":"standard","meta":{"_bbp_topic_count":0,"_bbp_reply_count":0,"_bbp_total_topic_count":0,"_bbp_total_reply_count":0,"_bbp_voice_count":0,"_bbp_anonymous_reply_count":0,"_bbp_topic_count_hidden":0,"_bbp_reply_count_hidden":0,"_bbp_forum_subforum_count":0,"_crdt_document":"","footnotes":""},"categories":[15,3,1],"tags":[],"class_list":["post-1800","post","type-post","status-publish","format-standard","hentry","category-semana-santa-2013","category-iglesia","category-noticias"],"yoast_head":"<!-- This site is optimized with the Yoast SEO plugin v27.5 - https:\/\/yoast.com\/product\/yoast-seo-wordpress\/ -->\n<title>Concierto de \u00f3rgano en la Concatedral de la Redonda - Logro\u00f1o Pasi\u00f3n<\/title>\n<meta name=\"robots\" content=\"index, follow, max-snippet:-1, max-image-preview:large, max-video-preview:-1\" \/>\n<link rel=\"canonical\" href=\"https:\/\/www.logronopasion.com\/portal\/concierto-de-organo-en-la-concatedral-de-la-redonda\/\" \/>\n<meta property=\"og:locale\" content=\"es_ES\" \/>\n<meta property=\"og:type\" content=\"article\" \/>\n<meta property=\"og:title\" content=\"Concierto de \u00f3rgano en la Concatedral de la Redonda - Logro\u00f1o Pasi\u00f3n\" \/>\n<meta property=\"og:description\" content=\"El jueves 28 de febrero de 2013 en la Concatedral de Santa Mar\u00eda de la Redonda de Logro\u00f1o, dentro de los actos organizados por la Hermandad de Cofrad\u00edas de la Pasi\u00f3n de la Ciudad de Logro\u00f1o para la Cuaresma de este a\u00f1o, est\u00e1 preparado un Concierto de \u00f3rgano a cargo del M.I. Rvdo. P. D. Jos\u00e9 Enrique Ayarra Jarn\u00e9, Can\u00f3nigo Organista de la S.M.I. Catedral de Sevilla. El concierto dar\u00e1 comienzo a las 20,30horas. Datos biogr\u00e1ficos de D. Jos\u00e9 Enrique Ayarra Jarn\u00e9 El M.I. Rvdo. P. D. Jos\u00e9 Enrique Ayarra Jarn\u00e9, Can\u00f3nigo Organista de la S.M.I. Catedral de Sevilla, nace&hellip;\" \/>\n<meta property=\"og:url\" content=\"https:\/\/www.logronopasion.com\/portal\/concierto-de-organo-en-la-concatedral-de-la-redonda\/\" \/>\n<meta property=\"og:site_name\" content=\"Logro\u00f1o Pasi\u00f3n\" \/>\n<meta property=\"article:publisher\" content=\"https:\/\/www.facebook.com\/logronopasion\" \/>\n<meta property=\"article:published_time\" content=\"2013-02-27T10:45:02+00:00\" \/>\n<meta property=\"og:image\" content=\"http:\/\/logronopasion.com\/portal\/wp-content\/uploads\/2013\/02\/JoseEnriqueAyarraJarne2.jpg\" \/>\n<meta name=\"author\" content=\"administrador\" \/>\n<meta name=\"twitter:card\" content=\"summary_large_image\" \/>\n<meta name=\"twitter:creator\" content=\"@LogronoPasion\" \/>\n<meta name=\"twitter:site\" content=\"@LogronoPasion\" \/>\n<meta name=\"twitter:label1\" content=\"Escrito por\" \/>\n\t<meta name=\"twitter:data1\" content=\"administrador\" \/>\n\t<meta name=\"twitter:label2\" content=\"Tiempo de lectura\" \/>\n\t<meta name=\"twitter:data2\" content=\"10 minutos\" \/>\n<script type=\"application\/ld+json\" class=\"yoast-schema-graph\">{\"@context\":\"https:\\\/\\\/schema.org\",\"@graph\":[{\"@type\":\"Article\",\"@id\":\"https:\\\/\\\/www.logronopasion.com\\\/portal\\\/concierto-de-organo-en-la-concatedral-de-la-redonda\\\/#article\",\"isPartOf\":{\"@id\":\"https:\\\/\\\/www.logronopasion.com\\\/portal\\\/concierto-de-organo-en-la-concatedral-de-la-redonda\\\/\"},\"author\":{\"name\":\"administrador\",\"@id\":\"https:\\\/\\\/www.logronopasion.com\\\/portal\\\/#\\\/schema\\\/person\\\/e3b4944d04e498fed22278490ef18c62\"},\"headline\":\"Concierto de \u00f3rgano en la Concatedral de la Redonda\",\"datePublished\":\"2013-02-27T10:45:02+00:00\",\"mainEntityOfPage\":{\"@id\":\"https:\\\/\\\/www.logronopasion.com\\\/portal\\\/concierto-de-organo-en-la-concatedral-de-la-redonda\\\/\"},\"wordCount\":1980,\"commentCount\":0,\"publisher\":{\"@id\":\"https:\\\/\\\/www.logronopasion.com\\\/portal\\\/#organization\"},\"image\":{\"@id\":\"https:\\\/\\\/www.logronopasion.com\\\/portal\\\/concierto-de-organo-en-la-concatedral-de-la-redonda\\\/#primaryimage\"},\"thumbnailUrl\":\"http:\\\/\\\/logronopasion.com\\\/portal\\\/wp-content\\\/uploads\\\/2013\\\/02\\\/JoseEnriqueAyarraJarne2.jpg\",\"articleSection\":[\"Cuaresma y Semana Santa 2013\",\"Iglesia - estado, sociedad y religi\u00f3n\",\"Noticias \\\/ Actualidad\"],\"inLanguage\":\"es\",\"potentialAction\":[{\"@type\":\"CommentAction\",\"name\":\"Comment\",\"target\":[\"https:\\\/\\\/www.logronopasion.com\\\/portal\\\/concierto-de-organo-en-la-concatedral-de-la-redonda\\\/#respond\"]}]},{\"@type\":\"WebPage\",\"@id\":\"https:\\\/\\\/www.logronopasion.com\\\/portal\\\/concierto-de-organo-en-la-concatedral-de-la-redonda\\\/\",\"url\":\"https:\\\/\\\/www.logronopasion.com\\\/portal\\\/concierto-de-organo-en-la-concatedral-de-la-redonda\\\/\",\"name\":\"Concierto de \u00f3rgano en la Concatedral de la Redonda - Logro\u00f1o Pasi\u00f3n\",\"isPartOf\":{\"@id\":\"https:\\\/\\\/www.logronopasion.com\\\/portal\\\/#website\"},\"primaryImageOfPage\":{\"@id\":\"https:\\\/\\\/www.logronopasion.com\\\/portal\\\/concierto-de-organo-en-la-concatedral-de-la-redonda\\\/#primaryimage\"},\"image\":{\"@id\":\"https:\\\/\\\/www.logronopasion.com\\\/portal\\\/concierto-de-organo-en-la-concatedral-de-la-redonda\\\/#primaryimage\"},\"thumbnailUrl\":\"http:\\\/\\\/logronopasion.com\\\/portal\\\/wp-content\\\/uploads\\\/2013\\\/02\\\/JoseEnriqueAyarraJarne2.jpg\",\"datePublished\":\"2013-02-27T10:45:02+00:00\",\"inLanguage\":\"es\",\"potentialAction\":[{\"@type\":\"ReadAction\",\"target\":[\"https:\\\/\\\/www.logronopasion.com\\\/portal\\\/concierto-de-organo-en-la-concatedral-de-la-redonda\\\/\"]}]},{\"@type\":\"ImageObject\",\"inLanguage\":\"es\",\"@id\":\"https:\\\/\\\/www.logronopasion.com\\\/portal\\\/concierto-de-organo-en-la-concatedral-de-la-redonda\\\/#primaryimage\",\"url\":\"http:\\\/\\\/logronopasion.com\\\/portal\\\/wp-content\\\/uploads\\\/2013\\\/02\\\/JoseEnriqueAyarraJarne2.jpg\",\"contentUrl\":\"http:\\\/\\\/logronopasion.com\\\/portal\\\/wp-content\\\/uploads\\\/2013\\\/02\\\/JoseEnriqueAyarraJarne2.jpg\"},{\"@type\":\"WebSite\",\"@id\":\"https:\\\/\\\/www.logronopasion.com\\\/portal\\\/#website\",\"url\":\"https:\\\/\\\/www.logronopasion.com\\\/portal\\\/\",\"name\":\"Logro\u00f1o Pasi\u00f3n\",\"description\":\"Portal sobre la Semana Santa de Logro\u00f1o\",\"publisher\":{\"@id\":\"https:\\\/\\\/www.logronopasion.com\\\/portal\\\/#organization\"},\"potentialAction\":[{\"@type\":\"SearchAction\",\"target\":{\"@type\":\"EntryPoint\",\"urlTemplate\":\"https:\\\/\\\/www.logronopasion.com\\\/portal\\\/?s={search_term_string}\"},\"query-input\":{\"@type\":\"PropertyValueSpecification\",\"valueRequired\":true,\"valueName\":\"search_term_string\"}}],\"inLanguage\":\"es\"},{\"@type\":\"Organization\",\"@id\":\"https:\\\/\\\/www.logronopasion.com\\\/portal\\\/#organization\",\"name\":\"Logro\u00f1o Pasi\u00f3n\",\"url\":\"https:\\\/\\\/www.logronopasion.com\\\/portal\\\/\",\"logo\":{\"@type\":\"ImageObject\",\"inLanguage\":\"es\",\"@id\":\"https:\\\/\\\/www.logronopasion.com\\\/portal\\\/#\\\/schema\\\/logo\\\/image\\\/\",\"url\":\"https:\\\/\\\/i2.wp.com\\\/logronopasion.com\\\/portal\\\/wp-content\\\/uploads\\\/2019\\\/04\\\/cropped-Header-1.jpg?fit=312%2C212&ssl=1\",\"contentUrl\":\"https:\\\/\\\/i2.wp.com\\\/logronopasion.com\\\/portal\\\/wp-content\\\/uploads\\\/2019\\\/04\\\/cropped-Header-1.jpg?fit=312%2C212&ssl=1\",\"width\":312,\"height\":212,\"caption\":\"Logro\u00f1o Pasi\u00f3n\"},\"image\":{\"@id\":\"https:\\\/\\\/www.logronopasion.com\\\/portal\\\/#\\\/schema\\\/logo\\\/image\\\/\"},\"sameAs\":[\"https:\\\/\\\/www.facebook.com\\\/logronopasion\",\"https:\\\/\\\/x.com\\\/LogronoPasion\"]},{\"@type\":\"Person\",\"@id\":\"https:\\\/\\\/www.logronopasion.com\\\/portal\\\/#\\\/schema\\\/person\\\/e3b4944d04e498fed22278490ef18c62\",\"name\":\"administrador\",\"image\":{\"@type\":\"ImageObject\",\"inLanguage\":\"es\",\"@id\":\"https:\\\/\\\/www.logronopasion.com\\\/portal\\\/wp-content\\\/uploads\\\/2019\\\/04\\\/cropped-Logronopasion_Logo2.png\",\"url\":\"https:\\\/\\\/www.logronopasion.com\\\/portal\\\/wp-content\\\/uploads\\\/2019\\\/04\\\/cropped-Logronopasion_Logo2.png\",\"contentUrl\":\"https:\\\/\\\/www.logronopasion.com\\\/portal\\\/wp-content\\\/uploads\\\/2019\\\/04\\\/cropped-Logronopasion_Logo2.png\",\"caption\":\"administrador\"},\"url\":\"https:\\\/\\\/www.logronopasion.com\\\/portal\\\/author\\\/administrador\\\/\"}]}<\/script>\n<!-- \/ Yoast SEO plugin. -->","yoast_head_json":{"title":"Concierto de \u00f3rgano en la Concatedral de la Redonda - Logro\u00f1o Pasi\u00f3n","robots":{"index":"index","follow":"follow","max-snippet":"max-snippet:-1","max-image-preview":"max-image-preview:large","max-video-preview":"max-video-preview:-1"},"canonical":"https:\/\/www.logronopasion.com\/portal\/concierto-de-organo-en-la-concatedral-de-la-redonda\/","og_locale":"es_ES","og_type":"article","og_title":"Concierto de \u00f3rgano en la Concatedral de la Redonda - Logro\u00f1o Pasi\u00f3n","og_description":"El jueves 28 de febrero de 2013 en la Concatedral de Santa Mar\u00eda de la Redonda de Logro\u00f1o, dentro de los actos organizados por la Hermandad de Cofrad\u00edas de la Pasi\u00f3n de la Ciudad de Logro\u00f1o para la Cuaresma de este a\u00f1o, est\u00e1 preparado un Concierto de \u00f3rgano a cargo del M.I. Rvdo. P. D. Jos\u00e9 Enrique Ayarra Jarn\u00e9, Can\u00f3nigo Organista de la S.M.I. Catedral de Sevilla. El concierto dar\u00e1 comienzo a las 20,30horas. Datos biogr\u00e1ficos de D. Jos\u00e9 Enrique Ayarra Jarn\u00e9 El M.I. Rvdo. P. D. Jos\u00e9 Enrique Ayarra Jarn\u00e9, Can\u00f3nigo Organista de la S.M.I. Catedral de Sevilla, nace&hellip;","og_url":"https:\/\/www.logronopasion.com\/portal\/concierto-de-organo-en-la-concatedral-de-la-redonda\/","og_site_name":"Logro\u00f1o Pasi\u00f3n","article_publisher":"https:\/\/www.facebook.com\/logronopasion","article_published_time":"2013-02-27T10:45:02+00:00","og_image":[{"url":"http:\/\/logronopasion.com\/portal\/wp-content\/uploads\/2013\/02\/JoseEnriqueAyarraJarne2.jpg","type":"","width":"","height":""}],"author":"administrador","twitter_card":"summary_large_image","twitter_creator":"@LogronoPasion","twitter_site":"@LogronoPasion","twitter_misc":{"Escrito por":"administrador","Tiempo de lectura":"10 minutos"},"schema":{"@context":"https:\/\/schema.org","@graph":[{"@type":"Article","@id":"https:\/\/www.logronopasion.com\/portal\/concierto-de-organo-en-la-concatedral-de-la-redonda\/#article","isPartOf":{"@id":"https:\/\/www.logronopasion.com\/portal\/concierto-de-organo-en-la-concatedral-de-la-redonda\/"},"author":{"name":"administrador","@id":"https:\/\/www.logronopasion.com\/portal\/#\/schema\/person\/e3b4944d04e498fed22278490ef18c62"},"headline":"Concierto de \u00f3rgano en la Concatedral de la Redonda","datePublished":"2013-02-27T10:45:02+00:00","mainEntityOfPage":{"@id":"https:\/\/www.logronopasion.com\/portal\/concierto-de-organo-en-la-concatedral-de-la-redonda\/"},"wordCount":1980,"commentCount":0,"publisher":{"@id":"https:\/\/www.logronopasion.com\/portal\/#organization"},"image":{"@id":"https:\/\/www.logronopasion.com\/portal\/concierto-de-organo-en-la-concatedral-de-la-redonda\/#primaryimage"},"thumbnailUrl":"http:\/\/logronopasion.com\/portal\/wp-content\/uploads\/2013\/02\/JoseEnriqueAyarraJarne2.jpg","articleSection":["Cuaresma y Semana Santa 2013","Iglesia - estado, sociedad y religi\u00f3n","Noticias \/ Actualidad"],"inLanguage":"es","potentialAction":[{"@type":"CommentAction","name":"Comment","target":["https:\/\/www.logronopasion.com\/portal\/concierto-de-organo-en-la-concatedral-de-la-redonda\/#respond"]}]},{"@type":"WebPage","@id":"https:\/\/www.logronopasion.com\/portal\/concierto-de-organo-en-la-concatedral-de-la-redonda\/","url":"https:\/\/www.logronopasion.com\/portal\/concierto-de-organo-en-la-concatedral-de-la-redonda\/","name":"Concierto de \u00f3rgano en la Concatedral de la Redonda - Logro\u00f1o Pasi\u00f3n","isPartOf":{"@id":"https:\/\/www.logronopasion.com\/portal\/#website"},"primaryImageOfPage":{"@id":"https:\/\/www.logronopasion.com\/portal\/concierto-de-organo-en-la-concatedral-de-la-redonda\/#primaryimage"},"image":{"@id":"https:\/\/www.logronopasion.com\/portal\/concierto-de-organo-en-la-concatedral-de-la-redonda\/#primaryimage"},"thumbnailUrl":"http:\/\/logronopasion.com\/portal\/wp-content\/uploads\/2013\/02\/JoseEnriqueAyarraJarne2.jpg","datePublished":"2013-02-27T10:45:02+00:00","inLanguage":"es","potentialAction":[{"@type":"ReadAction","target":["https:\/\/www.logronopasion.com\/portal\/concierto-de-organo-en-la-concatedral-de-la-redonda\/"]}]},{"@type":"ImageObject","inLanguage":"es","@id":"https:\/\/www.logronopasion.com\/portal\/concierto-de-organo-en-la-concatedral-de-la-redonda\/#primaryimage","url":"http:\/\/logronopasion.com\/portal\/wp-content\/uploads\/2013\/02\/JoseEnriqueAyarraJarne2.jpg","contentUrl":"http:\/\/logronopasion.com\/portal\/wp-content\/uploads\/2013\/02\/JoseEnriqueAyarraJarne2.jpg"},{"@type":"WebSite","@id":"https:\/\/www.logronopasion.com\/portal\/#website","url":"https:\/\/www.logronopasion.com\/portal\/","name":"Logro\u00f1o Pasi\u00f3n","description":"Portal sobre la Semana Santa de Logro\u00f1o","publisher":{"@id":"https:\/\/www.logronopasion.com\/portal\/#organization"},"potentialAction":[{"@type":"SearchAction","target":{"@type":"EntryPoint","urlTemplate":"https:\/\/www.logronopasion.com\/portal\/?s={search_term_string}"},"query-input":{"@type":"PropertyValueSpecification","valueRequired":true,"valueName":"search_term_string"}}],"inLanguage":"es"},{"@type":"Organization","@id":"https:\/\/www.logronopasion.com\/portal\/#organization","name":"Logro\u00f1o Pasi\u00f3n","url":"https:\/\/www.logronopasion.com\/portal\/","logo":{"@type":"ImageObject","inLanguage":"es","@id":"https:\/\/www.logronopasion.com\/portal\/#\/schema\/logo\/image\/","url":"https:\/\/i2.wp.com\/logronopasion.com\/portal\/wp-content\/uploads\/2019\/04\/cropped-Header-1.jpg?fit=312%2C212&ssl=1","contentUrl":"https:\/\/i2.wp.com\/logronopasion.com\/portal\/wp-content\/uploads\/2019\/04\/cropped-Header-1.jpg?fit=312%2C212&ssl=1","width":312,"height":212,"caption":"Logro\u00f1o Pasi\u00f3n"},"image":{"@id":"https:\/\/www.logronopasion.com\/portal\/#\/schema\/logo\/image\/"},"sameAs":["https:\/\/www.facebook.com\/logronopasion","https:\/\/x.com\/LogronoPasion"]},{"@type":"Person","@id":"https:\/\/www.logronopasion.com\/portal\/#\/schema\/person\/e3b4944d04e498fed22278490ef18c62","name":"administrador","image":{"@type":"ImageObject","inLanguage":"es","@id":"https:\/\/www.logronopasion.com\/portal\/wp-content\/uploads\/2019\/04\/cropped-Logronopasion_Logo2.png","url":"https:\/\/www.logronopasion.com\/portal\/wp-content\/uploads\/2019\/04\/cropped-Logronopasion_Logo2.png","contentUrl":"https:\/\/www.logronopasion.com\/portal\/wp-content\/uploads\/2019\/04\/cropped-Logronopasion_Logo2.png","caption":"administrador"},"url":"https:\/\/www.logronopasion.com\/portal\/author\/administrador\/"}]}},"_links":{"self":[{"href":"https:\/\/www.logronopasion.com\/portal\/wp-json\/wp\/v2\/posts\/1800","targetHints":{"allow":["GET"]}}],"collection":[{"href":"https:\/\/www.logronopasion.com\/portal\/wp-json\/wp\/v2\/posts"}],"about":[{"href":"https:\/\/www.logronopasion.com\/portal\/wp-json\/wp\/v2\/types\/post"}],"author":[{"embeddable":true,"href":"https:\/\/www.logronopasion.com\/portal\/wp-json\/wp\/v2\/users\/1"}],"replies":[{"embeddable":true,"href":"https:\/\/www.logronopasion.com\/portal\/wp-json\/wp\/v2\/comments?post=1800"}],"version-history":[{"count":44,"href":"https:\/\/www.logronopasion.com\/portal\/wp-json\/wp\/v2\/posts\/1800\/revisions"}],"predecessor-version":[{"id":1853,"href":"https:\/\/www.logronopasion.com\/portal\/wp-json\/wp\/v2\/posts\/1800\/revisions\/1853"}],"wp:attachment":[{"href":"https:\/\/www.logronopasion.com\/portal\/wp-json\/wp\/v2\/media?parent=1800"}],"wp:term":[{"taxonomy":"category","embeddable":true,"href":"https:\/\/www.logronopasion.com\/portal\/wp-json\/wp\/v2\/categories?post=1800"},{"taxonomy":"post_tag","embeddable":true,"href":"https:\/\/www.logronopasion.com\/portal\/wp-json\/wp\/v2\/tags?post=1800"}],"curies":[{"name":"wp","href":"https:\/\/api.w.org\/{rel}","templated":true}]}}