{"id":1855,"date":"2013-03-01T14:29:44","date_gmt":"2013-03-01T14:29:44","guid":{"rendered":"http:\/\/logronopasion.com\/portal\/?p=1855"},"modified":"2013-03-03T10:35:14","modified_gmt":"2013-03-03T10:35:14","slug":"tiempo-de-cuaresma-3o-viernes-y-via-crucis-a-la-ermita-del-cristo-del-humilladero-de-logrono","status":"publish","type":"post","link":"https:\/\/www.logronopasion.com\/portal\/tiempo-de-cuaresma-3o-viernes-y-via-crucis-a-la-ermita-del-cristo-del-humilladero-de-logrono\/","title":{"rendered":"Tiempo de Cuaresma, 3\u00ba Viernes y V\u00eda-Crucis a la Ermita del Cristo del Humilladero de Logro\u00f1o"},"content":{"rendered":"<p style=\"text-align: justify;\"><a href=\"http:\/\/logronopasion.com\/portal\/wp-content\/uploads\/2013\/03\/ermita.jpg\"><img loading=\"lazy\" decoding=\"async\" class=\"aligncenter size-full wp-image-1859\" alt=\"ermita\" src=\"http:\/\/logronopasion.com\/portal\/wp-content\/uploads\/2013\/03\/ermita.jpg\" width=\"600\" height=\"401\" srcset=\"https:\/\/www.logronopasion.com\/portal\/wp-content\/uploads\/2013\/03\/ermita.jpg 600w, https:\/\/www.logronopasion.com\/portal\/wp-content\/uploads\/2013\/03\/ermita-300x200.jpg 300w\" sizes=\"auto, (max-width: 600px) 100vw, 600px\" \/><\/a>Acerc\u00e1ndonos poco a poco a trav\u00e9s de este tiempo cuaresmal a la Semana Santa, y dentro de los actos programados, recordando una ya muy antigua tradici\u00f3n y peregrinaci\u00f3n a la Ermita del Cristo del Humilladero, como tercer viernes de Cuaresma, la Hermandad de Cofrad\u00edas de la Pasi\u00f3n de la Ciudad de Logro\u00f1o ha organizado para hoy, primero de marzo de 2013 a las 20,30, un V\u00eda-Crucis en la propia Ermita, sum\u00e1ndose a los habituales del d\u00eda y a las horas acostumbradas.<\/p>\n<p style=\"text-align: justify;\">La Ermita del Cristo del Humilladero, est\u00e1 situada a unos 2,5 km del centro urbano, por el antiguo camino o carretera al logro\u00f1es barrio de El Cortijo y que gracias a la potente expansi\u00f3n inmobiliaria, se ha unido casi con dicho centro, teni\u00e9ndole siempre una importante devoci\u00f3n por parte de los logro\u00f1eses, y especialmente durante la Cuaresma. Durante todos los viernes de la misma, a este lugar de culto afluye gran contingente de personas que peregrinan en un continuo ir y venir para hacer sus visitas, sus rezos y especialmente en la devoci\u00f3n del V\u00eda Crucis, ante la imagen de su Cristo Nazareno.<\/p>\n<p style=\"text-align: justify;\">Fotograf\u00eda panor\u00e1mica de la Ermita de D. Carlos Anillo:<\/p>\n<p><a href=\"http:\/\/www.viewat.org\/?sec=pn_frm&amp;id=NMI%2FdniJJQgY%3D\" target=\"_blank\">http:\/\/www.viewat.org\/?sec=pn_frm&amp;id=NMI%2FdniJJQgY%3D<\/a><\/p>\n<p style=\"text-align: justify;\">Se sabe por documentos indirectos que en el siglo XVII ya exist\u00eda esta ermita. Es un edificio de una nave de peque\u00f1as dimensiones de ladrillo\u00a0 y de escaso valor art\u00edstico pero de un gran tesoro espiritual.<\/p>\n<figure id=\"attachment_1861\" aria-describedby=\"caption-attachment-1861\" style=\"width: 209px\" class=\"wp-caption alignright\"><a href=\"http:\/\/logronopasion.com\/portal\/wp-content\/uploads\/2013\/03\/CristoHumilladero2.jpg\"><img loading=\"lazy\" decoding=\"async\" class=\"size-full wp-image-1861\" alt=\"Fotograf\u00eda antigua del Cristo del Humilladero. Historia de la Semana Santa de Logro\u00f1o, Eugenio Ugarte.\" src=\"http:\/\/logronopasion.com\/portal\/wp-content\/uploads\/2013\/03\/CristoHumilladero2.jpg\" width=\"209\" height=\"263\" \/><\/a><figcaption id=\"caption-attachment-1861\" class=\"wp-caption-text\">Fotograf\u00eda antigua del Cristo del Humilladero. Historia de la Semana Santa de Logro\u00f1o, Eugenio Ugarte.<\/figcaption><\/figure>\n<p style=\"text-align: justify;\">La imagen del Cristo titular, o sea de Jes\u00fas Nazareno, es de las llamadas \u00abde vestir\u00bb. Tiene una t\u00fanica de terciopelo morado con dibujos de hilo de oro. Lleva una cruz arb\u00f3rea la cual carga sobre su hombro derecho teniendo su mano izquierda abrazada a su travesa\u00f1o.<\/p>\n<p style=\"text-align: justify;\">El Inventario Art\u00edstico de la Provincia de Logro\u00f1o dice de ella: \u00abImagen de tama\u00f1o natural, de vestir, rococ\u00f3, de la segunda mitad del siglo XVIII\u00bb. Y \u00e9sta es la imagen que, all\u00e1 por finales del siglo XIX, dio origen a la fundaci\u00f3n de la Cofrad\u00eda de Jes\u00fas Nazareno, la cual, al depender la ermita de la iglesia de Santiago el Real, la fundaci\u00f3n de la citada cofrad\u00eda se hace tambi\u00e9n en dicha iglesia.<\/p>\n<p style=\"text-align: justify;\">Su culto dependi\u00f3 de la parroquia de Santiago el Real hasta mediados del siglo XX en que pas\u00f3 a la parroquia de Nuestra Se\u00f1ora de Valvanera como parroquia m\u00e1s cercana, pero con el tiempo ha ido cambiando. Estuvo tambi\u00e9n adscrita a la parroquia de San Francisco Javier y en la actualidad, a la parroquia de San Ezequiel Moreno.<\/p>\n","protected":false},"excerpt":{"rendered":"<p>Acerc\u00e1ndonos poco a poco a trav\u00e9s de este tiempo cuaresmal a la Semana Santa, y dentro de los actos programados, recordando una ya muy antigua tradici\u00f3n y peregrinaci\u00f3n a la Ermita del Cristo del Humilladero, como tercer viernes de Cuaresma, la Hermandad de Cofrad\u00edas de la Pasi\u00f3n de la Ciudad de Logro\u00f1o ha organizado para hoy, primero de marzo de 2013 a las 20,30, un V\u00eda-Crucis en la propia Ermita, sum\u00e1ndose a los habituales del d\u00eda y a las horas acostumbradas. La Ermita del Cristo del Humilladero, est\u00e1 situada a unos 2,5 km del centro urbano, por el antiguo camino&hellip; <\/p>\n","protected":false},"author":2,"featured_media":0,"comment_status":"open","ping_status":"open","sticky":false,"template":"","format":"standard","meta":{"_bbp_topic_count":0,"_bbp_reply_count":0,"_bbp_total_topic_count":0,"_bbp_total_reply_count":0,"_bbp_voice_count":0,"_bbp_anonymous_reply_count":0,"_bbp_topic_count_hidden":0,"_bbp_reply_count_hidden":0,"_bbp_forum_subforum_count":0,"_crdt_document":"","footnotes":""},"categories":[1],"tags":[],"class_list":["post-1855","post","type-post","status-publish","format-standard","hentry","category-noticias"],"yoast_head":"<!-- This site is optimized with the Yoast SEO plugin v27.5 - https:\/\/yoast.com\/product\/yoast-seo-wordpress\/ -->\n<title>Tiempo de Cuaresma, 3\u00ba Viernes y V\u00eda-Crucis a la Ermita del Cristo del Humilladero de Logro\u00f1o - Logro\u00f1o Pasi\u00f3n<\/title>\n<meta name=\"robots\" content=\"index, follow, max-snippet:-1, max-image-preview:large, max-video-preview:-1\" \/>\n<link rel=\"canonical\" href=\"https:\/\/www.logronopasion.com\/portal\/tiempo-de-cuaresma-3o-viernes-y-via-crucis-a-la-ermita-del-cristo-del-humilladero-de-logrono\/\" \/>\n<meta property=\"og:locale\" content=\"es_ES\" \/>\n<meta property=\"og:type\" content=\"article\" \/>\n<meta property=\"og:title\" content=\"Tiempo de Cuaresma, 3\u00ba Viernes y V\u00eda-Crucis a la Ermita del Cristo del Humilladero de Logro\u00f1o - Logro\u00f1o Pasi\u00f3n\" \/>\n<meta property=\"og:description\" content=\"Acerc\u00e1ndonos poco a poco a trav\u00e9s de este tiempo cuaresmal a la Semana Santa, y dentro de los actos programados, recordando una ya muy antigua tradici\u00f3n y peregrinaci\u00f3n a la Ermita del Cristo del Humilladero, como tercer viernes de Cuaresma, la Hermandad de Cofrad\u00edas de la Pasi\u00f3n de la Ciudad de Logro\u00f1o ha organizado para hoy, primero de marzo de 2013 a las 20,30, un V\u00eda-Crucis en la propia Ermita, sum\u00e1ndose a los habituales del d\u00eda y a las horas acostumbradas. La Ermita del Cristo del Humilladero, est\u00e1 situada a unos 2,5 km del centro urbano, por el antiguo camino&hellip;\" \/>\n<meta property=\"og:url\" content=\"https:\/\/www.logronopasion.com\/portal\/tiempo-de-cuaresma-3o-viernes-y-via-crucis-a-la-ermita-del-cristo-del-humilladero-de-logrono\/\" \/>\n<meta property=\"og:site_name\" content=\"Logro\u00f1o Pasi\u00f3n\" \/>\n<meta property=\"article:publisher\" content=\"https:\/\/www.facebook.com\/logronopasion\" \/>\n<meta property=\"article:published_time\" content=\"2013-03-01T14:29:44+00:00\" \/>\n<meta property=\"article:modified_time\" content=\"2013-03-03T10:35:14+00:00\" \/>\n<meta property=\"og:image\" content=\"http:\/\/logronopasion.com\/portal\/wp-content\/uploads\/2013\/03\/ermita.jpg\" \/>\n<meta name=\"author\" content=\"ROU\" \/>\n<meta name=\"twitter:card\" content=\"summary_large_image\" \/>\n<meta name=\"twitter:creator\" content=\"@LogronoPasion\" \/>\n<meta name=\"twitter:site\" content=\"@LogronoPasion\" \/>\n<meta name=\"twitter:label1\" content=\"Escrito por\" \/>\n\t<meta name=\"twitter:data1\" content=\"ROU\" \/>\n\t<meta name=\"twitter:label2\" content=\"Tiempo de lectura\" \/>\n\t<meta name=\"twitter:data2\" content=\"2 minutos\" \/>\n<script type=\"application\/ld+json\" class=\"yoast-schema-graph\">{\"@context\":\"https:\\\/\\\/schema.org\",\"@graph\":[{\"@type\":\"Article\",\"@id\":\"https:\\\/\\\/www.logronopasion.com\\\/portal\\\/tiempo-de-cuaresma-3o-viernes-y-via-crucis-a-la-ermita-del-cristo-del-humilladero-de-logrono\\\/#article\",\"isPartOf\":{\"@id\":\"https:\\\/\\\/www.logronopasion.com\\\/portal\\\/tiempo-de-cuaresma-3o-viernes-y-via-crucis-a-la-ermita-del-cristo-del-humilladero-de-logrono\\\/\"},\"author\":{\"name\":\"ROU\",\"@id\":\"https:\\\/\\\/www.logronopasion.com\\\/portal\\\/#\\\/schema\\\/person\\\/2f883c3fdb92c04e9616af63b5dcfcf2\"},\"headline\":\"Tiempo de Cuaresma, 3\u00ba Viernes y V\u00eda-Crucis a la Ermita del Cristo del Humilladero de Logro\u00f1o\",\"datePublished\":\"2013-03-01T14:29:44+00:00\",\"dateModified\":\"2013-03-03T10:35:14+00:00\",\"mainEntityOfPage\":{\"@id\":\"https:\\\/\\\/www.logronopasion.com\\\/portal\\\/tiempo-de-cuaresma-3o-viernes-y-via-crucis-a-la-ermita-del-cristo-del-humilladero-de-logrono\\\/\"},\"wordCount\":495,\"commentCount\":0,\"publisher\":{\"@id\":\"https:\\\/\\\/www.logronopasion.com\\\/portal\\\/#organization\"},\"image\":{\"@id\":\"https:\\\/\\\/www.logronopasion.com\\\/portal\\\/tiempo-de-cuaresma-3o-viernes-y-via-crucis-a-la-ermita-del-cristo-del-humilladero-de-logrono\\\/#primaryimage\"},\"thumbnailUrl\":\"http:\\\/\\\/logronopasion.com\\\/portal\\\/wp-content\\\/uploads\\\/2013\\\/03\\\/ermita.jpg\",\"articleSection\":[\"Noticias \\\/ Actualidad\"],\"inLanguage\":\"es\",\"potentialAction\":[{\"@type\":\"CommentAction\",\"name\":\"Comment\",\"target\":[\"https:\\\/\\\/www.logronopasion.com\\\/portal\\\/tiempo-de-cuaresma-3o-viernes-y-via-crucis-a-la-ermita-del-cristo-del-humilladero-de-logrono\\\/#respond\"]}]},{\"@type\":\"WebPage\",\"@id\":\"https:\\\/\\\/www.logronopasion.com\\\/portal\\\/tiempo-de-cuaresma-3o-viernes-y-via-crucis-a-la-ermita-del-cristo-del-humilladero-de-logrono\\\/\",\"url\":\"https:\\\/\\\/www.logronopasion.com\\\/portal\\\/tiempo-de-cuaresma-3o-viernes-y-via-crucis-a-la-ermita-del-cristo-del-humilladero-de-logrono\\\/\",\"name\":\"Tiempo de Cuaresma, 3\u00ba Viernes y V\u00eda-Crucis a la Ermita del Cristo del Humilladero de Logro\u00f1o - Logro\u00f1o Pasi\u00f3n\",\"isPartOf\":{\"@id\":\"https:\\\/\\\/www.logronopasion.com\\\/portal\\\/#website\"},\"primaryImageOfPage\":{\"@id\":\"https:\\\/\\\/www.logronopasion.com\\\/portal\\\/tiempo-de-cuaresma-3o-viernes-y-via-crucis-a-la-ermita-del-cristo-del-humilladero-de-logrono\\\/#primaryimage\"},\"image\":{\"@id\":\"https:\\\/\\\/www.logronopasion.com\\\/portal\\\/tiempo-de-cuaresma-3o-viernes-y-via-crucis-a-la-ermita-del-cristo-del-humilladero-de-logrono\\\/#primaryimage\"},\"thumbnailUrl\":\"http:\\\/\\\/logronopasion.com\\\/portal\\\/wp-content\\\/uploads\\\/2013\\\/03\\\/ermita.jpg\",\"datePublished\":\"2013-03-01T14:29:44+00:00\",\"dateModified\":\"2013-03-03T10:35:14+00:00\",\"inLanguage\":\"es\",\"potentialAction\":[{\"@type\":\"ReadAction\",\"target\":[\"https:\\\/\\\/www.logronopasion.com\\\/portal\\\/tiempo-de-cuaresma-3o-viernes-y-via-crucis-a-la-ermita-del-cristo-del-humilladero-de-logrono\\\/\"]}]},{\"@type\":\"ImageObject\",\"inLanguage\":\"es\",\"@id\":\"https:\\\/\\\/www.logronopasion.com\\\/portal\\\/tiempo-de-cuaresma-3o-viernes-y-via-crucis-a-la-ermita-del-cristo-del-humilladero-de-logrono\\\/#primaryimage\",\"url\":\"http:\\\/\\\/logronopasion.com\\\/portal\\\/wp-content\\\/uploads\\\/2013\\\/03\\\/ermita.jpg\",\"contentUrl\":\"http:\\\/\\\/logronopasion.com\\\/portal\\\/wp-content\\\/uploads\\\/2013\\\/03\\\/ermita.jpg\"},{\"@type\":\"WebSite\",\"@id\":\"https:\\\/\\\/www.logronopasion.com\\\/portal\\\/#website\",\"url\":\"https:\\\/\\\/www.logronopasion.com\\\/portal\\\/\",\"name\":\"Logro\u00f1o Pasi\u00f3n\",\"description\":\"Portal sobre la Semana Santa de Logro\u00f1o\",\"publisher\":{\"@id\":\"https:\\\/\\\/www.logronopasion.com\\\/portal\\\/#organization\"},\"potentialAction\":[{\"@type\":\"SearchAction\",\"target\":{\"@type\":\"EntryPoint\",\"urlTemplate\":\"https:\\\/\\\/www.logronopasion.com\\\/portal\\\/?s={search_term_string}\"},\"query-input\":{\"@type\":\"PropertyValueSpecification\",\"valueRequired\":true,\"valueName\":\"search_term_string\"}}],\"inLanguage\":\"es\"},{\"@type\":\"Organization\",\"@id\":\"https:\\\/\\\/www.logronopasion.com\\\/portal\\\/#organization\",\"name\":\"Logro\u00f1o Pasi\u00f3n\",\"url\":\"https:\\\/\\\/www.logronopasion.com\\\/portal\\\/\",\"logo\":{\"@type\":\"ImageObject\",\"inLanguage\":\"es\",\"@id\":\"https:\\\/\\\/www.logronopasion.com\\\/portal\\\/#\\\/schema\\\/logo\\\/image\\\/\",\"url\":\"https:\\\/\\\/i2.wp.com\\\/logronopasion.com\\\/portal\\\/wp-content\\\/uploads\\\/2019\\\/04\\\/cropped-Header-1.jpg?fit=312%2C212&ssl=1\",\"contentUrl\":\"https:\\\/\\\/i2.wp.com\\\/logronopasion.com\\\/portal\\\/wp-content\\\/uploads\\\/2019\\\/04\\\/cropped-Header-1.jpg?fit=312%2C212&ssl=1\",\"width\":312,\"height\":212,\"caption\":\"Logro\u00f1o Pasi\u00f3n\"},\"image\":{\"@id\":\"https:\\\/\\\/www.logronopasion.com\\\/portal\\\/#\\\/schema\\\/logo\\\/image\\\/\"},\"sameAs\":[\"https:\\\/\\\/www.facebook.com\\\/logronopasion\",\"https:\\\/\\\/x.com\\\/LogronoPasion\"]},{\"@type\":\"Person\",\"@id\":\"https:\\\/\\\/www.logronopasion.com\\\/portal\\\/#\\\/schema\\\/person\\\/2f883c3fdb92c04e9616af63b5dcfcf2\",\"name\":\"ROU\",\"image\":{\"@type\":\"ImageObject\",\"inLanguage\":\"es\",\"@id\":\"https:\\\/\\\/www.logronopasion.com\\\/portal\\\/wp-content\\\/uploads\\\/2021\\\/11\\\/16107_209547569181270_194186917_n-1-150x150.jpg\",\"url\":\"https:\\\/\\\/www.logronopasion.com\\\/portal\\\/wp-content\\\/uploads\\\/2021\\\/11\\\/16107_209547569181270_194186917_n-1-150x150.jpg\",\"contentUrl\":\"https:\\\/\\\/www.logronopasion.com\\\/portal\\\/wp-content\\\/uploads\\\/2021\\\/11\\\/16107_209547569181270_194186917_n-1-150x150.jpg\",\"caption\":\"ROU\"},\"url\":\"https:\\\/\\\/www.logronopasion.com\\\/portal\\\/author\\\/rou\\\/\"}]}<\/script>\n<!-- \/ Yoast SEO plugin. -->","yoast_head_json":{"title":"Tiempo de Cuaresma, 3\u00ba Viernes y V\u00eda-Crucis a la Ermita del Cristo del Humilladero de Logro\u00f1o - Logro\u00f1o Pasi\u00f3n","robots":{"index":"index","follow":"follow","max-snippet":"max-snippet:-1","max-image-preview":"max-image-preview:large","max-video-preview":"max-video-preview:-1"},"canonical":"https:\/\/www.logronopasion.com\/portal\/tiempo-de-cuaresma-3o-viernes-y-via-crucis-a-la-ermita-del-cristo-del-humilladero-de-logrono\/","og_locale":"es_ES","og_type":"article","og_title":"Tiempo de Cuaresma, 3\u00ba Viernes y V\u00eda-Crucis a la Ermita del Cristo del Humilladero de Logro\u00f1o - Logro\u00f1o Pasi\u00f3n","og_description":"Acerc\u00e1ndonos poco a poco a trav\u00e9s de este tiempo cuaresmal a la Semana Santa, y dentro de los actos programados, recordando una ya muy antigua tradici\u00f3n y peregrinaci\u00f3n a la Ermita del Cristo del Humilladero, como tercer viernes de Cuaresma, la Hermandad de Cofrad\u00edas de la Pasi\u00f3n de la Ciudad de Logro\u00f1o ha organizado para hoy, primero de marzo de 2013 a las 20,30, un V\u00eda-Crucis en la propia Ermita, sum\u00e1ndose a los habituales del d\u00eda y a las horas acostumbradas. La Ermita del Cristo del Humilladero, est\u00e1 situada a unos 2,5 km del centro urbano, por el antiguo camino&hellip;","og_url":"https:\/\/www.logronopasion.com\/portal\/tiempo-de-cuaresma-3o-viernes-y-via-crucis-a-la-ermita-del-cristo-del-humilladero-de-logrono\/","og_site_name":"Logro\u00f1o Pasi\u00f3n","article_publisher":"https:\/\/www.facebook.com\/logronopasion","article_published_time":"2013-03-01T14:29:44+00:00","article_modified_time":"2013-03-03T10:35:14+00:00","og_image":[{"url":"http:\/\/logronopasion.com\/portal\/wp-content\/uploads\/2013\/03\/ermita.jpg","type":"","width":"","height":""}],"author":"ROU","twitter_card":"summary_large_image","twitter_creator":"@LogronoPasion","twitter_site":"@LogronoPasion","twitter_misc":{"Escrito por":"ROU","Tiempo de lectura":"2 minutos"},"schema":{"@context":"https:\/\/schema.org","@graph":[{"@type":"Article","@id":"https:\/\/www.logronopasion.com\/portal\/tiempo-de-cuaresma-3o-viernes-y-via-crucis-a-la-ermita-del-cristo-del-humilladero-de-logrono\/#article","isPartOf":{"@id":"https:\/\/www.logronopasion.com\/portal\/tiempo-de-cuaresma-3o-viernes-y-via-crucis-a-la-ermita-del-cristo-del-humilladero-de-logrono\/"},"author":{"name":"ROU","@id":"https:\/\/www.logronopasion.com\/portal\/#\/schema\/person\/2f883c3fdb92c04e9616af63b5dcfcf2"},"headline":"Tiempo de Cuaresma, 3\u00ba Viernes y V\u00eda-Crucis a la Ermita del Cristo del Humilladero de Logro\u00f1o","datePublished":"2013-03-01T14:29:44+00:00","dateModified":"2013-03-03T10:35:14+00:00","mainEntityOfPage":{"@id":"https:\/\/www.logronopasion.com\/portal\/tiempo-de-cuaresma-3o-viernes-y-via-crucis-a-la-ermita-del-cristo-del-humilladero-de-logrono\/"},"wordCount":495,"commentCount":0,"publisher":{"@id":"https:\/\/www.logronopasion.com\/portal\/#organization"},"image":{"@id":"https:\/\/www.logronopasion.com\/portal\/tiempo-de-cuaresma-3o-viernes-y-via-crucis-a-la-ermita-del-cristo-del-humilladero-de-logrono\/#primaryimage"},"thumbnailUrl":"http:\/\/logronopasion.com\/portal\/wp-content\/uploads\/2013\/03\/ermita.jpg","articleSection":["Noticias \/ Actualidad"],"inLanguage":"es","potentialAction":[{"@type":"CommentAction","name":"Comment","target":["https:\/\/www.logronopasion.com\/portal\/tiempo-de-cuaresma-3o-viernes-y-via-crucis-a-la-ermita-del-cristo-del-humilladero-de-logrono\/#respond"]}]},{"@type":"WebPage","@id":"https:\/\/www.logronopasion.com\/portal\/tiempo-de-cuaresma-3o-viernes-y-via-crucis-a-la-ermita-del-cristo-del-humilladero-de-logrono\/","url":"https:\/\/www.logronopasion.com\/portal\/tiempo-de-cuaresma-3o-viernes-y-via-crucis-a-la-ermita-del-cristo-del-humilladero-de-logrono\/","name":"Tiempo de Cuaresma, 3\u00ba Viernes y V\u00eda-Crucis a la Ermita del Cristo del Humilladero de Logro\u00f1o - Logro\u00f1o Pasi\u00f3n","isPartOf":{"@id":"https:\/\/www.logronopasion.com\/portal\/#website"},"primaryImageOfPage":{"@id":"https:\/\/www.logronopasion.com\/portal\/tiempo-de-cuaresma-3o-viernes-y-via-crucis-a-la-ermita-del-cristo-del-humilladero-de-logrono\/#primaryimage"},"image":{"@id":"https:\/\/www.logronopasion.com\/portal\/tiempo-de-cuaresma-3o-viernes-y-via-crucis-a-la-ermita-del-cristo-del-humilladero-de-logrono\/#primaryimage"},"thumbnailUrl":"http:\/\/logronopasion.com\/portal\/wp-content\/uploads\/2013\/03\/ermita.jpg","datePublished":"2013-03-01T14:29:44+00:00","dateModified":"2013-03-03T10:35:14+00:00","inLanguage":"es","potentialAction":[{"@type":"ReadAction","target":["https:\/\/www.logronopasion.com\/portal\/tiempo-de-cuaresma-3o-viernes-y-via-crucis-a-la-ermita-del-cristo-del-humilladero-de-logrono\/"]}]},{"@type":"ImageObject","inLanguage":"es","@id":"https:\/\/www.logronopasion.com\/portal\/tiempo-de-cuaresma-3o-viernes-y-via-crucis-a-la-ermita-del-cristo-del-humilladero-de-logrono\/#primaryimage","url":"http:\/\/logronopasion.com\/portal\/wp-content\/uploads\/2013\/03\/ermita.jpg","contentUrl":"http:\/\/logronopasion.com\/portal\/wp-content\/uploads\/2013\/03\/ermita.jpg"},{"@type":"WebSite","@id":"https:\/\/www.logronopasion.com\/portal\/#website","url":"https:\/\/www.logronopasion.com\/portal\/","name":"Logro\u00f1o Pasi\u00f3n","description":"Portal sobre la Semana Santa de Logro\u00f1o","publisher":{"@id":"https:\/\/www.logronopasion.com\/portal\/#organization"},"potentialAction":[{"@type":"SearchAction","target":{"@type":"EntryPoint","urlTemplate":"https:\/\/www.logronopasion.com\/portal\/?s={search_term_string}"},"query-input":{"@type":"PropertyValueSpecification","valueRequired":true,"valueName":"search_term_string"}}],"inLanguage":"es"},{"@type":"Organization","@id":"https:\/\/www.logronopasion.com\/portal\/#organization","name":"Logro\u00f1o Pasi\u00f3n","url":"https:\/\/www.logronopasion.com\/portal\/","logo":{"@type":"ImageObject","inLanguage":"es","@id":"https:\/\/www.logronopasion.com\/portal\/#\/schema\/logo\/image\/","url":"https:\/\/i2.wp.com\/logronopasion.com\/portal\/wp-content\/uploads\/2019\/04\/cropped-Header-1.jpg?fit=312%2C212&ssl=1","contentUrl":"https:\/\/i2.wp.com\/logronopasion.com\/portal\/wp-content\/uploads\/2019\/04\/cropped-Header-1.jpg?fit=312%2C212&ssl=1","width":312,"height":212,"caption":"Logro\u00f1o Pasi\u00f3n"},"image":{"@id":"https:\/\/www.logronopasion.com\/portal\/#\/schema\/logo\/image\/"},"sameAs":["https:\/\/www.facebook.com\/logronopasion","https:\/\/x.com\/LogronoPasion"]},{"@type":"Person","@id":"https:\/\/www.logronopasion.com\/portal\/#\/schema\/person\/2f883c3fdb92c04e9616af63b5dcfcf2","name":"ROU","image":{"@type":"ImageObject","inLanguage":"es","@id":"https:\/\/www.logronopasion.com\/portal\/wp-content\/uploads\/2021\/11\/16107_209547569181270_194186917_n-1-150x150.jpg","url":"https:\/\/www.logronopasion.com\/portal\/wp-content\/uploads\/2021\/11\/16107_209547569181270_194186917_n-1-150x150.jpg","contentUrl":"https:\/\/www.logronopasion.com\/portal\/wp-content\/uploads\/2021\/11\/16107_209547569181270_194186917_n-1-150x150.jpg","caption":"ROU"},"url":"https:\/\/www.logronopasion.com\/portal\/author\/rou\/"}]}},"_links":{"self":[{"href":"https:\/\/www.logronopasion.com\/portal\/wp-json\/wp\/v2\/posts\/1855","targetHints":{"allow":["GET"]}}],"collection":[{"href":"https:\/\/www.logronopasion.com\/portal\/wp-json\/wp\/v2\/posts"}],"about":[{"href":"https:\/\/www.logronopasion.com\/portal\/wp-json\/wp\/v2\/types\/post"}],"author":[{"embeddable":true,"href":"https:\/\/www.logronopasion.com\/portal\/wp-json\/wp\/v2\/users\/2"}],"replies":[{"embeddable":true,"href":"https:\/\/www.logronopasion.com\/portal\/wp-json\/wp\/v2\/comments?post=1855"}],"version-history":[{"count":11,"href":"https:\/\/www.logronopasion.com\/portal\/wp-json\/wp\/v2\/posts\/1855\/revisions"}],"predecessor-version":[{"id":1867,"href":"https:\/\/www.logronopasion.com\/portal\/wp-json\/wp\/v2\/posts\/1855\/revisions\/1867"}],"wp:attachment":[{"href":"https:\/\/www.logronopasion.com\/portal\/wp-json\/wp\/v2\/media?parent=1855"}],"wp:term":[{"taxonomy":"category","embeddable":true,"href":"https:\/\/www.logronopasion.com\/portal\/wp-json\/wp\/v2\/categories?post=1855"},{"taxonomy":"post_tag","embeddable":true,"href":"https:\/\/www.logronopasion.com\/portal\/wp-json\/wp\/v2\/tags?post=1855"}],"curies":[{"name":"wp","href":"https:\/\/api.w.org\/{rel}","templated":true}]}}