{"id":1874,"date":"2013-03-06T14:38:18","date_gmt":"2013-03-06T14:38:18","guid":{"rendered":"http:\/\/logronopasion.com\/portal\/?p=1874"},"modified":"2013-03-06T17:42:27","modified_gmt":"2013-03-06T17:42:27","slug":"testigos-de-la-fe-cristianos-en-tierra-santa","status":"publish","type":"post","link":"https:\/\/www.logronopasion.com\/portal\/testigos-de-la-fe-cristianos-en-tierra-santa\/","title":{"rendered":"Testigos de la Fe: Cristianos en Tierra Santa."},"content":{"rendered":"<p style=\"text-align: justify;\">Continuando con los actos organizados por la Hermandad de Cofrad\u00edas de la Pasi\u00f3n de la Ciudad de Logro\u00f1o para esta Cuaresma 2013, este jueves 7 de marzo a las 20,30 horas en el Sal\u00f3n de actos de la Parroquia de Nuestra Se\u00f1ora de Valvanera, \u00a0nos invitan\u00a0 a la conferencia \u201cTESTIGOS DE LA FE: CRISTIANOS EN TIERRA SANTA\u201d cuyo ponente es el sacerdote franciscano Fray Em\u00e9rito Merino Abad .<\/p>\n<p><a href=\"http:\/\/logronopasion.com\/portal\/wp-content\/uploads\/2013\/03\/Emerito-Mertino.jpg\"><img loading=\"lazy\" decoding=\"async\" class=\"aligncenter size-full wp-image-1879\" alt=\"Em\u00e9rito Merino Abad\" src=\"http:\/\/logronopasion.com\/portal\/wp-content\/uploads\/2013\/03\/Emerito-Mertino.jpg\" width=\"300\" height=\"194\" \/><\/a><\/p>\n<p style=\"text-align: justify;\">Fray Em\u00e9rito Merino Abad, sacerdote franciscano nacido en Quintanaluengos (Palencia), en 1943, es Comisario de Tierra Santa y gran conocedor de la realidad que se vive en los Santos Lugares. Ha publicado el libro-gu\u00eda \u201cTierra Santa te espera y te acoge. El viaje de tu vida\u201d siendo una gu\u00eda completa y acabada de los santos lugares: Jerusal\u00e9n, Nazaret, Cana, Cafarnaun, Getseman\u00ed, Bel\u00e9n, Betania, etc.<\/p>\n<table style=\"width: 100%;\">\n<tbody>\n<tr>\n<td style=\"border: 0px none; text-align: center;\"><a href=\"http:\/\/logronopasion.com\/portal\/wp-content\/uploads\/2013\/03\/200px-Custodia_de_Tierra_Santa.png\"><img loading=\"lazy\" decoding=\"async\" class=\"aligncenter size-full wp-image-1880\" alt=\"200px-Custodia_de_Tierra_Santa\" src=\"http:\/\/logronopasion.com\/portal\/wp-content\/uploads\/2013\/03\/200px-Custodia_de_Tierra_Santa.png\" width=\"164\" height=\"228\" \/><\/a><\/td>\n<td style=\"border: 0px;\"><img loading=\"lazy\" decoding=\"async\" class=\"aligncenter size-full wp-image-1878\" alt=\"p23libro\" src=\"http:\/\/logronopasion.com\/portal\/wp-content\/uploads\/2013\/03\/p23libro.jpg\" width=\"100\" height=\"168\" \/><\/td>\n<\/tr>\n<\/tbody>\n<\/table>\n<p style=\"text-align: justify;\">Dos \u201camores\u201d han marcado su vida sacerdotal, cuyo camino inici\u00f3 de peque\u00f1o, siguiendo el ejemplo de su hermano mayor, ingresando en el seminario franciscano.<a href=\"http:\/\/logronopasion.com\/portal\/wp-content\/uploads\/2013\/03\/Emerito.jpg\"><img loading=\"lazy\" decoding=\"async\" class=\"size-medium wp-image-1876 alignleft\" alt=\"Emerito\" src=\"http:\/\/logronopasion.com\/portal\/wp-content\/uploads\/2013\/03\/Emerito-225x300.jpg\" width=\"225\" height=\"300\" srcset=\"https:\/\/www.logronopasion.com\/portal\/wp-content\/uploads\/2013\/03\/Emerito-225x300.jpg 225w, https:\/\/www.logronopasion.com\/portal\/wp-content\/uploads\/2013\/03\/Emerito.jpg 240w\" sizes=\"auto, (max-width: 225px) 100vw, 225px\" \/><\/a>La pastoral parroquial, ejercida durante 30 a\u00f1os en distintas comunidades de toda Espa\u00f1a, \u201ccon el pueblo, compartiendo el d\u00eda a d\u00eda y los problemas de la gente\u201d ,ha sido uno de ellos y el otro, Tierra Santa, adonde viaj\u00f3 por primera vez con 27 a\u00f1os, marc\u00e1ndole para siempre esa experiencia en la fe. \u201cLa pastoral de la peregrinaci\u00f3n tiene una importancia evidente. Y cuando es en los Santos Lugares, el atractivo es especial, por lo que supone llegar hasta las ra\u00edces m\u00e1s profundas de la fe\u201d, comenta. La Custodia de Tierra Santa fue fundada por San Francisco de As\u00eds en 1217 y encomendada por el Papa Clemente VI a los Franciscanos en el 1342. En ella est\u00e1n comprometidos 300 franciscanos de 32 naciones. Custodia \u201cla memoria\u201d del paso del Se\u00f1or en 74 Santos Lugares,\u00a0 ejerce la pastoral en 29 parroquias y 79 iglesias, dirige 16 escuelas con 10.000 alumnos y 400 profesores, diversas oficinas con 250 puestos de trabajo, cinco hospeder\u00edas (Casa Nova) con 500 plazas para peregrinos, adem\u00e1s de tres residencias de ancianos y dos internados para hu\u00e9rfanos.Ayuda a las familias dot\u00e1ndolas de vivienda o pagando alquileres. En Bel\u00e9n se han entregado 48 y se est\u00e1n construyendo otras 24. Ayudan a la juventud universitaria con bolsa de estudio, ni\u00f1os con guarder\u00edas y centros de d\u00eda. Promueve la acci\u00f3n cient\u00edfica, cultural y ecum\u00e9nica desde la Facultad de Teolog\u00eda B\u00edblica y Arqueol\u00f3gica, el Estudio Teol\u00f3gico Jerosolimitano, el Centro de Estudios Orientales Cristianos de El Cairo, la Editorial \u201cFranciscan Printing Press\u201d y la asistencia espiritual a los Peregrinos.En los \u00faltimos a\u00f1os, el Papa Benedicto XVI visit\u00f3 Tierra Santa, y con \u00e9l \u00a0peregrin\u00f3 toda la Iglesia, para conocer a la Iglesia Madre de Jerusal\u00e9n, darle aliento en su abatimiento y mostrarle la fuerza de la solidaridad. Lo reconoc\u00eda el patriarca de Jerusal\u00e9n, \u00abCon la visita de Benedicto XVI, nos trae la solicitud y la solidaridad de toda la Iglesia\u00bb.El mismo Papa, alent\u00f3 a los cristianos a seguir y afrontar las enormes dificultades dici\u00e9ndoles: \u201clos cristianos de Tierra Santa, est\u00e1is llamados a servir no solo como faro de fe para la Iglesia universal, sino tambi\u00e9n como fermento de armon\u00eda, sabidur\u00eda y equilibrio en la vida de una sociedad que ha sido tradicionalmente pluralista y multirreligiosa\u201d. El mismo, se ofrec\u00eda como apoyo, \u201cespero que mi presencia aqu\u00ed sea una se\u00f1al de que no se os olvida\u201d y al final se dirig\u00eda a toda la Iglesia diciendo: \u201cdeseo tambi\u00e9n aseguraros la solidaridad, el amor y el apoyo de toda la Iglesia y de la Santa Sede\u201d.En Tierra Santa, los cristianos viven momentos muy complicados. Su presencia en aquellas tierras corre peligro. El Pa\u00eds de Jes\u00fas, corre el riesgo de quedarse sin cristianos. Hace un siglo eran el 25 % de la poblaci\u00f3n y hoy no llegan al 2% de ella.Las causas son la situaci\u00f3n pol\u00edtica que est\u00e1n viviendo, la marginaci\u00f3n por ser pocos, el bloqueo creado por el muro que se ha construido sobre varias ciudades palestinas y que\u00a0la mayor\u00eda de los cristianos en aquellas tierras proceden del mundo palestino.<\/p>\n<p style=\"text-align: justify;\"><b>\u201c\u00a1Oh lugar! \u00a1Cu\u00e1ntas veces, cu\u00e1ntas te has transformado antes de que fueras m\u00edo despu\u00e9s de ser suyo!<br \/>\nCuanto \u00c9l te llen\u00f3 por primera vez no eras a\u00fan ning\u00fan lugar exterior, eras s\u00f3lo el seno de su Madre.<br \/>\n\u00a1Oh, saber que las piedras del camino a Nazaret son las mismas que sus pies pisaron cuando \u00c9l era a\u00fan tu lugar, \u00fanico en el mundo.<br \/>\n\u00a1Encontrarte a trav\u00e9s de la piedra que fue pisada por el pie de tu Madre!<br \/>\n\u00a1Oh, lugar de Tierra Santa, qu\u00e9 espacio ocupas dentro de m\u00ed!\u201d.<\/b><\/p>\n<p style=\"text-align: justify;\"><span style=\"font-family: Calibri; font-size: medium;\">Juan Pablo II y sus palabras po\u00e9ticas durante su primer viaje a Tierra Santa.<\/span><\/p>\n","protected":false},"excerpt":{"rendered":"<p>Continuando con los actos organizados por la Hermandad de Cofrad\u00edas de la Pasi\u00f3n de la Ciudad de Logro\u00f1o para esta Cuaresma 2013, este jueves 7 de marzo a las 20,30 horas en el Sal\u00f3n de actos de la Parroquia de Nuestra Se\u00f1ora de Valvanera, \u00a0nos invitan\u00a0 a la conferencia \u201cTESTIGOS DE LA FE: CRISTIANOS EN TIERRA SANTA\u201d cuyo ponente es el sacerdote franciscano Fray Em\u00e9rito Merino Abad . Fray Em\u00e9rito Merino Abad, sacerdote franciscano nacido en Quintanaluengos (Palencia), en 1943, es Comisario de Tierra Santa y gran conocedor de la realidad que se vive en los Santos Lugares. Ha publicado&hellip; <\/p>\n","protected":false},"author":2,"featured_media":0,"comment_status":"open","ping_status":"open","sticky":false,"template":"","format":"standard","meta":{"_bbp_topic_count":0,"_bbp_reply_count":0,"_bbp_total_topic_count":0,"_bbp_total_reply_count":0,"_bbp_voice_count":0,"_bbp_anonymous_reply_count":0,"_bbp_topic_count_hidden":0,"_bbp_reply_count_hidden":0,"_bbp_forum_subforum_count":0,"_crdt_document":"","footnotes":""},"categories":[15,3],"tags":[],"class_list":["post-1874","post","type-post","status-publish","format-standard","hentry","category-semana-santa-2013","category-iglesia"],"yoast_head":"<!-- This site is optimized with the Yoast SEO plugin v27.5 - https:\/\/yoast.com\/product\/yoast-seo-wordpress\/ -->\n<title>Testigos de la Fe: Cristianos en Tierra Santa. - Logro\u00f1o Pasi\u00f3n<\/title>\n<meta name=\"robots\" content=\"index, follow, max-snippet:-1, max-image-preview:large, max-video-preview:-1\" \/>\n<link rel=\"canonical\" href=\"https:\/\/www.logronopasion.com\/portal\/testigos-de-la-fe-cristianos-en-tierra-santa\/\" \/>\n<meta property=\"og:locale\" content=\"es_ES\" \/>\n<meta property=\"og:type\" content=\"article\" \/>\n<meta property=\"og:title\" content=\"Testigos de la Fe: Cristianos en Tierra Santa. - Logro\u00f1o Pasi\u00f3n\" \/>\n<meta property=\"og:description\" content=\"Continuando con los actos organizados por la Hermandad de Cofrad\u00edas de la Pasi\u00f3n de la Ciudad de Logro\u00f1o para esta Cuaresma 2013, este jueves 7 de marzo a las 20,30 horas en el Sal\u00f3n de actos de la Parroquia de Nuestra Se\u00f1ora de Valvanera, \u00a0nos invitan\u00a0 a la conferencia \u201cTESTIGOS DE LA FE: CRISTIANOS EN TIERRA SANTA\u201d cuyo ponente es el sacerdote franciscano Fray Em\u00e9rito Merino Abad . Fray Em\u00e9rito Merino Abad, sacerdote franciscano nacido en Quintanaluengos (Palencia), en 1943, es Comisario de Tierra Santa y gran conocedor de la realidad que se vive en los Santos Lugares. Ha publicado&hellip;\" \/>\n<meta property=\"og:url\" content=\"https:\/\/www.logronopasion.com\/portal\/testigos-de-la-fe-cristianos-en-tierra-santa\/\" \/>\n<meta property=\"og:site_name\" content=\"Logro\u00f1o Pasi\u00f3n\" \/>\n<meta property=\"article:publisher\" content=\"https:\/\/www.facebook.com\/logronopasion\" \/>\n<meta property=\"article:published_time\" content=\"2013-03-06T14:38:18+00:00\" \/>\n<meta property=\"article:modified_time\" content=\"2013-03-06T17:42:27+00:00\" \/>\n<meta property=\"og:image\" content=\"http:\/\/logronopasion.com\/portal\/wp-content\/uploads\/2013\/03\/Emerito-Mertino.jpg\" \/>\n<meta name=\"author\" content=\"ROU\" \/>\n<meta name=\"twitter:card\" content=\"summary_large_image\" \/>\n<meta name=\"twitter:creator\" content=\"@LogronoPasion\" \/>\n<meta name=\"twitter:site\" content=\"@LogronoPasion\" \/>\n<meta name=\"twitter:label1\" content=\"Escrito por\" \/>\n\t<meta name=\"twitter:data1\" content=\"ROU\" \/>\n\t<meta name=\"twitter:label2\" content=\"Tiempo de lectura\" \/>\n\t<meta name=\"twitter:data2\" content=\"4 minutos\" \/>\n<script type=\"application\/ld+json\" class=\"yoast-schema-graph\">{\"@context\":\"https:\\\/\\\/schema.org\",\"@graph\":[{\"@type\":\"Article\",\"@id\":\"https:\\\/\\\/www.logronopasion.com\\\/portal\\\/testigos-de-la-fe-cristianos-en-tierra-santa\\\/#article\",\"isPartOf\":{\"@id\":\"https:\\\/\\\/www.logronopasion.com\\\/portal\\\/testigos-de-la-fe-cristianos-en-tierra-santa\\\/\"},\"author\":{\"name\":\"ROU\",\"@id\":\"https:\\\/\\\/www.logronopasion.com\\\/portal\\\/#\\\/schema\\\/person\\\/2f883c3fdb92c04e9616af63b5dcfcf2\"},\"headline\":\"Testigos de la Fe: Cristianos en Tierra Santa.\",\"datePublished\":\"2013-03-06T14:38:18+00:00\",\"dateModified\":\"2013-03-06T17:42:27+00:00\",\"mainEntityOfPage\":{\"@id\":\"https:\\\/\\\/www.logronopasion.com\\\/portal\\\/testigos-de-la-fe-cristianos-en-tierra-santa\\\/\"},\"wordCount\":824,\"commentCount\":0,\"publisher\":{\"@id\":\"https:\\\/\\\/www.logronopasion.com\\\/portal\\\/#organization\"},\"image\":{\"@id\":\"https:\\\/\\\/www.logronopasion.com\\\/portal\\\/testigos-de-la-fe-cristianos-en-tierra-santa\\\/#primaryimage\"},\"thumbnailUrl\":\"http:\\\/\\\/logronopasion.com\\\/portal\\\/wp-content\\\/uploads\\\/2013\\\/03\\\/Emerito-Mertino.jpg\",\"articleSection\":[\"Cuaresma y Semana Santa 2013\",\"Iglesia - estado, sociedad y religi\u00f3n\"],\"inLanguage\":\"es\",\"potentialAction\":[{\"@type\":\"CommentAction\",\"name\":\"Comment\",\"target\":[\"https:\\\/\\\/www.logronopasion.com\\\/portal\\\/testigos-de-la-fe-cristianos-en-tierra-santa\\\/#respond\"]}]},{\"@type\":\"WebPage\",\"@id\":\"https:\\\/\\\/www.logronopasion.com\\\/portal\\\/testigos-de-la-fe-cristianos-en-tierra-santa\\\/\",\"url\":\"https:\\\/\\\/www.logronopasion.com\\\/portal\\\/testigos-de-la-fe-cristianos-en-tierra-santa\\\/\",\"name\":\"Testigos de la Fe: Cristianos en Tierra Santa. - Logro\u00f1o Pasi\u00f3n\",\"isPartOf\":{\"@id\":\"https:\\\/\\\/www.logronopasion.com\\\/portal\\\/#website\"},\"primaryImageOfPage\":{\"@id\":\"https:\\\/\\\/www.logronopasion.com\\\/portal\\\/testigos-de-la-fe-cristianos-en-tierra-santa\\\/#primaryimage\"},\"image\":{\"@id\":\"https:\\\/\\\/www.logronopasion.com\\\/portal\\\/testigos-de-la-fe-cristianos-en-tierra-santa\\\/#primaryimage\"},\"thumbnailUrl\":\"http:\\\/\\\/logronopasion.com\\\/portal\\\/wp-content\\\/uploads\\\/2013\\\/03\\\/Emerito-Mertino.jpg\",\"datePublished\":\"2013-03-06T14:38:18+00:00\",\"dateModified\":\"2013-03-06T17:42:27+00:00\",\"inLanguage\":\"es\",\"potentialAction\":[{\"@type\":\"ReadAction\",\"target\":[\"https:\\\/\\\/www.logronopasion.com\\\/portal\\\/testigos-de-la-fe-cristianos-en-tierra-santa\\\/\"]}]},{\"@type\":\"ImageObject\",\"inLanguage\":\"es\",\"@id\":\"https:\\\/\\\/www.logronopasion.com\\\/portal\\\/testigos-de-la-fe-cristianos-en-tierra-santa\\\/#primaryimage\",\"url\":\"http:\\\/\\\/logronopasion.com\\\/portal\\\/wp-content\\\/uploads\\\/2013\\\/03\\\/Emerito-Mertino.jpg\",\"contentUrl\":\"http:\\\/\\\/logronopasion.com\\\/portal\\\/wp-content\\\/uploads\\\/2013\\\/03\\\/Emerito-Mertino.jpg\"},{\"@type\":\"WebSite\",\"@id\":\"https:\\\/\\\/www.logronopasion.com\\\/portal\\\/#website\",\"url\":\"https:\\\/\\\/www.logronopasion.com\\\/portal\\\/\",\"name\":\"Logro\u00f1o Pasi\u00f3n\",\"description\":\"Portal sobre la Semana Santa de Logro\u00f1o\",\"publisher\":{\"@id\":\"https:\\\/\\\/www.logronopasion.com\\\/portal\\\/#organization\"},\"potentialAction\":[{\"@type\":\"SearchAction\",\"target\":{\"@type\":\"EntryPoint\",\"urlTemplate\":\"https:\\\/\\\/www.logronopasion.com\\\/portal\\\/?s={search_term_string}\"},\"query-input\":{\"@type\":\"PropertyValueSpecification\",\"valueRequired\":true,\"valueName\":\"search_term_string\"}}],\"inLanguage\":\"es\"},{\"@type\":\"Organization\",\"@id\":\"https:\\\/\\\/www.logronopasion.com\\\/portal\\\/#organization\",\"name\":\"Logro\u00f1o Pasi\u00f3n\",\"url\":\"https:\\\/\\\/www.logronopasion.com\\\/portal\\\/\",\"logo\":{\"@type\":\"ImageObject\",\"inLanguage\":\"es\",\"@id\":\"https:\\\/\\\/www.logronopasion.com\\\/portal\\\/#\\\/schema\\\/logo\\\/image\\\/\",\"url\":\"https:\\\/\\\/i2.wp.com\\\/logronopasion.com\\\/portal\\\/wp-content\\\/uploads\\\/2019\\\/04\\\/cropped-Header-1.jpg?fit=312%2C212&ssl=1\",\"contentUrl\":\"https:\\\/\\\/i2.wp.com\\\/logronopasion.com\\\/portal\\\/wp-content\\\/uploads\\\/2019\\\/04\\\/cropped-Header-1.jpg?fit=312%2C212&ssl=1\",\"width\":312,\"height\":212,\"caption\":\"Logro\u00f1o Pasi\u00f3n\"},\"image\":{\"@id\":\"https:\\\/\\\/www.logronopasion.com\\\/portal\\\/#\\\/schema\\\/logo\\\/image\\\/\"},\"sameAs\":[\"https:\\\/\\\/www.facebook.com\\\/logronopasion\",\"https:\\\/\\\/x.com\\\/LogronoPasion\"]},{\"@type\":\"Person\",\"@id\":\"https:\\\/\\\/www.logronopasion.com\\\/portal\\\/#\\\/schema\\\/person\\\/2f883c3fdb92c04e9616af63b5dcfcf2\",\"name\":\"ROU\",\"image\":{\"@type\":\"ImageObject\",\"inLanguage\":\"es\",\"@id\":\"https:\\\/\\\/www.logronopasion.com\\\/portal\\\/wp-content\\\/uploads\\\/2021\\\/11\\\/16107_209547569181270_194186917_n-1-150x150.jpg\",\"url\":\"https:\\\/\\\/www.logronopasion.com\\\/portal\\\/wp-content\\\/uploads\\\/2021\\\/11\\\/16107_209547569181270_194186917_n-1-150x150.jpg\",\"contentUrl\":\"https:\\\/\\\/www.logronopasion.com\\\/portal\\\/wp-content\\\/uploads\\\/2021\\\/11\\\/16107_209547569181270_194186917_n-1-150x150.jpg\",\"caption\":\"ROU\"},\"url\":\"https:\\\/\\\/www.logronopasion.com\\\/portal\\\/author\\\/rou\\\/\"}]}<\/script>\n<!-- \/ Yoast SEO plugin. -->","yoast_head_json":{"title":"Testigos de la Fe: Cristianos en Tierra Santa. - Logro\u00f1o Pasi\u00f3n","robots":{"index":"index","follow":"follow","max-snippet":"max-snippet:-1","max-image-preview":"max-image-preview:large","max-video-preview":"max-video-preview:-1"},"canonical":"https:\/\/www.logronopasion.com\/portal\/testigos-de-la-fe-cristianos-en-tierra-santa\/","og_locale":"es_ES","og_type":"article","og_title":"Testigos de la Fe: Cristianos en Tierra Santa. - Logro\u00f1o Pasi\u00f3n","og_description":"Continuando con los actos organizados por la Hermandad de Cofrad\u00edas de la Pasi\u00f3n de la Ciudad de Logro\u00f1o para esta Cuaresma 2013, este jueves 7 de marzo a las 20,30 horas en el Sal\u00f3n de actos de la Parroquia de Nuestra Se\u00f1ora de Valvanera, \u00a0nos invitan\u00a0 a la conferencia \u201cTESTIGOS DE LA FE: CRISTIANOS EN TIERRA SANTA\u201d cuyo ponente es el sacerdote franciscano Fray Em\u00e9rito Merino Abad . Fray Em\u00e9rito Merino Abad, sacerdote franciscano nacido en Quintanaluengos (Palencia), en 1943, es Comisario de Tierra Santa y gran conocedor de la realidad que se vive en los Santos Lugares. Ha publicado&hellip;","og_url":"https:\/\/www.logronopasion.com\/portal\/testigos-de-la-fe-cristianos-en-tierra-santa\/","og_site_name":"Logro\u00f1o Pasi\u00f3n","article_publisher":"https:\/\/www.facebook.com\/logronopasion","article_published_time":"2013-03-06T14:38:18+00:00","article_modified_time":"2013-03-06T17:42:27+00:00","og_image":[{"url":"http:\/\/logronopasion.com\/portal\/wp-content\/uploads\/2013\/03\/Emerito-Mertino.jpg","type":"","width":"","height":""}],"author":"ROU","twitter_card":"summary_large_image","twitter_creator":"@LogronoPasion","twitter_site":"@LogronoPasion","twitter_misc":{"Escrito por":"ROU","Tiempo de lectura":"4 minutos"},"schema":{"@context":"https:\/\/schema.org","@graph":[{"@type":"Article","@id":"https:\/\/www.logronopasion.com\/portal\/testigos-de-la-fe-cristianos-en-tierra-santa\/#article","isPartOf":{"@id":"https:\/\/www.logronopasion.com\/portal\/testigos-de-la-fe-cristianos-en-tierra-santa\/"},"author":{"name":"ROU","@id":"https:\/\/www.logronopasion.com\/portal\/#\/schema\/person\/2f883c3fdb92c04e9616af63b5dcfcf2"},"headline":"Testigos de la Fe: Cristianos en Tierra Santa.","datePublished":"2013-03-06T14:38:18+00:00","dateModified":"2013-03-06T17:42:27+00:00","mainEntityOfPage":{"@id":"https:\/\/www.logronopasion.com\/portal\/testigos-de-la-fe-cristianos-en-tierra-santa\/"},"wordCount":824,"commentCount":0,"publisher":{"@id":"https:\/\/www.logronopasion.com\/portal\/#organization"},"image":{"@id":"https:\/\/www.logronopasion.com\/portal\/testigos-de-la-fe-cristianos-en-tierra-santa\/#primaryimage"},"thumbnailUrl":"http:\/\/logronopasion.com\/portal\/wp-content\/uploads\/2013\/03\/Emerito-Mertino.jpg","articleSection":["Cuaresma y Semana Santa 2013","Iglesia - estado, sociedad y religi\u00f3n"],"inLanguage":"es","potentialAction":[{"@type":"CommentAction","name":"Comment","target":["https:\/\/www.logronopasion.com\/portal\/testigos-de-la-fe-cristianos-en-tierra-santa\/#respond"]}]},{"@type":"WebPage","@id":"https:\/\/www.logronopasion.com\/portal\/testigos-de-la-fe-cristianos-en-tierra-santa\/","url":"https:\/\/www.logronopasion.com\/portal\/testigos-de-la-fe-cristianos-en-tierra-santa\/","name":"Testigos de la Fe: Cristianos en Tierra Santa. - Logro\u00f1o Pasi\u00f3n","isPartOf":{"@id":"https:\/\/www.logronopasion.com\/portal\/#website"},"primaryImageOfPage":{"@id":"https:\/\/www.logronopasion.com\/portal\/testigos-de-la-fe-cristianos-en-tierra-santa\/#primaryimage"},"image":{"@id":"https:\/\/www.logronopasion.com\/portal\/testigos-de-la-fe-cristianos-en-tierra-santa\/#primaryimage"},"thumbnailUrl":"http:\/\/logronopasion.com\/portal\/wp-content\/uploads\/2013\/03\/Emerito-Mertino.jpg","datePublished":"2013-03-06T14:38:18+00:00","dateModified":"2013-03-06T17:42:27+00:00","inLanguage":"es","potentialAction":[{"@type":"ReadAction","target":["https:\/\/www.logronopasion.com\/portal\/testigos-de-la-fe-cristianos-en-tierra-santa\/"]}]},{"@type":"ImageObject","inLanguage":"es","@id":"https:\/\/www.logronopasion.com\/portal\/testigos-de-la-fe-cristianos-en-tierra-santa\/#primaryimage","url":"http:\/\/logronopasion.com\/portal\/wp-content\/uploads\/2013\/03\/Emerito-Mertino.jpg","contentUrl":"http:\/\/logronopasion.com\/portal\/wp-content\/uploads\/2013\/03\/Emerito-Mertino.jpg"},{"@type":"WebSite","@id":"https:\/\/www.logronopasion.com\/portal\/#website","url":"https:\/\/www.logronopasion.com\/portal\/","name":"Logro\u00f1o Pasi\u00f3n","description":"Portal sobre la Semana Santa de Logro\u00f1o","publisher":{"@id":"https:\/\/www.logronopasion.com\/portal\/#organization"},"potentialAction":[{"@type":"SearchAction","target":{"@type":"EntryPoint","urlTemplate":"https:\/\/www.logronopasion.com\/portal\/?s={search_term_string}"},"query-input":{"@type":"PropertyValueSpecification","valueRequired":true,"valueName":"search_term_string"}}],"inLanguage":"es"},{"@type":"Organization","@id":"https:\/\/www.logronopasion.com\/portal\/#organization","name":"Logro\u00f1o Pasi\u00f3n","url":"https:\/\/www.logronopasion.com\/portal\/","logo":{"@type":"ImageObject","inLanguage":"es","@id":"https:\/\/www.logronopasion.com\/portal\/#\/schema\/logo\/image\/","url":"https:\/\/i2.wp.com\/logronopasion.com\/portal\/wp-content\/uploads\/2019\/04\/cropped-Header-1.jpg?fit=312%2C212&ssl=1","contentUrl":"https:\/\/i2.wp.com\/logronopasion.com\/portal\/wp-content\/uploads\/2019\/04\/cropped-Header-1.jpg?fit=312%2C212&ssl=1","width":312,"height":212,"caption":"Logro\u00f1o Pasi\u00f3n"},"image":{"@id":"https:\/\/www.logronopasion.com\/portal\/#\/schema\/logo\/image\/"},"sameAs":["https:\/\/www.facebook.com\/logronopasion","https:\/\/x.com\/LogronoPasion"]},{"@type":"Person","@id":"https:\/\/www.logronopasion.com\/portal\/#\/schema\/person\/2f883c3fdb92c04e9616af63b5dcfcf2","name":"ROU","image":{"@type":"ImageObject","inLanguage":"es","@id":"https:\/\/www.logronopasion.com\/portal\/wp-content\/uploads\/2021\/11\/16107_209547569181270_194186917_n-1-150x150.jpg","url":"https:\/\/www.logronopasion.com\/portal\/wp-content\/uploads\/2021\/11\/16107_209547569181270_194186917_n-1-150x150.jpg","contentUrl":"https:\/\/www.logronopasion.com\/portal\/wp-content\/uploads\/2021\/11\/16107_209547569181270_194186917_n-1-150x150.jpg","caption":"ROU"},"url":"https:\/\/www.logronopasion.com\/portal\/author\/rou\/"}]}},"_links":{"self":[{"href":"https:\/\/www.logronopasion.com\/portal\/wp-json\/wp\/v2\/posts\/1874","targetHints":{"allow":["GET"]}}],"collection":[{"href":"https:\/\/www.logronopasion.com\/portal\/wp-json\/wp\/v2\/posts"}],"about":[{"href":"https:\/\/www.logronopasion.com\/portal\/wp-json\/wp\/v2\/types\/post"}],"author":[{"embeddable":true,"href":"https:\/\/www.logronopasion.com\/portal\/wp-json\/wp\/v2\/users\/2"}],"replies":[{"embeddable":true,"href":"https:\/\/www.logronopasion.com\/portal\/wp-json\/wp\/v2\/comments?post=1874"}],"version-history":[{"count":6,"href":"https:\/\/www.logronopasion.com\/portal\/wp-json\/wp\/v2\/posts\/1874\/revisions"}],"predecessor-version":[{"id":1884,"href":"https:\/\/www.logronopasion.com\/portal\/wp-json\/wp\/v2\/posts\/1874\/revisions\/1884"}],"wp:attachment":[{"href":"https:\/\/www.logronopasion.com\/portal\/wp-json\/wp\/v2\/media?parent=1874"}],"wp:term":[{"taxonomy":"category","embeddable":true,"href":"https:\/\/www.logronopasion.com\/portal\/wp-json\/wp\/v2\/categories?post=1874"},{"taxonomy":"post_tag","embeddable":true,"href":"https:\/\/www.logronopasion.com\/portal\/wp-json\/wp\/v2\/tags?post=1874"}],"curies":[{"name":"wp","href":"https:\/\/api.w.org\/{rel}","templated":true}]}}