{"id":20276,"date":"2022-08-21T01:43:10","date_gmt":"2022-08-21T00:43:10","guid":{"rendered":"https:\/\/logronopasion.com\/portal\/?p=20276"},"modified":"2022-08-21T01:43:10","modified_gmt":"2022-08-21T00:43:10","slug":"maria-de-nazaret-coronada-como-reina-de-los-cielos","status":"publish","type":"post","link":"https:\/\/www.logronopasion.com\/portal\/maria-de-nazaret-coronada-como-reina-de-los-cielos\/","title":{"rendered":"Mar\u00eda de Nazaret, Coronada como Reina de los Cielos."},"content":{"rendered":"<h3 style=\"text-align: center;\"><span style=\"text-decoration: underline;\"><strong>FESTIVIDAD DE LA CORONACI\u00d3N DE NUESTRA SE\u00d1ORA LA VIRGEN MAR\u00cdA COMO REINA DEL UNIVERSO<\/strong><\/span><\/h3>\n<p><a href=\"https:\/\/logronopasion.com\/portal\/wp-content\/uploads\/2022\/08\/FESTIVIDAD-DE-LA-VIRGEN-REINA-2022.jpg\"><img loading=\"lazy\" decoding=\"async\" class=\"aligncenter wp-image-20279 size-full\" src=\"https:\/\/logronopasion.com\/portal\/wp-content\/uploads\/2022\/08\/FESTIVIDAD-DE-LA-VIRGEN-REINA-2022.jpg\" alt=\"\" width=\"1241\" height=\"1755\" srcset=\"https:\/\/www.logronopasion.com\/portal\/wp-content\/uploads\/2022\/08\/FESTIVIDAD-DE-LA-VIRGEN-REINA-2022.jpg 1241w, https:\/\/www.logronopasion.com\/portal\/wp-content\/uploads\/2022\/08\/FESTIVIDAD-DE-LA-VIRGEN-REINA-2022-212x300.jpg 212w, https:\/\/www.logronopasion.com\/portal\/wp-content\/uploads\/2022\/08\/FESTIVIDAD-DE-LA-VIRGEN-REINA-2022-724x1024.jpg 724w, https:\/\/www.logronopasion.com\/portal\/wp-content\/uploads\/2022\/08\/FESTIVIDAD-DE-LA-VIRGEN-REINA-2022-768x1086.jpg 768w, https:\/\/www.logronopasion.com\/portal\/wp-content\/uploads\/2022\/08\/FESTIVIDAD-DE-LA-VIRGEN-REINA-2022-1086x1536.jpg 1086w\" sizes=\"auto, (max-width: 1241px) 100vw, 1241px\" \/><\/a>Tal y como destacamos en nuestro cartel, los d\u00edas 19 viernes, 20 s\u00e1bado y 22 lunes respectivamente, celebramos dicha festividad con un Triduo y Eucarist\u00edas a las 19.00 horas.<\/p>\n<p>El domingo 21 de agosto tambi\u00e9n a las 19.00 horas y como complemento al Triduo, tendremos los actos preparados para este a\u00f1o con la Eucarist\u00eda de \u00abAcci\u00f3n de Gracias\u00bb, Himno y Oraci\u00f3n a la Virgen Reina, Ofrenda de flores a la Virgen y Procesi\u00f3n por los caminos adyacentes a la capilla, como viene siendo habitual.<\/p>\n<p>De igual forma, finalizada la Eucarist\u00eda, tenemos organizada como ya es tradici\u00f3n, la merienda-cena de hermandad,<\/p>\n<p><a href=\"https:\/\/i0.wp.com\/logronopasion.com\/portal\/wp-content\/uploads\/2020\/08\/IMG-20180820-WA0002.jpg?ssl=1\"><img loading=\"lazy\" decoding=\"async\" class=\"aligncenter wp-image-6997 size-large jetpack-lazy-image jetpack-lazy-image--handled\" src=\"https:\/\/i0.wp.com\/logronopasion.com\/portal\/wp-content\/uploads\/2020\/08\/IMG-20180820-WA0002.jpg?resize=640%2C427&amp;ssl=1\" sizes=\"auto, (max-width: 640px) 100vw, 640px\" srcset=\"https:\/\/i0.wp.com\/logronopasion.com\/portal\/wp-content\/uploads\/2020\/08\/IMG-20180820-WA0002.jpg?resize=1024%2C683&amp;ssl=1 1024w, https:\/\/i0.wp.com\/logronopasion.com\/portal\/wp-content\/uploads\/2020\/08\/IMG-20180820-WA0002.jpg?resize=300%2C200&amp;ssl=1 300w, https:\/\/i0.wp.com\/logronopasion.com\/portal\/wp-content\/uploads\/2020\/08\/IMG-20180820-WA0002.jpg?resize=768%2C512&amp;ssl=1 768w, https:\/\/i0.wp.com\/logronopasion.com\/portal\/wp-content\/uploads\/2020\/08\/IMG-20180820-WA0002.jpg?resize=675%2C450&amp;ssl=1 675w, https:\/\/i0.wp.com\/logronopasion.com\/portal\/wp-content\/uploads\/2020\/08\/IMG-20180820-WA0002.jpg?w=1296&amp;ssl=1 1296w\" alt=\"\" width=\"640\" height=\"427\" data-recalc-dims=\"1\" data-lazy-loaded=\"1\" \/><\/a><\/p>\n<p><a href=\"https:\/\/i0.wp.com\/logronopasion.com\/portal\/wp-content\/uploads\/2014\/08\/Procesi\u00f3n.jpg?ssl=1\"><img loading=\"lazy\" decoding=\"async\" class=\"aligncenter wp-image-3928 size-large jetpack-lazy-image jetpack-lazy-image--handled\" src=\"https:\/\/i0.wp.com\/logronopasion.com\/portal\/wp-content\/uploads\/2014\/08\/Procesi\u00f3n.jpg?resize=640%2C760&amp;ssl=1\" sizes=\"auto, (max-width: 640px) 100vw, 640px\" srcset=\"https:\/\/i0.wp.com\/logronopasion.com\/portal\/wp-content\/uploads\/2014\/08\/Procesi\u00f3n.jpg?resize=862%2C1024&amp;ssl=1 862w, https:\/\/i0.wp.com\/logronopasion.com\/portal\/wp-content\/uploads\/2014\/08\/Procesi\u00f3n.jpg?resize=252%2C300&amp;ssl=1 252w, https:\/\/i0.wp.com\/logronopasion.com\/portal\/wp-content\/uploads\/2014\/08\/Procesi\u00f3n.jpg?w=1580&amp;ssl=1 1580w, https:\/\/i0.wp.com\/logronopasion.com\/portal\/wp-content\/uploads\/2014\/08\/Procesi\u00f3n.jpg?w=2370&amp;ssl=1 2370w\" alt=\"\" width=\"640\" height=\"760\" data-recalc-dims=\"1\" data-lazy-loaded=\"1\" \/><\/a><a href=\"https:\/\/i0.wp.com\/logronopasion.com\/portal\/wp-content\/uploads\/2020\/08\/IMG-20180822-WA0000.jpg?ssl=1\"><img loading=\"lazy\" decoding=\"async\" class=\"aligncenter wp-image-7007 size-full jetpack-lazy-image jetpack-lazy-image--handled\" src=\"https:\/\/i0.wp.com\/logronopasion.com\/portal\/wp-content\/uploads\/2020\/08\/IMG-20180822-WA0000.jpg?resize=640%2C640&amp;ssl=1\" sizes=\"auto, (max-width: 640px) 100vw, 640px\" srcset=\"https:\/\/i0.wp.com\/logronopasion.com\/portal\/wp-content\/uploads\/2020\/08\/IMG-20180822-WA0000.jpg?w=640&amp;ssl=1 640w, https:\/\/i0.wp.com\/logronopasion.com\/portal\/wp-content\/uploads\/2020\/08\/IMG-20180822-WA0000.jpg?resize=300%2C300&amp;ssl=1 300w, https:\/\/i0.wp.com\/logronopasion.com\/portal\/wp-content\/uploads\/2020\/08\/IMG-20180822-WA0000.jpg?resize=150%2C150&amp;ssl=1 150w\" alt=\"\" width=\"640\" height=\"640\" data-recalc-dims=\"1\" data-lazy-loaded=\"1\" \/><\/a><\/p>\n<h3><span style=\"text-decoration: underline;\"><strong>Capilla Virgen Reina de Albelda de Iregua.<\/strong><\/span><\/h3>\n<p>Esta Capilla dedicada a la advocaci\u00f3n de Nuestra Se\u00f1ora la Virgen Reina, est\u00e1 situada a tan solo 10 Kms. de Logro\u00f1o, en el margen derecho de la carretera de Soria N-III y a 4 Kms. de Albelda de Iregua,<\/p>\n<p>Hace ya muchos a\u00f1os,\u00a0 la Festividad de la Asunci\u00f3n de la Virgen Mar\u00eda a los Cielos (d\u00eda 15 de agosto), y hasta la octava siguiente, Festividad de la Coronaci\u00f3n de Mar\u00eda como Reina (d\u00eda 22 de agosto), desde \u00e9sta capilla conjuntamente con los vecinos de la zona, se preparaban una serie de actos para honrar a Nuestra Madre, Reina y Se\u00f1ora y titular con su advocaci\u00f3n mariana, tanto de la capilla como de la zona residencial adyacente, aunque a\u00f1os m\u00e1s tarde poco a poco se fuera sustituyendo el nombre de dichas urbanizaciones, as\u00ed como de toda la zona de alrededor de donde se haya ubicada dicha capilla. Los actos consist\u00edan en misas matinales correspondientes a estas festividades.<\/p>\n<p><a href=\"https:\/\/i0.wp.com\/logronopasion.com\/portal\/wp-content\/uploads\/2020\/08\/100_0466-scaled.jpg?ssl=1\"><img loading=\"lazy\" decoding=\"async\" class=\"aligncenter wp-image-6994 size-large jetpack-lazy-image jetpack-lazy-image--handled\" src=\"https:\/\/i0.wp.com\/logronopasion.com\/portal\/wp-content\/uploads\/2020\/08\/100_0466.jpg?resize=640%2C480&amp;ssl=1\" sizes=\"auto, (max-width: 640px) 100vw, 640px\" srcset=\"https:\/\/i0.wp.com\/logronopasion.com\/portal\/wp-content\/uploads\/2020\/08\/100_0466-scaled.jpg?resize=1024%2C768&amp;ssl=1 1024w, https:\/\/i0.wp.com\/logronopasion.com\/portal\/wp-content\/uploads\/2020\/08\/100_0466-scaled.jpg?resize=300%2C225&amp;ssl=1 300w, https:\/\/i0.wp.com\/logronopasion.com\/portal\/wp-content\/uploads\/2020\/08\/100_0466-scaled.jpg?resize=768%2C576&amp;ssl=1 768w, https:\/\/i0.wp.com\/logronopasion.com\/portal\/wp-content\/uploads\/2020\/08\/100_0466-scaled.jpg?resize=1536%2C1152&amp;ssl=1 1536w, https:\/\/i0.wp.com\/logronopasion.com\/portal\/wp-content\/uploads\/2020\/08\/100_0466-scaled.jpg?resize=2048%2C1536&amp;ssl=1 2048w, https:\/\/i0.wp.com\/logronopasion.com\/portal\/wp-content\/uploads\/2020\/08\/100_0466-scaled.jpg?w=2370&amp;ssl=1 2370w\" alt=\"\" width=\"640\" height=\"480\" data-recalc-dims=\"1\" data-lazy-loaded=\"1\" \/><\/a><\/p>\n<p><a href=\"https:\/\/i0.wp.com\/logronopasion.com\/portal\/wp-content\/uploads\/2020\/08\/CIMG3730-scaled.jpg?ssl=1\"><img loading=\"lazy\" decoding=\"async\" class=\"aligncenter wp-image-7014 size-large jetpack-lazy-image jetpack-lazy-image--handled\" src=\"https:\/\/i0.wp.com\/logronopasion.com\/portal\/wp-content\/uploads\/2020\/08\/CIMG3730.jpg?resize=640%2C480&amp;ssl=1\" sizes=\"auto, (max-width: 640px) 100vw, 640px\" srcset=\"https:\/\/i0.wp.com\/logronopasion.com\/portal\/wp-content\/uploads\/2020\/08\/CIMG3730-scaled.jpg?resize=1024%2C768&amp;ssl=1 1024w, https:\/\/i0.wp.com\/logronopasion.com\/portal\/wp-content\/uploads\/2020\/08\/CIMG3730-scaled.jpg?resize=300%2C225&amp;ssl=1 300w, https:\/\/i0.wp.com\/logronopasion.com\/portal\/wp-content\/uploads\/2020\/08\/CIMG3730-scaled.jpg?resize=768%2C576&amp;ssl=1 768w, https:\/\/i0.wp.com\/logronopasion.com\/portal\/wp-content\/uploads\/2020\/08\/CIMG3730-scaled.jpg?resize=1536%2C1152&amp;ssl=1 1536w, https:\/\/i0.wp.com\/logronopasion.com\/portal\/wp-content\/uploads\/2020\/08\/CIMG3730-scaled.jpg?resize=2048%2C1536&amp;ssl=1 2048w, https:\/\/i0.wp.com\/logronopasion.com\/portal\/wp-content\/uploads\/2020\/08\/CIMG3730-scaled.jpg?w=2370&amp;ssl=1 2370w\" alt=\"\" width=\"640\" height=\"480\" data-recalc-dims=\"1\" data-lazy-loaded=\"1\" \/><\/a><\/p>\n<p><a href=\"https:\/\/logronopasion.com\/portal\/wp-content\/uploads\/2022\/08\/Capilla-Virgen-Reina-2022.jpeg\"><img loading=\"lazy\" decoding=\"async\" class=\"aligncenter wp-image-20280 size-large\" src=\"https:\/\/logronopasion.com\/portal\/wp-content\/uploads\/2022\/08\/Capilla-Virgen-Reina-2022-1024x576.jpeg\" alt=\"\" width=\"790\" height=\"444\" srcset=\"https:\/\/www.logronopasion.com\/portal\/wp-content\/uploads\/2022\/08\/Capilla-Virgen-Reina-2022-1024x576.jpeg 1024w, https:\/\/www.logronopasion.com\/portal\/wp-content\/uploads\/2022\/08\/Capilla-Virgen-Reina-2022-300x169.jpeg 300w, https:\/\/www.logronopasion.com\/portal\/wp-content\/uploads\/2022\/08\/Capilla-Virgen-Reina-2022-768x432.jpeg 768w, https:\/\/www.logronopasion.com\/portal\/wp-content\/uploads\/2022\/08\/Capilla-Virgen-Reina-2022.jpeg 1536w\" sizes=\"auto, (max-width: 790px) 100vw, 790px\" \/><\/a><\/p>\n<p>En el a\u00f1o 2006, siendo p\u00e1rroco de Albelda D. Fernando Garc\u00eda Cord\u00f3n, y coincidiendo con una de las peque\u00f1as reformas que se realizan en la capilla, como la sustituci\u00f3n de su instalaci\u00f3n el\u00e9ctrica, cambio de tensi\u00f3n y aumento de la iluminaci\u00f3n interior, con nuevos apliques, proyectores superiores y luz del altar, era ya posible tambi\u00e9n oficiar y celebrar eucarist\u00edas por la tarde o noche de cualquier domingo o festividad.<\/p>\n<p>Gracias a ello, se pudo iniciar la ya tradici\u00f3n de celebrar el d\u00eda 22 de agosto en el ofertorio de la Eucarist\u00eda, una gran ofrenda de flores por parte de todos los asistentes a dicho acto.<\/p>\n<p>Pasaron unos a\u00f1os, y ya con <span style=\"text-decoration: underline;\"><strong>D. F\u00e9lix S\u00e1enz Solana<\/strong><\/span>, actual p\u00e1rroco de Albelda, nos anim\u00f3 y ayud\u00f3 a organizar una serie de actos para completar nuestra singular fiesta en honor a nuestra querida Patrona. Con D. F\u00e9lix se estrena el \u201cTriduo a Mar\u00eda\u201d, continuamos con la ofrenda de flores, iniciamos las procesiones con la imagen de la Virgen bajada por primera vez de su hornacina para \u201dvisitar y pasear\u201d por los caminos adyacentes a la capilla y resto de actos. Poco tuvimos que insistir a D. F\u00e9lix para bajar a Nuestra Se\u00f1ora de la hornacina de su altar. M\u00e1s bien todo lo contario. Fue \u00e9l quien nos anim\u00f3 a ello. Muchas gracias D. F\u00e9lix por su apoyo, comprensi\u00f3n y su inestimable ayuda.<\/p>\n<p><img loading=\"lazy\" decoding=\"async\" class=\"jetpack-lazy-image jetpack-lazy-image--handled aligncenter wp-image-4833\" src=\"https:\/\/i2.wp.com\/logronopasion.com\/portal\/wp-content\/uploads\/2016\/08\/IMG-20160815-WA0013.jpg?resize=400%2C533\" sizes=\"auto, (max-width: 400px) 100vw, 400px\" srcset=\"https:\/\/i2.wp.com\/logronopasion.com\/portal\/wp-content\/uploads\/2016\/08\/IMG-20160815-WA0013.jpg?w=972&amp;ssl=1 972w, https:\/\/i2.wp.com\/logronopasion.com\/portal\/wp-content\/uploads\/2016\/08\/IMG-20160815-WA0013.jpg?resize=225%2C300&amp;ssl=1 225w, https:\/\/i2.wp.com\/logronopasion.com\/portal\/wp-content\/uploads\/2016\/08\/IMG-20160815-WA0013.jpg?resize=768%2C1024&amp;ssl=1 768w\" alt=\"Virgen Reina\" width=\"640\" height=\"853\" data-lazy-loaded=\"1\" \/><\/p>\n<p><a href=\"https:\/\/i0.wp.com\/logronopasion.com\/portal\/wp-content\/uploads\/2020\/08\/IMG_0043.jpg?ssl=1\"><img loading=\"lazy\" decoding=\"async\" class=\"aligncenter wp-image-7017 size-large jetpack-lazy-image jetpack-lazy-image--handled\" src=\"https:\/\/i0.wp.com\/logronopasion.com\/portal\/wp-content\/uploads\/2020\/08\/IMG_0043.jpg?resize=640%2C853&amp;ssl=1\" sizes=\"auto, (max-width: 640px) 100vw, 640px\" srcset=\"https:\/\/i0.wp.com\/logronopasion.com\/portal\/wp-content\/uploads\/2020\/08\/IMG_0043.jpg?resize=768%2C1024&amp;ssl=1 768w, https:\/\/i0.wp.com\/logronopasion.com\/portal\/wp-content\/uploads\/2020\/08\/IMG_0043.jpg?resize=225%2C300&amp;ssl=1 225w, https:\/\/i0.wp.com\/logronopasion.com\/portal\/wp-content\/uploads\/2020\/08\/IMG_0043.jpg?resize=1152%2C1536&amp;ssl=1 1152w, https:\/\/i0.wp.com\/logronopasion.com\/portal\/wp-content\/uploads\/2020\/08\/IMG_0043.jpg?resize=1024%2C1365&amp;ssl=1 1024w, https:\/\/i0.wp.com\/logronopasion.com\/portal\/wp-content\/uploads\/2020\/08\/IMG_0043.jpg?w=1536&amp;ssl=1 1536w\" alt=\"\" width=\"640\" height=\"853\" data-recalc-dims=\"1\" data-lazy-loaded=\"1\" \/><\/a><\/p>\n<p>Cada momento de estos actos, han sido y son muy emotivos y especiales para todos nosotros. Junto a nuestro P\u00e1rroco, han presidido y concelebrado las Eucarist\u00edas, el Cardenal Arzobispo de Barcelona y presidente de la Conferencia Episcopal Espa\u00f1ola Monse\u00f1or D. Juan Jos\u00e9 Omella Omella, entonces Obispo de la Di\u00f3cesis de Calahorra y La Calzada-Logro\u00f1o, el Obispo de la Di\u00f3cesis de Osma-Soria Monse\u00f1or D. Abilio Mart\u00ednez Varea por aquel entonces Vicario de Pastoral y Ense\u00f1anza de nuestra Di\u00f3cesis y a\u00f1os m\u00e1s tarde varias veces ya como obispo. Tambi\u00e9n, entre otros, nos han acompa\u00f1ado D. V\u00edctor Jim\u00e9nez L\u00f3pez de Murillas, Vicario de Pastoral, D. Miguel \u00c1ngel Mart\u00ednez D\u00edaz, entonces Rector del Seminario Conciliar y varios sacerdotes y p\u00e1rrocos como D. Jos\u00e9 Ignacio Subero P\u00e9rez, D. Fernando Garc\u00eda Cord\u00f3n, junto a los entonces Di\u00e1conos y ahora ya sacerdotes D. Gabino Guti\u00e9rrez y D. Alfonso Sa\u00e9nz. Destacar igualmente que en uno de los a\u00f1os que se desplaz\u00f3 Monse\u00f1or Abilio a nuestra Capilla para presidir las Eucarist\u00eda de la Festividad, estuvo concelebrando junto a D. F\u00e9lix, el sacerdote de la propia Di\u00f3cesis de Osma-Soria D. Jos\u00e9 Luis Salcedo Pascual, hermano de Raquel, feligresa habitual de la Capilla. Por estas fechas y en concreto el 19 de agosto, dicho sacerdote ha cumplido a\u00f1os. Muchas felicidades y un fuerte abrazo pues para D. Jos\u00e9 Luis.<\/p>\n<p><a href=\"https:\/\/i0.wp.com\/logronopasion.com\/portal\/wp-content\/uploads\/2020\/08\/Omella.jpg?ssl=1\"><img loading=\"lazy\" decoding=\"async\" class=\"aligncenter wp-image-6998 jetpack-lazy-image jetpack-lazy-image--handled\" src=\"https:\/\/i0.wp.com\/logronopasion.com\/portal\/wp-content\/uploads\/2020\/08\/Omella.jpg?resize=740%2C416&amp;ssl=1\" sizes=\"auto, (max-width: 740px) 100vw, 740px\" srcset=\"https:\/\/i0.wp.com\/logronopasion.com\/portal\/wp-content\/uploads\/2020\/08\/Omella.jpg?resize=1024%2C576&amp;ssl=1 1024w, https:\/\/i0.wp.com\/logronopasion.com\/portal\/wp-content\/uploads\/2020\/08\/Omella.jpg?resize=300%2C169&amp;ssl=1 300w, https:\/\/i0.wp.com\/logronopasion.com\/portal\/wp-content\/uploads\/2020\/08\/Omella.jpg?resize=768%2C432&amp;ssl=1 768w, https:\/\/i0.wp.com\/logronopasion.com\/portal\/wp-content\/uploads\/2020\/08\/Omella.jpg?w=1366&amp;ssl=1 1366w\" alt=\"\" width=\"740\" height=\"416\" data-recalc-dims=\"1\" data-lazy-loaded=\"1\" \/><\/a><\/p>\n<p><img loading=\"lazy\" decoding=\"async\" class=\"shrinkToFit aligncenter jetpack-lazy-image jetpack-lazy-image--handled\" src=\"https:\/\/i1.wp.com\/logronopasion.com\/portal\/wp-content\/uploads\/2017\/08\/Eucarist%C3%ADa-d%C3%ADa-21.jpg\" alt=\"https:\/\/i1.wp.com\/logronopasion.com\/portal\/wp-content\/uploads\/2017\/08\/Eucarist%C3%ADa-d%C3%ADa-21.jpg\" width=\"531\" height=\"299\" data-lazy-loaded=\"1\" \/><\/p>\n<p>&nbsp;<\/p>\n<p><img loading=\"lazy\" decoding=\"async\" class=\"shrinkToFit aligncenter jetpack-lazy-image jetpack-lazy-image--handled\" src=\"https:\/\/i2.wp.com\/logronopasion.com\/portal\/wp-content\/uploads\/2017\/08\/Eucarist%C3%ADa-d%C3%ADa-20.jpg\" alt=\"https:\/\/i2.wp.com\/logronopasion.com\/portal\/wp-content\/uploads\/2017\/08\/Eucarist%C3%ADa-d%C3%ADa-20.jpg\" width=\"546\" height=\"818\" data-lazy-loaded=\"1\" \/><\/p>\n<p>&nbsp;<\/p>\n<p><a href=\"https:\/\/i0.wp.com\/logronopasion.com\/portal\/wp-content\/uploads\/2020\/08\/IMG-20180820-WA0005.jpg?ssl=1\"><img loading=\"lazy\" decoding=\"async\" class=\"aligncenter wp-image-7003 size-large jetpack-lazy-image jetpack-lazy-image--handled\" src=\"https:\/\/i0.wp.com\/logronopasion.com\/portal\/wp-content\/uploads\/2020\/08\/IMG-20180820-WA0005.jpg?resize=640%2C427&amp;ssl=1\" sizes=\"auto, (max-width: 640px) 100vw, 640px\" srcset=\"https:\/\/i0.wp.com\/logronopasion.com\/portal\/wp-content\/uploads\/2020\/08\/IMG-20180820-WA0005.jpg?resize=1024%2C683&amp;ssl=1 1024w, https:\/\/i0.wp.com\/logronopasion.com\/portal\/wp-content\/uploads\/2020\/08\/IMG-20180820-WA0005.jpg?resize=300%2C200&amp;ssl=1 300w, https:\/\/i0.wp.com\/logronopasion.com\/portal\/wp-content\/uploads\/2020\/08\/IMG-20180820-WA0005.jpg?resize=768%2C512&amp;ssl=1 768w, https:\/\/i0.wp.com\/logronopasion.com\/portal\/wp-content\/uploads\/2020\/08\/IMG-20180820-WA0005.jpg?resize=675%2C450&amp;ssl=1 675w, https:\/\/i0.wp.com\/logronopasion.com\/portal\/wp-content\/uploads\/2020\/08\/IMG-20180820-WA0005.jpg?w=1296&amp;ssl=1 1296w\" alt=\"\" width=\"640\" height=\"427\" data-recalc-dims=\"1\" data-lazy-loaded=\"1\" \/><\/a><\/p>\n<p><a href=\"https:\/\/i0.wp.com\/logronopasion.com\/portal\/wp-content\/uploads\/2020\/08\/IMG_7773-scaled.jpg?ssl=1\"><img loading=\"lazy\" decoding=\"async\" class=\"aligncenter wp-image-7004 size-large jetpack-lazy-image jetpack-lazy-image--handled\" src=\"https:\/\/i0.wp.com\/logronopasion.com\/portal\/wp-content\/uploads\/2020\/08\/IMG_7773.jpg?resize=640%2C427&amp;ssl=1\" sizes=\"auto, (max-width: 640px) 100vw, 640px\" srcset=\"https:\/\/i0.wp.com\/logronopasion.com\/portal\/wp-content\/uploads\/2020\/08\/IMG_7773-scaled.jpg?resize=1024%2C683&amp;ssl=1 1024w, https:\/\/i0.wp.com\/logronopasion.com\/portal\/wp-content\/uploads\/2020\/08\/IMG_7773-scaled.jpg?resize=300%2C200&amp;ssl=1 300w, https:\/\/i0.wp.com\/logronopasion.com\/portal\/wp-content\/uploads\/2020\/08\/IMG_7773-scaled.jpg?resize=768%2C512&amp;ssl=1 768w, https:\/\/i0.wp.com\/logronopasion.com\/portal\/wp-content\/uploads\/2020\/08\/IMG_7773-scaled.jpg?resize=1536%2C1024&amp;ssl=1 1536w, https:\/\/i0.wp.com\/logronopasion.com\/portal\/wp-content\/uploads\/2020\/08\/IMG_7773-scaled.jpg?resize=2048%2C1365&amp;ssl=1 2048w, https:\/\/i0.wp.com\/logronopasion.com\/portal\/wp-content\/uploads\/2020\/08\/IMG_7773-scaled.jpg?resize=675%2C450&amp;ssl=1 675w, https:\/\/i0.wp.com\/logronopasion.com\/portal\/wp-content\/uploads\/2020\/08\/IMG_7773-scaled.jpg?w=2370&amp;ssl=1 2370w\" alt=\"\" width=\"640\" height=\"427\" data-recalc-dims=\"1\" data-lazy-loaded=\"1\" \/><\/a><\/p>\n<p><a href=\"https:\/\/i0.wp.com\/logronopasion.com\/portal\/wp-content\/uploads\/2020\/08\/Gabino-Gutierrez-1.jpg?ssl=1\"><img loading=\"lazy\" decoding=\"async\" class=\"aligncenter wp-image-7006 size-large jetpack-lazy-image jetpack-lazy-image--handled\" src=\"https:\/\/i0.wp.com\/logronopasion.com\/portal\/wp-content\/uploads\/2020\/08\/Gabino-Gutierrez-1.jpg?resize=640%2C364&amp;ssl=1\" sizes=\"auto, (max-width: 640px) 100vw, 640px\" srcset=\"https:\/\/i0.wp.com\/logronopasion.com\/portal\/wp-content\/uploads\/2020\/08\/Gabino-Gutierrez-1.jpg?resize=1024%2C583&amp;ssl=1 1024w, https:\/\/i0.wp.com\/logronopasion.com\/portal\/wp-content\/uploads\/2020\/08\/Gabino-Gutierrez-1.jpg?resize=300%2C171&amp;ssl=1 300w, https:\/\/i0.wp.com\/logronopasion.com\/portal\/wp-content\/uploads\/2020\/08\/Gabino-Gutierrez-1.jpg?resize=768%2C437&amp;ssl=1 768w, https:\/\/i0.wp.com\/logronopasion.com\/portal\/wp-content\/uploads\/2020\/08\/Gabino-Gutierrez-1.jpg?w=1273&amp;ssl=1 1273w\" alt=\"\" width=\"640\" height=\"364\" data-recalc-dims=\"1\" data-lazy-loaded=\"1\" \/><\/a><\/p>\n<p><a href=\"https:\/\/i0.wp.com\/logronopasion.com\/portal\/wp-content\/uploads\/2020\/08\/IMG_4528-scaled.jpg?ssl=1\"><img loading=\"lazy\" decoding=\"async\" class=\"aligncenter wp-image-7009 size-large jetpack-lazy-image jetpack-lazy-image--handled\" src=\"https:\/\/i0.wp.com\/logronopasion.com\/portal\/wp-content\/uploads\/2020\/08\/IMG_4528.jpg?resize=640%2C427&amp;ssl=1\" sizes=\"auto, (max-width: 640px) 100vw, 640px\" srcset=\"https:\/\/i0.wp.com\/logronopasion.com\/portal\/wp-content\/uploads\/2020\/08\/IMG_4528-scaled.jpg?resize=1024%2C683&amp;ssl=1 1024w, https:\/\/i0.wp.com\/logronopasion.com\/portal\/wp-content\/uploads\/2020\/08\/IMG_4528-scaled.jpg?resize=300%2C200&amp;ssl=1 300w, https:\/\/i0.wp.com\/logronopasion.com\/portal\/wp-content\/uploads\/2020\/08\/IMG_4528-scaled.jpg?resize=768%2C512&amp;ssl=1 768w, https:\/\/i0.wp.com\/logronopasion.com\/portal\/wp-content\/uploads\/2020\/08\/IMG_4528-scaled.jpg?resize=1536%2C1024&amp;ssl=1 1536w, https:\/\/i0.wp.com\/logronopasion.com\/portal\/wp-content\/uploads\/2020\/08\/IMG_4528-scaled.jpg?resize=2048%2C1365&amp;ssl=1 2048w, https:\/\/i0.wp.com\/logronopasion.com\/portal\/wp-content\/uploads\/2020\/08\/IMG_4528-scaled.jpg?resize=675%2C450&amp;ssl=1 675w, https:\/\/i0.wp.com\/logronopasion.com\/portal\/wp-content\/uploads\/2020\/08\/IMG_4528-scaled.jpg?w=2370&amp;ssl=1 2370w\" alt=\"\" width=\"640\" height=\"427\" data-recalc-dims=\"1\" data-lazy-loaded=\"1\" \/><\/a><\/p>\n<p><a href=\"https:\/\/i0.wp.com\/logronopasion.com\/portal\/wp-content\/uploads\/2020\/08\/IMG_0762-scaled.jpg?ssl=1\"><img loading=\"lazy\" decoding=\"async\" class=\"aligncenter wp-image-7010 size-large jetpack-lazy-image jetpack-lazy-image--handled\" src=\"https:\/\/i0.wp.com\/logronopasion.com\/portal\/wp-content\/uploads\/2020\/08\/IMG_0762.jpg?resize=640%2C427&amp;ssl=1\" sizes=\"auto, (max-width: 640px) 100vw, 640px\" srcset=\"https:\/\/i0.wp.com\/logronopasion.com\/portal\/wp-content\/uploads\/2020\/08\/IMG_0762-scaled.jpg?resize=1024%2C683&amp;ssl=1 1024w, https:\/\/i0.wp.com\/logronopasion.com\/portal\/wp-content\/uploads\/2020\/08\/IMG_0762-scaled.jpg?resize=300%2C200&amp;ssl=1 300w, https:\/\/i0.wp.com\/logronopasion.com\/portal\/wp-content\/uploads\/2020\/08\/IMG_0762-scaled.jpg?resize=768%2C512&amp;ssl=1 768w, https:\/\/i0.wp.com\/logronopasion.com\/portal\/wp-content\/uploads\/2020\/08\/IMG_0762-scaled.jpg?resize=1536%2C1024&amp;ssl=1 1536w, https:\/\/i0.wp.com\/logronopasion.com\/portal\/wp-content\/uploads\/2020\/08\/IMG_0762-scaled.jpg?resize=2048%2C1365&amp;ssl=1 2048w, https:\/\/i0.wp.com\/logronopasion.com\/portal\/wp-content\/uploads\/2020\/08\/IMG_0762-scaled.jpg?resize=675%2C450&amp;ssl=1 675w, https:\/\/i0.wp.com\/logronopasion.com\/portal\/wp-content\/uploads\/2020\/08\/IMG_0762-scaled.jpg?w=2370&amp;ssl=1 2370w\" alt=\"\" width=\"640\" height=\"427\" data-recalc-dims=\"1\" data-lazy-loaded=\"1\" \/><\/a><\/p>\n<p><a href=\"https:\/\/i0.wp.com\/logronopasion.com\/portal\/wp-content\/uploads\/2020\/08\/IMG-20180820-WA0011-2.jpg?ssl=1\"><img loading=\"lazy\" decoding=\"async\" class=\"aligncenter wp-image-7012 jetpack-lazy-image jetpack-lazy-image--handled\" src=\"https:\/\/i0.wp.com\/logronopasion.com\/portal\/wp-content\/uploads\/2020\/08\/IMG-20180820-WA0011-2.jpg?resize=640%2C732&amp;ssl=1\" sizes=\"auto, (max-width: 640px) 100vw, 640px\" srcset=\"https:\/\/i0.wp.com\/logronopasion.com\/portal\/wp-content\/uploads\/2020\/08\/IMG-20180820-WA0011-2.jpg?resize=262%2C300&amp;ssl=1 262w, https:\/\/i0.wp.com\/logronopasion.com\/portal\/wp-content\/uploads\/2020\/08\/IMG-20180820-WA0011-2.jpg?resize=768%2C878&amp;ssl=1 768w, https:\/\/i0.wp.com\/logronopasion.com\/portal\/wp-content\/uploads\/2020\/08\/IMG-20180820-WA0011-2.jpg?w=853&amp;ssl=1 853w\" alt=\"\" width=\"640\" height=\"732\" data-recalc-dims=\"1\" data-lazy-loaded=\"1\" \/><\/a><\/p>\n<p><a href=\"https:\/\/i0.wp.com\/logronopasion.com\/portal\/wp-content\/uploads\/2020\/08\/IMG_4534-scaled.jpg?ssl=1\"><img loading=\"lazy\" decoding=\"async\" class=\"aligncenter wp-image-7016 size-large jetpack-lazy-image jetpack-lazy-image--handled\" src=\"https:\/\/i0.wp.com\/logronopasion.com\/portal\/wp-content\/uploads\/2020\/08\/IMG_4534.jpg?resize=640%2C427&amp;ssl=1\" sizes=\"auto, (max-width: 640px) 100vw, 640px\" srcset=\"https:\/\/i0.wp.com\/logronopasion.com\/portal\/wp-content\/uploads\/2020\/08\/IMG_4534-scaled.jpg?resize=1024%2C683&amp;ssl=1 1024w, https:\/\/i0.wp.com\/logronopasion.com\/portal\/wp-content\/uploads\/2020\/08\/IMG_4534-scaled.jpg?resize=300%2C200&amp;ssl=1 300w, https:\/\/i0.wp.com\/logronopasion.com\/portal\/wp-content\/uploads\/2020\/08\/IMG_4534-scaled.jpg?resize=768%2C512&amp;ssl=1 768w, https:\/\/i0.wp.com\/logronopasion.com\/portal\/wp-content\/uploads\/2020\/08\/IMG_4534-scaled.jpg?resize=1536%2C1024&amp;ssl=1 1536w, https:\/\/i0.wp.com\/logronopasion.com\/portal\/wp-content\/uploads\/2020\/08\/IMG_4534-scaled.jpg?resize=2048%2C1365&amp;ssl=1 2048w, https:\/\/i0.wp.com\/logronopasion.com\/portal\/wp-content\/uploads\/2020\/08\/IMG_4534-scaled.jpg?resize=675%2C450&amp;ssl=1 675w, https:\/\/i0.wp.com\/logronopasion.com\/portal\/wp-content\/uploads\/2020\/08\/IMG_4534-scaled.jpg?w=2370&amp;ssl=1 2370w\" alt=\"\" width=\"640\" height=\"427\" data-recalc-dims=\"1\" data-lazy-loaded=\"1\" \/><\/a><\/p>\n<p>Todos los a\u00f1os, al finalizar la Eucarist\u00eda del d\u00eda se\u00f1alado, tenemos la cena de hermandad, pasando unos muy buenos momentos de convivencia con todos los asistentes a los actos y feligres\u00eda habitual. Pura devoci\u00f3n hacia NUESTRA MADRE LA VIRGEN REINA.<\/p>\n<p><a href=\"https:\/\/i0.wp.com\/logronopasion.com\/portal\/wp-content\/uploads\/2020\/08\/CIMG0779-scaled.jpg?ssl=1\"><img loading=\"lazy\" decoding=\"async\" class=\"aligncenter wp-image-7020 size-large jetpack-lazy-image jetpack-lazy-image--handled\" src=\"https:\/\/i0.wp.com\/logronopasion.com\/portal\/wp-content\/uploads\/2020\/08\/CIMG0779.jpg?resize=640%2C480&amp;ssl=1\" sizes=\"auto, (max-width: 640px) 100vw, 640px\" srcset=\"https:\/\/i0.wp.com\/logronopasion.com\/portal\/wp-content\/uploads\/2020\/08\/CIMG0779-scaled.jpg?resize=1024%2C768&amp;ssl=1 1024w, https:\/\/i0.wp.com\/logronopasion.com\/portal\/wp-content\/uploads\/2020\/08\/CIMG0779-scaled.jpg?resize=300%2C225&amp;ssl=1 300w, https:\/\/i0.wp.com\/logronopasion.com\/portal\/wp-content\/uploads\/2020\/08\/CIMG0779-scaled.jpg?resize=768%2C576&amp;ssl=1 768w, https:\/\/i0.wp.com\/logronopasion.com\/portal\/wp-content\/uploads\/2020\/08\/CIMG0779-scaled.jpg?resize=1536%2C1152&amp;ssl=1 1536w, https:\/\/i0.wp.com\/logronopasion.com\/portal\/wp-content\/uploads\/2020\/08\/CIMG0779-scaled.jpg?resize=2048%2C1536&amp;ssl=1 2048w, https:\/\/i0.wp.com\/logronopasion.com\/portal\/wp-content\/uploads\/2020\/08\/CIMG0779-scaled.jpg?w=2370&amp;ssl=1 2370w\" alt=\"\" width=\"640\" height=\"480\" data-recalc-dims=\"1\" data-lazy-loaded=\"1\" \/><\/a><\/p>\n<p><a href=\"https:\/\/i0.wp.com\/logronopasion.com\/portal\/wp-content\/uploads\/2020\/08\/CIMG3026-scaled.jpg?ssl=1\"><img loading=\"lazy\" decoding=\"async\" class=\"aligncenter wp-image-7021 size-large jetpack-lazy-image jetpack-lazy-image--handled\" src=\"https:\/\/i0.wp.com\/logronopasion.com\/portal\/wp-content\/uploads\/2020\/08\/CIMG3026.jpg?resize=640%2C480&amp;ssl=1\" sizes=\"auto, (max-width: 640px) 100vw, 640px\" srcset=\"https:\/\/i0.wp.com\/logronopasion.com\/portal\/wp-content\/uploads\/2020\/08\/CIMG3026-scaled.jpg?resize=1024%2C768&amp;ssl=1 1024w, https:\/\/i0.wp.com\/logronopasion.com\/portal\/wp-content\/uploads\/2020\/08\/CIMG3026-scaled.jpg?resize=300%2C225&amp;ssl=1 300w, https:\/\/i0.wp.com\/logronopasion.com\/portal\/wp-content\/uploads\/2020\/08\/CIMG3026-scaled.jpg?resize=768%2C576&amp;ssl=1 768w, https:\/\/i0.wp.com\/logronopasion.com\/portal\/wp-content\/uploads\/2020\/08\/CIMG3026-scaled.jpg?resize=1536%2C1152&amp;ssl=1 1536w, https:\/\/i0.wp.com\/logronopasion.com\/portal\/wp-content\/uploads\/2020\/08\/CIMG3026-scaled.jpg?resize=2048%2C1536&amp;ssl=1 2048w, https:\/\/i0.wp.com\/logronopasion.com\/portal\/wp-content\/uploads\/2020\/08\/CIMG3026-scaled.jpg?w=2370&amp;ssl=1 2370w\" alt=\"\" width=\"640\" height=\"480\" data-recalc-dims=\"1\" data-lazy-loaded=\"1\" \/><\/a><\/p>\n<p><a href=\"https:\/\/i0.wp.com\/logronopasion.com\/portal\/wp-content\/uploads\/2020\/08\/CIMG3781-scaled.jpg?ssl=1\"><img loading=\"lazy\" decoding=\"async\" class=\"aligncenter wp-image-7022 size-large jetpack-lazy-image jetpack-lazy-image--handled\" src=\"https:\/\/i0.wp.com\/logronopasion.com\/portal\/wp-content\/uploads\/2020\/08\/CIMG3781.jpg?resize=640%2C480&amp;ssl=1\" sizes=\"auto, (max-width: 640px) 100vw, 640px\" srcset=\"https:\/\/i0.wp.com\/logronopasion.com\/portal\/wp-content\/uploads\/2020\/08\/CIMG3781-scaled.jpg?resize=1024%2C768&amp;ssl=1 1024w, https:\/\/i0.wp.com\/logronopasion.com\/portal\/wp-content\/uploads\/2020\/08\/CIMG3781-scaled.jpg?resize=300%2C225&amp;ssl=1 300w, https:\/\/i0.wp.com\/logronopasion.com\/portal\/wp-content\/uploads\/2020\/08\/CIMG3781-scaled.jpg?resize=768%2C576&amp;ssl=1 768w, https:\/\/i0.wp.com\/logronopasion.com\/portal\/wp-content\/uploads\/2020\/08\/CIMG3781-scaled.jpg?resize=1536%2C1152&amp;ssl=1 1536w, https:\/\/i0.wp.com\/logronopasion.com\/portal\/wp-content\/uploads\/2020\/08\/CIMG3781-scaled.jpg?resize=2048%2C1536&amp;ssl=1 2048w, https:\/\/i0.wp.com\/logronopasion.com\/portal\/wp-content\/uploads\/2020\/08\/CIMG3781-scaled.jpg?w=2370&amp;ssl=1 2370w\" alt=\"\" width=\"640\" height=\"480\" data-recalc-dims=\"1\" data-lazy-loaded=\"1\" \/><\/a><\/p>\n<p><a href=\"https:\/\/i0.wp.com\/logronopasion.com\/portal\/wp-content\/uploads\/2020\/08\/IMG_4536-scaled.jpg?ssl=1\"><img loading=\"lazy\" decoding=\"async\" class=\"aligncenter wp-image-7023 size-large jetpack-lazy-image jetpack-lazy-image--handled\" src=\"https:\/\/i0.wp.com\/logronopasion.com\/portal\/wp-content\/uploads\/2020\/08\/IMG_4536.jpg?resize=640%2C427&amp;ssl=1\" sizes=\"auto, (max-width: 640px) 100vw, 640px\" srcset=\"https:\/\/i0.wp.com\/logronopasion.com\/portal\/wp-content\/uploads\/2020\/08\/IMG_4536-scaled.jpg?resize=1024%2C683&amp;ssl=1 1024w, https:\/\/i0.wp.com\/logronopasion.com\/portal\/wp-content\/uploads\/2020\/08\/IMG_4536-scaled.jpg?resize=300%2C200&amp;ssl=1 300w, https:\/\/i0.wp.com\/logronopasion.com\/portal\/wp-content\/uploads\/2020\/08\/IMG_4536-scaled.jpg?resize=768%2C512&amp;ssl=1 768w, https:\/\/i0.wp.com\/logronopasion.com\/portal\/wp-content\/uploads\/2020\/08\/IMG_4536-scaled.jpg?resize=1536%2C1024&amp;ssl=1 1536w, https:\/\/i0.wp.com\/logronopasion.com\/portal\/wp-content\/uploads\/2020\/08\/IMG_4536-scaled.jpg?resize=2048%2C1365&amp;ssl=1 2048w, https:\/\/i0.wp.com\/logronopasion.com\/portal\/wp-content\/uploads\/2020\/08\/IMG_4536-scaled.jpg?resize=675%2C450&amp;ssl=1 675w, https:\/\/i0.wp.com\/logronopasion.com\/portal\/wp-content\/uploads\/2020\/08\/IMG_4536-scaled.jpg?w=2370&amp;ssl=1 2370w\" alt=\"\" width=\"640\" height=\"427\" data-recalc-dims=\"1\" data-lazy-loaded=\"1\" \/><\/a><\/p>\n","protected":false},"excerpt":{"rendered":"<p>FESTIVIDAD DE LA CORONACI\u00d3N DE NUESTRA SE\u00d1ORA LA VIRGEN MAR\u00cdA COMO REINA DEL UNIVERSO Tal y como destacamos en nuestro cartel, los d\u00edas 19 viernes, 20 s\u00e1bado y 22 lunes respectivamente, celebramos dicha festividad con un Triduo y Eucarist\u00edas a las 19.00 horas. El domingo 21 de agosto tambi\u00e9n a las 19.00 horas y como complemento al Triduo, tendremos los actos preparados para este a\u00f1o con la Eucarist\u00eda de \u00abAcci\u00f3n de Gracias\u00bb, Himno y Oraci\u00f3n a la Virgen Reina, Ofrenda de flores a la Virgen y Procesi\u00f3n por los caminos adyacentes a la capilla, como viene siendo habitual. De igual&hellip; <\/p>\n","protected":false},"author":2,"featured_media":20282,"comment_status":"open","ping_status":"open","sticky":false,"template":"","format":"standard","meta":{"_bbp_topic_count":0,"_bbp_reply_count":0,"_bbp_total_topic_count":0,"_bbp_total_reply_count":0,"_bbp_voice_count":0,"_bbp_anonymous_reply_count":0,"_bbp_topic_count_hidden":0,"_bbp_reply_count_hidden":0,"_bbp_forum_subforum_count":0,"_crdt_document":"","footnotes":""},"categories":[38,3,1],"tags":[],"class_list":["post-20276","post","type-post","status-publish","format-standard","has-post-thumbnail","hentry","category-destacados","category-iglesia","category-noticias"],"yoast_head":"<!-- This site is optimized with the Yoast SEO plugin v27.4 - https:\/\/yoast.com\/product\/yoast-seo-wordpress\/ -->\n<title>Mar\u00eda de Nazaret, Coronada como Reina de los Cielos. - Logro\u00f1o Pasi\u00f3n<\/title>\n<meta name=\"robots\" content=\"index, follow, max-snippet:-1, max-image-preview:large, max-video-preview:-1\" \/>\n<link rel=\"canonical\" href=\"https:\/\/www.logronopasion.com\/portal\/maria-de-nazaret-coronada-como-reina-de-los-cielos\/\" \/>\n<meta property=\"og:locale\" content=\"es_ES\" \/>\n<meta property=\"og:type\" content=\"article\" \/>\n<meta property=\"og:title\" content=\"Mar\u00eda de Nazaret, Coronada como Reina de los Cielos. - Logro\u00f1o Pasi\u00f3n\" \/>\n<meta property=\"og:description\" content=\"FESTIVIDAD DE LA CORONACI\u00d3N DE NUESTRA SE\u00d1ORA LA VIRGEN MAR\u00cdA COMO REINA DEL UNIVERSO Tal y como destacamos en nuestro cartel, los d\u00edas 19 viernes, 20 s\u00e1bado y 22 lunes respectivamente, celebramos dicha festividad con un Triduo y Eucarist\u00edas a las 19.00 horas. El domingo 21 de agosto tambi\u00e9n a las 19.00 horas y como complemento al Triduo, tendremos los actos preparados para este a\u00f1o con la Eucarist\u00eda de \u00abAcci\u00f3n de Gracias\u00bb, Himno y Oraci\u00f3n a la Virgen Reina, Ofrenda de flores a la Virgen y Procesi\u00f3n por los caminos adyacentes a la capilla, como viene siendo habitual. De igual&hellip;\" \/>\n<meta property=\"og:url\" content=\"https:\/\/www.logronopasion.com\/portal\/maria-de-nazaret-coronada-como-reina-de-los-cielos\/\" \/>\n<meta property=\"og:site_name\" content=\"Logro\u00f1o Pasi\u00f3n\" \/>\n<meta property=\"article:publisher\" content=\"https:\/\/www.facebook.com\/logronopasion\" \/>\n<meta property=\"article:published_time\" content=\"2022-08-21T00:43:10+00:00\" \/>\n<meta property=\"og:image\" content=\"https:\/\/www.logronopasion.com\/portal\/wp-content\/uploads\/2022\/08\/IMG_0044-e1661042489805.jpg\" \/>\n\t<meta property=\"og:image:width\" content=\"300\" \/>\n\t<meta property=\"og:image:height\" content=\"400\" \/>\n\t<meta property=\"og:image:type\" content=\"image\/jpeg\" \/>\n<meta name=\"author\" content=\"ROU\" \/>\n<meta name=\"twitter:card\" content=\"summary_large_image\" \/>\n<meta name=\"twitter:creator\" content=\"@LogronoPasion\" \/>\n<meta name=\"twitter:site\" content=\"@LogronoPasion\" \/>\n<meta name=\"twitter:label1\" content=\"Escrito por\" \/>\n\t<meta name=\"twitter:data1\" content=\"ROU\" \/>\n\t<meta name=\"twitter:label2\" content=\"Tiempo de lectura\" \/>\n\t<meta name=\"twitter:data2\" content=\"9 minutos\" \/>\n<script type=\"application\/ld+json\" class=\"yoast-schema-graph\">{\"@context\":\"https:\\\/\\\/schema.org\",\"@graph\":[{\"@type\":\"Article\",\"@id\":\"https:\\\/\\\/www.logronopasion.com\\\/portal\\\/maria-de-nazaret-coronada-como-reina-de-los-cielos\\\/#article\",\"isPartOf\":{\"@id\":\"https:\\\/\\\/www.logronopasion.com\\\/portal\\\/maria-de-nazaret-coronada-como-reina-de-los-cielos\\\/\"},\"author\":{\"name\":\"ROU\",\"@id\":\"https:\\\/\\\/www.logronopasion.com\\\/portal\\\/#\\\/schema\\\/person\\\/2f883c3fdb92c04e9616af63b5dcfcf2\"},\"headline\":\"Mar\u00eda de Nazaret, Coronada como Reina de los Cielos.\",\"datePublished\":\"2022-08-21T00:43:10+00:00\",\"mainEntityOfPage\":{\"@id\":\"https:\\\/\\\/www.logronopasion.com\\\/portal\\\/maria-de-nazaret-coronada-como-reina-de-los-cielos\\\/\"},\"wordCount\":856,\"commentCount\":0,\"publisher\":{\"@id\":\"https:\\\/\\\/www.logronopasion.com\\\/portal\\\/#organization\"},\"image\":{\"@id\":\"https:\\\/\\\/www.logronopasion.com\\\/portal\\\/maria-de-nazaret-coronada-como-reina-de-los-cielos\\\/#primaryimage\"},\"thumbnailUrl\":\"https:\\\/\\\/www.logronopasion.com\\\/portal\\\/wp-content\\\/uploads\\\/2022\\\/08\\\/IMG_0044-e1661042489805.jpg\",\"articleSection\":[\"Destacados\",\"Iglesia - estado, sociedad y religi\u00f3n\",\"Noticias \\\/ Actualidad\"],\"inLanguage\":\"es\",\"potentialAction\":[{\"@type\":\"CommentAction\",\"name\":\"Comment\",\"target\":[\"https:\\\/\\\/www.logronopasion.com\\\/portal\\\/maria-de-nazaret-coronada-como-reina-de-los-cielos\\\/#respond\"]}]},{\"@type\":\"WebPage\",\"@id\":\"https:\\\/\\\/www.logronopasion.com\\\/portal\\\/maria-de-nazaret-coronada-como-reina-de-los-cielos\\\/\",\"url\":\"https:\\\/\\\/www.logronopasion.com\\\/portal\\\/maria-de-nazaret-coronada-como-reina-de-los-cielos\\\/\",\"name\":\"Mar\u00eda de Nazaret, Coronada como Reina de los Cielos. - Logro\u00f1o Pasi\u00f3n\",\"isPartOf\":{\"@id\":\"https:\\\/\\\/www.logronopasion.com\\\/portal\\\/#website\"},\"primaryImageOfPage\":{\"@id\":\"https:\\\/\\\/www.logronopasion.com\\\/portal\\\/maria-de-nazaret-coronada-como-reina-de-los-cielos\\\/#primaryimage\"},\"image\":{\"@id\":\"https:\\\/\\\/www.logronopasion.com\\\/portal\\\/maria-de-nazaret-coronada-como-reina-de-los-cielos\\\/#primaryimage\"},\"thumbnailUrl\":\"https:\\\/\\\/www.logronopasion.com\\\/portal\\\/wp-content\\\/uploads\\\/2022\\\/08\\\/IMG_0044-e1661042489805.jpg\",\"datePublished\":\"2022-08-21T00:43:10+00:00\",\"inLanguage\":\"es\",\"potentialAction\":[{\"@type\":\"ReadAction\",\"target\":[\"https:\\\/\\\/www.logronopasion.com\\\/portal\\\/maria-de-nazaret-coronada-como-reina-de-los-cielos\\\/\"]}]},{\"@type\":\"ImageObject\",\"inLanguage\":\"es\",\"@id\":\"https:\\\/\\\/www.logronopasion.com\\\/portal\\\/maria-de-nazaret-coronada-como-reina-de-los-cielos\\\/#primaryimage\",\"url\":\"https:\\\/\\\/www.logronopasion.com\\\/portal\\\/wp-content\\\/uploads\\\/2022\\\/08\\\/IMG_0044-e1661042489805.jpg\",\"contentUrl\":\"https:\\\/\\\/www.logronopasion.com\\\/portal\\\/wp-content\\\/uploads\\\/2022\\\/08\\\/IMG_0044-e1661042489805.jpg\",\"width\":300,\"height\":400},{\"@type\":\"WebSite\",\"@id\":\"https:\\\/\\\/www.logronopasion.com\\\/portal\\\/#website\",\"url\":\"https:\\\/\\\/www.logronopasion.com\\\/portal\\\/\",\"name\":\"Logro\u00f1o Pasi\u00f3n\",\"description\":\"Portal sobre la Semana Santa de Logro\u00f1o\",\"publisher\":{\"@id\":\"https:\\\/\\\/www.logronopasion.com\\\/portal\\\/#organization\"},\"potentialAction\":[{\"@type\":\"SearchAction\",\"target\":{\"@type\":\"EntryPoint\",\"urlTemplate\":\"https:\\\/\\\/www.logronopasion.com\\\/portal\\\/?s={search_term_string}\"},\"query-input\":{\"@type\":\"PropertyValueSpecification\",\"valueRequired\":true,\"valueName\":\"search_term_string\"}}],\"inLanguage\":\"es\"},{\"@type\":\"Organization\",\"@id\":\"https:\\\/\\\/www.logronopasion.com\\\/portal\\\/#organization\",\"name\":\"Logro\u00f1o Pasi\u00f3n\",\"url\":\"https:\\\/\\\/www.logronopasion.com\\\/portal\\\/\",\"logo\":{\"@type\":\"ImageObject\",\"inLanguage\":\"es\",\"@id\":\"https:\\\/\\\/www.logronopasion.com\\\/portal\\\/#\\\/schema\\\/logo\\\/image\\\/\",\"url\":\"https:\\\/\\\/i2.wp.com\\\/logronopasion.com\\\/portal\\\/wp-content\\\/uploads\\\/2019\\\/04\\\/cropped-Header-1.jpg?fit=312%2C212&ssl=1\",\"contentUrl\":\"https:\\\/\\\/i2.wp.com\\\/logronopasion.com\\\/portal\\\/wp-content\\\/uploads\\\/2019\\\/04\\\/cropped-Header-1.jpg?fit=312%2C212&ssl=1\",\"width\":312,\"height\":212,\"caption\":\"Logro\u00f1o Pasi\u00f3n\"},\"image\":{\"@id\":\"https:\\\/\\\/www.logronopasion.com\\\/portal\\\/#\\\/schema\\\/logo\\\/image\\\/\"},\"sameAs\":[\"https:\\\/\\\/www.facebook.com\\\/logronopasion\",\"https:\\\/\\\/x.com\\\/LogronoPasion\"]},{\"@type\":\"Person\",\"@id\":\"https:\\\/\\\/www.logronopasion.com\\\/portal\\\/#\\\/schema\\\/person\\\/2f883c3fdb92c04e9616af63b5dcfcf2\",\"name\":\"ROU\",\"image\":{\"@type\":\"ImageObject\",\"inLanguage\":\"es\",\"@id\":\"https:\\\/\\\/www.logronopasion.com\\\/portal\\\/wp-content\\\/uploads\\\/2021\\\/11\\\/16107_209547569181270_194186917_n-1-150x150.jpg\",\"url\":\"https:\\\/\\\/www.logronopasion.com\\\/portal\\\/wp-content\\\/uploads\\\/2021\\\/11\\\/16107_209547569181270_194186917_n-1-150x150.jpg\",\"contentUrl\":\"https:\\\/\\\/www.logronopasion.com\\\/portal\\\/wp-content\\\/uploads\\\/2021\\\/11\\\/16107_209547569181270_194186917_n-1-150x150.jpg\",\"caption\":\"ROU\"},\"url\":\"https:\\\/\\\/www.logronopasion.com\\\/portal\\\/author\\\/rou\\\/\"}]}<\/script>\n<!-- \/ Yoast SEO plugin. -->","yoast_head_json":{"title":"Mar\u00eda de Nazaret, Coronada como Reina de los Cielos. - Logro\u00f1o Pasi\u00f3n","robots":{"index":"index","follow":"follow","max-snippet":"max-snippet:-1","max-image-preview":"max-image-preview:large","max-video-preview":"max-video-preview:-1"},"canonical":"https:\/\/www.logronopasion.com\/portal\/maria-de-nazaret-coronada-como-reina-de-los-cielos\/","og_locale":"es_ES","og_type":"article","og_title":"Mar\u00eda de Nazaret, Coronada como Reina de los Cielos. - Logro\u00f1o Pasi\u00f3n","og_description":"FESTIVIDAD DE LA CORONACI\u00d3N DE NUESTRA SE\u00d1ORA LA VIRGEN MAR\u00cdA COMO REINA DEL UNIVERSO Tal y como destacamos en nuestro cartel, los d\u00edas 19 viernes, 20 s\u00e1bado y 22 lunes respectivamente, celebramos dicha festividad con un Triduo y Eucarist\u00edas a las 19.00 horas. El domingo 21 de agosto tambi\u00e9n a las 19.00 horas y como complemento al Triduo, tendremos los actos preparados para este a\u00f1o con la Eucarist\u00eda de \u00abAcci\u00f3n de Gracias\u00bb, Himno y Oraci\u00f3n a la Virgen Reina, Ofrenda de flores a la Virgen y Procesi\u00f3n por los caminos adyacentes a la capilla, como viene siendo habitual. De igual&hellip;","og_url":"https:\/\/www.logronopasion.com\/portal\/maria-de-nazaret-coronada-como-reina-de-los-cielos\/","og_site_name":"Logro\u00f1o Pasi\u00f3n","article_publisher":"https:\/\/www.facebook.com\/logronopasion","article_published_time":"2022-08-21T00:43:10+00:00","og_image":[{"width":300,"height":400,"url":"https:\/\/www.logronopasion.com\/portal\/wp-content\/uploads\/2022\/08\/IMG_0044-e1661042489805.jpg","type":"image\/jpeg"}],"author":"ROU","twitter_card":"summary_large_image","twitter_creator":"@LogronoPasion","twitter_site":"@LogronoPasion","twitter_misc":{"Escrito por":"ROU","Tiempo de lectura":"9 minutos"},"schema":{"@context":"https:\/\/schema.org","@graph":[{"@type":"Article","@id":"https:\/\/www.logronopasion.com\/portal\/maria-de-nazaret-coronada-como-reina-de-los-cielos\/#article","isPartOf":{"@id":"https:\/\/www.logronopasion.com\/portal\/maria-de-nazaret-coronada-como-reina-de-los-cielos\/"},"author":{"name":"ROU","@id":"https:\/\/www.logronopasion.com\/portal\/#\/schema\/person\/2f883c3fdb92c04e9616af63b5dcfcf2"},"headline":"Mar\u00eda de Nazaret, Coronada como Reina de los Cielos.","datePublished":"2022-08-21T00:43:10+00:00","mainEntityOfPage":{"@id":"https:\/\/www.logronopasion.com\/portal\/maria-de-nazaret-coronada-como-reina-de-los-cielos\/"},"wordCount":856,"commentCount":0,"publisher":{"@id":"https:\/\/www.logronopasion.com\/portal\/#organization"},"image":{"@id":"https:\/\/www.logronopasion.com\/portal\/maria-de-nazaret-coronada-como-reina-de-los-cielos\/#primaryimage"},"thumbnailUrl":"https:\/\/www.logronopasion.com\/portal\/wp-content\/uploads\/2022\/08\/IMG_0044-e1661042489805.jpg","articleSection":["Destacados","Iglesia - estado, sociedad y religi\u00f3n","Noticias \/ Actualidad"],"inLanguage":"es","potentialAction":[{"@type":"CommentAction","name":"Comment","target":["https:\/\/www.logronopasion.com\/portal\/maria-de-nazaret-coronada-como-reina-de-los-cielos\/#respond"]}]},{"@type":"WebPage","@id":"https:\/\/www.logronopasion.com\/portal\/maria-de-nazaret-coronada-como-reina-de-los-cielos\/","url":"https:\/\/www.logronopasion.com\/portal\/maria-de-nazaret-coronada-como-reina-de-los-cielos\/","name":"Mar\u00eda de Nazaret, Coronada como Reina de los Cielos. - Logro\u00f1o Pasi\u00f3n","isPartOf":{"@id":"https:\/\/www.logronopasion.com\/portal\/#website"},"primaryImageOfPage":{"@id":"https:\/\/www.logronopasion.com\/portal\/maria-de-nazaret-coronada-como-reina-de-los-cielos\/#primaryimage"},"image":{"@id":"https:\/\/www.logronopasion.com\/portal\/maria-de-nazaret-coronada-como-reina-de-los-cielos\/#primaryimage"},"thumbnailUrl":"https:\/\/www.logronopasion.com\/portal\/wp-content\/uploads\/2022\/08\/IMG_0044-e1661042489805.jpg","datePublished":"2022-08-21T00:43:10+00:00","inLanguage":"es","potentialAction":[{"@type":"ReadAction","target":["https:\/\/www.logronopasion.com\/portal\/maria-de-nazaret-coronada-como-reina-de-los-cielos\/"]}]},{"@type":"ImageObject","inLanguage":"es","@id":"https:\/\/www.logronopasion.com\/portal\/maria-de-nazaret-coronada-como-reina-de-los-cielos\/#primaryimage","url":"https:\/\/www.logronopasion.com\/portal\/wp-content\/uploads\/2022\/08\/IMG_0044-e1661042489805.jpg","contentUrl":"https:\/\/www.logronopasion.com\/portal\/wp-content\/uploads\/2022\/08\/IMG_0044-e1661042489805.jpg","width":300,"height":400},{"@type":"WebSite","@id":"https:\/\/www.logronopasion.com\/portal\/#website","url":"https:\/\/www.logronopasion.com\/portal\/","name":"Logro\u00f1o Pasi\u00f3n","description":"Portal sobre la Semana Santa de Logro\u00f1o","publisher":{"@id":"https:\/\/www.logronopasion.com\/portal\/#organization"},"potentialAction":[{"@type":"SearchAction","target":{"@type":"EntryPoint","urlTemplate":"https:\/\/www.logronopasion.com\/portal\/?s={search_term_string}"},"query-input":{"@type":"PropertyValueSpecification","valueRequired":true,"valueName":"search_term_string"}}],"inLanguage":"es"},{"@type":"Organization","@id":"https:\/\/www.logronopasion.com\/portal\/#organization","name":"Logro\u00f1o Pasi\u00f3n","url":"https:\/\/www.logronopasion.com\/portal\/","logo":{"@type":"ImageObject","inLanguage":"es","@id":"https:\/\/www.logronopasion.com\/portal\/#\/schema\/logo\/image\/","url":"https:\/\/i2.wp.com\/logronopasion.com\/portal\/wp-content\/uploads\/2019\/04\/cropped-Header-1.jpg?fit=312%2C212&ssl=1","contentUrl":"https:\/\/i2.wp.com\/logronopasion.com\/portal\/wp-content\/uploads\/2019\/04\/cropped-Header-1.jpg?fit=312%2C212&ssl=1","width":312,"height":212,"caption":"Logro\u00f1o Pasi\u00f3n"},"image":{"@id":"https:\/\/www.logronopasion.com\/portal\/#\/schema\/logo\/image\/"},"sameAs":["https:\/\/www.facebook.com\/logronopasion","https:\/\/x.com\/LogronoPasion"]},{"@type":"Person","@id":"https:\/\/www.logronopasion.com\/portal\/#\/schema\/person\/2f883c3fdb92c04e9616af63b5dcfcf2","name":"ROU","image":{"@type":"ImageObject","inLanguage":"es","@id":"https:\/\/www.logronopasion.com\/portal\/wp-content\/uploads\/2021\/11\/16107_209547569181270_194186917_n-1-150x150.jpg","url":"https:\/\/www.logronopasion.com\/portal\/wp-content\/uploads\/2021\/11\/16107_209547569181270_194186917_n-1-150x150.jpg","contentUrl":"https:\/\/www.logronopasion.com\/portal\/wp-content\/uploads\/2021\/11\/16107_209547569181270_194186917_n-1-150x150.jpg","caption":"ROU"},"url":"https:\/\/www.logronopasion.com\/portal\/author\/rou\/"}]}},"_links":{"self":[{"href":"https:\/\/www.logronopasion.com\/portal\/wp-json\/wp\/v2\/posts\/20276","targetHints":{"allow":["GET"]}}],"collection":[{"href":"https:\/\/www.logronopasion.com\/portal\/wp-json\/wp\/v2\/posts"}],"about":[{"href":"https:\/\/www.logronopasion.com\/portal\/wp-json\/wp\/v2\/types\/post"}],"author":[{"embeddable":true,"href":"https:\/\/www.logronopasion.com\/portal\/wp-json\/wp\/v2\/users\/2"}],"replies":[{"embeddable":true,"href":"https:\/\/www.logronopasion.com\/portal\/wp-json\/wp\/v2\/comments?post=20276"}],"version-history":[{"count":1,"href":"https:\/\/www.logronopasion.com\/portal\/wp-json\/wp\/v2\/posts\/20276\/revisions"}],"predecessor-version":[{"id":20283,"href":"https:\/\/www.logronopasion.com\/portal\/wp-json\/wp\/v2\/posts\/20276\/revisions\/20283"}],"wp:featuredmedia":[{"embeddable":true,"href":"https:\/\/www.logronopasion.com\/portal\/wp-json\/wp\/v2\/media\/20282"}],"wp:attachment":[{"href":"https:\/\/www.logronopasion.com\/portal\/wp-json\/wp\/v2\/media?parent=20276"}],"wp:term":[{"taxonomy":"category","embeddable":true,"href":"https:\/\/www.logronopasion.com\/portal\/wp-json\/wp\/v2\/categories?post=20276"},{"taxonomy":"post_tag","embeddable":true,"href":"https:\/\/www.logronopasion.com\/portal\/wp-json\/wp\/v2\/tags?post=20276"}],"curies":[{"name":"wp","href":"https:\/\/api.w.org\/{rel}","templated":true}]}}