{"id":20310,"date":"2022-09-10T00:08:59","date_gmt":"2022-09-09T23:08:59","guid":{"rendered":"https:\/\/logronopasion.com\/portal\/?p=20310"},"modified":"2022-09-10T00:08:59","modified_gmt":"2022-09-09T23:08:59","slug":"ven-y-veras-presentacion-del-nuevo-curso-diocesano-2022-2023","status":"publish","type":"post","link":"https:\/\/www.logronopasion.com\/portal\/ven-y-veras-presentacion-del-nuevo-curso-diocesano-2022-2023\/","title":{"rendered":"\u00abVen y Ver\u00e1s\u00bb. Presentaci\u00f3n del nuevo curso diocesano 2022-2023"},"content":{"rendered":"<div id=\"comp-ivtsban4_SinglePostMediaTop_MediaPost__0_0_titlerichTextContainer\" class=\"s_usaAWRichTextClickableSkin_richTextContainer s_usaAWRichTextClickableSkinrichTextContainer\" data-reactid=\".0.$SITE_ROOT.$desktop_siteRoot.$PAGES_CONTAINER.$centeredContent.$inlineContent.$SITE_PAGES.$ru045_DESKTOP.$inlineContent.$comp-ivtsban4.$inlineContent.0.$child.$0.$inlineContent.$1.$2.$0.$0.$richTextContainer\">\n<div id=\"comp-ivtsban4_SinglePostMediaTop_MediaPost__0_0_WholeSinglePost\" class=\"flex_display flex_vbox\" data-reactid=\".0.$SITE_ROOT.$desktop_siteRoot.$PAGES_CONTAINER.$centeredContent.$inlineContent.$SITE_PAGES.$ru045_DESKTOP.$inlineContent.$comp-ivtsban4.$inlineContent.0.$child.$0.$inlineContent.$1\">\n<div id=\"comp-ivtsban4_SinglePostMediaTop_MediaPost__0_0__type_MediaPost\" class=\" flex_vbox\" data-reactid=\".0.$SITE_ROOT.$desktop_siteRoot.$PAGES_CONTAINER.$centeredContent.$inlineContent.$SITE_PAGES.$ru045_DESKTOP.$inlineContent.$comp-ivtsban4.$inlineContent.0.$child.$0.$inlineContent.$1.$5\">\n<div id=\"59a401b21435a4478367e499comp-ivtsban4_SinglePostMediaTop_MediaPost__0_0_mediaText\" class=\"s_usaAWRichTextClickableSkin\" data-reactid=\".0.$SITE_ROOT.$desktop_siteRoot.$PAGES_CONTAINER.$centeredContent.$inlineContent.$SITE_PAGES.$ru045_DESKTOP.$inlineContent.$comp-ivtsban4.$inlineContent.0.$child.$0.$inlineContent.$1.$5.$0\" data-width=\"630\" data-proxy-name=\"MediaLabel\">\n<div id=\"59a401b21435a4478367e499comp-ivtsban4_SinglePostMediaTop_MediaPost__0_0_mediaTextrichTextContainer\" class=\"s_usaAWRichTextClickableSkin_richTextContainer s_usaAWRichTextClickableSkinrichTextContainer\" data-reactid=\".0.$SITE_ROOT.$desktop_siteRoot.$PAGES_CONTAINER.$centeredContent.$inlineContent.$SITE_PAGES.$ru045_DESKTOP.$inlineContent.$comp-ivtsban4.$inlineContent.0.$child.$0.$inlineContent.$1.$5.$0.$richTextContainer\">\n<div id=\"innercomp_txtMediahhp\" class=\"s_heNoSkinPhoto\" title=\"\" data-reactid=\".0.$SITE_ROOT.$desktop_siteRoot.$PAGES_CONTAINER.$centeredContent.$inlineContent.$SITE_PAGES.$ru045_DESKTOP.$inlineContent.$comp-ivtsban4.$inlineContent.0.$child.$0.$inlineContent.$1.$5.$0.$richTextContainer.0:0\" data-content-padding-vertical=\"0\" data-content-padding-horizontal=\"0\" data-exact-height=\"235.80340264650283\">\n<div id=\"innercomp_txtMediahhplink\" class=\"s_heNoSkinPhotolink\" data-reactid=\".0.$SITE_ROOT.$desktop_siteRoot.$PAGES_CONTAINER.$centeredContent.$inlineContent.$SITE_PAGES.$ru045_DESKTOP.$inlineContent.$comp-ivtsban4.$inlineContent.0.$child.$0.$inlineContent.$1.$5.$0.$richTextContainer.0:0.$link\">\n<div id=\"innercomp_txtMediahhpimg\" class=\"s_heNoSkinPhotoimg\" data-reactid=\".0.$SITE_ROOT.$desktop_siteRoot.$PAGES_CONTAINER.$centeredContent.$inlineContent.$SITE_PAGES.$ru045_DESKTOP.$inlineContent.$comp-ivtsban4.$inlineContent.0.$child.$0.$inlineContent.$1.$5.$0.$richTextContainer.0:0.$link.0\" data-style=\"\"><img loading=\"lazy\" decoding=\"async\" id=\"innercomp_txtMediahhpimgimage\" class=\"aligncenter jetpack-lazy-image jetpack-lazy-image--handled\" src=\"https:\/\/i0.wp.com\/static.wixstatic.com\/media\/83cf3d_7c59cc305c9a4928ac22f3b46db2c1f5~mv2.jpg\/v1\/fill\/w_449,h_224,al_c,q_80,usm_0.66_1.00_0.01\/83cf3d_7c59cc305c9a4928ac22f3b46db2c1f5~mv2.jpg?w=640&amp;ssl=1\" alt=\"\" width=\"449\" height=\"224\" data-type=\"image\" data-reactid=\".0.$SITE_ROOT.$desktop_siteRoot.$PAGES_CONTAINER.$centeredContent.$inlineContent.$SITE_PAGES.$ru045_DESKTOP.$inlineContent.$comp-ivtsban4.$inlineContent.0.$child.$0.$inlineContent.$1.$5.$0.$richTextContainer.0:0.$link.0.$image\" data-lazy-loaded=\"1\" \/><\/div>\n<\/div>\n<\/div>\n<\/div>\n<\/div>\n<\/div>\n<\/div>\n<\/div>\n<p class=\"font_9 color_15\">Un a\u00f1o m\u00e1s, la Virgen de Valvanera vuelve a abrirnos las puertas de su Monasterio y brinda a nuestra Di\u00f3cesis la oportunidad de iniciar, con un cordial saludo ante todo, el deseo de que el Se\u00f1or nos infunda nuevo ardor misionero al inicio del nuevo curso pastoral.<\/p>\n<p class=\"font_9 color_15\">Como todos los a\u00f1os, celebraremos la solemnidad de nuestra Patrona, la Virgen de Valvanera. Este a\u00f1o, con la novedad de hacerlo el <strong>pr\u00f3ximo s\u00e1bado d\u00eda 10 de septiembre desde las 11.00 horas.<\/strong><\/p>\n<p class=\"font_9 color_15\">Durante la Eucarist\u00eda y como viene siendo habitual, se har\u00e1 la presentaci\u00f3n oficial del<strong> Plan Diocesano de Pastoral <em>\u00bb Ven y Ver\u00e1s\u00bb<\/em><\/strong> para \u00e9ste <strong>pr\u00f3ximo curso 2022-2023<\/strong> e invocaremos a la Madre de todos los riojanos para que nos aliente en esta nueva etapa que vamos a emprender.<\/p>\n<p class=\"font_9 color_15\">Esta fiesta de nuestra querida Patrona Ntra. Sra. la Virgen de Valvanera, la venimos celebrando en el domingo posterior y m\u00e1s pr\u00f3ximo, a la festividad de la Natividad de Mar\u00eda. Esta fiesta lit\u00fargica para toda la Di\u00f3cesis Riojana, la desarrollamos en el Monasterio, presidiendo nuestro Obispo diocesano, Curia, Sacerdotes y feligres\u00eda en general en peregrinaci\u00f3n, autoridades regionales y resto de invitados.<\/p>\n<p><img loading=\"lazy\" decoding=\"async\" class=\"aligncenter wp-image-858 size-full\" src=\"https:\/\/valvanera.org\/wp-content\/uploads\/2022\/09\/valvanerag.jpg\" alt=\"\" width=\"537\" height=\"577\" \/><\/p>\n<p class=\"font_9 color_15\"><strong>Los actos para este a\u00f1o quedan de la siguiente manera:<\/strong><\/p>\n<ul>\n<li>\u00a0 \u00a011,00: Oraci\u00f3n mariana y \u00c1ngelus<\/li>\n<li>\u00a0\u00a0 11:30: Presentaci\u00f3n del Plan Pastoral Diocesano 2022-2023.<\/li>\n<li>\u00a0\u00a0 12,30: Santa Misa presidida por nuestro Obispo y procesi\u00f3n.<\/li>\n<li>\u00a0\u00a0 14,00: Comida popular y sobremesa.<\/li>\n<\/ul>\n<p class=\"font_9 color_15\">Ya por la tarde y tras pasar unos ratos de asueto y descanso, rezaremos el santo rosario para poner punto final a la peregrinaci\u00f3n diocesana de este a\u00f1o.<\/p>\n<p><img loading=\"lazy\" decoding=\"async\" class=\"aligncenter wp-image-863 size-full\" src=\"https:\/\/valvanera.org\/wp-content\/uploads\/2022\/09\/partitura.jpg\" alt=\"\" width=\"640\" height=\"426\" \/><\/p>\n<blockquote>\n<h3 style=\"text-align: center;\"><strong>Carta Pastoral de nuestro Obispo Diocesano <\/strong><\/h3>\n<h3 style=\"text-align: center;\"><strong>D. Santos Montoya Torres<\/strong><\/h3>\n<p><a href=\"https:\/\/logronopasion.com\/portal\/wp-content\/uploads\/2022\/09\/Escudo-de-Santos-MontoyaTorres.jpg\"><img loading=\"lazy\" decoding=\"async\" class=\"aligncenter wp-image-20314 size-large\" src=\"https:\/\/logronopasion.com\/portal\/wp-content\/uploads\/2022\/09\/Escudo-de-Santos-MontoyaTorres-1024x543.jpg\" alt=\"\" width=\"790\" height=\"419\" srcset=\"https:\/\/www.logronopasion.com\/portal\/wp-content\/uploads\/2022\/09\/Escudo-de-Santos-MontoyaTorres-1024x543.jpg 1024w, https:\/\/www.logronopasion.com\/portal\/wp-content\/uploads\/2022\/09\/Escudo-de-Santos-MontoyaTorres-300x159.jpg 300w, https:\/\/www.logronopasion.com\/portal\/wp-content\/uploads\/2022\/09\/Escudo-de-Santos-MontoyaTorres-768x407.jpg 768w, https:\/\/www.logronopasion.com\/portal\/wp-content\/uploads\/2022\/09\/Escudo-de-Santos-MontoyaTorres-1536x814.jpg 1536w, https:\/\/www.logronopasion.com\/portal\/wp-content\/uploads\/2022\/09\/Escudo-de-Santos-MontoyaTorres-2048x1086.jpg 2048w\" sizes=\"auto, (max-width: 790px) 100vw, 790px\" \/><\/a><\/p>\n<p><strong>Queridos diocesanos:<\/strong><\/p>\n<p>Comenzamos con ilusi\u00f3n un nuevo curso, recordando los ecos que nos dej\u00f3 aquel encuentro en el Seminario del mes de junio, el d\u00eda de Pentecost\u00e9s, donde nos dispusimos para acoger el impulso de sinodalidad que el Esp\u00edritu suscit\u00f3 en nuestra di\u00f3cesis. Queremos seguir dispuestos a la escucha, al di\u00e1logo con la sociedad en la que vivimos y con la que nos comprometemos, a celebrar la fe en todo su esplendor, a considerar todo lo que sea bueno y constructivo.<\/p>\n<p>Las palabras que el ap\u00f3stol Felipe, convencido de haberse encontrado con el Se\u00f1or, dirigi\u00f3 a su amigo Bartolom\u00e9, nos sirven como lema para este curso pastoral: \u201cVen y ver\u00e1s\u201d.\u00a0 Queremos hacer nuestra esta doble experiencia, la del encuentro con el Se\u00f1or y la consecuencia l\u00f3gica, comunicarla, para que otros tambi\u00e9n la disfruten.<\/p>\n<p>El Papa nos ha escrito una carta (<em>Desiderio desideravi<\/em>) donde nos recuerda que tenemos un tesoro por redescubrir: la liturgia, y en concreto la Eucarist\u00eda, que es fuente y culmen de la vida cristiana. Ya sea por rutina, por desconocimiento, por modas, por la raz\u00f3n que sea, el caso es que no siempre la aprovechamos y valoramos debidamente. Nos proponemos en este curso cuidar \u201cla divina liturgia\u201d, como nos recuerdan nuestros hermanos orientales, para que trasluzca toda su fuerza. Trataremos de hacer llegar, all\u00e1 donde se re\u00fanan las comunidades cristianas, orientaciones que ayuden a este fin.\u00a0 No nos olvidaremos de la m\u00fasica y el canto, que tanta importancia tienen en nuestras celebraciones, y que bien merecen una atenci\u00f3n particular.<\/p>\n<p>Para que a todos llegue el pan de la Palabra y de la Eucarist\u00eda, se est\u00e1n organizando \u201cEquipos de Misi\u00f3n\u201d, compuestos por los di\u00e1conos permanentes de la di\u00f3cesis, por laicos y religiosos, hombres y mujeres, que en coordinaci\u00f3n con los sacerdotes, puedan atender pastoralmente las distintas zonas de la di\u00f3cesis. Para ello tambi\u00e9n se requiere la colaboraci\u00f3n de los fieles, si en alg\u00fan caso deben desplazarse a un lugar cercano donde recibir al Se\u00f1or. Otros ministerios laicales, al servicio de la catequesis o de la administraci\u00f3n contribuir\u00e1n a una mayor conciencia de corresponsabilidad en las tareas eclesiales. Procuraremos que cuenten con la ayuda y formaci\u00f3n adecuadas para la misi\u00f3n que se les encomienda. Como sabemos que la vida es vocaci\u00f3n, seguiremos rogando al due\u00f1o de la mies su gracia, para saber suscitar vocaciones a la familia, al laicado, a la vida consagrada y sacerdotal.<\/p>\n<p>Uno de los espacios a los que se\u00f1alar con el \u201cven y ver\u00e1s\u201d, es el rico patrimonio art\u00edstico con el que cuenta nuestra di\u00f3cesis, lugar indispensable de primer anuncio, de ese di\u00e1logo fe-cultura siempre abierto. Para ello ya est\u00e1 en funcionamiento una comisi\u00f3n para establecer lugares, itinerarios y publicaciones que nos acerquen a estas expresiones de fe art\u00edstica y sirvan de est\u00edmulo para otras realidades sociales.<\/p>\n<p>Si el arte ha sido el medio de comunicaci\u00f3n de los tiempos antiguos, hoy son los nuevos medios de comunicaci\u00f3n los que tienen una repercusi\u00f3n formidable que a nadie se le escapa. Son otro lugar al que asomarse y que queremos potenciar: la publicaci\u00f3n <em>Pueblo de Dios<\/em>, la p\u00e1gina web y las redes sociales, entre otras iniciativas.<\/p>\n<p>En la l\u00ednea de la comunicaci\u00f3n, queremos seguir potenciando el di\u00e1logo con distintos sectores de nuestra sociedad, al igual que hicimos en el curso pasado, como un espacio en el que encontrarse y se\u00f1alar a Jes\u00fas.<\/p>\n<p>Confiemos que una adecuada renovaci\u00f3n de las estructuras pastorales diocesanas y parroquiales, nos ayuden a ser m\u00e1s \u00e1giles en la transmisi\u00f3n de la Buena Noticia, que es nuestra raz\u00f3n de ser.<\/p>\n<p>No nos olvidamos de todas las acciones que se realizan en los diferentes campos: educativo, laboral, caritativo, etc., en los que la Iglesia siempre estar\u00e1 presente.<\/p>\n<p>Estos son a grandes rasgos los objetivos que nos planteamos para este curso pastoral, que pondremos confiadamente a los pies de la Virgen de Valvanera, Dm, el pr\u00f3ximo s\u00e1bado 10 de septiembre. Espero poder saludaros all\u00ed. Que como Ella, sean cauce de felicidad y salvaci\u00f3n para muchos.<\/p>\n<p><em><strong>Con todo afecto y la bendici\u00f3n de Dios,<\/strong><\/em><\/p>\n<p><em><strong>+Santos Montoya Torres<\/strong><\/em><\/p>\n<p><em><strong>Obispo de Calahorra y la Calzada-Logro\u00f1o.<\/strong><\/em><\/p><\/blockquote>\n","protected":false},"excerpt":{"rendered":"<p>Un a\u00f1o m\u00e1s, la Virgen de Valvanera vuelve a abrirnos las puertas de su Monasterio y brinda a nuestra Di\u00f3cesis la oportunidad de iniciar, con un cordial saludo ante todo, el deseo de que el Se\u00f1or nos infunda nuevo ardor misionero al inicio del nuevo curso pastoral. Como todos los a\u00f1os, celebraremos la solemnidad de nuestra Patrona, la Virgen de Valvanera. Este a\u00f1o, con la novedad de hacerlo el pr\u00f3ximo s\u00e1bado d\u00eda 10 de septiembre desde las 11.00 horas. Durante la Eucarist\u00eda y como viene siendo habitual, se har\u00e1 la presentaci\u00f3n oficial del Plan Diocesano de Pastoral \u00bb Ven y&hellip; <\/p>\n","protected":false},"author":18,"featured_media":20311,"comment_status":"open","ping_status":"open","sticky":false,"template":"","format":"standard","meta":{"_bbp_topic_count":0,"_bbp_reply_count":0,"_bbp_total_topic_count":0,"_bbp_total_reply_count":0,"_bbp_voice_count":0,"_bbp_anonymous_reply_count":0,"_bbp_topic_count_hidden":0,"_bbp_reply_count_hidden":0,"_bbp_forum_subforum_count":0,"_crdt_document":"","footnotes":""},"categories":[38,3,1],"tags":[],"class_list":["post-20310","post","type-post","status-publish","format-standard","has-post-thumbnail","hentry","category-destacados","category-iglesia","category-noticias"],"yoast_head":"<!-- This site is optimized with the Yoast SEO plugin v27.4 - https:\/\/yoast.com\/product\/yoast-seo-wordpress\/ -->\n<title>&quot;Ven y Ver\u00e1s&quot;. Presentaci\u00f3n del nuevo curso diocesano 2022-2023 - Logro\u00f1o Pasi\u00f3n<\/title>\n<meta name=\"robots\" content=\"index, follow, max-snippet:-1, max-image-preview:large, max-video-preview:-1\" \/>\n<link rel=\"canonical\" href=\"https:\/\/www.logronopasion.com\/portal\/ven-y-veras-presentacion-del-nuevo-curso-diocesano-2022-2023\/\" \/>\n<meta property=\"og:locale\" content=\"es_ES\" \/>\n<meta property=\"og:type\" content=\"article\" \/>\n<meta property=\"og:title\" content=\"&quot;Ven y Ver\u00e1s&quot;. Presentaci\u00f3n del nuevo curso diocesano 2022-2023 - Logro\u00f1o Pasi\u00f3n\" \/>\n<meta property=\"og:description\" content=\"Un a\u00f1o m\u00e1s, la Virgen de Valvanera vuelve a abrirnos las puertas de su Monasterio y brinda a nuestra Di\u00f3cesis la oportunidad de iniciar, con un cordial saludo ante todo, el deseo de que el Se\u00f1or nos infunda nuevo ardor misionero al inicio del nuevo curso pastoral. Como todos los a\u00f1os, celebraremos la solemnidad de nuestra Patrona, la Virgen de Valvanera. Este a\u00f1o, con la novedad de hacerlo el pr\u00f3ximo s\u00e1bado d\u00eda 10 de septiembre desde las 11.00 horas. Durante la Eucarist\u00eda y como viene siendo habitual, se har\u00e1 la presentaci\u00f3n oficial del Plan Diocesano de Pastoral \u00bb Ven y&hellip;\" \/>\n<meta property=\"og:url\" content=\"https:\/\/www.logronopasion.com\/portal\/ven-y-veras-presentacion-del-nuevo-curso-diocesano-2022-2023\/\" \/>\n<meta property=\"og:site_name\" content=\"Logro\u00f1o Pasi\u00f3n\" \/>\n<meta property=\"article:publisher\" content=\"https:\/\/www.facebook.com\/logronopasion\" \/>\n<meta property=\"article:published_time\" content=\"2022-09-09T23:08:59+00:00\" \/>\n<meta property=\"og:image\" content=\"https:\/\/www.logronopasion.com\/portal\/wp-content\/uploads\/2022\/09\/lavirgenfb-e1662763543150.jpg\" \/>\n\t<meta property=\"og:image:width\" content=\"400\" \/>\n\t<meta property=\"og:image:height\" content=\"225\" \/>\n\t<meta property=\"og:image:type\" content=\"image\/jpeg\" \/>\n<meta name=\"author\" content=\"Logronopasion.com\" \/>\n<meta name=\"twitter:card\" content=\"summary_large_image\" \/>\n<meta name=\"twitter:creator\" content=\"@LogronoPasion\" \/>\n<meta name=\"twitter:site\" content=\"@LogronoPasion\" \/>\n<meta name=\"twitter:label1\" content=\"Escrito por\" \/>\n\t<meta name=\"twitter:data1\" content=\"Logronopasion.com\" \/>\n\t<meta name=\"twitter:label2\" content=\"Tiempo de lectura\" \/>\n\t<meta name=\"twitter:data2\" content=\"6 minutos\" \/>\n<script type=\"application\/ld+json\" class=\"yoast-schema-graph\">{\"@context\":\"https:\\\/\\\/schema.org\",\"@graph\":[{\"@type\":\"Article\",\"@id\":\"https:\\\/\\\/www.logronopasion.com\\\/portal\\\/ven-y-veras-presentacion-del-nuevo-curso-diocesano-2022-2023\\\/#article\",\"isPartOf\":{\"@id\":\"https:\\\/\\\/www.logronopasion.com\\\/portal\\\/ven-y-veras-presentacion-del-nuevo-curso-diocesano-2022-2023\\\/\"},\"author\":{\"name\":\"Logronopasion.com\",\"@id\":\"https:\\\/\\\/www.logronopasion.com\\\/portal\\\/#\\\/schema\\\/person\\\/39728c7f1ab39edc31b0bc671a7fcb0b\"},\"headline\":\"\u00abVen y Ver\u00e1s\u00bb. Presentaci\u00f3n del nuevo curso diocesano 2022-2023\",\"datePublished\":\"2022-09-09T23:08:59+00:00\",\"mainEntityOfPage\":{\"@id\":\"https:\\\/\\\/www.logronopasion.com\\\/portal\\\/ven-y-veras-presentacion-del-nuevo-curso-diocesano-2022-2023\\\/\"},\"wordCount\":1028,\"commentCount\":0,\"publisher\":{\"@id\":\"https:\\\/\\\/www.logronopasion.com\\\/portal\\\/#organization\"},\"image\":{\"@id\":\"https:\\\/\\\/www.logronopasion.com\\\/portal\\\/ven-y-veras-presentacion-del-nuevo-curso-diocesano-2022-2023\\\/#primaryimage\"},\"thumbnailUrl\":\"https:\\\/\\\/www.logronopasion.com\\\/portal\\\/wp-content\\\/uploads\\\/2022\\\/09\\\/lavirgenfb-e1662763543150.jpg\",\"articleSection\":[\"Destacados\",\"Iglesia - estado, sociedad y religi\u00f3n\",\"Noticias \\\/ Actualidad\"],\"inLanguage\":\"es\",\"potentialAction\":[{\"@type\":\"CommentAction\",\"name\":\"Comment\",\"target\":[\"https:\\\/\\\/www.logronopasion.com\\\/portal\\\/ven-y-veras-presentacion-del-nuevo-curso-diocesano-2022-2023\\\/#respond\"]}]},{\"@type\":\"WebPage\",\"@id\":\"https:\\\/\\\/www.logronopasion.com\\\/portal\\\/ven-y-veras-presentacion-del-nuevo-curso-diocesano-2022-2023\\\/\",\"url\":\"https:\\\/\\\/www.logronopasion.com\\\/portal\\\/ven-y-veras-presentacion-del-nuevo-curso-diocesano-2022-2023\\\/\",\"name\":\"\\\"Ven y Ver\u00e1s\\\". Presentaci\u00f3n del nuevo curso diocesano 2022-2023 - Logro\u00f1o Pasi\u00f3n\",\"isPartOf\":{\"@id\":\"https:\\\/\\\/www.logronopasion.com\\\/portal\\\/#website\"},\"primaryImageOfPage\":{\"@id\":\"https:\\\/\\\/www.logronopasion.com\\\/portal\\\/ven-y-veras-presentacion-del-nuevo-curso-diocesano-2022-2023\\\/#primaryimage\"},\"image\":{\"@id\":\"https:\\\/\\\/www.logronopasion.com\\\/portal\\\/ven-y-veras-presentacion-del-nuevo-curso-diocesano-2022-2023\\\/#primaryimage\"},\"thumbnailUrl\":\"https:\\\/\\\/www.logronopasion.com\\\/portal\\\/wp-content\\\/uploads\\\/2022\\\/09\\\/lavirgenfb-e1662763543150.jpg\",\"datePublished\":\"2022-09-09T23:08:59+00:00\",\"inLanguage\":\"es\",\"potentialAction\":[{\"@type\":\"ReadAction\",\"target\":[\"https:\\\/\\\/www.logronopasion.com\\\/portal\\\/ven-y-veras-presentacion-del-nuevo-curso-diocesano-2022-2023\\\/\"]}]},{\"@type\":\"ImageObject\",\"inLanguage\":\"es\",\"@id\":\"https:\\\/\\\/www.logronopasion.com\\\/portal\\\/ven-y-veras-presentacion-del-nuevo-curso-diocesano-2022-2023\\\/#primaryimage\",\"url\":\"https:\\\/\\\/www.logronopasion.com\\\/portal\\\/wp-content\\\/uploads\\\/2022\\\/09\\\/lavirgenfb-e1662763543150.jpg\",\"contentUrl\":\"https:\\\/\\\/www.logronopasion.com\\\/portal\\\/wp-content\\\/uploads\\\/2022\\\/09\\\/lavirgenfb-e1662763543150.jpg\",\"width\":400,\"height\":225},{\"@type\":\"WebSite\",\"@id\":\"https:\\\/\\\/www.logronopasion.com\\\/portal\\\/#website\",\"url\":\"https:\\\/\\\/www.logronopasion.com\\\/portal\\\/\",\"name\":\"Logro\u00f1o Pasi\u00f3n\",\"description\":\"Portal sobre la Semana Santa de Logro\u00f1o\",\"publisher\":{\"@id\":\"https:\\\/\\\/www.logronopasion.com\\\/portal\\\/#organization\"},\"potentialAction\":[{\"@type\":\"SearchAction\",\"target\":{\"@type\":\"EntryPoint\",\"urlTemplate\":\"https:\\\/\\\/www.logronopasion.com\\\/portal\\\/?s={search_term_string}\"},\"query-input\":{\"@type\":\"PropertyValueSpecification\",\"valueRequired\":true,\"valueName\":\"search_term_string\"}}],\"inLanguage\":\"es\"},{\"@type\":\"Organization\",\"@id\":\"https:\\\/\\\/www.logronopasion.com\\\/portal\\\/#organization\",\"name\":\"Logro\u00f1o Pasi\u00f3n\",\"url\":\"https:\\\/\\\/www.logronopasion.com\\\/portal\\\/\",\"logo\":{\"@type\":\"ImageObject\",\"inLanguage\":\"es\",\"@id\":\"https:\\\/\\\/www.logronopasion.com\\\/portal\\\/#\\\/schema\\\/logo\\\/image\\\/\",\"url\":\"https:\\\/\\\/i2.wp.com\\\/logronopasion.com\\\/portal\\\/wp-content\\\/uploads\\\/2019\\\/04\\\/cropped-Header-1.jpg?fit=312%2C212&ssl=1\",\"contentUrl\":\"https:\\\/\\\/i2.wp.com\\\/logronopasion.com\\\/portal\\\/wp-content\\\/uploads\\\/2019\\\/04\\\/cropped-Header-1.jpg?fit=312%2C212&ssl=1\",\"width\":312,\"height\":212,\"caption\":\"Logro\u00f1o Pasi\u00f3n\"},\"image\":{\"@id\":\"https:\\\/\\\/www.logronopasion.com\\\/portal\\\/#\\\/schema\\\/logo\\\/image\\\/\"},\"sameAs\":[\"https:\\\/\\\/www.facebook.com\\\/logronopasion\",\"https:\\\/\\\/x.com\\\/LogronoPasion\"]},{\"@type\":\"Person\",\"@id\":\"https:\\\/\\\/www.logronopasion.com\\\/portal\\\/#\\\/schema\\\/person\\\/39728c7f1ab39edc31b0bc671a7fcb0b\",\"name\":\"Logronopasion.com\",\"image\":{\"@type\":\"ImageObject\",\"inLanguage\":\"es\",\"@id\":\"https:\\\/\\\/secure.gravatar.com\\\/avatar\\\/c6b3e81c20ae7dec59cda0fd11915cb052ff1705cd134db04112b35441792010?s=96&d=mm&r=g\",\"url\":\"https:\\\/\\\/secure.gravatar.com\\\/avatar\\\/c6b3e81c20ae7dec59cda0fd11915cb052ff1705cd134db04112b35441792010?s=96&d=mm&r=g\",\"contentUrl\":\"https:\\\/\\\/secure.gravatar.com\\\/avatar\\\/c6b3e81c20ae7dec59cda0fd11915cb052ff1705cd134db04112b35441792010?s=96&d=mm&r=g\",\"caption\":\"Logronopasion.com\"},\"url\":\"https:\\\/\\\/www.logronopasion.com\\\/portal\\\/author\\\/logronopasion-com\\\/\"}]}<\/script>\n<!-- \/ Yoast SEO plugin. -->","yoast_head_json":{"title":"\"Ven y Ver\u00e1s\". Presentaci\u00f3n del nuevo curso diocesano 2022-2023 - Logro\u00f1o Pasi\u00f3n","robots":{"index":"index","follow":"follow","max-snippet":"max-snippet:-1","max-image-preview":"max-image-preview:large","max-video-preview":"max-video-preview:-1"},"canonical":"https:\/\/www.logronopasion.com\/portal\/ven-y-veras-presentacion-del-nuevo-curso-diocesano-2022-2023\/","og_locale":"es_ES","og_type":"article","og_title":"\"Ven y Ver\u00e1s\". Presentaci\u00f3n del nuevo curso diocesano 2022-2023 - Logro\u00f1o Pasi\u00f3n","og_description":"Un a\u00f1o m\u00e1s, la Virgen de Valvanera vuelve a abrirnos las puertas de su Monasterio y brinda a nuestra Di\u00f3cesis la oportunidad de iniciar, con un cordial saludo ante todo, el deseo de que el Se\u00f1or nos infunda nuevo ardor misionero al inicio del nuevo curso pastoral. Como todos los a\u00f1os, celebraremos la solemnidad de nuestra Patrona, la Virgen de Valvanera. Este a\u00f1o, con la novedad de hacerlo el pr\u00f3ximo s\u00e1bado d\u00eda 10 de septiembre desde las 11.00 horas. Durante la Eucarist\u00eda y como viene siendo habitual, se har\u00e1 la presentaci\u00f3n oficial del Plan Diocesano de Pastoral \u00bb Ven y&hellip;","og_url":"https:\/\/www.logronopasion.com\/portal\/ven-y-veras-presentacion-del-nuevo-curso-diocesano-2022-2023\/","og_site_name":"Logro\u00f1o Pasi\u00f3n","article_publisher":"https:\/\/www.facebook.com\/logronopasion","article_published_time":"2022-09-09T23:08:59+00:00","og_image":[{"width":400,"height":225,"url":"https:\/\/www.logronopasion.com\/portal\/wp-content\/uploads\/2022\/09\/lavirgenfb-e1662763543150.jpg","type":"image\/jpeg"}],"author":"Logronopasion.com","twitter_card":"summary_large_image","twitter_creator":"@LogronoPasion","twitter_site":"@LogronoPasion","twitter_misc":{"Escrito por":"Logronopasion.com","Tiempo de lectura":"6 minutos"},"schema":{"@context":"https:\/\/schema.org","@graph":[{"@type":"Article","@id":"https:\/\/www.logronopasion.com\/portal\/ven-y-veras-presentacion-del-nuevo-curso-diocesano-2022-2023\/#article","isPartOf":{"@id":"https:\/\/www.logronopasion.com\/portal\/ven-y-veras-presentacion-del-nuevo-curso-diocesano-2022-2023\/"},"author":{"name":"Logronopasion.com","@id":"https:\/\/www.logronopasion.com\/portal\/#\/schema\/person\/39728c7f1ab39edc31b0bc671a7fcb0b"},"headline":"\u00abVen y Ver\u00e1s\u00bb. Presentaci\u00f3n del nuevo curso diocesano 2022-2023","datePublished":"2022-09-09T23:08:59+00:00","mainEntityOfPage":{"@id":"https:\/\/www.logronopasion.com\/portal\/ven-y-veras-presentacion-del-nuevo-curso-diocesano-2022-2023\/"},"wordCount":1028,"commentCount":0,"publisher":{"@id":"https:\/\/www.logronopasion.com\/portal\/#organization"},"image":{"@id":"https:\/\/www.logronopasion.com\/portal\/ven-y-veras-presentacion-del-nuevo-curso-diocesano-2022-2023\/#primaryimage"},"thumbnailUrl":"https:\/\/www.logronopasion.com\/portal\/wp-content\/uploads\/2022\/09\/lavirgenfb-e1662763543150.jpg","articleSection":["Destacados","Iglesia - estado, sociedad y religi\u00f3n","Noticias \/ Actualidad"],"inLanguage":"es","potentialAction":[{"@type":"CommentAction","name":"Comment","target":["https:\/\/www.logronopasion.com\/portal\/ven-y-veras-presentacion-del-nuevo-curso-diocesano-2022-2023\/#respond"]}]},{"@type":"WebPage","@id":"https:\/\/www.logronopasion.com\/portal\/ven-y-veras-presentacion-del-nuevo-curso-diocesano-2022-2023\/","url":"https:\/\/www.logronopasion.com\/portal\/ven-y-veras-presentacion-del-nuevo-curso-diocesano-2022-2023\/","name":"\"Ven y Ver\u00e1s\". Presentaci\u00f3n del nuevo curso diocesano 2022-2023 - Logro\u00f1o Pasi\u00f3n","isPartOf":{"@id":"https:\/\/www.logronopasion.com\/portal\/#website"},"primaryImageOfPage":{"@id":"https:\/\/www.logronopasion.com\/portal\/ven-y-veras-presentacion-del-nuevo-curso-diocesano-2022-2023\/#primaryimage"},"image":{"@id":"https:\/\/www.logronopasion.com\/portal\/ven-y-veras-presentacion-del-nuevo-curso-diocesano-2022-2023\/#primaryimage"},"thumbnailUrl":"https:\/\/www.logronopasion.com\/portal\/wp-content\/uploads\/2022\/09\/lavirgenfb-e1662763543150.jpg","datePublished":"2022-09-09T23:08:59+00:00","inLanguage":"es","potentialAction":[{"@type":"ReadAction","target":["https:\/\/www.logronopasion.com\/portal\/ven-y-veras-presentacion-del-nuevo-curso-diocesano-2022-2023\/"]}]},{"@type":"ImageObject","inLanguage":"es","@id":"https:\/\/www.logronopasion.com\/portal\/ven-y-veras-presentacion-del-nuevo-curso-diocesano-2022-2023\/#primaryimage","url":"https:\/\/www.logronopasion.com\/portal\/wp-content\/uploads\/2022\/09\/lavirgenfb-e1662763543150.jpg","contentUrl":"https:\/\/www.logronopasion.com\/portal\/wp-content\/uploads\/2022\/09\/lavirgenfb-e1662763543150.jpg","width":400,"height":225},{"@type":"WebSite","@id":"https:\/\/www.logronopasion.com\/portal\/#website","url":"https:\/\/www.logronopasion.com\/portal\/","name":"Logro\u00f1o Pasi\u00f3n","description":"Portal sobre la Semana Santa de Logro\u00f1o","publisher":{"@id":"https:\/\/www.logronopasion.com\/portal\/#organization"},"potentialAction":[{"@type":"SearchAction","target":{"@type":"EntryPoint","urlTemplate":"https:\/\/www.logronopasion.com\/portal\/?s={search_term_string}"},"query-input":{"@type":"PropertyValueSpecification","valueRequired":true,"valueName":"search_term_string"}}],"inLanguage":"es"},{"@type":"Organization","@id":"https:\/\/www.logronopasion.com\/portal\/#organization","name":"Logro\u00f1o Pasi\u00f3n","url":"https:\/\/www.logronopasion.com\/portal\/","logo":{"@type":"ImageObject","inLanguage":"es","@id":"https:\/\/www.logronopasion.com\/portal\/#\/schema\/logo\/image\/","url":"https:\/\/i2.wp.com\/logronopasion.com\/portal\/wp-content\/uploads\/2019\/04\/cropped-Header-1.jpg?fit=312%2C212&ssl=1","contentUrl":"https:\/\/i2.wp.com\/logronopasion.com\/portal\/wp-content\/uploads\/2019\/04\/cropped-Header-1.jpg?fit=312%2C212&ssl=1","width":312,"height":212,"caption":"Logro\u00f1o Pasi\u00f3n"},"image":{"@id":"https:\/\/www.logronopasion.com\/portal\/#\/schema\/logo\/image\/"},"sameAs":["https:\/\/www.facebook.com\/logronopasion","https:\/\/x.com\/LogronoPasion"]},{"@type":"Person","@id":"https:\/\/www.logronopasion.com\/portal\/#\/schema\/person\/39728c7f1ab39edc31b0bc671a7fcb0b","name":"Logronopasion.com","image":{"@type":"ImageObject","inLanguage":"es","@id":"https:\/\/secure.gravatar.com\/avatar\/c6b3e81c20ae7dec59cda0fd11915cb052ff1705cd134db04112b35441792010?s=96&d=mm&r=g","url":"https:\/\/secure.gravatar.com\/avatar\/c6b3e81c20ae7dec59cda0fd11915cb052ff1705cd134db04112b35441792010?s=96&d=mm&r=g","contentUrl":"https:\/\/secure.gravatar.com\/avatar\/c6b3e81c20ae7dec59cda0fd11915cb052ff1705cd134db04112b35441792010?s=96&d=mm&r=g","caption":"Logronopasion.com"},"url":"https:\/\/www.logronopasion.com\/portal\/author\/logronopasion-com\/"}]}},"_links":{"self":[{"href":"https:\/\/www.logronopasion.com\/portal\/wp-json\/wp\/v2\/posts\/20310","targetHints":{"allow":["GET"]}}],"collection":[{"href":"https:\/\/www.logronopasion.com\/portal\/wp-json\/wp\/v2\/posts"}],"about":[{"href":"https:\/\/www.logronopasion.com\/portal\/wp-json\/wp\/v2\/types\/post"}],"author":[{"embeddable":true,"href":"https:\/\/www.logronopasion.com\/portal\/wp-json\/wp\/v2\/users\/18"}],"replies":[{"embeddable":true,"href":"https:\/\/www.logronopasion.com\/portal\/wp-json\/wp\/v2\/comments?post=20310"}],"version-history":[{"count":3,"href":"https:\/\/www.logronopasion.com\/portal\/wp-json\/wp\/v2\/posts\/20310\/revisions"}],"predecessor-version":[{"id":20313,"href":"https:\/\/www.logronopasion.com\/portal\/wp-json\/wp\/v2\/posts\/20310\/revisions\/20313"}],"wp:featuredmedia":[{"embeddable":true,"href":"https:\/\/www.logronopasion.com\/portal\/wp-json\/wp\/v2\/media\/20311"}],"wp:attachment":[{"href":"https:\/\/www.logronopasion.com\/portal\/wp-json\/wp\/v2\/media?parent=20310"}],"wp:term":[{"taxonomy":"category","embeddable":true,"href":"https:\/\/www.logronopasion.com\/portal\/wp-json\/wp\/v2\/categories?post=20310"},{"taxonomy":"post_tag","embeddable":true,"href":"https:\/\/www.logronopasion.com\/portal\/wp-json\/wp\/v2\/tags?post=20310"}],"curies":[{"name":"wp","href":"https:\/\/api.w.org\/{rel}","templated":true}]}}