{"id":20383,"date":"2026-03-31T14:30:10","date_gmt":"2026-03-31T13:30:10","guid":{"rendered":"https:\/\/logronopasion.com\/portal\/?p=20383"},"modified":"2026-03-31T16:09:16","modified_gmt":"2026-03-31T15:09:16","slug":"humillado-y-flagelado","status":"publish","type":"post","link":"https:\/\/www.logronopasion.com\/portal\/humillado-y-flagelado\/","title":{"rendered":"Humillado y flagelado"},"content":{"rendered":"<p>Con tradici\u00f3n y fe, desde hace ya muchos a\u00f1os, en el Martes Santo logro\u00f1es, si el tiempo no lo impide, se vienen celebrando dos procesiones. La primera de ellas y m\u00e1s antigua dentro del d\u00eda, es la \u00abFlagelaci\u00f3n del Se\u00f1or\u00bb de la Cofrad\u00eda de la Flagelaci\u00f3n de Jes\u00fas en la Parroquia de Santa Teresita del Ni\u00f1o Jes\u00fas. La segunda Cofrad\u00eda incorporada a procesionar en este d\u00eda, es la Cofrad\u00eda de La Santa Cruz, de los Hnos. Maristas con los dos \u00abpasos\u00bb que actualmente se procesionan; el \u00abpaso\u00bb Stabat Mater y el \u00abpaso\u00bb de Ntra. Sra. la Virgen del Rosario, que en sus Misterios Dolorosos, forman parte de la estaci\u00f3n de penitencia, bajo la denominaci\u00f3n Santo Rosario del Dolor. Anteriormente esta cofrad\u00eda, procesionaba en este d\u00eda, desde su antiguo Colegio San Jos\u00e9 situado en la calle Calvo Sotelo, el \u00abpaso\u00bb del Santo Encuentro, m\u00e1s conocido con el sobrenombre de \u00abpaso del Ayuntamiento\u00bb cedido a \u00e9sta Cofrad\u00eda.<\/p>\n<p>Dicho grupo escult\u00f3rico del \u00abEncuentro\u00bb, propiedad del Excmo. Ayuntamiento de Logro\u00f1o y encargado por este estamento en 1.941, lleg\u00f3 a Logro\u00f1o desde Bilbao una vez terminado por su escultor imaginero D. Quint\u00edn de Torre, en el Martes Santo, 27 de Marzo de 1945. Fue montado en unas andas provisionales que fueron preparadas bajo la direcci\u00f3n del propio escultor, hasta que fueran realizadas las andas definitivas acordes con las magn\u00edficas im\u00e1genes talladas.<\/p>\n<p>En vez de las cuatro figuras contratadas, el imaginero Sr. de Torre solamente hizo tres; la que faltaba era la de un centuri\u00f3n que figuraba en el boceto original y que no fue hecho porque su precio exced\u00eda del presupuesto contratado.<\/p>\n<p>El Viernes Santo 30 de Marzo de ese mismo a\u00f1o, a las 7,30 de la tarde y con asistencia de las autoridades provinciales y de la corporaci\u00f3n del Excmo. Ayuntamiento al completo,\u00a0 se bendijo el conjunto escult\u00f3rico por el Ilmo. Sr. Abad de la Colegiata de la Redonda, don Benjam\u00edn Salas Diestro, saliendo a continuaci\u00f3n por primera vez, en la procesi\u00f3n del Santo Entierro de ese a\u00f1o.<\/p>\n<p class=\"font_9 wixui-rich-text__text\"><span class=\"color_36 wixui-rich-text__text\">En 1946 se encarg\u00f3 al taller de ebanister\u00eda logro\u00f1es Ruperto Grijalba Torres, la elaboraci\u00f3n de unas andas para el grupo escult\u00f3rico, realizadas en madera lacada en blanco y oro, con cuatro grandes y art\u00edsticos faroles y faldones de terciopelo con el escudo de la ciudad bordado. <\/span><span class=\"color_36 wixui-rich-text__text\">Hasta el a\u00f1o 1995 que fue cedido a la Cofrad\u00eda de la Santa Cruz, dichas andas y el \u00abpaso\u00bb al completo, fue custodiado, guardado, preparado, adornado floralmente, escoltado por la Polic\u00eda Municipal y transportado sobre ruedas, empujado desde el interior por funcionarios municipales. <\/span><\/p>\n<p><a href=\"https:\/\/www.logronopasion.com\/portal\/wp-content\/uploads\/2025\/04\/Facebook-2026-4.2-Martes-Santo-Encuentro-con-su-Madre.jpg\"><img loading=\"lazy\" decoding=\"async\" class=\"aligncenter wp-image-21272 size-full\" src=\"https:\/\/www.logronopasion.com\/portal\/wp-content\/uploads\/2025\/04\/Facebook-2026-4.2-Martes-Santo-Encuentro-con-su-Madre.jpg\" alt=\"\" width=\"821\" height=\"307\" srcset=\"https:\/\/www.logronopasion.com\/portal\/wp-content\/uploads\/2025\/04\/Facebook-2026-4.2-Martes-Santo-Encuentro-con-su-Madre.jpg 821w, https:\/\/www.logronopasion.com\/portal\/wp-content\/uploads\/2025\/04\/Facebook-2026-4.2-Martes-Santo-Encuentro-con-su-Madre-300x112.jpg 300w, https:\/\/www.logronopasion.com\/portal\/wp-content\/uploads\/2025\/04\/Facebook-2026-4.2-Martes-Santo-Encuentro-con-su-Madre-768x287.jpg 768w\" sizes=\"auto, (max-width: 821px) 100vw, 821px\" \/><\/a><\/p>\n<blockquote>\n<p style=\"text-align: center;\"><em><strong>\u00bfQui\u00e9n no se entristecer\u00eda<\/strong><\/em><br \/>\n<em><strong>a la Madre contemplando<\/strong><\/em><br \/>\n<em><strong>entregar a su hijo<\/strong><\/em><br \/>\n<em><strong>a tal doliente escarnio?<\/strong><\/em><\/p>\n<p style=\"text-align: center;\"><em><strong>Por los pecados de su gente<\/strong><\/em><br \/>\n<em><strong>vio a Jes\u00fas en esos sufrimientos<\/strong><\/em><br \/>\n<em><strong>y doblegado por los azotes<\/strong><\/em><br \/>\n<em><strong>por burlas y otros tormentos.<\/strong><\/em><\/p>\n<\/blockquote>\n<h3 style=\"text-align: center;\"><strong><u>Jes\u00fas se encuentra con Mar\u00eda, su madre, en la V\u00eda Dolorosa.<\/u><\/strong><\/h3>\n<p>Mar\u00eda, la madre de Jes\u00fas, se encontraba tambi\u00e9n en Jerusal\u00e9n cuando recibi\u00f3 la noticia de la detenci\u00f3n de su hijo.<\/p>\n<p>Se acerca al palacio de Pilato para intentar ver a su hijo. Junto a ella est\u00e1n Mar\u00eda Magdalena, Mar\u00eda, la hermana de L\u00e1zaro, as\u00ed como Juan, el disc\u00edpulo predilecto. \u00a0Es all\u00ed donde oye por parte del tribunal la sentencia a muerte de su hijo y a lo lejos ve su lamentable estado. Mar\u00eda se pone a llorar ha visto a su hijo lleno de golpes, de bofetadas, de escupiduras y coronado de espinas\u00bb, \u00abcommota sunt omnia viscera mea\u00bb \u00a0y vi\u00e9ndolo en semejante estado, se desvanece.<\/p>\n<p><a href=\"https:\/\/logronopasion.com\/portal\/wp-content\/uploads\/2022\/04\/Encuentro-.jpg\"><img loading=\"lazy\" decoding=\"async\" class=\"aligncenter wp-image-20232 size-large\" src=\"https:\/\/logronopasion.com\/portal\/wp-content\/uploads\/2022\/04\/Encuentro--1024x1005.jpg\" alt=\"\" width=\"790\" height=\"775\" srcset=\"https:\/\/www.logronopasion.com\/portal\/wp-content\/uploads\/2022\/04\/Encuentro--1024x1005.jpg 1024w, https:\/\/www.logronopasion.com\/portal\/wp-content\/uploads\/2022\/04\/Encuentro--300x294.jpg 300w, https:\/\/www.logronopasion.com\/portal\/wp-content\/uploads\/2022\/04\/Encuentro--768x754.jpg 768w, https:\/\/www.logronopasion.com\/portal\/wp-content\/uploads\/2022\/04\/Encuentro-.jpg 1080w\" sizes=\"auto, (max-width: 790px) 100vw, 790px\" \/><\/a><\/p>\n<p>Pilato sali\u00f3 del tribunal, una parte de los soldados le sigui\u00f3, y se form\u00f3 delante del palacio una peque\u00f1a escolta que se qued\u00f3 con los condenados.<\/p>\n<p>Mucha gente, entre los cuales est\u00e1n los enemigos de Jes\u00fas que hab\u00edan estado presentes en su arresto en el Huerto de Los Olivos, vinieron a caballo para acompa\u00f1arlo al suplicio. Los alguaciles lo condujeron al medio de la plaza, donde vinieron esclavos a echar la Cruz a sus pies. Los dos brazos estaban provisionalmente atados a la pieza principal con cuerdas. Los soldados colocaron con gran esfuerzo sobre el hombro derecho la pesada Cruz,\u00a0y pusieron sobre el cuello de los dos ladrones las piezas traveseras de sus respectivas cruces, at\u00e1ndoles las manos a ellas.<\/p>\n<p>La trompeta de la caballer\u00eda de Pilato empez\u00f3 a sonar, dando la se\u00f1al de marcha. Uno de los fariseos a caballo se acerc\u00f3 a Jes\u00fas, arrodillado bajo su carga y le dijo: \u00a1arriba!\u201d.<\/p>\n<p>El gobernador en persona se puso a la cabeza de un destacamento para impedir todo movimiento tumultuoso. Delante\u00a0marchaba un soldado con una trompeta tocando en todas las esquinas y proclamando la sentencia. A pocos pasos segu\u00eda una multitud de hombres y de chiquillos, que tra\u00edan cordeles, clavos, cu\u00f1as y cestas que conten\u00edan diferentes objetos; otros, m\u00e1s robustos, tra\u00edan los palos, las escaleras y las piezas principales de las cruces de los dos ladrones.<\/p>\n<p>Al final del cortejo, ven\u00eda Jes\u00fas Nuestro Se\u00f1or. Los pies desnudos y ensangrentados, abrumado bajo el peso de la Cruz, temblando, lleno de llagas y heridas, debilitado por la p\u00e9rdida de la sangre y por no haber comido ni bebido nada desde la v\u00edspera, devorado de calentura y de sed y asaeteado por dolores infinitos. Con la mano derecha sosten\u00eda la Cruz sobre su hombro derecho; con su mano izquierda, exhausta, hac\u00eda de cuando en cuando esfuerzos para levantarse su larga t\u00fanica, con la que tropezaban sus pies heridos. Su cara estaba ensangrentada e hinchada; su barba y sus cabellos manchados de sangre; el peso de la Cruz y las cadenas apretaban contra su Cuerpo la t\u00fanica de lana, que se pegaba a sus llagas y las abr\u00eda. A su derredor no hab\u00eda m\u00e1s que irrisi\u00f3n y crueldad; m\u00e1s su boca rezaba y sus ojos perdonaban.<\/p>\n<p>&nbsp;<\/p>\n<p><img loading=\"lazy\" decoding=\"async\" class=\"aligncenter wp-image-2195 \" src=\"https:\/\/logronopasion.com\/portal\/wp-content\/uploads\/2013\/03\/Encuentro-Jes\u00fas-y-Mar\u00eda.jpg\" alt=\"Encuentro Jes\u00fas y Mar\u00eda\" width=\"276\" height=\"348\" data-recalc-dims=\"1\" \/><\/p>\n<p>&nbsp;<\/p>\n<p>Detr\u00e1s de Jes\u00fas iban los dos ladrones, con los brazos atados a los travesa\u00f1os de sus cruces separados del pie. No ten\u00edan m\u00e1s vestidos que un largo delantal; la parte superior del cuerpo la llevaban cubierta con una especie de escapulario sin mangas abierto por ambos lados y en la cabeza un gorro de paja. Dimas, el buen ladr\u00f3n, estaba tranquilo mientras que el otro no cesaba de protestar y quejarse.<\/p>\n<p>La escolta romana imped\u00eda que se acercasen la muchedumbre excesivamente, as\u00ed que los curiosos ten\u00edan que dar la vuelta por otras calles transversales y correr delante de ellos para verlos pasar. Casi todos ellos llegaron antes que Jes\u00fas al Calvario.<\/p>\n<p>Antes de empezar la subida al G\u00f3lgota, Jes\u00fas ya no pod\u00eda andar; como los soldados tiraban de \u00c9l y lo empujaban sin misericordia, cay\u00f3 al suelo y la Cruz cay\u00f3 a su lado. Los verdugos se detuvieron, llen\u00e1ndolo de imprecaciones y peg\u00e1ndole. A los dos lados del camino hab\u00eda mujeres llorando y ni\u00f1os asustados. Jes\u00fas levant\u00f3 la cabeza y aquellos hombres atroces en lugar de aliviar sus tormentos, le pusieron en su sitio la corona de espinas y de nuevo le cargaron la Cruz sobre los hombros, y a causa de la corona hubo de ladear la cabeza, con dolores infinitos, para poder colocar sobre su hombro el peso de la Cruz con que estaba cargado y as\u00ed continu\u00f3 de nuevo su camino, cada vez m\u00e1s duro.<\/p>\n<p>La dolorosa Madre de Jes\u00fas hab\u00eda salido de la plaza despu\u00e9s de pronunciada la sentencia inicua, acompa\u00f1ada de Juan y de algunas mujeres. Pero cuando el sonido de la trompeta, el ruido del pueblo y la escolta de Pilato anunciaron la marcha hacia el Calvario, no pudo resistir al deseo de ver a su Divino Hijo, y pidi\u00f3 a Juan que la condujese a uno de los sitios por donde Jes\u00fas deb\u00eda pasar. Encontraron un palacio, seguramente la residencia del Sumo Pont\u00edfice Caif\u00e1s, cuya puerta daba a la calle. Juan obtuvo de un criado compasivo el permiso para ponerse en la puerta con Mar\u00eda y los que la acompa\u00f1aban, entre ellos, Jos\u00e9 de Arimatea, y Salom\u00e9 de Jerusal\u00e9n.<\/p>\n<p>La Madre de Dios estaba p\u00e1lida y con los ojos enrojecidos de tanto llorar y cubierta enteramente de una capa gris parda azulada. Se o\u00eda ya el ruido que se acercaba, el sonido de la trompeta y la voz del pregonero, publicando la sentencia en las esquinas. El criado abri\u00f3 la puerta, el ruido era cada vez m\u00e1s fuerte y espantoso. Mar\u00eda se arrodill\u00f3 y or\u00f3 fervientemente. Luego volvi\u00e9ndose a Juan dijo: \u201c\u00bfMe quedo? \u00bfDebo irme? \u00bfC\u00f3mo podr\u00e9 soportar este espect\u00e1culo?\u201d Juan le respondi\u00f3: \u201cSi no te quedas a verlo pasar luego lamentar\u00e1s no haberlo hecho\u201d. Salieron a la puerta con los ojos fijos en la procesi\u00f3n que a\u00fan estaba distante, pero que avanzaba poco a poco. La gente no se pon\u00eda delante sino detr\u00e1s y a los lados.<\/p>\n<p>La escolta estaba a ochenta pasos. Cuando los que llevaban los instrumentos de suplicio se acercaron con aire insolente y triunfante, la Madre de Jes\u00fas se puso a temblar y a gemir, juntando las manos, y uno de esos hombres pregunt\u00f3: \u201c\u00bfQui\u00e9n es esa mujer que se lamenta?\u201d y otro respondi\u00f3: \u201cEs la Madre del Galileo\u201d. Los miserables al o\u00edr tales palabras, llenaron de injurias a esta dolorosa Madre, la se\u00f1alaban con el dedo y uno de ellos tom\u00f3 en sus manos los clavos con que deb\u00edan clavar a Jes\u00fas en la Cruz y se los present\u00f3 a la Virgen en tono de burla.<\/p>\n<p>Pero Mar\u00eda miraba a Jes\u00fas que se acercaba y se agarr\u00f3 al pilar de la puerta para no caerse, p\u00e1lida como un cad\u00e1ver, con los labios azules.<\/p>\n<p>Jes\u00fas, temblando, doblado bajo la pesada carga de la Cruz, inclinando sobre su hombro la cabeza coronada de espinas. Ech\u00f3 sobre su Madre una mirada de compasi\u00f3n y habiendo tropezado cay\u00f3 por segunda vez sobre sus rodillas y sobre sus manos.<\/p>\n<p><a href=\"https:\/\/logronopasion.com\/portal\/wp-content\/uploads\/2022\/04\/Encuentro-3.jpg\"><img loading=\"lazy\" decoding=\"async\" class=\"aligncenter wp-image-20233 size-full\" src=\"https:\/\/logronopasion.com\/portal\/wp-content\/uploads\/2022\/04\/Encuentro-3.jpg\" alt=\"\" width=\"447\" height=\"640\" srcset=\"https:\/\/www.logronopasion.com\/portal\/wp-content\/uploads\/2022\/04\/Encuentro-3.jpg 447w, https:\/\/www.logronopasion.com\/portal\/wp-content\/uploads\/2022\/04\/Encuentro-3-210x300.jpg 210w\" sizes=\"auto, (max-width: 447px) 100vw, 447px\" \/><\/a><\/p>\n<p>Mar\u00eda, en medio de la violencia de su dolor, no vio ni soldados ni verdugos; no vio m\u00e1s que a su querido Hijo; se precipit\u00f3 desde la puerta de la casa en medio de los soldados, que maltrataban a Jes\u00fas, cay\u00f3 de rodillas a su lado y se abraz\u00f3 a \u00c9l. Juan y las santas mujeres quer\u00edan levantar a Mar\u00eda. Algunos soldados sin embargo, tuvieron compasi\u00f3n y, aunque se vieron obligados a separar a la Sant\u00edsima Virgen, ninguno de ellos le puso las manos encima.<\/p>\n<p>Juan y las otras mujeres, ayudaron a Mar\u00eda a levantarse y rode\u00e1ndola la condujeron de nuevo a la puerta del palacio, donde cay\u00f3 por el dolor sobre sus rodillas. Muchas mujeres con velos y derramando l\u00e1grimas. Los escoltas, le empujaron a Jes\u00fas con mucha crueldad para que siguiese adelante.<\/p>\n<p>Con inmenso amor Mar\u00eda mira otra vez a Jes\u00fas, y Jes\u00fas mira a su Madre; sus ojos se encuentran de nuevo , y cada coraz\u00f3n vierte en el otro su propio dolor. El alma de Mar\u00eda queda anegada en amargura, en la amargura de Jesucristo.<\/p>\n<p>Pero nadie se da cuenta, nadie se fija; s\u00f3lo Jes\u00fas. Se ha cumplido la profec\u00eda de Sime\u00f3n: una espada traspasar\u00e1 tu alma. En la oscura soledad de la Pasi\u00f3n, Nuestra Se\u00f1ora ofrece a su Hijo un b\u00e1lsamo de ternura, de uni\u00f3n, de fidelidad; un s\u00ed a la voluntad divina.<\/p>\n<p><a href=\"https:\/\/www.logronopasion.com\/portal\/wp-content\/uploads\/2025\/04\/5_maristas_facebook-2026-8.jpg\"><img loading=\"lazy\" decoding=\"async\" class=\"aligncenter wp-image-21273 size-full\" src=\"https:\/\/www.logronopasion.com\/portal\/wp-content\/uploads\/2025\/04\/5_maristas_facebook-2026-8.jpg\" alt=\"\" width=\"819\" height=\"312\" srcset=\"https:\/\/www.logronopasion.com\/portal\/wp-content\/uploads\/2025\/04\/5_maristas_facebook-2026-8.jpg 819w, https:\/\/www.logronopasion.com\/portal\/wp-content\/uploads\/2025\/04\/5_maristas_facebook-2026-8-300x114.jpg 300w, https:\/\/www.logronopasion.com\/portal\/wp-content\/uploads\/2025\/04\/5_maristas_facebook-2026-8-768x293.jpg 768w\" sizes=\"auto, (max-width: 819px) 100vw, 819px\" \/><\/a><\/p>\n<p>Una veintena de mujeres de la Cofrad\u00eda de la Santa Cruz, de los Hermanos Maristas de Logro\u00f1o, llevan en hombros cada a\u00f1o el \u00abpaso\u00bb de Ntra. Sra. la Virgen del Rosario y esperan con fe, entusiasmo e ilusi\u00f3n, el momento del inicio de la procesi\u00f3n.<\/p>\n<h3 align=\"center\"><strong><a href=\"https:\/\/logronopasion.com\/portal\/wp-content\/uploads\/2021\/03\/Virgen-del-Dolor.jpg\"><img loading=\"lazy\" decoding=\"async\" class=\"aligncenter wp-image-19336 size-full\" src=\"https:\/\/www.logronopasion.com\/portal\/wp-content\/uploads\/2021\/03\/Virgen-del-Dolor.jpg\" sizes=\"auto, (max-width: 768px) 100vw, 768px\" srcset=\"https:\/\/www.logronopasion.com\/portal\/wp-content\/uploads\/2021\/03\/Virgen-del-Dolor.jpg 768w, https:\/\/www.logronopasion.com\/portal\/wp-content\/uploads\/2021\/03\/Virgen-del-Dolor-300x200.jpg 300w\" alt=\"\" width=\"768\" height=\"512\" \/><\/a><\/strong><\/h3>\n<p>Esta imagen sali\u00f3 por primera vez \u00e9sta procesi\u00f3n en el a\u00f1o 2008. La talla de la imagen, es obra del escultor andaluz Manuel Madro\u00f1al Isorna y es una imagen de vestir, realizada en madera de cedro policromada y pintada al \u00f3leo. Destaca seg\u00fan sus portadores y cofrades, la suavidad del \u00abtrazo y la dulzura que desprende su rostro junto a los ricos ropajes y joyer\u00eda que la adornan\u00bb.<\/p>\n<p>El manto que viste Ntra. Se\u00f1ora,\u00a0 cambia seg\u00fan el tiempo lit\u00fargico del a\u00f1o. Pero cada Martes Santo el manto que la Cofrad\u00eda utiliza y viste a la Virgen, es un manto muy especial y precioso, pues es \u00abel m\u00e1s valioso\u00bb, al estar bordado en hilo de oro, obra de unas religiosas de la localidad sevillana de Coria del R\u00edo, que lo hicieron con \u00abmuch\u00edsimo cari\u00f1o\u00bb.<\/p>\n<p>La incorporaci\u00f3n de este nuevo paso en 2008 supuso para la Cofrad\u00eda de la Santa Cruz cumplir el deseo de contar con uno nuevo \u00abpaso\u00bb y dedicado en exclusiva a la Virgen por \u00abnuestro car\u00e1cter marista\u00bb<\/p>\n<p><a href=\"https:\/\/www.logronopasion.com\/portal\/wp-content\/uploads\/2025\/04\/5_maristas_facebook-2026-3.jpg\"><img loading=\"lazy\" decoding=\"async\" class=\"size-full wp-image-21275 aligncenter\" src=\"https:\/\/www.logronopasion.com\/portal\/wp-content\/uploads\/2025\/04\/5_maristas_facebook-2026-3.jpg\" alt=\"\" width=\"820\" height=\"312\" srcset=\"https:\/\/www.logronopasion.com\/portal\/wp-content\/uploads\/2025\/04\/5_maristas_facebook-2026-3.jpg 820w, https:\/\/www.logronopasion.com\/portal\/wp-content\/uploads\/2025\/04\/5_maristas_facebook-2026-3-300x114.jpg 300w, https:\/\/www.logronopasion.com\/portal\/wp-content\/uploads\/2025\/04\/5_maristas_facebook-2026-3-768x292.jpg 768w\" sizes=\"auto, (max-width: 820px) 100vw, 820px\" \/><\/a><\/p>\n<p>&nbsp;<\/p>\n<blockquote>\n<p style=\"text-align: center;\"><em><strong>Estaba la Madre dolorosa<\/strong><\/em><br \/>\n<em><strong>junto a la Cruz llorosa<\/strong><\/em><br \/>\n<em><strong>en que pend\u00eda su Hijo<\/strong><\/em><br \/>\n<em><strong>injustamente agredido.<\/strong><\/em><\/p>\n<p style=\"text-align: center;\"><em><strong>En su alma gimiente,<\/strong><\/em><br \/>\n<em><strong>contristada y doliente<\/strong><\/em><br \/>\n<em><strong>apenada y entristecida<\/strong><\/em><br \/>\n<em><strong>la espada fue hiriente.<\/strong><\/em><\/p>\n<p style=\"text-align: center;\"><em><strong>\u00a1Oh, cu\u00e1n triste y afligida<\/strong><\/em><br \/>\n<em><strong>estuvo aquella bendita<\/strong><\/em><br \/>\n<em><strong>Madre del Ungido Mes\u00edas<\/strong><\/em><br \/>\n<em><strong>Unig\u00e9nito de Dios.<\/strong><\/em><\/p>\n<p style=\"text-align: center;\"><em><strong>Languidec\u00eda y se dol\u00eda<\/strong><\/em><br \/>\n<em><strong>a los pies del madero<\/strong><\/em><br \/>\n<em><strong>la piadosa Madre que ve\u00eda<\/strong><\/em><br \/>\n<em><strong>las penas de su excelso Hijo.<\/strong><\/em><\/p>\n<p style=\"text-align: center;\"><em><strong>\u00bfQu\u00e9 hombre no llorar\u00eda<\/strong><\/em><br \/>\n<em><strong>si a la Madre de Cristo viera<\/strong><\/em><br \/>\n<em><strong>sollozante triste y dolida<\/strong><\/em><br \/>\n<em><strong>viendo tanto suplicio?<\/strong><\/em><\/p>\n<p style=\"text-align: center;\"><em><strong>\u00bfQui\u00e9n no se entristecer\u00eda<\/strong><\/em><br \/>\n<em><strong>a la Madre contemplando<\/strong><\/em><br \/>\n<em><strong>entregar a su hijo<\/strong><\/em><br \/>\n<em><strong>a tal doliente escarnio?<\/strong><\/em><\/p>\n<p style=\"text-align: center;\"><em><strong>Por los pecados de su gente<\/strong><\/em><br \/>\n<em><strong>vio a Jes\u00fas en esos sufrimientos<\/strong><\/em><br \/>\n<em><strong>y doblegado por los azotes<\/strong><\/em><br \/>\n<em><strong>por burlas y otros tormentos.<\/strong><\/em><\/p>\n<p style=\"text-align: center;\"><em><strong>Vio a su dulce Hijo<\/strong><\/em><br \/>\n<em><strong>muriendo desolado<\/strong><\/em><br \/>\n<em><strong>al entregar en el madero<\/strong><\/em><br \/>\n<em><strong>la voluntad del Esp\u00edritu.<\/strong><\/em><\/p>\n<p style=\"text-align: center;\"><em><strong>Ea, Madre, fuente de amor<\/strong><\/em><br \/>\n<em><strong>hazme sentir tu dolor,<\/strong><\/em><br \/>\n<em><strong>contigo quiero llorar<\/strong><\/em><br \/>\n<em><strong>y compartir tu pena.<\/strong><\/em><\/p>\n<p style=\"text-align: center;\"><em><strong>Haz que mi coraz\u00f3n arda<\/strong><\/em><br \/>\n<em><strong>en el amor de mi Dios<\/strong><\/em><br \/>\n<em><strong>y en cumplir su voluntad<\/strong><\/em><br \/>\n<em><strong>como el Hijo nos ense\u00f1a.<\/strong><\/em><\/p>\n<p style=\"text-align: center;\"><em><strong>Santa Madre, yo te ruego<\/strong><\/em><br \/>\n<em><strong>que me traspases las llagas<\/strong><\/em><br \/>\n<em><strong>del Crucificado al coraz\u00f3n<\/strong><\/em><br \/>\n<em><strong>al sufrir con esa entrega.<\/strong><\/em><\/p>\n<p style=\"text-align: center;\"><em><strong>De tu Hijo malherido<\/strong><\/em><br \/>\n<em><strong>que por m\u00ed tanto sufri\u00f3<\/strong><\/em><br \/>\n<em><strong>por eso te suplico<\/strong><\/em><br \/>\n<em><strong>reparte conmigo las penas<\/strong><\/em><\/p>\n<p style=\"text-align: center;\"><em><strong>D\u00e9jame llorar contigo<\/strong><\/em><br \/>\n<em><strong>condolerme por tu Hijo<\/strong><\/em><br \/>\n<em><strong>quiero hacerlo siempre<\/strong><\/em><br \/>\n<em><strong>mientras me dure la vida.<\/strong><\/em><\/p>\n<p style=\"text-align: center;\"><em><strong>Junto a la Cruz quiero estar<\/strong><\/em><br \/>\n<em><strong>querida Madre m\u00eda<\/strong><\/em><br \/>\n<em><strong>y contigo a tu lado<\/strong><\/em><br \/>\n<em><strong>en el llanto, en su agon\u00eda.<\/strong><\/em><\/p>\n<p style=\"text-align: center;\"><em><strong>Virgen de V\u00edrgenes preclara<\/strong><\/em><br \/>\n<em><strong>no te amargues ya conmigo<\/strong><\/em><br \/>\n<em><strong>d\u00e9jame llorar contigo<\/strong><\/em><br \/>\n<em><strong>en la amargura divina.<\/strong><\/em><\/p>\n<p style=\"text-align: center;\"><em><strong>Haz que llore la muerte de Cristo<\/strong><\/em><br \/>\n<em><strong>hazme part\u00edcipe de su Pasi\u00f3n,<\/strong><\/em><br \/>\n<em><strong>haz que me quede con sus llagas<\/strong><\/em><br \/>\n<em><strong>para marcar mi coraz\u00f3n.<\/strong><\/em><\/p>\n<p style=\"text-align: center;\"><em><strong>Haz que me hieran sus llagas<\/strong><\/em><br \/>\n<em><strong>haz que con la Cruz de Pasi\u00f3n<\/strong><\/em><br \/>\n<em><strong>me embriague la Sangre de tu Hijo<\/strong><\/em><br \/>\n<em><strong>su redenci\u00f3n y perd\u00f3n.<\/strong><\/em><\/p>\n<p style=\"text-align: center;\"><em><strong>Para que no me queme en las llamas<\/strong><\/em><br \/>\n<em><strong>defi\u00e9ndeme t\u00fa, Virgen santa,<\/strong><\/em><br \/>\n<em><strong>permanece junto a m\u00ed al igual<\/strong><\/em><br \/>\n<em><strong>en el d\u00eda del juicio final.<\/strong><\/em><\/p>\n<p style=\"text-align: center;\"><em><strong>Cuando, Cristo, haya de irme,<\/strong><\/em><br \/>\n<em><strong>conc\u00e9deme que tu Madre me gu\u00ede<\/strong><\/em><br \/>\n<em><strong>y me conduzca dulcemente<\/strong><\/em><br \/>\n<em><strong>en el camino final de mi vida.<\/strong><\/em><\/p>\n<p style=\"text-align: center;\"><em><strong>Y cuando mi cuerpo muera,<\/strong><\/em><br \/>\n<em><strong>haz que a mi alma se conceda<\/strong><\/em><br \/>\n<em><strong>ver tu rostro hermoso<\/strong><\/em><br \/>\n<em><strong>en el Para\u00edso de la gloria.<\/strong><\/em><\/p>\n<\/blockquote>\n<h2 style=\"text-align: center;\"><span style=\"text-decoration: underline;\"><strong>Santo Rosario del Dolor<\/strong><\/span><\/h2>\n<div class=\"contenedor\"><\/div>\n<p>Organizado por la Cofrad\u00eda de la Santa Cruz de los H.H. Maristas, hoy 31 de marzo de 2026, salida procesional del \u00abSanto Rosario del Dolor\u00bb a las 20.00 horas, con los pasos \u00abStabat Mater\u00bb y \u00abNtra. Sra. del Rosario\u00bb.<\/p>\n<p>Recorrido: Salida desde la Plaza de Iglesia de San Bartolom\u00e9, Herrer\u00edas, Traves\u00eda de Palacio, Marqu\u00e9s de San Nicol\u00e1s, Sagasta, Portales, Plaza del Mercado, Caballer\u00edas y Plaza San Bartolom\u00e9. y por el siguiente recorrido: calles Herrer\u00edas, Traves\u00eda de Palacio, Marqu\u00e9s de San Nicol\u00e1s, Sagasta, Portales, Plaza del Mercado, Caballer\u00edas, con regreso y final en la Plaza de la Iglesia de San Bartolom\u00e9.<\/p>\n<p><a href=\"https:\/\/www.logronopasion.com\/portal\/wp-content\/uploads\/2025\/04\/Via-Crucis-Cofradia-de-la-Santa-Cruz.jpg\"><img loading=\"lazy\" decoding=\"async\" class=\"aligncenter wp-image-21280 size-full\" src=\"https:\/\/www.logronopasion.com\/portal\/wp-content\/uploads\/2025\/04\/Via-Crucis-Cofradia-de-la-Santa-Cruz.jpg\" alt=\"\" width=\"498\" height=\"293\" srcset=\"https:\/\/www.logronopasion.com\/portal\/wp-content\/uploads\/2025\/04\/Via-Crucis-Cofradia-de-la-Santa-Cruz.jpg 498w, https:\/\/www.logronopasion.com\/portal\/wp-content\/uploads\/2025\/04\/Via-Crucis-Cofradia-de-la-Santa-Cruz-300x177.jpg 300w\" sizes=\"auto, (max-width: 498px) 100vw, 498px\" \/><\/a><\/p>\n<p><a href=\"https:\/\/logronopasion.com\/portal\/wp-content\/uploads\/2013\/03\/Stabat-Mater-2.jpg\"><img loading=\"lazy\" decoding=\"async\" class=\"size-full wp-image-2162 aligncenter\" src=\"https:\/\/logronopasion.com\/portal\/wp-content\/uploads\/2013\/03\/Stabat-Mater-2.jpg\" sizes=\"auto, (max-width: 518px) 100vw, 518px\" srcset=\"https:\/\/www.logronopasion.com\/portal\/wp-content\/uploads\/2013\/03\/Stabat-Mater-2.jpg 518w, https:\/\/www.logronopasion.com\/portal\/wp-content\/uploads\/2013\/03\/Stabat-Mater-2-300x263.jpg 300w\" alt=\"\" width=\"518\" height=\"455\" \/><\/a><\/p>\n<h3 style=\"text-align: center;\"><span style=\"text-decoration: underline;\"><strong>ESTABA LA MADRE DE JES\u00daS\u00a0 (STABAT MATER)<\/strong><\/span><\/h3>\n<p>Mar\u00eda, la madre de Jes\u00fas, se encontraba tambi\u00e9n en Jerusal\u00e9n cuando recibi\u00f3 la noticia de la detenci\u00f3n de su hijo. \u00a0Mar\u00eda le ve y llora porque est\u00e1 lleno de golpes, de bofetadas, de escupiduras y coronado de espinas\u00bb, \u00abcommota sunt omnia viscera mea\u00bb \u00a0y vi\u00e9ndolo se desvanece.<\/p>\n<p>La acompa\u00f1an algunas otras mujeres, \u00a0entre ellas est\u00e1 Mar\u00eda Magdalena. As\u00ed pues, al lado de Mar\u00eda, la otra figura especialmente excepcional sobre las dem\u00e1s mujeres es Magdalena. Entre todas la llevan siguiendo a Jes\u00fas cargado con la cruz. Cuando Jes\u00fas es clavado y \u00a0Mar\u00eda lo ve, no hablan. La crucifixi\u00f3n se describe y se acent\u00faa con toda su crueldad y los tormentos impuestos a Jes\u00fas. Le sale sangre de las 4 heridas, de pies y manos. La belleza huye de su rostro y se cumple lo que dijo Isa\u00edas, que el que era <em>speciosus <\/em>se ve <em>indecoras. <\/em>El rostro lo tiene l\u00edvido por los azotes recibidos. En Mar\u00eda cabe\u00a0 el deseo de morir con \u00c9l. Pide a los jud\u00edos que la crucifiquen con Jes\u00fas, invoca a la muerte con palabras de dolor y desesperaci\u00f3n, pero la muerte huye de quien la busca. Jes\u00fas es para ella padre, hijo, esposo, y no quiere quedar sola; no tendr\u00e1 quien la aconseje. Finalmente, seguramente le dice a Jes\u00fas que, si no puede ser que muera con \u00e9l, que le deje a alguien. El tono triste y desesperado de Mar\u00eda, que ha perdido las fuerzas, que desea morir junto a \u00e9l, que llora continuamente, acongojada por la visi\u00f3n de Jes\u00fas, es el mismo que la de cualquier madre que ve morir a su hijo de esta manera tan brutal.<\/p>\n<p><a href=\"https:\/\/logronopasion.com\/portal\/wp-content\/uploads\/2021\/03\/Rosario-del-Dolor.jpg\"><img loading=\"lazy\" decoding=\"async\" class=\"aligncenter wp-image-19337 size-full\" src=\"https:\/\/logronopasion.com\/portal\/wp-content\/uploads\/2021\/03\/Rosario-del-Dolor.jpg\" sizes=\"auto, (max-width: 768px) 100vw, 768px\" srcset=\"https:\/\/www.logronopasion.com\/portal\/wp-content\/uploads\/2021\/03\/Rosario-del-Dolor.jpg 768w, https:\/\/www.logronopasion.com\/portal\/wp-content\/uploads\/2021\/03\/Rosario-del-Dolor-300x200.jpg 300w\" alt=\"\" width=\"768\" height=\"512\" \/><\/a><\/p>\n<p>El vers\u00edculo del evangelio de Juan, en el que Jes\u00fas le encomienda a su madre, es una de las pocas referencias evang\u00e9licas a Mar\u00eda en la Pasi\u00f3n de Jes\u00fas, Dice Jes\u00fas desde la Cruz, (1136-1137): \u00abMulier, ecce f\u00edlius tuus\u00bb, a\u00f1ade que no ha de llorar, que \u00e9l ha de beber el c\u00e1liz y ha de salvar a la humanidad; y que no la deja sola, porque estar\u00e1 con ella por todos los siglos. Entretanto le dice a Juan que la cuide. El tono empleado por Jes\u00fas es m\u00e1s calmado, es como un serm\u00f3n en el que adoctrina sin que su dolor se refleje en notas de dramatismo o de desesperaci\u00f3n. Jes\u00fas dice a Mar\u00eda: \u00abMadre, ah\u00ed tienes a tu hijo\u00bb (Jn 19, 26). En una especie de testamento: encomienda a su Madre al cuidado del hijo, del disc\u00edpulo. Pero tambi\u00e9n dice al disc\u00edpulo: \u00abAh\u00ed tienes a tu madre\u00bb (Jn 19, 27).<\/p>\n<audio class=\"wp-audio-shortcode\" id=\"audio-20383-1\" loop autoplay preload=\"auto\" style=\"width: 100%;\" controls=\"controls\"><source type=\"audio\/mpeg\" src=\"https:\/\/logronopasion.com\/portal\/wp-content\/uploads\/2023\/04\/Llora-Siempre-Jesus.mp3?_=1\" \/><a href=\"https:\/\/logronopasion.com\/portal\/wp-content\/uploads\/2023\/04\/Llora-Siempre-Jesus.mp3\">https:\/\/logronopasion.com\/portal\/wp-content\/uploads\/2023\/04\/Llora-Siempre-Jesus.mp3<\/a><\/audio>\n<h3 style=\"text-align: center;\"><span style=\"text-decoration: underline;\"><strong>V\u00cdA CRUCIS DE LA FLAGELACI\u00d3N DEL SE\u00d1OR<\/strong><\/span><\/h3>\n<div class=\"contenedor\">\n<div class=\"actividades-desc\">\n<p class=\"nombre-actividad\">A las 8.30 de la tarde, desde la Parroquia de Santa Teresita situada en la calle Somosierra, su Cofrad\u00eda iniciar\u00e1 el V\u00eda Crucis con el siguiente recorrido: Somosierra, Men\u00e9ndez Pelayo, P\u00e9rez Gald\u00f3s, Lardero, Somosierra, M.\u00aa Teresa Gil de G\u00e1rate, Huesca, Men\u00e9ndez Pelayo y\u00a0 regreso al Templo por Somosierra.<\/p>\n<p><a href=\"https:\/\/www.logronopasion.com\/portal\/wp-content\/uploads\/2025\/04\/Via-Crucis-Cofradia-de-la-Flagelacion.jpg\"><img loading=\"lazy\" decoding=\"async\" class=\"alignnone size-full wp-image-21281\" src=\"https:\/\/www.logronopasion.com\/portal\/wp-content\/uploads\/2025\/04\/Via-Crucis-Cofradia-de-la-Flagelacion.jpg\" alt=\"\" width=\"579\" height=\"476\" srcset=\"https:\/\/www.logronopasion.com\/portal\/wp-content\/uploads\/2025\/04\/Via-Crucis-Cofradia-de-la-Flagelacion.jpg 579w, https:\/\/www.logronopasion.com\/portal\/wp-content\/uploads\/2025\/04\/Via-Crucis-Cofradia-de-la-Flagelacion-300x247.jpg 300w\" sizes=\"auto, (max-width: 579px) 100vw, 579px\" \/><\/a><\/p>\n<p class=\"font_9 wixui-rich-text__text\"><span class=\"color_36 wixui-rich-text__text\">El \u00abpaso\u00bb de \u00e9sta Cofrad\u00eda de la Flagelaci\u00f3n de Jes\u00fas, fue realizado por el escultor riojano D. Vicente Ochoa Moreno (nacido en Cervera del R\u00edo Alhama) entre los a\u00f1os 1967 y 1968, a\u00f1o en que sali\u00f3 por primera vez a la calle en esa Semana Santa. <\/span><span class=\"color_36 wixui-rich-text__text\">Las andas de este paso fueron construidas para ello, por el taller de ebanister\u00eda logro\u00f1es de D. <\/span><span class=\"color_36 wixui-rich-text__text\">Ruperto Grijalba Torres y cofrade de ella.<\/span><\/p>\n<p class=\"font_9 wixui-rich-text__text\"><span class=\"color_36 wixui-rich-text__text\">Al a\u00f1os siguiente (1969) el mismo escultor imaginero, cubri\u00f3 los huecos que quedaban entre las columnillas de las andas con catorce estaciones del V\u00eda Crucis, y el frontal posterior con la decimoquinta estaci\u00f3n, todas ellas talladas en madera de haya yugoslava.<\/span><\/p>\n<figure id=\"attachment_21277\" aria-describedby=\"caption-attachment-21277\" style=\"width: 1024px\" class=\"wp-caption aligncenter\"><a href=\"https:\/\/www.logronopasion.com\/portal\/wp-content\/uploads\/2025\/04\/Autorretrato-de-Vicente-Ochoa-Moreno.jpeg\"><img loading=\"lazy\" decoding=\"async\" class=\"wp-image-21277 size-full\" src=\"https:\/\/www.logronopasion.com\/portal\/wp-content\/uploads\/2025\/04\/Autorretrato-de-Vicente-Ochoa-Moreno.jpeg\" alt=\"\" width=\"1024\" height=\"576\" srcset=\"https:\/\/www.logronopasion.com\/portal\/wp-content\/uploads\/2025\/04\/Autorretrato-de-Vicente-Ochoa-Moreno.jpeg 1024w, https:\/\/www.logronopasion.com\/portal\/wp-content\/uploads\/2025\/04\/Autorretrato-de-Vicente-Ochoa-Moreno-300x169.jpeg 300w, https:\/\/www.logronopasion.com\/portal\/wp-content\/uploads\/2025\/04\/Autorretrato-de-Vicente-Ochoa-Moreno-768x432.jpeg 768w\" sizes=\"auto, (max-width: 1024px) 100vw, 1024px\" \/><\/a><figcaption id=\"caption-attachment-21277\" class=\"wp-caption-text\">Autorretrato del escultor D. Vicente Ochoa Moreno.<\/figcaption><\/figure>\n<p class=\"font_9 wixui-rich-text__text\"><span class=\"color_36 wixui-rich-text__text\">Dos detalles curiosos, que debemos destacar: La primera peseta que se don\u00f3 para la elaboraci\u00f3n de \u00e9ste \u00abpaso\u00bb, se guarda dentro de la mano de uno de los sayones que azota a Jes\u00fas, y el otro say\u00f3n, es un autorretrato del propio escultor.<\/span><\/p>\n<p><a href=\"https:\/\/www.logronopasion.com\/portal\/wp-content\/uploads\/2025\/04\/Facebook-2026-4.1-Martes-Santo-Flagelacion-de-Jesus.jpg\"><img loading=\"lazy\" decoding=\"async\" class=\"aligncenter wp-image-21278 size-full\" src=\"https:\/\/www.logronopasion.com\/portal\/wp-content\/uploads\/2025\/04\/Facebook-2026-4.1-Martes-Santo-Flagelacion-de-Jesus.jpg\" alt=\"\" width=\"820\" height=\"312\" srcset=\"https:\/\/www.logronopasion.com\/portal\/wp-content\/uploads\/2025\/04\/Facebook-2026-4.1-Martes-Santo-Flagelacion-de-Jesus.jpg 820w, https:\/\/www.logronopasion.com\/portal\/wp-content\/uploads\/2025\/04\/Facebook-2026-4.1-Martes-Santo-Flagelacion-de-Jesus-300x114.jpg 300w, https:\/\/www.logronopasion.com\/portal\/wp-content\/uploads\/2025\/04\/Facebook-2026-4.1-Martes-Santo-Flagelacion-de-Jesus-768x292.jpg 768w\" sizes=\"auto, (max-width: 820px) 100vw, 820px\" \/><\/a><\/p>\n<\/div>\n<\/div>\n<p>&nbsp;<\/p>\n<blockquote>\n<p style=\"text-align: center;\"><em><strong>Los peores malhechores sufr\u00edan este tormento<\/strong><\/em><br \/>\n<em><strong>al que lo mando Pilato pensando calmar al pueblo<\/strong><\/em><br \/>\n<em><strong>y tambi\u00e9n exasperado al interrogar a Cristo<\/strong><\/em><br \/>\n<em><strong>y conocer que aquel hombre era adem\u00e1s un Justo.<\/strong><\/em><\/p>\n<p style=\"text-align: center;\"><em><strong>Atado por las mu\u00f1ecas completamente desnudo,<\/strong><\/em><br \/>\n<em><strong>a Jes\u00fas fijan a un poste, poste de mediana altura;<\/strong><\/em><br \/>\n<em><strong>sus espaldas encorvadas presentan un plano f\u00e1cil<\/strong><\/em><br \/>\n<em><strong>de manera que los golpes, no sea ni uno perdido.<\/strong><\/em><\/p>\n<p style=\"text-align: center;\"><em><strong>El castigo lo ejecutan hombres muy fuertes y rudos<\/strong><\/em><br \/>\n<em><strong>manejando con destreza el espantoso flagelo,<\/strong><\/em><br \/>\n<em><strong>que era un l\u00e1tigo formado por largas tiras de cuero<\/strong><\/em><br \/>\n<em><strong>que ten\u00edan insertados peque\u00f1os trozos de hueso<\/strong><\/em><br \/>\n<em><strong>rematando a su final en unos ganchos de hierro.<\/strong><\/em><\/p>\n<p style=\"text-align: center;\"><em><strong>Zumban flagelos al aire cayendo golpes sin cuento<\/strong><\/em><br \/>\n<em><strong>a Jes\u00fas el Nazareno, que se contrae de dolor<\/strong><\/em><br \/>\n<em><strong>bajo todos los zarpazos producidos por los ganchos<\/strong><\/em><br \/>\n<em><strong>que se hund\u00edan en sus carnes como u\u00f1as afiladas<\/strong><\/em><br \/>\n<em><strong>desgarrando horriblemente aquel cuerpo tan sagrado.<\/strong><\/em><\/p>\n<p style=\"text-align: center;\"><em><strong>El tormento inconcebible bajo el chasquear de l\u00e1tigos<\/strong><\/em><br \/>\n<em><strong>el Salvador lo sufr\u00eda en un completo silencio<\/strong><\/em><br \/>\n<em><strong>sin una queja siquiera, con resignaci\u00f3n divina,<\/strong><\/em><br \/>\n<em><strong>enfureciendo con ello a los sayones perversos.<\/strong><\/em><\/p>\n<p style=\"text-align: center;\"><em><strong>Cuando al fin lo desataron con sus carnes desgarradas<\/strong><\/em><br \/>\n<em><strong>una capa le pusieron aquellos seres malvados<\/strong><\/em><br \/>\n<em><strong>del mismo color que el suelo rodeando la columna;<\/strong><\/em><br \/>\n<em><strong>su bendita y santa sangre tapizaba el pavimento.<\/strong><\/em><\/p>\n<\/blockquote>\n<p>&nbsp;<\/p>\n<p><a href=\"https:\/\/www.logronopasion.com\/portal\/wp-content\/uploads\/2025\/04\/Flagelacion.jpeg\"><img loading=\"lazy\" decoding=\"async\" class=\"alignnone size-medium wp-image-20561\" src=\"https:\/\/www.logronopasion.com\/portal\/wp-content\/uploads\/2025\/04\/Flagelacion-300x193.jpeg\" alt=\"\" width=\"300\" height=\"193\" srcset=\"https:\/\/www.logronopasion.com\/portal\/wp-content\/uploads\/2025\/04\/Flagelacion-300x193.jpeg 300w, https:\/\/www.logronopasion.com\/portal\/wp-content\/uploads\/2025\/04\/Flagelacion-768x495.jpeg 768w, https:\/\/www.logronopasion.com\/portal\/wp-content\/uploads\/2025\/04\/Flagelacion.jpeg 1024w\" sizes=\"auto, (max-width: 300px) 100vw, 300px\" \/><\/a><\/p>\n<h3><span style=\"text-decoration: underline;\"><strong>Flagelaci\u00f3n de Nuestro Se\u00f1or<\/strong><\/span><\/h3>\n<p>Poco despu\u00e9s de la medianoche, Jes\u00fas fue arrestado en Getseman\u00ed por los guardias del templo, y fue llevado primeramente ante An\u00e1s y luego ante Caif\u00e1s, el sumo sacerdote jud\u00edo ese a\u00f1o. Entre la una de la ma\u00f1ana y el amanecer, Jes\u00fas fue juzgado ante Caif\u00e1s y el Sanedr\u00edn pol\u00edtico, y fue hallado culpable de blasfemia. Luego los guardias lo vendaron, le escupieron, y le pegaron en el rostro con sus pu\u00f1os. Poco despu\u00e9s del amanecer, presumiblemente en el templo, Jes\u00fas fue juzgado ante el Sanedr\u00edn religioso (fariseos y saduceos), y de nuevo fue hallado culpable de blasfemia, un crimen castigable con la muerte.<\/p>\n<p><a href=\"https:\/\/i0.wp.com\/logronopasion.com\/portal\/wp-content\/uploads\/2021\/03\/sumo-sacerdote-Jesus-Caifas-Sanedrin-Juicio.jpg?ssl=1\"><img loading=\"lazy\" decoding=\"async\" class=\"size-full wp-image-19324 aligncenter\" src=\"https:\/\/i0.wp.com\/logronopasion.com\/portal\/wp-content\/uploads\/2021\/03\/sumo-sacerdote-Jesus-Caifas-Sanedrin-Juicio.jpg?resize=500%2C278&amp;ssl=1\" sizes=\"auto, (max-width: 500px) 100vw, 500px\" srcset=\"https:\/\/i0.wp.com\/logronopasion.com\/portal\/wp-content\/uploads\/2021\/03\/sumo-sacerdote-Jesus-Caifas-Sanedrin-Juicio.jpg?w=500&amp;ssl=1 500w, https:\/\/i0.wp.com\/logronopasion.com\/portal\/wp-content\/uploads\/2021\/03\/sumo-sacerdote-Jesus-Caifas-Sanedrin-Juicio.jpg?resize=300%2C167&amp;ssl=1 300w\" alt=\"\" width=\"500\" height=\"278\" data-recalc-dims=\"1\" \/><\/a><\/p>\n<p>Debido a que el permiso para una ejecuci\u00f3n ten\u00eda que provenir de los gobernantes romanos, Jes\u00fas fue llevado temprano en la ma\u00f1ana por los guardias del templo al Pretorio de la Fortaleza Antonia, residencia y asiento de gobierno de Poncio Pilato, el procurador de Judea. Sin embargo, Jes\u00fas fue presentado ante Pilato con la primera acusaci\u00f3n hecha a Jes\u00fas, no como un blasfemo, sino como un rey autoproclamado que rechazar\u00eda la autoridad romana \u00abSe ha hecho Hijo de Dios y seg\u00fan nuestra ley debe morir\u00bb. Pilato no present\u00f3 ning\u00fan cargo contra Jes\u00fas al juzgar que no ca\u00eda bajo la ley romana. Era cuesti\u00f3n religiosa y la Justicia romana no actuaba en estos casos para dirimirla. Por lo que consider\u00f3 a Jes\u00fas inocente. Pilato dice: No encuentro en \u00e9l, causa alguna de condenaci\u00f3n.<\/p>\n<p>Tras una deliberaci\u00f3n, los jud\u00edos hacen una segunda acusaci\u00f3n que s\u00ed entraba dentro de la Lex Julia: Hab\u00eda permitido ser aclamado Hijo de David que seg\u00fan ellos iba a ser su rey. Quer\u00eda hacerse rey y esto iba contra el Emperador. Pilato ahora si que tiene obligaci\u00f3n de atender esta acusaci\u00f3n. Le pregunta a Jes\u00fas sobre su realeza y, no sacando nada en claro, lo considera de nuevo inocente.<\/p>\n<p>Enterado de la estancia de Herodes en Jerusal\u00e9n y siendo Jes\u00fas s\u00fabdito suyo, Pilato se lo env\u00eda a ver si le resuelve el problema. Pero Herodes tampoco present\u00f3 ninguna acusaci\u00f3n oficial y lo devolvi\u00f3 a Pilato.<\/p>\n<p>De nuevo Pilato no pudo encontrar base alguna para un cargo legal contra Jes\u00fas, pero la gente demandaba la crucifixi\u00f3n con persistencia. Pilato en el tercer juicio dice a los jud\u00edos: Ni Herodes ni yo encontramos en \u00e9l causa alguna de muerte. Pero Pilato, finalmente cedi\u00f3 a su demanda. Equipara a Jes\u00fas con un criminal y ladr\u00f3n, con Barrab\u00e1s y hace la propuesta de a qui\u00e9n de los dos quer\u00edan que les soltase.<\/p>\n<p>La plebe prefiere a Barrab\u00e1s, a la vez que grita que Jes\u00fas sea crucificado. As\u00ed entreg\u00f3 a Jes\u00fas para ser flagelado y crucificado, pensando incluso que, con solo la flagelaci\u00f3n, el pueblo se conformar\u00eda. Pilato pens\u00f3: Le castigar\u00e9 y luego le soltare. Despu\u00e9s de este episodio, Jes\u00fas es flagelado y es presentado al pueblo dici\u00e9ndole: ECCE HOMO.<\/p>\n<p>Debemos de suponer, que la salud de Jes\u00fas era excelente. Sus viajes a pie a trav\u00e9s de la Palestina habr\u00edan excluido cualquier enfermedad f\u00edsica de importancia o una constituci\u00f3n d\u00e9bil. En este sentido, es razonable suponer que Jes\u00fas gozaba de buen estado de salud antes de su caminata a Getseman\u00ed. Sin embargo, durante las 12 horas entre las 9 pm del jueves y las 9 am del viernes, \u00c9l sufri\u00f3 una enorme tensi\u00f3n emocional, como se evidencia por la hematidrosis, abandono de sus m\u00e1s cercanos amigos como fueron sus disc\u00edpulos y el castigo f\u00edsico en el primer juicio jud\u00edo. Adem\u00e1s de esto, en el escenario de una noche traum\u00e1tica y desvelada, Jes\u00fas fue obligado a caminar m\u00e1s de 4 kil\u00f3metros de uno a otro local donde se celebraron los juicios. Estos factores f\u00edsicos y emocionales podr\u00edan haber dejado a Jes\u00fas particularmente vulnerable a los efectos adversos y hemodin\u00e1micos de la flagelaci\u00f3n.<\/p>\n<p>La flagelaci\u00f3n en s\u00ed no fue un castigo exclusivo para Jes\u00fas. Lo mandaba la ley. La flagelaci\u00f3n era un pre\u00e1mbulo legal a toda ejecuci\u00f3n. y solo las mujeres, los senadores romanos y los soldados (con excepci\u00f3n de casos de deserci\u00f3n) estaban exentos. Hab\u00eda otra excepci\u00f3n: los ciudadanos romanos condenados a decapitaci\u00f3n. Estos no eran flagelados, sino fustigados con la fusta. Esto se hac\u00eda, seg\u00fan Tito Livio, en el mismo lugar del suplicio, inmediatamente antes de la decapitaci\u00f3n.<\/p>\n<p><a href=\"https:\/\/i1.wp.com\/logronopasion.com\/portal\/wp-content\/uploads\/2016\/03\/Flagelaci\u00f3n.jpg?ssl=1\"><img loading=\"lazy\" decoding=\"async\" class=\" wp-image-4687 aligncenter\" src=\"https:\/\/i1.wp.com\/logronopasion.com\/portal\/wp-content\/uploads\/2016\/03\/Flagelaci\u00f3n.jpg?resize=516%2C360&amp;ssl=1\" sizes=\"auto, (max-width: 516px) 100vw, 516px\" srcset=\"https:\/\/i1.wp.com\/logronopasion.com\/portal\/wp-content\/uploads\/2016\/03\/Flagelaci\u00f3n.jpg?resize=300%2C209&amp;ssl=1 300w, https:\/\/i1.wp.com\/logronopasion.com\/portal\/wp-content\/uploads\/2016\/03\/Flagelaci\u00f3n.jpg?w=420&amp;ssl=1 420w\" alt=\"\" width=\"516\" height=\"360\" data-recalc-dims=\"1\" \/><\/a><\/p>\n<p>Los condenados a crucifixi\u00f3n eran flagelados habitualmente durante el trayecto que hab\u00eda entre el lugar donde se dictaba la sentencia y el del suplicio. Muy raro, como en el caso de Jes\u00fas, que se llevara a cabo en las dependencias del tribunal. Esto s\u00f3lo se hac\u00eda en los casos en que la flagelaci\u00f3n era sustitutiva de la pena capital. El caso de Jes\u00fas pues, fue raro. Su flagelaci\u00f3n no fue la legal que preced\u00eda a toda ejecuci\u00f3n y que se daba en el trayecto, camino del suplicio, sino que constituy\u00f3 un castigo especial.<\/p>\n<p>El instrumento usual era un azote corto (flagrum o flagellum) con varias tiras de cuero sencillas o entrelazadas, de diferente longitud, en las cuales se ataban peque\u00f1as bolas de hierro o trocitos de huesos de ovejas a varios intervalos. Ocasionalmente se utilizaban barrotes. Para la flagelaci\u00f3n, el hombre era desnudado, y sus manos eran atadas a un poste. Las espaldas, las nalgas y las piernas eran azotadas, bien sea por dos soldados o por uno que alternaba la posici\u00f3n. La severidad de la flagelaci\u00f3n depend\u00eda de la disposici\u00f3n de los verdugos y su objetivo era debilitar a la v\u00edctima a un estado pr\u00f3ximo al colapso o la muerte. Despu\u00e9s de la flagelaci\u00f3n, los soldados sol\u00edan burlarse de sus v\u00edctimas.<\/p>\n<p><a href=\"https:\/\/i0.wp.com\/logronopasion.com\/portal\/wp-content\/uploads\/2013\/03\/3473624750_890f127894.jpg?ssl=1\"><img loading=\"lazy\" decoding=\"async\" class=\"size-full wp-image-2166 aligncenter\" src=\"https:\/\/i0.wp.com\/logronopasion.com\/portal\/wp-content\/uploads\/2013\/03\/3473624750_890f127894.jpg?resize=500%2C332&amp;ssl=1\" sizes=\"auto, (max-width: 500px) 100vw, 500px\" srcset=\"https:\/\/i0.wp.com\/logronopasion.com\/portal\/wp-content\/uploads\/2013\/03\/3473624750_890f127894.jpg?w=500&amp;ssl=1 500w, https:\/\/i0.wp.com\/logronopasion.com\/portal\/wp-content\/uploads\/2013\/03\/3473624750_890f127894.jpg?resize=300%2C199&amp;ssl=1 300w\" alt=\"\" width=\"500\" height=\"332\" data-recalc-dims=\"1\" \/><\/a><\/p>\n<p>Cuando los soldados azotaban repetidamente y con todas sus fuerzas las espaldas de su v\u00edctima, las bolas de hierro causaban profundas contusiones, y las tiras de cuero y huesos desgarraban la piel y el tejido subcut\u00e1neo. Al continuar los azotes, las laceraciones cortaban hasta los m\u00fasculos, produciendo tiras sangrientas de carne desgarrada. El dolor y la p\u00e9rdida de sangre usualmente creaban las condiciones para un shock circulatorio. La cantidad de sangre perdida pod\u00eda muy bien determinar cu\u00e1nto tiempo sobrevivir\u00eda la v\u00edctima en la cruz.<b>\u00a0<\/b><\/p>\n<p><a href=\"https:\/\/i1.wp.com\/logronopasion.com\/portal\/wp-content\/uploads\/2020\/04\/flagelacion5.jpg?ssl=1\"><img loading=\"lazy\" decoding=\"async\" class=\" wp-image-6588 aligncenter\" src=\"https:\/\/i1.wp.com\/logronopasion.com\/portal\/wp-content\/uploads\/2020\/04\/flagelacion5.jpg?resize=582%2C363&amp;ssl=1\" sizes=\"auto, (max-width: 582px) 100vw, 582px\" srcset=\"https:\/\/i1.wp.com\/logronopasion.com\/portal\/wp-content\/uploads\/2020\/04\/flagelacion5.jpg?resize=300%2C187&amp;ssl=1 300w, https:\/\/i1.wp.com\/logronopasion.com\/portal\/wp-content\/uploads\/2020\/04\/flagelacion5.jpg?w=501&amp;ssl=1 501w\" alt=\"flagelacion\" width=\"582\" height=\"363\" data-recalc-dims=\"1\" \/><\/a><\/p>\n<p>Una vez dada la orden de castigo, Jes\u00fas fue atado con cuerdas gruesas y resistentes. Las manos por encima de la cabeza, quedando as\u00ed, casi suspendido de la parte alta de la columna o del techo. De esta manera quedaba inutilizado, para que no pudiera defender algunas partes del cuerpo con los brazos y para que, en el caso de shock, no cayera al suelo. Jes\u00fas fue severamente azotado en el pretorio. No se sabe si el n\u00famero de azotes se limitaba a 39, de acuerdo a la ley jud\u00eda.<\/p>\n<p>A este hombre debilitado que reclamaba ser rey, los soldados comenzaron a escarnecer colocando una t\u00fanica sobre sus hombros, una corona de espinas sobre su cabeza, y un palo como cetro en su mano derecha. A seguidas le escup\u00edan y le golpeaban en la cabeza. M\u00e1s aun, cuando le arrebataron la t\u00fanica, probablemente reabrieron las heridas.<\/p>\n<p>La flagelaci\u00f3n severa, con su intenso dolor y apreciable p\u00e9rdida de sangre, probablemente dejaron a Jes\u00fas en un estado casi de shock. M\u00e1s aun, la hematidrosis hab\u00eda dejado su piel muy sensible. El abuso f\u00edsico y mental descargado por los jud\u00edos y los romanos, as\u00ed como la falta de alimentos, agua y descanso, tambi\u00e9n contribuyeron a su estado general de debilidad. Por tanto, a\u00fan antes de la crucifixi\u00f3n, la condici\u00f3n f\u00edsica de Jes\u00fas era por lo menos muy seria sino cr\u00edtica.<\/p>\n<p>El n\u00famero de latigazos como hemos dicho, seg\u00fan la ley hebrea era de 40, pero ellos por escr\u00fapulos de sobrepasarse, daban siempre 39. Pero Jes\u00fas fue flagelado por los romanos y en dependencia militar romana, por tanto more romano, es decir, seg\u00fan la costumbre romana, cuya ley no limitaba el n\u00famero. S\u00f3lo estaban obligados a dejar a Jes\u00fas con vida, por dos razones: una, para poder mostrarle al p\u00fablico para que \u00e9ste se compadeciera y esa era la intenci\u00f3n de Pilato, y la otra para que, en caso de condena a muerte, llegara vivo al lugar de suplicio y crucificarlo vivo: era la ley.<\/p>\n<p><a href=\"https:\/\/i0.wp.com\/logronopasion.com\/portal\/wp-content\/uploads\/2021\/03\/Flagelacion.jpg?ssl=1\"><img loading=\"lazy\" decoding=\"async\" class=\"size-full wp-image-19325 aligncenter\" src=\"https:\/\/i0.wp.com\/logronopasion.com\/portal\/wp-content\/uploads\/2021\/03\/Flagelacion.jpg?resize=720%2C480&amp;ssl=1\" sizes=\"auto, (max-width: 720px) 100vw, 720px\" srcset=\"https:\/\/i0.wp.com\/logronopasion.com\/portal\/wp-content\/uploads\/2021\/03\/Flagelacion.jpg?w=720&amp;ssl=1 720w, https:\/\/i0.wp.com\/logronopasion.com\/portal\/wp-content\/uploads\/2021\/03\/Flagelacion.jpg?resize=300%2C200&amp;ssl=1 300w\" alt=\"\" width=\"720\" height=\"480\" data-recalc-dims=\"1\" \/><\/a><\/p>\n<p>Cuando los cl\u00e1sicos latinos nos hablan de esta flagelaci\u00f3n more romano, nos dicen que el reo quedaba irreconocible en su aspecto y sangrando por todo el cuerpo. As\u00ed qued\u00f3 Jes\u00fas. Por eso a la pregunta: \u00bfcu\u00e1ntos latigazos dieron a Jes\u00fas? la respuesta ser\u00eda, hasta que le dejaron irreconocible; hasta que se cansaron. La ley romana no limitaba el n\u00famero. Todas las partes del cuerpo de Jes\u00fas fueron objeto de latigazos. Eso s\u00ed, respetaron la cabeza y la parte del coraz\u00f3n, porque hubiera podido morir, como les hab\u00eda sucedido con otros. Y en este caso ten\u00edan una consigna: no matarlo. As\u00ed lo hab\u00eda mandado Pilato: \u00abLe castigar\u00e9 y luego le soltar\u00e9\u00bb.<\/p>\n<p>Las correas de cuero del flagrun taxillatum, cortaron en mayor o menor grado la piel de Jes\u00fas en todo su cuerpo: en la espalda, el t\u00f3rax, los brazos, el vientre, los muslos, las piernas. Las bolas de plomo, ca\u00eddas con fuerza sobre el cuerpo de Jes\u00fas, hicieron toda clase de heridas: contusiones, irritaciones cut\u00e1neas, escoriaciones, equ\u00edmosis y llagas. Adem\u00e1s, los golpes fuertes y repetidos sobre la espalda y el t\u00f3rax, provocaron, sin duda, lesiones pleurales e incluso pericarditis, con consecuencias muy graves para la respiraci\u00f3n, la marcha del coraz\u00f3n y el dolor.<\/p>\n<p>Pero si en la parte externa Jes\u00fas qued\u00f3 irreconocible por las heridas y por la sangre, en el interior de su organismo sufrieron tambi\u00e9n lesiones muy graves \u00f3rganos vitales, como el h\u00edgado y el ri\u00f1\u00f3n. Los golpes fuertes sobre la zona renal, instauraron sin duda, una disfunci\u00f3n en los ri\u00f1ones. Lo mismo podemos decir sobre el h\u00edgado, donde provocaron tambi\u00e9n una disfunci\u00f3n del mismo. A esta disfunci\u00f3n o insuficiencia hepato-renal, junto a mayor p\u00e9rdida de sangre, fueron acompa\u00f1adas de cambios electrol\u00edticos y de otros par\u00e1metros biol\u00f3gicos con todas las consecuencias grav\u00edsimas para la supervivencia.<\/p>\n<p><img loading=\"lazy\" decoding=\"async\" class=\"shrinkToFit aligncenter\" src=\"https:\/\/i0.wp.com\/logronopasion.com\/portal\/wp-content\/uploads\/2012\/04\/Flagelaci%C3%B3n-de-Jes%C3%BAs.jpg\" alt=\"https:\/\/i0.wp.com\/logronopasion.com\/portal\/wp-content\/uploads\/2012\/04\/Flagelaci%C3%B3n-de-Jes%C3%BAs.jpg\" width=\"423\" height=\"632\" \/><\/p>\n<p>La disminuci\u00f3n de la volemia por la nueva y abundante p\u00e9rdida de sangre, aumentaron m\u00e1s gravemente la disnea o dificultad respiratoria, comenzada en Getseman\u00ed. Esta disnea se aument\u00f3 todav\u00eda m\u00e1s, si cab\u00eda, por los golpes en la espalda y en el pecho que afectaron a \u00f3rganos respiratorios y que adem\u00e1s la hicieron dolorosa. Una hipercadmia muy seria estaba instaurada. Jes\u00fas ten\u00eda graves s\u00edntomas de asfixia. La hipotensi\u00f3n arterial comenzada en Getseman\u00ed y aumentada con la desnutrici\u00f3n y la nueva p\u00e9rdida de l\u00edquido corporal y de sangre, le dejaron materialmente sin fuerzas. Jes\u00fas no se ten\u00eda. Sin duda cay\u00f3, al desatadle las cuerdas, sobre el charco de sangre que hab\u00eda salido de su cuerpo. No olvidemos, que todo esto recay\u00f3 sobre una dermis y epidermis sumamente sensible al dolor despu\u00e9s de la hematidrosis.<\/p>\n<p>En las circunstancias de Jes\u00fas es imposible explicar m\u00e9dicamente el dolor que sentir\u00eda cada vez que recib\u00eda un correazo con las bolas de plomo. Podr\u00edamos decir que en estos momentos Jes\u00fas era S\u00d3LO DOLOR.<\/p>\n<p>&nbsp;<\/p>\n<p>&nbsp;<\/p>\n<p style=\"text-align: left;\">(Fotograf\u00edas \u00abNueveCuatroUno, LaRioja y Logro\u00f1o Pasi\u00f3n)<\/p>\n<p>&nbsp;<\/p>\n","protected":false},"excerpt":{"rendered":"<p>Con tradici\u00f3n y fe, desde hace ya muchos a\u00f1os, en el Martes Santo logro\u00f1es, si el tiempo no lo impide, se vienen celebrando dos procesiones. La primera de ellas y m\u00e1s antigua dentro del d\u00eda, es la \u00abFlagelaci\u00f3n del Se\u00f1or\u00bb de la Cofrad\u00eda de la Flagelaci\u00f3n de Jes\u00fas en la Parroquia de Santa Teresita del Ni\u00f1o Jes\u00fas. La segunda Cofrad\u00eda incorporada a procesionar en este d\u00eda, es la Cofrad\u00eda de La Santa Cruz, de los Hnos. Maristas con los dos \u00abpasos\u00bb que actualmente se procesionan; el \u00abpaso\u00bb Stabat Mater y el \u00abpaso\u00bb de Ntra. Sra. la Virgen del Rosario, que&hellip; <\/p>\n","protected":false},"author":2,"featured_media":21283,"comment_status":"open","ping_status":"open","sticky":false,"template":"","format":"standard","meta":{"_bbp_topic_count":0,"_bbp_reply_count":0,"_bbp_total_topic_count":0,"_bbp_total_reply_count":0,"_bbp_voice_count":0,"_bbp_anonymous_reply_count":0,"_bbp_topic_count_hidden":0,"_bbp_reply_count_hidden":0,"_bbp_forum_subforum_count":0,"_crdt_document":"","footnotes":""},"categories":[46,1],"tags":[],"class_list":["post-20383","post","type-post","status-publish","format-standard","has-post-thumbnail","hentry","category-cuaresma-y-semana-santa-2026","category-noticias"],"yoast_head":"<!-- This site is optimized with the Yoast SEO plugin v27.5 - https:\/\/yoast.com\/product\/yoast-seo-wordpress\/ -->\n<title>Humillado y flagelado - Logro\u00f1o Pasi\u00f3n<\/title>\n<meta name=\"robots\" content=\"index, follow, max-snippet:-1, max-image-preview:large, max-video-preview:-1\" \/>\n<link rel=\"canonical\" href=\"https:\/\/www.logronopasion.com\/portal\/humillado-y-flagelado\/\" \/>\n<meta property=\"og:locale\" content=\"es_ES\" \/>\n<meta property=\"og:type\" content=\"article\" \/>\n<meta property=\"og:title\" content=\"Humillado y flagelado - Logro\u00f1o Pasi\u00f3n\" \/>\n<meta property=\"og:description\" content=\"Con tradici\u00f3n y fe, desde hace ya muchos a\u00f1os, en el Martes Santo logro\u00f1es, si el tiempo no lo impide, se vienen celebrando dos procesiones. La primera de ellas y m\u00e1s antigua dentro del d\u00eda, es la \u00abFlagelaci\u00f3n del Se\u00f1or\u00bb de la Cofrad\u00eda de la Flagelaci\u00f3n de Jes\u00fas en la Parroquia de Santa Teresita del Ni\u00f1o Jes\u00fas. La segunda Cofrad\u00eda incorporada a procesionar en este d\u00eda, es la Cofrad\u00eda de La Santa Cruz, de los Hnos. Maristas con los dos \u00abpasos\u00bb que actualmente se procesionan; el \u00abpaso\u00bb Stabat Mater y el \u00abpaso\u00bb de Ntra. Sra. la Virgen del Rosario, que&hellip;\" \/>\n<meta property=\"og:url\" content=\"https:\/\/www.logronopasion.com\/portal\/humillado-y-flagelado\/\" \/>\n<meta property=\"og:site_name\" content=\"Logro\u00f1o Pasi\u00f3n\" \/>\n<meta property=\"article:publisher\" content=\"https:\/\/www.facebook.com\/logronopasion\" \/>\n<meta property=\"article:published_time\" content=\"2026-03-31T13:30:10+00:00\" \/>\n<meta property=\"article:modified_time\" content=\"2026-03-31T15:09:16+00:00\" \/>\n<meta property=\"og:image\" content=\"https:\/\/www.logronopasion.com\/portal\/wp-content\/uploads\/2026\/03\/martessanto-e1774969746638.jpg\" \/>\n\t<meta property=\"og:image:width\" content=\"290\" \/>\n\t<meta property=\"og:image:height\" content=\"200\" \/>\n\t<meta property=\"og:image:type\" content=\"image\/jpeg\" \/>\n<meta name=\"author\" content=\"ROU\" \/>\n<meta name=\"twitter:card\" content=\"summary_large_image\" \/>\n<meta name=\"twitter:creator\" content=\"@LogronoPasion\" \/>\n<meta name=\"twitter:site\" content=\"@LogronoPasion\" \/>\n<meta name=\"twitter:label1\" content=\"Escrito por\" \/>\n\t<meta name=\"twitter:data1\" content=\"ROU\" \/>\n\t<meta name=\"twitter:label2\" content=\"Tiempo de lectura\" \/>\n\t<meta name=\"twitter:data2\" content=\"26 minutos\" \/>\n<script type=\"application\/ld+json\" class=\"yoast-schema-graph\">{\"@context\":\"https:\\\/\\\/schema.org\",\"@graph\":[{\"@type\":\"Article\",\"@id\":\"https:\\\/\\\/www.logronopasion.com\\\/portal\\\/humillado-y-flagelado\\\/#article\",\"isPartOf\":{\"@id\":\"https:\\\/\\\/www.logronopasion.com\\\/portal\\\/humillado-y-flagelado\\\/\"},\"author\":{\"name\":\"ROU\",\"@id\":\"https:\\\/\\\/www.logronopasion.com\\\/portal\\\/#\\\/schema\\\/person\\\/2f883c3fdb92c04e9616af63b5dcfcf2\"},\"headline\":\"Humillado y flagelado\",\"datePublished\":\"2026-03-31T13:30:10+00:00\",\"dateModified\":\"2026-03-31T15:09:16+00:00\",\"mainEntityOfPage\":{\"@id\":\"https:\\\/\\\/www.logronopasion.com\\\/portal\\\/humillado-y-flagelado\\\/\"},\"wordCount\":5733,\"commentCount\":0,\"publisher\":{\"@id\":\"https:\\\/\\\/www.logronopasion.com\\\/portal\\\/#organization\"},\"image\":{\"@id\":\"https:\\\/\\\/www.logronopasion.com\\\/portal\\\/humillado-y-flagelado\\\/#primaryimage\"},\"thumbnailUrl\":\"https:\\\/\\\/www.logronopasion.com\\\/portal\\\/wp-content\\\/uploads\\\/2026\\\/03\\\/martessanto-e1774969746638.jpg\",\"articleSection\":[\"Cuaresma y Semana Santa 2026\",\"Noticias \\\/ Actualidad\"],\"inLanguage\":\"es\",\"potentialAction\":[{\"@type\":\"CommentAction\",\"name\":\"Comment\",\"target\":[\"https:\\\/\\\/www.logronopasion.com\\\/portal\\\/humillado-y-flagelado\\\/#respond\"]}]},{\"@type\":\"WebPage\",\"@id\":\"https:\\\/\\\/www.logronopasion.com\\\/portal\\\/humillado-y-flagelado\\\/\",\"url\":\"https:\\\/\\\/www.logronopasion.com\\\/portal\\\/humillado-y-flagelado\\\/\",\"name\":\"Humillado y flagelado - Logro\u00f1o Pasi\u00f3n\",\"isPartOf\":{\"@id\":\"https:\\\/\\\/www.logronopasion.com\\\/portal\\\/#website\"},\"primaryImageOfPage\":{\"@id\":\"https:\\\/\\\/www.logronopasion.com\\\/portal\\\/humillado-y-flagelado\\\/#primaryimage\"},\"image\":{\"@id\":\"https:\\\/\\\/www.logronopasion.com\\\/portal\\\/humillado-y-flagelado\\\/#primaryimage\"},\"thumbnailUrl\":\"https:\\\/\\\/www.logronopasion.com\\\/portal\\\/wp-content\\\/uploads\\\/2026\\\/03\\\/martessanto-e1774969746638.jpg\",\"datePublished\":\"2026-03-31T13:30:10+00:00\",\"dateModified\":\"2026-03-31T15:09:16+00:00\",\"inLanguage\":\"es\",\"potentialAction\":[{\"@type\":\"ReadAction\",\"target\":[\"https:\\\/\\\/www.logronopasion.com\\\/portal\\\/humillado-y-flagelado\\\/\"]}]},{\"@type\":\"ImageObject\",\"inLanguage\":\"es\",\"@id\":\"https:\\\/\\\/www.logronopasion.com\\\/portal\\\/humillado-y-flagelado\\\/#primaryimage\",\"url\":\"https:\\\/\\\/www.logronopasion.com\\\/portal\\\/wp-content\\\/uploads\\\/2026\\\/03\\\/martessanto-e1774969746638.jpg\",\"contentUrl\":\"https:\\\/\\\/www.logronopasion.com\\\/portal\\\/wp-content\\\/uploads\\\/2026\\\/03\\\/martessanto-e1774969746638.jpg\",\"width\":290,\"height\":200},{\"@type\":\"WebSite\",\"@id\":\"https:\\\/\\\/www.logronopasion.com\\\/portal\\\/#website\",\"url\":\"https:\\\/\\\/www.logronopasion.com\\\/portal\\\/\",\"name\":\"Logro\u00f1o Pasi\u00f3n\",\"description\":\"Portal sobre la Semana Santa de Logro\u00f1o\",\"publisher\":{\"@id\":\"https:\\\/\\\/www.logronopasion.com\\\/portal\\\/#organization\"},\"potentialAction\":[{\"@type\":\"SearchAction\",\"target\":{\"@type\":\"EntryPoint\",\"urlTemplate\":\"https:\\\/\\\/www.logronopasion.com\\\/portal\\\/?s={search_term_string}\"},\"query-input\":{\"@type\":\"PropertyValueSpecification\",\"valueRequired\":true,\"valueName\":\"search_term_string\"}}],\"inLanguage\":\"es\"},{\"@type\":\"Organization\",\"@id\":\"https:\\\/\\\/www.logronopasion.com\\\/portal\\\/#organization\",\"name\":\"Logro\u00f1o Pasi\u00f3n\",\"url\":\"https:\\\/\\\/www.logronopasion.com\\\/portal\\\/\",\"logo\":{\"@type\":\"ImageObject\",\"inLanguage\":\"es\",\"@id\":\"https:\\\/\\\/www.logronopasion.com\\\/portal\\\/#\\\/schema\\\/logo\\\/image\\\/\",\"url\":\"https:\\\/\\\/i2.wp.com\\\/logronopasion.com\\\/portal\\\/wp-content\\\/uploads\\\/2019\\\/04\\\/cropped-Header-1.jpg?fit=312%2C212&ssl=1\",\"contentUrl\":\"https:\\\/\\\/i2.wp.com\\\/logronopasion.com\\\/portal\\\/wp-content\\\/uploads\\\/2019\\\/04\\\/cropped-Header-1.jpg?fit=312%2C212&ssl=1\",\"width\":312,\"height\":212,\"caption\":\"Logro\u00f1o Pasi\u00f3n\"},\"image\":{\"@id\":\"https:\\\/\\\/www.logronopasion.com\\\/portal\\\/#\\\/schema\\\/logo\\\/image\\\/\"},\"sameAs\":[\"https:\\\/\\\/www.facebook.com\\\/logronopasion\",\"https:\\\/\\\/x.com\\\/LogronoPasion\"]},{\"@type\":\"Person\",\"@id\":\"https:\\\/\\\/www.logronopasion.com\\\/portal\\\/#\\\/schema\\\/person\\\/2f883c3fdb92c04e9616af63b5dcfcf2\",\"name\":\"ROU\",\"image\":{\"@type\":\"ImageObject\",\"inLanguage\":\"es\",\"@id\":\"https:\\\/\\\/www.logronopasion.com\\\/portal\\\/wp-content\\\/uploads\\\/2021\\\/11\\\/16107_209547569181270_194186917_n-1-150x150.jpg\",\"url\":\"https:\\\/\\\/www.logronopasion.com\\\/portal\\\/wp-content\\\/uploads\\\/2021\\\/11\\\/16107_209547569181270_194186917_n-1-150x150.jpg\",\"contentUrl\":\"https:\\\/\\\/www.logronopasion.com\\\/portal\\\/wp-content\\\/uploads\\\/2021\\\/11\\\/16107_209547569181270_194186917_n-1-150x150.jpg\",\"caption\":\"ROU\"},\"url\":\"https:\\\/\\\/www.logronopasion.com\\\/portal\\\/author\\\/rou\\\/\"}]}<\/script>\n<!-- \/ Yoast SEO plugin. -->","yoast_head_json":{"title":"Humillado y flagelado - Logro\u00f1o Pasi\u00f3n","robots":{"index":"index","follow":"follow","max-snippet":"max-snippet:-1","max-image-preview":"max-image-preview:large","max-video-preview":"max-video-preview:-1"},"canonical":"https:\/\/www.logronopasion.com\/portal\/humillado-y-flagelado\/","og_locale":"es_ES","og_type":"article","og_title":"Humillado y flagelado - Logro\u00f1o Pasi\u00f3n","og_description":"Con tradici\u00f3n y fe, desde hace ya muchos a\u00f1os, en el Martes Santo logro\u00f1es, si el tiempo no lo impide, se vienen celebrando dos procesiones. La primera de ellas y m\u00e1s antigua dentro del d\u00eda, es la \u00abFlagelaci\u00f3n del Se\u00f1or\u00bb de la Cofrad\u00eda de la Flagelaci\u00f3n de Jes\u00fas en la Parroquia de Santa Teresita del Ni\u00f1o Jes\u00fas. La segunda Cofrad\u00eda incorporada a procesionar en este d\u00eda, es la Cofrad\u00eda de La Santa Cruz, de los Hnos. Maristas con los dos \u00abpasos\u00bb que actualmente se procesionan; el \u00abpaso\u00bb Stabat Mater y el \u00abpaso\u00bb de Ntra. Sra. la Virgen del Rosario, que&hellip;","og_url":"https:\/\/www.logronopasion.com\/portal\/humillado-y-flagelado\/","og_site_name":"Logro\u00f1o Pasi\u00f3n","article_publisher":"https:\/\/www.facebook.com\/logronopasion","article_published_time":"2026-03-31T13:30:10+00:00","article_modified_time":"2026-03-31T15:09:16+00:00","og_image":[{"width":290,"height":200,"url":"https:\/\/www.logronopasion.com\/portal\/wp-content\/uploads\/2026\/03\/martessanto-e1774969746638.jpg","type":"image\/jpeg"}],"author":"ROU","twitter_card":"summary_large_image","twitter_creator":"@LogronoPasion","twitter_site":"@LogronoPasion","twitter_misc":{"Escrito por":"ROU","Tiempo de lectura":"26 minutos"},"schema":{"@context":"https:\/\/schema.org","@graph":[{"@type":"Article","@id":"https:\/\/www.logronopasion.com\/portal\/humillado-y-flagelado\/#article","isPartOf":{"@id":"https:\/\/www.logronopasion.com\/portal\/humillado-y-flagelado\/"},"author":{"name":"ROU","@id":"https:\/\/www.logronopasion.com\/portal\/#\/schema\/person\/2f883c3fdb92c04e9616af63b5dcfcf2"},"headline":"Humillado y flagelado","datePublished":"2026-03-31T13:30:10+00:00","dateModified":"2026-03-31T15:09:16+00:00","mainEntityOfPage":{"@id":"https:\/\/www.logronopasion.com\/portal\/humillado-y-flagelado\/"},"wordCount":5733,"commentCount":0,"publisher":{"@id":"https:\/\/www.logronopasion.com\/portal\/#organization"},"image":{"@id":"https:\/\/www.logronopasion.com\/portal\/humillado-y-flagelado\/#primaryimage"},"thumbnailUrl":"https:\/\/www.logronopasion.com\/portal\/wp-content\/uploads\/2026\/03\/martessanto-e1774969746638.jpg","articleSection":["Cuaresma y Semana Santa 2026","Noticias \/ Actualidad"],"inLanguage":"es","potentialAction":[{"@type":"CommentAction","name":"Comment","target":["https:\/\/www.logronopasion.com\/portal\/humillado-y-flagelado\/#respond"]}]},{"@type":"WebPage","@id":"https:\/\/www.logronopasion.com\/portal\/humillado-y-flagelado\/","url":"https:\/\/www.logronopasion.com\/portal\/humillado-y-flagelado\/","name":"Humillado y flagelado - Logro\u00f1o Pasi\u00f3n","isPartOf":{"@id":"https:\/\/www.logronopasion.com\/portal\/#website"},"primaryImageOfPage":{"@id":"https:\/\/www.logronopasion.com\/portal\/humillado-y-flagelado\/#primaryimage"},"image":{"@id":"https:\/\/www.logronopasion.com\/portal\/humillado-y-flagelado\/#primaryimage"},"thumbnailUrl":"https:\/\/www.logronopasion.com\/portal\/wp-content\/uploads\/2026\/03\/martessanto-e1774969746638.jpg","datePublished":"2026-03-31T13:30:10+00:00","dateModified":"2026-03-31T15:09:16+00:00","inLanguage":"es","potentialAction":[{"@type":"ReadAction","target":["https:\/\/www.logronopasion.com\/portal\/humillado-y-flagelado\/"]}]},{"@type":"ImageObject","inLanguage":"es","@id":"https:\/\/www.logronopasion.com\/portal\/humillado-y-flagelado\/#primaryimage","url":"https:\/\/www.logronopasion.com\/portal\/wp-content\/uploads\/2026\/03\/martessanto-e1774969746638.jpg","contentUrl":"https:\/\/www.logronopasion.com\/portal\/wp-content\/uploads\/2026\/03\/martessanto-e1774969746638.jpg","width":290,"height":200},{"@type":"WebSite","@id":"https:\/\/www.logronopasion.com\/portal\/#website","url":"https:\/\/www.logronopasion.com\/portal\/","name":"Logro\u00f1o Pasi\u00f3n","description":"Portal sobre la Semana Santa de Logro\u00f1o","publisher":{"@id":"https:\/\/www.logronopasion.com\/portal\/#organization"},"potentialAction":[{"@type":"SearchAction","target":{"@type":"EntryPoint","urlTemplate":"https:\/\/www.logronopasion.com\/portal\/?s={search_term_string}"},"query-input":{"@type":"PropertyValueSpecification","valueRequired":true,"valueName":"search_term_string"}}],"inLanguage":"es"},{"@type":"Organization","@id":"https:\/\/www.logronopasion.com\/portal\/#organization","name":"Logro\u00f1o Pasi\u00f3n","url":"https:\/\/www.logronopasion.com\/portal\/","logo":{"@type":"ImageObject","inLanguage":"es","@id":"https:\/\/www.logronopasion.com\/portal\/#\/schema\/logo\/image\/","url":"https:\/\/i2.wp.com\/logronopasion.com\/portal\/wp-content\/uploads\/2019\/04\/cropped-Header-1.jpg?fit=312%2C212&ssl=1","contentUrl":"https:\/\/i2.wp.com\/logronopasion.com\/portal\/wp-content\/uploads\/2019\/04\/cropped-Header-1.jpg?fit=312%2C212&ssl=1","width":312,"height":212,"caption":"Logro\u00f1o Pasi\u00f3n"},"image":{"@id":"https:\/\/www.logronopasion.com\/portal\/#\/schema\/logo\/image\/"},"sameAs":["https:\/\/www.facebook.com\/logronopasion","https:\/\/x.com\/LogronoPasion"]},{"@type":"Person","@id":"https:\/\/www.logronopasion.com\/portal\/#\/schema\/person\/2f883c3fdb92c04e9616af63b5dcfcf2","name":"ROU","image":{"@type":"ImageObject","inLanguage":"es","@id":"https:\/\/www.logronopasion.com\/portal\/wp-content\/uploads\/2021\/11\/16107_209547569181270_194186917_n-1-150x150.jpg","url":"https:\/\/www.logronopasion.com\/portal\/wp-content\/uploads\/2021\/11\/16107_209547569181270_194186917_n-1-150x150.jpg","contentUrl":"https:\/\/www.logronopasion.com\/portal\/wp-content\/uploads\/2021\/11\/16107_209547569181270_194186917_n-1-150x150.jpg","caption":"ROU"},"url":"https:\/\/www.logronopasion.com\/portal\/author\/rou\/"}]}},"_links":{"self":[{"href":"https:\/\/www.logronopasion.com\/portal\/wp-json\/wp\/v2\/posts\/20383","targetHints":{"allow":["GET"]}}],"collection":[{"href":"https:\/\/www.logronopasion.com\/portal\/wp-json\/wp\/v2\/posts"}],"about":[{"href":"https:\/\/www.logronopasion.com\/portal\/wp-json\/wp\/v2\/types\/post"}],"author":[{"embeddable":true,"href":"https:\/\/www.logronopasion.com\/portal\/wp-json\/wp\/v2\/users\/2"}],"replies":[{"embeddable":true,"href":"https:\/\/www.logronopasion.com\/portal\/wp-json\/wp\/v2\/comments?post=20383"}],"version-history":[{"count":6,"href":"https:\/\/www.logronopasion.com\/portal\/wp-json\/wp\/v2\/posts\/20383\/revisions"}],"predecessor-version":[{"id":21282,"href":"https:\/\/www.logronopasion.com\/portal\/wp-json\/wp\/v2\/posts\/20383\/revisions\/21282"}],"wp:featuredmedia":[{"embeddable":true,"href":"https:\/\/www.logronopasion.com\/portal\/wp-json\/wp\/v2\/media\/21283"}],"wp:attachment":[{"href":"https:\/\/www.logronopasion.com\/portal\/wp-json\/wp\/v2\/media?parent=20383"}],"wp:term":[{"taxonomy":"category","embeddable":true,"href":"https:\/\/www.logronopasion.com\/portal\/wp-json\/wp\/v2\/categories?post=20383"},{"taxonomy":"post_tag","embeddable":true,"href":"https:\/\/www.logronopasion.com\/portal\/wp-json\/wp\/v2\/tags?post=20383"}],"curies":[{"name":"wp","href":"https:\/\/api.w.org\/{rel}","templated":true}]}}