{"id":20409,"date":"2023-12-08T02:23:46","date_gmt":"2023-12-08T01:23:46","guid":{"rendered":"https:\/\/logronopasion.com\/portal\/?p=20409"},"modified":"2023-12-08T02:27:33","modified_gmt":"2023-12-08T01:27:33","slug":"la-vida-de-los-que-en-ti-creemos-senor-no-termina-se-transforma","status":"publish","type":"post","link":"https:\/\/www.logronopasion.com\/portal\/la-vida-de-los-que-en-ti-creemos-senor-no-termina-se-transforma\/","title":{"rendered":"\u00abLa vida de los que en ti creemos, Se\u00f1or, no termina, se transforma\u00bb"},"content":{"rendered":"<audio class=\"wp-audio-shortcode\" id=\"audio-20409-1\" loop autoplay preload=\"auto\" style=\"width: 100%;\" controls=\"controls\"><source type=\"audio\/mpeg\" src=\"https:\/\/logronopasion.com\/portal\/wp-content\/uploads\/2023\/12\/La-muerte-no-es-el-final-2.mp3?_=1\" \/><a href=\"https:\/\/logronopasion.com\/portal\/wp-content\/uploads\/2023\/12\/La-muerte-no-es-el-final-2.mp3\">https:\/\/logronopasion.com\/portal\/wp-content\/uploads\/2023\/12\/La-muerte-no-es-el-final-2.mp3<\/a><\/audio>\n<p>&nbsp;<\/p>\n<p>&nbsp;<\/p>\n<p>Hoy, 7 de diciembre, ha partido hacia la Casa del Padre, D. Pedro Trevijano Etcheverr\u00eda. <em><strong>(F.N. 03\/01\/1938\u00a0 \/\/ + 07\/12\/2023)<\/strong><\/em><\/p>\n<p>&nbsp;<\/p>\n<p>D. Pedro cumpl\u00eda y celebraba el d\u00eda 25 de febrero de este a\u00f1o, el sesenta aniversario de su ordenaci\u00f3n sacerdotal.<\/p>\n<p><a href=\"https:\/\/logronopasion.com\/portal\/wp-content\/uploads\/2023\/04\/1680285408-1680285402609.jpg\"><img loading=\"lazy\" decoding=\"async\" class=\"size-medium wp-image-20390 alignleft\" src=\"https:\/\/logronopasion.com\/portal\/wp-content\/uploads\/2023\/04\/1680285408-1680285402609-300x258.jpg\" alt=\"\" width=\"300\" height=\"258\" srcset=\"https:\/\/www.logronopasion.com\/portal\/wp-content\/uploads\/2023\/04\/1680285408-1680285402609-300x258.jpg 300w, https:\/\/www.logronopasion.com\/portal\/wp-content\/uploads\/2023\/04\/1680285408-1680285402609.jpg 720w\" sizes=\"auto, (max-width: 300px) 100vw, 300px\" \/><\/a><\/p>\n<p>Sacerdote, Can\u00f3nigo y miembro del Cabildo de la Concatedral de Logro\u00f1o, doctor en Teolog\u00eda, especialidad de Moral por el Alfonsiano de Roma, y licenciado en Derecho por Valladolid. Dedic\u00f3 su vida a la ense\u00f1anza, trabajando como profesor de Teolog\u00eda Moral en el Seminario Diocesano de Calahorra y La Calzada-Logro\u00f1o. As\u00ed mismo, fue profesor de Religi\u00f3n y Moral cat\u00f3lica en varios institutos de Logro\u00f1o.<\/p>\n<p style=\"text-align: left;\"><a href=\"https:\/\/logronopasion.com\/portal\/wp-content\/uploads\/2023\/12\/Pedro-Trevijano-1.jpg\"><img loading=\"lazy\" decoding=\"async\" class=\"size-medium wp-image-20410 aligncenter\" src=\"https:\/\/logronopasion.com\/portal\/wp-content\/uploads\/2023\/12\/Pedro-Trevijano-1-300x107.jpg\" alt=\"\" width=\"300\" height=\"107\" srcset=\"https:\/\/www.logronopasion.com\/portal\/wp-content\/uploads\/2023\/12\/Pedro-Trevijano-1-300x107.jpg 300w, https:\/\/www.logronopasion.com\/portal\/wp-content\/uploads\/2023\/12\/Pedro-Trevijano-1-768x273.jpg 768w, https:\/\/www.logronopasion.com\/portal\/wp-content\/uploads\/2023\/12\/Pedro-Trevijano-1.jpg 893w\" sizes=\"auto, (max-width: 300px) 100vw, 300px\" \/><\/a><\/p>\n<p style=\"text-align: left;\">Entre otros muchos cargos y dedicaciones, cabe destacar los de Prior-Consiliario de la Cofrad\u00eda Entrada de Jes\u00fas en Jerusal\u00e9n de Logro\u00f1o (donde fue su primer prior), consiliario de la Asociaci\u00f3n Riojana de V\u00edctimas del Terrorismo (ARVT), sin olvidarnos del Movimiento Familiar Cristiano, del que tambi\u00e9n fue consiliario.<\/p>\n<p>&nbsp;<\/p>\n<p>Ha publicado varios libros, entre otros; <strong><em>Madurez y sexualidad;<\/em><\/strong> <strong><em>Orientaci\u00f3n cristiana de la sexualidad; Pensar a los quince; y su \u00faltima publicaci\u00f3n de este mismo a\u00f1o, Relativismo e Ideolog\u00eda de G\u00e9nero.<\/em><\/strong><\/p>\n<p>&nbsp;<\/p>\n<p>Fue galardonado con el premio <strong>\u201cLetras Breves Religi\u00f3n en Libertad 2021\u201d<\/strong><\/p>\n<p>&nbsp;<\/p>\n<p>Colaboraba habitualmente en los portales de internet <strong>\u201cReligi\u00f3n en libertad\u201d e \u201cInfocat\u00f3lica\u201d<\/strong>.<\/p>\n<p>&nbsp;<\/p>\n<p>Curiosamente, una de sus \u00faltimas publicaciones en estos medios, <strong>trataba del fallecimiento de los cat\u00f3licos.<\/strong> Dec\u00eda: <em>\u201cLa Iglesia, suele celebrar un funeral por el eterno descanso de su alma. Podemos ver en esta ceremonia dos aspectos: <strong>el aspecto social,<\/strong> que hace que muchos, a\u00fan no creyentes, vayan a \u00e9l por razones de parentesco o amistad, e incluso para algunos sea el \u00fanico motivo por el que pisan una iglesia, y <strong>el aspecto religioso, <\/strong>que es el que nos interesa aqu\u00ed.<\/em><\/p>\n<p><a href=\"https:\/\/logronopasion.com\/portal\/wp-content\/uploads\/2023\/12\/Pedro_Trevijano.jpg\"><img loading=\"lazy\" decoding=\"async\" class=\"size-medium wp-image-20415 alignleft\" src=\"https:\/\/logronopasion.com\/portal\/wp-content\/uploads\/2023\/12\/Pedro_Trevijano.jpg\" alt=\"\" width=\"215\" height=\"215\" srcset=\"https:\/\/www.logronopasion.com\/portal\/wp-content\/uploads\/2023\/12\/Pedro_Trevijano.jpg 215w, https:\/\/www.logronopasion.com\/portal\/wp-content\/uploads\/2023\/12\/Pedro_Trevijano-150x150.jpg 150w\" sizes=\"auto, (max-width: 215px) 100vw, 215px\" \/><\/a><\/p>\n<p><em>\u00bfPor qu\u00e9 la Iglesia celebra funerales? Pues por una raz\u00f3n muy sencilla, porque creemos en la resurrecci\u00f3n y la muerte no es el final de todo. Al final de nuestra vida terrena, nos espera el Juicio de Cristo sobre ella, que puede ser de salvaci\u00f3n o condena.\u201d<\/em><\/p>\n<p>Continuaba diciendo: <em>\u201cPero el Juicio puede ser y esperamos que as\u00ed sea con la ayuda no rechazada de la gracia Dios, <strong>de salvaci\u00f3n.<\/strong> Recuerdo que hace a\u00f1os le\u00ed en una Revista una encuesta sobre la siguiente pregunta: \u00bfc\u00f3mo desear\u00edas morirte? Varios contestaron: \u00abrodeado de mi familia\u00bb, pero algunos dieron para m\u00ed y para la Iglesia la respuesta acertada: <strong>\u00aben gracia\u00bb. <\/strong>Desde luego Cristo no es imparcial, sino que desea que todos los hombres se salven, porque para eso ha muerto en la Cruz, pero <strong>respeta nuestra libertad<\/strong> y como dice San Agust\u00edn: \u00abel Dios que te cre\u00f3 sin ti, no te salvar\u00e1 sin ti\u00bb.\u201d<\/em><\/p>\n<p>&nbsp;<\/p>\n<p><a href=\"https:\/\/logronopasion.com\/portal\/wp-content\/uploads\/2023\/04\/trevija-e1682546383438.jpg\"><img loading=\"lazy\" decoding=\"async\" class=\"alignright wp-image-20393 size-full\" src=\"https:\/\/logronopasion.com\/portal\/wp-content\/uploads\/2023\/04\/trevija-e1682546383438.jpg\" alt=\"\" width=\"200\" height=\"240\" \/><\/a><\/p>\n<p>D. Pedro, terminaba el art\u00edculo con estas palabras que bien pudieran ser su propio epitafio; <strong><em>\u201cEl Prefacio de la Misa de difuntos tiene estas hermosas palabras sobre la muerte de los creyentes: <u>\u00abLa vida de los que en ti creemos, Se\u00f1or, no termina, se transforma, y al deshacerse nuestra morada terrenal, adquirimos una mansi\u00f3n eterna en el cielo\u00bb<\/u>.\u201d<\/em><\/strong><\/p>\n<p>&nbsp;<\/p>\n<p>El pr\u00f3ximo d\u00eda 9 de diciembre, a las 12.30 horas, en la Concatedral de Logro\u00f1o Santa Mar\u00eda de La Redonda, se oficiar\u00e1 el funeral por el eterno descanso de su alma.<\/p>\n<p>&nbsp;<\/p>\n<p style=\"text-align: center;\"><strong>Q.E.P.D.<\/strong><\/p>\n","protected":false},"excerpt":{"rendered":"<p>&nbsp; &nbsp; Hoy, 7 de diciembre, ha partido hacia la Casa del Padre, D. Pedro Trevijano Etcheverr\u00eda. (F.N. 03\/01\/1938\u00a0 \/\/ + 07\/12\/2023) &nbsp; D. Pedro cumpl\u00eda y celebraba el d\u00eda 25 de febrero de este a\u00f1o, el sesenta aniversario de su ordenaci\u00f3n sacerdotal. Sacerdote, Can\u00f3nigo y miembro del Cabildo de la Concatedral de Logro\u00f1o, doctor en Teolog\u00eda, especialidad de Moral por el Alfonsiano de Roma, y licenciado en Derecho por Valladolid. Dedic\u00f3 su vida a la ense\u00f1anza, trabajando como profesor de Teolog\u00eda Moral en el Seminario Diocesano de Calahorra y La Calzada-Logro\u00f1o. As\u00ed mismo, fue profesor de Religi\u00f3n y Moral&hellip; <\/p>\n","protected":false},"author":2,"featured_media":20413,"comment_status":"open","ping_status":"open","sticky":false,"template":"","format":"standard","meta":{"_bbp_topic_count":0,"_bbp_reply_count":0,"_bbp_total_topic_count":0,"_bbp_total_reply_count":0,"_bbp_voice_count":0,"_bbp_anonymous_reply_count":0,"_bbp_topic_count_hidden":0,"_bbp_reply_count_hidden":0,"_bbp_forum_subforum_count":0,"_crdt_document":"","footnotes":""},"categories":[38,3,1],"tags":[],"class_list":["post-20409","post","type-post","status-publish","format-standard","has-post-thumbnail","hentry","category-destacados","category-iglesia","category-noticias"],"yoast_head":"<!-- This site is optimized with the Yoast SEO plugin v27.4 - https:\/\/yoast.com\/product\/yoast-seo-wordpress\/ -->\n<title>\u00abLa vida de los que en ti creemos, Se\u00f1or, no termina, se transforma\u00bb - Logro\u00f1o Pasi\u00f3n<\/title>\n<meta name=\"robots\" content=\"index, follow, max-snippet:-1, max-image-preview:large, max-video-preview:-1\" \/>\n<link rel=\"canonical\" href=\"https:\/\/www.logronopasion.com\/portal\/la-vida-de-los-que-en-ti-creemos-senor-no-termina-se-transforma\/\" \/>\n<meta property=\"og:locale\" content=\"es_ES\" \/>\n<meta property=\"og:type\" content=\"article\" \/>\n<meta property=\"og:title\" content=\"\u00abLa vida de los que en ti creemos, Se\u00f1or, no termina, se transforma\u00bb - Logro\u00f1o Pasi\u00f3n\" \/>\n<meta property=\"og:description\" content=\"&nbsp; &nbsp; Hoy, 7 de diciembre, ha partido hacia la Casa del Padre, D. Pedro Trevijano Etcheverr\u00eda. (F.N. 03\/01\/1938\u00a0 \/\/ + 07\/12\/2023) &nbsp; D. Pedro cumpl\u00eda y celebraba el d\u00eda 25 de febrero de este a\u00f1o, el sesenta aniversario de su ordenaci\u00f3n sacerdotal. Sacerdote, Can\u00f3nigo y miembro del Cabildo de la Concatedral de Logro\u00f1o, doctor en Teolog\u00eda, especialidad de Moral por el Alfonsiano de Roma, y licenciado en Derecho por Valladolid. Dedic\u00f3 su vida a la ense\u00f1anza, trabajando como profesor de Teolog\u00eda Moral en el Seminario Diocesano de Calahorra y La Calzada-Logro\u00f1o. As\u00ed mismo, fue profesor de Religi\u00f3n y Moral&hellip;\" \/>\n<meta property=\"og:url\" content=\"https:\/\/www.logronopasion.com\/portal\/la-vida-de-los-que-en-ti-creemos-senor-no-termina-se-transforma\/\" \/>\n<meta property=\"og:site_name\" content=\"Logro\u00f1o Pasi\u00f3n\" \/>\n<meta property=\"article:publisher\" content=\"https:\/\/www.facebook.com\/logronopasion\" \/>\n<meta property=\"article:published_time\" content=\"2023-12-08T01:23:46+00:00\" \/>\n<meta property=\"article:modified_time\" content=\"2023-12-08T01:27:33+00:00\" \/>\n<meta property=\"og:image\" content=\"https:\/\/www.logronopasion.com\/portal\/wp-content\/uploads\/2023\/12\/Pedro-Trevijano-0.jpg\" \/>\n\t<meta property=\"og:image:width\" content=\"209\" \/>\n\t<meta property=\"og:image:height\" content=\"261\" \/>\n\t<meta property=\"og:image:type\" content=\"image\/jpeg\" \/>\n<meta name=\"author\" content=\"ROU\" \/>\n<meta name=\"twitter:card\" content=\"summary_large_image\" \/>\n<meta name=\"twitter:creator\" content=\"@LogronoPasion\" \/>\n<meta name=\"twitter:site\" content=\"@LogronoPasion\" \/>\n<meta name=\"twitter:label1\" content=\"Escrito por\" \/>\n\t<meta name=\"twitter:data1\" content=\"ROU\" \/>\n\t<meta name=\"twitter:label2\" content=\"Tiempo de lectura\" \/>\n\t<meta name=\"twitter:data2\" content=\"4 minutos\" \/>\n<script type=\"application\/ld+json\" class=\"yoast-schema-graph\">{\"@context\":\"https:\\\/\\\/schema.org\",\"@graph\":[{\"@type\":\"Article\",\"@id\":\"https:\\\/\\\/www.logronopasion.com\\\/portal\\\/la-vida-de-los-que-en-ti-creemos-senor-no-termina-se-transforma\\\/#article\",\"isPartOf\":{\"@id\":\"https:\\\/\\\/www.logronopasion.com\\\/portal\\\/la-vida-de-los-que-en-ti-creemos-senor-no-termina-se-transforma\\\/\"},\"author\":{\"name\":\"ROU\",\"@id\":\"https:\\\/\\\/www.logronopasion.com\\\/portal\\\/#\\\/schema\\\/person\\\/2f883c3fdb92c04e9616af63b5dcfcf2\"},\"headline\":\"\u00abLa vida de los que en ti creemos, Se\u00f1or, no termina, se transforma\u00bb\",\"datePublished\":\"2023-12-08T01:23:46+00:00\",\"dateModified\":\"2023-12-08T01:27:33+00:00\",\"mainEntityOfPage\":{\"@id\":\"https:\\\/\\\/www.logronopasion.com\\\/portal\\\/la-vida-de-los-que-en-ti-creemos-senor-no-termina-se-transforma\\\/\"},\"wordCount\":608,\"commentCount\":4,\"publisher\":{\"@id\":\"https:\\\/\\\/www.logronopasion.com\\\/portal\\\/#organization\"},\"image\":{\"@id\":\"https:\\\/\\\/www.logronopasion.com\\\/portal\\\/la-vida-de-los-que-en-ti-creemos-senor-no-termina-se-transforma\\\/#primaryimage\"},\"thumbnailUrl\":\"https:\\\/\\\/www.logronopasion.com\\\/portal\\\/wp-content\\\/uploads\\\/2023\\\/12\\\/Pedro-Trevijano-0.jpg\",\"articleSection\":[\"Destacados\",\"Iglesia - estado, sociedad y religi\u00f3n\",\"Noticias \\\/ Actualidad\"],\"inLanguage\":\"es\",\"potentialAction\":[{\"@type\":\"CommentAction\",\"name\":\"Comment\",\"target\":[\"https:\\\/\\\/www.logronopasion.com\\\/portal\\\/la-vida-de-los-que-en-ti-creemos-senor-no-termina-se-transforma\\\/#respond\"]}]},{\"@type\":\"WebPage\",\"@id\":\"https:\\\/\\\/www.logronopasion.com\\\/portal\\\/la-vida-de-los-que-en-ti-creemos-senor-no-termina-se-transforma\\\/\",\"url\":\"https:\\\/\\\/www.logronopasion.com\\\/portal\\\/la-vida-de-los-que-en-ti-creemos-senor-no-termina-se-transforma\\\/\",\"name\":\"\u00abLa vida de los que en ti creemos, Se\u00f1or, no termina, se transforma\u00bb - Logro\u00f1o Pasi\u00f3n\",\"isPartOf\":{\"@id\":\"https:\\\/\\\/www.logronopasion.com\\\/portal\\\/#website\"},\"primaryImageOfPage\":{\"@id\":\"https:\\\/\\\/www.logronopasion.com\\\/portal\\\/la-vida-de-los-que-en-ti-creemos-senor-no-termina-se-transforma\\\/#primaryimage\"},\"image\":{\"@id\":\"https:\\\/\\\/www.logronopasion.com\\\/portal\\\/la-vida-de-los-que-en-ti-creemos-senor-no-termina-se-transforma\\\/#primaryimage\"},\"thumbnailUrl\":\"https:\\\/\\\/www.logronopasion.com\\\/portal\\\/wp-content\\\/uploads\\\/2023\\\/12\\\/Pedro-Trevijano-0.jpg\",\"datePublished\":\"2023-12-08T01:23:46+00:00\",\"dateModified\":\"2023-12-08T01:27:33+00:00\",\"inLanguage\":\"es\",\"potentialAction\":[{\"@type\":\"ReadAction\",\"target\":[\"https:\\\/\\\/www.logronopasion.com\\\/portal\\\/la-vida-de-los-que-en-ti-creemos-senor-no-termina-se-transforma\\\/\"]}]},{\"@type\":\"ImageObject\",\"inLanguage\":\"es\",\"@id\":\"https:\\\/\\\/www.logronopasion.com\\\/portal\\\/la-vida-de-los-que-en-ti-creemos-senor-no-termina-se-transforma\\\/#primaryimage\",\"url\":\"https:\\\/\\\/www.logronopasion.com\\\/portal\\\/wp-content\\\/uploads\\\/2023\\\/12\\\/Pedro-Trevijano-0.jpg\",\"contentUrl\":\"https:\\\/\\\/www.logronopasion.com\\\/portal\\\/wp-content\\\/uploads\\\/2023\\\/12\\\/Pedro-Trevijano-0.jpg\",\"width\":209,\"height\":261},{\"@type\":\"WebSite\",\"@id\":\"https:\\\/\\\/www.logronopasion.com\\\/portal\\\/#website\",\"url\":\"https:\\\/\\\/www.logronopasion.com\\\/portal\\\/\",\"name\":\"Logro\u00f1o Pasi\u00f3n\",\"description\":\"Portal sobre la Semana Santa de Logro\u00f1o\",\"publisher\":{\"@id\":\"https:\\\/\\\/www.logronopasion.com\\\/portal\\\/#organization\"},\"potentialAction\":[{\"@type\":\"SearchAction\",\"target\":{\"@type\":\"EntryPoint\",\"urlTemplate\":\"https:\\\/\\\/www.logronopasion.com\\\/portal\\\/?s={search_term_string}\"},\"query-input\":{\"@type\":\"PropertyValueSpecification\",\"valueRequired\":true,\"valueName\":\"search_term_string\"}}],\"inLanguage\":\"es\"},{\"@type\":\"Organization\",\"@id\":\"https:\\\/\\\/www.logronopasion.com\\\/portal\\\/#organization\",\"name\":\"Logro\u00f1o Pasi\u00f3n\",\"url\":\"https:\\\/\\\/www.logronopasion.com\\\/portal\\\/\",\"logo\":{\"@type\":\"ImageObject\",\"inLanguage\":\"es\",\"@id\":\"https:\\\/\\\/www.logronopasion.com\\\/portal\\\/#\\\/schema\\\/logo\\\/image\\\/\",\"url\":\"https:\\\/\\\/i2.wp.com\\\/logronopasion.com\\\/portal\\\/wp-content\\\/uploads\\\/2019\\\/04\\\/cropped-Header-1.jpg?fit=312%2C212&ssl=1\",\"contentUrl\":\"https:\\\/\\\/i2.wp.com\\\/logronopasion.com\\\/portal\\\/wp-content\\\/uploads\\\/2019\\\/04\\\/cropped-Header-1.jpg?fit=312%2C212&ssl=1\",\"width\":312,\"height\":212,\"caption\":\"Logro\u00f1o Pasi\u00f3n\"},\"image\":{\"@id\":\"https:\\\/\\\/www.logronopasion.com\\\/portal\\\/#\\\/schema\\\/logo\\\/image\\\/\"},\"sameAs\":[\"https:\\\/\\\/www.facebook.com\\\/logronopasion\",\"https:\\\/\\\/x.com\\\/LogronoPasion\"]},{\"@type\":\"Person\",\"@id\":\"https:\\\/\\\/www.logronopasion.com\\\/portal\\\/#\\\/schema\\\/person\\\/2f883c3fdb92c04e9616af63b5dcfcf2\",\"name\":\"ROU\",\"image\":{\"@type\":\"ImageObject\",\"inLanguage\":\"es\",\"@id\":\"https:\\\/\\\/www.logronopasion.com\\\/portal\\\/wp-content\\\/uploads\\\/2021\\\/11\\\/16107_209547569181270_194186917_n-1-150x150.jpg\",\"url\":\"https:\\\/\\\/www.logronopasion.com\\\/portal\\\/wp-content\\\/uploads\\\/2021\\\/11\\\/16107_209547569181270_194186917_n-1-150x150.jpg\",\"contentUrl\":\"https:\\\/\\\/www.logronopasion.com\\\/portal\\\/wp-content\\\/uploads\\\/2021\\\/11\\\/16107_209547569181270_194186917_n-1-150x150.jpg\",\"caption\":\"ROU\"},\"url\":\"https:\\\/\\\/www.logronopasion.com\\\/portal\\\/author\\\/rou\\\/\"}]}<\/script>\n<!-- \/ Yoast SEO plugin. -->","yoast_head_json":{"title":"\u00abLa vida de los que en ti creemos, Se\u00f1or, no termina, se transforma\u00bb - Logro\u00f1o Pasi\u00f3n","robots":{"index":"index","follow":"follow","max-snippet":"max-snippet:-1","max-image-preview":"max-image-preview:large","max-video-preview":"max-video-preview:-1"},"canonical":"https:\/\/www.logronopasion.com\/portal\/la-vida-de-los-que-en-ti-creemos-senor-no-termina-se-transforma\/","og_locale":"es_ES","og_type":"article","og_title":"\u00abLa vida de los que en ti creemos, Se\u00f1or, no termina, se transforma\u00bb - Logro\u00f1o Pasi\u00f3n","og_description":"&nbsp; &nbsp; Hoy, 7 de diciembre, ha partido hacia la Casa del Padre, D. Pedro Trevijano Etcheverr\u00eda. (F.N. 03\/01\/1938\u00a0 \/\/ + 07\/12\/2023) &nbsp; D. Pedro cumpl\u00eda y celebraba el d\u00eda 25 de febrero de este a\u00f1o, el sesenta aniversario de su ordenaci\u00f3n sacerdotal. Sacerdote, Can\u00f3nigo y miembro del Cabildo de la Concatedral de Logro\u00f1o, doctor en Teolog\u00eda, especialidad de Moral por el Alfonsiano de Roma, y licenciado en Derecho por Valladolid. Dedic\u00f3 su vida a la ense\u00f1anza, trabajando como profesor de Teolog\u00eda Moral en el Seminario Diocesano de Calahorra y La Calzada-Logro\u00f1o. As\u00ed mismo, fue profesor de Religi\u00f3n y Moral&hellip;","og_url":"https:\/\/www.logronopasion.com\/portal\/la-vida-de-los-que-en-ti-creemos-senor-no-termina-se-transforma\/","og_site_name":"Logro\u00f1o Pasi\u00f3n","article_publisher":"https:\/\/www.facebook.com\/logronopasion","article_published_time":"2023-12-08T01:23:46+00:00","article_modified_time":"2023-12-08T01:27:33+00:00","og_image":[{"width":209,"height":261,"url":"https:\/\/www.logronopasion.com\/portal\/wp-content\/uploads\/2023\/12\/Pedro-Trevijano-0.jpg","type":"image\/jpeg"}],"author":"ROU","twitter_card":"summary_large_image","twitter_creator":"@LogronoPasion","twitter_site":"@LogronoPasion","twitter_misc":{"Escrito por":"ROU","Tiempo de lectura":"4 minutos"},"schema":{"@context":"https:\/\/schema.org","@graph":[{"@type":"Article","@id":"https:\/\/www.logronopasion.com\/portal\/la-vida-de-los-que-en-ti-creemos-senor-no-termina-se-transforma\/#article","isPartOf":{"@id":"https:\/\/www.logronopasion.com\/portal\/la-vida-de-los-que-en-ti-creemos-senor-no-termina-se-transforma\/"},"author":{"name":"ROU","@id":"https:\/\/www.logronopasion.com\/portal\/#\/schema\/person\/2f883c3fdb92c04e9616af63b5dcfcf2"},"headline":"\u00abLa vida de los que en ti creemos, Se\u00f1or, no termina, se transforma\u00bb","datePublished":"2023-12-08T01:23:46+00:00","dateModified":"2023-12-08T01:27:33+00:00","mainEntityOfPage":{"@id":"https:\/\/www.logronopasion.com\/portal\/la-vida-de-los-que-en-ti-creemos-senor-no-termina-se-transforma\/"},"wordCount":608,"commentCount":4,"publisher":{"@id":"https:\/\/www.logronopasion.com\/portal\/#organization"},"image":{"@id":"https:\/\/www.logronopasion.com\/portal\/la-vida-de-los-que-en-ti-creemos-senor-no-termina-se-transforma\/#primaryimage"},"thumbnailUrl":"https:\/\/www.logronopasion.com\/portal\/wp-content\/uploads\/2023\/12\/Pedro-Trevijano-0.jpg","articleSection":["Destacados","Iglesia - estado, sociedad y religi\u00f3n","Noticias \/ Actualidad"],"inLanguage":"es","potentialAction":[{"@type":"CommentAction","name":"Comment","target":["https:\/\/www.logronopasion.com\/portal\/la-vida-de-los-que-en-ti-creemos-senor-no-termina-se-transforma\/#respond"]}]},{"@type":"WebPage","@id":"https:\/\/www.logronopasion.com\/portal\/la-vida-de-los-que-en-ti-creemos-senor-no-termina-se-transforma\/","url":"https:\/\/www.logronopasion.com\/portal\/la-vida-de-los-que-en-ti-creemos-senor-no-termina-se-transforma\/","name":"\u00abLa vida de los que en ti creemos, Se\u00f1or, no termina, se transforma\u00bb - Logro\u00f1o Pasi\u00f3n","isPartOf":{"@id":"https:\/\/www.logronopasion.com\/portal\/#website"},"primaryImageOfPage":{"@id":"https:\/\/www.logronopasion.com\/portal\/la-vida-de-los-que-en-ti-creemos-senor-no-termina-se-transforma\/#primaryimage"},"image":{"@id":"https:\/\/www.logronopasion.com\/portal\/la-vida-de-los-que-en-ti-creemos-senor-no-termina-se-transforma\/#primaryimage"},"thumbnailUrl":"https:\/\/www.logronopasion.com\/portal\/wp-content\/uploads\/2023\/12\/Pedro-Trevijano-0.jpg","datePublished":"2023-12-08T01:23:46+00:00","dateModified":"2023-12-08T01:27:33+00:00","inLanguage":"es","potentialAction":[{"@type":"ReadAction","target":["https:\/\/www.logronopasion.com\/portal\/la-vida-de-los-que-en-ti-creemos-senor-no-termina-se-transforma\/"]}]},{"@type":"ImageObject","inLanguage":"es","@id":"https:\/\/www.logronopasion.com\/portal\/la-vida-de-los-que-en-ti-creemos-senor-no-termina-se-transforma\/#primaryimage","url":"https:\/\/www.logronopasion.com\/portal\/wp-content\/uploads\/2023\/12\/Pedro-Trevijano-0.jpg","contentUrl":"https:\/\/www.logronopasion.com\/portal\/wp-content\/uploads\/2023\/12\/Pedro-Trevijano-0.jpg","width":209,"height":261},{"@type":"WebSite","@id":"https:\/\/www.logronopasion.com\/portal\/#website","url":"https:\/\/www.logronopasion.com\/portal\/","name":"Logro\u00f1o Pasi\u00f3n","description":"Portal sobre la Semana Santa de Logro\u00f1o","publisher":{"@id":"https:\/\/www.logronopasion.com\/portal\/#organization"},"potentialAction":[{"@type":"SearchAction","target":{"@type":"EntryPoint","urlTemplate":"https:\/\/www.logronopasion.com\/portal\/?s={search_term_string}"},"query-input":{"@type":"PropertyValueSpecification","valueRequired":true,"valueName":"search_term_string"}}],"inLanguage":"es"},{"@type":"Organization","@id":"https:\/\/www.logronopasion.com\/portal\/#organization","name":"Logro\u00f1o Pasi\u00f3n","url":"https:\/\/www.logronopasion.com\/portal\/","logo":{"@type":"ImageObject","inLanguage":"es","@id":"https:\/\/www.logronopasion.com\/portal\/#\/schema\/logo\/image\/","url":"https:\/\/i2.wp.com\/logronopasion.com\/portal\/wp-content\/uploads\/2019\/04\/cropped-Header-1.jpg?fit=312%2C212&ssl=1","contentUrl":"https:\/\/i2.wp.com\/logronopasion.com\/portal\/wp-content\/uploads\/2019\/04\/cropped-Header-1.jpg?fit=312%2C212&ssl=1","width":312,"height":212,"caption":"Logro\u00f1o Pasi\u00f3n"},"image":{"@id":"https:\/\/www.logronopasion.com\/portal\/#\/schema\/logo\/image\/"},"sameAs":["https:\/\/www.facebook.com\/logronopasion","https:\/\/x.com\/LogronoPasion"]},{"@type":"Person","@id":"https:\/\/www.logronopasion.com\/portal\/#\/schema\/person\/2f883c3fdb92c04e9616af63b5dcfcf2","name":"ROU","image":{"@type":"ImageObject","inLanguage":"es","@id":"https:\/\/www.logronopasion.com\/portal\/wp-content\/uploads\/2021\/11\/16107_209547569181270_194186917_n-1-150x150.jpg","url":"https:\/\/www.logronopasion.com\/portal\/wp-content\/uploads\/2021\/11\/16107_209547569181270_194186917_n-1-150x150.jpg","contentUrl":"https:\/\/www.logronopasion.com\/portal\/wp-content\/uploads\/2021\/11\/16107_209547569181270_194186917_n-1-150x150.jpg","caption":"ROU"},"url":"https:\/\/www.logronopasion.com\/portal\/author\/rou\/"}]}},"_links":{"self":[{"href":"https:\/\/www.logronopasion.com\/portal\/wp-json\/wp\/v2\/posts\/20409","targetHints":{"allow":["GET"]}}],"collection":[{"href":"https:\/\/www.logronopasion.com\/portal\/wp-json\/wp\/v2\/posts"}],"about":[{"href":"https:\/\/www.logronopasion.com\/portal\/wp-json\/wp\/v2\/types\/post"}],"author":[{"embeddable":true,"href":"https:\/\/www.logronopasion.com\/portal\/wp-json\/wp\/v2\/users\/2"}],"replies":[{"embeddable":true,"href":"https:\/\/www.logronopasion.com\/portal\/wp-json\/wp\/v2\/comments?post=20409"}],"version-history":[{"count":6,"href":"https:\/\/www.logronopasion.com\/portal\/wp-json\/wp\/v2\/posts\/20409\/revisions"}],"predecessor-version":[{"id":20423,"href":"https:\/\/www.logronopasion.com\/portal\/wp-json\/wp\/v2\/posts\/20409\/revisions\/20423"}],"wp:featuredmedia":[{"embeddable":true,"href":"https:\/\/www.logronopasion.com\/portal\/wp-json\/wp\/v2\/media\/20413"}],"wp:attachment":[{"href":"https:\/\/www.logronopasion.com\/portal\/wp-json\/wp\/v2\/media?parent=20409"}],"wp:term":[{"taxonomy":"category","embeddable":true,"href":"https:\/\/www.logronopasion.com\/portal\/wp-json\/wp\/v2\/categories?post=20409"},{"taxonomy":"post_tag","embeddable":true,"href":"https:\/\/www.logronopasion.com\/portal\/wp-json\/wp\/v2\/tags?post=20409"}],"curies":[{"name":"wp","href":"https:\/\/api.w.org\/{rel}","templated":true}]}}