{"id":20453,"date":"2024-08-17T02:11:13","date_gmt":"2024-08-17T01:11:13","guid":{"rendered":"https:\/\/logronopasion.com\/portal\/?p=20453"},"modified":"2024-08-17T02:24:32","modified_gmt":"2024-08-17T01:24:32","slug":"bienaventurada-virgen-maria-reina-del-universo","status":"publish","type":"post","link":"https:\/\/www.logronopasion.com\/portal\/bienaventurada-virgen-maria-reina-del-universo\/","title":{"rendered":"Bienaventurada Virgen Mar\u00eda, Reina del Universo."},"content":{"rendered":"<p><img loading=\"lazy\" decoding=\"async\" class=\"aligncenter wp-image-1329 size-full\" src=\"https:\/\/www.cofradiacristoenfermos.com\/wp-content\/uploads\/2023\/08\/Festividad-1.jpg\" alt=\"\" width=\"449\" height=\"454\" \/><\/p>\n<p>&nbsp;<\/p>\n<audio class=\"wp-audio-shortcode\" id=\"audio-20453-1\" loop autoplay preload=\"auto\" style=\"width: 100%;\" controls=\"controls\"><source type=\"audio\/mpeg\" src=\"https:\/\/www.cofradiacristoenfermos.com\/wp-content\/uploads\/2023\/08\/Maria-Reina-del-Cielo.mp3?_=1\" \/><a href=\"https:\/\/www.cofradiacristoenfermos.com\/wp-content\/uploads\/2023\/08\/Maria-Reina-del-Cielo.mp3\">https:\/\/www.cofradiacristoenfermos.com\/wp-content\/uploads\/2023\/08\/Maria-Reina-del-Cielo.mp3<\/a><\/audio>\n<p><img loading=\"lazy\" decoding=\"async\" class=\"aligncenter wp-image-1906 size-full\" src=\"https:\/\/www.cofradiacristoenfermos.com\/wp-content\/uploads\/2023\/08\/Virgen-Maria-Reina-del-Universo.jpg\" alt=\"\" width=\"500\" height=\"654\" \/><\/p>\n<p>La Iglesia celebra el 22 de agosto la Festividad de la Bienaventurada y Sant\u00edsima Virgen Mar\u00eda como Reina Madre. Reina por ser Madre de Jes\u00fas, Rey del Universo y por lo tanto Reina de todo lo creado.<\/p>\n<p>El dogma de la Asunci\u00f3n, que celebramos el pasado d\u00eda 15 de agosto, nos lleva de modo natural a \u00e9sta nueva a fiesta Mariana del pr\u00f3ximo d\u00eda 22, donde celebraremos la Realeza de Mar\u00eda. Ella fue trasladada al Cielo en cuerpo y alma para ser coronada por la Sant\u00edsima Trinidad como Reina; as\u00ed lo ense\u00f1a el concilio Vaticano II: \u00abterminado el decurso de su vida terrena, fue asunta en cuerpo y alma a la gloria y fue ensalzada por el Se\u00f1or como Reina universal con el fin de que se asemejase de forma m\u00e1s plena a su Hijo, Se\u00f1or de se\u00f1ores (cfr. Ap 19, 16) y vencedor del pecado y de la muerte\u00bb. Esta verdad ha sido afirmada desde tiempos antiqu\u00edsimos por la piedad de los fieles y ense\u00f1ada por el Magisterio de la Iglesia.<\/p>\n<p>Juan Pablo II, en la enc\u00edclica Redemptoris Mater, ense\u00f1a: \u00abLa Madre de Cristo es glorificada como Reina universal. La que en la anunciaci\u00f3n se defini\u00f3 como esclava del Se\u00f1or fue durante toda su vida terrena fiel a lo que este nombre expresa, confirmando as\u00ed que era una verdadera \u00abdisc\u00edpula\u00bb de Cristo, el cual subrayaba intensamente el car\u00e1cter de servicio de su propia misi\u00f3n: el Hijo del hombre no ha venido a ser servido, sino a servir y a dar su vida como rescate por muchos (Mt 20, 28).<\/p>\n<p>Por esto Mar\u00eda ha sido la primera entre aquellos que, \u00absirviendo a Cristo tambi\u00e9n en los dem\u00e1s, conducen en humildad y paciencia a sus hermanos al Rey, cuyo servicio equivale a reinar\u00bb (Const. Lumen gentium, 36), y ha conseguido plenamente aquel \u201cestado de libertad real\u201d, propio de los disc\u00edpulos de Cristo: \u00a1servir quiere decir reinar! (\u2026). La gloria de servir no cesa (\u2026); asunta a los cielos, ella no termina aquel servicio suyo salv\u00edfico\u2026\u00bb.<\/p>\n<p>Santa Mar\u00eda es una Reina sumamente accesible, pues todas las gracias nos vienen a trav\u00e9s de su mediaci\u00f3n maternal.<\/p>\n<p><a href=\"http:\/\/logronopasion.com\/portal\/wp-content\/uploads\/2017\/08\/IMG-20170822-WA00271.jpg\"><img loading=\"lazy\" decoding=\"async\" class=\"aligncenter wp-image-5423\" src=\"http:\/\/logronopasion.com\/portal\/wp-content\/uploads\/2017\/08\/IMG-20170822-WA00271.jpg\" alt=\"\" width=\"650\" height=\"754\" srcset=\"https:\/\/www.logronopasion.com\/portal\/wp-content\/uploads\/2017\/08\/IMG-20170822-WA00271.jpg 1379w, https:\/\/www.logronopasion.com\/portal\/wp-content\/uploads\/2017\/08\/IMG-20170822-WA00271-259x300.jpg 259w, https:\/\/www.logronopasion.com\/portal\/wp-content\/uploads\/2017\/08\/IMG-20170822-WA00271-768x891.jpg 768w, https:\/\/www.logronopasion.com\/portal\/wp-content\/uploads\/2017\/08\/IMG-20170822-WA00271-883x1024.jpg 883w\" sizes=\"auto, (max-width: 650px) 100vw, 650px\" \/><\/a><\/p>\n<h3><strong>Un poco de historia<\/strong><\/h3>\n<p>Esta festividad, fue instituida por el Papa P\u00edo XII, en 1955 para venerar a Mar\u00eda como Reina igual que se hace con su Hijo, Cristo Rey, al final del a\u00f1o lit\u00fargico. A Ella le corresponde no s\u00f3lo por naturaleza sino por m\u00e9rito el t\u00edtulo de Reina Madre.<\/p>\n<p>Mar\u00eda ha sido elevada sobre la gloria de todos los santos y coronada de estrellas por su divino Hijo. Est\u00e1 sentada junto a \u00c9l y es Reina y Se\u00f1ora del universo.<\/p>\n<p>Mar\u00eda fue elegida para ser Madre de Dios y ella, sin dudar un momento, acept\u00f3 con alegr\u00eda. Por esta raz\u00f3n, alcanza tales alturas de gloria. Nadie se le puede comparar ni en virtud ni en m\u00e9ritos. A Ella le pertenece la corona del Cielo y de la Tierra.<\/p>\n<p>Mar\u00eda est\u00e1 sentada en el Cielo, coronada por toda la eternidad, en un trono junto a su Hijo. Tiene, entre todos los santos, el mayor poder de intercesi\u00f3n ante su Hijo por ser la que m\u00e1s cerca est\u00e1 de \u00c9l.<\/p>\n<p>La Iglesia la proclama Se\u00f1ora y Reina de los \u00e1ngeles y de los santos, de los patriarcas y de los profetas, de los ap\u00f3stoles y de los m\u00e1rtires, de los confesores y de las v\u00edrgenes. Es Reina del Cielo y de la Tierra, gloriosa y digna Reina del Universo, a quien podemos invocar d\u00eda y noche, no s\u00f3lo con el dulce nombre de Madre, sino tambi\u00e9n con el de Reina, como la saludan en el cielo con alegr\u00eda y amor los \u00e1ngeles y todos los santos.<\/p>\n<p>La realeza de Mar\u00eda no es un dogma de fe, pero es una verdad del cristianismo. Esta fiesta se celebra, no para introducir novedad alguna, sino para que brille a los ojos del mundo una verdad capaz de traer remedio a sus males.<\/p>\n<p>El reino de Santa Mar\u00eda, a semejanza y en perfecta coincidencia con el reino de Jesucristo, no es un reino temporal y terreno, sino m\u00e1s bien un reino eterno y universal.\u00a0 Es un reino eterno porque existir\u00e1 siempre y no tendr\u00e1 fin\u00a0y universal porque se extiende al Cielo, a la tierra y a los abismos.<\/p>\n<p>Es un reino de verdad y de vida. Para esto vino Jes\u00fas al mundo, para dar testimonio de la verdad\u00a0y para dar la vida sobrenatural a los hombres.\u00a0Es un reino de santidad y justicia porque Mar\u00eda, la llena de gracia, nos alcanza las gracias de su Hijo para que seamos santos\u00a0 y de justicia porque premia las buenas obras de todos.<\/p>\n<p>Es un reino de amor porque de su eximia caridad nos ama con coraz\u00f3n maternal como hijos suyos y hermanos de su Hijo.\u00a0Es un reino de paz, nunca de odios y rencores; de la paz con que se llenan los corazones que reciben las gracias de Dios.<\/p>\n<p>Santa Mar\u00eda como Reina y Madre del Rey es coronada en sus im\u00e1genes seg\u00fan costumbre de la Iglesia para simbo\u00adlizar por este modo el dominio y poder que tiene sobre todos los s\u00fabditos de su reino.<\/p>\n<blockquote><p><strong>Oraci\u00f3n<\/strong><\/p>\n<p>\u201cOh Dios, que nos han dado como Madre y como Reina, a la Madre de tu Unig\u00e9nito; conc\u00e9denos, por su intercesi\u00f3n, el po\u00adder llegar a participar en el Reino celestial de la gloria reserva\u00adda a tus hijos\u201d<\/p>\n<p><strong>Amen.<\/strong><\/p><\/blockquote>\n<p><img loading=\"lazy\" decoding=\"async\" class=\"aligncenter wp-image-1323 size-large\" src=\"https:\/\/www.cofradiacristoenfermos.com\/wp-content\/uploads\/2023\/08\/Procesion-862x1024.jpg\" alt=\"\" width=\"790\" height=\"938\" \/><\/p>\n<h3><strong>La Coronaci\u00f3n<\/strong><\/h3>\n<p>Mar\u00eda es Reina: Dios te salve Reina y Madre\u2026 Es Madre de Cristo, Rey universal por la plenitud de todo poder. Mar\u00eda participa de la Realeza del Hijo al llevarlo virginalmente en sus entra\u00f1as<\/p>\n<p>Cristo reconoce la realeza de su Madre: es el mejor de los hijos de los hombres. Por eso, Mar\u00eda, asunta al Cielo en cuerpo y alma, es coronada como Reina por su Hijo. Cristo es Rey por derecho propio y absoluto. Mar\u00eda es Reina por gracia del Hijo.<\/p>\n<p>Veneramos a la Virgen Madre como Reina de los coros ang\u00e9licos: los \u00c1ngeles, los Arc\u00e1ngeles, las Potestades, las Dominaciones, los Tronos y Serafines. Mar\u00eda es Reina de los Profetas, de los Ap\u00f3stoles, de los M\u00e1rtires, de los Confesores, de las V\u00edrgenes. Es Reina de las almas del Purgatorio, de la Iglesia peregrina, de la familia, de la paz\u2026 Reina del Rosario.<\/p>\n<p>Reconocemos la Realeza de la Virgen Mar\u00eda consagr\u00e1ndonos a Ella en esclavitud. Somos totalmente de la Virgen Mar\u00eda y todas nuestras cosas son suyas como la mejor manera de ser totalmente de Cristo y de su Iglesia. Expresamos nuestra dependencia de Mar\u00eda Reina con el Rosario como cadena que nos ci\u00f1e a su coraz\u00f3n y nos empapa de sus sentimientos de Madre-Reina para mejor conocer, amar e imitar a Cristo.<\/p>\n<p>Madre querida, la justicia de Dios no estaba satisfecha con reunirte en cuerpo y alma para que pudieras imitar a Jes\u00fas en su Reino. Tu divino Hijo, Dios y Se\u00f1or, te coron\u00f3 como Reina de Cielo y Tierra.<\/p>\n<p>En la tierra eras la desconocida Madre de Jes\u00fas. Tu humildad asombr\u00f3 a los \u00e1ngeles y confundi\u00f3 a los demonios. Es verdaderamente justo, que ahora tu grandeza sea manifestada a todos los hijos de Dios.<\/p>\n<p>Tu solo deseo es el de conducirnos a Jes\u00fas y tu \u00fanica oraci\u00f3n es por nuestra salvaci\u00f3n.\u00a0Agradecemos tu solicitud y nos entristece nuestra negligencia.<\/p>\n<p>Tu coronaci\u00f3n\u00a0nos garantiza que alg\u00fan d\u00eda\u00a0seremos gloriosamente coronados. Dios enjugar\u00e1 todas\u00a0nuestras l\u00e1grimas y\u00a0nos ser\u00e1 otorgada la luz de la Gloria.<\/p>\n<p>Tu coraz\u00f3n fue lacerado con Siete Dolores durante su terrenal peregrinaje. Ahora, doce estrellas, circundan tu cabeza y la luna est\u00e1 bajo tus pies.<\/p>\n<p>T\u00fa eres Reina del Universo, los \u00e1ngeles te sirven, las constelaciones enmarcan tu belleza. Obt\u00e9n para nosotros, Madre querida, la gracia necesaria para un d\u00eda entrar en Su Reino y recibir la corona de Santidad.<\/p>\n<p>&nbsp;<\/p>\n<p><a href=\"http:\/\/logronopasion.com\/portal\/wp-content\/uploads\/2017\/08\/CIMG8453.jpg\"><img loading=\"lazy\" decoding=\"async\" class=\"aligncenter wp-image-5424\" src=\"http:\/\/logronopasion.com\/portal\/wp-content\/uploads\/2017\/08\/CIMG8453.jpg\" alt=\"\" width=\"650\" height=\"367\" \/><\/a><\/p>\n<blockquote>\n<h3 style=\"text-align: center;\"><strong>SALVE<\/strong><\/h3>\n<p style=\"text-align: center;\">Dios te salve, Reina y Madre de misericordia, vida, dulzura y esperanza nuestra; Dios te salve. A ti llamamos los desterrados hijos de Eva; a ti suspiramos, gimiendo y llorando en este valle de l\u00e1grimas. Ea, pues, Se\u00f1ora, abogada nuestra, vuelve a nosotros esos tus ojos misericordiosos; y despu\u00e9s de este destierro mu\u00e9stranos a Jes\u00fas, fruto bendito de tu vientre.<\/p>\n<p style=\"text-align: center;\">\u00a1Oh! Clement\u00edsima, \u00a1Oh! Piadosa, \u00a1Oh! Dulce Virgen Mar\u00eda!<\/p>\n<p style=\"text-align: center;\">Ruega por nosotros, Santa Madre de Dios.\u00a0 Para que seamos dignos de alcanzar las promesas de Nuestro Se\u00f1or Jesuscristo.<\/p>\n<p style=\"text-align: center;\"><strong>Am\u00e9n.<\/strong><\/p>\n<\/blockquote>\n<h3><strong>Capilla Virgen Reina &#8211; Albelda de Iregua (La Rioja)<\/strong><\/h3>\n<p>&nbsp;<\/p>\n<p>Desde la \u00e9sta Capilla, situada en Albelda de Iregua (La Rioja), entre el <span class=\"x193iq5w xeuugli x13faqbe x1vvkbs x1xmvt09 x1lliihq x1s928wv xhkezso x1gmr53x x1cpjm7i x1fgarty x1943h6x xudqn12 x3x7a5m x6prxxf xvq8zen xo1l8bm xzsf02u\" dir=\"auto\">Juncal y La Tapiada, en la carretera de Soria, N-III (Punto kilom\u00e9trico 323) a tan s\u00f3lo 10 kms. de Logro\u00f1o, nos env\u00edan el cartel con los actos preparados para su Festividad y nos invitan a participar en todos sus actos.<\/span><\/p>\n<p><img loading=\"lazy\" decoding=\"async\" class=\"aligncenter wp-image-1911 size-full\" src=\"https:\/\/www.cofradiacristoenfermos.com\/wp-content\/uploads\/2024\/08\/FESTIVIDAD-DE-LA-VIRGEN-REINA-2024_page-0001.jpg\" alt=\"\" width=\"1241\" height=\"1755\" \/><\/p>\n<p>&nbsp;<\/p>\n<p>&nbsp;<\/p>\n","protected":false},"excerpt":{"rendered":"<p>&nbsp; La Iglesia celebra el 22 de agosto la Festividad de la Bienaventurada y Sant\u00edsima Virgen Mar\u00eda como Reina Madre. Reina por ser Madre de Jes\u00fas, Rey del Universo y por lo tanto Reina de todo lo creado. El dogma de la Asunci\u00f3n, que celebramos el pasado d\u00eda 15 de agosto, nos lleva de modo natural a \u00e9sta nueva a fiesta Mariana del pr\u00f3ximo d\u00eda 22, donde celebraremos la Realeza de Mar\u00eda. Ella fue trasladada al Cielo en cuerpo y alma para ser coronada por la Sant\u00edsima Trinidad como Reina; as\u00ed lo ense\u00f1a el concilio Vaticano II: \u00abterminado el decurso&hellip; <\/p>\n","protected":false},"author":2,"featured_media":20455,"comment_status":"open","ping_status":"open","sticky":false,"template":"","format":"standard","meta":{"_bbp_topic_count":0,"_bbp_reply_count":0,"_bbp_total_topic_count":0,"_bbp_total_reply_count":0,"_bbp_voice_count":0,"_bbp_anonymous_reply_count":0,"_bbp_topic_count_hidden":0,"_bbp_reply_count_hidden":0,"_bbp_forum_subforum_count":0,"_crdt_document":"","footnotes":""},"categories":[38,3,1],"tags":[],"class_list":["post-20453","post","type-post","status-publish","format-standard","has-post-thumbnail","hentry","category-destacados","category-iglesia","category-noticias"],"yoast_head":"<!-- This site is optimized with the Yoast SEO plugin v27.4 - https:\/\/yoast.com\/product\/yoast-seo-wordpress\/ -->\n<title>Bienaventurada Virgen Mar\u00eda, Reina del Universo. - Logro\u00f1o Pasi\u00f3n<\/title>\n<meta name=\"robots\" content=\"index, follow, max-snippet:-1, max-image-preview:large, max-video-preview:-1\" \/>\n<link rel=\"canonical\" href=\"https:\/\/www.logronopasion.com\/portal\/bienaventurada-virgen-maria-reina-del-universo\/\" \/>\n<meta property=\"og:locale\" content=\"es_ES\" \/>\n<meta property=\"og:type\" content=\"article\" \/>\n<meta property=\"og:title\" content=\"Bienaventurada Virgen Mar\u00eda, Reina del Universo. - Logro\u00f1o Pasi\u00f3n\" \/>\n<meta property=\"og:description\" content=\"&nbsp; La Iglesia celebra el 22 de agosto la Festividad de la Bienaventurada y Sant\u00edsima Virgen Mar\u00eda como Reina Madre. Reina por ser Madre de Jes\u00fas, Rey del Universo y por lo tanto Reina de todo lo creado. El dogma de la Asunci\u00f3n, que celebramos el pasado d\u00eda 15 de agosto, nos lleva de modo natural a \u00e9sta nueva a fiesta Mariana del pr\u00f3ximo d\u00eda 22, donde celebraremos la Realeza de Mar\u00eda. Ella fue trasladada al Cielo en cuerpo y alma para ser coronada por la Sant\u00edsima Trinidad como Reina; as\u00ed lo ense\u00f1a el concilio Vaticano II: \u00abterminado el decurso&hellip;\" \/>\n<meta property=\"og:url\" content=\"https:\/\/www.logronopasion.com\/portal\/bienaventurada-virgen-maria-reina-del-universo\/\" \/>\n<meta property=\"og:site_name\" content=\"Logro\u00f1o Pasi\u00f3n\" \/>\n<meta property=\"article:publisher\" content=\"https:\/\/www.facebook.com\/logronopasion\" \/>\n<meta property=\"article:published_time\" content=\"2024-08-17T01:11:13+00:00\" \/>\n<meta property=\"article:modified_time\" content=\"2024-08-17T01:24:32+00:00\" \/>\n<meta property=\"og:image\" content=\"https:\/\/www.logronopasion.com\/portal\/wp-content\/uploads\/2024\/08\/Virgen-Reina-Procesion-e1723857497433.jpg\" \/>\n\t<meta property=\"og:image:width\" content=\"250\" \/>\n\t<meta property=\"og:image:height\" content=\"250\" \/>\n\t<meta property=\"og:image:type\" content=\"image\/jpeg\" \/>\n<meta name=\"author\" content=\"ROU\" \/>\n<meta name=\"twitter:card\" content=\"summary_large_image\" \/>\n<meta name=\"twitter:creator\" content=\"@LogronoPasion\" \/>\n<meta name=\"twitter:site\" content=\"@LogronoPasion\" \/>\n<meta name=\"twitter:label1\" content=\"Escrito por\" \/>\n\t<meta name=\"twitter:data1\" content=\"ROU\" \/>\n\t<meta name=\"twitter:label2\" content=\"Tiempo de lectura\" \/>\n\t<meta name=\"twitter:data2\" content=\"8 minutos\" \/>\n<script type=\"application\/ld+json\" class=\"yoast-schema-graph\">{\"@context\":\"https:\\\/\\\/schema.org\",\"@graph\":[{\"@type\":\"Article\",\"@id\":\"https:\\\/\\\/www.logronopasion.com\\\/portal\\\/bienaventurada-virgen-maria-reina-del-universo\\\/#article\",\"isPartOf\":{\"@id\":\"https:\\\/\\\/www.logronopasion.com\\\/portal\\\/bienaventurada-virgen-maria-reina-del-universo\\\/\"},\"author\":{\"name\":\"ROU\",\"@id\":\"https:\\\/\\\/www.logronopasion.com\\\/portal\\\/#\\\/schema\\\/person\\\/2f883c3fdb92c04e9616af63b5dcfcf2\"},\"headline\":\"Bienaventurada Virgen Mar\u00eda, Reina del Universo.\",\"datePublished\":\"2024-08-17T01:11:13+00:00\",\"dateModified\":\"2024-08-17T01:24:32+00:00\",\"mainEntityOfPage\":{\"@id\":\"https:\\\/\\\/www.logronopasion.com\\\/portal\\\/bienaventurada-virgen-maria-reina-del-universo\\\/\"},\"wordCount\":1573,\"commentCount\":0,\"publisher\":{\"@id\":\"https:\\\/\\\/www.logronopasion.com\\\/portal\\\/#organization\"},\"image\":{\"@id\":\"https:\\\/\\\/www.logronopasion.com\\\/portal\\\/bienaventurada-virgen-maria-reina-del-universo\\\/#primaryimage\"},\"thumbnailUrl\":\"https:\\\/\\\/www.logronopasion.com\\\/portal\\\/wp-content\\\/uploads\\\/2024\\\/08\\\/Virgen-Reina-Procesion-e1723857497433.jpg\",\"articleSection\":[\"Destacados\",\"Iglesia - estado, sociedad y religi\u00f3n\",\"Noticias \\\/ Actualidad\"],\"inLanguage\":\"es\",\"potentialAction\":[{\"@type\":\"CommentAction\",\"name\":\"Comment\",\"target\":[\"https:\\\/\\\/www.logronopasion.com\\\/portal\\\/bienaventurada-virgen-maria-reina-del-universo\\\/#respond\"]}]},{\"@type\":\"WebPage\",\"@id\":\"https:\\\/\\\/www.logronopasion.com\\\/portal\\\/bienaventurada-virgen-maria-reina-del-universo\\\/\",\"url\":\"https:\\\/\\\/www.logronopasion.com\\\/portal\\\/bienaventurada-virgen-maria-reina-del-universo\\\/\",\"name\":\"Bienaventurada Virgen Mar\u00eda, Reina del Universo. - Logro\u00f1o Pasi\u00f3n\",\"isPartOf\":{\"@id\":\"https:\\\/\\\/www.logronopasion.com\\\/portal\\\/#website\"},\"primaryImageOfPage\":{\"@id\":\"https:\\\/\\\/www.logronopasion.com\\\/portal\\\/bienaventurada-virgen-maria-reina-del-universo\\\/#primaryimage\"},\"image\":{\"@id\":\"https:\\\/\\\/www.logronopasion.com\\\/portal\\\/bienaventurada-virgen-maria-reina-del-universo\\\/#primaryimage\"},\"thumbnailUrl\":\"https:\\\/\\\/www.logronopasion.com\\\/portal\\\/wp-content\\\/uploads\\\/2024\\\/08\\\/Virgen-Reina-Procesion-e1723857497433.jpg\",\"datePublished\":\"2024-08-17T01:11:13+00:00\",\"dateModified\":\"2024-08-17T01:24:32+00:00\",\"inLanguage\":\"es\",\"potentialAction\":[{\"@type\":\"ReadAction\",\"target\":[\"https:\\\/\\\/www.logronopasion.com\\\/portal\\\/bienaventurada-virgen-maria-reina-del-universo\\\/\"]}]},{\"@type\":\"ImageObject\",\"inLanguage\":\"es\",\"@id\":\"https:\\\/\\\/www.logronopasion.com\\\/portal\\\/bienaventurada-virgen-maria-reina-del-universo\\\/#primaryimage\",\"url\":\"https:\\\/\\\/www.logronopasion.com\\\/portal\\\/wp-content\\\/uploads\\\/2024\\\/08\\\/Virgen-Reina-Procesion-e1723857497433.jpg\",\"contentUrl\":\"https:\\\/\\\/www.logronopasion.com\\\/portal\\\/wp-content\\\/uploads\\\/2024\\\/08\\\/Virgen-Reina-Procesion-e1723857497433.jpg\",\"width\":250,\"height\":250},{\"@type\":\"WebSite\",\"@id\":\"https:\\\/\\\/www.logronopasion.com\\\/portal\\\/#website\",\"url\":\"https:\\\/\\\/www.logronopasion.com\\\/portal\\\/\",\"name\":\"Logro\u00f1o Pasi\u00f3n\",\"description\":\"Portal sobre la Semana Santa de Logro\u00f1o\",\"publisher\":{\"@id\":\"https:\\\/\\\/www.logronopasion.com\\\/portal\\\/#organization\"},\"potentialAction\":[{\"@type\":\"SearchAction\",\"target\":{\"@type\":\"EntryPoint\",\"urlTemplate\":\"https:\\\/\\\/www.logronopasion.com\\\/portal\\\/?s={search_term_string}\"},\"query-input\":{\"@type\":\"PropertyValueSpecification\",\"valueRequired\":true,\"valueName\":\"search_term_string\"}}],\"inLanguage\":\"es\"},{\"@type\":\"Organization\",\"@id\":\"https:\\\/\\\/www.logronopasion.com\\\/portal\\\/#organization\",\"name\":\"Logro\u00f1o Pasi\u00f3n\",\"url\":\"https:\\\/\\\/www.logronopasion.com\\\/portal\\\/\",\"logo\":{\"@type\":\"ImageObject\",\"inLanguage\":\"es\",\"@id\":\"https:\\\/\\\/www.logronopasion.com\\\/portal\\\/#\\\/schema\\\/logo\\\/image\\\/\",\"url\":\"https:\\\/\\\/i2.wp.com\\\/logronopasion.com\\\/portal\\\/wp-content\\\/uploads\\\/2019\\\/04\\\/cropped-Header-1.jpg?fit=312%2C212&ssl=1\",\"contentUrl\":\"https:\\\/\\\/i2.wp.com\\\/logronopasion.com\\\/portal\\\/wp-content\\\/uploads\\\/2019\\\/04\\\/cropped-Header-1.jpg?fit=312%2C212&ssl=1\",\"width\":312,\"height\":212,\"caption\":\"Logro\u00f1o Pasi\u00f3n\"},\"image\":{\"@id\":\"https:\\\/\\\/www.logronopasion.com\\\/portal\\\/#\\\/schema\\\/logo\\\/image\\\/\"},\"sameAs\":[\"https:\\\/\\\/www.facebook.com\\\/logronopasion\",\"https:\\\/\\\/x.com\\\/LogronoPasion\"]},{\"@type\":\"Person\",\"@id\":\"https:\\\/\\\/www.logronopasion.com\\\/portal\\\/#\\\/schema\\\/person\\\/2f883c3fdb92c04e9616af63b5dcfcf2\",\"name\":\"ROU\",\"image\":{\"@type\":\"ImageObject\",\"inLanguage\":\"es\",\"@id\":\"https:\\\/\\\/www.logronopasion.com\\\/portal\\\/wp-content\\\/uploads\\\/2021\\\/11\\\/16107_209547569181270_194186917_n-1-150x150.jpg\",\"url\":\"https:\\\/\\\/www.logronopasion.com\\\/portal\\\/wp-content\\\/uploads\\\/2021\\\/11\\\/16107_209547569181270_194186917_n-1-150x150.jpg\",\"contentUrl\":\"https:\\\/\\\/www.logronopasion.com\\\/portal\\\/wp-content\\\/uploads\\\/2021\\\/11\\\/16107_209547569181270_194186917_n-1-150x150.jpg\",\"caption\":\"ROU\"},\"url\":\"https:\\\/\\\/www.logronopasion.com\\\/portal\\\/author\\\/rou\\\/\"}]}<\/script>\n<!-- \/ Yoast SEO plugin. -->","yoast_head_json":{"title":"Bienaventurada Virgen Mar\u00eda, Reina del Universo. - Logro\u00f1o Pasi\u00f3n","robots":{"index":"index","follow":"follow","max-snippet":"max-snippet:-1","max-image-preview":"max-image-preview:large","max-video-preview":"max-video-preview:-1"},"canonical":"https:\/\/www.logronopasion.com\/portal\/bienaventurada-virgen-maria-reina-del-universo\/","og_locale":"es_ES","og_type":"article","og_title":"Bienaventurada Virgen Mar\u00eda, Reina del Universo. - Logro\u00f1o Pasi\u00f3n","og_description":"&nbsp; La Iglesia celebra el 22 de agosto la Festividad de la Bienaventurada y Sant\u00edsima Virgen Mar\u00eda como Reina Madre. Reina por ser Madre de Jes\u00fas, Rey del Universo y por lo tanto Reina de todo lo creado. El dogma de la Asunci\u00f3n, que celebramos el pasado d\u00eda 15 de agosto, nos lleva de modo natural a \u00e9sta nueva a fiesta Mariana del pr\u00f3ximo d\u00eda 22, donde celebraremos la Realeza de Mar\u00eda. Ella fue trasladada al Cielo en cuerpo y alma para ser coronada por la Sant\u00edsima Trinidad como Reina; as\u00ed lo ense\u00f1a el concilio Vaticano II: \u00abterminado el decurso&hellip;","og_url":"https:\/\/www.logronopasion.com\/portal\/bienaventurada-virgen-maria-reina-del-universo\/","og_site_name":"Logro\u00f1o Pasi\u00f3n","article_publisher":"https:\/\/www.facebook.com\/logronopasion","article_published_time":"2024-08-17T01:11:13+00:00","article_modified_time":"2024-08-17T01:24:32+00:00","og_image":[{"width":250,"height":250,"url":"https:\/\/www.logronopasion.com\/portal\/wp-content\/uploads\/2024\/08\/Virgen-Reina-Procesion-e1723857497433.jpg","type":"image\/jpeg"}],"author":"ROU","twitter_card":"summary_large_image","twitter_creator":"@LogronoPasion","twitter_site":"@LogronoPasion","twitter_misc":{"Escrito por":"ROU","Tiempo de lectura":"8 minutos"},"schema":{"@context":"https:\/\/schema.org","@graph":[{"@type":"Article","@id":"https:\/\/www.logronopasion.com\/portal\/bienaventurada-virgen-maria-reina-del-universo\/#article","isPartOf":{"@id":"https:\/\/www.logronopasion.com\/portal\/bienaventurada-virgen-maria-reina-del-universo\/"},"author":{"name":"ROU","@id":"https:\/\/www.logronopasion.com\/portal\/#\/schema\/person\/2f883c3fdb92c04e9616af63b5dcfcf2"},"headline":"Bienaventurada Virgen Mar\u00eda, Reina del Universo.","datePublished":"2024-08-17T01:11:13+00:00","dateModified":"2024-08-17T01:24:32+00:00","mainEntityOfPage":{"@id":"https:\/\/www.logronopasion.com\/portal\/bienaventurada-virgen-maria-reina-del-universo\/"},"wordCount":1573,"commentCount":0,"publisher":{"@id":"https:\/\/www.logronopasion.com\/portal\/#organization"},"image":{"@id":"https:\/\/www.logronopasion.com\/portal\/bienaventurada-virgen-maria-reina-del-universo\/#primaryimage"},"thumbnailUrl":"https:\/\/www.logronopasion.com\/portal\/wp-content\/uploads\/2024\/08\/Virgen-Reina-Procesion-e1723857497433.jpg","articleSection":["Destacados","Iglesia - estado, sociedad y religi\u00f3n","Noticias \/ Actualidad"],"inLanguage":"es","potentialAction":[{"@type":"CommentAction","name":"Comment","target":["https:\/\/www.logronopasion.com\/portal\/bienaventurada-virgen-maria-reina-del-universo\/#respond"]}]},{"@type":"WebPage","@id":"https:\/\/www.logronopasion.com\/portal\/bienaventurada-virgen-maria-reina-del-universo\/","url":"https:\/\/www.logronopasion.com\/portal\/bienaventurada-virgen-maria-reina-del-universo\/","name":"Bienaventurada Virgen Mar\u00eda, Reina del Universo. - Logro\u00f1o Pasi\u00f3n","isPartOf":{"@id":"https:\/\/www.logronopasion.com\/portal\/#website"},"primaryImageOfPage":{"@id":"https:\/\/www.logronopasion.com\/portal\/bienaventurada-virgen-maria-reina-del-universo\/#primaryimage"},"image":{"@id":"https:\/\/www.logronopasion.com\/portal\/bienaventurada-virgen-maria-reina-del-universo\/#primaryimage"},"thumbnailUrl":"https:\/\/www.logronopasion.com\/portal\/wp-content\/uploads\/2024\/08\/Virgen-Reina-Procesion-e1723857497433.jpg","datePublished":"2024-08-17T01:11:13+00:00","dateModified":"2024-08-17T01:24:32+00:00","inLanguage":"es","potentialAction":[{"@type":"ReadAction","target":["https:\/\/www.logronopasion.com\/portal\/bienaventurada-virgen-maria-reina-del-universo\/"]}]},{"@type":"ImageObject","inLanguage":"es","@id":"https:\/\/www.logronopasion.com\/portal\/bienaventurada-virgen-maria-reina-del-universo\/#primaryimage","url":"https:\/\/www.logronopasion.com\/portal\/wp-content\/uploads\/2024\/08\/Virgen-Reina-Procesion-e1723857497433.jpg","contentUrl":"https:\/\/www.logronopasion.com\/portal\/wp-content\/uploads\/2024\/08\/Virgen-Reina-Procesion-e1723857497433.jpg","width":250,"height":250},{"@type":"WebSite","@id":"https:\/\/www.logronopasion.com\/portal\/#website","url":"https:\/\/www.logronopasion.com\/portal\/","name":"Logro\u00f1o Pasi\u00f3n","description":"Portal sobre la Semana Santa de Logro\u00f1o","publisher":{"@id":"https:\/\/www.logronopasion.com\/portal\/#organization"},"potentialAction":[{"@type":"SearchAction","target":{"@type":"EntryPoint","urlTemplate":"https:\/\/www.logronopasion.com\/portal\/?s={search_term_string}"},"query-input":{"@type":"PropertyValueSpecification","valueRequired":true,"valueName":"search_term_string"}}],"inLanguage":"es"},{"@type":"Organization","@id":"https:\/\/www.logronopasion.com\/portal\/#organization","name":"Logro\u00f1o Pasi\u00f3n","url":"https:\/\/www.logronopasion.com\/portal\/","logo":{"@type":"ImageObject","inLanguage":"es","@id":"https:\/\/www.logronopasion.com\/portal\/#\/schema\/logo\/image\/","url":"https:\/\/i2.wp.com\/logronopasion.com\/portal\/wp-content\/uploads\/2019\/04\/cropped-Header-1.jpg?fit=312%2C212&ssl=1","contentUrl":"https:\/\/i2.wp.com\/logronopasion.com\/portal\/wp-content\/uploads\/2019\/04\/cropped-Header-1.jpg?fit=312%2C212&ssl=1","width":312,"height":212,"caption":"Logro\u00f1o Pasi\u00f3n"},"image":{"@id":"https:\/\/www.logronopasion.com\/portal\/#\/schema\/logo\/image\/"},"sameAs":["https:\/\/www.facebook.com\/logronopasion","https:\/\/x.com\/LogronoPasion"]},{"@type":"Person","@id":"https:\/\/www.logronopasion.com\/portal\/#\/schema\/person\/2f883c3fdb92c04e9616af63b5dcfcf2","name":"ROU","image":{"@type":"ImageObject","inLanguage":"es","@id":"https:\/\/www.logronopasion.com\/portal\/wp-content\/uploads\/2021\/11\/16107_209547569181270_194186917_n-1-150x150.jpg","url":"https:\/\/www.logronopasion.com\/portal\/wp-content\/uploads\/2021\/11\/16107_209547569181270_194186917_n-1-150x150.jpg","contentUrl":"https:\/\/www.logronopasion.com\/portal\/wp-content\/uploads\/2021\/11\/16107_209547569181270_194186917_n-1-150x150.jpg","caption":"ROU"},"url":"https:\/\/www.logronopasion.com\/portal\/author\/rou\/"}]}},"_links":{"self":[{"href":"https:\/\/www.logronopasion.com\/portal\/wp-json\/wp\/v2\/posts\/20453","targetHints":{"allow":["GET"]}}],"collection":[{"href":"https:\/\/www.logronopasion.com\/portal\/wp-json\/wp\/v2\/posts"}],"about":[{"href":"https:\/\/www.logronopasion.com\/portal\/wp-json\/wp\/v2\/types\/post"}],"author":[{"embeddable":true,"href":"https:\/\/www.logronopasion.com\/portal\/wp-json\/wp\/v2\/users\/2"}],"replies":[{"embeddable":true,"href":"https:\/\/www.logronopasion.com\/portal\/wp-json\/wp\/v2\/comments?post=20453"}],"version-history":[{"count":1,"href":"https:\/\/www.logronopasion.com\/portal\/wp-json\/wp\/v2\/posts\/20453\/revisions"}],"predecessor-version":[{"id":20454,"href":"https:\/\/www.logronopasion.com\/portal\/wp-json\/wp\/v2\/posts\/20453\/revisions\/20454"}],"wp:featuredmedia":[{"embeddable":true,"href":"https:\/\/www.logronopasion.com\/portal\/wp-json\/wp\/v2\/media\/20455"}],"wp:attachment":[{"href":"https:\/\/www.logronopasion.com\/portal\/wp-json\/wp\/v2\/media?parent=20453"}],"wp:term":[{"taxonomy":"category","embeddable":true,"href":"https:\/\/www.logronopasion.com\/portal\/wp-json\/wp\/v2\/categories?post=20453"},{"taxonomy":"post_tag","embeddable":true,"href":"https:\/\/www.logronopasion.com\/portal\/wp-json\/wp\/v2\/tags?post=20453"}],"curies":[{"name":"wp","href":"https:\/\/api.w.org\/{rel}","templated":true}]}}