{"id":20748,"date":"2025-07-26T05:40:56","date_gmt":"2025-07-26T04:40:56","guid":{"rendered":"https:\/\/www.logronopasion.com\/portal\/?p=20748"},"modified":"2025-07-26T05:57:29","modified_gmt":"2025-07-26T04:57:29","slug":"santos-ana-y-joaquin-padres-de-la-virgen-maria-y-abuelos-de-jesus","status":"publish","type":"post","link":"https:\/\/www.logronopasion.com\/portal\/santos-ana-y-joaquin-padres-de-la-virgen-maria-y-abuelos-de-jesus\/","title":{"rendered":"Santos Ana y Joaqu\u00edn, padres de la Virgen Mar\u00eda y abuelos de Jes\u00fas"},"content":{"rendered":"<p>La conmemoraci\u00f3n de los santos Ana y Joaqu\u00edn es una buena ocasi\u00f3n para recordar las ra\u00edces humanas de Jes\u00fas. En \u00e9l, Dios se ha emparentado con la estirpe humana.<\/p>\n<p><a href=\"https:\/\/www.logronopasion.com\/portal\/wp-content\/uploads\/2025\/07\/Ana-y-Joaquin0.png\"><img loading=\"lazy\" decoding=\"async\" class=\"aligncenter wp-image-20762 size-full\" src=\"https:\/\/www.logronopasion.com\/portal\/wp-content\/uploads\/2025\/07\/Ana-y-Joaquin0.png\" alt=\"\" width=\"512\" height=\"161\" srcset=\"https:\/\/www.logronopasion.com\/portal\/wp-content\/uploads\/2025\/07\/Ana-y-Joaquin0.png 512w, https:\/\/www.logronopasion.com\/portal\/wp-content\/uploads\/2025\/07\/Ana-y-Joaquin0-300x94.png 300w\" sizes=\"auto, (max-width: 512px) 100vw, 512px\" \/><\/a><\/p>\n<p>La vida discreta de Mar\u00eda hab\u00eda de compaginarse con el silencio sobre sus antepasados. Sin embargo, la liturgia de la Iglesia parece intentar penetrar en ese silencio, no tanto para satisfacer nuestra curiosidad, cuanto para darnos ocasi\u00f3n para celebrar los planes de Dios sobre la historia humana, que se hab\u00eda de convertir en una historia redimida.<\/p>\n<p>De hecho, la ant\u00edfona de entrada que se canta al inicio de la Eucarist\u00eda de hoy nos introduce en una celebraci\u00f3n marcada por el signo de la alegr\u00eda: \u00abAlabemos a Joaqu\u00edn y a Ana por su hija; en ella les dio el Se\u00f1or la bendici\u00f3n de todos los pueblos\u00bb\u00bb. Los protagonistas son los padres, pero el objeto de la alabanza es la providencia divina que, en Mar\u00eda, prepara los caminos para la llegada del Salvador.<\/p>\n<h2 style=\"text-align: center;\"><span style=\"text-decoration: underline;\">SANTA ANA y SAN JOAQU\u00cdN ANA. PADRES DE LA VIRGEN MARIA Y ABUELOS DE JESUS.<\/span><\/h2>\n<p><a href=\"https:\/\/www.logronopasion.com\/portal\/wp-content\/uploads\/2025\/07\/Ana-y-Joaquin-1.jpg\"><img loading=\"lazy\" decoding=\"async\" class=\"size-full wp-image-20749 aligncenter\" src=\"https:\/\/www.logronopasion.com\/portal\/wp-content\/uploads\/2025\/07\/Ana-y-Joaquin-1.jpg\" alt=\"\" width=\"326\" height=\"385\" srcset=\"https:\/\/www.logronopasion.com\/portal\/wp-content\/uploads\/2025\/07\/Ana-y-Joaquin-1.jpg 326w, https:\/\/www.logronopasion.com\/portal\/wp-content\/uploads\/2025\/07\/Ana-y-Joaquin-1-254x300.jpg 254w\" sizes=\"auto, (max-width: 326px) 100vw, 326px\" \/><\/a><\/p>\n<p>El nombre de Joaqu\u00edn, que recuerda el de un rey de Jud\u00e1, significa \u201cYahv\u00e9 fortalece\u201d. El nombre de Ana, que se puede traducir por \u201cmisericordiosa\u201d o \u201cllena de gracia\u201d, evoca tambi\u00e9n la figura amable de la madre del profeta Samuel.<\/p>\n<p>Las genealog\u00edas de Jes\u00fas que se incluyen en el Evangelio de San Mateo y de San Lucas no dan noticia alguna de los nombres de los padres de Mar\u00eda. Una antigua tradici\u00f3n, que arranca del siglo II, atribuye a los padres de Mar\u00eda los nombres que hoy se nos presentan en la celebraci\u00f3n lit\u00fargica.<\/p>\n<p>De hecho se encuentran en el \u201cEvangelio del Pseudo-Mateo, llamado \u201cEvangelio de la Natividad de Mar\u00eda\u201d y, sobre todo en el \u201cProtoevangelio de Santiago\u201d. Este ap\u00f3crifo del siglo II, cuenta que Joaqu\u00edn contrajo matrimonio a los 20 a\u00f1os con Ana, hija de un tal Isacar, perteneciente como \u00e9l a la tribu de Jud\u00e1 y al linaje de David.<\/p>\n<p>Procedentes de Galilea, se habr\u00edan trasladado pronto a Jerusal\u00e9n donde vivir\u00edan en una casa cercana a la piscina Prob\u00e1tica. \u00a0La actual iglesia de Santa Ana trata de evocar aquella tradici\u00f3n, aunque es cierto que subsiste tambi\u00e9n otra tradici\u00f3n que sit\u00faa la vivienda de los padres de Mar\u00eda en S\u00e9foris (Galilea).<\/p>\n<p>La leyenda ap\u00f3crifa se detiene en numerosos detalles anecd\u00f3ticos. As\u00ed se complace en subrayar la esterilidad de Ana, las oraciones de los piadosos esposos, la larga espera, la ausencia del marido, las revelaciones de los \u00e1ngeles a uno y otra, el encuentro de Joaqu\u00edn y Ana junto a la Puerta Dorada de Jerusal\u00e9n, escena inmortalizada por uno de los frescos de Giotto.<\/p>\n<p>Los relatos ap\u00f3crifos narran tambi\u00e9n el nacimiento de Mar\u00eda, los cuidados que le ofrecieron sus padres, as\u00ed como la dedicaci\u00f3n al servicio del templo de aquella ni\u00f1a que sube decidida los quince escalones del lugar santo. Todos estos pasajes constituyen otros tantos motivos iconogr\u00e1ficos, representados con mucha frecuencia por la pintura y la escultura.<\/p>\n<h3 style=\"text-align: center;\"><span style=\"text-decoration: underline;\"><strong>SAN JOAQU\u00cdN<\/strong><\/span><\/h3>\n<p style=\"text-align: center;\"><a href=\"https:\/\/www.logronopasion.com\/portal\/wp-content\/uploads\/2025\/07\/Ana-y-Joaquin-13.jpg\"><img loading=\"lazy\" decoding=\"async\" class=\"size-full wp-image-20750 aligncenter\" src=\"https:\/\/www.logronopasion.com\/portal\/wp-content\/uploads\/2025\/07\/Ana-y-Joaquin-13.jpg\" alt=\"\" width=\"306\" height=\"435\" srcset=\"https:\/\/www.logronopasion.com\/portal\/wp-content\/uploads\/2025\/07\/Ana-y-Joaquin-13.jpg 306w, https:\/\/www.logronopasion.com\/portal\/wp-content\/uploads\/2025\/07\/Ana-y-Joaquin-13-211x300.jpg 211w\" sizes=\"auto, (max-width: 306px) 100vw, 306px\" \/><\/a> <em>San Joaqu\u00edn y la Virgen Ni\u00f1a dormida. <\/em><em>(L\u00f3pez Porta\u00f1a .1804.)<\/em><\/p>\n<p>San Juan Damasceno dice que el padre de Mar\u00eda se llamaba Barpanther. Seg\u00fan el Protoevangelio de Santiago, (ap\u00f3crifo, que se remonta a las \u00faltimas d\u00e9cadas del siglo II en su n\u00facleo primitivo), contrajo matrimonio con Santa Ana a la edad de veinte a\u00f1os. Pronto se trasladaron a Jerusal\u00e9n, viviendo, al parecer, en una casa situada cerca de la famosa piscina Prob\u00e1tica.<\/p>\n<p>Gozaban ambos esposos de una vida conyugal dichosa y de un desahogo econ\u00f3mico que les permit\u00eda dar rienda suelta a su generosidad para con Dios y a su liberalidad para con los pr\u00f3jimos. Algunos documentos llegan incluso a decir que eran los m\u00e1s ricos del pueblo y dan incluso una minuciosa relaci\u00f3n de la distribuci\u00f3n que hac\u00eda San Joaqu\u00edn de sus ganancias.<\/p>\n<p style=\"text-align: center;\"><a href=\"https:\/\/www.logronopasion.com\/portal\/wp-content\/uploads\/2025\/07\/Ana-y-Joaquin-3.jpg\"><img loading=\"lazy\" decoding=\"async\" class=\"size-full wp-image-20752 aligncenter\" src=\"https:\/\/www.logronopasion.com\/portal\/wp-content\/uploads\/2025\/07\/Ana-y-Joaquin-3.jpg\" alt=\"\" width=\"429\" height=\"389\" srcset=\"https:\/\/www.logronopasion.com\/portal\/wp-content\/uploads\/2025\/07\/Ana-y-Joaquin-3.jpg 429w, https:\/\/www.logronopasion.com\/portal\/wp-content\/uploads\/2025\/07\/Ana-y-Joaquin-3-300x272.jpg 300w\" sizes=\"auto, (max-width: 429px) 100vw, 429px\" \/><\/a><em>Joaqu\u00edn es rechazo por el sacerdote Rub\u00e9n <\/em><em>al ofrecer su sacrificio en el templo<\/em><\/p>\n<p>S\u00f3lo una sombra eclipsaba su felicidad, y \u00e9sta era la falta de descendencia despu\u00e9s de largos a\u00f1os de matrimonio. Esta pena subi\u00f3 de punto al verse Joaqu\u00edn vejado p\u00fablicamente una vez por un jud\u00edo llamado Rub\u00e9n al ir a ofrecer sus dones al Templo.<\/p>\n<p>El motivo de tal vejaci\u00f3n fue su esterilidad, que todos por entonces consideraban como se\u00f1al de un castigo de Dios. Tal impacto caus\u00f3 este incidente en el alma de San Joaqu\u00edn, que inmediatamente se retir\u00f3 de su casa y se fue al desierto, en compa\u00f1\u00eda de sus pastores y reba\u00f1os, para ayunar y rogar a Dios que le concediera un v\u00e1stago en su familia.<\/p>\n<p>Mientras tanto Ana, su mujer, hab\u00eda quedado en casa, toda desconsolada y llorosa porque a su condici\u00f3n de est\u00e9ril se hab\u00eda a\u00f1adido la desgracia de quedarse sola por la s\u00fabita desaparici\u00f3n de su marido.<\/p>\n<p>Despu\u00e9s de cuarenta d\u00edas de ayuno Joaqu\u00edn recibi\u00f3 una visita de un \u00e1ngel del Se\u00f1or, tray\u00e9ndole la buena nueva de que su oraci\u00f3n hab\u00eda sido o\u00edda y de que su mujer hab\u00eda concebido ya una ni\u00f1a, cuya dignidad con el tiempo sobrepujar\u00eda a la de todas las mujeres y quien ya desde peque\u00f1ita habr\u00eda de vivir en el templo del Se\u00f1or.<\/p>\n<p>Poco antes le hab\u00eda sido notificado a Ana este mismo mensaje, dici\u00e9ndosele, adem\u00e1s, que su marido Joaqu\u00edn estaba ya de vuelta. Efectivamente, Joaqu\u00edn, no bien repuesto de la emoci\u00f3n, corri\u00f3 presurosamente a su casa y vino a encontrar a su mujer junto a la puerta Dorada de la ciudad, donde \u00e9sta hab\u00eda salido a esperarle.<\/p>\n<p style=\"text-align: center;\"><a href=\"https:\/\/www.logronopasion.com\/portal\/wp-content\/uploads\/2025\/07\/Ana-y-Joaquin-4.jpg\"><img loading=\"lazy\" decoding=\"async\" class=\"size-full wp-image-20753 aligncenter\" src=\"https:\/\/www.logronopasion.com\/portal\/wp-content\/uploads\/2025\/07\/Ana-y-Joaquin-4.jpg\" alt=\"\" width=\"399\" height=\"385\" srcset=\"https:\/\/www.logronopasion.com\/portal\/wp-content\/uploads\/2025\/07\/Ana-y-Joaquin-4.jpg 399w, https:\/\/www.logronopasion.com\/portal\/wp-content\/uploads\/2025\/07\/Ana-y-Joaquin-4-300x289.jpg 300w\" sizes=\"auto, (max-width: 399px) 100vw, 399px\" \/><\/a><em>Encuentro de Joaqu\u00edn y Ana en la puerta Dorada\u00a0<\/em><em>\u00a0(Giotto)<\/em><\/p>\n<p>Tras descubrir Ana inesperadamente, que est\u00e1 embarazada, ambos se encuentran y se abrazan ante la Puerta Dorada de Jerusal\u00e9n. . Para evidenciar el gozo que al matrimonio causa la noticia, y el amor que se tienen, se les suele representar en actitud de darse un abrazo, m\u00e1s raramente un beso.<\/p>\n<p>Lleg\u00f3 el fausto acontecimiento de la natividad de Mar\u00eda, y Joaqu\u00edn, para festejarlo, dio un banquete a todos los principales de la ciudad. Durante \u00e9l present\u00f3 su hija a los sacerdotes, quienes la colmaron de bendiciones y de felices augurios.<\/p>\n<p>Joaqu\u00edn no ech\u00f3 en olvido las palabras del \u00e1ngel relativas a la permanencia de Mar\u00eda en el Templo desde su m\u00e1s tierna edad, e hizo que, al llegar \u00e9sta a los tres a\u00f1os, fuera presentada solemnemente en la casa de Dios. Y para que la ni\u00f1a no sintiera tanto la separaci\u00f3n de sus padres procur\u00f3 Joaqu\u00edn que fuera acompa\u00f1ada por algunas doncellas, quienes la segu\u00edan con candelas encendidas.<\/p>\n<p>Estos son los detalles que la tradici\u00f3n cristiana nos ha transmitido acerca de la vida de San Joaqu\u00edn. Todos ligados, naturalmente, al nacimiento y primeros pasos de Mar\u00eda sobre la tierra.<\/p>\n<p>Si es verdad que buena parte de los referidos episodios deben su inspiraci\u00f3n a analog\u00edas con figuras del Antiguo Testamento y al deseo de satisfacer nuestra curiosidad sobre la ascendencia humana de Jes\u00fas, no lo es menos que todos, en conjunto, ofrecen una estampa amable y altamente ejemplar del padre de la Virgen, que ha sido forjada por muchos a\u00f1os de tradici\u00f3n y que goza del refrendo autorizado de la Iglesia.<\/p>\n<h3 style=\"text-align: center;\"><span style=\"text-decoration: underline;\"><strong>SANTA ANA<\/strong><\/span><\/h3>\n<p><a href=\"https:\/\/www.logronopasion.com\/portal\/wp-content\/uploads\/2025\/07\/Ana-y-Joaquin-5.jpg\"><img loading=\"lazy\" decoding=\"async\" class=\"size-full wp-image-20754 aligncenter\" src=\"https:\/\/www.logronopasion.com\/portal\/wp-content\/uploads\/2025\/07\/Ana-y-Joaquin-5.jpg\" alt=\"\" width=\"335\" height=\"476\" srcset=\"https:\/\/www.logronopasion.com\/portal\/wp-content\/uploads\/2025\/07\/Ana-y-Joaquin-5.jpg 335w, https:\/\/www.logronopasion.com\/portal\/wp-content\/uploads\/2025\/07\/Ana-y-Joaquin-5-211x300.jpg 211w\" sizes=\"auto, (max-width: 335px) 100vw, 335px\" \/><\/a><\/p>\n<p>Si algo queremos saber tendremos que acudir de nuevo a los evangelios ap\u00f3crifos. Viv\u00eda en aquellos tiempos en tierras de Israel un hombre rico y temeroso de Dios llamado Joaqu\u00edn, perteneciente a la tribu de Jud\u00e1. A los veinte a\u00f1os hab\u00eda tomado por esposa a Ana, de su misma tribu, la cual, al cabo de veinte a\u00f1os de matrimonio, no le hab\u00eda dado descendencia alguna<\/p>\n<p>Joaqu\u00edn era muy generoso en sus ofrendas al Templo. Un d\u00eda, al adelantarse para ofrecer su sacrificio, un escriba llamado Rub\u00e9n le cort\u00f3 el paso dici\u00e9ndole: \u201cNo eres digno de presentar tus ofrendas por cuanto no has suscitado v\u00e1stago alguno en Israel\u201d.<\/p>\n<p>Afligido y humillado, Joaqu\u00edn se retir\u00f3 al desierto a orar para que Dios le concediera un hijo. Mientras tanto Ana se vest\u00eda de saco y cilicio para pedir a Dios la misma gracia. No obstante, los s\u00e1bados se pon\u00eda un vestido precioso por no estar bien, en el d\u00eda del Se\u00f1or, vestir de penitencia.<\/p>\n<p>Estando as\u00ed en oraci\u00f3n en su jard\u00edn suplicaba a Dios con estas palabras: \u201c\u00a1Oh Dios de nuestros padres! \u00d3yeme y bend\u00edceme a m\u00ed a la manera que bendijiste el seno de Sara, d\u00e1ndole como hijo a Isaac\u201d.<\/p>\n<p>Al decir estas palabras dirigi\u00f3 su mirada al \u00e1rbol que ten\u00eda delante y, viendo en \u00e9l un p\u00e1jaro que estaba incubando sus polluelos, exclam\u00f3 amargamente y con repetidos suspiros: \u201c\u00a1Ay de m\u00ed! \u00bfA qui\u00e9n me asemejo yo? No a las aves del cielo, puesto que ellas son fecundas en tu presencia, Se\u00f1or.\u201d<\/p>\n<p style=\"text-align: center;\"><a href=\"https:\/\/www.logronopasion.com\/portal\/wp-content\/uploads\/2025\/07\/Ana-y-Joaquin-6.jpg\"><img loading=\"lazy\" decoding=\"async\" class=\"aligncenter wp-image-20764\" src=\"https:\/\/www.logronopasion.com\/portal\/wp-content\/uploads\/2025\/07\/Ana-y-Joaquin-6.jpg\" alt=\"\" width=\"650\" height=\"488\" srcset=\"https:\/\/www.logronopasion.com\/portal\/wp-content\/uploads\/2025\/07\/Ana-y-Joaquin-6.jpg 960w, https:\/\/www.logronopasion.com\/portal\/wp-content\/uploads\/2025\/07\/Ana-y-Joaquin-6-300x225.jpg 300w, https:\/\/www.logronopasion.com\/portal\/wp-content\/uploads\/2025\/07\/Ana-y-Joaquin-6-768x576.jpg 768w\" sizes=\"auto, (max-width: 650px) 100vw, 650px\" \/><\/a><em>Reencuentro de Joaqu\u00edn y Ana<\/em><\/p>\n<p>La humilde s\u00faplica de Ana obtuvo una respuesta inmediata de lo Alto. Un \u00e1ngel del Se\u00f1or se le apareci\u00f3 anunci\u00e1ndole que iba a concebir y a dar a luz, y que de su prole se hablar\u00eda en todo el mundo.<\/p>\n<p>Nada m\u00e1s o\u00edr esto prometi\u00f3 Ana ofrecerlo a Dios al instante. Al mismo tiempo Joaqu\u00edn recibi\u00f3 id\u00e9ntico mensaje en el desierto, por lo cual, lleno de alegr\u00eda, volvi\u00f3 al punto a reunirse con su esposa.<\/p>\n<p>Y se le cumpli\u00f3 a Ana su tiempo y al mes, noveno alumbr\u00f3. Cuando supo que hab\u00eda dado a luz una ni\u00f1a, exclam\u00f3: \u201cMi alma ha sido hoy enaltecida.\u201d Y puso a su hija por nombre Miriam.<\/p>\n<p style=\"text-align: center;\"><a href=\"https:\/\/www.logronopasion.com\/portal\/wp-content\/uploads\/2025\/07\/Ana-y-Joaquin-7.jpg\"><img loading=\"lazy\" decoding=\"async\" class=\"size-full wp-image-20756 aligncenter\" src=\"https:\/\/www.logronopasion.com\/portal\/wp-content\/uploads\/2025\/07\/Ana-y-Joaquin-7.jpg\" alt=\"\" width=\"277\" height=\"438\" srcset=\"https:\/\/www.logronopasion.com\/portal\/wp-content\/uploads\/2025\/07\/Ana-y-Joaquin-7.jpg 277w, https:\/\/www.logronopasion.com\/portal\/wp-content\/uploads\/2025\/07\/Ana-y-Joaquin-7-190x300.jpg 190w\" sizes=\"auto, (max-width: 277px) 100vw, 277px\" \/><\/a><em>Representaci\u00f3n de la Inmaculada Concepci\u00f3n con <\/em><em>los padres de la Virgen Mar\u00eda en los que se dio origen a la concepci\u00f3n gloriosa de Mar\u00eda<\/em><\/p>\n<p>Al cumplir su primer a\u00f1o Joaqu\u00edn dio un gran banquete presentando su hija a los sacerdotes para que la bendijeran. Mientras tanto Ana, dando el pecho a la ni\u00f1a en su habitaci\u00f3n, compon\u00eda un himno al Se\u00f1or Dios diciendo: \u201cEntonar\u00e9 un c\u00e1ntico al Se\u00f1or mi Dios porque me ha visitado, ha apartado de m\u00ed el oprobio de mis enemigos, y me ha dado un fruto santo. \u00bfQui\u00e9n dar\u00e1 a los hijos de Rub\u00e9n la noticia de que Ana est\u00e1 amamantando? O\u00edd, o\u00edd, las doce tribus de Israel: \u201cAna est\u00e1 amamantando\u201d. Y, dejando la ni\u00f1a en su cuna, sali\u00f3 y se puso a servir a los comensales.<\/p>\n<p>Joaqu\u00edn quiso llevar a la ni\u00f1a al Templo del Se\u00f1or para cumplir su promesa cuando la peque\u00f1a cumpli\u00f3 dos a\u00f1os. Pero Ana respondi\u00f3: \u201cEsperemos todav\u00eda hasta que cumpla los tres a\u00f1os, no sea que vaya a tener a\u00f1oranza de nosotros\u201d. Y Joaqu\u00edn respondi\u00f3: \u201cEsperemos\u201d.<\/p>\n<h3 style=\"text-align: center;\"><span style=\"text-decoration: underline;\"><strong>SANTA ANA Y SAN JOAQU\u00cdN,<\/strong><strong> PRESENTAN A MAR\u00cdA EN EL TEMPLO<\/strong><\/span><\/h3>\n<p style=\"text-align: center;\"><a href=\"https:\/\/www.logronopasion.com\/portal\/wp-content\/uploads\/2025\/07\/Ana-y-Joaquin-8.jpg\"><img loading=\"lazy\" decoding=\"async\" class=\"size-full wp-image-20757 aligncenter\" src=\"https:\/\/www.logronopasion.com\/portal\/wp-content\/uploads\/2025\/07\/Ana-y-Joaquin-8.jpg\" alt=\"\" width=\"300\" height=\"480\" srcset=\"https:\/\/www.logronopasion.com\/portal\/wp-content\/uploads\/2025\/07\/Ana-y-Joaquin-8.jpg 300w, https:\/\/www.logronopasion.com\/portal\/wp-content\/uploads\/2025\/07\/Ana-y-Joaquin-8-188x300.jpg 188w\" sizes=\"auto, (max-width: 300px) 100vw, 300px\" \/><\/a><em>Presentaci\u00f3n de Mar\u00eda en el Templo <\/em><em>(Giordano)<\/em><\/p>\n<p><strong><em>(La obra representa el momento en que los padres de la Virgen, conducen de los brazos a la ni\u00f1a al templo para ser consagrada a Dios. Sobre ellos aparece el s\u00edmbolo del Esp\u00edritu Santo, y en primer plano a la izquierda se localiza un \u00e1ngel que ofrece un cesto de flores a la ni\u00f1a)<\/em><\/strong><\/p>\n<p>Por fin a los tres a\u00f1os fue llevada la peque\u00f1a Mar\u00eda al Templo, donde el sacerdote la recibi\u00f3 con estas palabras: \u201cEl Se\u00f1or ha engrandecido tu nombre por todas las generaciones, pues al fin de los tiempos manifestar\u00e1 en ti su redenci\u00f3n a los hijos de Israel\u201d. Y la hizo sentar sobre la tercera grada del altar.<\/p>\n<p>Con este heroico rasgo de desprendimiento los ap\u00f3crifos cierran el cap\u00edtulo dedicado a los padres de la Virgen Mar\u00eda. Despu\u00e9s de dejar a su hija en el Templo Ana se aleja silenciosamente y se esfuma para siempre. Su misi\u00f3n hab\u00eda terminado.<\/p>\n<h3 style=\"text-align: center;\"><span style=\"text-decoration: underline;\"><strong>LAS VIRTUDES DE SANTA ANA<\/strong><\/span><\/h3>\n<p style=\"text-align: center;\"><a href=\"https:\/\/www.logronopasion.com\/portal\/wp-content\/uploads\/2025\/07\/Ana-y-Joaquin-9.jpg\"><img loading=\"lazy\" decoding=\"async\" class=\"size-full wp-image-20758 aligncenter\" src=\"https:\/\/www.logronopasion.com\/portal\/wp-content\/uploads\/2025\/07\/Ana-y-Joaquin-9.jpg\" alt=\"\" width=\"600\" height=\"400\" srcset=\"https:\/\/www.logronopasion.com\/portal\/wp-content\/uploads\/2025\/07\/Ana-y-Joaquin-9.jpg 600w, https:\/\/www.logronopasion.com\/portal\/wp-content\/uploads\/2025\/07\/Ana-y-Joaquin-9-300x200.jpg 300w\" sizes=\"auto, (max-width: 600px) 100vw, 600px\" \/><\/a><em>Santa Ana con su hija <\/em><em>(Murillo)<\/em><\/p>\n<ul>\n<li><em>\u00a0<\/em><strong>Una mujer paciente y humilde<\/strong>. Durante veinte a\u00f1os Ana sufre sin queja la tremenda humillaci\u00f3n de la esterilidad. Cuando, por fin, su amargura se derrama en presencia del Se\u00f1or, sus quejas son tan suaves y humildes que inclinan al Se\u00f1or a escucharla. Su larga prueba no ha endurecido su coraz\u00f3n, no le ha agriado.<\/li>\n<\/ul>\n<p>&nbsp;<\/p>\n<ul>\n<li><strong>Una mujer generosa<\/strong>. Pide para tener, a su vez, el gozo de dar. En cuanto tiene la seguridad de haber sido escuchada, su primer pensamiento es devolver algo por la gracia recibida: har\u00e1 donaci\u00f3n a Dios de este mismo hijo cuyo nacimiento se le anuncia.<\/li>\n<\/ul>\n<p><strong>\u00a0<\/strong><\/p>\n<ul>\n<li><strong>Una mujer agradecida<\/strong>. En su felicidad no se olvida de dar gracias al Se\u00f1or. \u00a1Y con qu\u00e9 j\u00fabilo exultante y candoroso! \u201cO\u00edd, o\u00edd, las doce tribus de Israel: Ana est\u00e1 amamantando!\u201d Ella misma ignora cu\u00e1n fausta es la nueva que est\u00e1 anunciando a Israel y al mundo entero: \u201c\u00a1Ana est\u00e1 amamantando!\u201d<\/li>\n<li><strong>Una mujer abnegada,<\/strong> dispuesta a desprenderse de su hija para siempre; a privarse de ella cuando sea preciso para darse a los dem\u00e1s. As\u00ed, dejando a la ni\u00f1a en su cuna, se dedica a atender a sus invitados.<\/li>\n<\/ul>\n<p>&nbsp;<\/p>\n<ul>\n<li><strong>Abnegada, pero no fr\u00eda ni insensible<\/strong>. \u201cEsperemos \u2014le dice a su esposo\u2014, esperemos a que la peque\u00f1a cumpla tres a\u00f1os\u2026 No sea que vaya a tener a\u00f1oranza de nosotros\u2026\u201d Y en su voz temblorosa se adivina la a\u00f1oranza que est\u00e1 ya atenazando su propio coraz\u00f3n.<\/li>\n<\/ul>\n<p>&nbsp;<\/p>\n<ul>\n<li><strong>La vena soterrada de la ternura<\/strong> asoma en estas t\u00edmidas palabras de Ana. Y \u00e9sta es la pincelada definitiva, la que nos revela su alma entera y nos la hace sentir muy cercana a nuestro coraz\u00f3n.<\/li>\n<\/ul>\n<h3 style=\"text-align: center;\"><span style=\"text-decoration: underline;\"><strong>SU CULTO Y LITURGIA EN EL D\u00cdA 26 DE JULIO<\/strong><\/span><\/h3>\n<p style=\"text-align: center;\"><a href=\"https:\/\/www.logronopasion.com\/portal\/wp-content\/uploads\/2025\/07\/Ana-y-Joaquin-10.jpg\"><img loading=\"lazy\" decoding=\"async\" class=\"aligncenter wp-image-20759\" src=\"https:\/\/www.logronopasion.com\/portal\/wp-content\/uploads\/2025\/07\/Ana-y-Joaquin-10.jpg\" alt=\"\" width=\"300\" height=\"302\" srcset=\"https:\/\/www.logronopasion.com\/portal\/wp-content\/uploads\/2025\/07\/Ana-y-Joaquin-10.jpg 178w, https:\/\/www.logronopasion.com\/portal\/wp-content\/uploads\/2025\/07\/Ana-y-Joaquin-10-150x150.jpg 150w\" sizes=\"auto, (max-width: 300px) 100vw, 300px\" \/><\/a><em>Joaqu\u00edn y Sta. Ana unidos en una misma fiesta <\/em><em>tras la reforma lit\u00fargica conciliar.<\/em><\/p>\n<p>El culto a Santa Ana, se introdujo ya en la Iglesia oriental en el siglo VI, y pas\u00f3 a la occidental en el siglo X. El culto a San Joaqu\u00edn es m\u00e1s reciente y su fiesta se celebraba el 16 de agosto. Tras la Reforma lit\u00fargica del Concilio, San Joaqu\u00edn y Santa Ana se celebran juntos el d\u00eda 26 de julio.<\/p>\n<p>El relato evang\u00e9lico que se proclama en este d\u00eda evoca las palabras con las que Jes\u00fas declara dichosos a sus contempor\u00e1neos por haber tenido la suerte de ver y o\u00edr lo que hab\u00edan anhelado los profetas y los justos de otros tiempos.<\/p>\n<p>Por otra parte, la imagen habitual de Santa Ana, acompa\u00f1ando a Mar\u00eda y al peque\u00f1o Jes\u00fas, refleja, tambi\u00e9n para un tiempo de desentendimiento e individualismo, la necesaria relaci\u00f3n y comprensi\u00f3n entre las generaciones.<\/p>\n<p style=\"text-align: center;\"><a href=\"https:\/\/www.logronopasion.com\/portal\/wp-content\/uploads\/2025\/07\/Ana-y-Joaquin-11.jpg\"><img loading=\"lazy\" decoding=\"async\" class=\"size-full wp-image-20760 aligncenter\" src=\"https:\/\/www.logronopasion.com\/portal\/wp-content\/uploads\/2025\/07\/Ana-y-Joaquin-11.jpg\" alt=\"\" width=\"441\" height=\"435\" srcset=\"https:\/\/www.logronopasion.com\/portal\/wp-content\/uploads\/2025\/07\/Ana-y-Joaquin-11.jpg 441w, https:\/\/www.logronopasion.com\/portal\/wp-content\/uploads\/2025\/07\/Ana-y-Joaquin-11-300x296.jpg 300w\" sizes=\"auto, (max-width: 441px) 100vw, 441px\" \/><\/a><em>Santa Ana con su hija y su nieto. Imagen de la parroquia de \u00abSanta Ana\u00bb en <\/em><em>Cervera del R\u00edo Alhama, muy venerada por los cerveranos y a quien celebran con grandes <\/em><em>fiestas.<\/em><\/p>\n<h3 style=\"text-align: center;\"><span style=\"text-decoration: underline;\"><strong>PATRONOS Y DIA DE LOS ABUELOS<\/strong><\/span><\/h3>\n<p>El texto del libro del Eclesi\u00e1stico (41, 1.10-15), que se lee en la celebraci\u00f3n eucar\u00edstica, nos invita a hacer revivir en gratitud la memoria de los antepasados. No es extra\u00f1o que esta fecha evoque con frecuencia entre los cristianos la presencia de los abuelos y la responsabilidad \u00e9tica de ofrecer la necesaria atenci\u00f3n integral a los ancianos.<\/p>\n<p><a href=\"https:\/\/www.logronopasion.com\/portal\/wp-content\/uploads\/2025\/07\/Imagen12.jpg\"><img loading=\"lazy\" decoding=\"async\" class=\"size-full wp-image-20761 aligncenter\" src=\"https:\/\/www.logronopasion.com\/portal\/wp-content\/uploads\/2025\/07\/Imagen12.jpg\" alt=\"\" width=\"421\" height=\"284\" srcset=\"https:\/\/www.logronopasion.com\/portal\/wp-content\/uploads\/2025\/07\/Imagen12.jpg 421w, https:\/\/www.logronopasion.com\/portal\/wp-content\/uploads\/2025\/07\/Imagen12-300x202.jpg 300w\" sizes=\"auto, (max-width: 421px) 100vw, 421px\" \/><\/a><\/p>\n<p style=\"text-align: center;\"><span style=\"text-decoration: underline;\"><strong>RAZONES PARA ESTE D\u00cdA<\/strong><\/span><\/p>\n<p>-Los valores humanos como el respeto y el cari\u00f1o hacia nuestros mayores son algo importante y connatural a nuestra sociedad.<\/p>\n<p>-La figura de los padres de nuestros padres est\u00e1 presente en la cercan\u00eda-lejan\u00eda de nuestra infancia y juventud.<\/p>\n<p>-Nuestros padres, muchas veces a causa de sus trabajos encomiendan a los abuelos el cuidado de los ni\u00f1os; infinidad de veces hacen las funciones de padres con todo amor y dedicaci\u00f3n.<\/p>\n<p>-El d\u00eda 26 de julio puede ser un gran d\u00eda para celebrar el D\u00cdA DE LOS ABUELOS, empe\u00f1o de la Asociaci\u00f3n Edad Dorada-Mensajeros de la Paz que quiere que este d\u00eda se institucionalice tanto en Espa\u00f1a como en el resto del mundo, precisamente en este d\u00eda en que la Iglesia celebra la fiesta de los abuelos de Jes\u00fas.<\/p>\n<p style=\"text-align: center;\"><span style=\"text-decoration: underline;\"><strong>UN D\u00cdA DE GRATITUD<\/strong><\/span><\/p>\n<p>Se convierte as\u00ed el d\u00eda 26 de julio en la fiesta del agradecimiento a nuestros abuelos\u00a0 porque ellos dieron la vida a nuestros padres y a trav\u00e9s de ellos se prolonga la cadena biol\u00f3gica de la humanidad.<\/p>\n<p>Gracias a ellos nosotros hemos vivido muchas cosas. Por eso es un d\u00eda de acci\u00f3n de gracias por la vida, por los cuidados, desvelos y sufrimientos, por su derroche de amor y cari\u00f1o. Por su indescriptible ayuda en nuestra educaci\u00f3n y en la formaci\u00f3n de nuestra personalidad.<\/p>\n<p>Los abuelos vuelven a vivir su segunda paternidad en el cuidado de sus nietos, mejorando\u00a0 con la sabidur\u00eda de los a\u00f1os lo que con los hijos no pudieron o supieron hacer.<\/p>\n<p>Celebrar la fiesta de los abuelos es una extensi\u00f3n justa y cada d\u00eda m\u00e1s necesaria del cuarto mandamiento: honrar\u00e1s a tu padre y a tu madre.<\/p>\n<p style=\"text-align: center;\"><span style=\"text-decoration: underline;\"><strong>RELACIONES ENTRE GENERACIONES<\/strong><\/span><\/p>\n<p style=\"text-align: center;\"><em><a href=\"https:\/\/www.logronopasion.com\/portal\/wp-content\/uploads\/2025\/07\/Ana-y-Joaquin-13.jpg\"><img loading=\"lazy\" decoding=\"async\" class=\"size-full wp-image-20750 aligncenter\" src=\"https:\/\/www.logronopasion.com\/portal\/wp-content\/uploads\/2025\/07\/Ana-y-Joaquin-13.jpg\" alt=\"\" width=\"306\" height=\"435\" srcset=\"https:\/\/www.logronopasion.com\/portal\/wp-content\/uploads\/2025\/07\/Ana-y-Joaquin-13.jpg 306w, https:\/\/www.logronopasion.com\/portal\/wp-content\/uploads\/2025\/07\/Ana-y-Joaquin-13-211x300.jpg 211w\" sizes=\"auto, (max-width: 306px) 100vw, 306px\" \/><\/a>El Ni\u00f1o Jes\u00fas con sus padres y abuelos<\/em><\/p>\n<p>Cuando se est\u00e1 en la cima serena de los a\u00f1os se contemplan en los reto\u00f1os de los nietos vivas prolongaciones de su propia existencia.<\/p>\n<p>Los ojos de los abuelos miran con redoblado amor la figura y presencia de los nietos. Con un amor que m\u00e1s que signo paternal, lo es patriarcal y providencial, oteando horizontes que van m\u00e1s all\u00e1 de la frontera del tiempo, pues su vida ya la ven prolongada y asegurada en los nietos.<\/p>\n<p>Los abuelos son un factor integrador de la vida familiar, siendo elementos creadores de afectividad, cari\u00f1o y comprensi\u00f3n; su equilibrio emocional permite mantener un clima de tranquilidad y de sosiego en el hogar.<\/p>\n<p>Las personas mayores precisan mantener relaciones intergeneracionales para renovar sus conocimientos y obtener vivencias complementarias que les llenen de vida y les rejuvenezcan.<\/p>\n<p>La soledad de los abuelos suele ser su mayor pobreza, pues produce la sensaci\u00f3n de vac\u00edo, dif\u00edcil de sustituir. Necesitan cari\u00f1o.<\/p>\n<p>El Papa San Juan Pablo II, escribi\u00f3 en \u201cEvangelium vitae\u201d \u201c\u00a1Nuestros abuelos!. La Biblia les reserva el calificativo de ricos en sabidur\u00eda, maestros de la vida, testigos de la tradici\u00f3n de la fe y personas llenas de respeto a Dios\u201d.<\/p>\n<p>El libro del Lev\u00edtico nos exhorta: \u201cPonte en pie ante las canas y honra el rostro del anciano\u201d. Honrar a los ancianos supone un triple deber: acogerlos, asistirlos y valorar sus cualidades. Ya observaba Cicer\u00f3n que \u201cel peso de la edad es m\u00e1s leve para el que se siente respetado y amado por los j\u00f3venes\u201d.<\/p>\n<p>&nbsp;<\/p>\n<p><span style=\"text-decoration: underline;\"><strong>Compilaci\u00f3n de datos por D. V\u00edctor Jadraque (P\u00e1rroco de Alberite (La Rioja)<\/strong><\/span><\/p>\n","protected":false},"excerpt":{"rendered":"<p>La conmemoraci\u00f3n de los santos Ana y Joaqu\u00edn es una buena ocasi\u00f3n para recordar las ra\u00edces humanas de Jes\u00fas. En \u00e9l, Dios se ha emparentado con la estirpe humana. La vida discreta de Mar\u00eda hab\u00eda de compaginarse con el silencio sobre sus antepasados. Sin embargo, la liturgia de la Iglesia parece intentar penetrar en ese silencio, no tanto para satisfacer nuestra curiosidad, cuanto para darnos ocasi\u00f3n para celebrar los planes de Dios sobre la historia humana, que se hab\u00eda de convertir en una historia redimida. De hecho, la ant\u00edfona de entrada que se canta al inicio de la Eucarist\u00eda de&hellip; <\/p>\n","protected":false},"author":2,"featured_media":20767,"comment_status":"open","ping_status":"open","sticky":false,"template":"","format":"standard","meta":{"_bbp_topic_count":0,"_bbp_reply_count":0,"_bbp_total_topic_count":0,"_bbp_total_reply_count":0,"_bbp_voice_count":0,"_bbp_anonymous_reply_count":0,"_bbp_topic_count_hidden":0,"_bbp_reply_count_hidden":0,"_bbp_forum_subforum_count":0,"_crdt_document":"","footnotes":""},"categories":[3,1],"tags":[],"class_list":["post-20748","post","type-post","status-publish","format-standard","has-post-thumbnail","hentry","category-iglesia","category-noticias"],"yoast_head":"<!-- This site is optimized with the Yoast SEO plugin v27.5 - https:\/\/yoast.com\/product\/yoast-seo-wordpress\/ -->\n<title>Santos Ana y Joaqu\u00edn, padres de la Virgen Mar\u00eda y abuelos de Jes\u00fas - Logro\u00f1o Pasi\u00f3n<\/title>\n<meta name=\"robots\" content=\"index, follow, max-snippet:-1, max-image-preview:large, max-video-preview:-1\" \/>\n<link rel=\"canonical\" href=\"https:\/\/www.logronopasion.com\/portal\/santos-ana-y-joaquin-padres-de-la-virgen-maria-y-abuelos-de-jesus\/\" \/>\n<meta property=\"og:locale\" content=\"es_ES\" \/>\n<meta property=\"og:type\" content=\"article\" \/>\n<meta property=\"og:title\" content=\"Santos Ana y Joaqu\u00edn, padres de la Virgen Mar\u00eda y abuelos de Jes\u00fas - Logro\u00f1o Pasi\u00f3n\" \/>\n<meta property=\"og:description\" content=\"La conmemoraci\u00f3n de los santos Ana y Joaqu\u00edn es una buena ocasi\u00f3n para recordar las ra\u00edces humanas de Jes\u00fas. En \u00e9l, Dios se ha emparentado con la estirpe humana. La vida discreta de Mar\u00eda hab\u00eda de compaginarse con el silencio sobre sus antepasados. Sin embargo, la liturgia de la Iglesia parece intentar penetrar en ese silencio, no tanto para satisfacer nuestra curiosidad, cuanto para darnos ocasi\u00f3n para celebrar los planes de Dios sobre la historia humana, que se hab\u00eda de convertir en una historia redimida. De hecho, la ant\u00edfona de entrada que se canta al inicio de la Eucarist\u00eda de&hellip;\" \/>\n<meta property=\"og:url\" content=\"https:\/\/www.logronopasion.com\/portal\/santos-ana-y-joaquin-padres-de-la-virgen-maria-y-abuelos-de-jesus\/\" \/>\n<meta property=\"og:site_name\" content=\"Logro\u00f1o Pasi\u00f3n\" \/>\n<meta property=\"article:publisher\" content=\"https:\/\/www.facebook.com\/logronopasion\" \/>\n<meta property=\"article:published_time\" content=\"2025-07-26T04:40:56+00:00\" \/>\n<meta property=\"article:modified_time\" content=\"2025-07-26T04:57:29+00:00\" \/>\n<meta property=\"og:image\" content=\"https:\/\/www.logronopasion.com\/portal\/wp-content\/uploads\/2025\/07\/hqdefault-1.jpg\" \/>\n\t<meta property=\"og:image:width\" content=\"413\" \/>\n\t<meta property=\"og:image:height\" content=\"309\" \/>\n\t<meta property=\"og:image:type\" content=\"image\/jpeg\" \/>\n<meta name=\"author\" content=\"ROU\" \/>\n<meta name=\"twitter:card\" content=\"summary_large_image\" \/>\n<meta name=\"twitter:creator\" content=\"@LogronoPasion\" \/>\n<meta name=\"twitter:site\" content=\"@LogronoPasion\" \/>\n<meta name=\"twitter:label1\" content=\"Escrito por\" \/>\n\t<meta name=\"twitter:data1\" content=\"ROU\" \/>\n\t<meta name=\"twitter:label2\" content=\"Tiempo de lectura\" \/>\n\t<meta name=\"twitter:data2\" content=\"17 minutos\" \/>\n<script type=\"application\/ld+json\" class=\"yoast-schema-graph\">{\"@context\":\"https:\\\/\\\/schema.org\",\"@graph\":[{\"@type\":\"Article\",\"@id\":\"https:\\\/\\\/www.logronopasion.com\\\/portal\\\/santos-ana-y-joaquin-padres-de-la-virgen-maria-y-abuelos-de-jesus\\\/#article\",\"isPartOf\":{\"@id\":\"https:\\\/\\\/www.logronopasion.com\\\/portal\\\/santos-ana-y-joaquin-padres-de-la-virgen-maria-y-abuelos-de-jesus\\\/\"},\"author\":{\"name\":\"ROU\",\"@id\":\"https:\\\/\\\/www.logronopasion.com\\\/portal\\\/#\\\/schema\\\/person\\\/2f883c3fdb92c04e9616af63b5dcfcf2\"},\"headline\":\"Santos Ana y Joaqu\u00edn, padres de la Virgen Mar\u00eda y abuelos de Jes\u00fas\",\"datePublished\":\"2025-07-26T04:40:56+00:00\",\"dateModified\":\"2025-07-26T04:57:29+00:00\",\"mainEntityOfPage\":{\"@id\":\"https:\\\/\\\/www.logronopasion.com\\\/portal\\\/santos-ana-y-joaquin-padres-de-la-virgen-maria-y-abuelos-de-jesus\\\/\"},\"wordCount\":3296,\"commentCount\":0,\"publisher\":{\"@id\":\"https:\\\/\\\/www.logronopasion.com\\\/portal\\\/#organization\"},\"image\":{\"@id\":\"https:\\\/\\\/www.logronopasion.com\\\/portal\\\/santos-ana-y-joaquin-padres-de-la-virgen-maria-y-abuelos-de-jesus\\\/#primaryimage\"},\"thumbnailUrl\":\"https:\\\/\\\/www.logronopasion.com\\\/portal\\\/wp-content\\\/uploads\\\/2025\\\/07\\\/hqdefault-1.jpg\",\"articleSection\":[\"Iglesia - estado, sociedad y religi\u00f3n\",\"Noticias \\\/ Actualidad\"],\"inLanguage\":\"es\",\"potentialAction\":[{\"@type\":\"CommentAction\",\"name\":\"Comment\",\"target\":[\"https:\\\/\\\/www.logronopasion.com\\\/portal\\\/santos-ana-y-joaquin-padres-de-la-virgen-maria-y-abuelos-de-jesus\\\/#respond\"]}]},{\"@type\":\"WebPage\",\"@id\":\"https:\\\/\\\/www.logronopasion.com\\\/portal\\\/santos-ana-y-joaquin-padres-de-la-virgen-maria-y-abuelos-de-jesus\\\/\",\"url\":\"https:\\\/\\\/www.logronopasion.com\\\/portal\\\/santos-ana-y-joaquin-padres-de-la-virgen-maria-y-abuelos-de-jesus\\\/\",\"name\":\"Santos Ana y Joaqu\u00edn, padres de la Virgen Mar\u00eda y abuelos de Jes\u00fas - Logro\u00f1o Pasi\u00f3n\",\"isPartOf\":{\"@id\":\"https:\\\/\\\/www.logronopasion.com\\\/portal\\\/#website\"},\"primaryImageOfPage\":{\"@id\":\"https:\\\/\\\/www.logronopasion.com\\\/portal\\\/santos-ana-y-joaquin-padres-de-la-virgen-maria-y-abuelos-de-jesus\\\/#primaryimage\"},\"image\":{\"@id\":\"https:\\\/\\\/www.logronopasion.com\\\/portal\\\/santos-ana-y-joaquin-padres-de-la-virgen-maria-y-abuelos-de-jesus\\\/#primaryimage\"},\"thumbnailUrl\":\"https:\\\/\\\/www.logronopasion.com\\\/portal\\\/wp-content\\\/uploads\\\/2025\\\/07\\\/hqdefault-1.jpg\",\"datePublished\":\"2025-07-26T04:40:56+00:00\",\"dateModified\":\"2025-07-26T04:57:29+00:00\",\"inLanguage\":\"es\",\"potentialAction\":[{\"@type\":\"ReadAction\",\"target\":[\"https:\\\/\\\/www.logronopasion.com\\\/portal\\\/santos-ana-y-joaquin-padres-de-la-virgen-maria-y-abuelos-de-jesus\\\/\"]}]},{\"@type\":\"ImageObject\",\"inLanguage\":\"es\",\"@id\":\"https:\\\/\\\/www.logronopasion.com\\\/portal\\\/santos-ana-y-joaquin-padres-de-la-virgen-maria-y-abuelos-de-jesus\\\/#primaryimage\",\"url\":\"https:\\\/\\\/www.logronopasion.com\\\/portal\\\/wp-content\\\/uploads\\\/2025\\\/07\\\/hqdefault-1.jpg\",\"contentUrl\":\"https:\\\/\\\/www.logronopasion.com\\\/portal\\\/wp-content\\\/uploads\\\/2025\\\/07\\\/hqdefault-1.jpg\",\"width\":413,\"height\":309},{\"@type\":\"WebSite\",\"@id\":\"https:\\\/\\\/www.logronopasion.com\\\/portal\\\/#website\",\"url\":\"https:\\\/\\\/www.logronopasion.com\\\/portal\\\/\",\"name\":\"Logro\u00f1o Pasi\u00f3n\",\"description\":\"Portal sobre la Semana Santa de Logro\u00f1o\",\"publisher\":{\"@id\":\"https:\\\/\\\/www.logronopasion.com\\\/portal\\\/#organization\"},\"potentialAction\":[{\"@type\":\"SearchAction\",\"target\":{\"@type\":\"EntryPoint\",\"urlTemplate\":\"https:\\\/\\\/www.logronopasion.com\\\/portal\\\/?s={search_term_string}\"},\"query-input\":{\"@type\":\"PropertyValueSpecification\",\"valueRequired\":true,\"valueName\":\"search_term_string\"}}],\"inLanguage\":\"es\"},{\"@type\":\"Organization\",\"@id\":\"https:\\\/\\\/www.logronopasion.com\\\/portal\\\/#organization\",\"name\":\"Logro\u00f1o Pasi\u00f3n\",\"url\":\"https:\\\/\\\/www.logronopasion.com\\\/portal\\\/\",\"logo\":{\"@type\":\"ImageObject\",\"inLanguage\":\"es\",\"@id\":\"https:\\\/\\\/www.logronopasion.com\\\/portal\\\/#\\\/schema\\\/logo\\\/image\\\/\",\"url\":\"https:\\\/\\\/i2.wp.com\\\/logronopasion.com\\\/portal\\\/wp-content\\\/uploads\\\/2019\\\/04\\\/cropped-Header-1.jpg?fit=312%2C212&ssl=1\",\"contentUrl\":\"https:\\\/\\\/i2.wp.com\\\/logronopasion.com\\\/portal\\\/wp-content\\\/uploads\\\/2019\\\/04\\\/cropped-Header-1.jpg?fit=312%2C212&ssl=1\",\"width\":312,\"height\":212,\"caption\":\"Logro\u00f1o Pasi\u00f3n\"},\"image\":{\"@id\":\"https:\\\/\\\/www.logronopasion.com\\\/portal\\\/#\\\/schema\\\/logo\\\/image\\\/\"},\"sameAs\":[\"https:\\\/\\\/www.facebook.com\\\/logronopasion\",\"https:\\\/\\\/x.com\\\/LogronoPasion\"]},{\"@type\":\"Person\",\"@id\":\"https:\\\/\\\/www.logronopasion.com\\\/portal\\\/#\\\/schema\\\/person\\\/2f883c3fdb92c04e9616af63b5dcfcf2\",\"name\":\"ROU\",\"image\":{\"@type\":\"ImageObject\",\"inLanguage\":\"es\",\"@id\":\"https:\\\/\\\/www.logronopasion.com\\\/portal\\\/wp-content\\\/uploads\\\/2021\\\/11\\\/16107_209547569181270_194186917_n-1-150x150.jpg\",\"url\":\"https:\\\/\\\/www.logronopasion.com\\\/portal\\\/wp-content\\\/uploads\\\/2021\\\/11\\\/16107_209547569181270_194186917_n-1-150x150.jpg\",\"contentUrl\":\"https:\\\/\\\/www.logronopasion.com\\\/portal\\\/wp-content\\\/uploads\\\/2021\\\/11\\\/16107_209547569181270_194186917_n-1-150x150.jpg\",\"caption\":\"ROU\"},\"url\":\"https:\\\/\\\/www.logronopasion.com\\\/portal\\\/author\\\/rou\\\/\"}]}<\/script>\n<!-- \/ Yoast SEO plugin. -->","yoast_head_json":{"title":"Santos Ana y Joaqu\u00edn, padres de la Virgen Mar\u00eda y abuelos de Jes\u00fas - Logro\u00f1o Pasi\u00f3n","robots":{"index":"index","follow":"follow","max-snippet":"max-snippet:-1","max-image-preview":"max-image-preview:large","max-video-preview":"max-video-preview:-1"},"canonical":"https:\/\/www.logronopasion.com\/portal\/santos-ana-y-joaquin-padres-de-la-virgen-maria-y-abuelos-de-jesus\/","og_locale":"es_ES","og_type":"article","og_title":"Santos Ana y Joaqu\u00edn, padres de la Virgen Mar\u00eda y abuelos de Jes\u00fas - Logro\u00f1o Pasi\u00f3n","og_description":"La conmemoraci\u00f3n de los santos Ana y Joaqu\u00edn es una buena ocasi\u00f3n para recordar las ra\u00edces humanas de Jes\u00fas. En \u00e9l, Dios se ha emparentado con la estirpe humana. La vida discreta de Mar\u00eda hab\u00eda de compaginarse con el silencio sobre sus antepasados. Sin embargo, la liturgia de la Iglesia parece intentar penetrar en ese silencio, no tanto para satisfacer nuestra curiosidad, cuanto para darnos ocasi\u00f3n para celebrar los planes de Dios sobre la historia humana, que se hab\u00eda de convertir en una historia redimida. De hecho, la ant\u00edfona de entrada que se canta al inicio de la Eucarist\u00eda de&hellip;","og_url":"https:\/\/www.logronopasion.com\/portal\/santos-ana-y-joaquin-padres-de-la-virgen-maria-y-abuelos-de-jesus\/","og_site_name":"Logro\u00f1o Pasi\u00f3n","article_publisher":"https:\/\/www.facebook.com\/logronopasion","article_published_time":"2025-07-26T04:40:56+00:00","article_modified_time":"2025-07-26T04:57:29+00:00","og_image":[{"width":413,"height":309,"url":"https:\/\/www.logronopasion.com\/portal\/wp-content\/uploads\/2025\/07\/hqdefault-1.jpg","type":"image\/jpeg"}],"author":"ROU","twitter_card":"summary_large_image","twitter_creator":"@LogronoPasion","twitter_site":"@LogronoPasion","twitter_misc":{"Escrito por":"ROU","Tiempo de lectura":"17 minutos"},"schema":{"@context":"https:\/\/schema.org","@graph":[{"@type":"Article","@id":"https:\/\/www.logronopasion.com\/portal\/santos-ana-y-joaquin-padres-de-la-virgen-maria-y-abuelos-de-jesus\/#article","isPartOf":{"@id":"https:\/\/www.logronopasion.com\/portal\/santos-ana-y-joaquin-padres-de-la-virgen-maria-y-abuelos-de-jesus\/"},"author":{"name":"ROU","@id":"https:\/\/www.logronopasion.com\/portal\/#\/schema\/person\/2f883c3fdb92c04e9616af63b5dcfcf2"},"headline":"Santos Ana y Joaqu\u00edn, padres de la Virgen Mar\u00eda y abuelos de Jes\u00fas","datePublished":"2025-07-26T04:40:56+00:00","dateModified":"2025-07-26T04:57:29+00:00","mainEntityOfPage":{"@id":"https:\/\/www.logronopasion.com\/portal\/santos-ana-y-joaquin-padres-de-la-virgen-maria-y-abuelos-de-jesus\/"},"wordCount":3296,"commentCount":0,"publisher":{"@id":"https:\/\/www.logronopasion.com\/portal\/#organization"},"image":{"@id":"https:\/\/www.logronopasion.com\/portal\/santos-ana-y-joaquin-padres-de-la-virgen-maria-y-abuelos-de-jesus\/#primaryimage"},"thumbnailUrl":"https:\/\/www.logronopasion.com\/portal\/wp-content\/uploads\/2025\/07\/hqdefault-1.jpg","articleSection":["Iglesia - estado, sociedad y religi\u00f3n","Noticias \/ Actualidad"],"inLanguage":"es","potentialAction":[{"@type":"CommentAction","name":"Comment","target":["https:\/\/www.logronopasion.com\/portal\/santos-ana-y-joaquin-padres-de-la-virgen-maria-y-abuelos-de-jesus\/#respond"]}]},{"@type":"WebPage","@id":"https:\/\/www.logronopasion.com\/portal\/santos-ana-y-joaquin-padres-de-la-virgen-maria-y-abuelos-de-jesus\/","url":"https:\/\/www.logronopasion.com\/portal\/santos-ana-y-joaquin-padres-de-la-virgen-maria-y-abuelos-de-jesus\/","name":"Santos Ana y Joaqu\u00edn, padres de la Virgen Mar\u00eda y abuelos de Jes\u00fas - Logro\u00f1o Pasi\u00f3n","isPartOf":{"@id":"https:\/\/www.logronopasion.com\/portal\/#website"},"primaryImageOfPage":{"@id":"https:\/\/www.logronopasion.com\/portal\/santos-ana-y-joaquin-padres-de-la-virgen-maria-y-abuelos-de-jesus\/#primaryimage"},"image":{"@id":"https:\/\/www.logronopasion.com\/portal\/santos-ana-y-joaquin-padres-de-la-virgen-maria-y-abuelos-de-jesus\/#primaryimage"},"thumbnailUrl":"https:\/\/www.logronopasion.com\/portal\/wp-content\/uploads\/2025\/07\/hqdefault-1.jpg","datePublished":"2025-07-26T04:40:56+00:00","dateModified":"2025-07-26T04:57:29+00:00","inLanguage":"es","potentialAction":[{"@type":"ReadAction","target":["https:\/\/www.logronopasion.com\/portal\/santos-ana-y-joaquin-padres-de-la-virgen-maria-y-abuelos-de-jesus\/"]}]},{"@type":"ImageObject","inLanguage":"es","@id":"https:\/\/www.logronopasion.com\/portal\/santos-ana-y-joaquin-padres-de-la-virgen-maria-y-abuelos-de-jesus\/#primaryimage","url":"https:\/\/www.logronopasion.com\/portal\/wp-content\/uploads\/2025\/07\/hqdefault-1.jpg","contentUrl":"https:\/\/www.logronopasion.com\/portal\/wp-content\/uploads\/2025\/07\/hqdefault-1.jpg","width":413,"height":309},{"@type":"WebSite","@id":"https:\/\/www.logronopasion.com\/portal\/#website","url":"https:\/\/www.logronopasion.com\/portal\/","name":"Logro\u00f1o Pasi\u00f3n","description":"Portal sobre la Semana Santa de Logro\u00f1o","publisher":{"@id":"https:\/\/www.logronopasion.com\/portal\/#organization"},"potentialAction":[{"@type":"SearchAction","target":{"@type":"EntryPoint","urlTemplate":"https:\/\/www.logronopasion.com\/portal\/?s={search_term_string}"},"query-input":{"@type":"PropertyValueSpecification","valueRequired":true,"valueName":"search_term_string"}}],"inLanguage":"es"},{"@type":"Organization","@id":"https:\/\/www.logronopasion.com\/portal\/#organization","name":"Logro\u00f1o Pasi\u00f3n","url":"https:\/\/www.logronopasion.com\/portal\/","logo":{"@type":"ImageObject","inLanguage":"es","@id":"https:\/\/www.logronopasion.com\/portal\/#\/schema\/logo\/image\/","url":"https:\/\/i2.wp.com\/logronopasion.com\/portal\/wp-content\/uploads\/2019\/04\/cropped-Header-1.jpg?fit=312%2C212&ssl=1","contentUrl":"https:\/\/i2.wp.com\/logronopasion.com\/portal\/wp-content\/uploads\/2019\/04\/cropped-Header-1.jpg?fit=312%2C212&ssl=1","width":312,"height":212,"caption":"Logro\u00f1o Pasi\u00f3n"},"image":{"@id":"https:\/\/www.logronopasion.com\/portal\/#\/schema\/logo\/image\/"},"sameAs":["https:\/\/www.facebook.com\/logronopasion","https:\/\/x.com\/LogronoPasion"]},{"@type":"Person","@id":"https:\/\/www.logronopasion.com\/portal\/#\/schema\/person\/2f883c3fdb92c04e9616af63b5dcfcf2","name":"ROU","image":{"@type":"ImageObject","inLanguage":"es","@id":"https:\/\/www.logronopasion.com\/portal\/wp-content\/uploads\/2021\/11\/16107_209547569181270_194186917_n-1-150x150.jpg","url":"https:\/\/www.logronopasion.com\/portal\/wp-content\/uploads\/2021\/11\/16107_209547569181270_194186917_n-1-150x150.jpg","contentUrl":"https:\/\/www.logronopasion.com\/portal\/wp-content\/uploads\/2021\/11\/16107_209547569181270_194186917_n-1-150x150.jpg","caption":"ROU"},"url":"https:\/\/www.logronopasion.com\/portal\/author\/rou\/"}]}},"_links":{"self":[{"href":"https:\/\/www.logronopasion.com\/portal\/wp-json\/wp\/v2\/posts\/20748","targetHints":{"allow":["GET"]}}],"collection":[{"href":"https:\/\/www.logronopasion.com\/portal\/wp-json\/wp\/v2\/posts"}],"about":[{"href":"https:\/\/www.logronopasion.com\/portal\/wp-json\/wp\/v2\/types\/post"}],"author":[{"embeddable":true,"href":"https:\/\/www.logronopasion.com\/portal\/wp-json\/wp\/v2\/users\/2"}],"replies":[{"embeddable":true,"href":"https:\/\/www.logronopasion.com\/portal\/wp-json\/wp\/v2\/comments?post=20748"}],"version-history":[{"count":6,"href":"https:\/\/www.logronopasion.com\/portal\/wp-json\/wp\/v2\/posts\/20748\/revisions"}],"predecessor-version":[{"id":20772,"href":"https:\/\/www.logronopasion.com\/portal\/wp-json\/wp\/v2\/posts\/20748\/revisions\/20772"}],"wp:featuredmedia":[{"embeddable":true,"href":"https:\/\/www.logronopasion.com\/portal\/wp-json\/wp\/v2\/media\/20767"}],"wp:attachment":[{"href":"https:\/\/www.logronopasion.com\/portal\/wp-json\/wp\/v2\/media?parent=20748"}],"wp:term":[{"taxonomy":"category","embeddable":true,"href":"https:\/\/www.logronopasion.com\/portal\/wp-json\/wp\/v2\/categories?post=20748"},{"taxonomy":"post_tag","embeddable":true,"href":"https:\/\/www.logronopasion.com\/portal\/wp-json\/wp\/v2\/tags?post=20748"}],"curies":[{"name":"wp","href":"https:\/\/api.w.org\/{rel}","templated":true}]}}