{"id":20860,"date":"2025-09-11T01:21:45","date_gmt":"2025-09-11T00:21:45","guid":{"rendered":"https:\/\/www.logronopasion.com\/portal\/?p=20860"},"modified":"2025-09-11T01:21:45","modified_gmt":"2025-09-11T00:21:45","slug":"nacer-de-nuevo-presentacion-del-nuevo-curso-diocesano-2025-2026","status":"publish","type":"post","link":"https:\/\/www.logronopasion.com\/portal\/nacer-de-nuevo-presentacion-del-nuevo-curso-diocesano-2025-2026\/","title":{"rendered":"\u00abNacer de nuevo\u00bb. Presentaci\u00f3n del nuevo curso diocesano 2025-2026"},"content":{"rendered":"<p><a href=\"https:\/\/www.logronopasion.com\/portal\/wp-content\/uploads\/2025\/09\/Valvanera111.jpg\"><img loading=\"lazy\" decoding=\"async\" class=\"alignnone size-full wp-image-20894\" src=\"https:\/\/www.logronopasion.com\/portal\/wp-content\/uploads\/2025\/09\/Valvanera111.jpg\" alt=\"\" width=\"1624\" height=\"902\" srcset=\"https:\/\/www.logronopasion.com\/portal\/wp-content\/uploads\/2025\/09\/Valvanera111.jpg 1624w, https:\/\/www.logronopasion.com\/portal\/wp-content\/uploads\/2025\/09\/Valvanera111-300x167.jpg 300w, https:\/\/www.logronopasion.com\/portal\/wp-content\/uploads\/2025\/09\/Valvanera111-1024x569.jpg 1024w, https:\/\/www.logronopasion.com\/portal\/wp-content\/uploads\/2025\/09\/Valvanera111-768x427.jpg 768w, https:\/\/www.logronopasion.com\/portal\/wp-content\/uploads\/2025\/09\/Valvanera111-1536x853.jpg 1536w\" sizes=\"auto, (max-width: 1624px) 100vw, 1624px\" \/><\/a><\/p>\n<ul>\n<li style=\"text-align: center;\"><strong>Himno de Valvanera \u00abPues brill\u00e1is en Valvanera\u00bb (cantada por los Monjes del I.V.E.)\u00a0<\/strong><\/li>\n<\/ul>\n<p><a href=\"https:\/\/www.logronopasion.com\/portal\/wp-content\/uploads\/2025\/09\/Himno-a-Ntra.-Sra.-La-Virgen-de-Valvanera-IVE.png\"><img loading=\"lazy\" decoding=\"async\" class=\"aligncenter wp-image-20867 size-full\" src=\"https:\/\/www.logronopasion.com\/portal\/wp-content\/uploads\/2025\/09\/Himno-a-Ntra.-Sra.-La-Virgen-de-Valvanera-IVE.png\" alt=\"\" width=\"745\" height=\"420\" srcset=\"https:\/\/www.logronopasion.com\/portal\/wp-content\/uploads\/2025\/09\/Himno-a-Ntra.-Sra.-La-Virgen-de-Valvanera-IVE.png 745w, https:\/\/www.logronopasion.com\/portal\/wp-content\/uploads\/2025\/09\/Himno-a-Ntra.-Sra.-La-Virgen-de-Valvanera-IVE-300x169.png 300w\" sizes=\"auto, (max-width: 745px) 100vw, 745px\" \/><\/a><\/p>\n<p><a href=\"https:\/\/www.facebook.com\/valvanera.ive\/videos\/1073041116830575\">https:\/\/www.facebook.com\/valvanera.ive\/videos\/1073041116830575<\/a><\/p>\n<p>&nbsp;<\/p>\n<p><a href=\"https:\/\/www.logronopasion.com\/portal\/wp-content\/uploads\/2017\/09\/partitura.jpg\"><img loading=\"lazy\" decoding=\"async\" class=\"aligncenter wp-image-863 size-full\" src=\"https:\/\/valvanera.org\/wp-content\/uploads\/2022\/09\/partitura.jpg\" alt=\"\" width=\"640\" height=\"426\" \/><\/a><\/p>\n<p><a href=\"https:\/\/www.logronopasion.com\/portal\/wp-content\/uploads\/2025\/09\/Valvanera2.jpg\"><img loading=\"lazy\" decoding=\"async\" class=\"aligncenter wp-image-20895 size-large\" src=\"https:\/\/www.logronopasion.com\/portal\/wp-content\/uploads\/2025\/09\/Valvanera2-768x1024.jpg\" alt=\"\" width=\"768\" height=\"1024\" \/><\/a><\/p>\n<p>&nbsp;<\/p>\n<div id=\"comp-ivtsban4_SinglePostMediaTop_MediaPost__0_0_titlerichTextContainer\" class=\"s_usaAWRichTextClickableSkin_richTextContainer s_usaAWRichTextClickableSkinrichTextContainer\" data-reactid=\".0.$SITE_ROOT.$desktop_siteRoot.$PAGES_CONTAINER.$centeredContent.$inlineContent.$SITE_PAGES.$ru045_DESKTOP.$inlineContent.$comp-ivtsban4.$inlineContent.0.$child.$0.$inlineContent.$1.$2.$0.$0.$richTextContainer\">\n<div id=\"comp-ivtsban4_SinglePostMediaTop_MediaPost__0_0_WholeSinglePost\" class=\"flex_display flex_vbox\" data-reactid=\".0.$SITE_ROOT.$desktop_siteRoot.$PAGES_CONTAINER.$centeredContent.$inlineContent.$SITE_PAGES.$ru045_DESKTOP.$inlineContent.$comp-ivtsban4.$inlineContent.0.$child.$0.$inlineContent.$1\">\n<div id=\"comp-ivtsban4_SinglePostMediaTop_MediaPost__0_0__type_MediaPost\" class=\" flex_vbox\" data-reactid=\".0.$SITE_ROOT.$desktop_siteRoot.$PAGES_CONTAINER.$centeredContent.$inlineContent.$SITE_PAGES.$ru045_DESKTOP.$inlineContent.$comp-ivtsban4.$inlineContent.0.$child.$0.$inlineContent.$1.$5\">\n<div id=\"59a401b21435a4478367e499comp-ivtsban4_SinglePostMediaTop_MediaPost__0_0_mediaText\" class=\"s_usaAWRichTextClickableSkin\" data-reactid=\".0.$SITE_ROOT.$desktop_siteRoot.$PAGES_CONTAINER.$centeredContent.$inlineContent.$SITE_PAGES.$ru045_DESKTOP.$inlineContent.$comp-ivtsban4.$inlineContent.0.$child.$0.$inlineContent.$1.$5.$0\" data-width=\"630\" data-proxy-name=\"MediaLabel\">\n<div id=\"59a401b21435a4478367e499comp-ivtsban4_SinglePostMediaTop_MediaPost__0_0_mediaTextrichTextContainer\" class=\"s_usaAWRichTextClickableSkin_richTextContainer s_usaAWRichTextClickableSkinrichTextContainer\" data-reactid=\".0.$SITE_ROOT.$desktop_siteRoot.$PAGES_CONTAINER.$centeredContent.$inlineContent.$SITE_PAGES.$ru045_DESKTOP.$inlineContent.$comp-ivtsban4.$inlineContent.0.$child.$0.$inlineContent.$1.$5.$0.$richTextContainer\">\n<div id=\"innercomp_txtMediahhp\" class=\"s_heNoSkinPhoto\" title=\"\" data-reactid=\".0.$SITE_ROOT.$desktop_siteRoot.$PAGES_CONTAINER.$centeredContent.$inlineContent.$SITE_PAGES.$ru045_DESKTOP.$inlineContent.$comp-ivtsban4.$inlineContent.0.$child.$0.$inlineContent.$1.$5.$0.$richTextContainer.0:0\" data-content-padding-vertical=\"0\" data-content-padding-horizontal=\"0\" data-exact-height=\"235.80340264650283\">\n<div id=\"innercomp_txtMediahhplink\" class=\"s_heNoSkinPhotolink\" data-reactid=\".0.$SITE_ROOT.$desktop_siteRoot.$PAGES_CONTAINER.$centeredContent.$inlineContent.$SITE_PAGES.$ru045_DESKTOP.$inlineContent.$comp-ivtsban4.$inlineContent.0.$child.$0.$inlineContent.$1.$5.$0.$richTextContainer.0:0.$link\">\n<div id=\"innercomp_txtMediahhpimg\" class=\"s_heNoSkinPhotoimg\" data-reactid=\".0.$SITE_ROOT.$desktop_siteRoot.$PAGES_CONTAINER.$centeredContent.$inlineContent.$SITE_PAGES.$ru045_DESKTOP.$inlineContent.$comp-ivtsban4.$inlineContent.0.$child.$0.$inlineContent.$1.$5.$0.$richTextContainer.0:0.$link.0\" data-style=\"\"><img loading=\"lazy\" decoding=\"async\" id=\"innercomp_txtMediahhpimgimage\" class=\"jetpack-lazy-image jetpack-lazy-image--handled aligncenter\" src=\"https:\/\/i0.wp.com\/static.wixstatic.com\/media\/83cf3d_7c59cc305c9a4928ac22f3b46db2c1f5~mv2.jpg\/v1\/fill\/w_449,h_224,al_c,q_80,usm_0.66_1.00_0.01\/83cf3d_7c59cc305c9a4928ac22f3b46db2c1f5~mv2.jpg?w=640&amp;ssl=1\" alt=\"\" width=\"449\" height=\"224\" data-type=\"image\" data-reactid=\".0.$SITE_ROOT.$desktop_siteRoot.$PAGES_CONTAINER.$centeredContent.$inlineContent.$SITE_PAGES.$ru045_DESKTOP.$inlineContent.$comp-ivtsban4.$inlineContent.0.$child.$0.$inlineContent.$1.$5.$0.$richTextContainer.0:0.$link.0.$image\" data-lazy-loaded=\"1\" \/><\/div>\n<\/div>\n<\/div>\n<\/div>\n<\/div>\n<\/div>\n<\/div>\n<\/div>\n<p>&nbsp;<\/p>\n<p class=\"font_9 color_15\">Un a\u00f1o m\u00e1s, la Virgen de Valvanera vuelve a abrirnos las puertas de su Monasterio y brinda a nuestra Di\u00f3cesis la oportunidad de iniciar, con un cordial saludo ante todo, el deseo de que el Se\u00f1or nos infunda nuevo ardor misionero al inicio del nuevo curso pastoral.<\/p>\n<p class=\"font_9 color_15\">Como todos los a\u00f1os, celebraremos la solemnidad de nuestra Patrona, la Virgen de Valvanera el <strong>pr\u00f3ximo s\u00e1bado d\u00eda 13 de septiembre desde las 11.00 horas.<\/strong><\/p>\n<p class=\"font_9 color_15\">Durante la Eucarist\u00eda y como viene siendo habitual, se har\u00e1 la presentaci\u00f3n oficial del<strong> Plan Diocesano de Pastoral <em>\u00bb Nacer de nuevo\u00bb<\/em><\/strong> para \u00e9ste <strong>pr\u00f3ximo curso 2025-2026<\/strong> e invocaremos a la Madre de todos los riojanos para que nos aliente en esta nueva etapa que vamos a emprender.<\/p>\n<p class=\"font_9 color_15\">Esta fiesta de nuestra querida Patrona Ntra. Sra. la Virgen de Valvanera, la venimos celebrando en el s\u00e1bado y domingo posterior m\u00e1s pr\u00f3ximo, a la festividad de la Natividad de Mar\u00eda. Esta fiesta lit\u00fargica para toda la Di\u00f3cesis Riojana, la desarrollamos en el Monasterio de Valvanera, presidiendo los actos nuestro Sr. Obispo Diocesano, Curia, Sacerdotes y feligres\u00eda en general en peregrinaci\u00f3n, autoridades regionales y resto de invitados.<\/p>\n<p><a href=\"https:\/\/www.logronopasion.com\/portal\/wp-content\/uploads\/2025\/09\/Lema-Plan-Diocesado-de-Pastoral-Diocesis-de-Calahorra-y-La-Calzada-Logrono.jpg\"><img loading=\"lazy\" decoding=\"async\" class=\"aligncenter wp-image-20896 size-large\" src=\"https:\/\/www.logronopasion.com\/portal\/wp-content\/uploads\/2025\/09\/Lema-Plan-Diocesado-de-Pastoral-Diocesis-de-Calahorra-y-La-Calzada-Logrono-697x1024.jpg\" alt=\"\" width=\"697\" height=\"1024\" srcset=\"https:\/\/www.logronopasion.com\/portal\/wp-content\/uploads\/2025\/09\/Lema-Plan-Diocesado-de-Pastoral-Diocesis-de-Calahorra-y-La-Calzada-Logrono-697x1024.jpg 697w, https:\/\/www.logronopasion.com\/portal\/wp-content\/uploads\/2025\/09\/Lema-Plan-Diocesado-de-Pastoral-Diocesis-de-Calahorra-y-La-Calzada-Logrono-204x300.jpg 204w, https:\/\/www.logronopasion.com\/portal\/wp-content\/uploads\/2025\/09\/Lema-Plan-Diocesado-de-Pastoral-Diocesis-de-Calahorra-y-La-Calzada-Logrono-768x1129.jpg 768w, https:\/\/www.logronopasion.com\/portal\/wp-content\/uploads\/2025\/09\/Lema-Plan-Diocesado-de-Pastoral-Diocesis-de-Calahorra-y-La-Calzada-Logrono.jpg 939w\" sizes=\"auto, (max-width: 697px) 100vw, 697px\" \/><\/a><\/p>\n<p>&nbsp;<\/p>\n<p><a href=\"https:\/\/www.logronopasion.com\/portal\/wp-content\/uploads\/2025\/09\/Peregrinacion-Diocesana-2025.jpg\"><img loading=\"lazy\" decoding=\"async\" class=\"aligncenter wp-image-20868\" src=\"https:\/\/www.logronopasion.com\/portal\/wp-content\/uploads\/2025\/09\/Peregrinacion-Diocesana-2025.jpg\" alt=\"\" width=\"697\" height=\"697\" srcset=\"https:\/\/www.logronopasion.com\/portal\/wp-content\/uploads\/2025\/09\/Peregrinacion-Diocesana-2025.jpg 526w, https:\/\/www.logronopasion.com\/portal\/wp-content\/uploads\/2025\/09\/Peregrinacion-Diocesana-2025-300x300.jpg 300w, https:\/\/www.logronopasion.com\/portal\/wp-content\/uploads\/2025\/09\/Peregrinacion-Diocesana-2025-150x150.jpg 150w\" sizes=\"auto, (max-width: 697px) 100vw, 697px\" \/><\/a><\/p>\n<p>&nbsp;<\/p>\n<p class=\"font_9 color_15\"><strong>Los actos para este a\u00f1o quedan de la siguiente manera:<\/strong><\/p>\n<ul>\n<li>\u00a0 \u00a011,00: Acogida y recibimiento, Oraci\u00f3n mariana, \u00c1ngelus y Celebraci\u00f3n Penitencial.<\/li>\n<li>\u00a0\u00a0 12,30:\u00a0Presentaci\u00f3n del Plan Pastoral Diocesano 2025-2026. Santa Misa presidida por nuestro Obispo y procesi\u00f3n.<\/li>\n<li>\u00a0\u00a0 14,30: Comida popular y sobremesa.<\/li>\n<\/ul>\n<p class=\"font_9 color_15\"><strong>Ya por la tarde y tras pasar unos ratos de asueto y descanso:<\/strong><\/p>\n<ul>\n<li class=\"font_9 color_15\">Salve, Rezo del Santo Rosario, y Despedida, para poner punto final a la peregrinaci\u00f3n diocesana de este a\u00f1o.<\/li>\n<\/ul>\n<p>&nbsp;<\/p>\n<blockquote>\n<h3><strong>Carta Pastoral de nuestro Obispo Diocesano <\/strong><\/h3>\n<h3><strong>D. Santos Montoya Torres<\/strong><\/h3>\n<p><a href=\"https:\/\/logronopasion.com\/portal\/wp-content\/uploads\/2022\/09\/Escudo-de-Santos-MontoyaTorres.jpg\"><img loading=\"lazy\" decoding=\"async\" class=\"aligncenter wp-image-20314 size-large\" src=\"https:\/\/logronopasion.com\/portal\/wp-content\/uploads\/2022\/09\/Escudo-de-Santos-MontoyaTorres-1024x543.jpg\" alt=\"\" width=\"790\" height=\"419\" srcset=\"https:\/\/www.logronopasion.com\/portal\/wp-content\/uploads\/2022\/09\/Escudo-de-Santos-MontoyaTorres-1024x543.jpg 1024w, https:\/\/www.logronopasion.com\/portal\/wp-content\/uploads\/2022\/09\/Escudo-de-Santos-MontoyaTorres-300x159.jpg 300w, https:\/\/www.logronopasion.com\/portal\/wp-content\/uploads\/2022\/09\/Escudo-de-Santos-MontoyaTorres-768x407.jpg 768w, https:\/\/www.logronopasion.com\/portal\/wp-content\/uploads\/2022\/09\/Escudo-de-Santos-MontoyaTorres-1536x814.jpg 1536w, https:\/\/www.logronopasion.com\/portal\/wp-content\/uploads\/2022\/09\/Escudo-de-Santos-MontoyaTorres-2048x1086.jpg 2048w\" sizes=\"auto, (max-width: 790px) 100vw, 790px\" \/><\/a><\/p>\n<p><em><strong>Queridos diocesanos:<\/strong><\/em><\/p>\n<p>La providencia de Dios nos vuelve a permitir encontrarnos en el Monasterio de Valvanera en lo que viene siendo nuestro tradicional encuentro de principio de curso con la intenci\u00f3n de presentar el plan pastoral que hemos elaborado en la Di\u00f3cesis y que confiamos desarrollar a lo largo del a\u00f1o.<\/p>\n<p>Como en ediciones anteriores, nos hemos fijado, por una parte, en la reflexi\u00f3n que ha hecho la Iglesia universal durante estos a\u00f1os atr\u00e1s sobre la sinodalidad, que culmin\u00f3 en octubre del a\u00f1o pasado con un documento final tras la \u00faltima convocatoria del S\u00ednodo de los Obispos. En el \u00faltimo n\u00famero de Pueblo de Dios de julio recomend\u00e1bamos su lectura para este verano y as\u00ed familiarizarnos con su contenido que trabajaremos, Dm, a lo largo del curso. Se trata de analizar las sugerencias que all\u00ed se indican para ver de qu\u00e9 modo pueden ser integradas en las di\u00f3cesis, seg\u00fan las caracter\u00edsticas de cada lugar. La finalizaci\u00f3n de las sesiones del S\u00ednodo no habr\u00eda que entenderlas como un cierre sino como la elaboraci\u00f3n de unas l\u00edneas de trabajo futuro que pudieran ser de utilidad pastoral a las di\u00f3cesis.<\/p>\n<p>Otra de las l\u00edneas que hemos incorporado en nuestro plan ha sido la responsabilidad del cristiano a la hora de hacerse presente en la vida p\u00fablica, con la creatividad y valent\u00eda que surgen de la fe, y que deber\u00eda ser connatural a todo bautizado. Como recordar\u00e1n, esta clave formaba parte del elenco de l\u00edneas de actuaci\u00f3n del Congreso de laicos del 2020, que quer\u00edamos continuar en nuestra Di\u00f3cesis y que este a\u00f1o subraya la Conferencia Episcopal Espa\u00f1ola para todo el territorio nacional.<\/p>\n<p>En sinton\u00eda con la reflexi\u00f3n de otro congreso nacional m\u00e1s reciente, el dedicado a la pastoral vocacional, el pasado mes de febrero en Madrid, surge otro de los puntos en el que queremos incidir en nuestra Iglesia particular para el pr\u00f3ximo curso, el descubrimiento de la propia vocaci\u00f3n, que supone todo un don y una dedicaci\u00f3n que orienta nuestra vida.<\/p>\n<p>Y como la necesidad de formaci\u00f3n en la Di\u00f3cesis nos ha de seguir preocupando queremos dedicar a esta cuesti\u00f3n otro de los objetivos del plan pastoral, con la oferta de diferentes cursos y posibilidades formativas que salgan al paso de algunas de las necesidades que podamos encontrar. Como novedad, proponemos un programa de acompa\u00f1amiento que puede ser clave en el proceso de crecimiento de los j\u00f3venes sobre esta cuesti\u00f3n que es fundamental para entender mejor los lenguajes de Dios.<\/p>\n<p>Seguimos nuestra andadura del A\u00f1o Jubilar cuya finalizaci\u00f3n est\u00e1 prevista para el mes de diciembre, y que realizaremos, Dm., en las tres sedes catedralicias de Calahorra, Sto. Domingo de la Calzada y Logro\u00f1o.<\/p>\n<p>Si el significado del Jubileo es el fin de una etapa y el comienzo de otra, renovada nuestra relaci\u00f3n con Dios, con los dem\u00e1s, con la creaci\u00f3n y con nosotros mismos, la expresi\u00f3n de Jes\u00fas <strong>\u201cnacer de nuevo\u201d<\/strong> (Jn 3:7) nuestro lema para este curso es todo un programa de vida renovada que viene de lo alto. La imagen de esta transformaci\u00f3n es la pila bautismal, el comienzo de una nueva existencia en Dios. Hemos elegido la de la catedral de Calahorra, lugar de la entrega definitiva de los santos m\u00e1rtires Emeterio y Celedonio que hemos celebrado recientemente.<\/p>\n<p>Toda esta propuesta diocesana junto con alguna reflexi\u00f3n adicional, la he querido desarrollar en una carta pastoral titulada como nuestro lema para este a\u00f1o, Nacer de nuevo, que difundiremos en la Di\u00f3cesis con el deseo de que contribuya a una mayor implicaci\u00f3n y toma de conciencia de nuestro testimonio cristiano, cada uno desde su realidad particular.<\/p>\n<p>Quedamos citados, entonces, con la Virgen en su casa, en Valvanera, el 13 de septiembre donde todos estamos invitados.<\/p>\n<p><em><strong>Con todo afecto y la bendici\u00f3n de Dios.<\/strong><\/em><\/p>\n<p><strong>+Santos Montoya Torres<\/strong><\/p>\n<p><strong>Obispo de Calahorra y la Calzada-Logro\u00f1o.<\/strong><\/p><\/blockquote>\n","protected":false},"excerpt":{"rendered":"<p>Himno de Valvanera \u00abPues brill\u00e1is en Valvanera\u00bb (cantada por los Monjes del I.V.E.)\u00a0 https:\/\/www.facebook.com\/valvanera.ive\/videos\/1073041116830575 &nbsp; &nbsp; &nbsp; Un a\u00f1o m\u00e1s, la Virgen de Valvanera vuelve a abrirnos las puertas de su Monasterio y brinda a nuestra Di\u00f3cesis la oportunidad de iniciar, con un cordial saludo ante todo, el deseo de que el Se\u00f1or nos infunda nuevo ardor misionero al inicio del nuevo curso pastoral. Como todos los a\u00f1os, celebraremos la solemnidad de nuestra Patrona, la Virgen de Valvanera el pr\u00f3ximo s\u00e1bado d\u00eda 13 de septiembre desde las 11.00 horas. Durante la Eucarist\u00eda y como viene siendo habitual, se har\u00e1 la&hellip; <\/p>\n","protected":false},"author":2,"featured_media":20895,"comment_status":"open","ping_status":"open","sticky":false,"template":"","format":"standard","meta":{"_bbp_topic_count":0,"_bbp_reply_count":0,"_bbp_total_topic_count":0,"_bbp_total_reply_count":0,"_bbp_voice_count":0,"_bbp_anonymous_reply_count":0,"_bbp_topic_count_hidden":0,"_bbp_reply_count_hidden":0,"_bbp_forum_subforum_count":0,"_crdt_document":"","footnotes":""},"categories":[1],"tags":[],"class_list":["post-20860","post","type-post","status-publish","format-standard","has-post-thumbnail","hentry","category-noticias"],"yoast_head":"<!-- This site is optimized with the Yoast SEO plugin v27.4 - https:\/\/yoast.com\/product\/yoast-seo-wordpress\/ -->\n<title>\u00abNacer de nuevo\u00bb. Presentaci\u00f3n del nuevo curso diocesano 2025-2026 - Logro\u00f1o Pasi\u00f3n<\/title>\n<meta name=\"robots\" content=\"index, follow, max-snippet:-1, max-image-preview:large, max-video-preview:-1\" \/>\n<link rel=\"canonical\" href=\"https:\/\/www.logronopasion.com\/portal\/nacer-de-nuevo-presentacion-del-nuevo-curso-diocesano-2025-2026\/\" \/>\n<meta property=\"og:locale\" content=\"es_ES\" \/>\n<meta property=\"og:type\" content=\"article\" \/>\n<meta property=\"og:title\" content=\"\u00abNacer de nuevo\u00bb. Presentaci\u00f3n del nuevo curso diocesano 2025-2026 - Logro\u00f1o Pasi\u00f3n\" \/>\n<meta property=\"og:description\" content=\"Himno de Valvanera \u00abPues brill\u00e1is en Valvanera\u00bb (cantada por los Monjes del I.V.E.)\u00a0 https:\/\/www.facebook.com\/valvanera.ive\/videos\/1073041116830575 &nbsp; &nbsp; &nbsp; Un a\u00f1o m\u00e1s, la Virgen de Valvanera vuelve a abrirnos las puertas de su Monasterio y brinda a nuestra Di\u00f3cesis la oportunidad de iniciar, con un cordial saludo ante todo, el deseo de que el Se\u00f1or nos infunda nuevo ardor misionero al inicio del nuevo curso pastoral. Como todos los a\u00f1os, celebraremos la solemnidad de nuestra Patrona, la Virgen de Valvanera el pr\u00f3ximo s\u00e1bado d\u00eda 13 de septiembre desde las 11.00 horas. Durante la Eucarist\u00eda y como viene siendo habitual, se har\u00e1 la&hellip;\" \/>\n<meta property=\"og:url\" content=\"https:\/\/www.logronopasion.com\/portal\/nacer-de-nuevo-presentacion-del-nuevo-curso-diocesano-2025-2026\/\" \/>\n<meta property=\"og:site_name\" content=\"Logro\u00f1o Pasi\u00f3n\" \/>\n<meta property=\"article:publisher\" content=\"https:\/\/www.facebook.com\/logronopasion\" \/>\n<meta property=\"article:published_time\" content=\"2025-09-11T00:21:45+00:00\" \/>\n<meta property=\"og:image\" content=\"https:\/\/www.logronopasion.com\/portal\/wp-content\/uploads\/2025\/09\/Valvanera2-e1757549890738.jpg\" \/>\n\t<meta property=\"og:image:width\" content=\"263\" \/>\n\t<meta property=\"og:image:height\" content=\"350\" \/>\n\t<meta property=\"og:image:type\" content=\"image\/jpeg\" \/>\n<meta name=\"author\" content=\"ROU\" \/>\n<meta name=\"twitter:card\" content=\"summary_large_image\" \/>\n<meta name=\"twitter:creator\" content=\"@LogronoPasion\" \/>\n<meta name=\"twitter:site\" content=\"@LogronoPasion\" \/>\n<meta name=\"twitter:label1\" content=\"Escrito por\" \/>\n\t<meta name=\"twitter:data1\" content=\"ROU\" \/>\n\t<meta name=\"twitter:label2\" content=\"Tiempo de lectura\" \/>\n\t<meta name=\"twitter:data2\" content=\"3 minutos\" \/>\n<script type=\"application\/ld+json\" class=\"yoast-schema-graph\">{\"@context\":\"https:\\\/\\\/schema.org\",\"@graph\":[{\"@type\":\"Article\",\"@id\":\"https:\\\/\\\/www.logronopasion.com\\\/portal\\\/nacer-de-nuevo-presentacion-del-nuevo-curso-diocesano-2025-2026\\\/#article\",\"isPartOf\":{\"@id\":\"https:\\\/\\\/www.logronopasion.com\\\/portal\\\/nacer-de-nuevo-presentacion-del-nuevo-curso-diocesano-2025-2026\\\/\"},\"author\":{\"name\":\"ROU\",\"@id\":\"https:\\\/\\\/www.logronopasion.com\\\/portal\\\/#\\\/schema\\\/person\\\/2f883c3fdb92c04e9616af63b5dcfcf2\"},\"headline\":\"\u00abNacer de nuevo\u00bb. Presentaci\u00f3n del nuevo curso diocesano 2025-2026\",\"datePublished\":\"2025-09-11T00:21:45+00:00\",\"mainEntityOfPage\":{\"@id\":\"https:\\\/\\\/www.logronopasion.com\\\/portal\\\/nacer-de-nuevo-presentacion-del-nuevo-curso-diocesano-2025-2026\\\/\"},\"wordCount\":1013,\"commentCount\":0,\"publisher\":{\"@id\":\"https:\\\/\\\/www.logronopasion.com\\\/portal\\\/#organization\"},\"image\":{\"@id\":\"https:\\\/\\\/www.logronopasion.com\\\/portal\\\/nacer-de-nuevo-presentacion-del-nuevo-curso-diocesano-2025-2026\\\/#primaryimage\"},\"thumbnailUrl\":\"https:\\\/\\\/www.logronopasion.com\\\/portal\\\/wp-content\\\/uploads\\\/2025\\\/09\\\/Valvanera2-e1757549890738.jpg\",\"articleSection\":[\"Noticias \\\/ Actualidad\"],\"inLanguage\":\"es\",\"potentialAction\":[{\"@type\":\"CommentAction\",\"name\":\"Comment\",\"target\":[\"https:\\\/\\\/www.logronopasion.com\\\/portal\\\/nacer-de-nuevo-presentacion-del-nuevo-curso-diocesano-2025-2026\\\/#respond\"]}]},{\"@type\":\"WebPage\",\"@id\":\"https:\\\/\\\/www.logronopasion.com\\\/portal\\\/nacer-de-nuevo-presentacion-del-nuevo-curso-diocesano-2025-2026\\\/\",\"url\":\"https:\\\/\\\/www.logronopasion.com\\\/portal\\\/nacer-de-nuevo-presentacion-del-nuevo-curso-diocesano-2025-2026\\\/\",\"name\":\"\u00abNacer de nuevo\u00bb. Presentaci\u00f3n del nuevo curso diocesano 2025-2026 - Logro\u00f1o Pasi\u00f3n\",\"isPartOf\":{\"@id\":\"https:\\\/\\\/www.logronopasion.com\\\/portal\\\/#website\"},\"primaryImageOfPage\":{\"@id\":\"https:\\\/\\\/www.logronopasion.com\\\/portal\\\/nacer-de-nuevo-presentacion-del-nuevo-curso-diocesano-2025-2026\\\/#primaryimage\"},\"image\":{\"@id\":\"https:\\\/\\\/www.logronopasion.com\\\/portal\\\/nacer-de-nuevo-presentacion-del-nuevo-curso-diocesano-2025-2026\\\/#primaryimage\"},\"thumbnailUrl\":\"https:\\\/\\\/www.logronopasion.com\\\/portal\\\/wp-content\\\/uploads\\\/2025\\\/09\\\/Valvanera2-e1757549890738.jpg\",\"datePublished\":\"2025-09-11T00:21:45+00:00\",\"inLanguage\":\"es\",\"potentialAction\":[{\"@type\":\"ReadAction\",\"target\":[\"https:\\\/\\\/www.logronopasion.com\\\/portal\\\/nacer-de-nuevo-presentacion-del-nuevo-curso-diocesano-2025-2026\\\/\"]}]},{\"@type\":\"ImageObject\",\"inLanguage\":\"es\",\"@id\":\"https:\\\/\\\/www.logronopasion.com\\\/portal\\\/nacer-de-nuevo-presentacion-del-nuevo-curso-diocesano-2025-2026\\\/#primaryimage\",\"url\":\"https:\\\/\\\/www.logronopasion.com\\\/portal\\\/wp-content\\\/uploads\\\/2025\\\/09\\\/Valvanera2-e1757549890738.jpg\",\"contentUrl\":\"https:\\\/\\\/www.logronopasion.com\\\/portal\\\/wp-content\\\/uploads\\\/2025\\\/09\\\/Valvanera2-e1757549890738.jpg\",\"width\":263,\"height\":350},{\"@type\":\"WebSite\",\"@id\":\"https:\\\/\\\/www.logronopasion.com\\\/portal\\\/#website\",\"url\":\"https:\\\/\\\/www.logronopasion.com\\\/portal\\\/\",\"name\":\"Logro\u00f1o Pasi\u00f3n\",\"description\":\"Portal sobre la Semana Santa de Logro\u00f1o\",\"publisher\":{\"@id\":\"https:\\\/\\\/www.logronopasion.com\\\/portal\\\/#organization\"},\"potentialAction\":[{\"@type\":\"SearchAction\",\"target\":{\"@type\":\"EntryPoint\",\"urlTemplate\":\"https:\\\/\\\/www.logronopasion.com\\\/portal\\\/?s={search_term_string}\"},\"query-input\":{\"@type\":\"PropertyValueSpecification\",\"valueRequired\":true,\"valueName\":\"search_term_string\"}}],\"inLanguage\":\"es\"},{\"@type\":\"Organization\",\"@id\":\"https:\\\/\\\/www.logronopasion.com\\\/portal\\\/#organization\",\"name\":\"Logro\u00f1o Pasi\u00f3n\",\"url\":\"https:\\\/\\\/www.logronopasion.com\\\/portal\\\/\",\"logo\":{\"@type\":\"ImageObject\",\"inLanguage\":\"es\",\"@id\":\"https:\\\/\\\/www.logronopasion.com\\\/portal\\\/#\\\/schema\\\/logo\\\/image\\\/\",\"url\":\"https:\\\/\\\/i2.wp.com\\\/logronopasion.com\\\/portal\\\/wp-content\\\/uploads\\\/2019\\\/04\\\/cropped-Header-1.jpg?fit=312%2C212&ssl=1\",\"contentUrl\":\"https:\\\/\\\/i2.wp.com\\\/logronopasion.com\\\/portal\\\/wp-content\\\/uploads\\\/2019\\\/04\\\/cropped-Header-1.jpg?fit=312%2C212&ssl=1\",\"width\":312,\"height\":212,\"caption\":\"Logro\u00f1o Pasi\u00f3n\"},\"image\":{\"@id\":\"https:\\\/\\\/www.logronopasion.com\\\/portal\\\/#\\\/schema\\\/logo\\\/image\\\/\"},\"sameAs\":[\"https:\\\/\\\/www.facebook.com\\\/logronopasion\",\"https:\\\/\\\/x.com\\\/LogronoPasion\"]},{\"@type\":\"Person\",\"@id\":\"https:\\\/\\\/www.logronopasion.com\\\/portal\\\/#\\\/schema\\\/person\\\/2f883c3fdb92c04e9616af63b5dcfcf2\",\"name\":\"ROU\",\"image\":{\"@type\":\"ImageObject\",\"inLanguage\":\"es\",\"@id\":\"https:\\\/\\\/www.logronopasion.com\\\/portal\\\/wp-content\\\/uploads\\\/2021\\\/11\\\/16107_209547569181270_194186917_n-1-150x150.jpg\",\"url\":\"https:\\\/\\\/www.logronopasion.com\\\/portal\\\/wp-content\\\/uploads\\\/2021\\\/11\\\/16107_209547569181270_194186917_n-1-150x150.jpg\",\"contentUrl\":\"https:\\\/\\\/www.logronopasion.com\\\/portal\\\/wp-content\\\/uploads\\\/2021\\\/11\\\/16107_209547569181270_194186917_n-1-150x150.jpg\",\"caption\":\"ROU\"},\"url\":\"https:\\\/\\\/www.logronopasion.com\\\/portal\\\/author\\\/rou\\\/\"}]}<\/script>\n<!-- \/ Yoast SEO plugin. -->","yoast_head_json":{"title":"\u00abNacer de nuevo\u00bb. Presentaci\u00f3n del nuevo curso diocesano 2025-2026 - Logro\u00f1o Pasi\u00f3n","robots":{"index":"index","follow":"follow","max-snippet":"max-snippet:-1","max-image-preview":"max-image-preview:large","max-video-preview":"max-video-preview:-1"},"canonical":"https:\/\/www.logronopasion.com\/portal\/nacer-de-nuevo-presentacion-del-nuevo-curso-diocesano-2025-2026\/","og_locale":"es_ES","og_type":"article","og_title":"\u00abNacer de nuevo\u00bb. Presentaci\u00f3n del nuevo curso diocesano 2025-2026 - Logro\u00f1o Pasi\u00f3n","og_description":"Himno de Valvanera \u00abPues brill\u00e1is en Valvanera\u00bb (cantada por los Monjes del I.V.E.)\u00a0 https:\/\/www.facebook.com\/valvanera.ive\/videos\/1073041116830575 &nbsp; &nbsp; &nbsp; Un a\u00f1o m\u00e1s, la Virgen de Valvanera vuelve a abrirnos las puertas de su Monasterio y brinda a nuestra Di\u00f3cesis la oportunidad de iniciar, con un cordial saludo ante todo, el deseo de que el Se\u00f1or nos infunda nuevo ardor misionero al inicio del nuevo curso pastoral. Como todos los a\u00f1os, celebraremos la solemnidad de nuestra Patrona, la Virgen de Valvanera el pr\u00f3ximo s\u00e1bado d\u00eda 13 de septiembre desde las 11.00 horas. Durante la Eucarist\u00eda y como viene siendo habitual, se har\u00e1 la&hellip;","og_url":"https:\/\/www.logronopasion.com\/portal\/nacer-de-nuevo-presentacion-del-nuevo-curso-diocesano-2025-2026\/","og_site_name":"Logro\u00f1o Pasi\u00f3n","article_publisher":"https:\/\/www.facebook.com\/logronopasion","article_published_time":"2025-09-11T00:21:45+00:00","og_image":[{"width":263,"height":350,"url":"https:\/\/www.logronopasion.com\/portal\/wp-content\/uploads\/2025\/09\/Valvanera2-e1757549890738.jpg","type":"image\/jpeg"}],"author":"ROU","twitter_card":"summary_large_image","twitter_creator":"@LogronoPasion","twitter_site":"@LogronoPasion","twitter_misc":{"Escrito por":"ROU","Tiempo de lectura":"3 minutos"},"schema":{"@context":"https:\/\/schema.org","@graph":[{"@type":"Article","@id":"https:\/\/www.logronopasion.com\/portal\/nacer-de-nuevo-presentacion-del-nuevo-curso-diocesano-2025-2026\/#article","isPartOf":{"@id":"https:\/\/www.logronopasion.com\/portal\/nacer-de-nuevo-presentacion-del-nuevo-curso-diocesano-2025-2026\/"},"author":{"name":"ROU","@id":"https:\/\/www.logronopasion.com\/portal\/#\/schema\/person\/2f883c3fdb92c04e9616af63b5dcfcf2"},"headline":"\u00abNacer de nuevo\u00bb. Presentaci\u00f3n del nuevo curso diocesano 2025-2026","datePublished":"2025-09-11T00:21:45+00:00","mainEntityOfPage":{"@id":"https:\/\/www.logronopasion.com\/portal\/nacer-de-nuevo-presentacion-del-nuevo-curso-diocesano-2025-2026\/"},"wordCount":1013,"commentCount":0,"publisher":{"@id":"https:\/\/www.logronopasion.com\/portal\/#organization"},"image":{"@id":"https:\/\/www.logronopasion.com\/portal\/nacer-de-nuevo-presentacion-del-nuevo-curso-diocesano-2025-2026\/#primaryimage"},"thumbnailUrl":"https:\/\/www.logronopasion.com\/portal\/wp-content\/uploads\/2025\/09\/Valvanera2-e1757549890738.jpg","articleSection":["Noticias \/ Actualidad"],"inLanguage":"es","potentialAction":[{"@type":"CommentAction","name":"Comment","target":["https:\/\/www.logronopasion.com\/portal\/nacer-de-nuevo-presentacion-del-nuevo-curso-diocesano-2025-2026\/#respond"]}]},{"@type":"WebPage","@id":"https:\/\/www.logronopasion.com\/portal\/nacer-de-nuevo-presentacion-del-nuevo-curso-diocesano-2025-2026\/","url":"https:\/\/www.logronopasion.com\/portal\/nacer-de-nuevo-presentacion-del-nuevo-curso-diocesano-2025-2026\/","name":"\u00abNacer de nuevo\u00bb. Presentaci\u00f3n del nuevo curso diocesano 2025-2026 - Logro\u00f1o Pasi\u00f3n","isPartOf":{"@id":"https:\/\/www.logronopasion.com\/portal\/#website"},"primaryImageOfPage":{"@id":"https:\/\/www.logronopasion.com\/portal\/nacer-de-nuevo-presentacion-del-nuevo-curso-diocesano-2025-2026\/#primaryimage"},"image":{"@id":"https:\/\/www.logronopasion.com\/portal\/nacer-de-nuevo-presentacion-del-nuevo-curso-diocesano-2025-2026\/#primaryimage"},"thumbnailUrl":"https:\/\/www.logronopasion.com\/portal\/wp-content\/uploads\/2025\/09\/Valvanera2-e1757549890738.jpg","datePublished":"2025-09-11T00:21:45+00:00","inLanguage":"es","potentialAction":[{"@type":"ReadAction","target":["https:\/\/www.logronopasion.com\/portal\/nacer-de-nuevo-presentacion-del-nuevo-curso-diocesano-2025-2026\/"]}]},{"@type":"ImageObject","inLanguage":"es","@id":"https:\/\/www.logronopasion.com\/portal\/nacer-de-nuevo-presentacion-del-nuevo-curso-diocesano-2025-2026\/#primaryimage","url":"https:\/\/www.logronopasion.com\/portal\/wp-content\/uploads\/2025\/09\/Valvanera2-e1757549890738.jpg","contentUrl":"https:\/\/www.logronopasion.com\/portal\/wp-content\/uploads\/2025\/09\/Valvanera2-e1757549890738.jpg","width":263,"height":350},{"@type":"WebSite","@id":"https:\/\/www.logronopasion.com\/portal\/#website","url":"https:\/\/www.logronopasion.com\/portal\/","name":"Logro\u00f1o Pasi\u00f3n","description":"Portal sobre la Semana Santa de Logro\u00f1o","publisher":{"@id":"https:\/\/www.logronopasion.com\/portal\/#organization"},"potentialAction":[{"@type":"SearchAction","target":{"@type":"EntryPoint","urlTemplate":"https:\/\/www.logronopasion.com\/portal\/?s={search_term_string}"},"query-input":{"@type":"PropertyValueSpecification","valueRequired":true,"valueName":"search_term_string"}}],"inLanguage":"es"},{"@type":"Organization","@id":"https:\/\/www.logronopasion.com\/portal\/#organization","name":"Logro\u00f1o Pasi\u00f3n","url":"https:\/\/www.logronopasion.com\/portal\/","logo":{"@type":"ImageObject","inLanguage":"es","@id":"https:\/\/www.logronopasion.com\/portal\/#\/schema\/logo\/image\/","url":"https:\/\/i2.wp.com\/logronopasion.com\/portal\/wp-content\/uploads\/2019\/04\/cropped-Header-1.jpg?fit=312%2C212&ssl=1","contentUrl":"https:\/\/i2.wp.com\/logronopasion.com\/portal\/wp-content\/uploads\/2019\/04\/cropped-Header-1.jpg?fit=312%2C212&ssl=1","width":312,"height":212,"caption":"Logro\u00f1o Pasi\u00f3n"},"image":{"@id":"https:\/\/www.logronopasion.com\/portal\/#\/schema\/logo\/image\/"},"sameAs":["https:\/\/www.facebook.com\/logronopasion","https:\/\/x.com\/LogronoPasion"]},{"@type":"Person","@id":"https:\/\/www.logronopasion.com\/portal\/#\/schema\/person\/2f883c3fdb92c04e9616af63b5dcfcf2","name":"ROU","image":{"@type":"ImageObject","inLanguage":"es","@id":"https:\/\/www.logronopasion.com\/portal\/wp-content\/uploads\/2021\/11\/16107_209547569181270_194186917_n-1-150x150.jpg","url":"https:\/\/www.logronopasion.com\/portal\/wp-content\/uploads\/2021\/11\/16107_209547569181270_194186917_n-1-150x150.jpg","contentUrl":"https:\/\/www.logronopasion.com\/portal\/wp-content\/uploads\/2021\/11\/16107_209547569181270_194186917_n-1-150x150.jpg","caption":"ROU"},"url":"https:\/\/www.logronopasion.com\/portal\/author\/rou\/"}]}},"_links":{"self":[{"href":"https:\/\/www.logronopasion.com\/portal\/wp-json\/wp\/v2\/posts\/20860","targetHints":{"allow":["GET"]}}],"collection":[{"href":"https:\/\/www.logronopasion.com\/portal\/wp-json\/wp\/v2\/posts"}],"about":[{"href":"https:\/\/www.logronopasion.com\/portal\/wp-json\/wp\/v2\/types\/post"}],"author":[{"embeddable":true,"href":"https:\/\/www.logronopasion.com\/portal\/wp-json\/wp\/v2\/users\/2"}],"replies":[{"embeddable":true,"href":"https:\/\/www.logronopasion.com\/portal\/wp-json\/wp\/v2\/comments?post=20860"}],"version-history":[{"count":8,"href":"https:\/\/www.logronopasion.com\/portal\/wp-json\/wp\/v2\/posts\/20860\/revisions"}],"predecessor-version":[{"id":20899,"href":"https:\/\/www.logronopasion.com\/portal\/wp-json\/wp\/v2\/posts\/20860\/revisions\/20899"}],"wp:featuredmedia":[{"embeddable":true,"href":"https:\/\/www.logronopasion.com\/portal\/wp-json\/wp\/v2\/media\/20895"}],"wp:attachment":[{"href":"https:\/\/www.logronopasion.com\/portal\/wp-json\/wp\/v2\/media?parent=20860"}],"wp:term":[{"taxonomy":"category","embeddable":true,"href":"https:\/\/www.logronopasion.com\/portal\/wp-json\/wp\/v2\/categories?post=20860"},{"taxonomy":"post_tag","embeddable":true,"href":"https:\/\/www.logronopasion.com\/portal\/wp-json\/wp\/v2\/tags?post=20860"}],"curies":[{"name":"wp","href":"https:\/\/api.w.org\/{rel}","templated":true}]}}