{"id":2243,"date":"2013-03-29T14:45:53","date_gmt":"2013-03-29T14:45:53","guid":{"rendered":"http:\/\/logronopasion.com\/portal\/?p=2243"},"modified":"2013-03-29T14:45:53","modified_gmt":"2013-03-29T14:45:53","slug":"viernes-santo-2013-procesion-del-santo-entierro","status":"publish","type":"post","link":"https:\/\/www.logronopasion.com\/portal\/viernes-santo-2013-procesion-del-santo-entierro\/","title":{"rendered":"Viernes Santo 2013 &#8211; Procesi\u00f3n del Santo Entierro"},"content":{"rendered":"<p style=\"text-align: justify;\"><img loading=\"lazy\" decoding=\"async\" class=\"aligncenter size-full wp-image-2256\" alt=\"SantoEntierro\" src=\"http:\/\/logronopasion.com\/portal\/wp-content\/uploads\/2013\/03\/SantoEntierro.jpg\" width=\"650\" height=\"241\" srcset=\"https:\/\/www.logronopasion.com\/portal\/wp-content\/uploads\/2013\/03\/SantoEntierro.jpg 650w, https:\/\/www.logronopasion.com\/portal\/wp-content\/uploads\/2013\/03\/SantoEntierro-300x111.jpg 300w\" sizes=\"auto, (max-width: 650px) 100vw, 650px\" \/><\/p>\n<p style=\"text-align: justify;\">Organizada por el Ilmo. Cabildo Catedralicio y la Hermandad de Cofrad\u00edas de la Pasi\u00f3n de la Ciudad de Logro\u00f1o junto a todas sus Cofrad\u00edas, est\u00e1 preparada como punto mas relevante de nuestra Semana Santa, la procesi\u00f3n del Santo Entierro.<\/p>\n<p style=\"text-align: justify;\">Salida procesional: 29\/03\/2013 a las \u00a019:30\u00a0 desde la Con-Catedral de Santa Mar\u00eda de la Redonda, Plaza del Mercado, Portales, Rodr\u00edguez Paterna, Hospital Provincial, Avenida de Viana, Marqu\u00e9s de San Nicol\u00e1s, Merced, Portales, hasta la Plaza del Mercado.<\/p>\n<p>Orden de participaci\u00f3n procesional:<\/p>\n<ol>\n<li>\u00a0 Cofrad\u00eda de la Entrada de Jes\u00fas en Jerusal\u00e9n con el paso \u201cOraci\u00f3n en el Huerto de los Olivos\u201d<\/li>\n<li>\u00a0 Cofrad\u00eda de la Flagelaci\u00f3n de Jes\u00fas con el paso \u201cFlagelaci\u00f3n de Nuestro Se\u00f1or\u201d<\/li>\n<li>\u00a0\u00a0Cofrad\u00eda de la Santa Cruz con el paso \u201cEl Encuentro de Jes\u00fas con las Mujeres\u201d<\/li>\n<li>\u00a0 Cofrad\u00eda de Mar\u00eda Magdalena con el paso \u201cMar\u00eda Magdalena\u201d<\/li>\n<li>\u00a0 Cofrad\u00eda de Jes\u00fas Nazareno y Nuestra Se\u00f1ora de los Dolores con el paso \u201cJes\u00fas Nazareno\u201d<\/li>\n<li>\u00a0 Cofrad\u00eda de las Siete Palabras y del Silencio con el paso \u201cCristo Yacente\u201d<\/li>\n<li>\u00a0\u00a0Cofrad\u00eda del Santo Cristo de las \u00c1nimas con el Paso \u201cSanto Cristo de las \u00c1nimas\u201d<\/li>\n<li>\u00a0 Cofrad\u00eda del Descendimiento de Cristo con el paso \u201cEl Descendimiento\u201d<\/li>\n<li>\u00a0\u00a0Cofrad\u00eda de Nuestra Se\u00f1ora de la Piedad con el paso \u201cLa Piedad\u201d<\/li>\n<li>\u00a0 Cofrad\u00eda del Santo Sepulcro con el paso \u201cSanto Sepulcro\u201d<\/li>\n<li>\u00a0 Cofrad\u00eda de Nuestra Se\u00f1ora la Virgen de la Soledad con el paso \u201cLa Dolorosa\u201d<\/li>\n<\/ol>\n<blockquote>\n<p style=\"text-align: justify;\">Las celebraciones de Semana Santa en Logro\u00f1o, al igual que en el resto de Espa\u00f1a, estuvieron siempre desarrolladas e impulsadas por los Padres Franciscanos que fueron los que extendieron \u00e9sta devoci\u00f3n a la Pasi\u00f3n de Cristo a partir del siglo XV. La devoci\u00f3n de \u00e9stos frailes por el Misterio de la Pasi\u00f3n del Se\u00f1or y el hecho de ser ellos los custodios de los Santos Lugares de Jerusal\u00e9n, tuvieron una notable influencia en el nacimiento de las cofrad\u00edas de la Vera Cruz en Espa\u00f1a. Precisamente, Logro\u00f1o fue el primer lugar en que el santo de As\u00eds realiz\u00f3 su primera fundaci\u00f3n en Castilla.<\/p>\n<p style=\"text-align: justify;\">En el \u00abArchivum Franciscanum\u00bb, libro 2, p\u00e1g. 17 vuelta puede leerse lo siguiente: \u00abEl convento de San Francisco de Logro\u00f1o fuera de los muros de la ciudad. La fundaci\u00f3n y orden de \u00e9ste convento y ser edificado por nuestros padres. San Francisco el a\u00f1o 1.214 pasando a Santiago de Galicia y algunas cosas memorables que tiene, todo est\u00e1 puesto en la cr\u00f3nica del Reverend\u00edsimo P. y Stmo. Se\u00f1or Gonzaga\u00bb. Estuvo situado en lo que hoy son las traseras del Hospital, a orillas del Ebro, en los terrenos que todav\u00eda hoy se contin\u00faan llamando de San Francisco.<\/p>\n<p style=\"text-align: justify;\">Y en \u00e9ste convento fue donde la cofrad\u00eda de la Vera Cruz de Logro\u00f1o tuvo su sede can\u00f3nica con una capilla dedicada exclusivamente a la cofrad\u00eda, la cual ten\u00eda una larga serie de privilegios e indulgencias concedidos por las Papas reinantes y a\u00fan se le a\u00f1adieron todos aqu\u00e9llos propios de la Orden Franciscana.<br \/>\nEl haber sido Logro\u00f1o el primer lugar en que San Francisco de As\u00eds fundara su primer convento de Castilla en el a\u00f1o 1.214 me hace suponer que la cofrad\u00eda de la Vera Cruz de Logro\u00f1o, posiblemente fuera una de las primeras que se fundaran en el reino de Castilla, pero esto no se puede fundamentar por no existir documentos que lo acrediten.<\/p>\n<p>Indirectamente se sabe que en el a\u00f1o 1.615 exist\u00eda \u00e9sta cofrad\u00eda, por un p\u00e1rrafo del testamento de don Pedro Mart\u00ednez de Cucho de fecha 12 de Diciembre de 1.615 que dice as\u00ed: \u00ab\u00edtem, mando que a mi entierro se hallen las cofrad\u00edas de la Vera Cruz, Soledad y Misericordia y ni\u00f1os de la doctrina cristiana y se paguen la limosna acostumbrada\u00bb (Protocolo de Andr\u00e9s de Junguitu, escribano real).<br \/>\nHay otro documento fechado el 20 de Setiembre de 1.689 \u00abpor varios recibos que presenta y firma don Pedro de Irazu como mayordomo de la f\u00e1brica de \u00e9sta Iglesia Colegial de la Redonda de Logro\u00f1o de la cera a la cofrad\u00eda de la Vera Cruz\u00bb.<\/p>\n<p style=\"text-align: justify;\">El a\u00f1o 1.694 marca un hito important\u00edsimo para la Semana Santa de Logro\u00f1o. Fue en dicho a\u00f1o cuando el capit\u00e1n don Gabriel de Unsain don\u00f3 la urna sepulcral con la imagen de Cristo muerto y la imagen de su Madre Dolorosa para ser incluidas en la procesi\u00f3n de Viernes Santo, ya denominada Santo Entierro .<\/p>\n<p style=\"text-align: justify;\"><strong>Del libro \u201cHistoria de la Semana Santa de Logro\u00f1o\u201d de D. Eugenio Ugarte Alonso.<\/strong><\/p>\n<\/blockquote>\n<p style=\"text-align: justify;\">En esta procesi\u00f3n tradicional para los Logro\u00f1eses y como ya se ha indicado, tambi\u00e9n antigua en el tiempo, han sido procesionados otros pasos que por diferentes motivos ya no lo hacen.<br \/>\nLos m\u00e1s recientes son: La Entrada de Jes\u00fas en Jerusal\u00e9n, m\u00e1s conocida popularmente como \u201cLa Borriquilla\u201d y el paso de \u201cNuestro Padre Jes\u00fas Cautivo\u201d ambos procesionados por la Cofrad\u00eda Entrada de Jes\u00fas en Jerusalen.<\/p>\n<p style=\"text-align: justify;\">Pero ha habido otros m\u00e1s que ya se dejar\u00f3n igualmente de procesionar.<\/p>\n<div id='gallery-1' class='gallery galleryid-2243 gallery-columns-3 gallery-size-thumbnail'><figure class='gallery-item'>\n\t\t\t<div class='gallery-icon portrait'>\n\t\t\t\t<a href='https:\/\/www.logronopasion.com\/portal\/viernes-santo-2013-procesion-del-santo-entierro\/cristo\/'><img loading=\"lazy\" decoding=\"async\" width=\"150\" height=\"150\" src=\"https:\/\/www.logronopasion.com\/portal\/wp-content\/uploads\/2013\/03\/Cristo-150x150.jpg\" class=\"attachment-thumbnail size-thumbnail\" alt=\"\" aria-describedby=\"gallery-1-2246\" \/><\/a>\n\t\t\t<\/div>\n\t\t\t\t<figcaption class='wp-caption-text gallery-caption' id='gallery-1-2246'>\n\t\t\t\tSant\u00edsimo Cristo de la Oraci\u00f3n del Huerto\n\t\t\t\t<\/figcaption><\/figure><figure class='gallery-item'>\n\t\t\t<div class='gallery-icon portrait'>\n\t\t\t\t<a href='https:\/\/www.logronopasion.com\/portal\/viernes-santo-2013-procesion-del-santo-entierro\/atadocolumna\/'><img loading=\"lazy\" decoding=\"async\" width=\"121\" height=\"150\" src=\"https:\/\/www.logronopasion.com\/portal\/wp-content\/uploads\/2013\/03\/AtadoColumna-e1364564230200-121x150.jpg\" class=\"attachment-thumbnail size-thumbnail\" alt=\"\" aria-describedby=\"gallery-1-2248\" \/><\/a>\n\t\t\t<\/div>\n\t\t\t\t<figcaption class='wp-caption-text gallery-caption' id='gallery-1-2248'>\n\t\t\t\tLa Columna\n\t\t\t\t<\/figcaption><\/figure><figure class='gallery-item'>\n\t\t\t<div class='gallery-icon portrait'>\n\t\t\t\t<a href='https:\/\/www.logronopasion.com\/portal\/viernes-santo-2013-procesion-del-santo-entierro\/eccehomo\/'><img loading=\"lazy\" decoding=\"async\" width=\"130\" height=\"150\" src=\"https:\/\/www.logronopasion.com\/portal\/wp-content\/uploads\/2013\/03\/EcceHomo-e1364564302455-130x150.jpg\" class=\"attachment-thumbnail size-thumbnail\" alt=\"\" aria-describedby=\"gallery-1-2249\" \/><\/a>\n\t\t\t<\/div>\n\t\t\t\t<figcaption class='wp-caption-text gallery-caption' id='gallery-1-2249'>\n\t\t\t\tEcce Homo\n\t\t\t\t<\/figcaption><\/figure><figure class='gallery-item'>\n\t\t\t<div class='gallery-icon portrait'>\n\t\t\t\t<a href='https:\/\/www.logronopasion.com\/portal\/viernes-santo-2013-procesion-del-santo-entierro\/cristohumilladero-2\/'><img loading=\"lazy\" decoding=\"async\" width=\"150\" height=\"150\" src=\"https:\/\/www.logronopasion.com\/portal\/wp-content\/uploads\/2013\/03\/CristoHumilladero-150x150.jpg\" class=\"attachment-thumbnail size-thumbnail\" alt=\"\" aria-describedby=\"gallery-1-2250\" \/><\/a>\n\t\t\t<\/div>\n\t\t\t\t<figcaption class='wp-caption-text gallery-caption' id='gallery-1-2250'>\n\t\t\t\tJes\u00fas Nazareno (Cristo del Humilladero)\n\t\t\t\t<\/figcaption><\/figure><figure class='gallery-item'>\n\t\t\t<div class='gallery-icon landscape'>\n\t\t\t\t<a href='https:\/\/www.logronopasion.com\/portal\/viernes-santo-2013-procesion-del-santo-entierro\/crucifixion\/'><img loading=\"lazy\" decoding=\"async\" width=\"150\" height=\"150\" src=\"https:\/\/www.logronopasion.com\/portal\/wp-content\/uploads\/2013\/03\/Crucifixion-150x150.jpg\" class=\"attachment-thumbnail size-thumbnail\" alt=\"\" aria-describedby=\"gallery-1-2247\" \/><\/a>\n\t\t\t<\/div>\n\t\t\t\t<figcaption class='wp-caption-text gallery-caption' id='gallery-1-2247'>\n\t\t\t\tLa Crucifixi\u00f3n\n\t\t\t\t<\/figcaption><\/figure>\n\t\t<\/div>\n\n","protected":false},"excerpt":{"rendered":"<p>Organizada por el Ilmo. Cabildo Catedralicio y la Hermandad de Cofrad\u00edas de la Pasi\u00f3n de la Ciudad de Logro\u00f1o junto a todas sus Cofrad\u00edas, est\u00e1 preparada como punto mas relevante de nuestra Semana Santa, la procesi\u00f3n del Santo Entierro. Salida procesional: 29\/03\/2013 a las \u00a019:30\u00a0 desde la Con-Catedral de Santa Mar\u00eda de la Redonda, Plaza del Mercado, Portales, Rodr\u00edguez Paterna, Hospital Provincial, Avenida de Viana, Marqu\u00e9s de San Nicol\u00e1s, Merced, Portales, hasta la Plaza del Mercado. Orden de participaci\u00f3n procesional: \u00a0 Cofrad\u00eda de la Entrada de Jes\u00fas en Jerusal\u00e9n con el paso \u201cOraci\u00f3n en el Huerto de los Olivos\u201d \u00a0&hellip; <\/p>\n","protected":false},"author":2,"featured_media":0,"comment_status":"open","ping_status":"open","sticky":false,"template":"","format":"standard","meta":{"_bbp_topic_count":0,"_bbp_reply_count":0,"_bbp_total_topic_count":0,"_bbp_total_reply_count":0,"_bbp_voice_count":0,"_bbp_anonymous_reply_count":0,"_bbp_topic_count_hidden":0,"_bbp_reply_count_hidden":0,"_bbp_forum_subforum_count":0,"_crdt_document":"","footnotes":""},"categories":[15,3,1],"tags":[],"class_list":["post-2243","post","type-post","status-publish","format-standard","hentry","category-semana-santa-2013","category-iglesia","category-noticias"],"yoast_head":"<!-- This site is optimized with the Yoast SEO plugin v27.5 - https:\/\/yoast.com\/product\/yoast-seo-wordpress\/ -->\n<title>Viernes Santo 2013 - Procesi\u00f3n del Santo Entierro - Logro\u00f1o Pasi\u00f3n<\/title>\n<meta name=\"robots\" content=\"index, follow, max-snippet:-1, max-image-preview:large, max-video-preview:-1\" \/>\n<link rel=\"canonical\" href=\"https:\/\/www.logronopasion.com\/portal\/viernes-santo-2013-procesion-del-santo-entierro\/\" \/>\n<meta property=\"og:locale\" content=\"es_ES\" \/>\n<meta property=\"og:type\" content=\"article\" \/>\n<meta property=\"og:title\" content=\"Viernes Santo 2013 - Procesi\u00f3n del Santo Entierro - Logro\u00f1o Pasi\u00f3n\" \/>\n<meta property=\"og:description\" content=\"Organizada por el Ilmo. Cabildo Catedralicio y la Hermandad de Cofrad\u00edas de la Pasi\u00f3n de la Ciudad de Logro\u00f1o junto a todas sus Cofrad\u00edas, est\u00e1 preparada como punto mas relevante de nuestra Semana Santa, la procesi\u00f3n del Santo Entierro. Salida procesional: 29\/03\/2013 a las \u00a019:30\u00a0 desde la Con-Catedral de Santa Mar\u00eda de la Redonda, Plaza del Mercado, Portales, Rodr\u00edguez Paterna, Hospital Provincial, Avenida de Viana, Marqu\u00e9s de San Nicol\u00e1s, Merced, Portales, hasta la Plaza del Mercado. Orden de participaci\u00f3n procesional: \u00a0 Cofrad\u00eda de la Entrada de Jes\u00fas en Jerusal\u00e9n con el paso \u201cOraci\u00f3n en el Huerto de los Olivos\u201d \u00a0&hellip;\" \/>\n<meta property=\"og:url\" content=\"https:\/\/www.logronopasion.com\/portal\/viernes-santo-2013-procesion-del-santo-entierro\/\" \/>\n<meta property=\"og:site_name\" content=\"Logro\u00f1o Pasi\u00f3n\" \/>\n<meta property=\"article:publisher\" content=\"https:\/\/www.facebook.com\/logronopasion\" \/>\n<meta property=\"article:published_time\" content=\"2013-03-29T14:45:53+00:00\" \/>\n<meta property=\"og:image\" content=\"https:\/\/www.logronopasion.com\/portal\/wp-content\/uploads\/2013\/03\/Cristo-150x150.jpg\" \/>\n<meta name=\"author\" content=\"ROU\" \/>\n<meta name=\"twitter:card\" content=\"summary_large_image\" \/>\n<meta name=\"twitter:creator\" content=\"@LogronoPasion\" \/>\n<meta name=\"twitter:site\" content=\"@LogronoPasion\" \/>\n<meta name=\"twitter:label1\" content=\"Escrito por\" \/>\n\t<meta name=\"twitter:data1\" content=\"ROU\" \/>\n\t<meta name=\"twitter:label2\" content=\"Tiempo de lectura\" \/>\n\t<meta name=\"twitter:data2\" content=\"4 minutos\" \/>\n<script type=\"application\/ld+json\" class=\"yoast-schema-graph\">{\"@context\":\"https:\\\/\\\/schema.org\",\"@graph\":[{\"@type\":\"Article\",\"@id\":\"https:\\\/\\\/www.logronopasion.com\\\/portal\\\/viernes-santo-2013-procesion-del-santo-entierro\\\/#article\",\"isPartOf\":{\"@id\":\"https:\\\/\\\/www.logronopasion.com\\\/portal\\\/viernes-santo-2013-procesion-del-santo-entierro\\\/\"},\"author\":{\"name\":\"ROU\",\"@id\":\"https:\\\/\\\/www.logronopasion.com\\\/portal\\\/#\\\/schema\\\/person\\\/2f883c3fdb92c04e9616af63b5dcfcf2\"},\"headline\":\"Viernes Santo 2013 &#8211; Procesi\u00f3n del Santo Entierro\",\"datePublished\":\"2013-03-29T14:45:53+00:00\",\"mainEntityOfPage\":{\"@id\":\"https:\\\/\\\/www.logronopasion.com\\\/portal\\\/viernes-santo-2013-procesion-del-santo-entierro\\\/\"},\"wordCount\":893,\"commentCount\":0,\"publisher\":{\"@id\":\"https:\\\/\\\/www.logronopasion.com\\\/portal\\\/#organization\"},\"image\":{\"@id\":\"https:\\\/\\\/www.logronopasion.com\\\/portal\\\/viernes-santo-2013-procesion-del-santo-entierro\\\/#primaryimage\"},\"thumbnailUrl\":\"http:\\\/\\\/logronopasion.com\\\/portal\\\/wp-content\\\/uploads\\\/2013\\\/03\\\/SantoEntierro.jpg\",\"articleSection\":[\"Cuaresma y Semana Santa 2013\",\"Iglesia - estado, sociedad y religi\u00f3n\",\"Noticias \\\/ Actualidad\"],\"inLanguage\":\"es\",\"potentialAction\":[{\"@type\":\"CommentAction\",\"name\":\"Comment\",\"target\":[\"https:\\\/\\\/www.logronopasion.com\\\/portal\\\/viernes-santo-2013-procesion-del-santo-entierro\\\/#respond\"]}]},{\"@type\":\"WebPage\",\"@id\":\"https:\\\/\\\/www.logronopasion.com\\\/portal\\\/viernes-santo-2013-procesion-del-santo-entierro\\\/\",\"url\":\"https:\\\/\\\/www.logronopasion.com\\\/portal\\\/viernes-santo-2013-procesion-del-santo-entierro\\\/\",\"name\":\"Viernes Santo 2013 - Procesi\u00f3n del Santo Entierro - Logro\u00f1o Pasi\u00f3n\",\"isPartOf\":{\"@id\":\"https:\\\/\\\/www.logronopasion.com\\\/portal\\\/#website\"},\"primaryImageOfPage\":{\"@id\":\"https:\\\/\\\/www.logronopasion.com\\\/portal\\\/viernes-santo-2013-procesion-del-santo-entierro\\\/#primaryimage\"},\"image\":{\"@id\":\"https:\\\/\\\/www.logronopasion.com\\\/portal\\\/viernes-santo-2013-procesion-del-santo-entierro\\\/#primaryimage\"},\"thumbnailUrl\":\"http:\\\/\\\/logronopasion.com\\\/portal\\\/wp-content\\\/uploads\\\/2013\\\/03\\\/SantoEntierro.jpg\",\"datePublished\":\"2013-03-29T14:45:53+00:00\",\"inLanguage\":\"es\",\"potentialAction\":[{\"@type\":\"ReadAction\",\"target\":[\"https:\\\/\\\/www.logronopasion.com\\\/portal\\\/viernes-santo-2013-procesion-del-santo-entierro\\\/\"]}]},{\"@type\":\"ImageObject\",\"inLanguage\":\"es\",\"@id\":\"https:\\\/\\\/www.logronopasion.com\\\/portal\\\/viernes-santo-2013-procesion-del-santo-entierro\\\/#primaryimage\",\"url\":\"http:\\\/\\\/logronopasion.com\\\/portal\\\/wp-content\\\/uploads\\\/2013\\\/03\\\/SantoEntierro.jpg\",\"contentUrl\":\"http:\\\/\\\/logronopasion.com\\\/portal\\\/wp-content\\\/uploads\\\/2013\\\/03\\\/SantoEntierro.jpg\"},{\"@type\":\"WebSite\",\"@id\":\"https:\\\/\\\/www.logronopasion.com\\\/portal\\\/#website\",\"url\":\"https:\\\/\\\/www.logronopasion.com\\\/portal\\\/\",\"name\":\"Logro\u00f1o Pasi\u00f3n\",\"description\":\"Portal sobre la Semana Santa de Logro\u00f1o\",\"publisher\":{\"@id\":\"https:\\\/\\\/www.logronopasion.com\\\/portal\\\/#organization\"},\"potentialAction\":[{\"@type\":\"SearchAction\",\"target\":{\"@type\":\"EntryPoint\",\"urlTemplate\":\"https:\\\/\\\/www.logronopasion.com\\\/portal\\\/?s={search_term_string}\"},\"query-input\":{\"@type\":\"PropertyValueSpecification\",\"valueRequired\":true,\"valueName\":\"search_term_string\"}}],\"inLanguage\":\"es\"},{\"@type\":\"Organization\",\"@id\":\"https:\\\/\\\/www.logronopasion.com\\\/portal\\\/#organization\",\"name\":\"Logro\u00f1o Pasi\u00f3n\",\"url\":\"https:\\\/\\\/www.logronopasion.com\\\/portal\\\/\",\"logo\":{\"@type\":\"ImageObject\",\"inLanguage\":\"es\",\"@id\":\"https:\\\/\\\/www.logronopasion.com\\\/portal\\\/#\\\/schema\\\/logo\\\/image\\\/\",\"url\":\"https:\\\/\\\/i2.wp.com\\\/logronopasion.com\\\/portal\\\/wp-content\\\/uploads\\\/2019\\\/04\\\/cropped-Header-1.jpg?fit=312%2C212&ssl=1\",\"contentUrl\":\"https:\\\/\\\/i2.wp.com\\\/logronopasion.com\\\/portal\\\/wp-content\\\/uploads\\\/2019\\\/04\\\/cropped-Header-1.jpg?fit=312%2C212&ssl=1\",\"width\":312,\"height\":212,\"caption\":\"Logro\u00f1o Pasi\u00f3n\"},\"image\":{\"@id\":\"https:\\\/\\\/www.logronopasion.com\\\/portal\\\/#\\\/schema\\\/logo\\\/image\\\/\"},\"sameAs\":[\"https:\\\/\\\/www.facebook.com\\\/logronopasion\",\"https:\\\/\\\/x.com\\\/LogronoPasion\"]},{\"@type\":\"Person\",\"@id\":\"https:\\\/\\\/www.logronopasion.com\\\/portal\\\/#\\\/schema\\\/person\\\/2f883c3fdb92c04e9616af63b5dcfcf2\",\"name\":\"ROU\",\"image\":{\"@type\":\"ImageObject\",\"inLanguage\":\"es\",\"@id\":\"https:\\\/\\\/www.logronopasion.com\\\/portal\\\/wp-content\\\/uploads\\\/2021\\\/11\\\/16107_209547569181270_194186917_n-1-150x150.jpg\",\"url\":\"https:\\\/\\\/www.logronopasion.com\\\/portal\\\/wp-content\\\/uploads\\\/2021\\\/11\\\/16107_209547569181270_194186917_n-1-150x150.jpg\",\"contentUrl\":\"https:\\\/\\\/www.logronopasion.com\\\/portal\\\/wp-content\\\/uploads\\\/2021\\\/11\\\/16107_209547569181270_194186917_n-1-150x150.jpg\",\"caption\":\"ROU\"},\"url\":\"https:\\\/\\\/www.logronopasion.com\\\/portal\\\/author\\\/rou\\\/\"}]}<\/script>\n<!-- \/ Yoast SEO plugin. -->","yoast_head_json":{"title":"Viernes Santo 2013 - Procesi\u00f3n del Santo Entierro - Logro\u00f1o Pasi\u00f3n","robots":{"index":"index","follow":"follow","max-snippet":"max-snippet:-1","max-image-preview":"max-image-preview:large","max-video-preview":"max-video-preview:-1"},"canonical":"https:\/\/www.logronopasion.com\/portal\/viernes-santo-2013-procesion-del-santo-entierro\/","og_locale":"es_ES","og_type":"article","og_title":"Viernes Santo 2013 - Procesi\u00f3n del Santo Entierro - Logro\u00f1o Pasi\u00f3n","og_description":"Organizada por el Ilmo. Cabildo Catedralicio y la Hermandad de Cofrad\u00edas de la Pasi\u00f3n de la Ciudad de Logro\u00f1o junto a todas sus Cofrad\u00edas, est\u00e1 preparada como punto mas relevante de nuestra Semana Santa, la procesi\u00f3n del Santo Entierro. Salida procesional: 29\/03\/2013 a las \u00a019:30\u00a0 desde la Con-Catedral de Santa Mar\u00eda de la Redonda, Plaza del Mercado, Portales, Rodr\u00edguez Paterna, Hospital Provincial, Avenida de Viana, Marqu\u00e9s de San Nicol\u00e1s, Merced, Portales, hasta la Plaza del Mercado. Orden de participaci\u00f3n procesional: \u00a0 Cofrad\u00eda de la Entrada de Jes\u00fas en Jerusal\u00e9n con el paso \u201cOraci\u00f3n en el Huerto de los Olivos\u201d \u00a0&hellip;","og_url":"https:\/\/www.logronopasion.com\/portal\/viernes-santo-2013-procesion-del-santo-entierro\/","og_site_name":"Logro\u00f1o Pasi\u00f3n","article_publisher":"https:\/\/www.facebook.com\/logronopasion","article_published_time":"2013-03-29T14:45:53+00:00","og_image":[{"url":"https:\/\/www.logronopasion.com\/portal\/wp-content\/uploads\/2013\/03\/Cristo-150x150.jpg","type":"","width":"","height":""}],"author":"ROU","twitter_card":"summary_large_image","twitter_creator":"@LogronoPasion","twitter_site":"@LogronoPasion","twitter_misc":{"Escrito por":"ROU","Tiempo de lectura":"4 minutos"},"schema":{"@context":"https:\/\/schema.org","@graph":[{"@type":"Article","@id":"https:\/\/www.logronopasion.com\/portal\/viernes-santo-2013-procesion-del-santo-entierro\/#article","isPartOf":{"@id":"https:\/\/www.logronopasion.com\/portal\/viernes-santo-2013-procesion-del-santo-entierro\/"},"author":{"name":"ROU","@id":"https:\/\/www.logronopasion.com\/portal\/#\/schema\/person\/2f883c3fdb92c04e9616af63b5dcfcf2"},"headline":"Viernes Santo 2013 &#8211; Procesi\u00f3n del Santo Entierro","datePublished":"2013-03-29T14:45:53+00:00","mainEntityOfPage":{"@id":"https:\/\/www.logronopasion.com\/portal\/viernes-santo-2013-procesion-del-santo-entierro\/"},"wordCount":893,"commentCount":0,"publisher":{"@id":"https:\/\/www.logronopasion.com\/portal\/#organization"},"image":{"@id":"https:\/\/www.logronopasion.com\/portal\/viernes-santo-2013-procesion-del-santo-entierro\/#primaryimage"},"thumbnailUrl":"http:\/\/logronopasion.com\/portal\/wp-content\/uploads\/2013\/03\/SantoEntierro.jpg","articleSection":["Cuaresma y Semana Santa 2013","Iglesia - estado, sociedad y religi\u00f3n","Noticias \/ Actualidad"],"inLanguage":"es","potentialAction":[{"@type":"CommentAction","name":"Comment","target":["https:\/\/www.logronopasion.com\/portal\/viernes-santo-2013-procesion-del-santo-entierro\/#respond"]}]},{"@type":"WebPage","@id":"https:\/\/www.logronopasion.com\/portal\/viernes-santo-2013-procesion-del-santo-entierro\/","url":"https:\/\/www.logronopasion.com\/portal\/viernes-santo-2013-procesion-del-santo-entierro\/","name":"Viernes Santo 2013 - Procesi\u00f3n del Santo Entierro - Logro\u00f1o Pasi\u00f3n","isPartOf":{"@id":"https:\/\/www.logronopasion.com\/portal\/#website"},"primaryImageOfPage":{"@id":"https:\/\/www.logronopasion.com\/portal\/viernes-santo-2013-procesion-del-santo-entierro\/#primaryimage"},"image":{"@id":"https:\/\/www.logronopasion.com\/portal\/viernes-santo-2013-procesion-del-santo-entierro\/#primaryimage"},"thumbnailUrl":"http:\/\/logronopasion.com\/portal\/wp-content\/uploads\/2013\/03\/SantoEntierro.jpg","datePublished":"2013-03-29T14:45:53+00:00","inLanguage":"es","potentialAction":[{"@type":"ReadAction","target":["https:\/\/www.logronopasion.com\/portal\/viernes-santo-2013-procesion-del-santo-entierro\/"]}]},{"@type":"ImageObject","inLanguage":"es","@id":"https:\/\/www.logronopasion.com\/portal\/viernes-santo-2013-procesion-del-santo-entierro\/#primaryimage","url":"http:\/\/logronopasion.com\/portal\/wp-content\/uploads\/2013\/03\/SantoEntierro.jpg","contentUrl":"http:\/\/logronopasion.com\/portal\/wp-content\/uploads\/2013\/03\/SantoEntierro.jpg"},{"@type":"WebSite","@id":"https:\/\/www.logronopasion.com\/portal\/#website","url":"https:\/\/www.logronopasion.com\/portal\/","name":"Logro\u00f1o Pasi\u00f3n","description":"Portal sobre la Semana Santa de Logro\u00f1o","publisher":{"@id":"https:\/\/www.logronopasion.com\/portal\/#organization"},"potentialAction":[{"@type":"SearchAction","target":{"@type":"EntryPoint","urlTemplate":"https:\/\/www.logronopasion.com\/portal\/?s={search_term_string}"},"query-input":{"@type":"PropertyValueSpecification","valueRequired":true,"valueName":"search_term_string"}}],"inLanguage":"es"},{"@type":"Organization","@id":"https:\/\/www.logronopasion.com\/portal\/#organization","name":"Logro\u00f1o Pasi\u00f3n","url":"https:\/\/www.logronopasion.com\/portal\/","logo":{"@type":"ImageObject","inLanguage":"es","@id":"https:\/\/www.logronopasion.com\/portal\/#\/schema\/logo\/image\/","url":"https:\/\/i2.wp.com\/logronopasion.com\/portal\/wp-content\/uploads\/2019\/04\/cropped-Header-1.jpg?fit=312%2C212&ssl=1","contentUrl":"https:\/\/i2.wp.com\/logronopasion.com\/portal\/wp-content\/uploads\/2019\/04\/cropped-Header-1.jpg?fit=312%2C212&ssl=1","width":312,"height":212,"caption":"Logro\u00f1o Pasi\u00f3n"},"image":{"@id":"https:\/\/www.logronopasion.com\/portal\/#\/schema\/logo\/image\/"},"sameAs":["https:\/\/www.facebook.com\/logronopasion","https:\/\/x.com\/LogronoPasion"]},{"@type":"Person","@id":"https:\/\/www.logronopasion.com\/portal\/#\/schema\/person\/2f883c3fdb92c04e9616af63b5dcfcf2","name":"ROU","image":{"@type":"ImageObject","inLanguage":"es","@id":"https:\/\/www.logronopasion.com\/portal\/wp-content\/uploads\/2021\/11\/16107_209547569181270_194186917_n-1-150x150.jpg","url":"https:\/\/www.logronopasion.com\/portal\/wp-content\/uploads\/2021\/11\/16107_209547569181270_194186917_n-1-150x150.jpg","contentUrl":"https:\/\/www.logronopasion.com\/portal\/wp-content\/uploads\/2021\/11\/16107_209547569181270_194186917_n-1-150x150.jpg","caption":"ROU"},"url":"https:\/\/www.logronopasion.com\/portal\/author\/rou\/"}]}},"_links":{"self":[{"href":"https:\/\/www.logronopasion.com\/portal\/wp-json\/wp\/v2\/posts\/2243","targetHints":{"allow":["GET"]}}],"collection":[{"href":"https:\/\/www.logronopasion.com\/portal\/wp-json\/wp\/v2\/posts"}],"about":[{"href":"https:\/\/www.logronopasion.com\/portal\/wp-json\/wp\/v2\/types\/post"}],"author":[{"embeddable":true,"href":"https:\/\/www.logronopasion.com\/portal\/wp-json\/wp\/v2\/users\/2"}],"replies":[{"embeddable":true,"href":"https:\/\/www.logronopasion.com\/portal\/wp-json\/wp\/v2\/comments?post=2243"}],"version-history":[{"count":17,"href":"https:\/\/www.logronopasion.com\/portal\/wp-json\/wp\/v2\/posts\/2243\/revisions"}],"predecessor-version":[{"id":2267,"href":"https:\/\/www.logronopasion.com\/portal\/wp-json\/wp\/v2\/posts\/2243\/revisions\/2267"}],"wp:attachment":[{"href":"https:\/\/www.logronopasion.com\/portal\/wp-json\/wp\/v2\/media?parent=2243"}],"wp:term":[{"taxonomy":"category","embeddable":true,"href":"https:\/\/www.logronopasion.com\/portal\/wp-json\/wp\/v2\/categories?post=2243"},{"taxonomy":"post_tag","embeddable":true,"href":"https:\/\/www.logronopasion.com\/portal\/wp-json\/wp\/v2\/tags?post=2243"}],"curies":[{"name":"wp","href":"https:\/\/api.w.org\/{rel}","templated":true}]}}