{"id":269,"date":"2012-03-19T10:25:32","date_gmt":"2012-03-19T10:25:32","guid":{"rendered":"http:\/\/logronopasion.com\/portal\/?p=269"},"modified":"2012-03-19T10:25:32","modified_gmt":"2012-03-19T10:25:32","slug":"felices-los-sacerdotes-dia-del-seminario","status":"publish","type":"post","link":"https:\/\/www.logronopasion.com\/portal\/felices-los-sacerdotes-dia-del-seminario\/","title":{"rendered":"\u00a1FELICES LOS SACERDOTES! DIA DEL SEMINARIO"},"content":{"rendered":"<p>Aunque en nuestra Diocesis, muchos de los actos se celebraron ayer domingo 18 de marzo, hoy lunes Festividad de San Jos\u00e9, patrono e icono de la familia y tambien patrono de los sacerdotes, celebramos el DIA DEL SEMINARIO.<\/p>\n<p>Ayer domingo, se celebr\u00f3 en el seminario las festividad y testimionios as\u00ed como la Vigilia de Oraci\u00f3n prsidida por nuestro Obispo D. Juan Jos\u00e9 Omella y a la finalizaci\u00f3n de todos los actos preparados, los asistentes a los mismos, fueron obsequiados con un \u00e1gape.<\/p>\n<p>Quiero traer a este blog, el comentario que D. Victor a dejado en su secci\u00f3n de \u201cPUEBLO DE DIOS\u201d, \u00a0Iglesia y Misi\u00f3n.<\/p>\n<p style=\"text-align: justify\"><em>Con gran sorpresa para aquellos que tienen una imagen distorsionada de la figura del sacerdote, y de su real servicio en medio de esta sociedad obsesionada por las profesiones rentables, la prestigiosa revista Forbes public\u00f3 un estudio el que se dec\u00eda que la profesi\u00f3n de sacerdote era \u201cla m\u00e1s feliz del mundo\u201d. La noticia dio mucho que hablar, sobre todo porque muchos esperaban encontrar en el primer puesto de las profesiones m\u00e1s felices, a los ejecutivos, directivos o gente dedicada a negocios de alto rendimiento, pero no, estos eran considerados en la lista como lo m\u00e1s infelices.<\/em><\/p>\n<p><em>Da la impresi\u00f3n de que muchas vidas de fachada cubierta de \u00e9xito social, encierran una insatisfacci\u00f3n personal muy grande y un larvado pesimismo; pero aun reconoci\u00e9ndolo hasta por estudios rigurosos como \u00e9ste, siguen siendo un im\u00e1n para muchos j\u00f3venes que intentan alcanzar a un alto precio una ef\u00edmera felicidad.<\/em><\/p>\n<p><em>La felicidad de los sacerdotes reside precisamente en que no ejercemos una profesi\u00f3n rentable, es una vocaci\u00f3n que responde a una llamada a entregar la vida para dar vida en abundancia, a tiempo y a destiempo, como hizo el mismo Se\u00f1or.<\/em><\/p>\n<p><em>El mensaje <a href=\"http:\/\/logronopasion.com\/portal\/wp-content\/uploads\/2012\/03\/DiaSeminario.jpg\"><img loading=\"lazy\" decoding=\"async\" class=\"size-medium wp-image-270 alignleft\" src=\"http:\/\/logronopasion.com\/portal\/wp-content\/uploads\/2012\/03\/DiaSeminario-214x300.jpg\" alt=\"\" width=\"214\" height=\"300\" srcset=\"https:\/\/www.logronopasion.com\/portal\/wp-content\/uploads\/2012\/03\/DiaSeminario-214x300.jpg 214w, https:\/\/www.logronopasion.com\/portal\/wp-content\/uploads\/2012\/03\/DiaSeminario.jpg 578w\" sizes=\"auto, (max-width: 214px) 100vw, 214px\" \/><\/a>de los obispos con motivo del D\u00eda del Seminario se\u00f1ala algunas de las diferencias entre la profesi\u00f3n y la vocaci\u00f3n, como que esta exige \u201cuna determinaci\u00f3n espiritual\u201d y no se basa tanto en gustos o cualidades; que tiene que ver con el interior de la persona y no es una mera actividad externa; que es un servicio gratuito frente a la remuneraci\u00f3n de cualquier trabajo; que permanece en el tiempo y exige no s\u00f3lo dedicaci\u00f3n sino \u201cexclusividad y entrega absoluta\u201d.<\/em><\/p>\n<p><em>Tambi\u00e9n apuntan los obispos en su escrito, que m\u00e1s all\u00e1 de la cuesti\u00f3n de la felicidad que da entregar la vida, los sacerdotes viven la vocaci\u00f3n con una \u201cpasi\u00f3n que desinstala de la realidad habitual, para hacer entrar a quien la posee en una dimensi\u00f3n distinta, en otro orden de realidad\u201d, por eso es dif\u00edcil comprender la vida de un sacerdote, m\u00e1s hoy en d\u00eda, ya que se basa en un modo de vivir \u201cno razonable\u201d que cuestiona la prudencia de la raz\u00f3n, nadando muchas veces contracorriente de lo \u201cpol\u00edticamente correcto\u201d. Concluyen afirmado que esta es la condici\u00f3n indispensable de todo \u201cenamoramiento vocacional\u201d.<\/em><\/p>\n<p><em>La crisis vocacional de nuestro tiempo tiene muchas lecturas: la baja natalidad, el materialismo y hedonismo ambiental, el miedo a tomar decisiones finales\u2026, pero al hilo del lema del D\u00eda de Seminario podemos preguntarnos por otra posible causa: \u201cla crisis de pasi\u00f3n\u201d, o el d\u00e9bil entusiasmo con el que presentamos a los j\u00f3venes la vocaci\u00f3n sacerdotal, que siendo la primera en la lista de las \u201cprofesiones\u201d m\u00e1s felices, parece que nos avergonzamos de presentarla como una de las \u201cvidas m\u00e1s apasionantes\u201d, por la alta dosis de sentido y plenitud que conlleva entregarse al servicio de los planes de Dios, en el que muchos encontrar\u00e1n la salvaci\u00f3n de sus propias vidas.<\/em><\/p>\n<p><em>\u00a1Felices los sacerdotes!, sea la bienaventuranza que resuene en esta jornada vocacional, que se escuche en los templos y en la calle, en los o\u00eddos de los ni\u00f1os y los j\u00f3venes, en el coraz\u00f3n del mundo necesitado hoy m\u00e1s que nunca de hombres apasionados por hacer de esta tierra el nuevo Reino de Dios. Hoy nos acordaremos en oraci\u00f3n de nuestros seminaristas y de aquellos que son llamados y no lo quieren saber, o tienen miedo a responder. Tambi\u00e9n nosotros somos responsables de que la llamada no quede sin respuesta.<\/em><\/p>\n<p>V\u00edctor M. Jim\u00e9nez L\u00f3pez de Murillas<br \/>\n<a href=\"mailto:catequesis@iglesiaenlarioja.org\" target=\"_blank\">catequesis@iglesiaenlarioja.org<\/a><\/p>\n","protected":false},"excerpt":{"rendered":"<p>Aunque en nuestra Diocesis, muchos de los actos se celebraron ayer domingo 18 de marzo, hoy lunes Festividad de San Jos\u00e9, patrono e icono de la familia y tambien patrono de los sacerdotes, celebramos el DIA DEL SEMINARIO. Ayer domingo, se celebr\u00f3 en el seminario las festividad y testimionios as\u00ed como la Vigilia de Oraci\u00f3n prsidida por nuestro Obispo D. Juan Jos\u00e9 Omella y a la finalizaci\u00f3n de todos los actos preparados, los asistentes a los mismos, fueron obsequiados con un \u00e1gape. Quiero traer a este blog, el comentario que D. Victor a dejado en su secci\u00f3n de \u201cPUEBLO DE&hellip; <\/p>\n","protected":false},"author":2,"featured_media":0,"comment_status":"open","ping_status":"open","sticky":false,"template":"","format":"standard","meta":{"_bbp_topic_count":0,"_bbp_reply_count":0,"_bbp_total_topic_count":0,"_bbp_total_reply_count":0,"_bbp_voice_count":0,"_bbp_anonymous_reply_count":0,"_bbp_topic_count_hidden":0,"_bbp_reply_count_hidden":0,"_bbp_forum_subforum_count":0,"_crdt_document":"","footnotes":""},"categories":[3,1],"tags":[],"class_list":["post-269","post","type-post","status-publish","format-standard","hentry","category-iglesia","category-noticias"],"yoast_head":"<!-- This site is optimized with the Yoast SEO plugin v27.5 - https:\/\/yoast.com\/product\/yoast-seo-wordpress\/ -->\n<title>\u00a1FELICES LOS SACERDOTES! DIA DEL SEMINARIO - Logro\u00f1o Pasi\u00f3n<\/title>\n<meta name=\"robots\" content=\"index, follow, max-snippet:-1, max-image-preview:large, max-video-preview:-1\" \/>\n<link rel=\"canonical\" href=\"https:\/\/www.logronopasion.com\/portal\/felices-los-sacerdotes-dia-del-seminario\/\" \/>\n<meta property=\"og:locale\" content=\"es_ES\" \/>\n<meta property=\"og:type\" content=\"article\" \/>\n<meta property=\"og:title\" content=\"\u00a1FELICES LOS SACERDOTES! DIA DEL SEMINARIO - Logro\u00f1o Pasi\u00f3n\" \/>\n<meta property=\"og:description\" content=\"Aunque en nuestra Diocesis, muchos de los actos se celebraron ayer domingo 18 de marzo, hoy lunes Festividad de San Jos\u00e9, patrono e icono de la familia y tambien patrono de los sacerdotes, celebramos el DIA DEL SEMINARIO. Ayer domingo, se celebr\u00f3 en el seminario las festividad y testimionios as\u00ed como la Vigilia de Oraci\u00f3n prsidida por nuestro Obispo D. Juan Jos\u00e9 Omella y a la finalizaci\u00f3n de todos los actos preparados, los asistentes a los mismos, fueron obsequiados con un \u00e1gape. Quiero traer a este blog, el comentario que D. Victor a dejado en su secci\u00f3n de \u201cPUEBLO DE&hellip;\" \/>\n<meta property=\"og:url\" content=\"https:\/\/www.logronopasion.com\/portal\/felices-los-sacerdotes-dia-del-seminario\/\" \/>\n<meta property=\"og:site_name\" content=\"Logro\u00f1o Pasi\u00f3n\" \/>\n<meta property=\"article:publisher\" content=\"https:\/\/www.facebook.com\/logronopasion\" \/>\n<meta property=\"article:published_time\" content=\"2012-03-19T10:25:32+00:00\" \/>\n<meta property=\"og:image\" content=\"http:\/\/logronopasion.com\/portal\/wp-content\/uploads\/2012\/03\/DiaSeminario-214x300.jpg\" \/>\n<meta name=\"author\" content=\"ROU\" \/>\n<meta name=\"twitter:card\" content=\"summary_large_image\" \/>\n<meta name=\"twitter:creator\" content=\"@LogronoPasion\" \/>\n<meta name=\"twitter:site\" content=\"@LogronoPasion\" \/>\n<meta name=\"twitter:label1\" content=\"Escrito por\" \/>\n\t<meta name=\"twitter:data1\" content=\"ROU\" \/>\n\t<meta name=\"twitter:label2\" content=\"Tiempo de lectura\" \/>\n\t<meta name=\"twitter:data2\" content=\"4 minutos\" \/>\n<script type=\"application\/ld+json\" class=\"yoast-schema-graph\">{\"@context\":\"https:\\\/\\\/schema.org\",\"@graph\":[{\"@type\":\"Article\",\"@id\":\"https:\\\/\\\/www.logronopasion.com\\\/portal\\\/felices-los-sacerdotes-dia-del-seminario\\\/#article\",\"isPartOf\":{\"@id\":\"https:\\\/\\\/www.logronopasion.com\\\/portal\\\/felices-los-sacerdotes-dia-del-seminario\\\/\"},\"author\":{\"name\":\"ROU\",\"@id\":\"https:\\\/\\\/www.logronopasion.com\\\/portal\\\/#\\\/schema\\\/person\\\/2f883c3fdb92c04e9616af63b5dcfcf2\"},\"headline\":\"\u00a1FELICES LOS SACERDOTES! DIA DEL SEMINARIO\",\"datePublished\":\"2012-03-19T10:25:32+00:00\",\"mainEntityOfPage\":{\"@id\":\"https:\\\/\\\/www.logronopasion.com\\\/portal\\\/felices-los-sacerdotes-dia-del-seminario\\\/\"},\"wordCount\":747,\"commentCount\":0,\"publisher\":{\"@id\":\"https:\\\/\\\/www.logronopasion.com\\\/portal\\\/#organization\"},\"image\":{\"@id\":\"https:\\\/\\\/www.logronopasion.com\\\/portal\\\/felices-los-sacerdotes-dia-del-seminario\\\/#primaryimage\"},\"thumbnailUrl\":\"http:\\\/\\\/logronopasion.com\\\/portal\\\/wp-content\\\/uploads\\\/2012\\\/03\\\/DiaSeminario-214x300.jpg\",\"articleSection\":[\"Iglesia - estado, sociedad y religi\u00f3n\",\"Noticias \\\/ Actualidad\"],\"inLanguage\":\"es\",\"potentialAction\":[{\"@type\":\"CommentAction\",\"name\":\"Comment\",\"target\":[\"https:\\\/\\\/www.logronopasion.com\\\/portal\\\/felices-los-sacerdotes-dia-del-seminario\\\/#respond\"]}]},{\"@type\":\"WebPage\",\"@id\":\"https:\\\/\\\/www.logronopasion.com\\\/portal\\\/felices-los-sacerdotes-dia-del-seminario\\\/\",\"url\":\"https:\\\/\\\/www.logronopasion.com\\\/portal\\\/felices-los-sacerdotes-dia-del-seminario\\\/\",\"name\":\"\u00a1FELICES LOS SACERDOTES! DIA DEL SEMINARIO - Logro\u00f1o Pasi\u00f3n\",\"isPartOf\":{\"@id\":\"https:\\\/\\\/www.logronopasion.com\\\/portal\\\/#website\"},\"primaryImageOfPage\":{\"@id\":\"https:\\\/\\\/www.logronopasion.com\\\/portal\\\/felices-los-sacerdotes-dia-del-seminario\\\/#primaryimage\"},\"image\":{\"@id\":\"https:\\\/\\\/www.logronopasion.com\\\/portal\\\/felices-los-sacerdotes-dia-del-seminario\\\/#primaryimage\"},\"thumbnailUrl\":\"http:\\\/\\\/logronopasion.com\\\/portal\\\/wp-content\\\/uploads\\\/2012\\\/03\\\/DiaSeminario-214x300.jpg\",\"datePublished\":\"2012-03-19T10:25:32+00:00\",\"inLanguage\":\"es\",\"potentialAction\":[{\"@type\":\"ReadAction\",\"target\":[\"https:\\\/\\\/www.logronopasion.com\\\/portal\\\/felices-los-sacerdotes-dia-del-seminario\\\/\"]}]},{\"@type\":\"ImageObject\",\"inLanguage\":\"es\",\"@id\":\"https:\\\/\\\/www.logronopasion.com\\\/portal\\\/felices-los-sacerdotes-dia-del-seminario\\\/#primaryimage\",\"url\":\"http:\\\/\\\/logronopasion.com\\\/portal\\\/wp-content\\\/uploads\\\/2012\\\/03\\\/DiaSeminario-214x300.jpg\",\"contentUrl\":\"http:\\\/\\\/logronopasion.com\\\/portal\\\/wp-content\\\/uploads\\\/2012\\\/03\\\/DiaSeminario-214x300.jpg\"},{\"@type\":\"WebSite\",\"@id\":\"https:\\\/\\\/www.logronopasion.com\\\/portal\\\/#website\",\"url\":\"https:\\\/\\\/www.logronopasion.com\\\/portal\\\/\",\"name\":\"Logro\u00f1o Pasi\u00f3n\",\"description\":\"Portal sobre la Semana Santa de Logro\u00f1o\",\"publisher\":{\"@id\":\"https:\\\/\\\/www.logronopasion.com\\\/portal\\\/#organization\"},\"potentialAction\":[{\"@type\":\"SearchAction\",\"target\":{\"@type\":\"EntryPoint\",\"urlTemplate\":\"https:\\\/\\\/www.logronopasion.com\\\/portal\\\/?s={search_term_string}\"},\"query-input\":{\"@type\":\"PropertyValueSpecification\",\"valueRequired\":true,\"valueName\":\"search_term_string\"}}],\"inLanguage\":\"es\"},{\"@type\":\"Organization\",\"@id\":\"https:\\\/\\\/www.logronopasion.com\\\/portal\\\/#organization\",\"name\":\"Logro\u00f1o Pasi\u00f3n\",\"url\":\"https:\\\/\\\/www.logronopasion.com\\\/portal\\\/\",\"logo\":{\"@type\":\"ImageObject\",\"inLanguage\":\"es\",\"@id\":\"https:\\\/\\\/www.logronopasion.com\\\/portal\\\/#\\\/schema\\\/logo\\\/image\\\/\",\"url\":\"https:\\\/\\\/i2.wp.com\\\/logronopasion.com\\\/portal\\\/wp-content\\\/uploads\\\/2019\\\/04\\\/cropped-Header-1.jpg?fit=312%2C212&ssl=1\",\"contentUrl\":\"https:\\\/\\\/i2.wp.com\\\/logronopasion.com\\\/portal\\\/wp-content\\\/uploads\\\/2019\\\/04\\\/cropped-Header-1.jpg?fit=312%2C212&ssl=1\",\"width\":312,\"height\":212,\"caption\":\"Logro\u00f1o Pasi\u00f3n\"},\"image\":{\"@id\":\"https:\\\/\\\/www.logronopasion.com\\\/portal\\\/#\\\/schema\\\/logo\\\/image\\\/\"},\"sameAs\":[\"https:\\\/\\\/www.facebook.com\\\/logronopasion\",\"https:\\\/\\\/x.com\\\/LogronoPasion\"]},{\"@type\":\"Person\",\"@id\":\"https:\\\/\\\/www.logronopasion.com\\\/portal\\\/#\\\/schema\\\/person\\\/2f883c3fdb92c04e9616af63b5dcfcf2\",\"name\":\"ROU\",\"image\":{\"@type\":\"ImageObject\",\"inLanguage\":\"es\",\"@id\":\"https:\\\/\\\/www.logronopasion.com\\\/portal\\\/wp-content\\\/uploads\\\/2021\\\/11\\\/16107_209547569181270_194186917_n-1-150x150.jpg\",\"url\":\"https:\\\/\\\/www.logronopasion.com\\\/portal\\\/wp-content\\\/uploads\\\/2021\\\/11\\\/16107_209547569181270_194186917_n-1-150x150.jpg\",\"contentUrl\":\"https:\\\/\\\/www.logronopasion.com\\\/portal\\\/wp-content\\\/uploads\\\/2021\\\/11\\\/16107_209547569181270_194186917_n-1-150x150.jpg\",\"caption\":\"ROU\"},\"url\":\"https:\\\/\\\/www.logronopasion.com\\\/portal\\\/author\\\/rou\\\/\"}]}<\/script>\n<!-- \/ Yoast SEO plugin. -->","yoast_head_json":{"title":"\u00a1FELICES LOS SACERDOTES! DIA DEL SEMINARIO - Logro\u00f1o Pasi\u00f3n","robots":{"index":"index","follow":"follow","max-snippet":"max-snippet:-1","max-image-preview":"max-image-preview:large","max-video-preview":"max-video-preview:-1"},"canonical":"https:\/\/www.logronopasion.com\/portal\/felices-los-sacerdotes-dia-del-seminario\/","og_locale":"es_ES","og_type":"article","og_title":"\u00a1FELICES LOS SACERDOTES! DIA DEL SEMINARIO - Logro\u00f1o Pasi\u00f3n","og_description":"Aunque en nuestra Diocesis, muchos de los actos se celebraron ayer domingo 18 de marzo, hoy lunes Festividad de San Jos\u00e9, patrono e icono de la familia y tambien patrono de los sacerdotes, celebramos el DIA DEL SEMINARIO. Ayer domingo, se celebr\u00f3 en el seminario las festividad y testimionios as\u00ed como la Vigilia de Oraci\u00f3n prsidida por nuestro Obispo D. Juan Jos\u00e9 Omella y a la finalizaci\u00f3n de todos los actos preparados, los asistentes a los mismos, fueron obsequiados con un \u00e1gape. Quiero traer a este blog, el comentario que D. Victor a dejado en su secci\u00f3n de \u201cPUEBLO DE&hellip;","og_url":"https:\/\/www.logronopasion.com\/portal\/felices-los-sacerdotes-dia-del-seminario\/","og_site_name":"Logro\u00f1o Pasi\u00f3n","article_publisher":"https:\/\/www.facebook.com\/logronopasion","article_published_time":"2012-03-19T10:25:32+00:00","og_image":[{"url":"http:\/\/logronopasion.com\/portal\/wp-content\/uploads\/2012\/03\/DiaSeminario-214x300.jpg","type":"","width":"","height":""}],"author":"ROU","twitter_card":"summary_large_image","twitter_creator":"@LogronoPasion","twitter_site":"@LogronoPasion","twitter_misc":{"Escrito por":"ROU","Tiempo de lectura":"4 minutos"},"schema":{"@context":"https:\/\/schema.org","@graph":[{"@type":"Article","@id":"https:\/\/www.logronopasion.com\/portal\/felices-los-sacerdotes-dia-del-seminario\/#article","isPartOf":{"@id":"https:\/\/www.logronopasion.com\/portal\/felices-los-sacerdotes-dia-del-seminario\/"},"author":{"name":"ROU","@id":"https:\/\/www.logronopasion.com\/portal\/#\/schema\/person\/2f883c3fdb92c04e9616af63b5dcfcf2"},"headline":"\u00a1FELICES LOS SACERDOTES! DIA DEL SEMINARIO","datePublished":"2012-03-19T10:25:32+00:00","mainEntityOfPage":{"@id":"https:\/\/www.logronopasion.com\/portal\/felices-los-sacerdotes-dia-del-seminario\/"},"wordCount":747,"commentCount":0,"publisher":{"@id":"https:\/\/www.logronopasion.com\/portal\/#organization"},"image":{"@id":"https:\/\/www.logronopasion.com\/portal\/felices-los-sacerdotes-dia-del-seminario\/#primaryimage"},"thumbnailUrl":"http:\/\/logronopasion.com\/portal\/wp-content\/uploads\/2012\/03\/DiaSeminario-214x300.jpg","articleSection":["Iglesia - estado, sociedad y religi\u00f3n","Noticias \/ Actualidad"],"inLanguage":"es","potentialAction":[{"@type":"CommentAction","name":"Comment","target":["https:\/\/www.logronopasion.com\/portal\/felices-los-sacerdotes-dia-del-seminario\/#respond"]}]},{"@type":"WebPage","@id":"https:\/\/www.logronopasion.com\/portal\/felices-los-sacerdotes-dia-del-seminario\/","url":"https:\/\/www.logronopasion.com\/portal\/felices-los-sacerdotes-dia-del-seminario\/","name":"\u00a1FELICES LOS SACERDOTES! DIA DEL SEMINARIO - Logro\u00f1o Pasi\u00f3n","isPartOf":{"@id":"https:\/\/www.logronopasion.com\/portal\/#website"},"primaryImageOfPage":{"@id":"https:\/\/www.logronopasion.com\/portal\/felices-los-sacerdotes-dia-del-seminario\/#primaryimage"},"image":{"@id":"https:\/\/www.logronopasion.com\/portal\/felices-los-sacerdotes-dia-del-seminario\/#primaryimage"},"thumbnailUrl":"http:\/\/logronopasion.com\/portal\/wp-content\/uploads\/2012\/03\/DiaSeminario-214x300.jpg","datePublished":"2012-03-19T10:25:32+00:00","inLanguage":"es","potentialAction":[{"@type":"ReadAction","target":["https:\/\/www.logronopasion.com\/portal\/felices-los-sacerdotes-dia-del-seminario\/"]}]},{"@type":"ImageObject","inLanguage":"es","@id":"https:\/\/www.logronopasion.com\/portal\/felices-los-sacerdotes-dia-del-seminario\/#primaryimage","url":"http:\/\/logronopasion.com\/portal\/wp-content\/uploads\/2012\/03\/DiaSeminario-214x300.jpg","contentUrl":"http:\/\/logronopasion.com\/portal\/wp-content\/uploads\/2012\/03\/DiaSeminario-214x300.jpg"},{"@type":"WebSite","@id":"https:\/\/www.logronopasion.com\/portal\/#website","url":"https:\/\/www.logronopasion.com\/portal\/","name":"Logro\u00f1o Pasi\u00f3n","description":"Portal sobre la Semana Santa de Logro\u00f1o","publisher":{"@id":"https:\/\/www.logronopasion.com\/portal\/#organization"},"potentialAction":[{"@type":"SearchAction","target":{"@type":"EntryPoint","urlTemplate":"https:\/\/www.logronopasion.com\/portal\/?s={search_term_string}"},"query-input":{"@type":"PropertyValueSpecification","valueRequired":true,"valueName":"search_term_string"}}],"inLanguage":"es"},{"@type":"Organization","@id":"https:\/\/www.logronopasion.com\/portal\/#organization","name":"Logro\u00f1o Pasi\u00f3n","url":"https:\/\/www.logronopasion.com\/portal\/","logo":{"@type":"ImageObject","inLanguage":"es","@id":"https:\/\/www.logronopasion.com\/portal\/#\/schema\/logo\/image\/","url":"https:\/\/i2.wp.com\/logronopasion.com\/portal\/wp-content\/uploads\/2019\/04\/cropped-Header-1.jpg?fit=312%2C212&ssl=1","contentUrl":"https:\/\/i2.wp.com\/logronopasion.com\/portal\/wp-content\/uploads\/2019\/04\/cropped-Header-1.jpg?fit=312%2C212&ssl=1","width":312,"height":212,"caption":"Logro\u00f1o Pasi\u00f3n"},"image":{"@id":"https:\/\/www.logronopasion.com\/portal\/#\/schema\/logo\/image\/"},"sameAs":["https:\/\/www.facebook.com\/logronopasion","https:\/\/x.com\/LogronoPasion"]},{"@type":"Person","@id":"https:\/\/www.logronopasion.com\/portal\/#\/schema\/person\/2f883c3fdb92c04e9616af63b5dcfcf2","name":"ROU","image":{"@type":"ImageObject","inLanguage":"es","@id":"https:\/\/www.logronopasion.com\/portal\/wp-content\/uploads\/2021\/11\/16107_209547569181270_194186917_n-1-150x150.jpg","url":"https:\/\/www.logronopasion.com\/portal\/wp-content\/uploads\/2021\/11\/16107_209547569181270_194186917_n-1-150x150.jpg","contentUrl":"https:\/\/www.logronopasion.com\/portal\/wp-content\/uploads\/2021\/11\/16107_209547569181270_194186917_n-1-150x150.jpg","caption":"ROU"},"url":"https:\/\/www.logronopasion.com\/portal\/author\/rou\/"}]}},"_links":{"self":[{"href":"https:\/\/www.logronopasion.com\/portal\/wp-json\/wp\/v2\/posts\/269","targetHints":{"allow":["GET"]}}],"collection":[{"href":"https:\/\/www.logronopasion.com\/portal\/wp-json\/wp\/v2\/posts"}],"about":[{"href":"https:\/\/www.logronopasion.com\/portal\/wp-json\/wp\/v2\/types\/post"}],"author":[{"embeddable":true,"href":"https:\/\/www.logronopasion.com\/portal\/wp-json\/wp\/v2\/users\/2"}],"replies":[{"embeddable":true,"href":"https:\/\/www.logronopasion.com\/portal\/wp-json\/wp\/v2\/comments?post=269"}],"version-history":[{"count":5,"href":"https:\/\/www.logronopasion.com\/portal\/wp-json\/wp\/v2\/posts\/269\/revisions"}],"predecessor-version":[{"id":283,"href":"https:\/\/www.logronopasion.com\/portal\/wp-json\/wp\/v2\/posts\/269\/revisions\/283"}],"wp:attachment":[{"href":"https:\/\/www.logronopasion.com\/portal\/wp-json\/wp\/v2\/media?parent=269"}],"wp:term":[{"taxonomy":"category","embeddable":true,"href":"https:\/\/www.logronopasion.com\/portal\/wp-json\/wp\/v2\/categories?post=269"},{"taxonomy":"post_tag","embeddable":true,"href":"https:\/\/www.logronopasion.com\/portal\/wp-json\/wp\/v2\/tags?post=269"}],"curies":[{"name":"wp","href":"https:\/\/api.w.org\/{rel}","templated":true}]}}