{"id":286,"date":"2012-03-21T17:22:36","date_gmt":"2012-03-21T17:22:36","guid":{"rendered":"http:\/\/logronopasion.com\/portal\/?p=286"},"modified":"2012-03-21T17:25:54","modified_gmt":"2012-03-21T17:25:54","slug":"sones-de-pasion","status":"publish","type":"post","link":"https:\/\/www.logronopasion.com\/portal\/sones-de-pasion\/","title":{"rendered":"\u00abSONES DE PASI\u00d3N\u00bb"},"content":{"rendered":"<p><strong><span style=\"text-decoration: underline\">La Pasi\u00f3n de Jes\u00fas, a sones de JOTAS<\/span><\/strong><\/p>\n<p>La Hermandad de Cofrad\u00edas de la Pasi\u00f3n de la Ciudad de Logro\u00f1o, ha organizado para el d\u00eda 22 de marzo de 2012,\u00a0 a las 20,30 en la Iglesia de Santa Mar\u00eda de Palacio, situada en la calle Marqu\u00e9s de San Nicol\u00e1s (Mayor)\u00a0 n\u00ba\u00a0\u00a033, con la Escuela de M\u00fasica Tradicional Bonifacio Gil, \u201cRecreaci\u00f3n de La Pasi\u00f3n\u201d a trav\u00e9s de la jota, \u00abSONES DE PASI\u00d3N\u00bb<\/p>\n<div class=\"mceTemp\">\n<div class=\"mceTemp mceIEcenter\" style=\"text-align: center\">\n<dl>\n<dt><a href=\"http:\/\/logronopasion.com\/portal\/wp-content\/uploads\/2012\/03\/clip_image0021.gif\"><img loading=\"lazy\" decoding=\"async\" class=\" wp-image-288\" src=\"http:\/\/logronopasion.com\/portal\/wp-content\/uploads\/2012\/03\/clip_image0021.gif\" alt=\"Bonifacio Gil Garc\u00eda. Director de M\u00fasica Militar. Music\u00f3logo y Folklorista (1898-1964)\" width=\"265\" height=\"263\" \/><\/a><\/dt>\n<dd>Bonifacio Gil Garc\u00eda. Director de M\u00fasica Militar. Music\u00f3logo y Folklorista (1898-1964)<\/dd>\n<\/dl>\n<\/div>\n<\/div>\n<div class=\"mceTemp\" style=\"text-align: center\"><span style=\"text-decoration: underline\">DATOS BIOGR\u00c1FICOS DE BONIFACIO<\/span><\/div>\n<p style=\"text-align: left\" align=\"center\">Nace en Santo Domingo de la Calzada(La Rioja) en el a\u00f1o 1.898 y desde muy peque\u00f1o, participa como ni\u00f1o cantor en el coro de la catedral.<\/p>\n<p style=\"text-align: left\">\u00a0En 1912, ingresa como tambor en el Regimiento de Infanter\u00eda \u00abLa Lealtad N\u00b0 22\u00bb de Burgos donde contin\u00faa los estudios de solfeo, y en 1917, es destinado en plaza de m\u00fasico de 3\u00aa(fliscorno) a la Banda de m\u00fasica de la Academia Militar de \u00c1vila donde compone el pasodoble \u00abViva Santo Domingo\u00bb\u00bb para piano y pianola y el \u00abCoronel Madariaga\u00bb para piano.<\/p>\n<p style=\"text-align: left\">En 1918, es destinado en plaza de m\u00fasico de 2\u00aa(fliscorno) al Regimiento de Infanter\u00eda \u00abZamora N\u00b0 8\u00bb de El Ferrol. All\u00ed compone el pasodoble \u00abUn recuerdo para piano\u00bb Al a\u00f1o siguiente, es destinado en plaza de m\u00fasico de I<sup>a <\/sup>al Regimiento de Infanter\u00eda \u00abLa Lealtad N\u00b0 30\u00bb de Burgos. Compone la \u00abCanci\u00f3n granadina\u00bb para piano.<\/p>\n<p style=\"text-align: left\">En 1920 Participa en la campa\u00f1a de Marruecos. Vuelve a Burgos y estudia armon\u00eda con el Padre Ota\u00f1o S. J., eminente music\u00f3logo. Compone el pasodoble \u00abRecuerdos de Galicia\u00bb para piano y \u00abEl ensayo para piano, cornetas y tambores\u00bb.<\/p>\n<p style=\"text-align: left\">En 1924, gana con el n\u00famero uno las oposiciones a Director de M\u00fasica Militar y es destinado al Regimiento de Infanter\u00eda \u00abCastilla 16\u00bb de Badajoz.<\/p>\n<p style=\"text-align: left\">En 1926 es condecorado con la Medalla del Homenaje. Compone el \u00abHimno del Regimiento Castilla 16\u00bb que se oficializa con letra del Capit\u00e1n Jos\u00e9 Calder\u00f3n y la marcha militar \u00abEspa\u00f1a en Axdir\u00bb que dedica a S. M. Alfonso XIII. Organiza la Conferencia-concierto en el Ateneo de Badajoz. Al a\u00f1o siguiente, el Conservatorio de M\u00fasica de Badajoz lo nombra Director y Profesor de Armon\u00eda. Crea el Orfe\u00f3n de Badajoz con coros de hombres y de ni\u00f1os. Como Miembro Colaborador del Centro de Estudios Extreme\u00f1os recoge m\u00e1s de ochocientas canciones populares y romances en Extremadura. Condecorado con dos medallas por su participaci\u00f3n en la Campa\u00f1a de Marruecos. Conferencia-concierto en el Teatro L\u00f3pez de Ayala de Badajoz.<\/p>\n<p style=\"text-align: left\">En 1930, es nombrado Director-Presidente de la Sociedad Coral e Instrumental \u00abSanta Cecilia\u00bb de Villafranca de los Barros (Badajoz). Publica el primer tomo del \u00abCancionero Popular de Extremadura\u00bb. \u00abPremio Nacional de M\u00fasica\u00bb, otorgado por el Ministerio de Instrucci\u00f3n P\u00fablica. Condecorado con la \u00abCruz dela Ordendel Santo Cristo de Portugal\u00bb por el Presidente Carmona. Compone un \u00abHimno Extremadura\u00bb con letra de D. Juan Hern\u00e1ndez para cinco voces mixtas y para banda. Ya en 1936, miembro de la Comisi\u00f3ndel III Congreso Internacional de Musicolog\u00eda de Barcelona, publica varios trabajos en la \u00abRevista de Estudios Extreme\u00f1os\u00bb. Compone \u00abNochebuena Extreme\u00f1a\u00bb poema sinf\u00f3nico para banda, \u00abPanaderas del Sur\u00bb para banda.<\/p>\n<p>En 1939, es colaborador de los Institutos \u00abDiego de Vel\u00e1zquez\u00bb y \u00abAntonio de Nebrija\u00bb del Consejo Superior de Investigaciones Cient\u00edficas (C.S.I.C) y armoniza para canto y piano varias canciones extreme\u00f1as del Cancionero.<\/p>\n<p>En 1941, es condecorado con la Cruz de la Real y Militar Orden de San Hermenegildo y dos a\u00f1os m\u00e1s tarde, es nombrado Acad\u00e9mico Correspondiente de la Real Academia de Bellas Artes de San Fernando y Consejero Secretario de la Secci\u00f3nde Cultura Popular del Centro de Estudios Extreme\u00f1os. Tambi\u00e9n es condecorado con la Placa de la Real y Militar Orden de San Hermenegildo. Compone \u00abPanor\u00e1mica\u00bb para orquesta. Asciende a Capit\u00e1n Director de M\u00fasica Militar.<\/p>\n<p>En 1944, realiza una misi\u00f3n de recogida de material folkl\u00f3rico en La Rioja, como Miembro Colaborador del Instituto de Musicolog\u00eda de Barcelona (C.S.I.C.)<\/p>\n<p>Dirige la Banda de M\u00fasica Municipal de Madrid y estrena el poema sinf\u00f3nico \u00abEn una aldea extreme\u00f1a\u00bb. Publica \u00abRomances Populares de Extremadura\u00bb. Al a\u00f1o siguiente, es nombrado Hijo Adoptivo de Badajoz. Premio Extraordinario del Instituto de Musicolog\u00eda de Barcelona (C.S.I.C), por una selecci\u00f3n de \u00abCantos Populares de Extremadura\u00bb. Compone la marcha militar \u00abDoce Divisi\u00f3n\u00bb para banda.\u00a0\u00a0\u00a0\u00a0\u00a0\u00a0\u00a0\u00a0\u00a0\u00a0\u00a0\u00a0\u00a0\u00a0\u00a0\u00a0\u00a0\u00a0\u00a0\u00a0\u00a0\u00a0\u00a0\u00a0\u00a0\u00a0<\/p>\n<p>En 1946 consigue el primer Premio del Instituto de Musicolog\u00eda de Barcelona (C.S.I.C.) por su trabajo \u00abCanciones Populares de Extremadura, Romances y Canciones Narrativas\u00bb. Es nombrado Director Honorario de la \u00abSociedad Filarm\u00f3nica\u00bb de Olivenza (Badajoz). Vocal de la Juntade Gobierno del Ateneo de Badajoz. Vicepresidente de la \u00abSociedad Filarm\u00f3nica\u00bb de Badajoz. Miembro del Instituto de Cultura Americana (Argentina). Realiza una misi\u00f3n de recogida de material folkl\u00f3rico en la provincia de Granada. En 1947, realiza una misi\u00f3n de recogida de material folkl\u00f3rico en la provincia de Ciudad Real. Traslada su domicilio a Madrid. Es nombrado Director de M\u00fasica del Regimiento de Infanter\u00eda \u00abAsturias N\u00b0 31\u00bb. Compone \u00abUn flamenco de lujo, Manuel de Falla\u00bb para orquesta.<\/p>\n<p>En 1948, es Premio del Instituto de Musicolog\u00eda de Barcelona (C.S.I.C.) por el trabajo \u00abHern\u00e1n Cort\u00e9s\u00bb. Realiza una misi\u00f3n de recogida de material folkl\u00f3rico en la provincia de Badajoz (Siberia Extreme\u00f1a). Medalla de Oro de la Asociaci\u00f3nde Cultura Literaria y Cient\u00edfica de Genova (Italia). Realiza una misi\u00f3n de recogida de material folkl\u00f3rico en la provincia de Toledo. Premio Extraordinario del Instituto de Musicolog\u00eda de Barcelona (C.S.I.C.) por su trabajo \u00abCanciones y Danzas Populares de Toledo y Extremadura\u00bb. Realiza una misi\u00f3n de recogida de material folkl\u00f3rico en la provincia de \u00c1vila. Conferencias en los Cursos de Verano para Extranjeros (Ministerio de Asuntos Exteriores) y en el C\u00edrculo Medina de Madrid. Edita el disco \u00abLas chicas de Logro\u00f1o\u00bb.<\/p>\n<p>Asciende a Comandante Director de M\u00fasica Militar. Conferencia en el Instituto de Cultura Hisp\u00e1nica y en el Ateneo de Madrid. Conferencia en la Instituci\u00f3n Alfonso El Magn\u00e1nimo de Alicante y en Vitoria. Socio de N\u00famero de la Asociaci\u00f3n Espa\u00f1olade Etnolog\u00eda y Folklore. Dirige en el Parque del Retiro de Madrid, la Banda Municipalde Madrid. Pronuncia varias conferencias en el Ateneo de Madrid, en el de Logro\u00f1o y en la Asociaci\u00f3n de Etnolog\u00eda y Folklore. Acad\u00e9mico correspondiente de la Real Academia y Ciencias Hist\u00f3ricas de Toledo.<\/p>\n<p>En 1954 es nombrado Presidente de Oposici\u00f3n a M\u00fasicos Militares, y Director de la Banda de M\u00fasica del Regimiento de Ingenieros N\u00b0 1. Vuelve a dar\u00a0 conferencias en el Ateneo y en el Instituto Internacional (Madrid) y conferencia enla Asociaci\u00f3n Espa\u00f1ola de Etnolog\u00eda y Folklore del C.S.I.C. Publica el segundo tomo del \u00abCancionero Popular de Extremadura\u00bb y el libro \u00abJugar y Cantar\u00bb. Compone el \u00abHimno del Cuatricentenario de Trujillo\u00bb (Venezuela) a cuatro voces y orquesta. Realiza una misi\u00f3n de recogida de material folkl\u00f3rico en la provincia de C\u00e1diz. Conferencia en la C\u00e1tedra\u00bbRamiro de Maeztu\u00bb y en la Escuela Diplom\u00e1tica (Madrid).<\/p>\n<p>En 1958 es nombrado delegado por Espa\u00f1a en la Conferencia Internacional de Folklore C\u00e9ltico en Edimburgo (Escocia). Da una conferencia en el Ateneo, C\u00edrculo Medina y en la Asociaci\u00f3n E.de Etnolog\u00eda y Folklore de Madrid. Ponencia en el Coloquio de Estudios Etnogr\u00e1ficos en Oporto (Portugal). Primer Premio del Instituto de Musicolog\u00eda de Barcelona (C.S.I.C.) por su colecci\u00f3n \u00abFolklore en varias provincias, en particular, de la de Toledo\u00bb. Publica \u00abEl libro de las canciones\u00bb y \u00abLa fama de Madrid\u00bb. Pasa a la situaci\u00f3n militar de retirado. Realiza una segunda misi\u00f3n de recogida de material folkl\u00f3rico en la provincia de \u00c1vila. Da conferencias en el C\u00edrculo Cultural Guipuzcoano, Instituto de Cultura Hisp\u00e1nica, y en la C\u00e1tedra\u00bbRamiro de Maeztu\u00bb. Edita el disco \u00abVillancicos del Sur\u00bb. Becario de la \u00abFundaci\u00f3n March\u00bb como autor y recopilador de la obra \u00abCancionero Taurino\u00bb y como autor de la m\u00fasica y libreto del \u00abOratorio Sinf\u00f3nico El Santo\u00bb dedicado a Santo Domingo de la Calzada.<\/p>\n<p>Miembro de la \u00abHispanic Society\u00bb de Nueva York. Miembro de la \u00abInternational Folk Council\u00bb de Londres. Realiza la segunda misi\u00f3n de recogida de material folkl\u00f3rico en la provincia de Granada. Miembro del Instituto Interamericano de Musicolog\u00eda de Montevideo (Uruguay). Conferencias en el Instituto de M\u00fasica Sacra y en el Instituto de Cultura Hisp\u00e1nica (Madrid).<\/p>\n<p>En1961, pronuncia varias Conferencias en la Universidad de la Sorbona y en el Colegio de Espa\u00f1a en Par\u00eds. Tambi\u00e9n en el C\u00edrculo V\u00e1zquez de Mella de Vitoria, en el Aula Musical de Lugo y en la Mesa de Burgos. \u00a0Edita los discos \u00abCanciones del olivar\u00bb, \u00abCanci\u00f3n de Siega\u00bb y \u00abCanciones y danzas de Espa\u00f1a\u00bb. Conferencias en la Diputaci\u00f3n Foral de \u00c1lava y en la Universidad de Murcia. Conferencias en Informaci\u00f3n y Turismo de La Corana, en el Instituto del Mar (Pontevedra) y en el Ateneo de Madrid. Es ponente en el Congreso Internacional de Etnograf\u00eda en Lisboa (Portugal).<\/p>\n<p>En 1964, publica el \u00abCancionero Infantil Universal\u00bb y el \u00abCancionero Taurino\u00bb. Conferencia en el Ateneo de Madrid, falleciendo el 23 de diciembre de ese a\u00f1o.<\/p>\n<p style=\"text-align: center\">HOMENAJES POSTUMOS<\/p>\n<p>En 1965, el Excmo. Ayuntamiento de Badajoz dedica una calle a su nombre. Homenaje \u00abIn Memoriam\u00bb de la Asociaci\u00f3n Espa\u00f1olay Folklore (C.S.I.C.) al que se adhiere la Revista de Etnograf\u00eda de Oporto que publica los discursos de dicho homenaje. Ya en 1971, es nombrado Hijo Predilecto de Santo Domingo de la Calzada a t\u00edtulo p\u00f3stumo, dedic\u00e1ndole una plaza en su pueblo natal.<\/p>\n<p>En 1980 y en el acto de disoluci\u00f3n de la Banda de M\u00fasica del Regimiento \u00abCastilla 16\u00bb se toca en homenaje a su antiguo Director, las obras compuestas por \u00e9l: \u00abHimno del Castilla 16\u00bb y el \u00abFandango de Alburquerque\u00bb.<\/p>\n<p>En 1985, se organiza un festival folkl\u00f3rico con motivo de la presentaci\u00f3n del \u00abCancionero de Extremadura\u00bb (Edici\u00f3n 1985). La Diputaci\u00f3n de Badajoz en junio de ese a\u00f1o, dedica a su nombre de una calle por el Excmo. De Montijo (Badajoz). \u00a0Al a\u00f1o siguiente dan igualmente su nombre al aula de \u00abInstrumentos de Viento y Metales\u00bb en el Conservatorio de M\u00fasica de Badajoz.<\/p>\n<p>En 1988, se dedica el \u00abD\u00eda del Libro\u00bb al \u00abCancionero Popular de La Rioja\u00bb. Y en abril EXPOSICI\u00d3N-HOMENAJE organizado por el Gobierno de la Rioja y Asociaci\u00f3n de Amigos de La Rioja. En diciembre y en Logro\u00f1o, se edita la obra \u00abBonifacio Gil y el Folklore Riojano\u00bb, que forma parte de dicho homenaje y recoge los art\u00edculos publicados por el Centro de Estudios Riojanos.<\/p>\n<p>En 1989, \u00a0EXPOSICI\u00d3N-HOMENAJE. Organizada por el Excmo. Ayuntamiento de Santo Domingo dela Calzada y la Asociaci\u00f3n Cultural Ayuela. En mayo, se celebra una misa cantada por el Orfe\u00f3n Riojano incluyendo obras de Bonifacio Gil con la actuaci\u00f3n de coros y danzas de folklore riojano.<\/p>\n<p>En 1991, se le dedica un HOMENAJE con motivo de la presentaci\u00f3n del \u00abCancionero Hist\u00f3rico Carlista\u00bb. En el Palacio de Bezaras. Haro (La Rioja). La Comunidad Aut\u00f3noma de la Rioja, crea el \u00abTaller de M\u00fasica Tradicional Bonifacio Gil\u00bb, adscrito al Conservatorio Profesional de M\u00fasica deLa Rioja.<\/p>\n<p>En 1992 sale el disco \u00abNavidad Extreme\u00f1a\u00bb por el Grupo Bancal de Villafranco (Badajoz) Al a\u00f1o siguiente el mismo grupo le brinda un homenaje discogr\u00e1fico con el disco \u00abHomenaje a Bonifacio Gil. Extremadura\u00bb.<\/p>\n<p>En 1997 y editado por el Diario Hoy sale a la luz el CD \u00abNavidad en Extremadura\u00bb por\u00a0 Coros del Conservatorio de M\u00fasica de Badajoz. Ya en 1988, se hace el CAT\u00c1LOGO de la Biblioteca de Bonifacio Gil Garc\u00eda (formada por el archivo y biblioteca donados por sus herederos). Biblioteca Central de La Rioja. Gobierno deLa Rioja. Consejer\u00eda de Cultura, Juventud y Deportes. Para conmemorar el centenario de su nacimiento se preparar el CONCIERTO-HOMENAJE en Santo Domingo dela Calzada(La Rioja), a cargo del Orfe\u00f3n y Orquesta de La Rioja. Tambien se dedica con su nombre, un aula en el Conservatorio de M\u00fasica de Montijo (Badajoz).<\/p>\n<p>En 2000, EXPOSICI\u00d3N-HOMENAJE en Villafiranca de los Barros (Badajoz) por la Federaci\u00f3n Extreme\u00f1ade Folklore y titulaci\u00f3n a su nombre de los \u00abFestivales Auton\u00f3micos de Folklore Extreme\u00f1os\u00bb. El Centro de Profesores y Recursos de Don Benito-ViIIanueva forma la Asociaci\u00f3n Regional de Maestros de M\u00fasica Bonifacio Gil.<\/p>\n<p>Hasta nuestros d\u00edas, hay muchas m\u00e1s celebraciones y homenajes. Su repertorio, es\u00a0amplio y muy variado. Villancicos, cantos populares, jotas, pasodobles, etc.<\/p>\n","protected":false},"excerpt":{"rendered":"<p>La Pasi\u00f3n de Jes\u00fas, a sones de JOTAS La Hermandad de Cofrad\u00edas de la Pasi\u00f3n de la Ciudad de Logro\u00f1o, ha organizado para el d\u00eda 22 de marzo de 2012,\u00a0 a las 20,30 en la Iglesia de Santa Mar\u00eda de Palacio, situada en la calle Marqu\u00e9s de San Nicol\u00e1s (Mayor)\u00a0 n\u00ba\u00a0\u00a033, con la Escuela de M\u00fasica Tradicional Bonifacio Gil, \u201cRecreaci\u00f3n de La Pasi\u00f3n\u201d a trav\u00e9s de la jota, \u00abSONES DE PASI\u00d3N\u00bb Bonifacio Gil Garc\u00eda. Director de M\u00fasica Militar. Music\u00f3logo y Folklorista (1898-1964) DATOS BIOGR\u00c1FICOS DE BONIFACIO Nace en Santo Domingo de la Calzada(La Rioja) en el a\u00f1o 1.898 y desde&hellip; <\/p>\n","protected":false},"author":2,"featured_media":0,"comment_status":"open","ping_status":"open","sticky":false,"template":"","format":"standard","meta":{"_bbp_topic_count":0,"_bbp_reply_count":0,"_bbp_total_topic_count":0,"_bbp_total_reply_count":0,"_bbp_voice_count":0,"_bbp_anonymous_reply_count":0,"_bbp_topic_count_hidden":0,"_bbp_reply_count_hidden":0,"_bbp_forum_subforum_count":0,"_crdt_document":"","footnotes":""},"categories":[1],"tags":[],"class_list":["post-286","post","type-post","status-publish","format-standard","hentry","category-noticias"],"yoast_head":"<!-- This site is optimized with the Yoast SEO plugin v27.5 - https:\/\/yoast.com\/product\/yoast-seo-wordpress\/ -->\n<title>&quot;SONES DE PASI\u00d3N&quot; - Logro\u00f1o Pasi\u00f3n<\/title>\n<meta name=\"robots\" content=\"index, follow, max-snippet:-1, max-image-preview:large, max-video-preview:-1\" \/>\n<link rel=\"canonical\" href=\"https:\/\/www.logronopasion.com\/portal\/sones-de-pasion\/\" \/>\n<meta property=\"og:locale\" content=\"es_ES\" \/>\n<meta property=\"og:type\" content=\"article\" \/>\n<meta property=\"og:title\" content=\"&quot;SONES DE PASI\u00d3N&quot; - Logro\u00f1o Pasi\u00f3n\" \/>\n<meta property=\"og:description\" content=\"La Pasi\u00f3n de Jes\u00fas, a sones de JOTAS La Hermandad de Cofrad\u00edas de la Pasi\u00f3n de la Ciudad de Logro\u00f1o, ha organizado para el d\u00eda 22 de marzo de 2012,\u00a0 a las 20,30 en la Iglesia de Santa Mar\u00eda de Palacio, situada en la calle Marqu\u00e9s de San Nicol\u00e1s (Mayor)\u00a0 n\u00ba\u00a0\u00a033, con la Escuela de M\u00fasica Tradicional Bonifacio Gil, \u201cRecreaci\u00f3n de La Pasi\u00f3n\u201d a trav\u00e9s de la jota, \u00abSONES DE PASI\u00d3N\u00bb Bonifacio Gil Garc\u00eda. Director de M\u00fasica Militar. Music\u00f3logo y Folklorista (1898-1964) DATOS BIOGR\u00c1FICOS DE BONIFACIO Nace en Santo Domingo de la Calzada(La Rioja) en el a\u00f1o 1.898 y desde&hellip;\" \/>\n<meta property=\"og:url\" content=\"https:\/\/www.logronopasion.com\/portal\/sones-de-pasion\/\" \/>\n<meta property=\"og:site_name\" content=\"Logro\u00f1o Pasi\u00f3n\" \/>\n<meta property=\"article:publisher\" content=\"https:\/\/www.facebook.com\/logronopasion\" \/>\n<meta property=\"article:published_time\" content=\"2012-03-21T17:22:36+00:00\" \/>\n<meta property=\"article:modified_time\" content=\"2012-03-21T17:25:54+00:00\" \/>\n<meta property=\"og:image\" content=\"http:\/\/logronopasion.com\/portal\/wp-content\/uploads\/2012\/03\/clip_image0021.gif\" \/>\n<meta name=\"author\" content=\"ROU\" \/>\n<meta name=\"twitter:card\" content=\"summary_large_image\" \/>\n<meta name=\"twitter:creator\" content=\"@LogronoPasion\" \/>\n<meta name=\"twitter:site\" content=\"@LogronoPasion\" \/>\n<meta name=\"twitter:label1\" content=\"Escrito por\" \/>\n\t<meta name=\"twitter:data1\" content=\"ROU\" \/>\n\t<meta name=\"twitter:label2\" content=\"Tiempo de lectura\" \/>\n\t<meta name=\"twitter:data2\" content=\"11 minutos\" \/>\n<script type=\"application\/ld+json\" class=\"yoast-schema-graph\">{\"@context\":\"https:\\\/\\\/schema.org\",\"@graph\":[{\"@type\":\"Article\",\"@id\":\"https:\\\/\\\/www.logronopasion.com\\\/portal\\\/sones-de-pasion\\\/#article\",\"isPartOf\":{\"@id\":\"https:\\\/\\\/www.logronopasion.com\\\/portal\\\/sones-de-pasion\\\/\"},\"author\":{\"name\":\"ROU\",\"@id\":\"https:\\\/\\\/www.logronopasion.com\\\/portal\\\/#\\\/schema\\\/person\\\/2f883c3fdb92c04e9616af63b5dcfcf2\"},\"headline\":\"\u00abSONES DE PASI\u00d3N\u00bb\",\"datePublished\":\"2012-03-21T17:22:36+00:00\",\"dateModified\":\"2012-03-21T17:25:54+00:00\",\"mainEntityOfPage\":{\"@id\":\"https:\\\/\\\/www.logronopasion.com\\\/portal\\\/sones-de-pasion\\\/\"},\"wordCount\":2171,\"commentCount\":0,\"publisher\":{\"@id\":\"https:\\\/\\\/www.logronopasion.com\\\/portal\\\/#organization\"},\"image\":{\"@id\":\"https:\\\/\\\/www.logronopasion.com\\\/portal\\\/sones-de-pasion\\\/#primaryimage\"},\"thumbnailUrl\":\"http:\\\/\\\/logronopasion.com\\\/portal\\\/wp-content\\\/uploads\\\/2012\\\/03\\\/clip_image0021.gif\",\"articleSection\":[\"Noticias \\\/ Actualidad\"],\"inLanguage\":\"es\",\"potentialAction\":[{\"@type\":\"CommentAction\",\"name\":\"Comment\",\"target\":[\"https:\\\/\\\/www.logronopasion.com\\\/portal\\\/sones-de-pasion\\\/#respond\"]}]},{\"@type\":\"WebPage\",\"@id\":\"https:\\\/\\\/www.logronopasion.com\\\/portal\\\/sones-de-pasion\\\/\",\"url\":\"https:\\\/\\\/www.logronopasion.com\\\/portal\\\/sones-de-pasion\\\/\",\"name\":\"\\\"SONES DE PASI\u00d3N\\\" - Logro\u00f1o Pasi\u00f3n\",\"isPartOf\":{\"@id\":\"https:\\\/\\\/www.logronopasion.com\\\/portal\\\/#website\"},\"primaryImageOfPage\":{\"@id\":\"https:\\\/\\\/www.logronopasion.com\\\/portal\\\/sones-de-pasion\\\/#primaryimage\"},\"image\":{\"@id\":\"https:\\\/\\\/www.logronopasion.com\\\/portal\\\/sones-de-pasion\\\/#primaryimage\"},\"thumbnailUrl\":\"http:\\\/\\\/logronopasion.com\\\/portal\\\/wp-content\\\/uploads\\\/2012\\\/03\\\/clip_image0021.gif\",\"datePublished\":\"2012-03-21T17:22:36+00:00\",\"dateModified\":\"2012-03-21T17:25:54+00:00\",\"inLanguage\":\"es\",\"potentialAction\":[{\"@type\":\"ReadAction\",\"target\":[\"https:\\\/\\\/www.logronopasion.com\\\/portal\\\/sones-de-pasion\\\/\"]}]},{\"@type\":\"ImageObject\",\"inLanguage\":\"es\",\"@id\":\"https:\\\/\\\/www.logronopasion.com\\\/portal\\\/sones-de-pasion\\\/#primaryimage\",\"url\":\"http:\\\/\\\/logronopasion.com\\\/portal\\\/wp-content\\\/uploads\\\/2012\\\/03\\\/clip_image0021.gif\",\"contentUrl\":\"http:\\\/\\\/logronopasion.com\\\/portal\\\/wp-content\\\/uploads\\\/2012\\\/03\\\/clip_image0021.gif\"},{\"@type\":\"WebSite\",\"@id\":\"https:\\\/\\\/www.logronopasion.com\\\/portal\\\/#website\",\"url\":\"https:\\\/\\\/www.logronopasion.com\\\/portal\\\/\",\"name\":\"Logro\u00f1o Pasi\u00f3n\",\"description\":\"Portal sobre la Semana Santa de Logro\u00f1o\",\"publisher\":{\"@id\":\"https:\\\/\\\/www.logronopasion.com\\\/portal\\\/#organization\"},\"potentialAction\":[{\"@type\":\"SearchAction\",\"target\":{\"@type\":\"EntryPoint\",\"urlTemplate\":\"https:\\\/\\\/www.logronopasion.com\\\/portal\\\/?s={search_term_string}\"},\"query-input\":{\"@type\":\"PropertyValueSpecification\",\"valueRequired\":true,\"valueName\":\"search_term_string\"}}],\"inLanguage\":\"es\"},{\"@type\":\"Organization\",\"@id\":\"https:\\\/\\\/www.logronopasion.com\\\/portal\\\/#organization\",\"name\":\"Logro\u00f1o Pasi\u00f3n\",\"url\":\"https:\\\/\\\/www.logronopasion.com\\\/portal\\\/\",\"logo\":{\"@type\":\"ImageObject\",\"inLanguage\":\"es\",\"@id\":\"https:\\\/\\\/www.logronopasion.com\\\/portal\\\/#\\\/schema\\\/logo\\\/image\\\/\",\"url\":\"https:\\\/\\\/i2.wp.com\\\/logronopasion.com\\\/portal\\\/wp-content\\\/uploads\\\/2019\\\/04\\\/cropped-Header-1.jpg?fit=312%2C212&ssl=1\",\"contentUrl\":\"https:\\\/\\\/i2.wp.com\\\/logronopasion.com\\\/portal\\\/wp-content\\\/uploads\\\/2019\\\/04\\\/cropped-Header-1.jpg?fit=312%2C212&ssl=1\",\"width\":312,\"height\":212,\"caption\":\"Logro\u00f1o Pasi\u00f3n\"},\"image\":{\"@id\":\"https:\\\/\\\/www.logronopasion.com\\\/portal\\\/#\\\/schema\\\/logo\\\/image\\\/\"},\"sameAs\":[\"https:\\\/\\\/www.facebook.com\\\/logronopasion\",\"https:\\\/\\\/x.com\\\/LogronoPasion\"]},{\"@type\":\"Person\",\"@id\":\"https:\\\/\\\/www.logronopasion.com\\\/portal\\\/#\\\/schema\\\/person\\\/2f883c3fdb92c04e9616af63b5dcfcf2\",\"name\":\"ROU\",\"image\":{\"@type\":\"ImageObject\",\"inLanguage\":\"es\",\"@id\":\"https:\\\/\\\/www.logronopasion.com\\\/portal\\\/wp-content\\\/uploads\\\/2021\\\/11\\\/16107_209547569181270_194186917_n-1-150x150.jpg\",\"url\":\"https:\\\/\\\/www.logronopasion.com\\\/portal\\\/wp-content\\\/uploads\\\/2021\\\/11\\\/16107_209547569181270_194186917_n-1-150x150.jpg\",\"contentUrl\":\"https:\\\/\\\/www.logronopasion.com\\\/portal\\\/wp-content\\\/uploads\\\/2021\\\/11\\\/16107_209547569181270_194186917_n-1-150x150.jpg\",\"caption\":\"ROU\"},\"url\":\"https:\\\/\\\/www.logronopasion.com\\\/portal\\\/author\\\/rou\\\/\"}]}<\/script>\n<!-- \/ Yoast SEO plugin. -->","yoast_head_json":{"title":"\"SONES DE PASI\u00d3N\" - Logro\u00f1o Pasi\u00f3n","robots":{"index":"index","follow":"follow","max-snippet":"max-snippet:-1","max-image-preview":"max-image-preview:large","max-video-preview":"max-video-preview:-1"},"canonical":"https:\/\/www.logronopasion.com\/portal\/sones-de-pasion\/","og_locale":"es_ES","og_type":"article","og_title":"\"SONES DE PASI\u00d3N\" - Logro\u00f1o Pasi\u00f3n","og_description":"La Pasi\u00f3n de Jes\u00fas, a sones de JOTAS La Hermandad de Cofrad\u00edas de la Pasi\u00f3n de la Ciudad de Logro\u00f1o, ha organizado para el d\u00eda 22 de marzo de 2012,\u00a0 a las 20,30 en la Iglesia de Santa Mar\u00eda de Palacio, situada en la calle Marqu\u00e9s de San Nicol\u00e1s (Mayor)\u00a0 n\u00ba\u00a0\u00a033, con la Escuela de M\u00fasica Tradicional Bonifacio Gil, \u201cRecreaci\u00f3n de La Pasi\u00f3n\u201d a trav\u00e9s de la jota, \u00abSONES DE PASI\u00d3N\u00bb Bonifacio Gil Garc\u00eda. Director de M\u00fasica Militar. Music\u00f3logo y Folklorista (1898-1964) DATOS BIOGR\u00c1FICOS DE BONIFACIO Nace en Santo Domingo de la Calzada(La Rioja) en el a\u00f1o 1.898 y desde&hellip;","og_url":"https:\/\/www.logronopasion.com\/portal\/sones-de-pasion\/","og_site_name":"Logro\u00f1o Pasi\u00f3n","article_publisher":"https:\/\/www.facebook.com\/logronopasion","article_published_time":"2012-03-21T17:22:36+00:00","article_modified_time":"2012-03-21T17:25:54+00:00","og_image":[{"url":"http:\/\/logronopasion.com\/portal\/wp-content\/uploads\/2012\/03\/clip_image0021.gif","type":"","width":"","height":""}],"author":"ROU","twitter_card":"summary_large_image","twitter_creator":"@LogronoPasion","twitter_site":"@LogronoPasion","twitter_misc":{"Escrito por":"ROU","Tiempo de lectura":"11 minutos"},"schema":{"@context":"https:\/\/schema.org","@graph":[{"@type":"Article","@id":"https:\/\/www.logronopasion.com\/portal\/sones-de-pasion\/#article","isPartOf":{"@id":"https:\/\/www.logronopasion.com\/portal\/sones-de-pasion\/"},"author":{"name":"ROU","@id":"https:\/\/www.logronopasion.com\/portal\/#\/schema\/person\/2f883c3fdb92c04e9616af63b5dcfcf2"},"headline":"\u00abSONES DE PASI\u00d3N\u00bb","datePublished":"2012-03-21T17:22:36+00:00","dateModified":"2012-03-21T17:25:54+00:00","mainEntityOfPage":{"@id":"https:\/\/www.logronopasion.com\/portal\/sones-de-pasion\/"},"wordCount":2171,"commentCount":0,"publisher":{"@id":"https:\/\/www.logronopasion.com\/portal\/#organization"},"image":{"@id":"https:\/\/www.logronopasion.com\/portal\/sones-de-pasion\/#primaryimage"},"thumbnailUrl":"http:\/\/logronopasion.com\/portal\/wp-content\/uploads\/2012\/03\/clip_image0021.gif","articleSection":["Noticias \/ Actualidad"],"inLanguage":"es","potentialAction":[{"@type":"CommentAction","name":"Comment","target":["https:\/\/www.logronopasion.com\/portal\/sones-de-pasion\/#respond"]}]},{"@type":"WebPage","@id":"https:\/\/www.logronopasion.com\/portal\/sones-de-pasion\/","url":"https:\/\/www.logronopasion.com\/portal\/sones-de-pasion\/","name":"\"SONES DE PASI\u00d3N\" - Logro\u00f1o Pasi\u00f3n","isPartOf":{"@id":"https:\/\/www.logronopasion.com\/portal\/#website"},"primaryImageOfPage":{"@id":"https:\/\/www.logronopasion.com\/portal\/sones-de-pasion\/#primaryimage"},"image":{"@id":"https:\/\/www.logronopasion.com\/portal\/sones-de-pasion\/#primaryimage"},"thumbnailUrl":"http:\/\/logronopasion.com\/portal\/wp-content\/uploads\/2012\/03\/clip_image0021.gif","datePublished":"2012-03-21T17:22:36+00:00","dateModified":"2012-03-21T17:25:54+00:00","inLanguage":"es","potentialAction":[{"@type":"ReadAction","target":["https:\/\/www.logronopasion.com\/portal\/sones-de-pasion\/"]}]},{"@type":"ImageObject","inLanguage":"es","@id":"https:\/\/www.logronopasion.com\/portal\/sones-de-pasion\/#primaryimage","url":"http:\/\/logronopasion.com\/portal\/wp-content\/uploads\/2012\/03\/clip_image0021.gif","contentUrl":"http:\/\/logronopasion.com\/portal\/wp-content\/uploads\/2012\/03\/clip_image0021.gif"},{"@type":"WebSite","@id":"https:\/\/www.logronopasion.com\/portal\/#website","url":"https:\/\/www.logronopasion.com\/portal\/","name":"Logro\u00f1o Pasi\u00f3n","description":"Portal sobre la Semana Santa de Logro\u00f1o","publisher":{"@id":"https:\/\/www.logronopasion.com\/portal\/#organization"},"potentialAction":[{"@type":"SearchAction","target":{"@type":"EntryPoint","urlTemplate":"https:\/\/www.logronopasion.com\/portal\/?s={search_term_string}"},"query-input":{"@type":"PropertyValueSpecification","valueRequired":true,"valueName":"search_term_string"}}],"inLanguage":"es"},{"@type":"Organization","@id":"https:\/\/www.logronopasion.com\/portal\/#organization","name":"Logro\u00f1o Pasi\u00f3n","url":"https:\/\/www.logronopasion.com\/portal\/","logo":{"@type":"ImageObject","inLanguage":"es","@id":"https:\/\/www.logronopasion.com\/portal\/#\/schema\/logo\/image\/","url":"https:\/\/i2.wp.com\/logronopasion.com\/portal\/wp-content\/uploads\/2019\/04\/cropped-Header-1.jpg?fit=312%2C212&ssl=1","contentUrl":"https:\/\/i2.wp.com\/logronopasion.com\/portal\/wp-content\/uploads\/2019\/04\/cropped-Header-1.jpg?fit=312%2C212&ssl=1","width":312,"height":212,"caption":"Logro\u00f1o Pasi\u00f3n"},"image":{"@id":"https:\/\/www.logronopasion.com\/portal\/#\/schema\/logo\/image\/"},"sameAs":["https:\/\/www.facebook.com\/logronopasion","https:\/\/x.com\/LogronoPasion"]},{"@type":"Person","@id":"https:\/\/www.logronopasion.com\/portal\/#\/schema\/person\/2f883c3fdb92c04e9616af63b5dcfcf2","name":"ROU","image":{"@type":"ImageObject","inLanguage":"es","@id":"https:\/\/www.logronopasion.com\/portal\/wp-content\/uploads\/2021\/11\/16107_209547569181270_194186917_n-1-150x150.jpg","url":"https:\/\/www.logronopasion.com\/portal\/wp-content\/uploads\/2021\/11\/16107_209547569181270_194186917_n-1-150x150.jpg","contentUrl":"https:\/\/www.logronopasion.com\/portal\/wp-content\/uploads\/2021\/11\/16107_209547569181270_194186917_n-1-150x150.jpg","caption":"ROU"},"url":"https:\/\/www.logronopasion.com\/portal\/author\/rou\/"}]}},"_links":{"self":[{"href":"https:\/\/www.logronopasion.com\/portal\/wp-json\/wp\/v2\/posts\/286","targetHints":{"allow":["GET"]}}],"collection":[{"href":"https:\/\/www.logronopasion.com\/portal\/wp-json\/wp\/v2\/posts"}],"about":[{"href":"https:\/\/www.logronopasion.com\/portal\/wp-json\/wp\/v2\/types\/post"}],"author":[{"embeddable":true,"href":"https:\/\/www.logronopasion.com\/portal\/wp-json\/wp\/v2\/users\/2"}],"replies":[{"embeddable":true,"href":"https:\/\/www.logronopasion.com\/portal\/wp-json\/wp\/v2\/comments?post=286"}],"version-history":[{"count":4,"href":"https:\/\/www.logronopasion.com\/portal\/wp-json\/wp\/v2\/posts\/286\/revisions"}],"predecessor-version":[{"id":292,"href":"https:\/\/www.logronopasion.com\/portal\/wp-json\/wp\/v2\/posts\/286\/revisions\/292"}],"wp:attachment":[{"href":"https:\/\/www.logronopasion.com\/portal\/wp-json\/wp\/v2\/media?parent=286"}],"wp:term":[{"taxonomy":"category","embeddable":true,"href":"https:\/\/www.logronopasion.com\/portal\/wp-json\/wp\/v2\/categories?post=286"},{"taxonomy":"post_tag","embeddable":true,"href":"https:\/\/www.logronopasion.com\/portal\/wp-json\/wp\/v2\/tags?post=286"}],"curies":[{"name":"wp","href":"https:\/\/api.w.org\/{rel}","templated":true}]}}