{"id":3733,"date":"2014-05-13T12:04:38","date_gmt":"2014-05-13T12:04:38","guid":{"rendered":"http:\/\/logronopasion.com\/portal\/?p=3733"},"modified":"2014-05-13T12:06:11","modified_gmt":"2014-05-13T12:06:11","slug":"vamos-expropiar-mezquitas-por-carlos-herrera","status":"publish","type":"post","link":"https:\/\/www.logronopasion.com\/portal\/vamos-expropiar-mezquitas-por-carlos-herrera\/","title":{"rendered":"\u00a1Vamos a expropiar mezquitas! por Carlos Herrera"},"content":{"rendered":"<p>Ignoro qui\u00e9n es el propietario de la Catedral de Sevilla. O qui\u00e9n posee la Bas\u00edlica del Pilar. O qui\u00e9n es el due\u00f1o del Obradoiro. Supongo que la Junta de Andaluc\u00eda, el Gobierno de Arag\u00f3n y la Xunta gallega. De no ser as\u00ed, no acabo de comprender el empecinamiento de la izquierda andaluza por expropiar la Mezquita Catedral de C\u00f3rdoba, en manos de la Iglesia cat\u00f3lica desde hace algo m\u00e1s de setecientos a\u00f1os. Y \u00bfpara qu\u00e9 la quiere?, \u00bfpara que est\u00e9 abierta y al alcance de cualquiera que quiera visitarla?: si ya lo est\u00e1, magn\u00edficamente conservada, abierta en horarios de culto y de visita tur\u00edstica&#8230;<\/p>\n<p><a href=\"http:\/\/logronopasion.com\/portal\/wp-content\/uploads\/2014\/05\/Mezquita-de-C\u00f3rdoba.jpg\"><img loading=\"lazy\" decoding=\"async\" class=\"aligncenter wp-image-3735 \" src=\"http:\/\/logronopasion.com\/portal\/wp-content\/uploads\/2014\/05\/Mezquita-de-C\u00f3rdoba-300x208.jpg\" alt=\"Mezquita de C\u00f3rdoba\" width=\"487\" height=\"337\" srcset=\"https:\/\/www.logronopasion.com\/portal\/wp-content\/uploads\/2014\/05\/Mezquita-de-C\u00f3rdoba-300x208.jpg 300w, https:\/\/www.logronopasion.com\/portal\/wp-content\/uploads\/2014\/05\/Mezquita-de-C\u00f3rdoba.jpg 800w\" sizes=\"auto, (max-width: 487px) 100vw, 487px\" \/><\/a><br \/>\n\u00bfEntonces? D\u00e9jenme que piense. De no ser que la Junta gobernada por el PSOE e IU quiera dar satisfacci\u00f3n a las tradicionales diarreas anticlericales de varios colectivos y obligar a poner al servicio del rezo isl\u00e1mico toda una catedral cat\u00f3lica, no se me ocurre otra pretensi\u00f3n, especialmente si lo primero que aducen las autoridades es que, a pesar del cambio de titularidad, la Iglesia seguir\u00eda gestionando tal impresionante monumento. Esa malicia me viene a la cabeza comprobando qui\u00e9n respalda la campa\u00f1a nacional e internacional que un par de individuos han desatado por medio mundo: Junta Isl\u00e1mica e Instituto Halal, adem\u00e1s de una buena serie de tontos \u00fatiles de la izquierda mundial. En viendo qui\u00e9nes son y qui\u00e9nes subvencionan&#8230;<\/p>\n<p>C\u00f3rdoba y su Mezquita es enormemente peculiar. Tras muchos a\u00f1os de gobierno comunista se ha extendido la costumbre de crear cientos de plataformas y movimientos con los m\u00e1s variados fines, aunque casi todos manejados por la izquierda local, ora tolerante, ora montaraz. La Plataforma para la Expropiaci\u00f3n de la Mezquita no es m\u00e1s que otra de las muchas creadas en los \u00faltimos a\u00f1os la mayor\u00eda, absurdas, con la diferencia en este caso del \u00e9xito que siempre obtiene cualquier actividad anticlerical. \u00a1Quitarles la Mezquita a los curas! \u00a1Qu\u00e9 pelotazo!Poco importa que les argumentes que no hay una sola raz\u00f3n ni hist\u00f3rica ni art\u00edstica para que la Mezquita Catedral no sea de la Iglesia. Y, l\u00f3gicamente y por extensi\u00f3n, de todos los cat\u00f3licos y de quienes quieran visitarla (a los cuales no se les pregunta lo que creen ni lo que dejan de creer). Te aseguran que la titularidad p\u00fablica garantiza su pertenencia a la comunidad y poco m\u00e1s y que la misma permite controlar la gesti\u00f3n y conservaci\u00f3n del templo.<\/p>\n<p>Pero en ello no puede haber duda alguna porque el monumento est\u00e1 como una patena y el Obispado ha invertido en su conservaci\u00f3n veinte millones de euros en los \u00faltimos veinte a\u00f1os (la Junta, tres, y el Ayuntamiento, nada). T\u00fa puedes expropiar algo deteriorado, en ruina (pagando por ello, por supuesto), pero no por un simple capricho pol\u00edtico social, firmen cuantos firmen la proclama. El Estado de derecho garantiza mediante la acci\u00f3n de los tribunales que ninguna pol\u00edtica de bander\u00edas te quite lo que es tuyo; es decir, que no venga aqu\u00ed el mangante del S\u00e1nchez Gordillo o del Ca\u00f1amero de turno a quedarse con lo tuyo \u00b4en nombre del pueblo\u00b4. El ordenamiento jur\u00eddico felizmente lo impide, y saben perfectamente los jefezuelos de la Junta que el caso lo tienen perdido. Otra cosa es que se quieran dar por enterados.<\/p>\n<p>De la misma manera que ser\u00eda irracional (como dijo acertadamente Susana D\u00edaz) suprimir el nombre de \u00b4Mezquita\u00b4 (cosa que no s\u00e9 si ha llegado a proponer alguien), tambi\u00e9n lo es dejarse llevar por las reacciones viscerales y anticlericales de unos cuantos illuminatis. En 1236 se consagr\u00f3 la Catedral sin que ello perjudicara la bell\u00edsima arquitectura musulmana. Desde entonces, la posesi\u00f3n p\u00fablica y pac\u00edfica ha correspondido a la Iglesia, la cual hizo posible la conservaci\u00f3n del monumento que le ha valido la declaraci\u00f3n de Patrimonio de la Humanidad por la Unesco. Que no peligra, por cierto, como ya se ha encargado de aclarar el organismo internacional.<\/p>\n<p>Por lo tanto, que la Junta se deje de seguidismos est\u00fapidos y se dedique a gestionar de forma m\u00e1s satisfactoria los museos y monumentos que tiene a su cargo. Y que piense en el rid\u00edculo que supondr\u00eda ponerse ahora a expropiar los c\u00e9lebres Patios cordobeses. Titularidad p\u00fablica y gesti\u00f3n privada, claro.Valiente partida de mamarrachos. Como si esto fuera una nueva Desamortizaci\u00f3n reclamada en masa por \u00b4el pueblo\u00b4.<\/p>\n<p>Carlos Herrera<\/p>\n<p><a href=\"http:\/\/logronopasion.com\/portal\/wp-content\/uploads\/2014\/05\/Carlos-Herrera.jpg\"><img loading=\"lazy\" decoding=\"async\" class=\"alignleft wp-image-3734 \" src=\"http:\/\/logronopasion.com\/portal\/wp-content\/uploads\/2014\/05\/Carlos-Herrera-150x150.jpg\" alt=\"Carlos Herrera\" width=\"121\" height=\"121\" \/><\/a><\/p>\n<p>&nbsp;<\/p>\n<p>&nbsp;<\/p>\n<p>&nbsp;<\/p>\n<p>&nbsp;<\/p>\n<p>&nbsp;<\/p>\n<p>&nbsp;<\/p>\n","protected":false},"excerpt":{"rendered":"<p>Ignoro qui\u00e9n es el propietario de la Catedral de Sevilla. O qui\u00e9n posee la Bas\u00edlica del Pilar. O qui\u00e9n es el due\u00f1o del Obradoiro. Supongo que la Junta de Andaluc\u00eda, el Gobierno de Arag\u00f3n y la Xunta gallega. De no ser as\u00ed, no acabo de comprender el empecinamiento de la izquierda andaluza por expropiar la Mezquita Catedral de C\u00f3rdoba, en manos de la Iglesia cat\u00f3lica desde hace algo m\u00e1s de setecientos a\u00f1os. Y \u00bfpara qu\u00e9 la quiere?, \u00bfpara que est\u00e9 abierta y al alcance de cualquiera que quiera visitarla?: si ya lo est\u00e1, magn\u00edficamente conservada, abierta en horarios de culto&hellip; <\/p>\n","protected":false},"author":2,"featured_media":0,"comment_status":"open","ping_status":"open","sticky":false,"template":"","format":"standard","meta":{"_bbp_topic_count":0,"_bbp_reply_count":0,"_bbp_total_topic_count":0,"_bbp_total_reply_count":0,"_bbp_voice_count":0,"_bbp_anonymous_reply_count":0,"_bbp_topic_count_hidden":0,"_bbp_reply_count_hidden":0,"_bbp_forum_subforum_count":0,"_crdt_document":"","footnotes":""},"categories":[1],"tags":[],"class_list":["post-3733","post","type-post","status-publish","format-standard","hentry","category-noticias"],"yoast_head":"<!-- This site is optimized with the Yoast SEO plugin v27.4 - https:\/\/yoast.com\/product\/yoast-seo-wordpress\/ -->\n<title>\u00a1Vamos a expropiar mezquitas! por Carlos Herrera<\/title>\n<meta name=\"description\" content=\"\u00a1Vamos a expropiar mezquitas! por Carlos Herrera\" \/>\n<meta name=\"robots\" content=\"index, follow, max-snippet:-1, max-image-preview:large, max-video-preview:-1\" \/>\n<link rel=\"canonical\" href=\"https:\/\/www.logronopasion.com\/portal\/vamos-expropiar-mezquitas-por-carlos-herrera\/\" \/>\n<meta property=\"og:locale\" content=\"es_ES\" \/>\n<meta property=\"og:type\" content=\"article\" \/>\n<meta property=\"og:title\" content=\"\u00a1Vamos a expropiar mezquitas! por Carlos Herrera\" \/>\n<meta property=\"og:description\" content=\"\u00a1Vamos a expropiar mezquitas! por Carlos Herrera\" \/>\n<meta property=\"og:url\" content=\"https:\/\/www.logronopasion.com\/portal\/vamos-expropiar-mezquitas-por-carlos-herrera\/\" \/>\n<meta property=\"og:site_name\" content=\"Logro\u00f1o Pasi\u00f3n\" \/>\n<meta property=\"article:publisher\" content=\"https:\/\/www.facebook.com\/logronopasion\" \/>\n<meta property=\"article:published_time\" content=\"2014-05-13T12:04:38+00:00\" \/>\n<meta property=\"article:modified_time\" content=\"2014-05-13T12:06:11+00:00\" \/>\n<meta property=\"og:image\" content=\"http:\/\/logronopasion.com\/portal\/wp-content\/uploads\/2014\/05\/Carlos-Herrera-150x150.jpg\" \/>\n<meta name=\"author\" content=\"ROU\" \/>\n<meta name=\"twitter:card\" content=\"summary_large_image\" \/>\n<meta name=\"twitter:creator\" content=\"@LogronoPasion\" \/>\n<meta name=\"twitter:site\" content=\"@LogronoPasion\" \/>\n<meta name=\"twitter:label1\" content=\"Escrito por\" \/>\n\t<meta name=\"twitter:data1\" content=\"ROU\" \/>\n\t<meta name=\"twitter:label2\" content=\"Tiempo de lectura\" \/>\n\t<meta name=\"twitter:data2\" content=\"4 minutos\" \/>\n<script type=\"application\/ld+json\" class=\"yoast-schema-graph\">{\"@context\":\"https:\\\/\\\/schema.org\",\"@graph\":[{\"@type\":\"Article\",\"@id\":\"https:\\\/\\\/www.logronopasion.com\\\/portal\\\/vamos-expropiar-mezquitas-por-carlos-herrera\\\/#article\",\"isPartOf\":{\"@id\":\"https:\\\/\\\/www.logronopasion.com\\\/portal\\\/vamos-expropiar-mezquitas-por-carlos-herrera\\\/\"},\"author\":{\"name\":\"ROU\",\"@id\":\"https:\\\/\\\/www.logronopasion.com\\\/portal\\\/#\\\/schema\\\/person\\\/2f883c3fdb92c04e9616af63b5dcfcf2\"},\"headline\":\"\u00a1Vamos a expropiar mezquitas! por Carlos Herrera\",\"datePublished\":\"2014-05-13T12:04:38+00:00\",\"dateModified\":\"2014-05-13T12:06:11+00:00\",\"mainEntityOfPage\":{\"@id\":\"https:\\\/\\\/www.logronopasion.com\\\/portal\\\/vamos-expropiar-mezquitas-por-carlos-herrera\\\/\"},\"wordCount\":787,\"commentCount\":0,\"publisher\":{\"@id\":\"https:\\\/\\\/www.logronopasion.com\\\/portal\\\/#organization\"},\"image\":{\"@id\":\"https:\\\/\\\/www.logronopasion.com\\\/portal\\\/vamos-expropiar-mezquitas-por-carlos-herrera\\\/#primaryimage\"},\"thumbnailUrl\":\"http:\\\/\\\/logronopasion.com\\\/portal\\\/wp-content\\\/uploads\\\/2014\\\/05\\\/Carlos-Herrera-150x150.jpg\",\"articleSection\":[\"Noticias \\\/ Actualidad\"],\"inLanguage\":\"es\",\"potentialAction\":[{\"@type\":\"CommentAction\",\"name\":\"Comment\",\"target\":[\"https:\\\/\\\/www.logronopasion.com\\\/portal\\\/vamos-expropiar-mezquitas-por-carlos-herrera\\\/#respond\"]}]},{\"@type\":\"WebPage\",\"@id\":\"https:\\\/\\\/www.logronopasion.com\\\/portal\\\/vamos-expropiar-mezquitas-por-carlos-herrera\\\/\",\"url\":\"https:\\\/\\\/www.logronopasion.com\\\/portal\\\/vamos-expropiar-mezquitas-por-carlos-herrera\\\/\",\"name\":\"\u00a1Vamos a expropiar mezquitas! por Carlos Herrera\",\"isPartOf\":{\"@id\":\"https:\\\/\\\/www.logronopasion.com\\\/portal\\\/#website\"},\"primaryImageOfPage\":{\"@id\":\"https:\\\/\\\/www.logronopasion.com\\\/portal\\\/vamos-expropiar-mezquitas-por-carlos-herrera\\\/#primaryimage\"},\"image\":{\"@id\":\"https:\\\/\\\/www.logronopasion.com\\\/portal\\\/vamos-expropiar-mezquitas-por-carlos-herrera\\\/#primaryimage\"},\"thumbnailUrl\":\"http:\\\/\\\/logronopasion.com\\\/portal\\\/wp-content\\\/uploads\\\/2014\\\/05\\\/Carlos-Herrera-150x150.jpg\",\"datePublished\":\"2014-05-13T12:04:38+00:00\",\"dateModified\":\"2014-05-13T12:06:11+00:00\",\"description\":\"\u00a1Vamos a expropiar mezquitas! por Carlos Herrera\",\"inLanguage\":\"es\",\"potentialAction\":[{\"@type\":\"ReadAction\",\"target\":[\"https:\\\/\\\/www.logronopasion.com\\\/portal\\\/vamos-expropiar-mezquitas-por-carlos-herrera\\\/\"]}]},{\"@type\":\"ImageObject\",\"inLanguage\":\"es\",\"@id\":\"https:\\\/\\\/www.logronopasion.com\\\/portal\\\/vamos-expropiar-mezquitas-por-carlos-herrera\\\/#primaryimage\",\"url\":\"http:\\\/\\\/logronopasion.com\\\/portal\\\/wp-content\\\/uploads\\\/2014\\\/05\\\/Carlos-Herrera-150x150.jpg\",\"contentUrl\":\"http:\\\/\\\/logronopasion.com\\\/portal\\\/wp-content\\\/uploads\\\/2014\\\/05\\\/Carlos-Herrera-150x150.jpg\"},{\"@type\":\"WebSite\",\"@id\":\"https:\\\/\\\/www.logronopasion.com\\\/portal\\\/#website\",\"url\":\"https:\\\/\\\/www.logronopasion.com\\\/portal\\\/\",\"name\":\"Logro\u00f1o Pasi\u00f3n\",\"description\":\"Portal sobre la Semana Santa de Logro\u00f1o\",\"publisher\":{\"@id\":\"https:\\\/\\\/www.logronopasion.com\\\/portal\\\/#organization\"},\"potentialAction\":[{\"@type\":\"SearchAction\",\"target\":{\"@type\":\"EntryPoint\",\"urlTemplate\":\"https:\\\/\\\/www.logronopasion.com\\\/portal\\\/?s={search_term_string}\"},\"query-input\":{\"@type\":\"PropertyValueSpecification\",\"valueRequired\":true,\"valueName\":\"search_term_string\"}}],\"inLanguage\":\"es\"},{\"@type\":\"Organization\",\"@id\":\"https:\\\/\\\/www.logronopasion.com\\\/portal\\\/#organization\",\"name\":\"Logro\u00f1o Pasi\u00f3n\",\"url\":\"https:\\\/\\\/www.logronopasion.com\\\/portal\\\/\",\"logo\":{\"@type\":\"ImageObject\",\"inLanguage\":\"es\",\"@id\":\"https:\\\/\\\/www.logronopasion.com\\\/portal\\\/#\\\/schema\\\/logo\\\/image\\\/\",\"url\":\"https:\\\/\\\/i2.wp.com\\\/logronopasion.com\\\/portal\\\/wp-content\\\/uploads\\\/2019\\\/04\\\/cropped-Header-1.jpg?fit=312%2C212&ssl=1\",\"contentUrl\":\"https:\\\/\\\/i2.wp.com\\\/logronopasion.com\\\/portal\\\/wp-content\\\/uploads\\\/2019\\\/04\\\/cropped-Header-1.jpg?fit=312%2C212&ssl=1\",\"width\":312,\"height\":212,\"caption\":\"Logro\u00f1o Pasi\u00f3n\"},\"image\":{\"@id\":\"https:\\\/\\\/www.logronopasion.com\\\/portal\\\/#\\\/schema\\\/logo\\\/image\\\/\"},\"sameAs\":[\"https:\\\/\\\/www.facebook.com\\\/logronopasion\",\"https:\\\/\\\/x.com\\\/LogronoPasion\"]},{\"@type\":\"Person\",\"@id\":\"https:\\\/\\\/www.logronopasion.com\\\/portal\\\/#\\\/schema\\\/person\\\/2f883c3fdb92c04e9616af63b5dcfcf2\",\"name\":\"ROU\",\"image\":{\"@type\":\"ImageObject\",\"inLanguage\":\"es\",\"@id\":\"https:\\\/\\\/www.logronopasion.com\\\/portal\\\/wp-content\\\/uploads\\\/2021\\\/11\\\/16107_209547569181270_194186917_n-1-150x150.jpg\",\"url\":\"https:\\\/\\\/www.logronopasion.com\\\/portal\\\/wp-content\\\/uploads\\\/2021\\\/11\\\/16107_209547569181270_194186917_n-1-150x150.jpg\",\"contentUrl\":\"https:\\\/\\\/www.logronopasion.com\\\/portal\\\/wp-content\\\/uploads\\\/2021\\\/11\\\/16107_209547569181270_194186917_n-1-150x150.jpg\",\"caption\":\"ROU\"},\"url\":\"https:\\\/\\\/www.logronopasion.com\\\/portal\\\/author\\\/rou\\\/\"}]}<\/script>\n<!-- \/ Yoast SEO plugin. -->","yoast_head_json":{"title":"\u00a1Vamos a expropiar mezquitas! por Carlos Herrera","description":"\u00a1Vamos a expropiar mezquitas! por Carlos Herrera","robots":{"index":"index","follow":"follow","max-snippet":"max-snippet:-1","max-image-preview":"max-image-preview:large","max-video-preview":"max-video-preview:-1"},"canonical":"https:\/\/www.logronopasion.com\/portal\/vamos-expropiar-mezquitas-por-carlos-herrera\/","og_locale":"es_ES","og_type":"article","og_title":"\u00a1Vamos a expropiar mezquitas! por Carlos Herrera","og_description":"\u00a1Vamos a expropiar mezquitas! por Carlos Herrera","og_url":"https:\/\/www.logronopasion.com\/portal\/vamos-expropiar-mezquitas-por-carlos-herrera\/","og_site_name":"Logro\u00f1o Pasi\u00f3n","article_publisher":"https:\/\/www.facebook.com\/logronopasion","article_published_time":"2014-05-13T12:04:38+00:00","article_modified_time":"2014-05-13T12:06:11+00:00","og_image":[{"url":"http:\/\/logronopasion.com\/portal\/wp-content\/uploads\/2014\/05\/Carlos-Herrera-150x150.jpg","type":"","width":"","height":""}],"author":"ROU","twitter_card":"summary_large_image","twitter_creator":"@LogronoPasion","twitter_site":"@LogronoPasion","twitter_misc":{"Escrito por":"ROU","Tiempo de lectura":"4 minutos"},"schema":{"@context":"https:\/\/schema.org","@graph":[{"@type":"Article","@id":"https:\/\/www.logronopasion.com\/portal\/vamos-expropiar-mezquitas-por-carlos-herrera\/#article","isPartOf":{"@id":"https:\/\/www.logronopasion.com\/portal\/vamos-expropiar-mezquitas-por-carlos-herrera\/"},"author":{"name":"ROU","@id":"https:\/\/www.logronopasion.com\/portal\/#\/schema\/person\/2f883c3fdb92c04e9616af63b5dcfcf2"},"headline":"\u00a1Vamos a expropiar mezquitas! por Carlos Herrera","datePublished":"2014-05-13T12:04:38+00:00","dateModified":"2014-05-13T12:06:11+00:00","mainEntityOfPage":{"@id":"https:\/\/www.logronopasion.com\/portal\/vamos-expropiar-mezquitas-por-carlos-herrera\/"},"wordCount":787,"commentCount":0,"publisher":{"@id":"https:\/\/www.logronopasion.com\/portal\/#organization"},"image":{"@id":"https:\/\/www.logronopasion.com\/portal\/vamos-expropiar-mezquitas-por-carlos-herrera\/#primaryimage"},"thumbnailUrl":"http:\/\/logronopasion.com\/portal\/wp-content\/uploads\/2014\/05\/Carlos-Herrera-150x150.jpg","articleSection":["Noticias \/ Actualidad"],"inLanguage":"es","potentialAction":[{"@type":"CommentAction","name":"Comment","target":["https:\/\/www.logronopasion.com\/portal\/vamos-expropiar-mezquitas-por-carlos-herrera\/#respond"]}]},{"@type":"WebPage","@id":"https:\/\/www.logronopasion.com\/portal\/vamos-expropiar-mezquitas-por-carlos-herrera\/","url":"https:\/\/www.logronopasion.com\/portal\/vamos-expropiar-mezquitas-por-carlos-herrera\/","name":"\u00a1Vamos a expropiar mezquitas! por Carlos Herrera","isPartOf":{"@id":"https:\/\/www.logronopasion.com\/portal\/#website"},"primaryImageOfPage":{"@id":"https:\/\/www.logronopasion.com\/portal\/vamos-expropiar-mezquitas-por-carlos-herrera\/#primaryimage"},"image":{"@id":"https:\/\/www.logronopasion.com\/portal\/vamos-expropiar-mezquitas-por-carlos-herrera\/#primaryimage"},"thumbnailUrl":"http:\/\/logronopasion.com\/portal\/wp-content\/uploads\/2014\/05\/Carlos-Herrera-150x150.jpg","datePublished":"2014-05-13T12:04:38+00:00","dateModified":"2014-05-13T12:06:11+00:00","description":"\u00a1Vamos a expropiar mezquitas! por Carlos Herrera","inLanguage":"es","potentialAction":[{"@type":"ReadAction","target":["https:\/\/www.logronopasion.com\/portal\/vamos-expropiar-mezquitas-por-carlos-herrera\/"]}]},{"@type":"ImageObject","inLanguage":"es","@id":"https:\/\/www.logronopasion.com\/portal\/vamos-expropiar-mezquitas-por-carlos-herrera\/#primaryimage","url":"http:\/\/logronopasion.com\/portal\/wp-content\/uploads\/2014\/05\/Carlos-Herrera-150x150.jpg","contentUrl":"http:\/\/logronopasion.com\/portal\/wp-content\/uploads\/2014\/05\/Carlos-Herrera-150x150.jpg"},{"@type":"WebSite","@id":"https:\/\/www.logronopasion.com\/portal\/#website","url":"https:\/\/www.logronopasion.com\/portal\/","name":"Logro\u00f1o Pasi\u00f3n","description":"Portal sobre la Semana Santa de Logro\u00f1o","publisher":{"@id":"https:\/\/www.logronopasion.com\/portal\/#organization"},"potentialAction":[{"@type":"SearchAction","target":{"@type":"EntryPoint","urlTemplate":"https:\/\/www.logronopasion.com\/portal\/?s={search_term_string}"},"query-input":{"@type":"PropertyValueSpecification","valueRequired":true,"valueName":"search_term_string"}}],"inLanguage":"es"},{"@type":"Organization","@id":"https:\/\/www.logronopasion.com\/portal\/#organization","name":"Logro\u00f1o Pasi\u00f3n","url":"https:\/\/www.logronopasion.com\/portal\/","logo":{"@type":"ImageObject","inLanguage":"es","@id":"https:\/\/www.logronopasion.com\/portal\/#\/schema\/logo\/image\/","url":"https:\/\/i2.wp.com\/logronopasion.com\/portal\/wp-content\/uploads\/2019\/04\/cropped-Header-1.jpg?fit=312%2C212&ssl=1","contentUrl":"https:\/\/i2.wp.com\/logronopasion.com\/portal\/wp-content\/uploads\/2019\/04\/cropped-Header-1.jpg?fit=312%2C212&ssl=1","width":312,"height":212,"caption":"Logro\u00f1o Pasi\u00f3n"},"image":{"@id":"https:\/\/www.logronopasion.com\/portal\/#\/schema\/logo\/image\/"},"sameAs":["https:\/\/www.facebook.com\/logronopasion","https:\/\/x.com\/LogronoPasion"]},{"@type":"Person","@id":"https:\/\/www.logronopasion.com\/portal\/#\/schema\/person\/2f883c3fdb92c04e9616af63b5dcfcf2","name":"ROU","image":{"@type":"ImageObject","inLanguage":"es","@id":"https:\/\/www.logronopasion.com\/portal\/wp-content\/uploads\/2021\/11\/16107_209547569181270_194186917_n-1-150x150.jpg","url":"https:\/\/www.logronopasion.com\/portal\/wp-content\/uploads\/2021\/11\/16107_209547569181270_194186917_n-1-150x150.jpg","contentUrl":"https:\/\/www.logronopasion.com\/portal\/wp-content\/uploads\/2021\/11\/16107_209547569181270_194186917_n-1-150x150.jpg","caption":"ROU"},"url":"https:\/\/www.logronopasion.com\/portal\/author\/rou\/"}]}},"_links":{"self":[{"href":"https:\/\/www.logronopasion.com\/portal\/wp-json\/wp\/v2\/posts\/3733","targetHints":{"allow":["GET"]}}],"collection":[{"href":"https:\/\/www.logronopasion.com\/portal\/wp-json\/wp\/v2\/posts"}],"about":[{"href":"https:\/\/www.logronopasion.com\/portal\/wp-json\/wp\/v2\/types\/post"}],"author":[{"embeddable":true,"href":"https:\/\/www.logronopasion.com\/portal\/wp-json\/wp\/v2\/users\/2"}],"replies":[{"embeddable":true,"href":"https:\/\/www.logronopasion.com\/portal\/wp-json\/wp\/v2\/comments?post=3733"}],"version-history":[{"count":1,"href":"https:\/\/www.logronopasion.com\/portal\/wp-json\/wp\/v2\/posts\/3733\/revisions"}],"predecessor-version":[{"id":3736,"href":"https:\/\/www.logronopasion.com\/portal\/wp-json\/wp\/v2\/posts\/3733\/revisions\/3736"}],"wp:attachment":[{"href":"https:\/\/www.logronopasion.com\/portal\/wp-json\/wp\/v2\/media?parent=3733"}],"wp:term":[{"taxonomy":"category","embeddable":true,"href":"https:\/\/www.logronopasion.com\/portal\/wp-json\/wp\/v2\/categories?post=3733"},{"taxonomy":"post_tag","embeddable":true,"href":"https:\/\/www.logronopasion.com\/portal\/wp-json\/wp\/v2\/tags?post=3733"}],"curies":[{"name":"wp","href":"https:\/\/api.w.org\/{rel}","templated":true}]}}