{"id":3776,"date":"2014-05-28T18:41:44","date_gmt":"2014-05-28T18:41:44","guid":{"rendered":"http:\/\/logronopasion.com\/portal\/?p=3776"},"modified":"2014-05-28T18:41:44","modified_gmt":"2014-05-28T18:41:44","slug":"catedral-o-mezquita","status":"publish","type":"post","link":"https:\/\/www.logronopasion.com\/portal\/catedral-o-mezquita\/","title":{"rendered":"\u00bfCatedral \u00f3 Mezquita ?"},"content":{"rendered":"<p><a href=\"http:\/\/logronopasion.com\/portal\/wp-content\/uploads\/2014\/05\/catedral-de-cordoba-centro-7.jpg\"><img loading=\"lazy\" decoding=\"async\" class=\"aligncenter wp-image-3781\" src=\"http:\/\/logronopasion.com\/portal\/wp-content\/uploads\/2014\/05\/catedral-de-cordoba-centro-7-300x193.jpg\" alt=\"catedral-de-cordoba-centro-7\" width=\"500\" height=\"323\" srcset=\"https:\/\/www.logronopasion.com\/portal\/wp-content\/uploads\/2014\/05\/catedral-de-cordoba-centro-7-300x193.jpg 300w, https:\/\/www.logronopasion.com\/portal\/wp-content\/uploads\/2014\/05\/catedral-de-cordoba-centro-7.jpg 670w\" sizes=\"auto, (max-width: 500px) 100vw, 500px\" \/><\/a><\/p>\n<p><strong>Catedral, sin lugar a dudas<\/strong>.<\/p>\n<p>Es el primer templo de la di\u00f3cesis de C\u00f3rdoba, donde se encuentra la C\u00e1tedra del Obispo, y de ah\u00ed su nombre de Catedral. Es un templo de culto cat\u00f3lico, desde hace ocho siglos, cuando el rey Fernando III el Santo entr\u00f3 sin sangre en la ciudad el 28 de junio de 1236 y mand\u00f3 consagrar el templo, que hab\u00eda sido construido como mezquita, y se salv\u00f3 de la destrucci\u00f3n por las buenas negociaciones del rey Fernando con los ocupantes musulmanes de la ciudad, que quer\u00edan destruirla antes de entregarse.<\/p>\n<p>Cuando llegaron los musulmanes en el a\u00f1o 711, el lugar ya era un lugar sagrado, porque en \u00e9l se encontraba <strong>la antigua bas\u00edlica de san Vicente m\u00e1rtir, que fue destruida para construir la mezquita musulmana<\/strong>.<\/p>\n<p>En todo caso, el templo que hoy admiramos es una de las maravillas del mundo, que identifica a C\u00f3rdoba con un simple golpe de vista. Es realmente un icono de nuestra ciudad. Es un templo construido en etapas sucesivas y muestra el esplendor de C\u00f3rdoba en la \u00e9poca califal del siglo X. <strong>Es un templo que fue construido para mezquita y que los cristianos no han tenido ning\u00fan reparo en convertirlo en catedral<\/strong>, construyendo adem\u00e1s en el siglo XVI dentro del mismo una nave central, donde el culto cristiano alcanza todo su esplendor.<\/p>\n<p>Algo similar, pero al contrario, ha sucedido con\u00a0la actual <strong>Mezquita de Damasco<\/strong>. Fue construida como iglesia cat\u00f3lica en honor de San Juan Bautista y hoy es una de las principales Mezquitas del mundo musulm\u00e1n. La historia de un lugar no es algo fijo e inamovible, sino que est\u00e1 sometido al fluir de la historia viva, y lo que antes era templo cat\u00f3lico hoy es mezquita musulmana, y viceversa en C\u00f3rdoba, lo que ayer fue mezquita hoy es catedral cat\u00f3lica.<\/p>\n<p>No hay ning\u00fan problema en <strong>reconocer la historia tal como ha sido<\/strong> y mostrarla en toda su verdad a los visitantes. El problema surge cuando se quiere borrar la memoria hist\u00f3rica, y al templo emblem\u00e1tico de C\u00f3rdoba se le quiere atribuir hoy un destino y un culto musulm\u00e1n. No hay problema en reconocer que los califas musulmanes de C\u00f3rdoba echaron el resto al construir este templo para Dios, que es la joya de la ciudad de C\u00f3rdoba. Pero <strong>es del todo inoportuno llamar hoy a este templo Mezquita<\/strong>, porque no lo es desde hace ocho siglos, y volver a llamarla Mezquita es confundir al visitante (para el residente, no hay tal peligro). Como ser\u00eda igualmente inoportuno llamar Bas\u00edlica de San Juan a la actual Mezquita de Damasco, o pretender all\u00ed tener un culto cristiano compartido con el musulm\u00e1n.<\/p>\n<p>Por eso, en el camino hacia la capital cultural de la ciudad de C\u00f3rdoba, en el que todos hemos de sumar esfuerzos, uno de ellos no peque\u00f1o ser\u00e1 el de llamar las cosas por su nombre. Y en este caso, <strong>llamar Catedral al templo emblem\u00e1tico de C\u00f3rdoba<\/strong>, porque a d\u00eda de hoy y desde hace ocho siglos es el lugar donde se re\u00fane la comunidad cristiana en torno a Jesucristo, redentor del hombre, presidida por el obispo o por el presb\u00edtero que celebra sobre el altar y en todas sus naves los santos misterios de la redenci\u00f3n cristiana. Llamarla simplemente Mezquita siembra por lo menos confusi\u00f3n, en algunos casos intencionada, y se presta a no saber de qui\u00e9n es y para qu\u00e9 sirve hoy este magn\u00edfico templo cat\u00f3lico, en el que la comunidad cat\u00f3lica de C\u00f3rdoba tiene su referente y donde celebra diariamente los misterios de la fe cristiana, adem\u00e1s de haberse ocupado durante siglos y siglos de su mantenimiento material. Pido y espero que en el <strong>mobiliario urbano<\/strong>, y en los <strong>carteles de informaci\u00f3n y promoci\u00f3n tur\u00edstica<\/strong> se llame por su nombre a nuestra Catedral de C\u00f3rdoba.<\/p>\n<p><a href=\"http:\/\/logronopasion.com\/portal\/wp-content\/uploads\/2014\/05\/monsdemetriofernandezgr.jpg\"><img loading=\"lazy\" decoding=\"async\" class=\"alignleft wp-image-3777\" src=\"http:\/\/logronopasion.com\/portal\/wp-content\/uploads\/2014\/05\/monsdemetriofernandezgr-150x150.jpg\" alt=\"monsdemetriofernandezgr\" width=\"125\" height=\"148\" \/><br \/>\n<\/a><\/p>\n<p>&nbsp;<\/p>\n<p>&nbsp;<\/p>\n<p>&nbsp;<\/p>\n<p>&nbsp;<\/p>\n<p>&nbsp;<\/p>\n<p>&nbsp;<\/p>\n<p>&nbsp;<\/p>\n<p>+ <strong>Demetrio Fern\u00e1ndez<\/strong>, obispo de C\u00f3rdoba.<\/p>\n<p>&nbsp;<\/p>\n<p>InfoCat\u00f3lica 28\/05\/2014. Ante la demanda de informaci\u00f3n de los ciudadanos de C\u00f3rdoba, el Cabildo de la Catedral de C\u00f3rdoba ha publicado un folleto con el objetivo de informar sobre la historia del templo y sobre la labor de conservaci\u00f3n y ayuda social que realiza. De manera sencilla y gr\u00e1fica, el folleto explica los argumentos hist\u00f3ricos y jur\u00eddicos que desmontan la campa\u00f1a de desinformaci\u00f3n orquestada contra el Cabildo en los \u00faltimos meses.<\/p>\n<p>Asimismo, se informa sobre las inversiones que realiza el Cabildo destinadas a la conservaci\u00f3n y mantenimiento del templo (20 millones de euros en los \u00faltimos ocho a\u00f1os), as\u00ed como los <strong>numerosos proyectos de ayuda social <\/strong>que se sufragan gracias a las aportaciones del Cabildo (16 millones de euros en los \u00faltimos ocho a\u00f1os).<\/p>\n<p>Una larga lista de iniciativas ben\u00e9ficas de entidades como <strong>C\u00e1ritas, Misiones, Proyecto Hombre o la Casa del Transe\u00fante reciben el apoyo econ\u00f3mico del Cabildo<\/strong>, que tambi\u00e9n dedica importantes recursos a la conservaci\u00f3n de los templos en toda la provincia de C\u00f3rdoba.<\/p>\n<p>En el folleto se hace un recorrido por la historia del monumento, recordando que<strong> en el siglo VI se construy\u00f3 el complejo de la bas\u00edlica visigoda<\/strong> de San Vicente M\u00e1rtir sobre los terrenos actuales; c\u00f3mo en el 785 comienza a construirse la Mezquita y c\u00f3mo en 1236,<strong> con la entrada de Fernando III, pasa a ser propiedad de la Iglesia Cat\u00f3lica<\/strong> y se consagra como templo cristiano y posteriormente como Catedral en el 1239.<\/p>\n<p>En el documento se recuerda que \u00ab<strong>toda la legislaci\u00f3n espa\u00f1ola, europea e internacional sostiene que la propiedad del templo es de la Iglesia Cat\u00f3lica desde hace m\u00e1s de setecientos a\u00f1os<\/strong>\u00bb. Asimismo, el Cabildo \u00abha sido el responsable de mantener y proteger la riqueza cultural del templo durante casi ocho siglos y su gesti\u00f3n ha sido reconocida y premiada a nivel internacional por preservar uno de los monumentos m\u00e1s emblem\u00e1ticos de Europa\u00bb.<\/p>\n<p>En este sentido, se afirma que \u00ab<strong>sin la labor realizada por el Cabildo en los \u00faltimos 775 a\u00f1os hoy no podr\u00edamos disfrutar del templo<\/strong>, un monumento que cada a\u00f1o es visitado por m\u00e1s de un mill\u00f3n de personas y que est\u00e1 abierto a todo el mundo\u00bb.<\/p>\n","protected":false},"excerpt":{"rendered":"<p>Catedral, sin lugar a dudas. Es el primer templo de la di\u00f3cesis de C\u00f3rdoba, donde se encuentra la C\u00e1tedra del Obispo, y de ah\u00ed su nombre de Catedral. Es un templo de culto cat\u00f3lico, desde hace ocho siglos, cuando el rey Fernando III el Santo entr\u00f3 sin sangre en la ciudad el 28 de junio de 1236 y mand\u00f3 consagrar el templo, que hab\u00eda sido construido como mezquita, y se salv\u00f3 de la destrucci\u00f3n por las buenas negociaciones del rey Fernando con los ocupantes musulmanes de la ciudad, que quer\u00edan destruirla antes de entregarse. Cuando llegaron los musulmanes en el&hellip; <\/p>\n","protected":false},"author":2,"featured_media":0,"comment_status":"open","ping_status":"open","sticky":false,"template":"","format":"standard","meta":{"_bbp_topic_count":0,"_bbp_reply_count":0,"_bbp_total_topic_count":0,"_bbp_total_reply_count":0,"_bbp_voice_count":0,"_bbp_anonymous_reply_count":0,"_bbp_topic_count_hidden":0,"_bbp_reply_count_hidden":0,"_bbp_forum_subforum_count":0,"_crdt_document":"","footnotes":""},"categories":[6,7,3,1,4],"tags":[23],"class_list":["post-3776","post","type-post","status-publish","format-standard","hentry","category-educacion","category-busca-verdad","category-iglesia","category-noticias","category-sabias-que","tag-catedral-o-mezquita"],"yoast_head":"<!-- This site is optimized with the Yoast SEO plugin v27.5 - https:\/\/yoast.com\/product\/yoast-seo-wordpress\/ -->\n<title>\u00bfCatedral \u00f3 Mezquita ? - Logro\u00f1o Pasi\u00f3n<\/title>\n<meta name=\"description\" content=\"\u00bfCatedral \u00f3 Mezquita?\" \/>\n<meta name=\"robots\" content=\"index, follow, max-snippet:-1, max-image-preview:large, max-video-preview:-1\" \/>\n<link rel=\"canonical\" href=\"https:\/\/www.logronopasion.com\/portal\/catedral-o-mezquita\/\" \/>\n<meta property=\"og:locale\" content=\"es_ES\" \/>\n<meta property=\"og:type\" content=\"article\" \/>\n<meta property=\"og:title\" content=\"\u00bfCatedral \u00f3 Mezquita ? - Logro\u00f1o Pasi\u00f3n\" \/>\n<meta property=\"og:description\" content=\"\u00bfCatedral \u00f3 Mezquita?\" \/>\n<meta property=\"og:url\" content=\"https:\/\/www.logronopasion.com\/portal\/catedral-o-mezquita\/\" \/>\n<meta property=\"og:site_name\" content=\"Logro\u00f1o Pasi\u00f3n\" \/>\n<meta property=\"article:publisher\" content=\"https:\/\/www.facebook.com\/logronopasion\" \/>\n<meta property=\"article:published_time\" content=\"2014-05-28T18:41:44+00:00\" \/>\n<meta property=\"og:image\" content=\"http:\/\/logronopasion.com\/portal\/wp-content\/uploads\/2014\/05\/catedral-de-cordoba-centro-7-300x193.jpg\" \/>\n<meta name=\"author\" content=\"ROU\" \/>\n<meta name=\"twitter:card\" content=\"summary_large_image\" \/>\n<meta name=\"twitter:creator\" content=\"@LogronoPasion\" \/>\n<meta name=\"twitter:site\" content=\"@LogronoPasion\" \/>\n<meta name=\"twitter:label1\" content=\"Escrito por\" \/>\n\t<meta name=\"twitter:data1\" content=\"ROU\" \/>\n\t<meta name=\"twitter:label2\" content=\"Tiempo de lectura\" \/>\n\t<meta name=\"twitter:data2\" content=\"5 minutos\" \/>\n<script type=\"application\/ld+json\" class=\"yoast-schema-graph\">{\"@context\":\"https:\\\/\\\/schema.org\",\"@graph\":[{\"@type\":\"Article\",\"@id\":\"https:\\\/\\\/www.logronopasion.com\\\/portal\\\/catedral-o-mezquita\\\/#article\",\"isPartOf\":{\"@id\":\"https:\\\/\\\/www.logronopasion.com\\\/portal\\\/catedral-o-mezquita\\\/\"},\"author\":{\"name\":\"ROU\",\"@id\":\"https:\\\/\\\/www.logronopasion.com\\\/portal\\\/#\\\/schema\\\/person\\\/2f883c3fdb92c04e9616af63b5dcfcf2\"},\"headline\":\"\u00bfCatedral \u00f3 Mezquita ?\",\"datePublished\":\"2014-05-28T18:41:44+00:00\",\"mainEntityOfPage\":{\"@id\":\"https:\\\/\\\/www.logronopasion.com\\\/portal\\\/catedral-o-mezquita\\\/\"},\"wordCount\":1077,\"commentCount\":0,\"publisher\":{\"@id\":\"https:\\\/\\\/www.logronopasion.com\\\/portal\\\/#organization\"},\"image\":{\"@id\":\"https:\\\/\\\/www.logronopasion.com\\\/portal\\\/catedral-o-mezquita\\\/#primaryimage\"},\"thumbnailUrl\":\"http:\\\/\\\/logronopasion.com\\\/portal\\\/wp-content\\\/uploads\\\/2014\\\/05\\\/catedral-de-cordoba-centro-7-300x193.jpg\",\"keywords\":[\"\u00bfCatedral \u00f3 Mezquita?\"],\"articleSection\":[\"Educaci\u00f3n\",\"En busca de la verdad\",\"Iglesia - estado, sociedad y religi\u00f3n\",\"Noticias \\\/ Actualidad\",\"\u00bfSab\u00edas que...? derechos y deberes de los cristianos\"],\"inLanguage\":\"es\",\"potentialAction\":[{\"@type\":\"CommentAction\",\"name\":\"Comment\",\"target\":[\"https:\\\/\\\/www.logronopasion.com\\\/portal\\\/catedral-o-mezquita\\\/#respond\"]}]},{\"@type\":\"WebPage\",\"@id\":\"https:\\\/\\\/www.logronopasion.com\\\/portal\\\/catedral-o-mezquita\\\/\",\"url\":\"https:\\\/\\\/www.logronopasion.com\\\/portal\\\/catedral-o-mezquita\\\/\",\"name\":\"\u00bfCatedral \u00f3 Mezquita ? - Logro\u00f1o Pasi\u00f3n\",\"isPartOf\":{\"@id\":\"https:\\\/\\\/www.logronopasion.com\\\/portal\\\/#website\"},\"primaryImageOfPage\":{\"@id\":\"https:\\\/\\\/www.logronopasion.com\\\/portal\\\/catedral-o-mezquita\\\/#primaryimage\"},\"image\":{\"@id\":\"https:\\\/\\\/www.logronopasion.com\\\/portal\\\/catedral-o-mezquita\\\/#primaryimage\"},\"thumbnailUrl\":\"http:\\\/\\\/logronopasion.com\\\/portal\\\/wp-content\\\/uploads\\\/2014\\\/05\\\/catedral-de-cordoba-centro-7-300x193.jpg\",\"datePublished\":\"2014-05-28T18:41:44+00:00\",\"description\":\"\u00bfCatedral \u00f3 Mezquita?\",\"inLanguage\":\"es\",\"potentialAction\":[{\"@type\":\"ReadAction\",\"target\":[\"https:\\\/\\\/www.logronopasion.com\\\/portal\\\/catedral-o-mezquita\\\/\"]}]},{\"@type\":\"ImageObject\",\"inLanguage\":\"es\",\"@id\":\"https:\\\/\\\/www.logronopasion.com\\\/portal\\\/catedral-o-mezquita\\\/#primaryimage\",\"url\":\"http:\\\/\\\/logronopasion.com\\\/portal\\\/wp-content\\\/uploads\\\/2014\\\/05\\\/catedral-de-cordoba-centro-7-300x193.jpg\",\"contentUrl\":\"http:\\\/\\\/logronopasion.com\\\/portal\\\/wp-content\\\/uploads\\\/2014\\\/05\\\/catedral-de-cordoba-centro-7-300x193.jpg\"},{\"@type\":\"WebSite\",\"@id\":\"https:\\\/\\\/www.logronopasion.com\\\/portal\\\/#website\",\"url\":\"https:\\\/\\\/www.logronopasion.com\\\/portal\\\/\",\"name\":\"Logro\u00f1o Pasi\u00f3n\",\"description\":\"Portal sobre la Semana Santa de Logro\u00f1o\",\"publisher\":{\"@id\":\"https:\\\/\\\/www.logronopasion.com\\\/portal\\\/#organization\"},\"potentialAction\":[{\"@type\":\"SearchAction\",\"target\":{\"@type\":\"EntryPoint\",\"urlTemplate\":\"https:\\\/\\\/www.logronopasion.com\\\/portal\\\/?s={search_term_string}\"},\"query-input\":{\"@type\":\"PropertyValueSpecification\",\"valueRequired\":true,\"valueName\":\"search_term_string\"}}],\"inLanguage\":\"es\"},{\"@type\":\"Organization\",\"@id\":\"https:\\\/\\\/www.logronopasion.com\\\/portal\\\/#organization\",\"name\":\"Logro\u00f1o Pasi\u00f3n\",\"url\":\"https:\\\/\\\/www.logronopasion.com\\\/portal\\\/\",\"logo\":{\"@type\":\"ImageObject\",\"inLanguage\":\"es\",\"@id\":\"https:\\\/\\\/www.logronopasion.com\\\/portal\\\/#\\\/schema\\\/logo\\\/image\\\/\",\"url\":\"https:\\\/\\\/i2.wp.com\\\/logronopasion.com\\\/portal\\\/wp-content\\\/uploads\\\/2019\\\/04\\\/cropped-Header-1.jpg?fit=312%2C212&ssl=1\",\"contentUrl\":\"https:\\\/\\\/i2.wp.com\\\/logronopasion.com\\\/portal\\\/wp-content\\\/uploads\\\/2019\\\/04\\\/cropped-Header-1.jpg?fit=312%2C212&ssl=1\",\"width\":312,\"height\":212,\"caption\":\"Logro\u00f1o Pasi\u00f3n\"},\"image\":{\"@id\":\"https:\\\/\\\/www.logronopasion.com\\\/portal\\\/#\\\/schema\\\/logo\\\/image\\\/\"},\"sameAs\":[\"https:\\\/\\\/www.facebook.com\\\/logronopasion\",\"https:\\\/\\\/x.com\\\/LogronoPasion\"]},{\"@type\":\"Person\",\"@id\":\"https:\\\/\\\/www.logronopasion.com\\\/portal\\\/#\\\/schema\\\/person\\\/2f883c3fdb92c04e9616af63b5dcfcf2\",\"name\":\"ROU\",\"image\":{\"@type\":\"ImageObject\",\"inLanguage\":\"es\",\"@id\":\"https:\\\/\\\/www.logronopasion.com\\\/portal\\\/wp-content\\\/uploads\\\/2021\\\/11\\\/16107_209547569181270_194186917_n-1-150x150.jpg\",\"url\":\"https:\\\/\\\/www.logronopasion.com\\\/portal\\\/wp-content\\\/uploads\\\/2021\\\/11\\\/16107_209547569181270_194186917_n-1-150x150.jpg\",\"contentUrl\":\"https:\\\/\\\/www.logronopasion.com\\\/portal\\\/wp-content\\\/uploads\\\/2021\\\/11\\\/16107_209547569181270_194186917_n-1-150x150.jpg\",\"caption\":\"ROU\"},\"url\":\"https:\\\/\\\/www.logronopasion.com\\\/portal\\\/author\\\/rou\\\/\"}]}<\/script>\n<!-- \/ Yoast SEO plugin. -->","yoast_head_json":{"title":"\u00bfCatedral \u00f3 Mezquita ? - Logro\u00f1o Pasi\u00f3n","description":"\u00bfCatedral \u00f3 Mezquita?","robots":{"index":"index","follow":"follow","max-snippet":"max-snippet:-1","max-image-preview":"max-image-preview:large","max-video-preview":"max-video-preview:-1"},"canonical":"https:\/\/www.logronopasion.com\/portal\/catedral-o-mezquita\/","og_locale":"es_ES","og_type":"article","og_title":"\u00bfCatedral \u00f3 Mezquita ? - Logro\u00f1o Pasi\u00f3n","og_description":"\u00bfCatedral \u00f3 Mezquita?","og_url":"https:\/\/www.logronopasion.com\/portal\/catedral-o-mezquita\/","og_site_name":"Logro\u00f1o Pasi\u00f3n","article_publisher":"https:\/\/www.facebook.com\/logronopasion","article_published_time":"2014-05-28T18:41:44+00:00","og_image":[{"url":"http:\/\/logronopasion.com\/portal\/wp-content\/uploads\/2014\/05\/catedral-de-cordoba-centro-7-300x193.jpg","type":"","width":"","height":""}],"author":"ROU","twitter_card":"summary_large_image","twitter_creator":"@LogronoPasion","twitter_site":"@LogronoPasion","twitter_misc":{"Escrito por":"ROU","Tiempo de lectura":"5 minutos"},"schema":{"@context":"https:\/\/schema.org","@graph":[{"@type":"Article","@id":"https:\/\/www.logronopasion.com\/portal\/catedral-o-mezquita\/#article","isPartOf":{"@id":"https:\/\/www.logronopasion.com\/portal\/catedral-o-mezquita\/"},"author":{"name":"ROU","@id":"https:\/\/www.logronopasion.com\/portal\/#\/schema\/person\/2f883c3fdb92c04e9616af63b5dcfcf2"},"headline":"\u00bfCatedral \u00f3 Mezquita ?","datePublished":"2014-05-28T18:41:44+00:00","mainEntityOfPage":{"@id":"https:\/\/www.logronopasion.com\/portal\/catedral-o-mezquita\/"},"wordCount":1077,"commentCount":0,"publisher":{"@id":"https:\/\/www.logronopasion.com\/portal\/#organization"},"image":{"@id":"https:\/\/www.logronopasion.com\/portal\/catedral-o-mezquita\/#primaryimage"},"thumbnailUrl":"http:\/\/logronopasion.com\/portal\/wp-content\/uploads\/2014\/05\/catedral-de-cordoba-centro-7-300x193.jpg","keywords":["\u00bfCatedral \u00f3 Mezquita?"],"articleSection":["Educaci\u00f3n","En busca de la verdad","Iglesia - estado, sociedad y religi\u00f3n","Noticias \/ Actualidad","\u00bfSab\u00edas que...? derechos y deberes de los cristianos"],"inLanguage":"es","potentialAction":[{"@type":"CommentAction","name":"Comment","target":["https:\/\/www.logronopasion.com\/portal\/catedral-o-mezquita\/#respond"]}]},{"@type":"WebPage","@id":"https:\/\/www.logronopasion.com\/portal\/catedral-o-mezquita\/","url":"https:\/\/www.logronopasion.com\/portal\/catedral-o-mezquita\/","name":"\u00bfCatedral \u00f3 Mezquita ? - Logro\u00f1o Pasi\u00f3n","isPartOf":{"@id":"https:\/\/www.logronopasion.com\/portal\/#website"},"primaryImageOfPage":{"@id":"https:\/\/www.logronopasion.com\/portal\/catedral-o-mezquita\/#primaryimage"},"image":{"@id":"https:\/\/www.logronopasion.com\/portal\/catedral-o-mezquita\/#primaryimage"},"thumbnailUrl":"http:\/\/logronopasion.com\/portal\/wp-content\/uploads\/2014\/05\/catedral-de-cordoba-centro-7-300x193.jpg","datePublished":"2014-05-28T18:41:44+00:00","description":"\u00bfCatedral \u00f3 Mezquita?","inLanguage":"es","potentialAction":[{"@type":"ReadAction","target":["https:\/\/www.logronopasion.com\/portal\/catedral-o-mezquita\/"]}]},{"@type":"ImageObject","inLanguage":"es","@id":"https:\/\/www.logronopasion.com\/portal\/catedral-o-mezquita\/#primaryimage","url":"http:\/\/logronopasion.com\/portal\/wp-content\/uploads\/2014\/05\/catedral-de-cordoba-centro-7-300x193.jpg","contentUrl":"http:\/\/logronopasion.com\/portal\/wp-content\/uploads\/2014\/05\/catedral-de-cordoba-centro-7-300x193.jpg"},{"@type":"WebSite","@id":"https:\/\/www.logronopasion.com\/portal\/#website","url":"https:\/\/www.logronopasion.com\/portal\/","name":"Logro\u00f1o Pasi\u00f3n","description":"Portal sobre la Semana Santa de Logro\u00f1o","publisher":{"@id":"https:\/\/www.logronopasion.com\/portal\/#organization"},"potentialAction":[{"@type":"SearchAction","target":{"@type":"EntryPoint","urlTemplate":"https:\/\/www.logronopasion.com\/portal\/?s={search_term_string}"},"query-input":{"@type":"PropertyValueSpecification","valueRequired":true,"valueName":"search_term_string"}}],"inLanguage":"es"},{"@type":"Organization","@id":"https:\/\/www.logronopasion.com\/portal\/#organization","name":"Logro\u00f1o Pasi\u00f3n","url":"https:\/\/www.logronopasion.com\/portal\/","logo":{"@type":"ImageObject","inLanguage":"es","@id":"https:\/\/www.logronopasion.com\/portal\/#\/schema\/logo\/image\/","url":"https:\/\/i2.wp.com\/logronopasion.com\/portal\/wp-content\/uploads\/2019\/04\/cropped-Header-1.jpg?fit=312%2C212&ssl=1","contentUrl":"https:\/\/i2.wp.com\/logronopasion.com\/portal\/wp-content\/uploads\/2019\/04\/cropped-Header-1.jpg?fit=312%2C212&ssl=1","width":312,"height":212,"caption":"Logro\u00f1o Pasi\u00f3n"},"image":{"@id":"https:\/\/www.logronopasion.com\/portal\/#\/schema\/logo\/image\/"},"sameAs":["https:\/\/www.facebook.com\/logronopasion","https:\/\/x.com\/LogronoPasion"]},{"@type":"Person","@id":"https:\/\/www.logronopasion.com\/portal\/#\/schema\/person\/2f883c3fdb92c04e9616af63b5dcfcf2","name":"ROU","image":{"@type":"ImageObject","inLanguage":"es","@id":"https:\/\/www.logronopasion.com\/portal\/wp-content\/uploads\/2021\/11\/16107_209547569181270_194186917_n-1-150x150.jpg","url":"https:\/\/www.logronopasion.com\/portal\/wp-content\/uploads\/2021\/11\/16107_209547569181270_194186917_n-1-150x150.jpg","contentUrl":"https:\/\/www.logronopasion.com\/portal\/wp-content\/uploads\/2021\/11\/16107_209547569181270_194186917_n-1-150x150.jpg","caption":"ROU"},"url":"https:\/\/www.logronopasion.com\/portal\/author\/rou\/"}]}},"_links":{"self":[{"href":"https:\/\/www.logronopasion.com\/portal\/wp-json\/wp\/v2\/posts\/3776","targetHints":{"allow":["GET"]}}],"collection":[{"href":"https:\/\/www.logronopasion.com\/portal\/wp-json\/wp\/v2\/posts"}],"about":[{"href":"https:\/\/www.logronopasion.com\/portal\/wp-json\/wp\/v2\/types\/post"}],"author":[{"embeddable":true,"href":"https:\/\/www.logronopasion.com\/portal\/wp-json\/wp\/v2\/users\/2"}],"replies":[{"embeddable":true,"href":"https:\/\/www.logronopasion.com\/portal\/wp-json\/wp\/v2\/comments?post=3776"}],"version-history":[{"count":6,"href":"https:\/\/www.logronopasion.com\/portal\/wp-json\/wp\/v2\/posts\/3776\/revisions"}],"predecessor-version":[{"id":3784,"href":"https:\/\/www.logronopasion.com\/portal\/wp-json\/wp\/v2\/posts\/3776\/revisions\/3784"}],"wp:attachment":[{"href":"https:\/\/www.logronopasion.com\/portal\/wp-json\/wp\/v2\/media?parent=3776"}],"wp:term":[{"taxonomy":"category","embeddable":true,"href":"https:\/\/www.logronopasion.com\/portal\/wp-json\/wp\/v2\/categories?post=3776"},{"taxonomy":"post_tag","embeddable":true,"href":"https:\/\/www.logronopasion.com\/portal\/wp-json\/wp\/v2\/tags?post=3776"}],"curies":[{"name":"wp","href":"https:\/\/api.w.org\/{rel}","templated":true}]}}