{"id":3785,"date":"2014-05-31T20:02:40","date_gmt":"2014-05-31T20:02:40","guid":{"rendered":"http:\/\/logronopasion.com\/portal\/?p=3785"},"modified":"2019-06-01T14:08:56","modified_gmt":"2019-06-01T14:08:56","slug":"la-ascension-del-senor-los-cielos","status":"publish","type":"post","link":"https:\/\/www.logronopasion.com\/portal\/la-ascension-del-senor-los-cielos\/","title":{"rendered":"La Ascensi\u00f3n del Se\u00f1or a los Cielos"},"content":{"rendered":"<p><a href=\"http:\/\/logronopasion.com\/portal\/wp-content\/uploads\/2014\/05\/ascension-2.jpg\"><img loading=\"lazy\" decoding=\"async\" class=\"aligncenter wp-image-3787\" src=\"http:\/\/logronopasion.com\/portal\/wp-content\/uploads\/2014\/05\/ascension-2.jpg\" alt=\"ascension 2\" width=\"550\" height=\"413\" srcset=\"https:\/\/www.logronopasion.com\/portal\/wp-content\/uploads\/2014\/05\/ascension-2.jpg 500w, https:\/\/www.logronopasion.com\/portal\/wp-content\/uploads\/2014\/05\/ascension-2-300x225.jpg 300w\" sizes=\"auto, (max-width: 550px) 100vw, 550px\" \/><\/a><\/p>\n<blockquote><p><strong>Lectura del libro de los Hechos de los ap\u00f3stoles 1, 1-11<\/strong><\/p>\n<p style=\"text-align: justify;\">En mi primer libro, querido Te\u00f3filo, escrib\u00ed de todo lo que Jes\u00fas fue haciendo y ense\u00f1ando hasta el d\u00eda en que dio instrucciones a los ap\u00f3stoles, que hab\u00eda escogido, movido por el Esp\u00edritu Santo, y ascendi\u00f3 al cielo. Se les present\u00f3 despu\u00e9s de su pasi\u00f3n, d\u00e1ndoles numerosas pruebas de que estaba vivo, y, apareci\u00e9ndoseles durante cuarenta d\u00edas, les habl\u00f3 del reino de Dios.<\/p>\n<p style=\"text-align: justify;\">Una vez que com\u00edan juntos, les recomend\u00f3:<\/p>\n<p style=\"text-align: justify;\">&#8211; \u00abNo os alej\u00e9is de Jerusal\u00e9n; aguardad que se cumpla la promesa de mi Padre, de la que yo os he hablado. Juan bautiz\u00f3 con agua, dentro de pocos d\u00edas vosotros ser\u00e9is bautizados con Esp\u00edritu Santo.\u00bb<\/p>\n<p style=\"text-align: justify;\">Ellos lo rodearon pregunt\u00e1ndole:<\/p>\n<p style=\"text-align: justify;\">&#8211; \u00abSe\u00f1or, \u00bfes ahora cuando vas a restaurar el reino de Israel?\u00bb<\/p>\n<p style=\"text-align: justify;\">Jes\u00fas contest\u00f3:<\/p>\n<p style=\"text-align: justify;\">&#8211; \u00abNo os toca a vosotros conocer los tiempos y las fechas que el Padre ha establecido con su autoridad. Cuando el Esp\u00edritu Santo descienda sobre vosotros, recibir\u00e9is fuerza para ser mis testigos en Jerusal\u00e9n, en toda Judea, en Samaria y hasta los confines del mundo.\u00bb<\/p>\n<p style=\"text-align: justify;\">Dicho esto, lo vieron levantarse, hasta que una nube se lo quit\u00f3 de la vista. Mientras miraban fijos al cielo, vi\u00e9ndolo irse, se les presentaron dos hombres vestidos de blanco, que les dijeron:<\/p>\n<p style=\"text-align: justify;\">&#8211; \u00abGalileos, \u00bfqu\u00e9 hac\u00e9is ah\u00ed plantados mirando al cielo? El mismo Jes\u00fas que os ha dejado para subir al cielo volver\u00e1 como le hab\u00e9is visto marcharse.\u00bb<\/p>\n<p style=\"text-align: justify;\"><strong>Palabra de Dios<\/strong><\/p>\n<\/blockquote>\n<p style=\"text-align: justify;\">Desde hace a\u00f1os la tradicional solemnidad de la Ascensi\u00f3n, pasa a celebrarse al \u00a0s\u00e9ptimo domingo de pascua por exigencias de ajuste del calendario lit\u00fargico con el civil.<\/p>\n<p style=\"text-align: justify;\">Anta\u00f1o era conocido el dicho \u201ctres jueves tiene el a\u00f1o, que relucen m\u00e1s que el sol; Jueves Santo, Corpus Christy y el d\u00eda de la Ascensi\u00f3n\u201d y este era uno de los tres jueves.<\/p>\n<p style=\"text-align: justify;\">La Ascensi\u00f3n pone punto y aparte, en la vida terrenal de Jes\u00fas entre nosotros.<\/p>\n<p style=\"text-align: justify;\">Celebramos en la fe el estado glorioso de Jes\u00fas de Nazaret, sentado a la derecha del Padre en el cielo.<\/p>\n<p style=\"text-align: justify;\">Celebrar la Ascensi\u00f3n del Se\u00f1or no es quedarse est\u00e1ticos contemplando el azul celeste o mirando las estrellas. No es suspirar por un cielo y tierra nuevos. Todos necesitamos ascender, subir en la fe, en la esperanza y en el amor. Parad\u00f3jicamente, ascendemos mejor cuando m\u00e1s descendemos, somos ciudadanos del cielo cuando en la tierra caminamos comprometidos en las exigencias del Evangelio. Cristo ha ascendido a los cielos porque antes descendi\u00f3, obediente a la voluntad del Padre, hasta la verdad del desprecio, de la condena y de la muerte.<\/p>\n<p style=\"text-align: justify;\">La Ascensi\u00f3n es sobre todo un env\u00edo y un compromiso en la Iglesia. Con realismo cristiano hay que vivir en el mundo transcendiendo todo, bautizando siempre, predicando el Evangelio en cualquier circunstancia, bendiciendo a todos y dando testimonio de cu\u00e1nto hemos visto en la fe. Si levantamos los ojos para ver a Cristo que asciende, es para saber mirar a los hombres y reconocerlos como hermanos, y a la vez acrecentar nuestro deseo del cielo.<\/p>\n<blockquote>\n<p style=\"text-align: justify;\"><strong>Dios asciende entre aclamaciones;<\/strong><\/p>\n<p style=\"text-align: justify;\"><strong>\u00a0el Se\u00f1or, al son de trompetas<\/strong><\/p>\n<p style=\"text-align: justify;\">Pueblos todos batid palmas,<\/p>\n<p style=\"text-align: justify;\">aclamad a Dios con gritos de j\u00fabilo;<\/p>\n<p style=\"text-align: justify;\">porque el Se\u00f1or es sublime y terrible,<\/p>\n<p style=\"text-align: justify;\">emperador de toda la tierra.<\/p>\n<p style=\"text-align: justify;\">Dios asciende entre aclamaciones;<\/p>\n<p style=\"text-align: justify;\">el Se\u00f1or, al son de trompetas;<\/p>\n<p style=\"text-align: justify;\">tocad para Dios, tocad,<\/p>\n<p style=\"text-align: justify;\">tocad para nuestro Rey, tocad.<\/p>\n<p style=\"text-align: justify;\">Porque Dios es el rey del mundo;<\/p>\n<p style=\"text-align: justify;\">tocad con maestr\u00eda.<\/p>\n<p style=\"text-align: justify;\">Dios reina sobre las naciones,<\/p>\n<p style=\"text-align: justify;\">Dios se sienta en su trono sagrado.<\/p>\n<p style=\"text-align: justify;\"><strong>\u00a0<\/strong><\/p>\n<p style=\"text-align: justify;\"><strong>Dios asciende entre aclamaciones;<\/strong><\/p>\n<p style=\"text-align: justify;\"><strong>\u00a0el Se\u00f1or, al son de trompetas<\/strong><\/p>\n<\/blockquote>\n<p style=\"text-align: justify;\">Jes\u00fas, el Cristo, el Ungido, ascendi\u00f3 a los cielos, a la Casa del Padre y el Hijo de Dios hizo lo que ten\u00eda que hacer antes de volver al definitivo Reino de su Padre.<\/p>\n<p style=\"text-align: justify;\">Antes de ascender a los cielos, Jes\u00fas, Hijo de Dios, pide a sus disc\u00edpulos que no dejen Jerusal\u00e9n porque desde ah\u00ed tendr\u00e1n que empezar a cumplir la misi\u00f3n para la que los hab\u00eda preparado durante aquellos a\u00f1os. Era muy importante que siguiesen al pie de la letra aquello que les estaba diciendo porque a partir de aquel mismo momento el Reino de Dios iba a extenderse por todo el mundo conocido y, desde entonces, tambi\u00e9n, al que ni siquiera sab\u00edan que exist\u00eda.<\/p>\n<p style=\"text-align: justify;\">Poco importa para aquellos, para otros y para nosotros mismos, conocer o saber cu\u00e1ndo ser\u00e1 el momento del regreso de Cristo. En realidad, lo que nos debe importar es estar preparados para tal momento por si es ma\u00f1ana mismo. Y aquellos que escucharon lo que dec\u00eda Jes\u00fas lo \u00fanico que ten\u00edan que saber es que el Esp\u00edritu Santo les dar\u00eda, pronto, la fuerza necesaria para cumplir con aquello que les estaba diciendo. As\u00ed mismo debi\u00e9ramos hacer nosotros. Cumplir con todo lo que Jes\u00fas nos ha ense\u00f1ado y transmitido a trav\u00e9s de los tiempos.<strong>\u00a0<\/strong><\/p>\n<blockquote>\n<p style=\"text-align: justify;\"><strong>Conclusi\u00f3n del santo evangelio seg\u00fan san Mateo 28,16-20<\/strong><\/p>\n<p style=\"text-align: justify;\">En aquel tiempo, los once disc\u00edpulos se fueron a Galilea, al monte que Jes\u00fas les hab\u00eda indicado.<\/p>\n<p style=\"text-align: justify;\">Al verlo, ellos se postraron, paro algunos vacilaban.<\/p>\n<p style=\"text-align: justify;\">Acerc\u00e1ndose a ellos, Jes\u00fas les dijo:<\/p>\n<p style=\"text-align: justify;\">\u00abSe me ha dado pleno poder en el cielo y en la tierra. Id y haced disc\u00edpulos de todos los pueblos, bautiz\u00e1ndolos en el nombre del Padre y del Hijo y del Esp\u00edritu Santo; y ense\u00f1\u00e1ndoles a guardar todo lo que os he mandado.<\/p>\n<p style=\"text-align: justify;\"><strong>\u00a0<\/strong><\/p>\n<p style=\"text-align: justify;\"><strong>Y sabed que yo estoy con vosotros todos los d\u00edas, hasta el fin del mundo.\u00bb<\/strong><\/p>\n<p style=\"text-align: justify;\"><strong>Palabra del Se\u00f1or.<\/strong><\/p>\n<\/blockquote>\n<p style=\"text-align: justify;\">Cristo asciende a los cielos pero no para no volver nunca sino para estar presente entre nosotros siempre y, por eso mismo, era tan importante que los que le escuchaban llevaran a la pr\u00e1ctica el transmitir su mensaje al mundo.<\/p>\n<p style=\"text-align: justify;\">En realidad, que Jes\u00fas ascendiera a los cielos era una parte importante de su vida en la tierra. Se marchaba porque as\u00ed estaba escrito en el coraz\u00f3n de Dios y por eso mismo es tan real, la esperanza que tenemos en el Creador y en su Amor. Y por eso mismo la Ascensi\u00f3n del Se\u00f1or es tan importante.<\/p>\n<p style=\"text-align: justify;\">Al respecto de la importancia que tiene no s\u00f3lo la celebraci\u00f3n de la Ascensi\u00f3n del Se\u00f1or sino la comprensi\u00f3n de lo que significa para los creyentes, Benedicto XVI, en el Regina Coeli del domingo 4 de mayo de 2008 en el que se celebraba tan importante momento espiritual, dijo que \u201cEn sus discursos de despedida a los disc\u00edpulos, Jes\u00fas insisti\u00f3 mucho en la importancia de su \u2018regreso al Padre\u2019, coronamiento de toda su misi\u00f3n. En efecto, vino al mundo para llevar al hombre a Dios, no en un plano ideal \u2014como un fil\u00f3sofo o un maestro de sabidur\u00eda\u2014, sino realmente, como pastor que quiere llevar a las ovejas al redil. Este \u2018\u00e9xodo\u2019 hacia la patria celestial, que Jes\u00fas vivi\u00f3 personalmente, lo afront\u00f3 totalmente por nosotros.<\/p>\n<p style=\"text-align: justify;\">Por nosotros descendi\u00f3 del cielo y por nosotros ascendi\u00f3 a \u00e9l, despu\u00e9s de haberse hecho semejante en todo a los hombres, humillado hasta la muerte de cruz, y despu\u00e9s de haber tocado el abismo de la m\u00e1xima lejan\u00eda de Dios.<\/p>\n<p style=\"text-align: justify;\">Precisamente por eso, el Padre se complaci\u00f3 en \u00e9l y lo \u2018exalt\u00f3\u2019 (Flp 2, 9), restituy\u00e9ndole la plenitud de su gloria, pero ahora con nuestra humanidad. Dios en el hombre, el hombre en Dios: ya no se trata de una verdad te\u00f3rica, sino real. Por eso la esperanza cristiana, fundamentada en Cristo, no es un espejismo, sino que, como dice la carta a los Hebreos, \u201cen ella tenemos como una ancla de nuestra alma\u201d (Hb 6, 19), una ancla que penetra en el cielo, donde Cristo nos ha precedido.\u201d<\/p>\n","protected":false},"excerpt":{"rendered":"<p>Lectura del libro de los Hechos de los ap\u00f3stoles 1, 1-11 En mi primer libro, querido Te\u00f3filo, escrib\u00ed de todo lo que Jes\u00fas fue haciendo y ense\u00f1ando hasta el d\u00eda en que dio instrucciones a los ap\u00f3stoles, que hab\u00eda escogido, movido por el Esp\u00edritu Santo, y ascendi\u00f3 al cielo. Se les present\u00f3 despu\u00e9s de su pasi\u00f3n, d\u00e1ndoles numerosas pruebas de que estaba vivo, y, apareci\u00e9ndoseles durante cuarenta d\u00edas, les habl\u00f3 del reino de Dios. Una vez que com\u00edan juntos, les recomend\u00f3: &#8211; \u00abNo os alej\u00e9is de Jerusal\u00e9n; aguardad que se cumpla la promesa de mi Padre, de la que yo&hellip; <\/p>\n","protected":false},"author":2,"featured_media":3787,"comment_status":"open","ping_status":"open","sticky":false,"template":"","format":"standard","meta":{"_bbp_topic_count":0,"_bbp_reply_count":0,"_bbp_total_topic_count":0,"_bbp_total_reply_count":0,"_bbp_voice_count":0,"_bbp_anonymous_reply_count":0,"_bbp_topic_count_hidden":0,"_bbp_reply_count_hidden":0,"_bbp_forum_subforum_count":0,"_crdt_document":"","footnotes":""},"categories":[7,3,1],"tags":[],"class_list":["post-3785","post","type-post","status-publish","format-standard","has-post-thumbnail","hentry","category-busca-verdad","category-iglesia","category-noticias"],"yoast_head":"<!-- This site is optimized with the Yoast SEO plugin v27.5 - https:\/\/yoast.com\/product\/yoast-seo-wordpress\/ -->\n<title>La Ascensi\u00f3n del Se\u00f1or a los Cielos - Logro\u00f1o Pasi\u00f3n<\/title>\n<meta name=\"description\" content=\"La Ascensi\u00f3n del Se\u00f1or a los Cielos\" \/>\n<meta name=\"robots\" content=\"index, follow, max-snippet:-1, max-image-preview:large, max-video-preview:-1\" \/>\n<link rel=\"canonical\" href=\"https:\/\/www.logronopasion.com\/portal\/la-ascension-del-senor-los-cielos\/\" \/>\n<meta property=\"og:locale\" content=\"es_ES\" \/>\n<meta property=\"og:type\" content=\"article\" \/>\n<meta property=\"og:title\" content=\"La Ascensi\u00f3n del Se\u00f1or a los Cielos - Logro\u00f1o Pasi\u00f3n\" \/>\n<meta property=\"og:description\" content=\"La Ascensi\u00f3n del Se\u00f1or a los Cielos\" \/>\n<meta property=\"og:url\" content=\"https:\/\/www.logronopasion.com\/portal\/la-ascension-del-senor-los-cielos\/\" \/>\n<meta property=\"og:site_name\" content=\"Logro\u00f1o Pasi\u00f3n\" \/>\n<meta property=\"article:publisher\" content=\"https:\/\/www.facebook.com\/logronopasion\" \/>\n<meta property=\"article:published_time\" content=\"2014-05-31T20:02:40+00:00\" \/>\n<meta property=\"article:modified_time\" content=\"2019-06-01T14:08:56+00:00\" \/>\n<meta property=\"og:image\" content=\"https:\/\/www.logronopasion.com\/portal\/wp-content\/uploads\/2014\/05\/ascension-2.jpg\" \/>\n\t<meta property=\"og:image:width\" content=\"500\" \/>\n\t<meta property=\"og:image:height\" content=\"375\" \/>\n\t<meta property=\"og:image:type\" content=\"image\/jpeg\" \/>\n<meta name=\"author\" content=\"ROU\" \/>\n<meta name=\"twitter:card\" content=\"summary_large_image\" \/>\n<meta name=\"twitter:creator\" content=\"@LogronoPasion\" \/>\n<meta name=\"twitter:site\" content=\"@LogronoPasion\" \/>\n<meta name=\"twitter:label1\" content=\"Escrito por\" \/>\n\t<meta name=\"twitter:data1\" content=\"ROU\" \/>\n\t<meta name=\"twitter:label2\" content=\"Tiempo de lectura\" \/>\n\t<meta name=\"twitter:data2\" content=\"7 minutos\" \/>\n<script type=\"application\/ld+json\" class=\"yoast-schema-graph\">{\"@context\":\"https:\\\/\\\/schema.org\",\"@graph\":[{\"@type\":\"Article\",\"@id\":\"https:\\\/\\\/www.logronopasion.com\\\/portal\\\/la-ascension-del-senor-los-cielos\\\/#article\",\"isPartOf\":{\"@id\":\"https:\\\/\\\/www.logronopasion.com\\\/portal\\\/la-ascension-del-senor-los-cielos\\\/\"},\"author\":{\"name\":\"ROU\",\"@id\":\"https:\\\/\\\/www.logronopasion.com\\\/portal\\\/#\\\/schema\\\/person\\\/2f883c3fdb92c04e9616af63b5dcfcf2\"},\"headline\":\"La Ascensi\u00f3n del Se\u00f1or a los Cielos\",\"datePublished\":\"2014-05-31T20:02:40+00:00\",\"dateModified\":\"2019-06-01T14:08:56+00:00\",\"mainEntityOfPage\":{\"@id\":\"https:\\\/\\\/www.logronopasion.com\\\/portal\\\/la-ascension-del-senor-los-cielos\\\/\"},\"wordCount\":1362,\"commentCount\":0,\"publisher\":{\"@id\":\"https:\\\/\\\/www.logronopasion.com\\\/portal\\\/#organization\"},\"image\":{\"@id\":\"https:\\\/\\\/www.logronopasion.com\\\/portal\\\/la-ascension-del-senor-los-cielos\\\/#primaryimage\"},\"thumbnailUrl\":\"https:\\\/\\\/www.logronopasion.com\\\/portal\\\/wp-content\\\/uploads\\\/2014\\\/05\\\/ascension-2.jpg\",\"articleSection\":[\"En busca de la verdad\",\"Iglesia - estado, sociedad y religi\u00f3n\",\"Noticias \\\/ Actualidad\"],\"inLanguage\":\"es\",\"potentialAction\":[{\"@type\":\"CommentAction\",\"name\":\"Comment\",\"target\":[\"https:\\\/\\\/www.logronopasion.com\\\/portal\\\/la-ascension-del-senor-los-cielos\\\/#respond\"]}]},{\"@type\":\"WebPage\",\"@id\":\"https:\\\/\\\/www.logronopasion.com\\\/portal\\\/la-ascension-del-senor-los-cielos\\\/\",\"url\":\"https:\\\/\\\/www.logronopasion.com\\\/portal\\\/la-ascension-del-senor-los-cielos\\\/\",\"name\":\"La Ascensi\u00f3n del Se\u00f1or a los Cielos - Logro\u00f1o Pasi\u00f3n\",\"isPartOf\":{\"@id\":\"https:\\\/\\\/www.logronopasion.com\\\/portal\\\/#website\"},\"primaryImageOfPage\":{\"@id\":\"https:\\\/\\\/www.logronopasion.com\\\/portal\\\/la-ascension-del-senor-los-cielos\\\/#primaryimage\"},\"image\":{\"@id\":\"https:\\\/\\\/www.logronopasion.com\\\/portal\\\/la-ascension-del-senor-los-cielos\\\/#primaryimage\"},\"thumbnailUrl\":\"https:\\\/\\\/www.logronopasion.com\\\/portal\\\/wp-content\\\/uploads\\\/2014\\\/05\\\/ascension-2.jpg\",\"datePublished\":\"2014-05-31T20:02:40+00:00\",\"dateModified\":\"2019-06-01T14:08:56+00:00\",\"description\":\"La Ascensi\u00f3n del Se\u00f1or a los Cielos\",\"inLanguage\":\"es\",\"potentialAction\":[{\"@type\":\"ReadAction\",\"target\":[\"https:\\\/\\\/www.logronopasion.com\\\/portal\\\/la-ascension-del-senor-los-cielos\\\/\"]}]},{\"@type\":\"ImageObject\",\"inLanguage\":\"es\",\"@id\":\"https:\\\/\\\/www.logronopasion.com\\\/portal\\\/la-ascension-del-senor-los-cielos\\\/#primaryimage\",\"url\":\"https:\\\/\\\/www.logronopasion.com\\\/portal\\\/wp-content\\\/uploads\\\/2014\\\/05\\\/ascension-2.jpg\",\"contentUrl\":\"https:\\\/\\\/www.logronopasion.com\\\/portal\\\/wp-content\\\/uploads\\\/2014\\\/05\\\/ascension-2.jpg\",\"width\":500,\"height\":375},{\"@type\":\"WebSite\",\"@id\":\"https:\\\/\\\/www.logronopasion.com\\\/portal\\\/#website\",\"url\":\"https:\\\/\\\/www.logronopasion.com\\\/portal\\\/\",\"name\":\"Logro\u00f1o Pasi\u00f3n\",\"description\":\"Portal sobre la Semana Santa de Logro\u00f1o\",\"publisher\":{\"@id\":\"https:\\\/\\\/www.logronopasion.com\\\/portal\\\/#organization\"},\"potentialAction\":[{\"@type\":\"SearchAction\",\"target\":{\"@type\":\"EntryPoint\",\"urlTemplate\":\"https:\\\/\\\/www.logronopasion.com\\\/portal\\\/?s={search_term_string}\"},\"query-input\":{\"@type\":\"PropertyValueSpecification\",\"valueRequired\":true,\"valueName\":\"search_term_string\"}}],\"inLanguage\":\"es\"},{\"@type\":\"Organization\",\"@id\":\"https:\\\/\\\/www.logronopasion.com\\\/portal\\\/#organization\",\"name\":\"Logro\u00f1o Pasi\u00f3n\",\"url\":\"https:\\\/\\\/www.logronopasion.com\\\/portal\\\/\",\"logo\":{\"@type\":\"ImageObject\",\"inLanguage\":\"es\",\"@id\":\"https:\\\/\\\/www.logronopasion.com\\\/portal\\\/#\\\/schema\\\/logo\\\/image\\\/\",\"url\":\"https:\\\/\\\/i2.wp.com\\\/logronopasion.com\\\/portal\\\/wp-content\\\/uploads\\\/2019\\\/04\\\/cropped-Header-1.jpg?fit=312%2C212&ssl=1\",\"contentUrl\":\"https:\\\/\\\/i2.wp.com\\\/logronopasion.com\\\/portal\\\/wp-content\\\/uploads\\\/2019\\\/04\\\/cropped-Header-1.jpg?fit=312%2C212&ssl=1\",\"width\":312,\"height\":212,\"caption\":\"Logro\u00f1o Pasi\u00f3n\"},\"image\":{\"@id\":\"https:\\\/\\\/www.logronopasion.com\\\/portal\\\/#\\\/schema\\\/logo\\\/image\\\/\"},\"sameAs\":[\"https:\\\/\\\/www.facebook.com\\\/logronopasion\",\"https:\\\/\\\/x.com\\\/LogronoPasion\"]},{\"@type\":\"Person\",\"@id\":\"https:\\\/\\\/www.logronopasion.com\\\/portal\\\/#\\\/schema\\\/person\\\/2f883c3fdb92c04e9616af63b5dcfcf2\",\"name\":\"ROU\",\"image\":{\"@type\":\"ImageObject\",\"inLanguage\":\"es\",\"@id\":\"https:\\\/\\\/www.logronopasion.com\\\/portal\\\/wp-content\\\/uploads\\\/2021\\\/11\\\/16107_209547569181270_194186917_n-1-150x150.jpg\",\"url\":\"https:\\\/\\\/www.logronopasion.com\\\/portal\\\/wp-content\\\/uploads\\\/2021\\\/11\\\/16107_209547569181270_194186917_n-1-150x150.jpg\",\"contentUrl\":\"https:\\\/\\\/www.logronopasion.com\\\/portal\\\/wp-content\\\/uploads\\\/2021\\\/11\\\/16107_209547569181270_194186917_n-1-150x150.jpg\",\"caption\":\"ROU\"},\"url\":\"https:\\\/\\\/www.logronopasion.com\\\/portal\\\/author\\\/rou\\\/\"}]}<\/script>\n<!-- \/ Yoast SEO plugin. -->","yoast_head_json":{"title":"La Ascensi\u00f3n del Se\u00f1or a los Cielos - Logro\u00f1o Pasi\u00f3n","description":"La Ascensi\u00f3n del Se\u00f1or a los Cielos","robots":{"index":"index","follow":"follow","max-snippet":"max-snippet:-1","max-image-preview":"max-image-preview:large","max-video-preview":"max-video-preview:-1"},"canonical":"https:\/\/www.logronopasion.com\/portal\/la-ascension-del-senor-los-cielos\/","og_locale":"es_ES","og_type":"article","og_title":"La Ascensi\u00f3n del Se\u00f1or a los Cielos - Logro\u00f1o Pasi\u00f3n","og_description":"La Ascensi\u00f3n del Se\u00f1or a los Cielos","og_url":"https:\/\/www.logronopasion.com\/portal\/la-ascension-del-senor-los-cielos\/","og_site_name":"Logro\u00f1o Pasi\u00f3n","article_publisher":"https:\/\/www.facebook.com\/logronopasion","article_published_time":"2014-05-31T20:02:40+00:00","article_modified_time":"2019-06-01T14:08:56+00:00","og_image":[{"width":500,"height":375,"url":"https:\/\/www.logronopasion.com\/portal\/wp-content\/uploads\/2014\/05\/ascension-2.jpg","type":"image\/jpeg"}],"author":"ROU","twitter_card":"summary_large_image","twitter_creator":"@LogronoPasion","twitter_site":"@LogronoPasion","twitter_misc":{"Escrito por":"ROU","Tiempo de lectura":"7 minutos"},"schema":{"@context":"https:\/\/schema.org","@graph":[{"@type":"Article","@id":"https:\/\/www.logronopasion.com\/portal\/la-ascension-del-senor-los-cielos\/#article","isPartOf":{"@id":"https:\/\/www.logronopasion.com\/portal\/la-ascension-del-senor-los-cielos\/"},"author":{"name":"ROU","@id":"https:\/\/www.logronopasion.com\/portal\/#\/schema\/person\/2f883c3fdb92c04e9616af63b5dcfcf2"},"headline":"La Ascensi\u00f3n del Se\u00f1or a los Cielos","datePublished":"2014-05-31T20:02:40+00:00","dateModified":"2019-06-01T14:08:56+00:00","mainEntityOfPage":{"@id":"https:\/\/www.logronopasion.com\/portal\/la-ascension-del-senor-los-cielos\/"},"wordCount":1362,"commentCount":0,"publisher":{"@id":"https:\/\/www.logronopasion.com\/portal\/#organization"},"image":{"@id":"https:\/\/www.logronopasion.com\/portal\/la-ascension-del-senor-los-cielos\/#primaryimage"},"thumbnailUrl":"https:\/\/www.logronopasion.com\/portal\/wp-content\/uploads\/2014\/05\/ascension-2.jpg","articleSection":["En busca de la verdad","Iglesia - estado, sociedad y religi\u00f3n","Noticias \/ Actualidad"],"inLanguage":"es","potentialAction":[{"@type":"CommentAction","name":"Comment","target":["https:\/\/www.logronopasion.com\/portal\/la-ascension-del-senor-los-cielos\/#respond"]}]},{"@type":"WebPage","@id":"https:\/\/www.logronopasion.com\/portal\/la-ascension-del-senor-los-cielos\/","url":"https:\/\/www.logronopasion.com\/portal\/la-ascension-del-senor-los-cielos\/","name":"La Ascensi\u00f3n del Se\u00f1or a los Cielos - Logro\u00f1o Pasi\u00f3n","isPartOf":{"@id":"https:\/\/www.logronopasion.com\/portal\/#website"},"primaryImageOfPage":{"@id":"https:\/\/www.logronopasion.com\/portal\/la-ascension-del-senor-los-cielos\/#primaryimage"},"image":{"@id":"https:\/\/www.logronopasion.com\/portal\/la-ascension-del-senor-los-cielos\/#primaryimage"},"thumbnailUrl":"https:\/\/www.logronopasion.com\/portal\/wp-content\/uploads\/2014\/05\/ascension-2.jpg","datePublished":"2014-05-31T20:02:40+00:00","dateModified":"2019-06-01T14:08:56+00:00","description":"La Ascensi\u00f3n del Se\u00f1or a los Cielos","inLanguage":"es","potentialAction":[{"@type":"ReadAction","target":["https:\/\/www.logronopasion.com\/portal\/la-ascension-del-senor-los-cielos\/"]}]},{"@type":"ImageObject","inLanguage":"es","@id":"https:\/\/www.logronopasion.com\/portal\/la-ascension-del-senor-los-cielos\/#primaryimage","url":"https:\/\/www.logronopasion.com\/portal\/wp-content\/uploads\/2014\/05\/ascension-2.jpg","contentUrl":"https:\/\/www.logronopasion.com\/portal\/wp-content\/uploads\/2014\/05\/ascension-2.jpg","width":500,"height":375},{"@type":"WebSite","@id":"https:\/\/www.logronopasion.com\/portal\/#website","url":"https:\/\/www.logronopasion.com\/portal\/","name":"Logro\u00f1o Pasi\u00f3n","description":"Portal sobre la Semana Santa de Logro\u00f1o","publisher":{"@id":"https:\/\/www.logronopasion.com\/portal\/#organization"},"potentialAction":[{"@type":"SearchAction","target":{"@type":"EntryPoint","urlTemplate":"https:\/\/www.logronopasion.com\/portal\/?s={search_term_string}"},"query-input":{"@type":"PropertyValueSpecification","valueRequired":true,"valueName":"search_term_string"}}],"inLanguage":"es"},{"@type":"Organization","@id":"https:\/\/www.logronopasion.com\/portal\/#organization","name":"Logro\u00f1o Pasi\u00f3n","url":"https:\/\/www.logronopasion.com\/portal\/","logo":{"@type":"ImageObject","inLanguage":"es","@id":"https:\/\/www.logronopasion.com\/portal\/#\/schema\/logo\/image\/","url":"https:\/\/i2.wp.com\/logronopasion.com\/portal\/wp-content\/uploads\/2019\/04\/cropped-Header-1.jpg?fit=312%2C212&ssl=1","contentUrl":"https:\/\/i2.wp.com\/logronopasion.com\/portal\/wp-content\/uploads\/2019\/04\/cropped-Header-1.jpg?fit=312%2C212&ssl=1","width":312,"height":212,"caption":"Logro\u00f1o Pasi\u00f3n"},"image":{"@id":"https:\/\/www.logronopasion.com\/portal\/#\/schema\/logo\/image\/"},"sameAs":["https:\/\/www.facebook.com\/logronopasion","https:\/\/x.com\/LogronoPasion"]},{"@type":"Person","@id":"https:\/\/www.logronopasion.com\/portal\/#\/schema\/person\/2f883c3fdb92c04e9616af63b5dcfcf2","name":"ROU","image":{"@type":"ImageObject","inLanguage":"es","@id":"https:\/\/www.logronopasion.com\/portal\/wp-content\/uploads\/2021\/11\/16107_209547569181270_194186917_n-1-150x150.jpg","url":"https:\/\/www.logronopasion.com\/portal\/wp-content\/uploads\/2021\/11\/16107_209547569181270_194186917_n-1-150x150.jpg","contentUrl":"https:\/\/www.logronopasion.com\/portal\/wp-content\/uploads\/2021\/11\/16107_209547569181270_194186917_n-1-150x150.jpg","caption":"ROU"},"url":"https:\/\/www.logronopasion.com\/portal\/author\/rou\/"}]}},"_links":{"self":[{"href":"https:\/\/www.logronopasion.com\/portal\/wp-json\/wp\/v2\/posts\/3785","targetHints":{"allow":["GET"]}}],"collection":[{"href":"https:\/\/www.logronopasion.com\/portal\/wp-json\/wp\/v2\/posts"}],"about":[{"href":"https:\/\/www.logronopasion.com\/portal\/wp-json\/wp\/v2\/types\/post"}],"author":[{"embeddable":true,"href":"https:\/\/www.logronopasion.com\/portal\/wp-json\/wp\/v2\/users\/2"}],"replies":[{"embeddable":true,"href":"https:\/\/www.logronopasion.com\/portal\/wp-json\/wp\/v2\/comments?post=3785"}],"version-history":[{"count":5,"href":"https:\/\/www.logronopasion.com\/portal\/wp-json\/wp\/v2\/posts\/3785\/revisions"}],"predecessor-version":[{"id":6185,"href":"https:\/\/www.logronopasion.com\/portal\/wp-json\/wp\/v2\/posts\/3785\/revisions\/6185"}],"wp:featuredmedia":[{"embeddable":true,"href":"https:\/\/www.logronopasion.com\/portal\/wp-json\/wp\/v2\/media\/3787"}],"wp:attachment":[{"href":"https:\/\/www.logronopasion.com\/portal\/wp-json\/wp\/v2\/media?parent=3785"}],"wp:term":[{"taxonomy":"category","embeddable":true,"href":"https:\/\/www.logronopasion.com\/portal\/wp-json\/wp\/v2\/categories?post=3785"},{"taxonomy":"post_tag","embeddable":true,"href":"https:\/\/www.logronopasion.com\/portal\/wp-json\/wp\/v2\/tags?post=3785"}],"curies":[{"name":"wp","href":"https:\/\/api.w.org\/{rel}","templated":true}]}}