{"id":3820,"date":"2014-06-20T22:36:44","date_gmt":"2014-06-20T22:36:44","guid":{"rendered":"http:\/\/logronopasion.com\/portal\/?p=3820"},"modified":"2014-06-20T23:00:52","modified_gmt":"2014-06-20T23:00:52","slug":"festividad-corpus-christi-en-logrono","status":"publish","type":"post","link":"https:\/\/www.logronopasion.com\/portal\/festividad-corpus-christi-en-logrono\/","title":{"rendered":"Festividad Corpus Christi en Logro\u00f1o"},"content":{"rendered":"<p style=\"text-align: left;\">Programa de actos para la celebraci\u00f3n de la festividad del Corpus Christi, organizado por el Ilustr\u00edsimo Cabildo Catedralicio de Logro\u00f1o para este a\u00f1o 2014.<\/p>\n<p style=\"text-align: left;\"><a href=\"http:\/\/logronopasion.com\/portal\/wp-content\/uploads\/2014\/06\/1.jpg\"><img loading=\"lazy\" decoding=\"async\" class=\"aligncenter wp-image-3821\" src=\"http:\/\/logronopasion.com\/portal\/wp-content\/uploads\/2014\/06\/1-300x166.jpg\" alt=\"Corpus Christi Logro\u00f1o 2014 \" width=\"600\" height=\"333\" srcset=\"https:\/\/www.logronopasion.com\/portal\/wp-content\/uploads\/2014\/06\/1-300x166.jpg 300w, https:\/\/www.logronopasion.com\/portal\/wp-content\/uploads\/2014\/06\/1-1024x567.jpg 1024w\" sizes=\"auto, (max-width: 600px) 100vw, 600px\" \/><\/a><\/p>\n<p style=\"text-align: left;\"><a href=\"http:\/\/logronopasion.com\/portal\/wp-content\/uploads\/2014\/06\/2.jpg\"><img loading=\"lazy\" decoding=\"async\" class=\"aligncenter wp-image-3822\" src=\"http:\/\/logronopasion.com\/portal\/wp-content\/uploads\/2014\/06\/2.jpg\" alt=\"Corpus Christi Logro\u00f1o2\" width=\"600\" height=\"333\" srcset=\"https:\/\/www.logronopasion.com\/portal\/wp-content\/uploads\/2014\/06\/2.jpg 2330w, https:\/\/www.logronopasion.com\/portal\/wp-content\/uploads\/2014\/06\/2-300x166.jpg 300w, https:\/\/www.logronopasion.com\/portal\/wp-content\/uploads\/2014\/06\/2-1024x567.jpg 1024w\" sizes=\"auto, (max-width: 600px) 100vw, 600px\" \/><\/a><\/p>\n<blockquote><p><span style=\"text-decoration: underline;\"><strong>Lectura del Santo Evangelio seg\u00fan San Juan 6, 51-58<\/strong><\/span><\/p>\n<p><strong>\u00a0<\/strong><strong>-\u00abYo soy el pan vivo que ha bajado del cielo; el que coma de este pan vivir\u00e1 para siempre. Y el pan que yo dar\u00e9 es mi carne para la vida del mundo.\u00bb<\/strong><\/p>\n<p><strong>Disputaban los jud\u00edos entre s\u00ed:<\/strong><\/p>\n<p><strong>-\u00ab\u00bfC\u00f3mo puede \u00e9ste darnos a comer su carne?\u00bb<\/strong><\/p>\n<p><strong>Entonces Jes\u00fas les dijo:<\/strong><\/p>\n<p><strong>-\u00abOs aseguro que si no com\u00e9is la carne del Hijo del hombre y no beb\u00e9is su sangre, no ten\u00e9is vida en vosotros. El que come mi carne y bebe mi sangre tiene vida eterna, y yo lo resucitar\u00e9 en el \u00faltimo d\u00eda.<\/strong><\/p>\n<p><strong>Mi carne es verdadera comida, y mi sangre es verdadera bebida.<\/strong><\/p>\n<p><strong>El que come mi carne y bebe mi sangre habita en m\u00ed y yo en \u00e9l.<\/strong><\/p>\n<p><strong>El Padre que vive me ha enviado, y yo vivo por el Padre; del mismo modo, el que me come vivir\u00e1 por mi.<\/strong><\/p>\n<p><strong>\u00c9ste es el pan que ha bajado del cielo: no como el de vuestros padres, que lo comieron y murieron; el que come este pan vivir\u00e1 para siempre.\u00bb<\/strong><\/p>\n<p><strong>Palabra del Se\u00f1or.<\/strong><\/p><\/blockquote>\n<p>Una y otra vez, nos viene el recuerdo del famoso dicho popular \u00a0\u201c<em>Tres jueves hay en el a\u00f1o que relucen m\u00e1s que el sol: Jueves Santo, Corpus Christi y el d\u00eda de la Ascensi\u00f3n\u201d.\u00a0\u00a0 <\/em><\/p>\n<p>En Espa\u00f1a, entre otro sitios y lugares, dos de esto tres jueves, han sido modificados de d\u00eda dentro de la semana, pas\u00e1ndolos al domingo siguiente a la correspondiente festividad con alguna excepci\u00f3n en la del \u201cCorpus Christi\u201d que se sigue celebrando en algunas ciudades el mismo jueves correspondiente.<\/p>\n<p>Corpus Christi, en lat\u00edn, \u201cCuerpo de Cristo\u201d o Solemnidad del Cuerpo y la Sangre de Cristo, antes llamada Corpus Domini \u201cCuerpo del Se\u00f1or\u201d, es la principal finalidad de proclamar y aumentar la fe de los cat\u00f3licos con la presencia real de Jesucristo en el Sant\u00edsimo Sacramento.<\/p>\n<p>En muchos lugares es una fiesta de especial relevancia y en varios pa\u00edses es un d\u00eda festivo oficial (ciertas partes de Espa\u00f1a, Austria, partes de Alemania y Suiza, Brasil, Rep\u00fablica Dominicana, Bolivia, Croacia, Polonia, Trinidad y Tobago, Portugal, Per\u00fa y Venezuela).<br \/>\nEn Espa\u00f1a dej\u00f3 de ser un d\u00eda festivo hace algunos a\u00f1os, excepto en los municipios donde es fiesta local, y desde entonces la Iglesia lo celebra el domingo siguiente.<\/p>\n<p>Las celebraciones del Corpus suelen incluir una procesi\u00f3n en la que la hostia, el mismo Cuerpo de Cristo, se exhibe en una custodia e incluso saliendo con toda solemnidad por las calles de las ciudades.<\/p>\n<p>Otra costumbre de igual sentimiento, es\u00a0engalanar los balcones con flores y adornos o emblemas de entidades y asociaciones religiosas, que ser\u00e1n verdaderas exposiciones en los diferentes recorridos de cada localidad.<\/p>\n<p>Su principal finalidad es proclamar y aumentar la fe de los cat\u00f3licos en la presencia real de Jesucristo en el Sant\u00edsimo Sacramento.<\/p>\n<p>En nuestra ciudad de Logro\u00f1o, tal y como lo recoge en un inmejorable trabajo, nuestro ilustre conciudadano y Acad\u00e9mico C. de la Real Academia de la Historia D. Jos\u00e9 Mar\u00eda Lope de Toledo, tambi\u00e9n desde hace much\u00edsimos a\u00f1os (siglo XVI) est\u00e1 documentado como se desarrollaban dichas festividades y sus procesiones. Dejo el enlace para que poder disfrutar del texto.\u00a0 <a href=\"http:\/\/dialnet.unirioja.es\/descarga\/articulo\/61502.pdf\"><strong>dialnet<\/strong>.<strong>unirioja.es\/descarga<\/strong>\/<strong>articulo<\/strong>\/<strong>61502<\/strong>.<strong>pdf<\/strong><\/a><\/p>\n<p>&nbsp;<\/p>\n<blockquote><p><img loading=\"lazy\" decoding=\"async\" class=\"aligncenter size-full wp-image-2627\" src=\"http:\/\/logronopasion.com\/portal\/wp-content\/uploads\/2013\/05\/alfombras.jpg\" alt=\"alfombras Corpus Christi Logro\u00f1o\" width=\"800\" height=\"696\" srcset=\"https:\/\/www.logronopasion.com\/portal\/wp-content\/uploads\/2013\/05\/alfombras.jpg 800w, https:\/\/www.logronopasion.com\/portal\/wp-content\/uploads\/2013\/05\/alfombras-300x261.jpg 300w\" sizes=\"auto, (max-width: 800px) 100vw, 800px\" \/><\/p>\n<p><a href=\"http:\/\/logronopasion.com\/portal\/wp-content\/uploads\/2012\/06\/Alfombra-2.jpg\"><img loading=\"lazy\" decoding=\"async\" class=\"aligncenter size-full wp-image-660\" src=\"http:\/\/logronopasion.com\/portal\/wp-content\/uploads\/2012\/06\/Alfombra-2.jpg\" alt=\"Alfombra 2\" width=\"999\" height=\"715\" srcset=\"https:\/\/www.logronopasion.com\/portal\/wp-content\/uploads\/2012\/06\/Alfombra-2.jpg 999w, https:\/\/www.logronopasion.com\/portal\/wp-content\/uploads\/2012\/06\/Alfombra-2-300x214.jpg 300w\" sizes=\"auto, (max-width: 999px) 100vw, 999px\" \/><\/a><\/p>\n<p><a href=\"http:\/\/logronopasion.com\/portal\/wp-content\/uploads\/2012\/06\/Alfombras-1.jpg\"><img loading=\"lazy\" decoding=\"async\" class=\"aligncenter size-full wp-image-661\" src=\"http:\/\/logronopasion.com\/portal\/wp-content\/uploads\/2012\/06\/Alfombras-1.jpg\" alt=\"Alfombras 1\" width=\"1600\" height=\"1200\" srcset=\"https:\/\/www.logronopasion.com\/portal\/wp-content\/uploads\/2012\/06\/Alfombras-1.jpg 1600w, https:\/\/www.logronopasion.com\/portal\/wp-content\/uploads\/2012\/06\/Alfombras-1-300x225.jpg 300w, https:\/\/www.logronopasion.com\/portal\/wp-content\/uploads\/2012\/06\/Alfombras-1-1024x768.jpg 1024w\" sizes=\"auto, (max-width: 1600px) 100vw, 1600px\" \/><\/a><\/p>\n<p><a href=\"http:\/\/logronopasion.com\/portal\/wp-content\/uploads\/2012\/06\/carroza-4.jpg\"><img loading=\"lazy\" decoding=\"async\" class=\"aligncenter wp-image-664\" src=\"http:\/\/logronopasion.com\/portal\/wp-content\/uploads\/2012\/06\/carroza-4.jpg\" alt=\"carroza 4\" width=\"400\" height=\"283\" \/><\/a><\/p>\n<p><a href=\"http:\/\/logronopasion.com\/portal\/wp-content\/uploads\/2012\/06\/Carroza.jpg\"><img loading=\"lazy\" decoding=\"async\" class=\"aligncenter wp-image-665\" src=\"http:\/\/logronopasion.com\/portal\/wp-content\/uploads\/2012\/06\/Carroza.jpg\" alt=\"Carroza\" width=\"400\" height=\"314\" \/><\/a><\/p>\n<p><a href=\"http:\/\/logronopasion.com\/portal\/wp-content\/uploads\/2012\/06\/carroza-2.jpg\"><img loading=\"lazy\" decoding=\"async\" class=\"aligncenter wp-image-663\" src=\"http:\/\/logronopasion.com\/portal\/wp-content\/uploads\/2012\/06\/carroza-2.jpg\" alt=\"carroza 2\" width=\"400\" height=\"290\" \/><\/a><\/p>\n<p><a href=\"http:\/\/logronopasion.com\/portal\/wp-content\/uploads\/2012\/06\/Carroza-1.jpg\"><img loading=\"lazy\" decoding=\"async\" class=\"aligncenter wp-image-662\" src=\"http:\/\/logronopasion.com\/portal\/wp-content\/uploads\/2012\/06\/Carroza-1.jpg\" alt=\"Carroza 1\" width=\"400\" height=\"400\" srcset=\"https:\/\/www.logronopasion.com\/portal\/wp-content\/uploads\/2012\/06\/Carroza-1.jpg 390w, https:\/\/www.logronopasion.com\/portal\/wp-content\/uploads\/2012\/06\/Carroza-1-150x150.jpg 150w, https:\/\/www.logronopasion.com\/portal\/wp-content\/uploads\/2012\/06\/Carroza-1-300x300.jpg 300w\" sizes=\"auto, (max-width: 400px) 100vw, 400px\" \/><\/a><\/p><\/blockquote>\n<p><span style=\"text-decoration: underline;\"><strong>Origen de la festividad<\/strong>.<\/span><\/p>\n<p>En el siglo XIII hab\u00eda pr\u00e1cticas religiosas que eran tildadas de herej\u00edas por la jerarqu\u00eda cat\u00f3lica porque se apartaban peligrosamente de las ense\u00f1anzas doctrinales de la Iglesia.<\/p>\n<p>Estas pr\u00e1cticas conviv\u00edan al mismo tiempo con ciertas creencias ancestrales de origen natural. La mayor\u00eda eran pervivencias at\u00e1vicas de determinados rituales paganos, que tampoco ten\u00edan nada que ver con las ense\u00f1anzas de la Iglesia oficial, pero que el pueblo compaginaba con las pr\u00e1cticas cristianas.<\/p>\n<p>Es en este contexto cuando nace la festividad del Corpus Christi. En aquella \u00e9poca, todas estas corrientes contradictorias y opuestas en el seno de la misma Iglesia cat\u00f3lica acabaron estableciendo una verdadera guerra de milagros entre las diferentes posturas con el fin de validar la tendencia que cada uno defend\u00eda. La mayor\u00eda de estos hechos visionarios y milagrosos se centraban en el Sacramento de la Eucarist\u00eda y se acabaron convirtiendo en cruciales para defender los postulados oficiales emanados de la jerarqu\u00eda eclesi\u00e1stica.<\/p>\n<p>Una de las herej\u00edas m\u00e1s divulgadas del momento, y uno de los detonantes originarios de la instituci\u00f3n del Corpus, fue la profesada por Berenguer de Tours, que negaba la presencia real de Cristo en la Eucarist\u00eda. No hace falta decir que esta teor\u00eda no gustaba nada a la Iglesia oficial, cansada por otra parte de tantas heterodoxias, debates y pol\u00e9micas religiosas y que ve\u00eda entonces c\u00f3mo alguien atacaba directamente uno de los postulados b\u00e1sicos de su doctrina.<\/p>\n<p>En Lieja, B\u00e9lgica, una religiosa cisterciense llamada Juliana de Cornill\u00f3n (1192-1258) tuvo una visi\u00f3n que interpret\u00f3 como la necesidad de instituir una celebraci\u00f3n a la presencia de Jes\u00fas en la Eucarist\u00eda.<\/p>\n<p>La santa nace en Retines cerca de Li\u00e8ge, B\u00e9lgica en 1193. Qued\u00f3 hu\u00e9rfana muy peque\u00f1a y fue educada por las monjas Agustinas en Mont de Cornillon. Cuando creci\u00f3, hizo su profesi\u00f3n religiosa y m\u00e1s tarde fue superiora de su comunidad. Por diferentes intrigas tuvo que irse del convento. Muri\u00f3 el 5 de abril de 1258, en la casa de las monjas Cistercienses en Fosses y fue enterrada en Villiers.<\/p>\n<p>Juliana, desde joven, tuvo una gran veneraci\u00f3n al Sant\u00edsimo Sacramento. Y siempre a\u00f1oraba que se tuviera una fiesta especial en su honor. Este deseo se dice haberse intensificado por una visi\u00f3n que ella tuvo de la Iglesia bajo la apariencia de luna llena con una mancha negra, que significaba la ausencia de esta solemnidad. Ella comunic\u00f3 esta visi\u00f3n a Roberto de Thorete, el entonces obispos de Li\u00e8ge, tambi\u00e9n al docto Dominico Hugh, m\u00e1s tarde cardenal legado de los Pa\u00edses Bajos; a Jacques Pantale\u00f3n, en ese tiempo archidi\u00e1cono de Li\u00e8ge, despu\u00e9s obispo de Verdun, Patriarca de Jerusal\u00e9n y finalmente al Papa Urbano IV.<\/p>\n<p>El obispo Roberto se impresion\u00f3 favorablemente y como en ese tiempo los obispos ten\u00edan el derecho de ordenar fiestas para sus di\u00f3cesis, invoc\u00f3 un s\u00ednodo en 1246 y orden\u00f3 que la celebraci\u00f3n se tuviera el a\u00f1o entrante; tambi\u00e9n el Papa orden\u00f3, que un monje de nombre Juan deb\u00eda escribir el oficio para esa ocasi\u00f3n. El decreto est\u00e1 preservado en Binterim (Denkw\u00fcrdigkeiten, V.I. 276), junto con algunas partes del oficio.<\/p>\n<p>El obispo Roberto no vivi\u00f3 para ver la realizaci\u00f3n de su orden, ya que muri\u00f3 el 16 de octubre de 1246, pero la fiesta se celebr\u00f3 por primera vez con los c\u00e1nones de San Mart\u00edn en Li\u00e8ge. Jacques Pantale\u00f3n lleg\u00f3 a ser Papa el 29 de agosto de 1261. La ermita\u00f1a Eva, con quien Juliana hab\u00eda pasado un tiempo y quien tambi\u00e9n era ferviente adoradora de la Santa Eucarist\u00eda, le insisti\u00f3 a Enrique de Guelders, obispo de Li\u00e8ge, que pidiera al Papa que extendiera la celebraci\u00f3n al mundo entero.<\/p>\n<p>El Papa Urbano IV instituy\u00f3 pues la celebraci\u00f3n del Corpus Christi para la Iglesia Cat\u00f3lica Universal, fij\u00e1ndola el Jueves despu\u00e9s de la fiesta de la Sant\u00edsima Trinidad.<\/p>\n<p>Por otro lado, se cuenta que en el a\u00f1o 1264 el Padre Pedro de Praga, Bohemia, dudaba sobre el misterio de la transustanciaci\u00f3n del Cuerpo y de la Sangre de Cristo en la Eucarist\u00eda. Acudi\u00f3 as\u00ed en peregrinaci\u00f3n a Roma para pedir sobre la tumba de San Pedro la gracia de una fe fuerte.<\/p>\n<p>De regreso de Roma, Dios se le manifest\u00f3 de manera milagrosa ya que cuando celebraba la Santa Misa en Bolsena, en la cripta de Santa Cristina, la Sagrada Hostia sangr\u00f3 llenando el Corporal de la Preciosa Sangre.<\/p>\n<p>La noticia del prodigio lleg\u00f3 pronto al Papa Urbano IV, que se encontraba en Orvieto, ciudad cercana a Bolsena. Hizo traer el corporal y, al constatar los hechos, instituy\u00f3 definbitivamente la Solemnidad de Corpus Christi.El mismo Papa Urbano IV encarg\u00f3 a Santo Tom\u00e1s de Aquino la preparaci\u00f3n de un oficio lit\u00fargico propio para esta fiesta y la creaci\u00f3n de cantos e himnos para celebrar a Cristo Eucarist\u00eda. Entre los que compuso est\u00e1 la sublime secuencia \u201cLauda Sion\u201d que se canta en la Misa de Corpus Christi.<\/p>\n<p>El a\u00f1o 1290 el Papa Nicol\u00e1s IV, a petici\u00f3n del clero y del pueblo, coloc\u00f3 la primera piedra de la nueva catedral de Orvieto donde a\u00fan se encuentra la sagrada reliquia.<\/p>\n<p>Esta fiesta se comenz\u00f3 a celebrar en Lieja en 1246, siendo extendida a toda la Iglesia occidental por el Papa Urbano IV en 1264, teniendo como finalidad proclamar la fe en la presencia real de Jesucristo en la Eucarist\u00eda. Presencia permanente y substancial m\u00e1s all\u00e1 de la celebraci\u00f3n de la Misa y que es digna de ser adorada en la exposici\u00f3n solemne y en las procesiones con el Sant\u00edsimo Sacramento que entonces comenzaron a celebrarse y que han llegado a ser verdaderos monumentos de la piedad cat\u00f3lica.<\/p>\n<p>Ocurre, como en la solemnidad de la Trinidad, que lo que se celebra todos los d\u00edas tiene una ocasi\u00f3n exclusiva para profundizar en lo que se hace con otros motivos. Este es el d\u00eda de la eucarist\u00eda en s\u00ed misma, ocasi\u00f3n para creer y adorar, pero tambi\u00e9n para conocer mejor la riqueza de este misterio a partir de las oraciones y de los textos b\u00edblicos asignados en los tres ciclos de las lecturas.<\/p>\n<p>El Esp\u00edritu Santo despu\u00e9s del dogma de la Trinidad nos recuerda el de la Encarnaci\u00f3n, haci\u00e9ndonos festejar con la Iglesia al Sacramento por excelencia, que, sintetizando la vida toda del Salvador, tributa a Dios gloria infinita, y aplica a las almas, en todos los tiempos, los frutos extraordinarios de la Redenci\u00f3n. Si Jesucristo en la cruz nos salv\u00f3, al instituir la Eucarist\u00eda la v\u00edspera de su muerte, quiso en ella dejarnos un vivo recuerdo de la Pasi\u00f3n. El altar viene siendo como la prolongaci\u00f3n del Calvario, y la misa anuncia la muerte del Se\u00f1or. Porque en efecto, all\u00ed est\u00e1 Jes\u00fas como una v\u00edctima, pues las palabras de la doble consagraci\u00f3n nos dicen que primero se convierte el pan en Cuerpo de Cristo, y luego el vino en Su Sangre, de manera que, ofrece a su Padre, en uni\u00f3n con sus sacerdotes, la sangre vertida y el cuerpo clavado en la Cruz.<\/p>\n<p>La Hostia santa se convierte en \u00abtrigo que nutre nuestras almas\u00bb. Como Cristo al ser hecho Hijo que recibi\u00f3 la vida eterna del Padre, los cristianos participan de Su eterna vida uni\u00e9ndose a Jes\u00fas en el Sacramento, que es el s\u00edmbolo m\u00e1s sublime, real y concreto de la unidad con la V\u00edctima del Calvario.<\/p>\n<p>Esta posesi\u00f3n anticipada de la vida divina ac\u00e1 en la tierra por medio de la Eucarist\u00eda, es prenda y comienzo de aquella otra de que plenamente disfrutaremos en el Cielo, porque \u00abel Pan mismo de los \u00e1ngeles, que ahora comemos bajo los sagrados velos, lo<\/p>\n<p>conmemoraremos despu\u00e9s en el Cielo ya sin velos\u00bb (Concilio de Trento).<\/p>\n<p>Veamos en la Santa Misa el centro de todo culto de la Iglesia a la Eucarist\u00eda, y en la Comuni\u00f3n el medio establecido por Jes\u00fas mismo, para que con mayor plenitud participemos de ese divino Sacrificio; y as\u00ed, nuestra devoci\u00f3n al Cuerpo y Sangre del Salvador nos alcanzar\u00e1 los frutos perennes de su Redenci\u00f3n.<\/p>\n<p><span style=\"text-decoration: underline;\"><strong>El Sacramento de la Sagrada Eucarist\u00eda<\/strong><\/span><\/p>\n<p>La Eucarist\u00eda es el Sacramento que contiene verdaderamente el Cuerpo y Sangre de Jesucristo, juntamente con su Alma y Divinidad, toda la Persona de Cristo vivo y glorioso, bajo las apariencias de pan y vino.<\/p>\n<p><a href=\"http:\/\/logronopasion.com\/portal\/wp-content\/uploads\/2013\/05\/corpus-christi.jpg\"><img loading=\"lazy\" decoding=\"async\" class=\"aligncenter wp-image-2628\" src=\"http:\/\/logronopasion.com\/portal\/wp-content\/uploads\/2013\/05\/corpus-christi.jpg\" alt=\"corpus-christi\" width=\"400\" height=\"476\" srcset=\"https:\/\/www.logronopasion.com\/portal\/wp-content\/uploads\/2013\/05\/corpus-christi.jpg 550w, https:\/\/www.logronopasion.com\/portal\/wp-content\/uploads\/2013\/05\/corpus-christi-252x300.jpg 252w\" sizes=\"auto, (max-width: 400px) 100vw, 400px\" \/><\/a><\/p>\n<p>El concilio de Trento define claramente esta verdad, fundamental para la vivencia y adoraci\u00f3n de Cristo: \u201d En el Sant\u00edsimo Sacramento de la Eucarist\u00eda se contiene verdadera, real y sustancialmente el Cuerpo y Sangre de nuestro Se\u00f1or Jesucristo, juntamente con su Alma y Divinidad. En realidad Cristo \u00edntegramente.\u201d<\/p>\n<p>Como cat\u00f3licos, creemos que Jesucristo est\u00e1 personalmente presente en el altar siempre que haya una hostia consagrada en el sagrario. Es el mismo Jesucristo, verdadero Dios y verdadero Hombre, que andaba por los caminos de Galilea y Judea. Creemos que El viene ahora como nuestro hu\u00e9sped personal, cada vez que recibimos la Santa Comuni\u00f3n.<\/p>\n<p>La Eucarist\u00eda es uno de los siete sacramentos instituidos por Cristo para que participemos de la vida de Dios. Es el mayor de todos los sacramentos, porque contiene a Cristo mismo, el Autor Divino de los Sacramentos.<\/p>\n<p>Hay tres aspectos o momentos en la Eucarist\u00eda. El primero se dice real Presencia de Cristo en el altar, siempre que haya una hostia consagrada en el Sagrario. Segundo, la Eucarist\u00eda como sacrificio, que es la Misa. Y tercero, la Santa Comuni\u00f3n.<\/p>\n<p>La palabra Eucarist\u00eda, derivada del griego, significa \u201cAcci\u00f3n de gracias\u201d. Se aplica a este sacramento, porque nuestro Se\u00f1or dio gracias a su Padre cuando la instituy\u00f3. Adem\u00e1s, porque el Santo Sacrificio de la Misa es para nosotros el mejor medio de dar gracias a Dios por sus beneficios.<\/p>\n<p>La Sagrada Eucarist\u00eda es el verdadero centro del culto cat\u00f3lico, el coraz\u00f3n de la fe. Y porque creemos que el hijo de Dios est\u00e1 verdaderamente presente en el Sacramento del altar, construimos bellas iglesias, ricamente adornadas.<\/p>\n<p>El Sacrificio de la Misa no se limita a ser mero ritual en recuerdo del sacrificio del Calvario. En \u00e9l, mediante el ministerio sacerdotal, Cristo continua de forma incruente el Sacrificio de la Cruz hasta que se acabe el mundo.<\/p>\n<p>La Eucarist\u00eda es tambi\u00e9n comida que nos recuerda la Ultima Cena; celebra nuestra fraternidad en Cristo y anticipa ya el banquete mesi\u00e1nico del Reino de los Cielos.<\/p>\n<p>Por la Eucarist\u00eda, se da Jes\u00fas mismo, Pan de Vida, en alimento a los cristianos para que sean un pueblo m\u00e1s grato a Dios, am\u00e1ndole m\u00e1s y al pr\u00f3jimo por \u00c9l.<\/p>\n<p>Se reserva la Eucarist\u00eda en nuestras iglesias como ayuda poderosa para orar y servir a los dem\u00e1s. Reservar el Sant\u00edsimo Sacramento significa que, al terminar la comuni\u00f3n, el Pan consagrado que sobra se coloca en el Sagrario y all\u00ed se guarda reverentemente. La Eucarist\u00eda en el Sagrario es un signo por el cual Nuestro Se\u00f1or est\u00e1 constantemente presente en medio de su pueblo y es alimento espiritual para enfermos y moribundos.<\/p>\n<p>Debemos agradecimiento, adoraci\u00f3n y devoci\u00f3n a la real presencia de Cristo reservado en el Sant\u00edsimo Sacramento.<\/p>\n<p>Las tumbas de los m\u00e1rtires, las pinturas murales de las catacumbas y la costumbre de reservar el Sant\u00edsimo Sacramento en las casas de los primeros cristianos durante las persecuciones, ponen de manifiesto la unidad de la fe en los primeros siglos del Cristianismo sobre la doctrina de la Eucarist\u00eda, en la cual Cristo realmente se contiene, se ofrece y se recibe. De la Eucarist\u00eda sac\u00f3 fuerzas toda la Iglesia para luchar valerosamente y conseguir brillantes victorias. La Eucarist\u00eda es el centro de toda la vida sacramental, pues es de capital importancia para unir y robustecer la Iglesia.<\/p>\n<p>La novena en honor del Sacramento de la Sagrada Eucarist\u00eda puede hacerse muchas veces durante el A\u00f1o Lit\u00fargico, para ahondar nuestra fe en este gran misterio de amor, centro de toda la vida sacramental de la Iglesia. Urbano IV, amante de la Eucarist\u00eda, public\u00f3 la bula \u201cTransiturus\u201d el 8 de septiembre de 1264, en la cual, despu\u00e9s de haber ensalzado el amor de nuestro Salvador expresado en la Santa Eucarist\u00eda, orden\u00f3 que se celebrara la solemnidad de \u201cCorpus Christi\u201d en el d\u00eda jueves despu\u00e9s del domingo de la Sant\u00edsima Trinidad, al mismo tiempo otorgando muchas indulgencias a todos los fieles que asistieran a la santa misa y al oficio. Este oficio, compuesto por el doctor ang\u00e9lico, Santo Tom\u00e1s de Aquino, por petici\u00f3n del Papa, es uno de los m\u00e1s hermosos en el breviario Romano y ha sido admirado aun por los Protestantes.<\/p>\n<p>La muerte del Papa Urbano IV (el 2 de octubre de 1264), un poco despu\u00e9s de la publicaci\u00f3n del decreto, obstaculiz\u00f3 que se difundiera la fiesta. La fiesta fue aceptada en Cologne en 1306. El Papa Clemente V tom\u00f3 el asunto en sus manos y en el concilio general de Viena (1311), orden\u00f3 una vez m\u00e1s la adopci\u00f3n de esta fiesta.<\/p>\n<p>Public\u00f3 un nuevo decreto incorporando el de Urbano IV. Juan XXII, sucesor de Clemente V, inst\u00f3 su observancia.<\/p>\n<p><strong>\u00a0<a href=\"http:\/\/logronopasion.com\/portal\/wp-content\/uploads\/2012\/06\/Procesi\u00f3n.jpg\"><img loading=\"lazy\" decoding=\"async\" class=\"aligncenter size-full wp-image-670\" src=\"http:\/\/logronopasion.com\/portal\/wp-content\/uploads\/2012\/06\/Procesi\u00f3n.jpg\" alt=\"Procesi\u00f3n\" width=\"400\" height=\"300\" srcset=\"https:\/\/www.logronopasion.com\/portal\/wp-content\/uploads\/2012\/06\/Procesi\u00f3n.jpg 400w, https:\/\/www.logronopasion.com\/portal\/wp-content\/uploads\/2012\/06\/Procesi\u00f3n-300x225.jpg 300w\" sizes=\"auto, (max-width: 400px) 100vw, 400px\" \/><\/a><\/strong><\/p>\n<p>Ninguno de los decretos habla de la procesi\u00f3n con el Sant\u00edsimo como un aspecto de la celebraci\u00f3n. Sin embargo estas procesiones fueron dotadas de indulgencias por los Papas Mart\u00edn V y Eugenio IV y se hicieron bastante comunes en a partir del siglo XIV.<\/p>\n<p>El Concilio de Trento declara que muy piadosa y religiosamente fue introducida en la Iglesia de Dios la costumbre, que todos los a\u00f1os, determinado d\u00eda festivo, se celebre este excelso y venerable sacramento con singular veneraci\u00f3n y solemnidad, y reverente y honor\u00edficamente sea llevado en procesi\u00f3n por las calles y lugares p\u00fablicos. En esto los cristianos atestiguan su gratitud y recuerdo por tan inefable y verdaderamente divino beneficio, por el que se hace nuevamente presente la victoria y triunfo de la muerte y resurrecci\u00f3n de Nuestro Se\u00f1or Jesucristo. Juan Pablo II ha exhortado a que se renueve la costumbre de honrar a Jes\u00fas en este d\u00eda llev\u00e1ndolo en solemnes procesiones.<\/p>\n<p>En la Iglesia griega la fiesta de Corpus Christi es conocida en los calendarios de los sirios, armenios, coptos, melquitas y los rutinios de Galicia, Calabria y Sicilia.<\/p>\n<p>Las procesiones son a modo de p\u00fablicas manifestaciones de fe; y por eso la Iglesia las fomenta y favorece hasta con indulgencias. Pero la m\u00e1s solemne de todas las procesiones es la de Corpus Christi. En ella se cantan himnos sagrados y eucar\u00edsticos de Santo Tom\u00e1s de Aquino, el Doctor Ang\u00e9lico y de la Eucarist\u00eda. Algunos de los himnos utilizados tradicionalmente son: Pange lengua; Sacris solemniis; Verbum sup\u00e9rnum; Te Deum, al terminar la procesi\u00f3n; y, Tantum ergo, al volver de la procesi\u00f3n, en torno del altar para finalizar.<\/p>\n<p><strong>\u00a0<\/strong><\/p>\n<p style=\"text-align: center;\"><span style=\"text-decoration: underline;\"><strong>Oraci\u00f3n y plegaria<\/strong><\/span><\/p>\n<p style=\"text-align: center;\">Alaba, alma m\u00eda, a tu Salvador;<\/p>\n<p style=\"text-align: center;\">alaba a tu gu\u00eda y Pastor con himnos y c\u00e1nticos.<\/p>\n<p style=\"text-align: center;\">Pregona su gloria cuanto puedas,<\/p>\n<p style=\"text-align: center;\">porque \u00c9l est\u00e1 sobre toda alabanza,<\/p>\n<p style=\"text-align: center;\">y jam\u00e1s podr\u00e1s alabarle lo bastante.<\/p>\n<p style=\"text-align: center;\">\n<p style=\"text-align: center;\">\n<p style=\"text-align: center;\">El tema especial de nuestros loores<\/p>\n<p style=\"text-align: center;\">es hoy el Pan vivo y que da Vida.<\/p>\n<p style=\"text-align: center;\">El cual no dudamos fue dado en la mesa<\/p>\n<p style=\"text-align: center;\">de la Sagrada Cena a los doce Ap\u00f3stoles.<\/p>\n<p style=\"text-align: center;\">Sea, pues, llena, sea sonora, sea alegre,<\/p>\n<p style=\"text-align: center;\">sea pura la alabanza de nuestra alma.<\/p>\n<p style=\"text-align: center;\">\n<p style=\"text-align: center;\">\n<p style=\"text-align: center;\">Porque celebramos solemnemente el d\u00eda<\/p>\n<p style=\"text-align: center;\">en que este divino Banquete fue institu\u00eddo.<\/p>\n<p style=\"text-align: center;\">En esta mesa del nuevo Rey,<\/p>\n<p style=\"text-align: center;\">la Pascua nueva de la Nueva Ley<\/p>\n<p style=\"text-align: center;\">pone fin a la Pascua antigua.<\/p>\n<p style=\"text-align: center;\">\n<p style=\"text-align: center;\">\n<p style=\"text-align: center;\">Instru\u00eddos, con sus santos mandatos,<\/p>\n<p style=\"text-align: center;\">consagramos el pan y el vino,<\/p>\n<p style=\"text-align: center;\">que se convierten en Hostia de salvaci\u00f3n.<\/p>\n<p style=\"text-align: center;\">Es dogma para los cristianos,<\/p>\n<p style=\"text-align: center;\">que el pan se convierte en carne,<\/p>\n<p style=\"text-align: center;\">y el vino en sangre.<\/p>\n<p style=\"text-align: center;\">\n<p style=\"text-align: center;\">\n<p style=\"text-align: center;\">Lo que no comprendes y no ves,<\/p>\n<p style=\"text-align: center;\">una fe viva lo atestigua,<\/p>\n<p style=\"text-align: center;\">fuera de todo el orden de la naturaleza.<\/p>\n<p style=\"text-align: center;\">Bajo diversas especies,<\/p>\n<p style=\"text-align: center;\">que son accidente y no sustancia,<\/p>\n<p style=\"text-align: center;\">est\u00e1n ocultos los dones m\u00e1s preciados.<\/p>\n<p style=\"text-align: center;\">\n<p style=\"text-align: center;\">\n<p style=\"text-align: center;\">Su Carne es alimento y Su Sangre bebida;<\/p>\n<p style=\"text-align: center;\">mas todo entero est\u00e1 bajo cada especie.<\/p>\n<p style=\"text-align: center;\">Se recibe \u00edntegro, sin que se le quebrante ni divida;<\/p>\n<p style=\"text-align: center;\">rec\u00edbese todo entero.<\/p>\n<p style=\"text-align: center;\">\n<p style=\"text-align: center;\">\n<p style=\"text-align: center;\">Rec\u00edbelo uno, rec\u00edbenlo mil;<\/p>\n<p style=\"text-align: center;\">y aqu\u00e9l le toma tanto como \u00e9stos,<\/p>\n<p style=\"text-align: center;\">pues no se consume al ser tomado.<\/p>\n<p style=\"text-align: center;\">Rec\u00edbenlo los buenos y los malos;<\/p>\n<p style=\"text-align: center;\">pero con desigual resultado,<\/p>\n<p style=\"text-align: center;\">pues sirve a unos de vida,<\/p>\n<p style=\"text-align: center;\">y a otros de condenaci\u00f3n y muerte.<\/p>\n<p style=\"text-align: center;\">\n<p style=\"text-align: center;\">\n<p style=\"text-align: center;\">Es muerte para los malos,<\/p>\n<p style=\"text-align: center;\">y vida para los buenos;<\/p>\n<p style=\"text-align: center;\">mira c\u00f3mo un mismo alimento<\/p>\n<p style=\"text-align: center;\">produce efectos tan diversos.<\/p>\n<p style=\"text-align: center;\">\n<p style=\"text-align: center;\">\n<p style=\"text-align: center;\">Cuando se divide el Sacramento,<\/p>\n<p style=\"text-align: center;\">no vaciles, sino recuerda que Jesucristo<\/p>\n<p style=\"text-align: center;\">tan entero est\u00e1 en cada parte,<\/p>\n<p style=\"text-align: center;\">como antes en el todo.<\/p>\n<p style=\"text-align: center;\">\n<p style=\"text-align: center;\">\n<p style=\"text-align: center;\">Ninguna partici\u00f3n hay en la sustancia,<\/p>\n<p style=\"text-align: center;\">tan s\u00f3lo hay partici\u00f3n de los accidentes,<\/p>\n<p style=\"text-align: center;\">sin que se disminuya ni el estado,<\/p>\n<p style=\"text-align: center;\">ni la estatura del que est\u00e1 representado.<\/p>\n<p style=\"text-align: center;\">\n<p style=\"text-align: center;\">\n<p style=\"text-align: center;\">He aqu\u00ed el Pan de los \u00c1ngeles,<\/p>\n<p style=\"text-align: center;\">hecho alimento de viandantes;<\/p>\n<p style=\"text-align: center;\">es verdaderamente el Pan de los hijos,<\/p>\n<p style=\"text-align: center;\">que no debe ser echado a los perros.<\/p>\n<p style=\"text-align: center;\">\n<p style=\"text-align: center;\">\n<p style=\"text-align: center;\">Estuvo ya representado<\/p>\n<p style=\"text-align: center;\">por las figuras de la antigua Ley,<\/p>\n<p style=\"text-align: center;\">en la inmolaci\u00f3n de Isaac,<\/p>\n<p style=\"text-align: center;\">en el sacrificio del Cordero Pascual,<\/p>\n<p style=\"text-align: center;\">y en el Man\u00e1 dado a nuestros padres.<\/p>\n<p style=\"text-align: center;\">\n<p style=\"text-align: center;\">\n<p style=\"text-align: center;\">Buen Pastor, Pan verdadero,<\/p>\n<p style=\"text-align: center;\">\u00a1oh Jes\u00fas! api\u00e1date de nosotros.<\/p>\n<p style=\"text-align: center;\">Apaci\u00e9ntanos y prot\u00e9genos;<\/p>\n<p style=\"text-align: center;\">haz que veamos los bienes<\/p>\n<p style=\"text-align: center;\">en la tierra de los vivientes.<\/p>\n<p style=\"text-align: center;\">\n<p style=\"text-align: center;\">\n<p style=\"text-align: center;\">T\u00fa, que todo los sabes y puedes,<\/p>\n<p style=\"text-align: center;\">que nos apacientas aqu\u00ed<\/p>\n<p style=\"text-align: center;\">cuando somos a\u00fan mortales,<\/p>\n<p style=\"text-align: center;\">haznos all\u00ed tus comensales,<\/p>\n<p style=\"text-align: center;\">coherederos y compa\u00f1eros<\/p>\n<p style=\"text-align: center;\">de los santos ciudadanos del Cielo.<\/p>\n<p style=\"text-align: center;\">\n<p style=\"text-align: center;\">\n<p style=\"text-align: center;\">Am\u00e9n. Aleluya.<\/p>\n","protected":false},"excerpt":{"rendered":"<p>Programa de actos para la celebraci\u00f3n de la festividad del Corpus Christi, organizado por el Ilustr\u00edsimo Cabildo Catedralicio de Logro\u00f1o para este a\u00f1o 2014. Lectura del Santo Evangelio seg\u00fan San Juan 6, 51-58 \u00a0-\u00abYo soy el pan vivo que ha bajado del cielo; el que coma de este pan vivir\u00e1 para siempre. Y el pan que yo dar\u00e9 es mi carne para la vida del mundo.\u00bb Disputaban los jud\u00edos entre s\u00ed: -\u00ab\u00bfC\u00f3mo puede \u00e9ste darnos a comer su carne?\u00bb Entonces Jes\u00fas les dijo: -\u00abOs aseguro que si no com\u00e9is la carne del Hijo del hombre y no beb\u00e9is su sangre,&hellip; <\/p>\n","protected":false},"author":2,"featured_media":0,"comment_status":"open","ping_status":"open","sticky":false,"template":"","format":"standard","meta":{"_bbp_topic_count":0,"_bbp_reply_count":0,"_bbp_total_topic_count":0,"_bbp_total_reply_count":0,"_bbp_voice_count":0,"_bbp_anonymous_reply_count":0,"_bbp_topic_count_hidden":0,"_bbp_reply_count_hidden":0,"_bbp_forum_subforum_count":0,"_crdt_document":"","footnotes":""},"categories":[1],"tags":[],"class_list":["post-3820","post","type-post","status-publish","format-standard","hentry","category-noticias"],"yoast_head":"<!-- This site is optimized with the Yoast SEO plugin v27.5 - https:\/\/yoast.com\/product\/yoast-seo-wordpress\/ -->\n<title>Festividad Corpus Christi en Logro\u00f1o - Logro\u00f1o Pasi\u00f3n<\/title>\n<meta name=\"robots\" content=\"index, follow, max-snippet:-1, max-image-preview:large, max-video-preview:-1\" \/>\n<link rel=\"canonical\" href=\"https:\/\/www.logronopasion.com\/portal\/festividad-corpus-christi-en-logrono\/\" \/>\n<meta property=\"og:locale\" content=\"es_ES\" \/>\n<meta property=\"og:type\" content=\"article\" \/>\n<meta property=\"og:title\" content=\"Festividad Corpus Christi en Logro\u00f1o - Logro\u00f1o Pasi\u00f3n\" \/>\n<meta property=\"og:description\" content=\"Programa de actos para la celebraci\u00f3n de la festividad del Corpus Christi, organizado por el Ilustr\u00edsimo Cabildo Catedralicio de Logro\u00f1o para este a\u00f1o 2014. Lectura del Santo Evangelio seg\u00fan San Juan 6, 51-58 \u00a0-\u00abYo soy el pan vivo que ha bajado del cielo; el que coma de este pan vivir\u00e1 para siempre. Y el pan que yo dar\u00e9 es mi carne para la vida del mundo.\u00bb Disputaban los jud\u00edos entre s\u00ed: -\u00ab\u00bfC\u00f3mo puede \u00e9ste darnos a comer su carne?\u00bb Entonces Jes\u00fas les dijo: -\u00abOs aseguro que si no com\u00e9is la carne del Hijo del hombre y no beb\u00e9is su sangre,&hellip;\" \/>\n<meta property=\"og:url\" content=\"https:\/\/www.logronopasion.com\/portal\/festividad-corpus-christi-en-logrono\/\" \/>\n<meta property=\"og:site_name\" content=\"Logro\u00f1o Pasi\u00f3n\" \/>\n<meta property=\"article:publisher\" content=\"https:\/\/www.facebook.com\/logronopasion\" \/>\n<meta property=\"article:published_time\" content=\"2014-06-20T22:36:44+00:00\" \/>\n<meta property=\"article:modified_time\" content=\"2014-06-20T23:00:52+00:00\" \/>\n<meta property=\"og:image\" content=\"http:\/\/logronopasion.com\/portal\/wp-content\/uploads\/2014\/06\/1-300x166.jpg\" \/>\n<meta name=\"author\" content=\"ROU\" \/>\n<meta name=\"twitter:card\" content=\"summary_large_image\" \/>\n<meta name=\"twitter:creator\" content=\"@LogronoPasion\" \/>\n<meta name=\"twitter:site\" content=\"@LogronoPasion\" \/>\n<meta name=\"twitter:label1\" content=\"Escrito por\" \/>\n\t<meta name=\"twitter:data1\" content=\"ROU\" \/>\n\t<meta name=\"twitter:label2\" content=\"Tiempo de lectura\" \/>\n\t<meta name=\"twitter:data2\" content=\"18 minutos\" \/>\n<script type=\"application\/ld+json\" class=\"yoast-schema-graph\">{\"@context\":\"https:\\\/\\\/schema.org\",\"@graph\":[{\"@type\":\"Article\",\"@id\":\"https:\\\/\\\/www.logronopasion.com\\\/portal\\\/festividad-corpus-christi-en-logrono\\\/#article\",\"isPartOf\":{\"@id\":\"https:\\\/\\\/www.logronopasion.com\\\/portal\\\/festividad-corpus-christi-en-logrono\\\/\"},\"author\":{\"name\":\"ROU\",\"@id\":\"https:\\\/\\\/www.logronopasion.com\\\/portal\\\/#\\\/schema\\\/person\\\/2f883c3fdb92c04e9616af63b5dcfcf2\"},\"headline\":\"Festividad Corpus Christi en Logro\u00f1o\",\"datePublished\":\"2014-06-20T22:36:44+00:00\",\"dateModified\":\"2014-06-20T23:00:52+00:00\",\"mainEntityOfPage\":{\"@id\":\"https:\\\/\\\/www.logronopasion.com\\\/portal\\\/festividad-corpus-christi-en-logrono\\\/\"},\"wordCount\":3647,\"commentCount\":0,\"publisher\":{\"@id\":\"https:\\\/\\\/www.logronopasion.com\\\/portal\\\/#organization\"},\"image\":{\"@id\":\"https:\\\/\\\/www.logronopasion.com\\\/portal\\\/festividad-corpus-christi-en-logrono\\\/#primaryimage\"},\"thumbnailUrl\":\"http:\\\/\\\/logronopasion.com\\\/portal\\\/wp-content\\\/uploads\\\/2014\\\/06\\\/1-300x166.jpg\",\"articleSection\":[\"Noticias \\\/ Actualidad\"],\"inLanguage\":\"es\",\"potentialAction\":[{\"@type\":\"CommentAction\",\"name\":\"Comment\",\"target\":[\"https:\\\/\\\/www.logronopasion.com\\\/portal\\\/festividad-corpus-christi-en-logrono\\\/#respond\"]}]},{\"@type\":\"WebPage\",\"@id\":\"https:\\\/\\\/www.logronopasion.com\\\/portal\\\/festividad-corpus-christi-en-logrono\\\/\",\"url\":\"https:\\\/\\\/www.logronopasion.com\\\/portal\\\/festividad-corpus-christi-en-logrono\\\/\",\"name\":\"Festividad Corpus Christi en Logro\u00f1o - Logro\u00f1o Pasi\u00f3n\",\"isPartOf\":{\"@id\":\"https:\\\/\\\/www.logronopasion.com\\\/portal\\\/#website\"},\"primaryImageOfPage\":{\"@id\":\"https:\\\/\\\/www.logronopasion.com\\\/portal\\\/festividad-corpus-christi-en-logrono\\\/#primaryimage\"},\"image\":{\"@id\":\"https:\\\/\\\/www.logronopasion.com\\\/portal\\\/festividad-corpus-christi-en-logrono\\\/#primaryimage\"},\"thumbnailUrl\":\"http:\\\/\\\/logronopasion.com\\\/portal\\\/wp-content\\\/uploads\\\/2014\\\/06\\\/1-300x166.jpg\",\"datePublished\":\"2014-06-20T22:36:44+00:00\",\"dateModified\":\"2014-06-20T23:00:52+00:00\",\"inLanguage\":\"es\",\"potentialAction\":[{\"@type\":\"ReadAction\",\"target\":[\"https:\\\/\\\/www.logronopasion.com\\\/portal\\\/festividad-corpus-christi-en-logrono\\\/\"]}]},{\"@type\":\"ImageObject\",\"inLanguage\":\"es\",\"@id\":\"https:\\\/\\\/www.logronopasion.com\\\/portal\\\/festividad-corpus-christi-en-logrono\\\/#primaryimage\",\"url\":\"http:\\\/\\\/logronopasion.com\\\/portal\\\/wp-content\\\/uploads\\\/2014\\\/06\\\/1-300x166.jpg\",\"contentUrl\":\"http:\\\/\\\/logronopasion.com\\\/portal\\\/wp-content\\\/uploads\\\/2014\\\/06\\\/1-300x166.jpg\"},{\"@type\":\"WebSite\",\"@id\":\"https:\\\/\\\/www.logronopasion.com\\\/portal\\\/#website\",\"url\":\"https:\\\/\\\/www.logronopasion.com\\\/portal\\\/\",\"name\":\"Logro\u00f1o Pasi\u00f3n\",\"description\":\"Portal sobre la Semana Santa de Logro\u00f1o\",\"publisher\":{\"@id\":\"https:\\\/\\\/www.logronopasion.com\\\/portal\\\/#organization\"},\"potentialAction\":[{\"@type\":\"SearchAction\",\"target\":{\"@type\":\"EntryPoint\",\"urlTemplate\":\"https:\\\/\\\/www.logronopasion.com\\\/portal\\\/?s={search_term_string}\"},\"query-input\":{\"@type\":\"PropertyValueSpecification\",\"valueRequired\":true,\"valueName\":\"search_term_string\"}}],\"inLanguage\":\"es\"},{\"@type\":\"Organization\",\"@id\":\"https:\\\/\\\/www.logronopasion.com\\\/portal\\\/#organization\",\"name\":\"Logro\u00f1o Pasi\u00f3n\",\"url\":\"https:\\\/\\\/www.logronopasion.com\\\/portal\\\/\",\"logo\":{\"@type\":\"ImageObject\",\"inLanguage\":\"es\",\"@id\":\"https:\\\/\\\/www.logronopasion.com\\\/portal\\\/#\\\/schema\\\/logo\\\/image\\\/\",\"url\":\"https:\\\/\\\/i2.wp.com\\\/logronopasion.com\\\/portal\\\/wp-content\\\/uploads\\\/2019\\\/04\\\/cropped-Header-1.jpg?fit=312%2C212&ssl=1\",\"contentUrl\":\"https:\\\/\\\/i2.wp.com\\\/logronopasion.com\\\/portal\\\/wp-content\\\/uploads\\\/2019\\\/04\\\/cropped-Header-1.jpg?fit=312%2C212&ssl=1\",\"width\":312,\"height\":212,\"caption\":\"Logro\u00f1o Pasi\u00f3n\"},\"image\":{\"@id\":\"https:\\\/\\\/www.logronopasion.com\\\/portal\\\/#\\\/schema\\\/logo\\\/image\\\/\"},\"sameAs\":[\"https:\\\/\\\/www.facebook.com\\\/logronopasion\",\"https:\\\/\\\/x.com\\\/LogronoPasion\"]},{\"@type\":\"Person\",\"@id\":\"https:\\\/\\\/www.logronopasion.com\\\/portal\\\/#\\\/schema\\\/person\\\/2f883c3fdb92c04e9616af63b5dcfcf2\",\"name\":\"ROU\",\"image\":{\"@type\":\"ImageObject\",\"inLanguage\":\"es\",\"@id\":\"https:\\\/\\\/www.logronopasion.com\\\/portal\\\/wp-content\\\/uploads\\\/2021\\\/11\\\/16107_209547569181270_194186917_n-1-150x150.jpg\",\"url\":\"https:\\\/\\\/www.logronopasion.com\\\/portal\\\/wp-content\\\/uploads\\\/2021\\\/11\\\/16107_209547569181270_194186917_n-1-150x150.jpg\",\"contentUrl\":\"https:\\\/\\\/www.logronopasion.com\\\/portal\\\/wp-content\\\/uploads\\\/2021\\\/11\\\/16107_209547569181270_194186917_n-1-150x150.jpg\",\"caption\":\"ROU\"},\"url\":\"https:\\\/\\\/www.logronopasion.com\\\/portal\\\/author\\\/rou\\\/\"}]}<\/script>\n<!-- \/ Yoast SEO plugin. -->","yoast_head_json":{"title":"Festividad Corpus Christi en Logro\u00f1o - Logro\u00f1o Pasi\u00f3n","robots":{"index":"index","follow":"follow","max-snippet":"max-snippet:-1","max-image-preview":"max-image-preview:large","max-video-preview":"max-video-preview:-1"},"canonical":"https:\/\/www.logronopasion.com\/portal\/festividad-corpus-christi-en-logrono\/","og_locale":"es_ES","og_type":"article","og_title":"Festividad Corpus Christi en Logro\u00f1o - Logro\u00f1o Pasi\u00f3n","og_description":"Programa de actos para la celebraci\u00f3n de la festividad del Corpus Christi, organizado por el Ilustr\u00edsimo Cabildo Catedralicio de Logro\u00f1o para este a\u00f1o 2014. Lectura del Santo Evangelio seg\u00fan San Juan 6, 51-58 \u00a0-\u00abYo soy el pan vivo que ha bajado del cielo; el que coma de este pan vivir\u00e1 para siempre. Y el pan que yo dar\u00e9 es mi carne para la vida del mundo.\u00bb Disputaban los jud\u00edos entre s\u00ed: -\u00ab\u00bfC\u00f3mo puede \u00e9ste darnos a comer su carne?\u00bb Entonces Jes\u00fas les dijo: -\u00abOs aseguro que si no com\u00e9is la carne del Hijo del hombre y no beb\u00e9is su sangre,&hellip;","og_url":"https:\/\/www.logronopasion.com\/portal\/festividad-corpus-christi-en-logrono\/","og_site_name":"Logro\u00f1o Pasi\u00f3n","article_publisher":"https:\/\/www.facebook.com\/logronopasion","article_published_time":"2014-06-20T22:36:44+00:00","article_modified_time":"2014-06-20T23:00:52+00:00","og_image":[{"url":"http:\/\/logronopasion.com\/portal\/wp-content\/uploads\/2014\/06\/1-300x166.jpg","type":"","width":"","height":""}],"author":"ROU","twitter_card":"summary_large_image","twitter_creator":"@LogronoPasion","twitter_site":"@LogronoPasion","twitter_misc":{"Escrito por":"ROU","Tiempo de lectura":"18 minutos"},"schema":{"@context":"https:\/\/schema.org","@graph":[{"@type":"Article","@id":"https:\/\/www.logronopasion.com\/portal\/festividad-corpus-christi-en-logrono\/#article","isPartOf":{"@id":"https:\/\/www.logronopasion.com\/portal\/festividad-corpus-christi-en-logrono\/"},"author":{"name":"ROU","@id":"https:\/\/www.logronopasion.com\/portal\/#\/schema\/person\/2f883c3fdb92c04e9616af63b5dcfcf2"},"headline":"Festividad Corpus Christi en Logro\u00f1o","datePublished":"2014-06-20T22:36:44+00:00","dateModified":"2014-06-20T23:00:52+00:00","mainEntityOfPage":{"@id":"https:\/\/www.logronopasion.com\/portal\/festividad-corpus-christi-en-logrono\/"},"wordCount":3647,"commentCount":0,"publisher":{"@id":"https:\/\/www.logronopasion.com\/portal\/#organization"},"image":{"@id":"https:\/\/www.logronopasion.com\/portal\/festividad-corpus-christi-en-logrono\/#primaryimage"},"thumbnailUrl":"http:\/\/logronopasion.com\/portal\/wp-content\/uploads\/2014\/06\/1-300x166.jpg","articleSection":["Noticias \/ Actualidad"],"inLanguage":"es","potentialAction":[{"@type":"CommentAction","name":"Comment","target":["https:\/\/www.logronopasion.com\/portal\/festividad-corpus-christi-en-logrono\/#respond"]}]},{"@type":"WebPage","@id":"https:\/\/www.logronopasion.com\/portal\/festividad-corpus-christi-en-logrono\/","url":"https:\/\/www.logronopasion.com\/portal\/festividad-corpus-christi-en-logrono\/","name":"Festividad Corpus Christi en Logro\u00f1o - Logro\u00f1o Pasi\u00f3n","isPartOf":{"@id":"https:\/\/www.logronopasion.com\/portal\/#website"},"primaryImageOfPage":{"@id":"https:\/\/www.logronopasion.com\/portal\/festividad-corpus-christi-en-logrono\/#primaryimage"},"image":{"@id":"https:\/\/www.logronopasion.com\/portal\/festividad-corpus-christi-en-logrono\/#primaryimage"},"thumbnailUrl":"http:\/\/logronopasion.com\/portal\/wp-content\/uploads\/2014\/06\/1-300x166.jpg","datePublished":"2014-06-20T22:36:44+00:00","dateModified":"2014-06-20T23:00:52+00:00","inLanguage":"es","potentialAction":[{"@type":"ReadAction","target":["https:\/\/www.logronopasion.com\/portal\/festividad-corpus-christi-en-logrono\/"]}]},{"@type":"ImageObject","inLanguage":"es","@id":"https:\/\/www.logronopasion.com\/portal\/festividad-corpus-christi-en-logrono\/#primaryimage","url":"http:\/\/logronopasion.com\/portal\/wp-content\/uploads\/2014\/06\/1-300x166.jpg","contentUrl":"http:\/\/logronopasion.com\/portal\/wp-content\/uploads\/2014\/06\/1-300x166.jpg"},{"@type":"WebSite","@id":"https:\/\/www.logronopasion.com\/portal\/#website","url":"https:\/\/www.logronopasion.com\/portal\/","name":"Logro\u00f1o Pasi\u00f3n","description":"Portal sobre la Semana Santa de Logro\u00f1o","publisher":{"@id":"https:\/\/www.logronopasion.com\/portal\/#organization"},"potentialAction":[{"@type":"SearchAction","target":{"@type":"EntryPoint","urlTemplate":"https:\/\/www.logronopasion.com\/portal\/?s={search_term_string}"},"query-input":{"@type":"PropertyValueSpecification","valueRequired":true,"valueName":"search_term_string"}}],"inLanguage":"es"},{"@type":"Organization","@id":"https:\/\/www.logronopasion.com\/portal\/#organization","name":"Logro\u00f1o Pasi\u00f3n","url":"https:\/\/www.logronopasion.com\/portal\/","logo":{"@type":"ImageObject","inLanguage":"es","@id":"https:\/\/www.logronopasion.com\/portal\/#\/schema\/logo\/image\/","url":"https:\/\/i2.wp.com\/logronopasion.com\/portal\/wp-content\/uploads\/2019\/04\/cropped-Header-1.jpg?fit=312%2C212&ssl=1","contentUrl":"https:\/\/i2.wp.com\/logronopasion.com\/portal\/wp-content\/uploads\/2019\/04\/cropped-Header-1.jpg?fit=312%2C212&ssl=1","width":312,"height":212,"caption":"Logro\u00f1o Pasi\u00f3n"},"image":{"@id":"https:\/\/www.logronopasion.com\/portal\/#\/schema\/logo\/image\/"},"sameAs":["https:\/\/www.facebook.com\/logronopasion","https:\/\/x.com\/LogronoPasion"]},{"@type":"Person","@id":"https:\/\/www.logronopasion.com\/portal\/#\/schema\/person\/2f883c3fdb92c04e9616af63b5dcfcf2","name":"ROU","image":{"@type":"ImageObject","inLanguage":"es","@id":"https:\/\/www.logronopasion.com\/portal\/wp-content\/uploads\/2021\/11\/16107_209547569181270_194186917_n-1-150x150.jpg","url":"https:\/\/www.logronopasion.com\/portal\/wp-content\/uploads\/2021\/11\/16107_209547569181270_194186917_n-1-150x150.jpg","contentUrl":"https:\/\/www.logronopasion.com\/portal\/wp-content\/uploads\/2021\/11\/16107_209547569181270_194186917_n-1-150x150.jpg","caption":"ROU"},"url":"https:\/\/www.logronopasion.com\/portal\/author\/rou\/"}]}},"_links":{"self":[{"href":"https:\/\/www.logronopasion.com\/portal\/wp-json\/wp\/v2\/posts\/3820","targetHints":{"allow":["GET"]}}],"collection":[{"href":"https:\/\/www.logronopasion.com\/portal\/wp-json\/wp\/v2\/posts"}],"about":[{"href":"https:\/\/www.logronopasion.com\/portal\/wp-json\/wp\/v2\/types\/post"}],"author":[{"embeddable":true,"href":"https:\/\/www.logronopasion.com\/portal\/wp-json\/wp\/v2\/users\/2"}],"replies":[{"embeddable":true,"href":"https:\/\/www.logronopasion.com\/portal\/wp-json\/wp\/v2\/comments?post=3820"}],"version-history":[{"count":4,"href":"https:\/\/www.logronopasion.com\/portal\/wp-json\/wp\/v2\/posts\/3820\/revisions"}],"predecessor-version":[{"id":3826,"href":"https:\/\/www.logronopasion.com\/portal\/wp-json\/wp\/v2\/posts\/3820\/revisions\/3826"}],"wp:attachment":[{"href":"https:\/\/www.logronopasion.com\/portal\/wp-json\/wp\/v2\/media?parent=3820"}],"wp:term":[{"taxonomy":"category","embeddable":true,"href":"https:\/\/www.logronopasion.com\/portal\/wp-json\/wp\/v2\/categories?post=3820"},{"taxonomy":"post_tag","embeddable":true,"href":"https:\/\/www.logronopasion.com\/portal\/wp-json\/wp\/v2\/tags?post=3820"}],"curies":[{"name":"wp","href":"https:\/\/api.w.org\/{rel}","templated":true}]}}