{"id":4227,"date":"2015-02-25T20:05:50","date_gmt":"2015-02-25T20:05:50","guid":{"rendered":"http:\/\/logronopasion.com\/portal\/?p=4227"},"modified":"2015-02-25T20:43:22","modified_gmt":"2015-02-25T20:43:22","slug":"acto-de-exaltacion-de-la-saeta-en-logrono","status":"publish","type":"post","link":"https:\/\/www.logronopasion.com\/portal\/acto-de-exaltacion-de-la-saeta-en-logrono\/","title":{"rendered":"Acto de exaltaci\u00f3n de la SAETA en Logro\u00f1o"},"content":{"rendered":"<p>&nbsp;<\/p>\n<p>&nbsp;<\/p>\n<p><a href=\"http:\/\/logronopasion.com\/portal\/wp-content\/uploads\/2015\/02\/Jotas.jpg\"><img loading=\"lazy\" decoding=\"async\" class=\"aligncenter wp-image-4231\" src=\"http:\/\/logronopasion.com\/portal\/wp-content\/uploads\/2015\/02\/Jotas.jpg\" alt=\"Cartel Exaltaci\u00f3n de la Saeta\" width=\"300\" height=\"425\" srcset=\"https:\/\/www.logronopasion.com\/portal\/wp-content\/uploads\/2015\/02\/Jotas.jpg 678w, https:\/\/www.logronopasion.com\/portal\/wp-content\/uploads\/2015\/02\/Jotas-212x300.jpg 212w\" sizes=\"auto, (max-width: 300px) 100vw, 300px\" \/><\/a><\/p>\n<p>&nbsp;<\/p>\n<p><span style=\"text-decoration: underline;\"><strong>Fundaci\u00f3n de la Escuela de saetas<\/strong><\/span><\/p>\n<p>La fundaci\u00f3n de esta Escuela tiene lugar en el a\u00f1o 1.986 en el seno de la Hermandad de \u201cNuestro Padre y Se\u00f1or de la Humildad y Paciencia y Nuestra Se\u00f1ora de los Dolores\u201d, de Marchena,\u00a0 (Sevilla).\u00a0 La misma Casa-Hermandad y su Capilla de Santa Clara dan cabida a la dif\u00edcil tarea de iniciar en el canto de la Saeta a todas las personas que sientan verdaderos y sinceros deseos de acercarse a ella para aprenderla.<\/p>\n<p>La fuerte emigraci\u00f3n, entre los a\u00f1os 1950 y 1.970,\u00a0 y la desgraciada y constante desaparici\u00f3n de viejos Saeteros propiciaron un evidente decaimiento en el canto religioso de la Saeta.\u00a0 Algo hab\u00eda que hacer para que este entra\u00f1able y sentimental canto no corriera peligro de desaparici\u00f3n.\u00a0 Se crea en Marchena,\u00a0 con car\u00e1cter experimental,\u00a0 una Escuela de Saetas con unos objetivos claros y sencillos: conservar a ultranza las antiguas y aut\u00f3ctonas Saetas Marcheneras y divulgar su mensaje por doquier.\u00a0 Superado esto, combinar, despu\u00e9s, la tarea de recuperaci\u00f3n de otras antiguas Saetas,\u00a0 en desuso,\u00a0 con el aprendizaje de los estilos flamencos,\u00a0 para su posterior desarrollo y exposici\u00f3n. Crear, en definitiva, el marco y el ambiente adecuado,\u00a0 acorde con nuestra \u00e9poca actual.<\/p>\n<p>Desde finales del siglo XVII hasta el tercer cuarto del siglo XX las Saetas se vinieron transmitiendo en la misma comunidad familiar de padres a hijos,\u00a0 de generaci\u00f3n en generaci\u00f3n. Tambi\u00e9n las reuniones cuaresmales, las faenas campestres y los bares y tabernas sirvieron de cord\u00f3n umbilical para mantener vivo ese v\u00ednculo transmisor.\u00a0 Igualmente,\u00a0 suceder\u00eda esto en otros pueblos y ciudades de nuestro suelo patrio, pero en las cuatro \u00faltimas d\u00e9cadas,\u00a0 del pasado siglo, la Saeta sufri\u00f3 un grave descendimiento,\u00a0 generado por el cambio brusco de la forma de vida,\u00a0\u00a0 que provoc\u00f3\u00a0 la extinci\u00f3n,\u00a0\u00a0 en muchos lugares\u00a0 de Andaluc\u00eda,\u00a0 de su propia y antigua Saeta aut\u00f3ctona.\u00a0 La convivencia de viejos y j\u00f3venes no era ya tan asidua y usual como vino siendo desde tiempos atr\u00e1s y se fue rompiendo as\u00ed la cadena necesaria para que las tradiciones y costumbres no perezcan.\u00a0 Quedaron,\u00a0 s\u00f3lo en\u00a0 algunos sitios,\u00a0 el viejo Saetero que, como una reliquia, cantaba su Saeta llegada la Semana Santa.\u00a0 Era evidente que las maneras de anta\u00f1o, para preservar este canto, hab\u00edan quedado totalmente anquilosadas y que hab\u00eda que propugnar el nacimiento de otras formas que iniciaran un fuerte resurgimiento.<\/p>\n<p>Para ello,\u00a0 se funda esta pionera Escuela de Saetas,\u00a0 para mantener estos cantos y promover y fomentar entre j\u00f3venes y\u00a0 menos j\u00f3venes el mensaje religioso de esta cultura tan nuestra proyect\u00e1ndola,\u00a0 no s\u00f3lo,\u00a0 a nuestra comunidad aut\u00f3noma sino a los diferentes pueblos y ciudades de Espa\u00f1a.<\/p>\n<p><a href=\"http:\/\/logronopasion.com\/portal\/wp-content\/uploads\/2015\/02\/Jotas-1.jpg\"><img loading=\"lazy\" decoding=\"async\" class=\"aligncenter wp-image-4228 size-full\" src=\"http:\/\/logronopasion.com\/portal\/wp-content\/uploads\/2015\/02\/Jotas-1.jpg\" alt=\"Escuela de saetas 1\" width=\"401\" height=\"270\" srcset=\"https:\/\/www.logronopasion.com\/portal\/wp-content\/uploads\/2015\/02\/Jotas-1.jpg 401w, https:\/\/www.logronopasion.com\/portal\/wp-content\/uploads\/2015\/02\/Jotas-1-300x202.jpg 300w\" sizes=\"auto, (max-width: 401px) 100vw, 401px\" \/><\/a><\/p>\n<p><strong><span style=\"text-decoration: underline;\">La Saeta en la Escuela<\/span> <\/strong><\/p>\n<p>Tuvo muchos detractores el hecho de ense\u00f1ar o intentar transmitir una Saeta a otra persona de una forma reglada y quiz\u00e1s fr\u00eda.\u00a0 Es palmario,\u00a0 que los tiempos van cambiando y la vida sigue una evoluci\u00f3n imparable.\u00a0 Los nuevos tiempos exigen adaptaci\u00f3n a ellos para que las cosas no decaigan y no queden obsoletas.\u00a0 Las formas de aprendizajes de antes no son v\u00e1lidas,\u00a0 hoy,\u00a0 porque \u00e9stas han desaparecidos.\u00a0 En \u00e9pocas pasadas, llegada la Cuaresma, las faenas agr\u00edcolas\u00a0 se entremezclaban con el desafinar de estos cantos en bocas de j\u00f3venes labriegos intentando aprender de maduros \u201cmayetes\u201d, (peque\u00f1os labradores).\u00a0 As\u00ed, en bares y tabernas,\u00a0 a altas horas de la noche, el viejo del lugar sentaba c\u00e1tedra de su sabidur\u00eda e iniciaba, sin querer, en los cantes a los que silentes o\u00edan.\u00a0 Casinos y Pe\u00f1as serv\u00edan,\u00a0 a su vez,\u00a0 para encallar gargantas y prepararlas para la Semana Mayor y en las Hermandades los capillitas entonaban primitivas Saetas llanas y asalmodiadas conservando as\u00ed la pureza de sus or\u00edgenes.\u00a0 En todos estos lugares,\u00a0 que sirvieron para asegurar los v\u00ednculos transmisores de la Saeta, no se dan hoy las condiciones de anta\u00f1o para que el agente transmisor de lleve a efecto.<\/p>\n<p>Mientras no aparezcan otros lugares mejores, la Escuela,\u00a0 ser\u00e1 el id\u00f3neo y el marco apropiado para que el aprendizaje de este cantar netamente andaluz, tan \u00edntimo, tan sentimental no desaparezca.\u00a0 Pasada la Fiesta de Reyes,\u00a0 cuando ya se escuchan tambores y cornetas con gran eco,\u00a0 comienzan estas ense\u00f1anzas,\u00a0 todos los s\u00e1bados,\u00a0 hasta desembocar en el mismo Domingo de Ramos.<\/p>\n<p><strong><span style=\"text-decoration: underline;\">Ense\u00f1ando su canto\u00a0<\/span> <\/strong><\/p>\n<p>La labor de la Escuela de Saetas que se encuentra establecida,\u00a0 como antes se ha comentado, en la Iglesia de Santa Clara de Marchena no va sola y exclusivamente dirigida a los marcheneros en general,\u00a0 sino que queda abierta a todas las personas, andaluces y no andaluces,\u00a0 que quieran emprender el honorable camino de llegar a aprender el canto de la Saeta.\u00a0 Como es sabido,\u00a0 la Saeta es un rezo, una oraci\u00f3n, una copla popular religiosa que canta el pueblo al paso de las procesiones de la Semana Santa o en otros actos de penitencia y devoci\u00f3n.<\/p>\n<p>En el a\u00f1o 2.003,\u00a0 se puede decir que m\u00e1s de 400 personas han pasado por la Escuela de Saetas y se han interesado por el verdadero sentido existencial de estos cantos y por su conservaci\u00f3n como bien espiritual del pueblo impregn\u00e1ndose de unos valores humanos y culturales incalculables.<\/p>\n<p>No todos consiguieron el objetivo de convertirse en Saeteros.\u00a0 Numerosas causas pueden ser las que impidan llegar a este cometido,\u00a0 por ejemplo:\u00a0\u00a0 acudir s\u00f3lo atra\u00eddos por la curiosidad,\u00a0 no tener verdaderos sentimientos,\u00a0\u00a0 no poseer\u00a0 m\u00ednimas facultades,\u00a0 no sentir su mensaje a la hora de transmitirlo, etc. etc.\u00a0 A pesar de\u00a0 las muchas dificultades que entra\u00f1an estas ense\u00f1anzas hay que manifestar que el resultado es francamente positivo y esperanzador.\u00a0 La incorporaci\u00f3n de nuevos Saeteros,\u00a0 cada a\u00f1o,\u00a0 a la Semana Santa es un hecho incuestionable y de patente realidad\u00a0 reconocida.<\/p>\n<p><span style=\"text-decoration: underline;\"><strong>Misioneros de la Saeta<\/strong><\/span><\/p>\n<p>Llegada la Cuaresma compatibilizamos la labor de ense\u00f1anza de estos cantos con las conferencias-recitales all\u00ed donde nos requieren.\u00a0 La historia de la Saeta y sus diferentes maneras de expresi\u00f3n oral,\u00a0 a trav\u00e9s de\u00a0 los siglos,\u00a0 pueden cautivar a los que la escuchen.\u00a0 Durante todos estos a\u00f1os Insertar foto 3 recibieron con gran atenci\u00f3n ese mensaje\u00a0 religioso y cultural: Parroquias, Hermandades y Asociaciones Religiosas, Universidades P\u00fablicas y Privadas, Centros Acad\u00e9micos, Colegios Profesionales, Ayuntamientos, Pe\u00f1as Flamencas, Instituciones Ben\u00e9fico-Sociales y Asociaciones Culturales de Andaluc\u00eda y de otros puntos de Espa\u00f1a.<\/p>\n<p><span style=\"text-decoration: underline;\"><strong>Fundaci\u00f3n y Direcci\u00f3n<\/strong><\/span><\/p>\n<p><a href=\"http:\/\/logronopasion.com\/portal\/wp-content\/uploads\/2015\/02\/Jota-2.jpg\"><img loading=\"lazy\" decoding=\"async\" class=\"aligncenter wp-image-4229\" src=\"http:\/\/logronopasion.com\/portal\/wp-content\/uploads\/2015\/02\/Jota-2.jpg\" alt=\"Fundador de la escuela de saetas\" width=\"300\" height=\"451\" \/><\/a><\/p>\n<p>D. Roberto Narv\u00e1ez Castillo, es uno de sus fundadores y actual Director de esta Escuela de Saetas \u201cSe\u00f1or de la Humildad\u201d de Marchena (Sevilla).\u00a0 Naci\u00f3 en esta villa ducal la noche buena del a\u00f1o 1.951. Saetero, Graduado Social por la Universidad de Granada. Hermano Mayor, (Rector),\u00a0 de la Hermandad de Granada. Hermano Mayor, (Rector),\u00a0 de la Hermandad de Nuestro Padre y Se\u00f1or de la Humildad y Paciencia y Nuestra Se\u00f1ora de los Dolores, de Marchena,\u00a0 entre 1.982 y 1.988.\u00a0 Pregonero de la Semana de Marchena de 1.985.<\/p>\n<p>Ha participado cantando Saetas,\u00a0 en 1.987,\u00a0 en la Cumbre Flamenca de Espa\u00f1a, celebrada en Madrid en la Catedral de San Isidro y organizada por el Ministerio de Cultura.\u00a0 Jurado de la Saeta de Oro de Radio Nacional de Espa\u00f1a en 1.990.\u00a0 Ha colaborado en la publicaci\u00f3n de 2 libros sobre Saetas en los a\u00f1os 1.990 y 1.993,\u00a0 escribiendo sobre sus or\u00edgenes y describi\u00e9ndolas. Presidente del Jurado del Primer Concurso Nacional Flamenco de\u00a0 Cantes del Maestro Pepe Marchena,\u00a0 en 1.996.\u00a0 Asiduo conferenciante de la Saeta por Espa\u00f1a.\u00a0 Ha pronunciado conferencias,\u00a0 en Italia,\u00a0 en los a\u00f1os 1.999 y 2.003.\u00a0\u00a0 Represent\u00f3 a Espa\u00f1a,\u00a0 en 1.999 y 2.003 cantando Saetas, en el Festival de M\u00fasicas Religiosas del Mundo Mediterr\u00e1neo. A este evento internacional acudieron los pa\u00edses que conforman la cuenca del mar Mediterr\u00e1neo.\u00a0 Se celebraron,\u00a0 respectivamente,\u00a0 en la isla de Sicilia y en la Regi\u00f3n de Calabria, (Italia).<\/p>\n<p>El d\u00eda 22 de Marzo de 1.995 el Excmo. Ateneo de Sevilla (una de las principales instituciones sevillanas de la cultura andaluza),\u00a0 rindi\u00f3 un homenaje a la Escuela de Saetas que dirige por la labor llevada a cabo, durante diez a\u00f1os, en\u00a0 pro de la cultura andaluza.<\/p>\n<p>En Marzo de 1.999, bajo su direcci\u00f3n, se public\u00f3 el primer trabajo discogr\u00e1fico de esta Escuela. Este documento sonoro se ha convertido en el primer estudio, hist\u00f3rico,\u00a0 literario y musical in\u00e9dito realizado en Espa\u00f1a,\u00a0 sobre el origen y evoluci\u00f3n de la Saeta desde el siglo XVII hasta el XX.<\/p>\n<p>En Febrero de 2.002 se le otorg\u00f3 el llamador de plata de la Semana Santa de Marchena.<\/p>\n<p><a href=\"http:\/\/logronopasion.com\/portal\/wp-content\/uploads\/2015\/02\/Jota-3.jpg\"><img loading=\"lazy\" decoding=\"async\" class=\"aligncenter wp-image-4230 size-full\" src=\"http:\/\/logronopasion.com\/portal\/wp-content\/uploads\/2015\/02\/Jota-3.jpg\" alt=\"Entrega de premios Escuela de saetas\" width=\"501\" height=\"331\" srcset=\"https:\/\/www.logronopasion.com\/portal\/wp-content\/uploads\/2015\/02\/Jota-3.jpg 501w, https:\/\/www.logronopasion.com\/portal\/wp-content\/uploads\/2015\/02\/Jota-3-300x198.jpg 300w\" sizes=\"auto, (max-width: 501px) 100vw, 501px\" \/><\/a><\/p>\n<p>En Marzo de 2.003 el programa de Canal Sur \u201cSenderos de Gloria\u201d\u00a0 le rindi\u00f3 un c\u00e1lido homenaje y le hizo entrega de un cuadro que dec\u00eda: \u201cPor estudiar a fondo y recobrar la tradici\u00f3n Saetera en Marchena,\u00a0 por transmitir desinteresadamente a muchos alumnos el arte de la Saeta y sobre todo por su gran aportaci\u00f3n personal a la historia y al esplendor de la Semana Santa Marchenera,\u00a0 D. Roberto Narv\u00e1ez Castillo,\u00a0 merece el reconocimiento y el aplauso de todos los andaluces\u201d<\/p>\n<p>El 6 de septiembre de 2004 particip\u00f3 junto a la Escuela de Saetas que dirige en la XIII BIENAL DE ARTE FLAMENCO de Sevilla.<\/p>\n<p>El 26 de Febrero de 2015, participa en la EXALTACION DE LA SAETA en la ciudad de Logro\u00f1o, con motivo de los actos organizados por el 75 aniversario de la fundaci\u00f3n de la Hermandad de Cofrad\u00edas de la Pasi\u00f3n de la Ciudad de Logro\u00f1o, en la Imperial Iglesia de Santa Mar\u00eda de Palacio a las 20.30 horas<\/p>\n","protected":false},"excerpt":{"rendered":"<p>&nbsp; &nbsp; &nbsp; Fundaci\u00f3n de la Escuela de saetas La fundaci\u00f3n de esta Escuela tiene lugar en el a\u00f1o 1.986 en el seno de la Hermandad de \u201cNuestro Padre y Se\u00f1or de la Humildad y Paciencia y Nuestra Se\u00f1ora de los Dolores\u201d, de Marchena,\u00a0 (Sevilla).\u00a0 La misma Casa-Hermandad y su Capilla de Santa Clara dan cabida a la dif\u00edcil tarea de iniciar en el canto de la Saeta a todas las personas que sientan verdaderos y sinceros deseos de acercarse a ella para aprenderla. La fuerte emigraci\u00f3n, entre los a\u00f1os 1950 y 1.970,\u00a0 y la desgraciada y constante desaparici\u00f3n de&hellip; <\/p>\n","protected":false},"author":18,"featured_media":0,"comment_status":"open","ping_status":"open","sticky":false,"template":"","format":"standard","meta":{"_bbp_topic_count":0,"_bbp_reply_count":0,"_bbp_total_topic_count":0,"_bbp_total_reply_count":0,"_bbp_voice_count":0,"_bbp_anonymous_reply_count":0,"_bbp_topic_count_hidden":0,"_bbp_reply_count_hidden":0,"_bbp_forum_subforum_count":0,"_crdt_document":"","footnotes":""},"categories":[1],"tags":[],"class_list":["post-4227","post","type-post","status-publish","format-standard","hentry","category-noticias"],"yoast_head":"<!-- This site is optimized with the Yoast SEO plugin v27.5 - https:\/\/yoast.com\/product\/yoast-seo-wordpress\/ -->\n<title>Acto de exaltaci\u00f3n de la SAETA en Logro\u00f1o - Logro\u00f1o Pasi\u00f3n<\/title>\n<meta name=\"description\" content=\"Acto de exaltaci\u00f3n de la SAETA en Logro\u00f1o\" \/>\n<meta name=\"robots\" content=\"index, follow, max-snippet:-1, max-image-preview:large, max-video-preview:-1\" \/>\n<link rel=\"canonical\" href=\"https:\/\/www.logronopasion.com\/portal\/acto-de-exaltacion-de-la-saeta-en-logrono\/\" \/>\n<meta property=\"og:locale\" content=\"es_ES\" \/>\n<meta property=\"og:type\" content=\"article\" \/>\n<meta property=\"og:title\" content=\"Acto de exaltaci\u00f3n de la SAETA en Logro\u00f1o - Logro\u00f1o Pasi\u00f3n\" \/>\n<meta property=\"og:description\" content=\"Acto de exaltaci\u00f3n de la SAETA en Logro\u00f1o\" \/>\n<meta property=\"og:url\" content=\"https:\/\/www.logronopasion.com\/portal\/acto-de-exaltacion-de-la-saeta-en-logrono\/\" \/>\n<meta property=\"og:site_name\" content=\"Logro\u00f1o Pasi\u00f3n\" \/>\n<meta property=\"article:publisher\" content=\"https:\/\/www.facebook.com\/logronopasion\" \/>\n<meta property=\"article:published_time\" content=\"2015-02-25T20:05:50+00:00\" \/>\n<meta property=\"article:modified_time\" content=\"2015-02-25T20:43:22+00:00\" \/>\n<meta property=\"og:image\" content=\"http:\/\/logronopasion.com\/portal\/wp-content\/uploads\/2015\/02\/Jotas.jpg\" \/>\n<meta name=\"author\" content=\"Logronopasion.com\" \/>\n<meta name=\"twitter:card\" content=\"summary_large_image\" \/>\n<meta name=\"twitter:creator\" content=\"@LogronoPasion\" \/>\n<meta name=\"twitter:site\" content=\"@LogronoPasion\" \/>\n<meta name=\"twitter:label1\" content=\"Escrito por\" \/>\n\t<meta name=\"twitter:data1\" content=\"Logronopasion.com\" \/>\n\t<meta name=\"twitter:label2\" content=\"Tiempo de lectura\" \/>\n\t<meta name=\"twitter:data2\" content=\"8 minutos\" \/>\n<script type=\"application\/ld+json\" class=\"yoast-schema-graph\">{\"@context\":\"https:\\\/\\\/schema.org\",\"@graph\":[{\"@type\":\"Article\",\"@id\":\"https:\\\/\\\/www.logronopasion.com\\\/portal\\\/acto-de-exaltacion-de-la-saeta-en-logrono\\\/#article\",\"isPartOf\":{\"@id\":\"https:\\\/\\\/www.logronopasion.com\\\/portal\\\/acto-de-exaltacion-de-la-saeta-en-logrono\\\/\"},\"author\":{\"name\":\"Logronopasion.com\",\"@id\":\"https:\\\/\\\/www.logronopasion.com\\\/portal\\\/#\\\/schema\\\/person\\\/39728c7f1ab39edc31b0bc671a7fcb0b\"},\"headline\":\"Acto de exaltaci\u00f3n de la SAETA en Logro\u00f1o\",\"datePublished\":\"2015-02-25T20:05:50+00:00\",\"dateModified\":\"2015-02-25T20:43:22+00:00\",\"mainEntityOfPage\":{\"@id\":\"https:\\\/\\\/www.logronopasion.com\\\/portal\\\/acto-de-exaltacion-de-la-saeta-en-logrono\\\/\"},\"wordCount\":1634,\"commentCount\":0,\"publisher\":{\"@id\":\"https:\\\/\\\/www.logronopasion.com\\\/portal\\\/#organization\"},\"image\":{\"@id\":\"https:\\\/\\\/www.logronopasion.com\\\/portal\\\/acto-de-exaltacion-de-la-saeta-en-logrono\\\/#primaryimage\"},\"thumbnailUrl\":\"http:\\\/\\\/logronopasion.com\\\/portal\\\/wp-content\\\/uploads\\\/2015\\\/02\\\/Jotas.jpg\",\"articleSection\":[\"Noticias \\\/ Actualidad\"],\"inLanguage\":\"es\",\"potentialAction\":[{\"@type\":\"CommentAction\",\"name\":\"Comment\",\"target\":[\"https:\\\/\\\/www.logronopasion.com\\\/portal\\\/acto-de-exaltacion-de-la-saeta-en-logrono\\\/#respond\"]}]},{\"@type\":\"WebPage\",\"@id\":\"https:\\\/\\\/www.logronopasion.com\\\/portal\\\/acto-de-exaltacion-de-la-saeta-en-logrono\\\/\",\"url\":\"https:\\\/\\\/www.logronopasion.com\\\/portal\\\/acto-de-exaltacion-de-la-saeta-en-logrono\\\/\",\"name\":\"Acto de exaltaci\u00f3n de la SAETA en Logro\u00f1o - Logro\u00f1o Pasi\u00f3n\",\"isPartOf\":{\"@id\":\"https:\\\/\\\/www.logronopasion.com\\\/portal\\\/#website\"},\"primaryImageOfPage\":{\"@id\":\"https:\\\/\\\/www.logronopasion.com\\\/portal\\\/acto-de-exaltacion-de-la-saeta-en-logrono\\\/#primaryimage\"},\"image\":{\"@id\":\"https:\\\/\\\/www.logronopasion.com\\\/portal\\\/acto-de-exaltacion-de-la-saeta-en-logrono\\\/#primaryimage\"},\"thumbnailUrl\":\"http:\\\/\\\/logronopasion.com\\\/portal\\\/wp-content\\\/uploads\\\/2015\\\/02\\\/Jotas.jpg\",\"datePublished\":\"2015-02-25T20:05:50+00:00\",\"dateModified\":\"2015-02-25T20:43:22+00:00\",\"description\":\"Acto de exaltaci\u00f3n de la SAETA en Logro\u00f1o\",\"inLanguage\":\"es\",\"potentialAction\":[{\"@type\":\"ReadAction\",\"target\":[\"https:\\\/\\\/www.logronopasion.com\\\/portal\\\/acto-de-exaltacion-de-la-saeta-en-logrono\\\/\"]}]},{\"@type\":\"ImageObject\",\"inLanguage\":\"es\",\"@id\":\"https:\\\/\\\/www.logronopasion.com\\\/portal\\\/acto-de-exaltacion-de-la-saeta-en-logrono\\\/#primaryimage\",\"url\":\"http:\\\/\\\/logronopasion.com\\\/portal\\\/wp-content\\\/uploads\\\/2015\\\/02\\\/Jotas.jpg\",\"contentUrl\":\"http:\\\/\\\/logronopasion.com\\\/portal\\\/wp-content\\\/uploads\\\/2015\\\/02\\\/Jotas.jpg\"},{\"@type\":\"WebSite\",\"@id\":\"https:\\\/\\\/www.logronopasion.com\\\/portal\\\/#website\",\"url\":\"https:\\\/\\\/www.logronopasion.com\\\/portal\\\/\",\"name\":\"Logro\u00f1o Pasi\u00f3n\",\"description\":\"Portal sobre la Semana Santa de Logro\u00f1o\",\"publisher\":{\"@id\":\"https:\\\/\\\/www.logronopasion.com\\\/portal\\\/#organization\"},\"potentialAction\":[{\"@type\":\"SearchAction\",\"target\":{\"@type\":\"EntryPoint\",\"urlTemplate\":\"https:\\\/\\\/www.logronopasion.com\\\/portal\\\/?s={search_term_string}\"},\"query-input\":{\"@type\":\"PropertyValueSpecification\",\"valueRequired\":true,\"valueName\":\"search_term_string\"}}],\"inLanguage\":\"es\"},{\"@type\":\"Organization\",\"@id\":\"https:\\\/\\\/www.logronopasion.com\\\/portal\\\/#organization\",\"name\":\"Logro\u00f1o Pasi\u00f3n\",\"url\":\"https:\\\/\\\/www.logronopasion.com\\\/portal\\\/\",\"logo\":{\"@type\":\"ImageObject\",\"inLanguage\":\"es\",\"@id\":\"https:\\\/\\\/www.logronopasion.com\\\/portal\\\/#\\\/schema\\\/logo\\\/image\\\/\",\"url\":\"https:\\\/\\\/i2.wp.com\\\/logronopasion.com\\\/portal\\\/wp-content\\\/uploads\\\/2019\\\/04\\\/cropped-Header-1.jpg?fit=312%2C212&ssl=1\",\"contentUrl\":\"https:\\\/\\\/i2.wp.com\\\/logronopasion.com\\\/portal\\\/wp-content\\\/uploads\\\/2019\\\/04\\\/cropped-Header-1.jpg?fit=312%2C212&ssl=1\",\"width\":312,\"height\":212,\"caption\":\"Logro\u00f1o Pasi\u00f3n\"},\"image\":{\"@id\":\"https:\\\/\\\/www.logronopasion.com\\\/portal\\\/#\\\/schema\\\/logo\\\/image\\\/\"},\"sameAs\":[\"https:\\\/\\\/www.facebook.com\\\/logronopasion\",\"https:\\\/\\\/x.com\\\/LogronoPasion\"]},{\"@type\":\"Person\",\"@id\":\"https:\\\/\\\/www.logronopasion.com\\\/portal\\\/#\\\/schema\\\/person\\\/39728c7f1ab39edc31b0bc671a7fcb0b\",\"name\":\"Logronopasion.com\",\"image\":{\"@type\":\"ImageObject\",\"inLanguage\":\"es\",\"@id\":\"https:\\\/\\\/secure.gravatar.com\\\/avatar\\\/c6b3e81c20ae7dec59cda0fd11915cb052ff1705cd134db04112b35441792010?s=96&d=mm&r=g\",\"url\":\"https:\\\/\\\/secure.gravatar.com\\\/avatar\\\/c6b3e81c20ae7dec59cda0fd11915cb052ff1705cd134db04112b35441792010?s=96&d=mm&r=g\",\"contentUrl\":\"https:\\\/\\\/secure.gravatar.com\\\/avatar\\\/c6b3e81c20ae7dec59cda0fd11915cb052ff1705cd134db04112b35441792010?s=96&d=mm&r=g\",\"caption\":\"Logronopasion.com\"},\"url\":\"https:\\\/\\\/www.logronopasion.com\\\/portal\\\/author\\\/logronopasion-com\\\/\"}]}<\/script>\n<!-- \/ Yoast SEO plugin. -->","yoast_head_json":{"title":"Acto de exaltaci\u00f3n de la SAETA en Logro\u00f1o - Logro\u00f1o Pasi\u00f3n","description":"Acto de exaltaci\u00f3n de la SAETA en Logro\u00f1o","robots":{"index":"index","follow":"follow","max-snippet":"max-snippet:-1","max-image-preview":"max-image-preview:large","max-video-preview":"max-video-preview:-1"},"canonical":"https:\/\/www.logronopasion.com\/portal\/acto-de-exaltacion-de-la-saeta-en-logrono\/","og_locale":"es_ES","og_type":"article","og_title":"Acto de exaltaci\u00f3n de la SAETA en Logro\u00f1o - Logro\u00f1o Pasi\u00f3n","og_description":"Acto de exaltaci\u00f3n de la SAETA en Logro\u00f1o","og_url":"https:\/\/www.logronopasion.com\/portal\/acto-de-exaltacion-de-la-saeta-en-logrono\/","og_site_name":"Logro\u00f1o Pasi\u00f3n","article_publisher":"https:\/\/www.facebook.com\/logronopasion","article_published_time":"2015-02-25T20:05:50+00:00","article_modified_time":"2015-02-25T20:43:22+00:00","og_image":[{"url":"http:\/\/logronopasion.com\/portal\/wp-content\/uploads\/2015\/02\/Jotas.jpg","type":"","width":"","height":""}],"author":"Logronopasion.com","twitter_card":"summary_large_image","twitter_creator":"@LogronoPasion","twitter_site":"@LogronoPasion","twitter_misc":{"Escrito por":"Logronopasion.com","Tiempo de lectura":"8 minutos"},"schema":{"@context":"https:\/\/schema.org","@graph":[{"@type":"Article","@id":"https:\/\/www.logronopasion.com\/portal\/acto-de-exaltacion-de-la-saeta-en-logrono\/#article","isPartOf":{"@id":"https:\/\/www.logronopasion.com\/portal\/acto-de-exaltacion-de-la-saeta-en-logrono\/"},"author":{"name":"Logronopasion.com","@id":"https:\/\/www.logronopasion.com\/portal\/#\/schema\/person\/39728c7f1ab39edc31b0bc671a7fcb0b"},"headline":"Acto de exaltaci\u00f3n de la SAETA en Logro\u00f1o","datePublished":"2015-02-25T20:05:50+00:00","dateModified":"2015-02-25T20:43:22+00:00","mainEntityOfPage":{"@id":"https:\/\/www.logronopasion.com\/portal\/acto-de-exaltacion-de-la-saeta-en-logrono\/"},"wordCount":1634,"commentCount":0,"publisher":{"@id":"https:\/\/www.logronopasion.com\/portal\/#organization"},"image":{"@id":"https:\/\/www.logronopasion.com\/portal\/acto-de-exaltacion-de-la-saeta-en-logrono\/#primaryimage"},"thumbnailUrl":"http:\/\/logronopasion.com\/portal\/wp-content\/uploads\/2015\/02\/Jotas.jpg","articleSection":["Noticias \/ Actualidad"],"inLanguage":"es","potentialAction":[{"@type":"CommentAction","name":"Comment","target":["https:\/\/www.logronopasion.com\/portal\/acto-de-exaltacion-de-la-saeta-en-logrono\/#respond"]}]},{"@type":"WebPage","@id":"https:\/\/www.logronopasion.com\/portal\/acto-de-exaltacion-de-la-saeta-en-logrono\/","url":"https:\/\/www.logronopasion.com\/portal\/acto-de-exaltacion-de-la-saeta-en-logrono\/","name":"Acto de exaltaci\u00f3n de la SAETA en Logro\u00f1o - Logro\u00f1o Pasi\u00f3n","isPartOf":{"@id":"https:\/\/www.logronopasion.com\/portal\/#website"},"primaryImageOfPage":{"@id":"https:\/\/www.logronopasion.com\/portal\/acto-de-exaltacion-de-la-saeta-en-logrono\/#primaryimage"},"image":{"@id":"https:\/\/www.logronopasion.com\/portal\/acto-de-exaltacion-de-la-saeta-en-logrono\/#primaryimage"},"thumbnailUrl":"http:\/\/logronopasion.com\/portal\/wp-content\/uploads\/2015\/02\/Jotas.jpg","datePublished":"2015-02-25T20:05:50+00:00","dateModified":"2015-02-25T20:43:22+00:00","description":"Acto de exaltaci\u00f3n de la SAETA en Logro\u00f1o","inLanguage":"es","potentialAction":[{"@type":"ReadAction","target":["https:\/\/www.logronopasion.com\/portal\/acto-de-exaltacion-de-la-saeta-en-logrono\/"]}]},{"@type":"ImageObject","inLanguage":"es","@id":"https:\/\/www.logronopasion.com\/portal\/acto-de-exaltacion-de-la-saeta-en-logrono\/#primaryimage","url":"http:\/\/logronopasion.com\/portal\/wp-content\/uploads\/2015\/02\/Jotas.jpg","contentUrl":"http:\/\/logronopasion.com\/portal\/wp-content\/uploads\/2015\/02\/Jotas.jpg"},{"@type":"WebSite","@id":"https:\/\/www.logronopasion.com\/portal\/#website","url":"https:\/\/www.logronopasion.com\/portal\/","name":"Logro\u00f1o Pasi\u00f3n","description":"Portal sobre la Semana Santa de Logro\u00f1o","publisher":{"@id":"https:\/\/www.logronopasion.com\/portal\/#organization"},"potentialAction":[{"@type":"SearchAction","target":{"@type":"EntryPoint","urlTemplate":"https:\/\/www.logronopasion.com\/portal\/?s={search_term_string}"},"query-input":{"@type":"PropertyValueSpecification","valueRequired":true,"valueName":"search_term_string"}}],"inLanguage":"es"},{"@type":"Organization","@id":"https:\/\/www.logronopasion.com\/portal\/#organization","name":"Logro\u00f1o Pasi\u00f3n","url":"https:\/\/www.logronopasion.com\/portal\/","logo":{"@type":"ImageObject","inLanguage":"es","@id":"https:\/\/www.logronopasion.com\/portal\/#\/schema\/logo\/image\/","url":"https:\/\/i2.wp.com\/logronopasion.com\/portal\/wp-content\/uploads\/2019\/04\/cropped-Header-1.jpg?fit=312%2C212&ssl=1","contentUrl":"https:\/\/i2.wp.com\/logronopasion.com\/portal\/wp-content\/uploads\/2019\/04\/cropped-Header-1.jpg?fit=312%2C212&ssl=1","width":312,"height":212,"caption":"Logro\u00f1o Pasi\u00f3n"},"image":{"@id":"https:\/\/www.logronopasion.com\/portal\/#\/schema\/logo\/image\/"},"sameAs":["https:\/\/www.facebook.com\/logronopasion","https:\/\/x.com\/LogronoPasion"]},{"@type":"Person","@id":"https:\/\/www.logronopasion.com\/portal\/#\/schema\/person\/39728c7f1ab39edc31b0bc671a7fcb0b","name":"Logronopasion.com","image":{"@type":"ImageObject","inLanguage":"es","@id":"https:\/\/secure.gravatar.com\/avatar\/c6b3e81c20ae7dec59cda0fd11915cb052ff1705cd134db04112b35441792010?s=96&d=mm&r=g","url":"https:\/\/secure.gravatar.com\/avatar\/c6b3e81c20ae7dec59cda0fd11915cb052ff1705cd134db04112b35441792010?s=96&d=mm&r=g","contentUrl":"https:\/\/secure.gravatar.com\/avatar\/c6b3e81c20ae7dec59cda0fd11915cb052ff1705cd134db04112b35441792010?s=96&d=mm&r=g","caption":"Logronopasion.com"},"url":"https:\/\/www.logronopasion.com\/portal\/author\/logronopasion-com\/"}]}},"_links":{"self":[{"href":"https:\/\/www.logronopasion.com\/portal\/wp-json\/wp\/v2\/posts\/4227","targetHints":{"allow":["GET"]}}],"collection":[{"href":"https:\/\/www.logronopasion.com\/portal\/wp-json\/wp\/v2\/posts"}],"about":[{"href":"https:\/\/www.logronopasion.com\/portal\/wp-json\/wp\/v2\/types\/post"}],"author":[{"embeddable":true,"href":"https:\/\/www.logronopasion.com\/portal\/wp-json\/wp\/v2\/users\/18"}],"replies":[{"embeddable":true,"href":"https:\/\/www.logronopasion.com\/portal\/wp-json\/wp\/v2\/comments?post=4227"}],"version-history":[{"count":5,"href":"https:\/\/www.logronopasion.com\/portal\/wp-json\/wp\/v2\/posts\/4227\/revisions"}],"predecessor-version":[{"id":4237,"href":"https:\/\/www.logronopasion.com\/portal\/wp-json\/wp\/v2\/posts\/4227\/revisions\/4237"}],"wp:attachment":[{"href":"https:\/\/www.logronopasion.com\/portal\/wp-json\/wp\/v2\/media?parent=4227"}],"wp:term":[{"taxonomy":"category","embeddable":true,"href":"https:\/\/www.logronopasion.com\/portal\/wp-json\/wp\/v2\/categories?post=4227"},{"taxonomy":"post_tag","embeddable":true,"href":"https:\/\/www.logronopasion.com\/portal\/wp-json\/wp\/v2\/tags?post=4227"}],"curies":[{"name":"wp","href":"https:\/\/api.w.org\/{rel}","templated":true}]}}