{"id":4255,"date":"2015-03-18T20:41:45","date_gmt":"2015-03-18T20:41:45","guid":{"rendered":"http:\/\/logronopasion.com\/portal\/?p=4255"},"modified":"2015-03-18T20:41:45","modified_gmt":"2015-03-18T20:41:45","slug":"quien-fue-el-carpintero-jose-de-nazaret","status":"publish","type":"post","link":"https:\/\/www.logronopasion.com\/portal\/quien-fue-el-carpintero-jose-de-nazaret\/","title":{"rendered":"\u00bfQui\u00e9n fue el carpintero, Jos\u00e9 de Nazaret?"},"content":{"rendered":"<p>En el Plan Reconciliador de Dios con la humanidad, <strong>Jos\u00e9 de Nazaret,<\/strong> tuvo un papel esencial: Dios le encomend\u00f3 la gran responsabilidad y privilegio de ser el padre adoptivo y terrenal de su propio Hijo, y de ser esposo virginal de la Virgen Mar\u00eda.<\/p>\n<p>&nbsp;<\/p>\n<p>San Jos\u00e9 pues, es el santo custodio de la Sagrada Familia y la persona que m\u00e1s cerca est\u00e1 de Jes\u00fas y de la Sant\u00edsima Virgen Mar\u00eda.<\/p>\n<p>Jes\u00fas, qui\u00e9n fue engendrado en el vientre virginal de la Virgen Mar\u00eda por obra del Esp\u00edritu Santo, es Hijo de Dios, pero Jos\u00e9 lo adopt\u00f3 amorosamente y Jes\u00fas se someti\u00f3 a \u00e9l como un buen hijo ante su padre. \u00a1Cu\u00e1nto influenci\u00f3 Jos\u00e9 en el desarrollo humano del ni\u00f1o Jes\u00fas! \u00a1Qu\u00e9 perfecta uni\u00f3n existi\u00f3 en su ejemplar matrimonio con Mar\u00eda!<\/p>\n<p><a href=\"http:\/\/logronopasion.com\/portal\/wp-content\/uploads\/2014\/03\/San-Jose.jpg\"><img loading=\"lazy\" decoding=\"async\" class=\"aligncenter size-full wp-image-3474\" src=\"http:\/\/logronopasion.com\/portal\/wp-content\/uploads\/2014\/03\/San-Jose.jpg\" alt=\"San Jose\" width=\"320\" height=\"251\" srcset=\"https:\/\/www.logronopasion.com\/portal\/wp-content\/uploads\/2014\/03\/San-Jose.jpg 320w, https:\/\/www.logronopasion.com\/portal\/wp-content\/uploads\/2014\/03\/San-Jose-300x235.jpg 300w\" sizes=\"auto, (max-width: 320px) 100vw, 320px\" \/><\/a><\/p>\n<p>Seg\u00fan los Evangelios, era artesano carpintero de oficio, profesi\u00f3n que habr\u00eda ense\u00f1ado a su hijo, de condici\u00f3n humilde, aunque San Mateo y San Lucas lo presentan como perteneciente a la estirpe del Rey David.<\/p>\n<p>Hijo descendiente de Jacob e hijo de Hel\u00ed. Nace en Bel\u00e9n, ciudad del Rey David del que era descendiente y despu\u00e9s vive en Nazaret. De profesi\u00f3n carpintero, y San Justino lo confirma, as\u00ed como la tradici\u00f3n ha aceptado esta interpretaci\u00f3n de su oficio. Nuestro Se\u00f1or Jes\u00fas fue llamado \u201cHijo de Jos\u00e9\u201d, \u201cel carpintero\u201d (Jn 1,45; 6,42; Lc 4,22).<\/p>\n<p>El evangelio de San Mateo (1: 18-24) muestra parte del drama que debi\u00f3 de vivir Jos\u00e9 de Nazaret al saber que Mar\u00eda estaba embarazada. Iba a repudiarla en secreto porque era hombre bueno de coraz\u00f3n y justo, no queriendo fuera apedreada seg\u00fan lo dispuesto en la Ley.<\/p>\n<p>&nbsp;<\/p>\n<p>Un \u00e1ngel del Se\u00f1or, le manifest\u00f3 en sue\u00f1os que el ni\u00f1o que Mar\u00eda hab\u00eda concebido, era por obra del Esp\u00edritu Santo y que su hijo \u00absalvar\u00eda a su pueblo de sus pecados\u00bb, por lo que Jos\u00e9, ya no tuvo ninguna duda y acept\u00f3 a Mar\u00eda (Mateo 1: 20-24)<\/p>\n<p>Pero Jos\u00e9 de Nazaret, es el gran olvidado por nosotros \u00f3 por lo menos por la gran mayor\u00eda. Durante siglos a San Jos\u00e9 se le ha \u201cseparado\u201d de hecho de su esposa Mar\u00eda. Basta con mirar muchas de nuestras iglesias: Mar\u00eda est\u00e1 y reina en lugar destacado, en el presbiterio, a veces incluso m\u00e1s visible que la cruz de Cristo. San Jos\u00e9 en cambio, cuando hay suerte, est\u00e1 en una capilla lateral oscura y llena de polvo.<\/p>\n<p>Ella, Madre de Jes\u00fas Nuestro Se\u00f1or, mi Madre, nuestra Madre, llenando oraciones, fiestas lit\u00fargicas, diversidad de cantos, bell\u00edsimas obras de arte, esculturas excepcionales\u2026 San Jos\u00e9, pintado como un viejo durante siglos, sin aparecer incluso en muchos villancicos\u2026<\/p>\n<p>Quiz\u00e1s la Virgen Mar\u00eda y Jes\u00fas su hijo, pudieran estar un poco enojados con nosotros, por no darle la debida atenci\u00f3n y culto. Por suerte la devoci\u00f3n popular fue avanzando y comenz\u00f3 en el siglo XVI a venerar a San Jos\u00e9 como se merece este hombre bueno y justo. A la Sagrada Familia no podemos cantarla por separado: Jes\u00fas por un lado, Mar\u00eda por otro y Jos\u00e9\u2026para quien se acuerde \u00bfCu\u00e1ntas veces Jes\u00fas adolescente no entrar\u00eda en una casa diciendo \u201cvengo de parte de mi padre\u201d refiri\u00e9ndose a Jos\u00e9 al igual que de mayor lo dijo para referirse a su otro Padre y a su misi\u00f3n?<\/p>\n<p>Cuantas y cuantas fiestas de los diferentes pueblos llevan el nombre de Mar\u00eda. Cuantas fechas del calendario son para Mar\u00eda y solamente un par de ellos, uno de ellos adem\u00e1s en muchos lugares, ni festivo para San Jos\u00e9\u2026<\/p>\n<p>De siempre se dice que a Dios se llega por Mar\u00eda y es verdad, pero tambi\u00e9n se debe de ir por Jos\u00e9, pues en cualquier situaci\u00f3n de nuestra vida a trav\u00e9s de Jos\u00e9, a su lado encontraremos siempre a Mar\u00eda. Y en sus brazos al Ni\u00f1o. Que de ah\u00ed le viene a Jos\u00e9 la grandeza: Dios se acurruc\u00f3 en sus brazos para dormir tranquilo\u2026<\/p>\n<p>Las principales fuentes de informaci\u00f3n sobre la vida de San Jos\u00e9 son los primeros cap\u00edtulos del evangelio de Mateo y de Lucas. En los relatos no conocemos palabras expresadas por \u00e9l, tan s\u00f3lo conocemos sus obras, sus actos de fe, amor y de protecci\u00f3n como padre responsable del bienestar de su amad\u00edsima esposa y de su excepcional Hijo.<\/p>\n<p>Es un caso excepcional en la Biblia: un santo al que no se le escucha ni una sola palabra. Es, pues, el \u201cSanto del silencio\u201d.<\/p>\n<p>Su santidad se irradiaba desde antes de los desposorios. Es un \u201cescogido\u201d de Dios; desde el principio recibi\u00f3 la gracia de discernir los mandatos del Se\u00f1or. No es que haya sido uno de esos seres que no pronunciaban palabra, fue un hombre que cumpli\u00f3 aquel mandato del profeta antiguo: \u201csean pocas tus palabras\u201d. Es decir, su vida sencilla y humilde se entre cruzaban con su silencio integral, que no significa mero mutismo, sino el mantener todo su ser encauzado a cumplir el Plan de Dios. San Jos\u00e9, patrono de la vida interior, nos ense\u00f1a con su propia vida a orar, a amar, a sufrir, a actuar rectamente y a dar gloria a Dios con toda nuestra vida.<\/p>\n<p>Su libre cooperaci\u00f3n con la gracia divina hizo posible que su respuesta sea total y eficaz. Dios le dio la gracia especial seg\u00fan su particular vocaci\u00f3n y, al mismo tiempo, la misi\u00f3n divina excepcional que Dios le confi\u00f3 requiri\u00f3 de una santidad proporcionada.<\/p>\n<p>Se ha tratado de definir muchas veces las virtudes de San Jos\u00e9: \u201cBrillan en \u00e9l, sobre todo las virtudes de la vida oculta: la virginidad, la humildad, la pobreza, la paciencia, la prudencia, la fidelidad que no puede ser quebrantada por ning\u00fan peligro, la sencillez y la fe; la confianza en Dios y la m\u00e1s perfecta caridad. Guard\u00f3 con amor y entrega total, el dep\u00f3sito que se le confiara con una fidelidad propia al valor del tesoro que se entrega a \u00a0custodia en sus manos.\u201d<\/p>\n<p>San Jos\u00e9 es tambi\u00e9n modelo incomparable, despu\u00e9s de Jes\u00fas, de la santificaci\u00f3n del trabajo corporal. Por eso la Iglesia ha instituido la fiesta de S. Jos\u00e9 Obrero, celebrada el 1 de mayo, present\u00e1ndole como modelo sublime de los trabajadores manuales.<\/p>\n<p>La concepci\u00f3n del Verbo divino en las entra\u00f1as virginales de Mar\u00eda se hizo en virtud de una acci\u00f3n milagrosa del Esp\u00edritu Santo. Este hecho es narrado por el Evangelio y constituye uno de los dogmas fundamentales de nuestra fe cat\u00f3lica: la virginidad perpetua de Mar\u00eda. En virtud a ello, San Jos\u00e9 a recibido diversos t\u00edtulos: padre nutricio, padre adoptivo, padre legal, padre virginal; pero ninguna en si encierra la plenitud de la misi\u00f3n de Jos\u00e9 en la vida de Jes\u00fas.<\/p>\n<p><a href=\"http:\/\/logronopasion.com\/portal\/wp-content\/uploads\/2013\/03\/untitled.png\"><img loading=\"lazy\" decoding=\"async\" class=\"aligncenter size-full wp-image-2041\" src=\"http:\/\/logronopasion.com\/portal\/wp-content\/uploads\/2013\/03\/untitled.png\" alt=\"San Jose de Nazaret\" width=\"194\" height=\"259\" \/><\/a><\/p>\n<p>San Jos\u00e9 ejerci\u00f3 sobre Jes\u00fas la funci\u00f3n y los derechos que corresponden a un verdadero padre, del mismo modo que ejerci\u00f3 sobre Mar\u00eda, virginalmente, las funciones y derechos de verdadero esposo. Ambas funciones constan en el Evangelio. Al encontrar al Ni\u00f1o en el Templo, la Virgen reclama a Jes\u00fas: \u201dHijo, porque has obrado as\u00ed con nosotros? Mira que tu padre y yo, apenados, te busc\u00e1bamos\u201d. Mar\u00eda nombra a San Jos\u00e9 d\u00e1ndole el t\u00edtulo de padre, prueba evidente de que \u00e9l era llamado as\u00ed por el propio Jes\u00fas, pues miraba en Jos\u00e9 el reflejo y la representaci\u00f3n aut\u00e9ntica de su Padre Celestial.<\/p>\n<p>La relaci\u00f3n de esposos que sostuvo Jos\u00e9 con Mar\u00eda, es ejemplo para todo matrimonio; ellos nos ense\u00f1an que el fundamento de la uni\u00f3n conyugal est\u00e1 en la comuni\u00f3n de corazones en el amor divino. Para los esposos, la uni\u00f3n de cuerpos debe ser una expresi\u00f3n de ese amor y por ende un don de Dios. San Jos\u00e9 y Mar\u00eda Sant\u00edsima, sin embargo, permanecieron v\u00edrgenes por raz\u00f3n de su privilegiada misi\u00f3n en relaci\u00f3n a Jes\u00fas. La virginidad, como donaci\u00f3n total a Dios, nunca es una carencia; abre las puertas para comunicar el amor divino en la forma m\u00e1s pura y sublime. Dios habitaba siempre en aquellos corazones puros y ellos compart\u00edan entre s\u00ed los frutos del amor que recib\u00edan de Dios.<\/p>\n<p>Desde su uni\u00f3n matrimonial con Mar\u00eda, Jos\u00e9 supo vivir con esperanza en Dios la alegr\u00eda y el dolor, fruto de los sucesos de la vida diaria.<\/p>\n<p>En Bel\u00e9n tuvo que sufrir con la Virgen, la carencia de albergue hasta tener que tomar refugio en un establo. All\u00ed naci\u00f3 Jes\u00fas, Hijo de Dios. El atend\u00eda a los dos como si fuese el verdadero padre. Como ser\u00eda su estado de admiraci\u00f3n a la llegada de los pastores, los \u00e1ngeles y m\u00e1s tarde los magos de Oriente. Referente a la Presentaci\u00f3n de Jes\u00fas en el Templo, San Lucas nos dice: \u201cSu padre y su madre estaban admirados de lo que se dec\u00eda de \u00e9l\u201d.<\/p>\n<p>Despu\u00e9s de la visita de los magos de Oriente, Herodes el tirano, lleno de envidia y obsesionado con su poder, quiso matar al ni\u00f1o. Jos\u00e9, de nuevo, escuch\u00f3 el mensaje de Dios transmitido por un \u00e1ngel: \u201cLev\u00e1ntate, toma contigo al ni\u00f1o y a su madre y huye a Egipto; y estate all\u00ed hasta que yo te diga. Porque Herodes va a buscar al ni\u00f1o para matarle\u201d. Jos\u00e9 obedeci\u00f3 y tomo responsabilidad por la familia que Dios le hab\u00eda confiado. Por este motivo, tuvieron que vivir Jos\u00e9, Mar\u00eda y el Ni\u00f1o en el exilio de Egipto.<\/p>\n<p><a href=\"http:\/\/logronopasion.com\/portal\/wp-content\/uploads\/2013\/03\/JESS_-1.jpg\"><img loading=\"lazy\" decoding=\"async\" class=\"aligncenter wp-image-2042\" src=\"http:\/\/logronopasion.com\/portal\/wp-content\/uploads\/2013\/03\/JESS_-1.jpg\" alt=\"Sagrada Familia\" width=\"400\" height=\"314\" srcset=\"https:\/\/www.logronopasion.com\/portal\/wp-content\/uploads\/2013\/03\/JESS_-1.jpg 720w, https:\/\/www.logronopasion.com\/portal\/wp-content\/uploads\/2013\/03\/JESS_-1-300x235.jpg 300w\" sizes=\"auto, (max-width: 400px) 100vw, 400px\" \/><\/a><\/p>\n<p>Esto representaba dificultades muy grandes: la Sagrada familia, siendo extranjera, no hablaba el idioma, no ten\u00edan el apoyo de familiares o amigos, ser\u00edan v\u00edctimas de prejuicios, dificultades para encontrar empleo y la consecuente pobreza. Jos\u00e9 acept\u00f3 todo eso por amor sin exigir nada, siendo modelo ejemplar de esa amorosa obediencia que como hijo debe a su Padre en el cielo.<\/p>\n<p>Se ignora la fecha de su muerte, aunque se acepta que Jos\u00e9 de Nazaret muri\u00f3 cuando Jesucristo ten\u00eda ya m\u00e1s de 12 a\u00f1os pero antes del inicio de su predicaci\u00f3n. Se llega a esta aceptaci\u00f3n pues en el evangelio de San Lucas (2: 41-50) menciona a \u00ablos padres\u00bb de Jes\u00fas cuando \u00e9ste ya cuenta con 12 a\u00f1os, pero no se menciona a Jos\u00e9 de Nazaret en los Evangelios can\u00f3nicos durante el ministerio p\u00fablico de Jes\u00fas, por lo que se presume que muri\u00f3 antes de que \u00e9ste tuviera lugar.<\/p>\n<p>Tambi\u00e9n por ello, es lo m\u00e1s probable que San Jos\u00e9 hubiera muerto antes del comienzo de la vida p\u00fablica de Jes\u00fas ya que no estaba presente en las bodas de Can\u00e1 ni se habla m\u00e1s de \u00e9l. De estar vivo, San Jos\u00e9 hubiese estado sin duda al pie de la Cruz con Mar\u00eda. La entrega que hace Jes\u00fas de su Madre a San Juan da tambi\u00e9n a entender que ya San Jos\u00e9 estaba muerto.<\/p>\n<p>Seg\u00fan San Epifanius, San Jos\u00e9 muri\u00f3 ya mayor y el Venerable Beda dice que fue enterrado en el Valle de Josafat.<\/p>\n<p>El Papa P\u00edo IX, atendiendo a las innumerables peticiones que recibi\u00f3 de los fieles cat\u00f3licos del mundo entero, y, sobre todo, al ruego de los obispos reunidos en el concilio Vaticano I, declar\u00f3 y constituy\u00f3 a San Jos\u00e9, Patrono Universal de la Iglesia, el 8 de diciembre de 1870.<\/p>\n<p>\u00bfQu\u00e9 mejor guardi\u00e1n o patr\u00f3n va a darle Dios a su Iglesia? pues el que fue el protector de su propio Hijo, el Ni\u00f1o Jes\u00fas y de Mar\u00eda.<\/p>\n<p>Cuando Dios decidi\u00f3 fundar la familia divina en la tierra, eligi\u00f3 a San Jos\u00e9 para que sea el protector y custodio de su Hijo; para cuando se quiso que esta familia continuase en el mundo, esto es, de fundar, de extender y de conservar la Iglesia, a San Jos\u00e9 se le encomienda el mismo oficio. Un coraz\u00f3n que es capaz de amar a Dios como hijo y a la Madre de Dios como esposa, es capaz de abarcar en su amor y tomar bajo su protecci\u00f3n a la Iglesia entera, de la cual Jes\u00fas es cabeza y Mar\u00eda es Madre.<\/p>\n<p>Una de las m\u00e1s fervientes propagadoras de la devoci\u00f3n a San Jos\u00e9 fue Santa Teresa de \u00c1vila. En el cap\u00edtulo sexto de su vida, escribi\u00f3 uno de los relatos m\u00e1s bellos que se han escrito en honor a este santo: \u201cTom\u00e9 por abogado y protector al glorioso San Jos\u00e9, y encomi\u00e9ndeme mucho a \u00e9l. Vi claro que as\u00ed de esta necesidad, como de otras mayores, este padre y se\u00f1or m\u00edo me saco con m\u00e1s bien de lo que yo le sab\u00eda pedir. No me acuerdo hasta ahora haberle suplicado cosa que la haya dejado de hacer. Es cosa tan grande las maravillosas mercedes que me ha hecho Dios por medio de este bienaventurado santo, de los peligros que me ha librado, as\u00ed de cuerpo como de alma; de este santo tengo experiencia que socorre en todas las necesidades, y es que quiere el Se\u00f1or darnos a entender que as\u00ed como le fue sujeto en la tierra, que como tenia nombre de padre, y le pod\u00eda mandar, as\u00ed en el cielo hace cuanto le pide. Querr\u00eda yo persuadir a todos que fuesen devotos de este glorioso santo por la gran experiencia que tengo de los bienes que alcanza de Dios\u201d.<\/p>\n<p>Otros santos que tambi\u00e9n propagaron la devoci\u00f3n a San Jos\u00e9 fueron San Vicente Ferrer, Santa Br\u00edgida, San Bernardino de Siena (que escribi\u00f3 en su honor muy hermosos sermones) y San Francisco de Sales, que predic\u00f3 muchas veces recomendando la devoci\u00f3n al Santo Custodio.<\/p>\n<p><em>Sigamos el ejemplo de \u201clas almas m\u00e1s sensibles a los impulsos del amor divino\u201d, las cuales \u201cven con raz\u00f3n en Jos\u00e9 un luminoso ejemplo de vida interior\u201d<\/em> dijo el Papa SAN JUAN PABLO II,<\/p>\n<p><a href=\"http:\/\/logronopasion.com\/portal\/wp-content\/uploads\/2015\/03\/San-Jos\u00e9.jpg\"><img loading=\"lazy\" decoding=\"async\" class=\" wp-image-4259 aligncenter\" src=\"http:\/\/logronopasion.com\/portal\/wp-content\/uploads\/2015\/03\/San-Jos\u00e9.jpg\" alt=\"San Jos\u00e9\" width=\"600\" height=\"257\" srcset=\"https:\/\/www.logronopasion.com\/portal\/wp-content\/uploads\/2015\/03\/San-Jos\u00e9.jpg 525w, https:\/\/www.logronopasion.com\/portal\/wp-content\/uploads\/2015\/03\/San-Jos\u00e9-300x129.jpg 300w\" sizes=\"auto, (max-width: 600px) 100vw, 600px\" \/><\/a><\/p>\n<p>&nbsp;<\/p>\n<blockquote>\n<p style=\"text-align: center;\"><span style=\"text-decoration: underline;\"><strong>ESLAB\u00d3N DE CADENA<\/strong><\/span><\/p>\n<p style=\"text-align: center;\"><em>Eres Jos\u00e9, de Mar\u00eda, esposo.<\/em><br \/>\n<em> Silencio en medio del ruido<\/em><br \/>\n<em> que nos trae, nos descubre y nos lleva al Salvador.<\/em><br \/>\n<em> Eres prudencia, cuando sin verlo todo claro,<span class=\"text_exposed_hide\">&#8230;<\/span><span class=\"text_exposed_show\"><br \/>\nves m\u00e1s all\u00e1 de la nube de la incertidumbre<br \/>\ncuando Dios habla en horas inciertas y amargas.<br \/>\nEres sencillez que, en los compases complicados,<br \/>\nnos descubres que la vida hay que tejerla<br \/>\ncon las agujas de la humildad y de la docilidad.<br \/>\nQue, s\u00f3lo desde \u00e9l la apertura de miras,<br \/>\nse puede llegar a comprender que Dios<br \/>\nlejos de pedir imposibles<br \/>\nconvierte en real lo que para nosotros es inalcanzable.<br \/>\nEres, Jos\u00e9, eslab\u00f3n de una cadena pret\u00e9rita<br \/>\nque se hace fuerte en su Anunciaci\u00f3n<br \/>\nse rompe en la noche del nacimiento de Cristo<br \/>\ny fiel en los momentos de su predicaci\u00f3n.<br \/>\nEres, Jos\u00e9, o\u00eddo que escucha y labios que callan<br \/>\npies que caminan en lo desconocido<br \/>\ny coraz\u00f3n que ama sin saber por qu\u00e9 en verdad amar.<br \/>\nEres, Jos\u00e9, pensamiento que en el cielo descansa<br \/>\ny, adem\u00e1s, reflexi\u00f3n que todo lo aclara.<br \/>\nCon raz\u00f3n, Jos\u00e9, no hay deseo que t\u00fa no lo alcances.<br \/>\nSabes, como nadie, c\u00f3mo llegar al Coraz\u00f3n de Cristo<br \/>\ny, en ese coraz\u00f3n, depositar las oraciones<br \/>\nde los que ni somos sencillos ni obedientes<br \/>\nni, tal vez, so\u00f1adores con lo que t\u00fa so\u00f1aste.<br \/>\nDir\u00edgenos, hombre de calma y paz,<br \/>\npara, en ese silencio, a Dios poder encontrar.<br \/>\nCadena, eres Jos\u00e9, que une lo humano y lo divino<br \/>\nlo imposible con lo certero<br \/>\nlas l\u00e1grimas con el consuelo<br \/>\nlas dudas con los dulces y divinos sue\u00f1os.<br \/>\nSiempre, entre bambalinas, en lugar apartado<br \/>\neres reflejo de lo que debe ser un gran santo:<br \/>\nsiempre escondido<br \/>\npara que Dios brille en todo su esplendor.<br \/>\n<\/span><\/em><\/p>\n<p style=\"text-align: left;\"><strong>D. Javier Leoz Ventura<\/strong><br \/>\n<strong>Delegado Religiosidad Popular<\/strong><br \/>\n<strong>Di\u00f3cesis de Pamplona<\/strong><\/p>\n<\/blockquote>\n<p><span class=\"text_exposed_show\">\u00a0<\/span><\/p>\n","protected":false},"excerpt":{"rendered":"<p>En el Plan Reconciliador de Dios con la humanidad, Jos\u00e9 de Nazaret, tuvo un papel esencial: Dios le encomend\u00f3 la gran responsabilidad y privilegio de ser el padre adoptivo y terrenal de su propio Hijo, y de ser esposo virginal de la Virgen Mar\u00eda. &nbsp; San Jos\u00e9 pues, es el santo custodio de la Sagrada Familia y la persona que m\u00e1s cerca est\u00e1 de Jes\u00fas y de la Sant\u00edsima Virgen Mar\u00eda. Jes\u00fas, qui\u00e9n fue engendrado en el vientre virginal de la Virgen Mar\u00eda por obra del Esp\u00edritu Santo, es Hijo de Dios, pero Jos\u00e9 lo adopt\u00f3 amorosamente y Jes\u00fas se&hellip; <\/p>\n","protected":false},"author":18,"featured_media":0,"comment_status":"open","ping_status":"open","sticky":false,"template":"","format":"standard","meta":{"_bbp_topic_count":0,"_bbp_reply_count":0,"_bbp_total_topic_count":0,"_bbp_total_reply_count":0,"_bbp_voice_count":0,"_bbp_anonymous_reply_count":0,"_bbp_topic_count_hidden":0,"_bbp_reply_count_hidden":0,"_bbp_forum_subforum_count":0,"_crdt_document":"","footnotes":""},"categories":[5,8,3],"tags":[],"class_list":["post-4255","post","type-post","status-publish","format-standard","hentry","category-criterios-morales","category-heroes","category-iglesia"],"yoast_head":"<!-- This site is optimized with the Yoast SEO plugin v27.5 - https:\/\/yoast.com\/product\/yoast-seo-wordpress\/ -->\n<title>\u00bfQui\u00e9n fue el carpintero, Jos\u00e9 de Nazaret? - Logro\u00f1o Pasi\u00f3n<\/title>\n<meta name=\"description\" content=\"\u00bfQui\u00e9n fue el carpintero, Jos\u00e9 de Nazaret?\" \/>\n<meta name=\"robots\" content=\"index, follow, max-snippet:-1, max-image-preview:large, max-video-preview:-1\" \/>\n<link rel=\"canonical\" href=\"https:\/\/www.logronopasion.com\/portal\/quien-fue-el-carpintero-jose-de-nazaret\/\" \/>\n<meta property=\"og:locale\" content=\"es_ES\" \/>\n<meta property=\"og:type\" content=\"article\" \/>\n<meta property=\"og:title\" content=\"\u00bfQui\u00e9n fue el carpintero, Jos\u00e9 de Nazaret? - Logro\u00f1o Pasi\u00f3n\" \/>\n<meta property=\"og:description\" content=\"\u00bfQui\u00e9n fue el carpintero, Jos\u00e9 de Nazaret?\" \/>\n<meta property=\"og:url\" content=\"https:\/\/www.logronopasion.com\/portal\/quien-fue-el-carpintero-jose-de-nazaret\/\" \/>\n<meta property=\"og:site_name\" content=\"Logro\u00f1o Pasi\u00f3n\" \/>\n<meta property=\"article:publisher\" content=\"https:\/\/www.facebook.com\/logronopasion\" \/>\n<meta property=\"article:published_time\" content=\"2015-03-18T20:41:45+00:00\" \/>\n<meta property=\"og:image\" content=\"http:\/\/logronopasion.com\/portal\/wp-content\/uploads\/2014\/03\/San-Jose.jpg\" \/>\n<meta name=\"author\" content=\"Logronopasion.com\" \/>\n<meta name=\"twitter:card\" content=\"summary_large_image\" \/>\n<meta name=\"twitter:creator\" content=\"@LogronoPasion\" \/>\n<meta name=\"twitter:site\" content=\"@LogronoPasion\" \/>\n<meta name=\"twitter:label1\" content=\"Escrito por\" \/>\n\t<meta name=\"twitter:data1\" content=\"Logronopasion.com\" \/>\n\t<meta name=\"twitter:label2\" content=\"Tiempo de lectura\" \/>\n\t<meta name=\"twitter:data2\" content=\"14 minutos\" \/>\n<script type=\"application\/ld+json\" class=\"yoast-schema-graph\">{\"@context\":\"https:\\\/\\\/schema.org\",\"@graph\":[{\"@type\":\"Article\",\"@id\":\"https:\\\/\\\/www.logronopasion.com\\\/portal\\\/quien-fue-el-carpintero-jose-de-nazaret\\\/#article\",\"isPartOf\":{\"@id\":\"https:\\\/\\\/www.logronopasion.com\\\/portal\\\/quien-fue-el-carpintero-jose-de-nazaret\\\/\"},\"author\":{\"name\":\"Logronopasion.com\",\"@id\":\"https:\\\/\\\/www.logronopasion.com\\\/portal\\\/#\\\/schema\\\/person\\\/39728c7f1ab39edc31b0bc671a7fcb0b\"},\"headline\":\"\u00bfQui\u00e9n fue el carpintero, Jos\u00e9 de Nazaret?\",\"datePublished\":\"2015-03-18T20:41:45+00:00\",\"mainEntityOfPage\":{\"@id\":\"https:\\\/\\\/www.logronopasion.com\\\/portal\\\/quien-fue-el-carpintero-jose-de-nazaret\\\/\"},\"wordCount\":2722,\"commentCount\":0,\"publisher\":{\"@id\":\"https:\\\/\\\/www.logronopasion.com\\\/portal\\\/#organization\"},\"image\":{\"@id\":\"https:\\\/\\\/www.logronopasion.com\\\/portal\\\/quien-fue-el-carpintero-jose-de-nazaret\\\/#primaryimage\"},\"thumbnailUrl\":\"http:\\\/\\\/logronopasion.com\\\/portal\\\/wp-content\\\/uploads\\\/2014\\\/03\\\/San-Jose.jpg\",\"articleSection\":[\"Criterios morales de fondo\",\"H\u00e9roes\",\"Iglesia - estado, sociedad y religi\u00f3n\"],\"inLanguage\":\"es\",\"potentialAction\":[{\"@type\":\"CommentAction\",\"name\":\"Comment\",\"target\":[\"https:\\\/\\\/www.logronopasion.com\\\/portal\\\/quien-fue-el-carpintero-jose-de-nazaret\\\/#respond\"]}]},{\"@type\":\"WebPage\",\"@id\":\"https:\\\/\\\/www.logronopasion.com\\\/portal\\\/quien-fue-el-carpintero-jose-de-nazaret\\\/\",\"url\":\"https:\\\/\\\/www.logronopasion.com\\\/portal\\\/quien-fue-el-carpintero-jose-de-nazaret\\\/\",\"name\":\"\u00bfQui\u00e9n fue el carpintero, Jos\u00e9 de Nazaret? - Logro\u00f1o Pasi\u00f3n\",\"isPartOf\":{\"@id\":\"https:\\\/\\\/www.logronopasion.com\\\/portal\\\/#website\"},\"primaryImageOfPage\":{\"@id\":\"https:\\\/\\\/www.logronopasion.com\\\/portal\\\/quien-fue-el-carpintero-jose-de-nazaret\\\/#primaryimage\"},\"image\":{\"@id\":\"https:\\\/\\\/www.logronopasion.com\\\/portal\\\/quien-fue-el-carpintero-jose-de-nazaret\\\/#primaryimage\"},\"thumbnailUrl\":\"http:\\\/\\\/logronopasion.com\\\/portal\\\/wp-content\\\/uploads\\\/2014\\\/03\\\/San-Jose.jpg\",\"datePublished\":\"2015-03-18T20:41:45+00:00\",\"description\":\"\u00bfQui\u00e9n fue el carpintero, Jos\u00e9 de Nazaret?\",\"inLanguage\":\"es\",\"potentialAction\":[{\"@type\":\"ReadAction\",\"target\":[\"https:\\\/\\\/www.logronopasion.com\\\/portal\\\/quien-fue-el-carpintero-jose-de-nazaret\\\/\"]}]},{\"@type\":\"ImageObject\",\"inLanguage\":\"es\",\"@id\":\"https:\\\/\\\/www.logronopasion.com\\\/portal\\\/quien-fue-el-carpintero-jose-de-nazaret\\\/#primaryimage\",\"url\":\"http:\\\/\\\/logronopasion.com\\\/portal\\\/wp-content\\\/uploads\\\/2014\\\/03\\\/San-Jose.jpg\",\"contentUrl\":\"http:\\\/\\\/logronopasion.com\\\/portal\\\/wp-content\\\/uploads\\\/2014\\\/03\\\/San-Jose.jpg\"},{\"@type\":\"WebSite\",\"@id\":\"https:\\\/\\\/www.logronopasion.com\\\/portal\\\/#website\",\"url\":\"https:\\\/\\\/www.logronopasion.com\\\/portal\\\/\",\"name\":\"Logro\u00f1o Pasi\u00f3n\",\"description\":\"Portal sobre la Semana Santa de Logro\u00f1o\",\"publisher\":{\"@id\":\"https:\\\/\\\/www.logronopasion.com\\\/portal\\\/#organization\"},\"potentialAction\":[{\"@type\":\"SearchAction\",\"target\":{\"@type\":\"EntryPoint\",\"urlTemplate\":\"https:\\\/\\\/www.logronopasion.com\\\/portal\\\/?s={search_term_string}\"},\"query-input\":{\"@type\":\"PropertyValueSpecification\",\"valueRequired\":true,\"valueName\":\"search_term_string\"}}],\"inLanguage\":\"es\"},{\"@type\":\"Organization\",\"@id\":\"https:\\\/\\\/www.logronopasion.com\\\/portal\\\/#organization\",\"name\":\"Logro\u00f1o Pasi\u00f3n\",\"url\":\"https:\\\/\\\/www.logronopasion.com\\\/portal\\\/\",\"logo\":{\"@type\":\"ImageObject\",\"inLanguage\":\"es\",\"@id\":\"https:\\\/\\\/www.logronopasion.com\\\/portal\\\/#\\\/schema\\\/logo\\\/image\\\/\",\"url\":\"https:\\\/\\\/i2.wp.com\\\/logronopasion.com\\\/portal\\\/wp-content\\\/uploads\\\/2019\\\/04\\\/cropped-Header-1.jpg?fit=312%2C212&ssl=1\",\"contentUrl\":\"https:\\\/\\\/i2.wp.com\\\/logronopasion.com\\\/portal\\\/wp-content\\\/uploads\\\/2019\\\/04\\\/cropped-Header-1.jpg?fit=312%2C212&ssl=1\",\"width\":312,\"height\":212,\"caption\":\"Logro\u00f1o Pasi\u00f3n\"},\"image\":{\"@id\":\"https:\\\/\\\/www.logronopasion.com\\\/portal\\\/#\\\/schema\\\/logo\\\/image\\\/\"},\"sameAs\":[\"https:\\\/\\\/www.facebook.com\\\/logronopasion\",\"https:\\\/\\\/x.com\\\/LogronoPasion\"]},{\"@type\":\"Person\",\"@id\":\"https:\\\/\\\/www.logronopasion.com\\\/portal\\\/#\\\/schema\\\/person\\\/39728c7f1ab39edc31b0bc671a7fcb0b\",\"name\":\"Logronopasion.com\",\"image\":{\"@type\":\"ImageObject\",\"inLanguage\":\"es\",\"@id\":\"https:\\\/\\\/secure.gravatar.com\\\/avatar\\\/c6b3e81c20ae7dec59cda0fd11915cb052ff1705cd134db04112b35441792010?s=96&d=mm&r=g\",\"url\":\"https:\\\/\\\/secure.gravatar.com\\\/avatar\\\/c6b3e81c20ae7dec59cda0fd11915cb052ff1705cd134db04112b35441792010?s=96&d=mm&r=g\",\"contentUrl\":\"https:\\\/\\\/secure.gravatar.com\\\/avatar\\\/c6b3e81c20ae7dec59cda0fd11915cb052ff1705cd134db04112b35441792010?s=96&d=mm&r=g\",\"caption\":\"Logronopasion.com\"},\"url\":\"https:\\\/\\\/www.logronopasion.com\\\/portal\\\/author\\\/logronopasion-com\\\/\"}]}<\/script>\n<!-- \/ Yoast SEO plugin. -->","yoast_head_json":{"title":"\u00bfQui\u00e9n fue el carpintero, Jos\u00e9 de Nazaret? - Logro\u00f1o Pasi\u00f3n","description":"\u00bfQui\u00e9n fue el carpintero, Jos\u00e9 de Nazaret?","robots":{"index":"index","follow":"follow","max-snippet":"max-snippet:-1","max-image-preview":"max-image-preview:large","max-video-preview":"max-video-preview:-1"},"canonical":"https:\/\/www.logronopasion.com\/portal\/quien-fue-el-carpintero-jose-de-nazaret\/","og_locale":"es_ES","og_type":"article","og_title":"\u00bfQui\u00e9n fue el carpintero, Jos\u00e9 de Nazaret? - Logro\u00f1o Pasi\u00f3n","og_description":"\u00bfQui\u00e9n fue el carpintero, Jos\u00e9 de Nazaret?","og_url":"https:\/\/www.logronopasion.com\/portal\/quien-fue-el-carpintero-jose-de-nazaret\/","og_site_name":"Logro\u00f1o Pasi\u00f3n","article_publisher":"https:\/\/www.facebook.com\/logronopasion","article_published_time":"2015-03-18T20:41:45+00:00","og_image":[{"url":"http:\/\/logronopasion.com\/portal\/wp-content\/uploads\/2014\/03\/San-Jose.jpg","type":"","width":"","height":""}],"author":"Logronopasion.com","twitter_card":"summary_large_image","twitter_creator":"@LogronoPasion","twitter_site":"@LogronoPasion","twitter_misc":{"Escrito por":"Logronopasion.com","Tiempo de lectura":"14 minutos"},"schema":{"@context":"https:\/\/schema.org","@graph":[{"@type":"Article","@id":"https:\/\/www.logronopasion.com\/portal\/quien-fue-el-carpintero-jose-de-nazaret\/#article","isPartOf":{"@id":"https:\/\/www.logronopasion.com\/portal\/quien-fue-el-carpintero-jose-de-nazaret\/"},"author":{"name":"Logronopasion.com","@id":"https:\/\/www.logronopasion.com\/portal\/#\/schema\/person\/39728c7f1ab39edc31b0bc671a7fcb0b"},"headline":"\u00bfQui\u00e9n fue el carpintero, Jos\u00e9 de Nazaret?","datePublished":"2015-03-18T20:41:45+00:00","mainEntityOfPage":{"@id":"https:\/\/www.logronopasion.com\/portal\/quien-fue-el-carpintero-jose-de-nazaret\/"},"wordCount":2722,"commentCount":0,"publisher":{"@id":"https:\/\/www.logronopasion.com\/portal\/#organization"},"image":{"@id":"https:\/\/www.logronopasion.com\/portal\/quien-fue-el-carpintero-jose-de-nazaret\/#primaryimage"},"thumbnailUrl":"http:\/\/logronopasion.com\/portal\/wp-content\/uploads\/2014\/03\/San-Jose.jpg","articleSection":["Criterios morales de fondo","H\u00e9roes","Iglesia - estado, sociedad y religi\u00f3n"],"inLanguage":"es","potentialAction":[{"@type":"CommentAction","name":"Comment","target":["https:\/\/www.logronopasion.com\/portal\/quien-fue-el-carpintero-jose-de-nazaret\/#respond"]}]},{"@type":"WebPage","@id":"https:\/\/www.logronopasion.com\/portal\/quien-fue-el-carpintero-jose-de-nazaret\/","url":"https:\/\/www.logronopasion.com\/portal\/quien-fue-el-carpintero-jose-de-nazaret\/","name":"\u00bfQui\u00e9n fue el carpintero, Jos\u00e9 de Nazaret? - Logro\u00f1o Pasi\u00f3n","isPartOf":{"@id":"https:\/\/www.logronopasion.com\/portal\/#website"},"primaryImageOfPage":{"@id":"https:\/\/www.logronopasion.com\/portal\/quien-fue-el-carpintero-jose-de-nazaret\/#primaryimage"},"image":{"@id":"https:\/\/www.logronopasion.com\/portal\/quien-fue-el-carpintero-jose-de-nazaret\/#primaryimage"},"thumbnailUrl":"http:\/\/logronopasion.com\/portal\/wp-content\/uploads\/2014\/03\/San-Jose.jpg","datePublished":"2015-03-18T20:41:45+00:00","description":"\u00bfQui\u00e9n fue el carpintero, Jos\u00e9 de Nazaret?","inLanguage":"es","potentialAction":[{"@type":"ReadAction","target":["https:\/\/www.logronopasion.com\/portal\/quien-fue-el-carpintero-jose-de-nazaret\/"]}]},{"@type":"ImageObject","inLanguage":"es","@id":"https:\/\/www.logronopasion.com\/portal\/quien-fue-el-carpintero-jose-de-nazaret\/#primaryimage","url":"http:\/\/logronopasion.com\/portal\/wp-content\/uploads\/2014\/03\/San-Jose.jpg","contentUrl":"http:\/\/logronopasion.com\/portal\/wp-content\/uploads\/2014\/03\/San-Jose.jpg"},{"@type":"WebSite","@id":"https:\/\/www.logronopasion.com\/portal\/#website","url":"https:\/\/www.logronopasion.com\/portal\/","name":"Logro\u00f1o Pasi\u00f3n","description":"Portal sobre la Semana Santa de Logro\u00f1o","publisher":{"@id":"https:\/\/www.logronopasion.com\/portal\/#organization"},"potentialAction":[{"@type":"SearchAction","target":{"@type":"EntryPoint","urlTemplate":"https:\/\/www.logronopasion.com\/portal\/?s={search_term_string}"},"query-input":{"@type":"PropertyValueSpecification","valueRequired":true,"valueName":"search_term_string"}}],"inLanguage":"es"},{"@type":"Organization","@id":"https:\/\/www.logronopasion.com\/portal\/#organization","name":"Logro\u00f1o Pasi\u00f3n","url":"https:\/\/www.logronopasion.com\/portal\/","logo":{"@type":"ImageObject","inLanguage":"es","@id":"https:\/\/www.logronopasion.com\/portal\/#\/schema\/logo\/image\/","url":"https:\/\/i2.wp.com\/logronopasion.com\/portal\/wp-content\/uploads\/2019\/04\/cropped-Header-1.jpg?fit=312%2C212&ssl=1","contentUrl":"https:\/\/i2.wp.com\/logronopasion.com\/portal\/wp-content\/uploads\/2019\/04\/cropped-Header-1.jpg?fit=312%2C212&ssl=1","width":312,"height":212,"caption":"Logro\u00f1o Pasi\u00f3n"},"image":{"@id":"https:\/\/www.logronopasion.com\/portal\/#\/schema\/logo\/image\/"},"sameAs":["https:\/\/www.facebook.com\/logronopasion","https:\/\/x.com\/LogronoPasion"]},{"@type":"Person","@id":"https:\/\/www.logronopasion.com\/portal\/#\/schema\/person\/39728c7f1ab39edc31b0bc671a7fcb0b","name":"Logronopasion.com","image":{"@type":"ImageObject","inLanguage":"es","@id":"https:\/\/secure.gravatar.com\/avatar\/c6b3e81c20ae7dec59cda0fd11915cb052ff1705cd134db04112b35441792010?s=96&d=mm&r=g","url":"https:\/\/secure.gravatar.com\/avatar\/c6b3e81c20ae7dec59cda0fd11915cb052ff1705cd134db04112b35441792010?s=96&d=mm&r=g","contentUrl":"https:\/\/secure.gravatar.com\/avatar\/c6b3e81c20ae7dec59cda0fd11915cb052ff1705cd134db04112b35441792010?s=96&d=mm&r=g","caption":"Logronopasion.com"},"url":"https:\/\/www.logronopasion.com\/portal\/author\/logronopasion-com\/"}]}},"_links":{"self":[{"href":"https:\/\/www.logronopasion.com\/portal\/wp-json\/wp\/v2\/posts\/4255","targetHints":{"allow":["GET"]}}],"collection":[{"href":"https:\/\/www.logronopasion.com\/portal\/wp-json\/wp\/v2\/posts"}],"about":[{"href":"https:\/\/www.logronopasion.com\/portal\/wp-json\/wp\/v2\/types\/post"}],"author":[{"embeddable":true,"href":"https:\/\/www.logronopasion.com\/portal\/wp-json\/wp\/v2\/users\/18"}],"replies":[{"embeddable":true,"href":"https:\/\/www.logronopasion.com\/portal\/wp-json\/wp\/v2\/comments?post=4255"}],"version-history":[{"count":6,"href":"https:\/\/www.logronopasion.com\/portal\/wp-json\/wp\/v2\/posts\/4255\/revisions"}],"predecessor-version":[{"id":4258,"href":"https:\/\/www.logronopasion.com\/portal\/wp-json\/wp\/v2\/posts\/4255\/revisions\/4258"}],"wp:attachment":[{"href":"https:\/\/www.logronopasion.com\/portal\/wp-json\/wp\/v2\/media?parent=4255"}],"wp:term":[{"taxonomy":"category","embeddable":true,"href":"https:\/\/www.logronopasion.com\/portal\/wp-json\/wp\/v2\/categories?post=4255"},{"taxonomy":"post_tag","embeddable":true,"href":"https:\/\/www.logronopasion.com\/portal\/wp-json\/wp\/v2\/tags?post=4255"}],"curies":[{"name":"wp","href":"https:\/\/api.w.org\/{rel}","templated":true}]}}