{"id":4267,"date":"2015-03-28T21:25:05","date_gmt":"2015-03-28T21:25:05","guid":{"rendered":"http:\/\/logronopasion.com\/portal\/?p=4267"},"modified":"2015-04-01T11:22:26","modified_gmt":"2015-04-01T11:22:26","slug":"75-aniversario-hermandad-de-la-pasion-y-el-santo-entierro-hermandad-de-cofradias-de-la-pasion-de-la-ciudad-de-logrono","status":"publish","type":"post","link":"https:\/\/www.logronopasion.com\/portal\/75-aniversario-hermandad-de-la-pasion-y-el-santo-entierro-hermandad-de-cofradias-de-la-pasion-de-la-ciudad-de-logrono\/","title":{"rendered":"75 Aniversario Hermandad de la Pasi\u00f3n y El Santo Entierro &#8211; Hermandad de Cofrad\u00edas de la Pasi\u00f3n de la Ciudad de Logro\u00f1o."},"content":{"rendered":"<p>&nbsp;<\/p>\n<p>&nbsp;<\/p>\n<p>&nbsp;<\/p>\n<p>&nbsp;<\/p>\n<p>&nbsp;<\/p>\n<p>&nbsp;<\/p>\n<p>&nbsp;<\/p>\n<p><a href=\"http:\/\/logronopasion.com\/portal\/wp-content\/uploads\/2013\/03\/cofradias.png\"><img loading=\"lazy\" decoding=\"async\" class=\"aligncenter size-full wp-image-1924\" src=\"http:\/\/logronopasion.com\/portal\/wp-content\/uploads\/2013\/03\/cofradias.png\" alt=\"cofradias\" width=\"400\" height=\"440\" srcset=\"https:\/\/www.logronopasion.com\/portal\/wp-content\/uploads\/2013\/03\/cofradias.png 400w, https:\/\/www.logronopasion.com\/portal\/wp-content\/uploads\/2013\/03\/cofradias-272x300.png 272w\" sizes=\"auto, (max-width: 400px) 100vw, 400px\" \/><\/a><\/p>\n<p>Este a\u00f1o estamos conmemorando el 75 Aniversario de la Hermandad de Cofrad\u00edas de la Pasi\u00f3n de la Ciudad de Logro\u00f1o, continuadora de la anterior Hermandad de la Pasi\u00f3n y El Santo Entierro.<\/p>\n<p>Desde aquel a\u00f1o 1940, desde las primeras reuniones de su primera\u00a0junta de gobierno el 11 de febrero de ese\u00a0a\u00f1o, \u00a0hasta nuestros d\u00edas, han pasado muchos acontecimientos dentro de su seno. Pero los acontecimientos mejores, han sido sin duda, todos y cada uno de los cofrades y hermanos en Cristo que han estado, est\u00e1n y estar\u00e1n en a\u00f1os venideros, de una u otra manera dentro del seno de dicha Hermandad.<\/p>\n<p>Y si hay alguien que ha llevado a\u00f1adido otro tipo de esfuerzo, penas y alegr\u00edas, junto a su total dedicaci\u00f3n dentro de esta organizaci\u00f3n, han sido sus HERMANOS MAYORES en perfecta uni\u00f3n de sus Juntas de Gobierno.<\/p>\n<p>Desde aquella primera Junta de Gobierno con su primer Hermano Mayor al frente D. Fernando Trevijano Lardiez, y el resto de componentes de aquel su primer gobierno D. Jos\u00e9 Mart\u00ednez de Salinas como Hermano Segundo, D. Antonio Gonzalo como Hermano Tesorero, D. Rafael Rodr\u00edguez Ascac\u00edbar como Hermano Secretario, D. Celedonio Morga Asensio como Hermano Gui\u00f3n, D. Nicanor de Rivas Ruiz como Hermano Cetro, D. Pedro S\u00e1nchez Miguel como Hermano Visitador y el reverendo D.\u00a0Pedro Baldomero Larios como Hermano Prior, han pasado 26 Hermanos Mayores con sus respectivas Juntas de Gobierno, que son:<\/p>\n<p><strong>1\u00ba D. Fernando Trevijano Lardiez. (n\u00ba de hermano 0001 &#8211; No exist\u00edan cofrad\u00edas)<\/strong><\/p>\n<p><strong>2\u00ba\u00a0D. F\u00e9lix Mart\u00ednez del\u00a0Val. (n\u00ba de hermano 0049 &#8211; No exist\u00edan cofrad\u00edas)<\/strong><\/p>\n<p><strong>3\u00ba D. Luis S\u00e1enz Badillos. (n\u00ba de hermano 0047- No exist\u00edan cofrad\u00edas)<\/strong><\/p>\n<p><strong>4\u00ba D. Jos\u00e9 Fraile Garc\u00eda de Jal\u00f3n. (n\u00ba de hermano 0250 &#8211; No exist\u00edan cofrad\u00edas)<\/strong><\/p>\n<p><strong>5\u00ba D. Eduardo Paternina Hurrigagitia. (n\u00ba de hermano 0289 &#8211; No exist\u00edan cofrad\u00edas)<\/strong><\/p>\n<p><strong>6\u00ba D. Enrique Mart\u00ednez Salanova. (n\u00ba de hermano 0825 &#8211; No exist\u00edan cofrad\u00edas)<\/strong><\/p>\n<p><strong>7\u00ba D. Segundo Ruiz Casta\u00f1ares. (n\u00ba de hermano 0001 &#8211; Cofrad\u00eda Cristo de las Animas)<\/strong><\/p>\n<p><strong>8\u00ba D. Jos\u00e9 Luis\u00a0Dul\u00edn Verde. (n\u00ba de hermano 0269 &#8211; Cofrad\u00eda Santo Sepulcro)<\/strong><\/p>\n<p><strong>9\u00ba D. Javier L\u00f3pez Trevijano. (n\u00ba de hermano 0668 &#8211; Cofrad\u00eda Ntra. Sra. V. de la Soledad)<\/strong><\/p>\n<p><strong>10\u00ba D. Jaime Pina Mart\u00ednez.\u00a0(n\u00ba de hermano 0405 &#8211; Cofrad\u00eda Santo Sepulcro)<\/strong><\/p>\n<p><strong>11\u00ba D. Eugenio Ugarte Al\u00f3nso. (n\u00ba de hermano 0429 &#8211; Cofrad\u00eda Jes\u00fas Nazareno)<\/strong><\/p>\n<p><strong>12\u00ba D. Pedro Jos\u00e9 I\u00f1arrea L\u00f3pez. (n\u00ba de hermano 0274 &#8211; Cofrad\u00eda Ntra. Sra. V. de la Soledad)<\/strong><\/p>\n<p><strong>13\u00ba D. Jos\u00e9 Mar\u00eda Torrealba Torrealba. (n\u00ba de hermano 0031 &#8211; Cofrad\u00eda Cristo de las Animas\u00a0)<\/strong><\/p>\n<p><strong>14\u00ba D. Ricardo Ochoa Ur\u00edzar. (n\u00ba de hermano 1391 &#8211; Cofrad\u00eda Entrada de Jes\u00fas en Jerusal\u00e9n)<\/strong><\/p>\n<p><strong>15\u00ba D. Luis Busteros P\u00e9rez de Arenaza. (n\u00ba de hermano 0874 &#8211; Cofrad\u00eda Flagelaci\u00f3n de Jes\u00fas)<\/strong><\/p>\n<p><strong>16\u00ba D. F\u00e9lix Cenea Soriano. (n\u00ba de hermano 0949 &#8211; Cofrad\u00eda Ntra. Sra. V. de la Soledad)<\/strong><\/p>\n<p><strong>17\u00ba D. Antonio L\u00f3pez-Castro Soria. (n\u00ba de hermano 0791 &#8211; Cofrad\u00eda Ntra. Sra. V. de la Soledad)<\/strong><\/p>\n<p><strong>18\u00ba D. Manuel Illera Palacios. (n\u00ba de hermano 1076 &#8211; Cofrad\u00eda Ntra. Sra. V. de la Soledad)<\/strong><\/p>\n<p><strong>19\u00ba D. Miguel Angel R\u00e1banos Jacobo. (n\u00ba de hermano 1166 &#8211; Cofrad\u00eda Ntra. Sra. V. de la Soledad)<\/strong><\/p>\n<p><strong>20\u00ba D. Jes\u00fas El\u00edas Reinares S\u00e1enz. (n\u00ba de hermano 2190 &#8211; Cofrad\u00eda Flagelaci\u00f3n de Jes\u00fas)<\/strong><\/p>\n<p><strong>21\u00ba D. Jes\u00fas Antonio Perea Gonzalo. (n\u00ba de hermano 1385 &#8211; Cofrad\u00eda Ntra. Sra. De La Piedad)<\/strong><\/p>\n<p><strong>22\u00ba D. Francisco Javier Ben\u00e9s Or\u00fae. (n\u00ba de hermano 1497 &#8211; Cofrad\u00eda Santo Sepulcro)<\/strong><\/p>\n<p><strong>23\u00ba D\u00f1a. Mar\u00eda del Carmen Izquierdo. (n\u00ba de hermano 2211 &#8211; Cofrad\u00eda Ntra. Sra. V. de la Soledad)<\/strong><\/p>\n<p><strong>24\u00ba D. Jos\u00e9 Manuel Pinillos Puente. (n\u00ba de hermano 1502 &#8211; Cofrad\u00eda Entrada de Jes\u00fas en Jerusal\u00e9n)<\/strong><\/p>\n<p><strong>25\u00ba D. Jes\u00fas Mar\u00eda Reinares G\u00f3mez. (n\u00ba de hermano 2237 &#8211; Cofrad\u00eda Flagelaci\u00f3n de Jes\u00fas)<\/strong><\/p>\n<p><strong>26\u00ba D. Francisco Javier Ben\u00e9s Or\u00fae. (n\u00ba de hermano 1497 &#8211; Cofrad\u00eda Santo Sepulcro 2\u00ba etapa)<\/strong><\/p>\n<p>&nbsp;<\/p>\n<p>Tambi\u00e9n hay que destacar dentro de las Juntas de Gobierno de estos a\u00f1os, a sus Hermanos Priores:<\/p>\n<p><strong>D. Pedro Baldomero Larios.<\/strong><\/p>\n<p><strong>D. Jos\u00e9 Mar\u00eda Mill\u00e1n Morga.<\/strong><\/p>\n<p><strong>D. Paulino Oliv\u00e1n D\u00edez.<\/strong><\/p>\n<p><strong>D. F\u00e9lix Ochagav\u00eda Amillo.<\/strong><\/p>\n<p><strong>D. Mat\u00edas Sainz de Oc\u00e1riz y Ru\u00edz de Az\u00faa.<\/strong><\/p>\n<p><strong>D. Pedro Trevijano Etcheverr\u00eda.<\/strong><\/p>\n<p><strong>D. Ferm\u00edn Labarga Garc\u00eda.<\/strong><\/p>\n<p>&nbsp;<\/p>\n<p>A todos ellos, les debemos nuestro agradecimiento, nuestro recuerdo y nuestro reconocimiento, sobre todo a los que ya no est\u00e1n entre nosotros y nos esperan junto al Padre.<\/p>\n<p>&nbsp;<\/p>\n<p><a href=\"http:\/\/logronopasion.com\/portal\/wp-content\/uploads\/2015\/03\/Cartel-75-Aniversario-_n.jpg\"><img loading=\"lazy\" decoding=\"async\" class=\"aligncenter size-full wp-image-4272\" src=\"http:\/\/logronopasion.com\/portal\/wp-content\/uploads\/2015\/03\/Cartel-75-Aniversario-_n.jpg\" alt=\"Cartel 75 Aniversario _n\" width=\"263\" height=\"395\" srcset=\"https:\/\/www.logronopasion.com\/portal\/wp-content\/uploads\/2015\/03\/Cartel-75-Aniversario-_n.jpg 263w, https:\/\/www.logronopasion.com\/portal\/wp-content\/uploads\/2015\/03\/Cartel-75-Aniversario-_n-200x300.jpg 200w\" sizes=\"auto, (max-width: 263px) 100vw, 263px\" \/><\/a><\/p>\n<p>&nbsp;<\/p>\n","protected":false},"excerpt":{"rendered":"<p>&nbsp; &nbsp; &nbsp; &nbsp; &nbsp; &nbsp; &nbsp; Este a\u00f1o estamos conmemorando el 75 Aniversario de la Hermandad de Cofrad\u00edas de la Pasi\u00f3n de la Ciudad de Logro\u00f1o, continuadora de la anterior Hermandad de la Pasi\u00f3n y El Santo Entierro. Desde aquel a\u00f1o 1940, desde las primeras reuniones de su primera\u00a0junta de gobierno el 11 de febrero de ese\u00a0a\u00f1o, \u00a0hasta nuestros d\u00edas, han pasado muchos acontecimientos dentro de su seno. Pero los acontecimientos mejores, han sido sin duda, todos y cada uno de los cofrades y hermanos en Cristo que han estado, est\u00e1n y estar\u00e1n en a\u00f1os venideros, de una u&hellip; <\/p>\n","protected":false},"author":18,"featured_media":0,"comment_status":"open","ping_status":"open","sticky":false,"template":"","format":"standard","meta":{"_bbp_topic_count":0,"_bbp_reply_count":0,"_bbp_total_topic_count":0,"_bbp_total_reply_count":0,"_bbp_voice_count":0,"_bbp_anonymous_reply_count":0,"_bbp_topic_count_hidden":0,"_bbp_reply_count_hidden":0,"_bbp_forum_subforum_count":0,"_crdt_document":"","footnotes":""},"categories":[25,3,1],"tags":[],"class_list":["post-4267","post","type-post","status-publish","format-standard","hentry","category-semana-santa-2015","category-iglesia","category-noticias"],"yoast_head":"<!-- This site is optimized with the Yoast SEO plugin v27.5 - https:\/\/yoast.com\/product\/yoast-seo-wordpress\/ -->\n<title>75 Aniversario Hermandad de la Pasi\u00f3n y El Santo Entierro - Hermandad de Cofrad\u00edas de la Pasi\u00f3n de la Ciudad de Logro\u00f1o. - Logro\u00f1o Pasi\u00f3n<\/title>\n<meta name=\"description\" content=\"75 Aniversario Hermandad de la Pasi\u00f3n y El Santo Entierro - Hermandad de Cofrad\u00edas de la Pasi\u00f3n de la Ciudad de Logro\u00f1o.\" \/>\n<meta name=\"robots\" content=\"index, follow, max-snippet:-1, max-image-preview:large, max-video-preview:-1\" \/>\n<link rel=\"canonical\" href=\"https:\/\/www.logronopasion.com\/portal\/75-aniversario-hermandad-de-la-pasion-y-el-santo-entierro-hermandad-de-cofradias-de-la-pasion-de-la-ciudad-de-logrono\/\" \/>\n<meta property=\"og:locale\" content=\"es_ES\" \/>\n<meta property=\"og:type\" content=\"article\" \/>\n<meta property=\"og:title\" content=\"75 Aniversario Hermandad de la Pasi\u00f3n y El Santo Entierro - Hermandad de Cofrad\u00edas de la Pasi\u00f3n de la Ciudad de Logro\u00f1o. - Logro\u00f1o Pasi\u00f3n\" \/>\n<meta property=\"og:description\" content=\"75 Aniversario Hermandad de la Pasi\u00f3n y El Santo Entierro - Hermandad de Cofrad\u00edas de la Pasi\u00f3n de la Ciudad de Logro\u00f1o.\" \/>\n<meta property=\"og:url\" content=\"https:\/\/www.logronopasion.com\/portal\/75-aniversario-hermandad-de-la-pasion-y-el-santo-entierro-hermandad-de-cofradias-de-la-pasion-de-la-ciudad-de-logrono\/\" \/>\n<meta property=\"og:site_name\" content=\"Logro\u00f1o Pasi\u00f3n\" \/>\n<meta property=\"article:publisher\" content=\"https:\/\/www.facebook.com\/logronopasion\" \/>\n<meta property=\"article:published_time\" content=\"2015-03-28T21:25:05+00:00\" \/>\n<meta property=\"article:modified_time\" content=\"2015-04-01T11:22:26+00:00\" \/>\n<meta property=\"og:image\" content=\"http:\/\/logronopasion.com\/portal\/wp-content\/uploads\/2013\/03\/cofradias.png\" \/>\n<meta name=\"author\" content=\"Logronopasion.com\" \/>\n<meta name=\"twitter:card\" content=\"summary_large_image\" \/>\n<meta name=\"twitter:creator\" content=\"@LogronoPasion\" \/>\n<meta name=\"twitter:site\" content=\"@LogronoPasion\" \/>\n<meta name=\"twitter:label1\" content=\"Escrito por\" \/>\n\t<meta name=\"twitter:data1\" content=\"Logronopasion.com\" \/>\n\t<meta name=\"twitter:label2\" content=\"Tiempo de lectura\" \/>\n\t<meta name=\"twitter:data2\" content=\"4 minutos\" \/>\n<script type=\"application\/ld+json\" class=\"yoast-schema-graph\">{\"@context\":\"https:\\\/\\\/schema.org\",\"@graph\":[{\"@type\":\"Article\",\"@id\":\"https:\\\/\\\/www.logronopasion.com\\\/portal\\\/75-aniversario-hermandad-de-la-pasion-y-el-santo-entierro-hermandad-de-cofradias-de-la-pasion-de-la-ciudad-de-logrono\\\/#article\",\"isPartOf\":{\"@id\":\"https:\\\/\\\/www.logronopasion.com\\\/portal\\\/75-aniversario-hermandad-de-la-pasion-y-el-santo-entierro-hermandad-de-cofradias-de-la-pasion-de-la-ciudad-de-logrono\\\/\"},\"author\":{\"name\":\"Logronopasion.com\",\"@id\":\"https:\\\/\\\/www.logronopasion.com\\\/portal\\\/#\\\/schema\\\/person\\\/39728c7f1ab39edc31b0bc671a7fcb0b\"},\"headline\":\"75 Aniversario Hermandad de la Pasi\u00f3n y El Santo Entierro &#8211; Hermandad de Cofrad\u00edas de la Pasi\u00f3n de la Ciudad de Logro\u00f1o.\",\"datePublished\":\"2015-03-28T21:25:05+00:00\",\"dateModified\":\"2015-04-01T11:22:26+00:00\",\"mainEntityOfPage\":{\"@id\":\"https:\\\/\\\/www.logronopasion.com\\\/portal\\\/75-aniversario-hermandad-de-la-pasion-y-el-santo-entierro-hermandad-de-cofradias-de-la-pasion-de-la-ciudad-de-logrono\\\/\"},\"wordCount\":803,\"commentCount\":0,\"publisher\":{\"@id\":\"https:\\\/\\\/www.logronopasion.com\\\/portal\\\/#organization\"},\"image\":{\"@id\":\"https:\\\/\\\/www.logronopasion.com\\\/portal\\\/75-aniversario-hermandad-de-la-pasion-y-el-santo-entierro-hermandad-de-cofradias-de-la-pasion-de-la-ciudad-de-logrono\\\/#primaryimage\"},\"thumbnailUrl\":\"http:\\\/\\\/logronopasion.com\\\/portal\\\/wp-content\\\/uploads\\\/2013\\\/03\\\/cofradias.png\",\"articleSection\":[\"Cuaresma y Semana Santa 2015\",\"Iglesia - estado, sociedad y religi\u00f3n\",\"Noticias \\\/ Actualidad\"],\"inLanguage\":\"es\",\"potentialAction\":[{\"@type\":\"CommentAction\",\"name\":\"Comment\",\"target\":[\"https:\\\/\\\/www.logronopasion.com\\\/portal\\\/75-aniversario-hermandad-de-la-pasion-y-el-santo-entierro-hermandad-de-cofradias-de-la-pasion-de-la-ciudad-de-logrono\\\/#respond\"]}]},{\"@type\":\"WebPage\",\"@id\":\"https:\\\/\\\/www.logronopasion.com\\\/portal\\\/75-aniversario-hermandad-de-la-pasion-y-el-santo-entierro-hermandad-de-cofradias-de-la-pasion-de-la-ciudad-de-logrono\\\/\",\"url\":\"https:\\\/\\\/www.logronopasion.com\\\/portal\\\/75-aniversario-hermandad-de-la-pasion-y-el-santo-entierro-hermandad-de-cofradias-de-la-pasion-de-la-ciudad-de-logrono\\\/\",\"name\":\"75 Aniversario Hermandad de la Pasi\u00f3n y El Santo Entierro - Hermandad de Cofrad\u00edas de la Pasi\u00f3n de la Ciudad de Logro\u00f1o. - Logro\u00f1o Pasi\u00f3n\",\"isPartOf\":{\"@id\":\"https:\\\/\\\/www.logronopasion.com\\\/portal\\\/#website\"},\"primaryImageOfPage\":{\"@id\":\"https:\\\/\\\/www.logronopasion.com\\\/portal\\\/75-aniversario-hermandad-de-la-pasion-y-el-santo-entierro-hermandad-de-cofradias-de-la-pasion-de-la-ciudad-de-logrono\\\/#primaryimage\"},\"image\":{\"@id\":\"https:\\\/\\\/www.logronopasion.com\\\/portal\\\/75-aniversario-hermandad-de-la-pasion-y-el-santo-entierro-hermandad-de-cofradias-de-la-pasion-de-la-ciudad-de-logrono\\\/#primaryimage\"},\"thumbnailUrl\":\"http:\\\/\\\/logronopasion.com\\\/portal\\\/wp-content\\\/uploads\\\/2013\\\/03\\\/cofradias.png\",\"datePublished\":\"2015-03-28T21:25:05+00:00\",\"dateModified\":\"2015-04-01T11:22:26+00:00\",\"description\":\"75 Aniversario Hermandad de la Pasi\u00f3n y El Santo Entierro - Hermandad de Cofrad\u00edas de la Pasi\u00f3n de la Ciudad de Logro\u00f1o.\",\"inLanguage\":\"es\",\"potentialAction\":[{\"@type\":\"ReadAction\",\"target\":[\"https:\\\/\\\/www.logronopasion.com\\\/portal\\\/75-aniversario-hermandad-de-la-pasion-y-el-santo-entierro-hermandad-de-cofradias-de-la-pasion-de-la-ciudad-de-logrono\\\/\"]}]},{\"@type\":\"ImageObject\",\"inLanguage\":\"es\",\"@id\":\"https:\\\/\\\/www.logronopasion.com\\\/portal\\\/75-aniversario-hermandad-de-la-pasion-y-el-santo-entierro-hermandad-de-cofradias-de-la-pasion-de-la-ciudad-de-logrono\\\/#primaryimage\",\"url\":\"http:\\\/\\\/logronopasion.com\\\/portal\\\/wp-content\\\/uploads\\\/2013\\\/03\\\/cofradias.png\",\"contentUrl\":\"http:\\\/\\\/logronopasion.com\\\/portal\\\/wp-content\\\/uploads\\\/2013\\\/03\\\/cofradias.png\"},{\"@type\":\"WebSite\",\"@id\":\"https:\\\/\\\/www.logronopasion.com\\\/portal\\\/#website\",\"url\":\"https:\\\/\\\/www.logronopasion.com\\\/portal\\\/\",\"name\":\"Logro\u00f1o Pasi\u00f3n\",\"description\":\"Portal sobre la Semana Santa de Logro\u00f1o\",\"publisher\":{\"@id\":\"https:\\\/\\\/www.logronopasion.com\\\/portal\\\/#organization\"},\"potentialAction\":[{\"@type\":\"SearchAction\",\"target\":{\"@type\":\"EntryPoint\",\"urlTemplate\":\"https:\\\/\\\/www.logronopasion.com\\\/portal\\\/?s={search_term_string}\"},\"query-input\":{\"@type\":\"PropertyValueSpecification\",\"valueRequired\":true,\"valueName\":\"search_term_string\"}}],\"inLanguage\":\"es\"},{\"@type\":\"Organization\",\"@id\":\"https:\\\/\\\/www.logronopasion.com\\\/portal\\\/#organization\",\"name\":\"Logro\u00f1o Pasi\u00f3n\",\"url\":\"https:\\\/\\\/www.logronopasion.com\\\/portal\\\/\",\"logo\":{\"@type\":\"ImageObject\",\"inLanguage\":\"es\",\"@id\":\"https:\\\/\\\/www.logronopasion.com\\\/portal\\\/#\\\/schema\\\/logo\\\/image\\\/\",\"url\":\"https:\\\/\\\/i2.wp.com\\\/logronopasion.com\\\/portal\\\/wp-content\\\/uploads\\\/2019\\\/04\\\/cropped-Header-1.jpg?fit=312%2C212&ssl=1\",\"contentUrl\":\"https:\\\/\\\/i2.wp.com\\\/logronopasion.com\\\/portal\\\/wp-content\\\/uploads\\\/2019\\\/04\\\/cropped-Header-1.jpg?fit=312%2C212&ssl=1\",\"width\":312,\"height\":212,\"caption\":\"Logro\u00f1o Pasi\u00f3n\"},\"image\":{\"@id\":\"https:\\\/\\\/www.logronopasion.com\\\/portal\\\/#\\\/schema\\\/logo\\\/image\\\/\"},\"sameAs\":[\"https:\\\/\\\/www.facebook.com\\\/logronopasion\",\"https:\\\/\\\/x.com\\\/LogronoPasion\"]},{\"@type\":\"Person\",\"@id\":\"https:\\\/\\\/www.logronopasion.com\\\/portal\\\/#\\\/schema\\\/person\\\/39728c7f1ab39edc31b0bc671a7fcb0b\",\"name\":\"Logronopasion.com\",\"image\":{\"@type\":\"ImageObject\",\"inLanguage\":\"es\",\"@id\":\"https:\\\/\\\/secure.gravatar.com\\\/avatar\\\/c6b3e81c20ae7dec59cda0fd11915cb052ff1705cd134db04112b35441792010?s=96&d=mm&r=g\",\"url\":\"https:\\\/\\\/secure.gravatar.com\\\/avatar\\\/c6b3e81c20ae7dec59cda0fd11915cb052ff1705cd134db04112b35441792010?s=96&d=mm&r=g\",\"contentUrl\":\"https:\\\/\\\/secure.gravatar.com\\\/avatar\\\/c6b3e81c20ae7dec59cda0fd11915cb052ff1705cd134db04112b35441792010?s=96&d=mm&r=g\",\"caption\":\"Logronopasion.com\"},\"url\":\"https:\\\/\\\/www.logronopasion.com\\\/portal\\\/author\\\/logronopasion-com\\\/\"}]}<\/script>\n<!-- \/ Yoast SEO plugin. -->","yoast_head_json":{"title":"75 Aniversario Hermandad de la Pasi\u00f3n y El Santo Entierro - Hermandad de Cofrad\u00edas de la Pasi\u00f3n de la Ciudad de Logro\u00f1o. - Logro\u00f1o Pasi\u00f3n","description":"75 Aniversario Hermandad de la Pasi\u00f3n y El Santo Entierro - Hermandad de Cofrad\u00edas de la Pasi\u00f3n de la Ciudad de Logro\u00f1o.","robots":{"index":"index","follow":"follow","max-snippet":"max-snippet:-1","max-image-preview":"max-image-preview:large","max-video-preview":"max-video-preview:-1"},"canonical":"https:\/\/www.logronopasion.com\/portal\/75-aniversario-hermandad-de-la-pasion-y-el-santo-entierro-hermandad-de-cofradias-de-la-pasion-de-la-ciudad-de-logrono\/","og_locale":"es_ES","og_type":"article","og_title":"75 Aniversario Hermandad de la Pasi\u00f3n y El Santo Entierro - Hermandad de Cofrad\u00edas de la Pasi\u00f3n de la Ciudad de Logro\u00f1o. - Logro\u00f1o Pasi\u00f3n","og_description":"75 Aniversario Hermandad de la Pasi\u00f3n y El Santo Entierro - Hermandad de Cofrad\u00edas de la Pasi\u00f3n de la Ciudad de Logro\u00f1o.","og_url":"https:\/\/www.logronopasion.com\/portal\/75-aniversario-hermandad-de-la-pasion-y-el-santo-entierro-hermandad-de-cofradias-de-la-pasion-de-la-ciudad-de-logrono\/","og_site_name":"Logro\u00f1o Pasi\u00f3n","article_publisher":"https:\/\/www.facebook.com\/logronopasion","article_published_time":"2015-03-28T21:25:05+00:00","article_modified_time":"2015-04-01T11:22:26+00:00","og_image":[{"url":"http:\/\/logronopasion.com\/portal\/wp-content\/uploads\/2013\/03\/cofradias.png","type":"","width":"","height":""}],"author":"Logronopasion.com","twitter_card":"summary_large_image","twitter_creator":"@LogronoPasion","twitter_site":"@LogronoPasion","twitter_misc":{"Escrito por":"Logronopasion.com","Tiempo de lectura":"4 minutos"},"schema":{"@context":"https:\/\/schema.org","@graph":[{"@type":"Article","@id":"https:\/\/www.logronopasion.com\/portal\/75-aniversario-hermandad-de-la-pasion-y-el-santo-entierro-hermandad-de-cofradias-de-la-pasion-de-la-ciudad-de-logrono\/#article","isPartOf":{"@id":"https:\/\/www.logronopasion.com\/portal\/75-aniversario-hermandad-de-la-pasion-y-el-santo-entierro-hermandad-de-cofradias-de-la-pasion-de-la-ciudad-de-logrono\/"},"author":{"name":"Logronopasion.com","@id":"https:\/\/www.logronopasion.com\/portal\/#\/schema\/person\/39728c7f1ab39edc31b0bc671a7fcb0b"},"headline":"75 Aniversario Hermandad de la Pasi\u00f3n y El Santo Entierro &#8211; Hermandad de Cofrad\u00edas de la Pasi\u00f3n de la Ciudad de Logro\u00f1o.","datePublished":"2015-03-28T21:25:05+00:00","dateModified":"2015-04-01T11:22:26+00:00","mainEntityOfPage":{"@id":"https:\/\/www.logronopasion.com\/portal\/75-aniversario-hermandad-de-la-pasion-y-el-santo-entierro-hermandad-de-cofradias-de-la-pasion-de-la-ciudad-de-logrono\/"},"wordCount":803,"commentCount":0,"publisher":{"@id":"https:\/\/www.logronopasion.com\/portal\/#organization"},"image":{"@id":"https:\/\/www.logronopasion.com\/portal\/75-aniversario-hermandad-de-la-pasion-y-el-santo-entierro-hermandad-de-cofradias-de-la-pasion-de-la-ciudad-de-logrono\/#primaryimage"},"thumbnailUrl":"http:\/\/logronopasion.com\/portal\/wp-content\/uploads\/2013\/03\/cofradias.png","articleSection":["Cuaresma y Semana Santa 2015","Iglesia - estado, sociedad y religi\u00f3n","Noticias \/ Actualidad"],"inLanguage":"es","potentialAction":[{"@type":"CommentAction","name":"Comment","target":["https:\/\/www.logronopasion.com\/portal\/75-aniversario-hermandad-de-la-pasion-y-el-santo-entierro-hermandad-de-cofradias-de-la-pasion-de-la-ciudad-de-logrono\/#respond"]}]},{"@type":"WebPage","@id":"https:\/\/www.logronopasion.com\/portal\/75-aniversario-hermandad-de-la-pasion-y-el-santo-entierro-hermandad-de-cofradias-de-la-pasion-de-la-ciudad-de-logrono\/","url":"https:\/\/www.logronopasion.com\/portal\/75-aniversario-hermandad-de-la-pasion-y-el-santo-entierro-hermandad-de-cofradias-de-la-pasion-de-la-ciudad-de-logrono\/","name":"75 Aniversario Hermandad de la Pasi\u00f3n y El Santo Entierro - Hermandad de Cofrad\u00edas de la Pasi\u00f3n de la Ciudad de Logro\u00f1o. - Logro\u00f1o Pasi\u00f3n","isPartOf":{"@id":"https:\/\/www.logronopasion.com\/portal\/#website"},"primaryImageOfPage":{"@id":"https:\/\/www.logronopasion.com\/portal\/75-aniversario-hermandad-de-la-pasion-y-el-santo-entierro-hermandad-de-cofradias-de-la-pasion-de-la-ciudad-de-logrono\/#primaryimage"},"image":{"@id":"https:\/\/www.logronopasion.com\/portal\/75-aniversario-hermandad-de-la-pasion-y-el-santo-entierro-hermandad-de-cofradias-de-la-pasion-de-la-ciudad-de-logrono\/#primaryimage"},"thumbnailUrl":"http:\/\/logronopasion.com\/portal\/wp-content\/uploads\/2013\/03\/cofradias.png","datePublished":"2015-03-28T21:25:05+00:00","dateModified":"2015-04-01T11:22:26+00:00","description":"75 Aniversario Hermandad de la Pasi\u00f3n y El Santo Entierro - Hermandad de Cofrad\u00edas de la Pasi\u00f3n de la Ciudad de Logro\u00f1o.","inLanguage":"es","potentialAction":[{"@type":"ReadAction","target":["https:\/\/www.logronopasion.com\/portal\/75-aniversario-hermandad-de-la-pasion-y-el-santo-entierro-hermandad-de-cofradias-de-la-pasion-de-la-ciudad-de-logrono\/"]}]},{"@type":"ImageObject","inLanguage":"es","@id":"https:\/\/www.logronopasion.com\/portal\/75-aniversario-hermandad-de-la-pasion-y-el-santo-entierro-hermandad-de-cofradias-de-la-pasion-de-la-ciudad-de-logrono\/#primaryimage","url":"http:\/\/logronopasion.com\/portal\/wp-content\/uploads\/2013\/03\/cofradias.png","contentUrl":"http:\/\/logronopasion.com\/portal\/wp-content\/uploads\/2013\/03\/cofradias.png"},{"@type":"WebSite","@id":"https:\/\/www.logronopasion.com\/portal\/#website","url":"https:\/\/www.logronopasion.com\/portal\/","name":"Logro\u00f1o Pasi\u00f3n","description":"Portal sobre la Semana Santa de Logro\u00f1o","publisher":{"@id":"https:\/\/www.logronopasion.com\/portal\/#organization"},"potentialAction":[{"@type":"SearchAction","target":{"@type":"EntryPoint","urlTemplate":"https:\/\/www.logronopasion.com\/portal\/?s={search_term_string}"},"query-input":{"@type":"PropertyValueSpecification","valueRequired":true,"valueName":"search_term_string"}}],"inLanguage":"es"},{"@type":"Organization","@id":"https:\/\/www.logronopasion.com\/portal\/#organization","name":"Logro\u00f1o Pasi\u00f3n","url":"https:\/\/www.logronopasion.com\/portal\/","logo":{"@type":"ImageObject","inLanguage":"es","@id":"https:\/\/www.logronopasion.com\/portal\/#\/schema\/logo\/image\/","url":"https:\/\/i2.wp.com\/logronopasion.com\/portal\/wp-content\/uploads\/2019\/04\/cropped-Header-1.jpg?fit=312%2C212&ssl=1","contentUrl":"https:\/\/i2.wp.com\/logronopasion.com\/portal\/wp-content\/uploads\/2019\/04\/cropped-Header-1.jpg?fit=312%2C212&ssl=1","width":312,"height":212,"caption":"Logro\u00f1o Pasi\u00f3n"},"image":{"@id":"https:\/\/www.logronopasion.com\/portal\/#\/schema\/logo\/image\/"},"sameAs":["https:\/\/www.facebook.com\/logronopasion","https:\/\/x.com\/LogronoPasion"]},{"@type":"Person","@id":"https:\/\/www.logronopasion.com\/portal\/#\/schema\/person\/39728c7f1ab39edc31b0bc671a7fcb0b","name":"Logronopasion.com","image":{"@type":"ImageObject","inLanguage":"es","@id":"https:\/\/secure.gravatar.com\/avatar\/c6b3e81c20ae7dec59cda0fd11915cb052ff1705cd134db04112b35441792010?s=96&d=mm&r=g","url":"https:\/\/secure.gravatar.com\/avatar\/c6b3e81c20ae7dec59cda0fd11915cb052ff1705cd134db04112b35441792010?s=96&d=mm&r=g","contentUrl":"https:\/\/secure.gravatar.com\/avatar\/c6b3e81c20ae7dec59cda0fd11915cb052ff1705cd134db04112b35441792010?s=96&d=mm&r=g","caption":"Logronopasion.com"},"url":"https:\/\/www.logronopasion.com\/portal\/author\/logronopasion-com\/"}]}},"_links":{"self":[{"href":"https:\/\/www.logronopasion.com\/portal\/wp-json\/wp\/v2\/posts\/4267","targetHints":{"allow":["GET"]}}],"collection":[{"href":"https:\/\/www.logronopasion.com\/portal\/wp-json\/wp\/v2\/posts"}],"about":[{"href":"https:\/\/www.logronopasion.com\/portal\/wp-json\/wp\/v2\/types\/post"}],"author":[{"embeddable":true,"href":"https:\/\/www.logronopasion.com\/portal\/wp-json\/wp\/v2\/users\/18"}],"replies":[{"embeddable":true,"href":"https:\/\/www.logronopasion.com\/portal\/wp-json\/wp\/v2\/comments?post=4267"}],"version-history":[{"count":7,"href":"https:\/\/www.logronopasion.com\/portal\/wp-json\/wp\/v2\/posts\/4267\/revisions"}],"predecessor-version":[{"id":4300,"href":"https:\/\/www.logronopasion.com\/portal\/wp-json\/wp\/v2\/posts\/4267\/revisions\/4300"}],"wp:attachment":[{"href":"https:\/\/www.logronopasion.com\/portal\/wp-json\/wp\/v2\/media?parent=4267"}],"wp:term":[{"taxonomy":"category","embeddable":true,"href":"https:\/\/www.logronopasion.com\/portal\/wp-json\/wp\/v2\/categories?post=4267"},{"taxonomy":"post_tag","embeddable":true,"href":"https:\/\/www.logronopasion.com\/portal\/wp-json\/wp\/v2\/tags?post=4267"}],"curies":[{"name":"wp","href":"https:\/\/api.w.org\/{rel}","templated":true}]}}