{"id":4621,"date":"2016-02-13T09:34:11","date_gmt":"2016-02-13T09:34:11","guid":{"rendered":"http:\/\/logronopasion.com\/portal\/?p=4621"},"modified":"2016-02-13T09:34:11","modified_gmt":"2016-02-13T09:34:11","slug":"procesion-de-las-antorchas-virgen-de-lourdes-en-logrono","status":"publish","type":"post","link":"https:\/\/www.logronopasion.com\/portal\/procesion-de-las-antorchas-virgen-de-lourdes-en-logrono\/","title":{"rendered":"Procesi\u00f3n de las Antorchas, Virgen de Lourdes en Logro\u00f1o."},"content":{"rendered":"<p><img loading=\"lazy\" decoding=\"async\" class=\"aligncenter size-full wp-image-10\" src=\"http:\/\/logronopasion.com\/portal\/wp-content\/uploads\/2012\/01\/VirgenLourdes.jpg\" alt=\"Virgen de Lourdes\" width=\"525\" height=\"700\" srcset=\"https:\/\/www.logronopasion.com\/portal\/wp-content\/uploads\/2012\/01\/VirgenLourdes.jpg 525w, https:\/\/www.logronopasion.com\/portal\/wp-content\/uploads\/2012\/01\/VirgenLourdes-225x300.jpg 225w\" sizes=\"auto, (max-width: 525px) 100vw, 525px\" \/><\/p>\n<p>La tradicional \u00abProcesi\u00f3n de las Antorchas\u00bb este a\u00f1o\u00a0bajo el lema\u00a0<strong>\u201cMar\u00eda, esperanza de los enfermos\u201d <\/strong>se celebrar\u00e1 en la tarde de hoy s\u00e1bado d\u00eda 13 de febrero, como clausura de los actos del D\u00eda del Enfermo y de la festividad de la Virgen de Lourdes que se celebraron d\u00edas atr\u00e1s, organizados por la <strong>Delegaci\u00f3n Pastoral de la Salud<\/strong> de la di\u00f3cesis riojana y por la <strong>Hospitalidad de Ntra. Sra. de Lourdes de La Rioja<\/strong>.<\/p>\n<p>&nbsp;<br \/>\nLa ya conocida \u00abProcesi\u00f3n de las Antorchas\u00bb\u00a0con la imagen de Ntra. Sra. de Lourdes y Santa Bernardita, dar\u00e1 comienzo a las 18,45 horas de hoy d\u00eda 13 de febrero de 2016 y partir\u00e1 desde la plaza de\u00a0la iglesia logro\u00f1esa de San Bartolom\u00e9, con el recorrido hasta a la iglesia de Santiago a trav\u00e9s de las calles Caballer\u00edas, Plaza del Mercado,\u00a0Mercader\u00edas, R\u00faa Vieja, San Pablo,\u00a0y Barriocepo,\u00a0teniendo una duraci\u00f3n aproximada de tres cuartos de hora.<\/p>\n<p>&nbsp;<br \/>\nLe seguir\u00e1 a las siete y media de la tarde una misa por los enfermos que presidir\u00e1 D. Rafael Gil, consiliario de la Hospitalidad de Ntra. Sra. de Lourdes de La Rioja.<\/p>\n<p>&nbsp;<\/p>\n<p><img loading=\"lazy\" decoding=\"async\" class=\"aligncenter wp-image-4622\" src=\"http:\/\/logronopasion.com\/portal\/wp-content\/uploads\/2016\/02\/2006597.jpg\" alt=\"\" width=\"310\" height=\"184\" \/><\/p>\n<p class=\"wp-caption-dd\">\n<p class=\"wp-caption-dd\">\n<p class=\"wp-caption-dd\">A esta manifestaci\u00f3n religiosa se espera que acudan medio millar de personas, como es costumbre cada a\u00f1o, si coincide buena climatolog\u00eda.<\/p>\n<p>&nbsp;<\/p>\n","protected":false},"excerpt":{"rendered":"<p>La tradicional \u00abProcesi\u00f3n de las Antorchas\u00bb este a\u00f1o\u00a0bajo el lema\u00a0\u201cMar\u00eda, esperanza de los enfermos\u201d se celebrar\u00e1 en la tarde de hoy s\u00e1bado d\u00eda 13 de febrero, como clausura de los actos del D\u00eda del Enfermo y de la festividad de la Virgen de Lourdes que se celebraron d\u00edas atr\u00e1s, organizados por la Delegaci\u00f3n Pastoral de la Salud de la di\u00f3cesis riojana y por la Hospitalidad de Ntra. Sra. de Lourdes de La Rioja. &nbsp; La ya conocida \u00abProcesi\u00f3n de las Antorchas\u00bb\u00a0con la imagen de Ntra. Sra. de Lourdes y Santa Bernardita, dar\u00e1 comienzo a las 18,45 horas de hoy d\u00eda&hellip; <\/p>\n","protected":false},"author":18,"featured_media":0,"comment_status":"open","ping_status":"open","sticky":false,"template":"","format":"standard","meta":{"_bbp_topic_count":0,"_bbp_reply_count":0,"_bbp_total_topic_count":0,"_bbp_total_reply_count":0,"_bbp_voice_count":0,"_bbp_anonymous_reply_count":0,"_bbp_topic_count_hidden":0,"_bbp_reply_count_hidden":0,"_bbp_forum_subforum_count":0,"_crdt_document":"","footnotes":""},"categories":[3],"tags":[],"class_list":["post-4621","post","type-post","status-publish","format-standard","hentry","category-iglesia"],"yoast_head":"<!-- This site is optimized with the Yoast SEO plugin v27.5 - https:\/\/yoast.com\/product\/yoast-seo-wordpress\/ -->\n<title>Procesi\u00f3n de las Antorchas, Virgen de Lourdes en Logro\u00f1o. - Logro\u00f1o Pasi\u00f3n<\/title>\n<meta name=\"robots\" content=\"index, follow, max-snippet:-1, max-image-preview:large, max-video-preview:-1\" \/>\n<link rel=\"canonical\" href=\"https:\/\/www.logronopasion.com\/portal\/procesion-de-las-antorchas-virgen-de-lourdes-en-logrono\/\" \/>\n<meta property=\"og:locale\" content=\"es_ES\" \/>\n<meta property=\"og:type\" content=\"article\" \/>\n<meta property=\"og:title\" content=\"Procesi\u00f3n de las Antorchas, Virgen de Lourdes en Logro\u00f1o. - Logro\u00f1o Pasi\u00f3n\" \/>\n<meta property=\"og:description\" content=\"La tradicional \u00abProcesi\u00f3n de las Antorchas\u00bb este a\u00f1o\u00a0bajo el lema\u00a0\u201cMar\u00eda, esperanza de los enfermos\u201d se celebrar\u00e1 en la tarde de hoy s\u00e1bado d\u00eda 13 de febrero, como clausura de los actos del D\u00eda del Enfermo y de la festividad de la Virgen de Lourdes que se celebraron d\u00edas atr\u00e1s, organizados por la Delegaci\u00f3n Pastoral de la Salud de la di\u00f3cesis riojana y por la Hospitalidad de Ntra. Sra. de Lourdes de La Rioja. &nbsp; La ya conocida \u00abProcesi\u00f3n de las Antorchas\u00bb\u00a0con la imagen de Ntra. Sra. de Lourdes y Santa Bernardita, dar\u00e1 comienzo a las 18,45 horas de hoy d\u00eda&hellip;\" \/>\n<meta property=\"og:url\" content=\"https:\/\/www.logronopasion.com\/portal\/procesion-de-las-antorchas-virgen-de-lourdes-en-logrono\/\" \/>\n<meta property=\"og:site_name\" content=\"Logro\u00f1o Pasi\u00f3n\" \/>\n<meta property=\"article:publisher\" content=\"https:\/\/www.facebook.com\/logronopasion\" \/>\n<meta property=\"article:published_time\" content=\"2016-02-13T09:34:11+00:00\" \/>\n<meta property=\"og:image\" content=\"http:\/\/logronopasion.com\/portal\/wp-content\/uploads\/2012\/01\/VirgenLourdes.jpg\" \/>\n<meta name=\"author\" content=\"Logronopasion.com\" \/>\n<meta name=\"twitter:card\" content=\"summary_large_image\" \/>\n<meta name=\"twitter:creator\" content=\"@LogronoPasion\" \/>\n<meta name=\"twitter:site\" content=\"@LogronoPasion\" \/>\n<meta name=\"twitter:label1\" content=\"Escrito por\" \/>\n\t<meta name=\"twitter:data1\" content=\"Logronopasion.com\" \/>\n\t<meta name=\"twitter:label2\" content=\"Tiempo de lectura\" \/>\n\t<meta name=\"twitter:data2\" content=\"1 minuto\" \/>\n<script type=\"application\/ld+json\" class=\"yoast-schema-graph\">{\"@context\":\"https:\\\/\\\/schema.org\",\"@graph\":[{\"@type\":\"Article\",\"@id\":\"https:\\\/\\\/www.logronopasion.com\\\/portal\\\/procesion-de-las-antorchas-virgen-de-lourdes-en-logrono\\\/#article\",\"isPartOf\":{\"@id\":\"https:\\\/\\\/www.logronopasion.com\\\/portal\\\/procesion-de-las-antorchas-virgen-de-lourdes-en-logrono\\\/\"},\"author\":{\"name\":\"Logronopasion.com\",\"@id\":\"https:\\\/\\\/www.logronopasion.com\\\/portal\\\/#\\\/schema\\\/person\\\/39728c7f1ab39edc31b0bc671a7fcb0b\"},\"headline\":\"Procesi\u00f3n de las Antorchas, Virgen de Lourdes en Logro\u00f1o.\",\"datePublished\":\"2016-02-13T09:34:11+00:00\",\"mainEntityOfPage\":{\"@id\":\"https:\\\/\\\/www.logronopasion.com\\\/portal\\\/procesion-de-las-antorchas-virgen-de-lourdes-en-logrono\\\/\"},\"wordCount\":238,\"commentCount\":0,\"publisher\":{\"@id\":\"https:\\\/\\\/www.logronopasion.com\\\/portal\\\/#organization\"},\"image\":{\"@id\":\"https:\\\/\\\/www.logronopasion.com\\\/portal\\\/procesion-de-las-antorchas-virgen-de-lourdes-en-logrono\\\/#primaryimage\"},\"thumbnailUrl\":\"http:\\\/\\\/logronopasion.com\\\/portal\\\/wp-content\\\/uploads\\\/2012\\\/01\\\/VirgenLourdes.jpg\",\"articleSection\":[\"Iglesia - estado, sociedad y religi\u00f3n\"],\"inLanguage\":\"es\",\"potentialAction\":[{\"@type\":\"CommentAction\",\"name\":\"Comment\",\"target\":[\"https:\\\/\\\/www.logronopasion.com\\\/portal\\\/procesion-de-las-antorchas-virgen-de-lourdes-en-logrono\\\/#respond\"]}]},{\"@type\":\"WebPage\",\"@id\":\"https:\\\/\\\/www.logronopasion.com\\\/portal\\\/procesion-de-las-antorchas-virgen-de-lourdes-en-logrono\\\/\",\"url\":\"https:\\\/\\\/www.logronopasion.com\\\/portal\\\/procesion-de-las-antorchas-virgen-de-lourdes-en-logrono\\\/\",\"name\":\"Procesi\u00f3n de las Antorchas, Virgen de Lourdes en Logro\u00f1o. - Logro\u00f1o Pasi\u00f3n\",\"isPartOf\":{\"@id\":\"https:\\\/\\\/www.logronopasion.com\\\/portal\\\/#website\"},\"primaryImageOfPage\":{\"@id\":\"https:\\\/\\\/www.logronopasion.com\\\/portal\\\/procesion-de-las-antorchas-virgen-de-lourdes-en-logrono\\\/#primaryimage\"},\"image\":{\"@id\":\"https:\\\/\\\/www.logronopasion.com\\\/portal\\\/procesion-de-las-antorchas-virgen-de-lourdes-en-logrono\\\/#primaryimage\"},\"thumbnailUrl\":\"http:\\\/\\\/logronopasion.com\\\/portal\\\/wp-content\\\/uploads\\\/2012\\\/01\\\/VirgenLourdes.jpg\",\"datePublished\":\"2016-02-13T09:34:11+00:00\",\"inLanguage\":\"es\",\"potentialAction\":[{\"@type\":\"ReadAction\",\"target\":[\"https:\\\/\\\/www.logronopasion.com\\\/portal\\\/procesion-de-las-antorchas-virgen-de-lourdes-en-logrono\\\/\"]}]},{\"@type\":\"ImageObject\",\"inLanguage\":\"es\",\"@id\":\"https:\\\/\\\/www.logronopasion.com\\\/portal\\\/procesion-de-las-antorchas-virgen-de-lourdes-en-logrono\\\/#primaryimage\",\"url\":\"http:\\\/\\\/logronopasion.com\\\/portal\\\/wp-content\\\/uploads\\\/2012\\\/01\\\/VirgenLourdes.jpg\",\"contentUrl\":\"http:\\\/\\\/logronopasion.com\\\/portal\\\/wp-content\\\/uploads\\\/2012\\\/01\\\/VirgenLourdes.jpg\"},{\"@type\":\"WebSite\",\"@id\":\"https:\\\/\\\/www.logronopasion.com\\\/portal\\\/#website\",\"url\":\"https:\\\/\\\/www.logronopasion.com\\\/portal\\\/\",\"name\":\"Logro\u00f1o Pasi\u00f3n\",\"description\":\"Portal sobre la Semana Santa de Logro\u00f1o\",\"publisher\":{\"@id\":\"https:\\\/\\\/www.logronopasion.com\\\/portal\\\/#organization\"},\"potentialAction\":[{\"@type\":\"SearchAction\",\"target\":{\"@type\":\"EntryPoint\",\"urlTemplate\":\"https:\\\/\\\/www.logronopasion.com\\\/portal\\\/?s={search_term_string}\"},\"query-input\":{\"@type\":\"PropertyValueSpecification\",\"valueRequired\":true,\"valueName\":\"search_term_string\"}}],\"inLanguage\":\"es\"},{\"@type\":\"Organization\",\"@id\":\"https:\\\/\\\/www.logronopasion.com\\\/portal\\\/#organization\",\"name\":\"Logro\u00f1o Pasi\u00f3n\",\"url\":\"https:\\\/\\\/www.logronopasion.com\\\/portal\\\/\",\"logo\":{\"@type\":\"ImageObject\",\"inLanguage\":\"es\",\"@id\":\"https:\\\/\\\/www.logronopasion.com\\\/portal\\\/#\\\/schema\\\/logo\\\/image\\\/\",\"url\":\"https:\\\/\\\/i2.wp.com\\\/logronopasion.com\\\/portal\\\/wp-content\\\/uploads\\\/2019\\\/04\\\/cropped-Header-1.jpg?fit=312%2C212&ssl=1\",\"contentUrl\":\"https:\\\/\\\/i2.wp.com\\\/logronopasion.com\\\/portal\\\/wp-content\\\/uploads\\\/2019\\\/04\\\/cropped-Header-1.jpg?fit=312%2C212&ssl=1\",\"width\":312,\"height\":212,\"caption\":\"Logro\u00f1o Pasi\u00f3n\"},\"image\":{\"@id\":\"https:\\\/\\\/www.logronopasion.com\\\/portal\\\/#\\\/schema\\\/logo\\\/image\\\/\"},\"sameAs\":[\"https:\\\/\\\/www.facebook.com\\\/logronopasion\",\"https:\\\/\\\/x.com\\\/LogronoPasion\"]},{\"@type\":\"Person\",\"@id\":\"https:\\\/\\\/www.logronopasion.com\\\/portal\\\/#\\\/schema\\\/person\\\/39728c7f1ab39edc31b0bc671a7fcb0b\",\"name\":\"Logronopasion.com\",\"image\":{\"@type\":\"ImageObject\",\"inLanguage\":\"es\",\"@id\":\"https:\\\/\\\/secure.gravatar.com\\\/avatar\\\/c6b3e81c20ae7dec59cda0fd11915cb052ff1705cd134db04112b35441792010?s=96&d=mm&r=g\",\"url\":\"https:\\\/\\\/secure.gravatar.com\\\/avatar\\\/c6b3e81c20ae7dec59cda0fd11915cb052ff1705cd134db04112b35441792010?s=96&d=mm&r=g\",\"contentUrl\":\"https:\\\/\\\/secure.gravatar.com\\\/avatar\\\/c6b3e81c20ae7dec59cda0fd11915cb052ff1705cd134db04112b35441792010?s=96&d=mm&r=g\",\"caption\":\"Logronopasion.com\"},\"url\":\"https:\\\/\\\/www.logronopasion.com\\\/portal\\\/author\\\/logronopasion-com\\\/\"}]}<\/script>\n<!-- \/ Yoast SEO plugin. -->","yoast_head_json":{"title":"Procesi\u00f3n de las Antorchas, Virgen de Lourdes en Logro\u00f1o. - Logro\u00f1o Pasi\u00f3n","robots":{"index":"index","follow":"follow","max-snippet":"max-snippet:-1","max-image-preview":"max-image-preview:large","max-video-preview":"max-video-preview:-1"},"canonical":"https:\/\/www.logronopasion.com\/portal\/procesion-de-las-antorchas-virgen-de-lourdes-en-logrono\/","og_locale":"es_ES","og_type":"article","og_title":"Procesi\u00f3n de las Antorchas, Virgen de Lourdes en Logro\u00f1o. - Logro\u00f1o Pasi\u00f3n","og_description":"La tradicional \u00abProcesi\u00f3n de las Antorchas\u00bb este a\u00f1o\u00a0bajo el lema\u00a0\u201cMar\u00eda, esperanza de los enfermos\u201d se celebrar\u00e1 en la tarde de hoy s\u00e1bado d\u00eda 13 de febrero, como clausura de los actos del D\u00eda del Enfermo y de la festividad de la Virgen de Lourdes que se celebraron d\u00edas atr\u00e1s, organizados por la Delegaci\u00f3n Pastoral de la Salud de la di\u00f3cesis riojana y por la Hospitalidad de Ntra. Sra. de Lourdes de La Rioja. &nbsp; La ya conocida \u00abProcesi\u00f3n de las Antorchas\u00bb\u00a0con la imagen de Ntra. Sra. de Lourdes y Santa Bernardita, dar\u00e1 comienzo a las 18,45 horas de hoy d\u00eda&hellip;","og_url":"https:\/\/www.logronopasion.com\/portal\/procesion-de-las-antorchas-virgen-de-lourdes-en-logrono\/","og_site_name":"Logro\u00f1o Pasi\u00f3n","article_publisher":"https:\/\/www.facebook.com\/logronopasion","article_published_time":"2016-02-13T09:34:11+00:00","og_image":[{"url":"http:\/\/logronopasion.com\/portal\/wp-content\/uploads\/2012\/01\/VirgenLourdes.jpg","type":"","width":"","height":""}],"author":"Logronopasion.com","twitter_card":"summary_large_image","twitter_creator":"@LogronoPasion","twitter_site":"@LogronoPasion","twitter_misc":{"Escrito por":"Logronopasion.com","Tiempo de lectura":"1 minuto"},"schema":{"@context":"https:\/\/schema.org","@graph":[{"@type":"Article","@id":"https:\/\/www.logronopasion.com\/portal\/procesion-de-las-antorchas-virgen-de-lourdes-en-logrono\/#article","isPartOf":{"@id":"https:\/\/www.logronopasion.com\/portal\/procesion-de-las-antorchas-virgen-de-lourdes-en-logrono\/"},"author":{"name":"Logronopasion.com","@id":"https:\/\/www.logronopasion.com\/portal\/#\/schema\/person\/39728c7f1ab39edc31b0bc671a7fcb0b"},"headline":"Procesi\u00f3n de las Antorchas, Virgen de Lourdes en Logro\u00f1o.","datePublished":"2016-02-13T09:34:11+00:00","mainEntityOfPage":{"@id":"https:\/\/www.logronopasion.com\/portal\/procesion-de-las-antorchas-virgen-de-lourdes-en-logrono\/"},"wordCount":238,"commentCount":0,"publisher":{"@id":"https:\/\/www.logronopasion.com\/portal\/#organization"},"image":{"@id":"https:\/\/www.logronopasion.com\/portal\/procesion-de-las-antorchas-virgen-de-lourdes-en-logrono\/#primaryimage"},"thumbnailUrl":"http:\/\/logronopasion.com\/portal\/wp-content\/uploads\/2012\/01\/VirgenLourdes.jpg","articleSection":["Iglesia - estado, sociedad y religi\u00f3n"],"inLanguage":"es","potentialAction":[{"@type":"CommentAction","name":"Comment","target":["https:\/\/www.logronopasion.com\/portal\/procesion-de-las-antorchas-virgen-de-lourdes-en-logrono\/#respond"]}]},{"@type":"WebPage","@id":"https:\/\/www.logronopasion.com\/portal\/procesion-de-las-antorchas-virgen-de-lourdes-en-logrono\/","url":"https:\/\/www.logronopasion.com\/portal\/procesion-de-las-antorchas-virgen-de-lourdes-en-logrono\/","name":"Procesi\u00f3n de las Antorchas, Virgen de Lourdes en Logro\u00f1o. - Logro\u00f1o Pasi\u00f3n","isPartOf":{"@id":"https:\/\/www.logronopasion.com\/portal\/#website"},"primaryImageOfPage":{"@id":"https:\/\/www.logronopasion.com\/portal\/procesion-de-las-antorchas-virgen-de-lourdes-en-logrono\/#primaryimage"},"image":{"@id":"https:\/\/www.logronopasion.com\/portal\/procesion-de-las-antorchas-virgen-de-lourdes-en-logrono\/#primaryimage"},"thumbnailUrl":"http:\/\/logronopasion.com\/portal\/wp-content\/uploads\/2012\/01\/VirgenLourdes.jpg","datePublished":"2016-02-13T09:34:11+00:00","inLanguage":"es","potentialAction":[{"@type":"ReadAction","target":["https:\/\/www.logronopasion.com\/portal\/procesion-de-las-antorchas-virgen-de-lourdes-en-logrono\/"]}]},{"@type":"ImageObject","inLanguage":"es","@id":"https:\/\/www.logronopasion.com\/portal\/procesion-de-las-antorchas-virgen-de-lourdes-en-logrono\/#primaryimage","url":"http:\/\/logronopasion.com\/portal\/wp-content\/uploads\/2012\/01\/VirgenLourdes.jpg","contentUrl":"http:\/\/logronopasion.com\/portal\/wp-content\/uploads\/2012\/01\/VirgenLourdes.jpg"},{"@type":"WebSite","@id":"https:\/\/www.logronopasion.com\/portal\/#website","url":"https:\/\/www.logronopasion.com\/portal\/","name":"Logro\u00f1o Pasi\u00f3n","description":"Portal sobre la Semana Santa de Logro\u00f1o","publisher":{"@id":"https:\/\/www.logronopasion.com\/portal\/#organization"},"potentialAction":[{"@type":"SearchAction","target":{"@type":"EntryPoint","urlTemplate":"https:\/\/www.logronopasion.com\/portal\/?s={search_term_string}"},"query-input":{"@type":"PropertyValueSpecification","valueRequired":true,"valueName":"search_term_string"}}],"inLanguage":"es"},{"@type":"Organization","@id":"https:\/\/www.logronopasion.com\/portal\/#organization","name":"Logro\u00f1o Pasi\u00f3n","url":"https:\/\/www.logronopasion.com\/portal\/","logo":{"@type":"ImageObject","inLanguage":"es","@id":"https:\/\/www.logronopasion.com\/portal\/#\/schema\/logo\/image\/","url":"https:\/\/i2.wp.com\/logronopasion.com\/portal\/wp-content\/uploads\/2019\/04\/cropped-Header-1.jpg?fit=312%2C212&ssl=1","contentUrl":"https:\/\/i2.wp.com\/logronopasion.com\/portal\/wp-content\/uploads\/2019\/04\/cropped-Header-1.jpg?fit=312%2C212&ssl=1","width":312,"height":212,"caption":"Logro\u00f1o Pasi\u00f3n"},"image":{"@id":"https:\/\/www.logronopasion.com\/portal\/#\/schema\/logo\/image\/"},"sameAs":["https:\/\/www.facebook.com\/logronopasion","https:\/\/x.com\/LogronoPasion"]},{"@type":"Person","@id":"https:\/\/www.logronopasion.com\/portal\/#\/schema\/person\/39728c7f1ab39edc31b0bc671a7fcb0b","name":"Logronopasion.com","image":{"@type":"ImageObject","inLanguage":"es","@id":"https:\/\/secure.gravatar.com\/avatar\/c6b3e81c20ae7dec59cda0fd11915cb052ff1705cd134db04112b35441792010?s=96&d=mm&r=g","url":"https:\/\/secure.gravatar.com\/avatar\/c6b3e81c20ae7dec59cda0fd11915cb052ff1705cd134db04112b35441792010?s=96&d=mm&r=g","contentUrl":"https:\/\/secure.gravatar.com\/avatar\/c6b3e81c20ae7dec59cda0fd11915cb052ff1705cd134db04112b35441792010?s=96&d=mm&r=g","caption":"Logronopasion.com"},"url":"https:\/\/www.logronopasion.com\/portal\/author\/logronopasion-com\/"}]}},"_links":{"self":[{"href":"https:\/\/www.logronopasion.com\/portal\/wp-json\/wp\/v2\/posts\/4621","targetHints":{"allow":["GET"]}}],"collection":[{"href":"https:\/\/www.logronopasion.com\/portal\/wp-json\/wp\/v2\/posts"}],"about":[{"href":"https:\/\/www.logronopasion.com\/portal\/wp-json\/wp\/v2\/types\/post"}],"author":[{"embeddable":true,"href":"https:\/\/www.logronopasion.com\/portal\/wp-json\/wp\/v2\/users\/18"}],"replies":[{"embeddable":true,"href":"https:\/\/www.logronopasion.com\/portal\/wp-json\/wp\/v2\/comments?post=4621"}],"version-history":[{"count":4,"href":"https:\/\/www.logronopasion.com\/portal\/wp-json\/wp\/v2\/posts\/4621\/revisions"}],"predecessor-version":[{"id":4626,"href":"https:\/\/www.logronopasion.com\/portal\/wp-json\/wp\/v2\/posts\/4621\/revisions\/4626"}],"wp:attachment":[{"href":"https:\/\/www.logronopasion.com\/portal\/wp-json\/wp\/v2\/media?parent=4621"}],"wp:term":[{"taxonomy":"category","embeddable":true,"href":"https:\/\/www.logronopasion.com\/portal\/wp-json\/wp\/v2\/categories?post=4621"},{"taxonomy":"post_tag","embeddable":true,"href":"https:\/\/www.logronopasion.com\/portal\/wp-json\/wp\/v2\/tags?post=4621"}],"curies":[{"name":"wp","href":"https:\/\/api.w.org\/{rel}","templated":true}]}}