{"id":4630,"date":"2016-03-04T22:11:00","date_gmt":"2016-03-04T22:11:00","guid":{"rendered":"http:\/\/logronopasion.com\/portal\/?p=4630"},"modified":"2016-03-04T22:11:00","modified_gmt":"2016-03-04T22:11:00","slug":"laetare","status":"publish","type":"post","link":"https:\/\/www.logronopasion.com\/portal\/laetare\/","title":{"rendered":"\u00ab\u00a1Al\u00e9grate Jerusal\u00e9n!\u00bb"},"content":{"rendered":"<p><strong>4\u00ba Domingo de Cuaresma,\u00a0Laetare.<\/strong><\/p>\n<p><img loading=\"lazy\" decoding=\"async\" class=\"aligncenter wp-image-4637\" src=\"http:\/\/logronopasion.com\/portal\/wp-content\/uploads\/2016\/03\/DOMINGO-DE-LAETARE.jpg\" alt=\"DOMINGO-DE-LAETARE\" width=\"650\" height=\"488\" srcset=\"https:\/\/www.logronopasion.com\/portal\/wp-content\/uploads\/2016\/03\/DOMINGO-DE-LAETARE.jpg 960w, https:\/\/www.logronopasion.com\/portal\/wp-content\/uploads\/2016\/03\/DOMINGO-DE-LAETARE-300x225.jpg 300w, https:\/\/www.logronopasion.com\/portal\/wp-content\/uploads\/2016\/03\/DOMINGO-DE-LAETARE-768x576.jpg 768w\" sizes=\"auto, (max-width: 650px) 100vw, 650px\" \/><\/p>\n<p>La Cuaresma es un tiempo penitencial, de oraci\u00f3n, ayuno y limosna, donde el color lit\u00fargico es el p\u00farpura o morado. Entretanto, tenemos, en el transcurso de este tiempo, un momento de j\u00fabilo, donde el color lit\u00fargico pasa del p\u00farpura al rosa. Es el llamado \u00abDomingo Laetare\u00bb, o \u00abDomingo de la Alegr\u00eda\u00bb, que ocurrir\u00e1 este pr\u00f3ximo domingo<\/p>\n<p>\u00bfPero, usted sabe el por qu\u00e9?<\/p>\n<p>El IV Domingo de la Cuaresma recibe estos nombres porque as\u00ed comienza, en este d\u00eda, la Ant\u00edfona de Entrada de la Eucarist\u00eda: \u00abLaetare, Ierusalem, et conventum facite omnes qui diligites eam; gaudete cum laetitia, qui in tristitia fuistis; ut exsultetis, et satiemini ab uberibus consolationis vestrae\u00bb (\u00ab\u00a1Al\u00e9grate Jerusal\u00e9n! \u00a1Reun\u00edos, vosotros todos que la am\u00e1is; vosotros que est\u00e1is tristes, exultad de alegr\u00eda! Saciaos con la abundancia de sus consolaciones\u00bb), conforme Isa\u00edas 66, 10-11.<\/p>\n<p>&nbsp;<\/p>\n<p>El color lit\u00fargico puede variar del p\u00farpura al rosa para representar la alegr\u00eda por la proximidad de la Pascua.<\/p>\n<p><img loading=\"lazy\" decoding=\"async\" class=\"aligncenter size-full wp-image-4638\" src=\"http:\/\/logronopasion.com\/portal\/wp-content\/uploads\/2016\/03\/Laetare-2.jpg\" alt=\"Laetare 2\" width=\"390\" height=\"635\" srcset=\"https:\/\/www.logronopasion.com\/portal\/wp-content\/uploads\/2016\/03\/Laetare-2.jpg 390w, https:\/\/www.logronopasion.com\/portal\/wp-content\/uploads\/2016\/03\/Laetare-2-184x300.jpg 184w\" sizes=\"auto, (max-width: 390px) 100vw, 390px\" \/><\/p>\n<blockquote><p>Este domingo ya fue llamado tambi\u00e9n de \u00abDomingo de las Rosas\u00bb, pues, en la antig\u00fcedad, los cristianos acostumbraban obsequiarse rosas. Y es aqu\u00ed que surge la \u00abRosa de Oro\u00bb.<\/p>\n<p>&nbsp;<\/p>\n<p>En el siglo X surgi\u00f3, entonces, la tradici\u00f3n de la \u00abBendici\u00f3n de la Rosa\u00bb, ocasi\u00f3n en que el Santo Padre, en el IV Domingo de la Cuaresma, iba del Palacio de Letr\u00e1n a la Bas\u00edlica Estacional de Santa Cruz de Jerusal\u00e9n, llevando en la mano izquierda una rosa de oro que significaba la alegr\u00eda por la proximidad de la Pascua. Con la mano derecha, el Papa bendec\u00eda a la multitud. Regresando procesionalmente a caballo, el Papa ve\u00eda su montura conducida por el prefecto de Roma. Al llegar, obsequiaba al prefecto la rosa, en reconocimiento por sus actos de respeto y homenaje.<\/p>\n<p><img loading=\"lazy\" decoding=\"async\" class=\"aligncenter size-full wp-image-4639\" src=\"http:\/\/logronopasion.com\/portal\/wp-content\/uploads\/2016\/03\/Rosas-de-oro.jpg\" alt=\"Rosas de oro\" width=\"460\" height=\"260\" srcset=\"https:\/\/www.logronopasion.com\/portal\/wp-content\/uploads\/2016\/03\/Rosas-de-oro.jpg 460w, https:\/\/www.logronopasion.com\/portal\/wp-content\/uploads\/2016\/03\/Rosas-de-oro-300x170.jpg 300w\" sizes=\"auto, (max-width: 460px) 100vw, 460px\" \/><\/p>\n<p>De ah\u00ed, entonces, tuvo inicio la costumbre de ofrecer la \u00abRosa de Oro\u00bb, para personalidades y autoridades que manten\u00edan una buena relaci\u00f3n con la Santa Sede, como pr\u00edncipes, emperadores, reyes&#8230;<\/p>\n<p>&nbsp;<\/p>\n<p>En los tiempos modernos los papas acostumbran remitir este s\u00edmbolo de afecto personal a santuarios de destaque. Por ejemplo, el Santuario de Nuestra Se\u00f1ora de F\u00e1tima, Portugal, recibi\u00f3 una Rosa de Oro de Pablo VI, en 1965, y la Bas\u00edlica de Nuestra Se\u00f1ora Aparecida, Brasil, recibi\u00f3 una tambi\u00e9n de Pablo VI, en 1967 y otra m\u00e1s de Benedicto XVI, en 2007.<\/p><\/blockquote>\n<p>&nbsp;<\/p>\n<p>Nunca est\u00e1 dem\u00e1s, recordar algunas cosas relacionadas con el IV Domingo de Cuaresma, que es un Domingo excepcional, junto con el III Domingo de Adviento, pues difieren en algunas de las caracter\u00edsticas propias de cada tiempo.<\/p>\n<p><img loading=\"lazy\" decoding=\"async\" class=\"aligncenter wp-image-4640\" src=\"http:\/\/logronopasion.com\/portal\/wp-content\/uploads\/2016\/03\/Laetare-1.png\" alt=\"Laetare 1\" width=\"650\" height=\"491\" srcset=\"https:\/\/www.logronopasion.com\/portal\/wp-content\/uploads\/2016\/03\/Laetare-1.png 889w, https:\/\/www.logronopasion.com\/portal\/wp-content\/uploads\/2016\/03\/Laetare-1-300x226.png 300w, https:\/\/www.logronopasion.com\/portal\/wp-content\/uploads\/2016\/03\/Laetare-1-768x580.png 768w\" sizes=\"auto, (max-width: 650px) 100vw, 650px\" \/><\/p>\n<p>Los dos tiempos lit\u00fargicos de preparaci\u00f3n a la venida del Se\u00f1or, el adviento, cuarenta d\u00edas de espera a su Nacimiento y la cuaresma, los mismos d\u00edas de preparaci\u00f3n para su Muerte y gloriosa Resurrecci\u00f3n son tiempos de penitencia en los que el color morado es el propio de la liturgia.<br \/>\nSin embargo,\u00a0esta excepci\u00f3n en el que el color rosa hace acto de presencia brevemente durante ambos periodos lit\u00fargicos.\u00a0Rosa que simboliza alegr\u00eda, aunque una alegr\u00eda pasajera y ef\u00edmera.<br \/>\nComo ya hemos dicho, se utiliza\u00a0los domingos de Gaudete (es el imperativo del verbo latino \u201cgaudeo\u201d que significa gozar \u00edntimamente, complacerse en algo. Por tanto \u201cgaudete\u201d significa regocijaos. Regocijo en Adviento porque pronto nacer\u00e1 el Salvador) en el tercer domingo de Adviento y Laetare (que es el imperativo del verbo latino \u201claetor\u201d que significa alegrarse, regocijarse. Alegraros y regocijaros porque el Se\u00f1or padecer\u00e1, pero tambi\u00e9n resucitar\u00e1) en el\u00a0cuarto de\u00a0Cuaresma. En medio de un tiempo de oraci\u00f3n, limosna y ayuno, el rosa recuerda brevemente la alegr\u00eda de en la proximidad de la Navidad o de la Pascua.<br \/>\nGaudete y laetare, palabras latinas cuyo significado es similar, regoc\u00edjate y al\u00e9grate. La ant\u00edfona de entrada de la Misa de este pr\u00f3ximo domingo,\u00a0comienza con esas palabra que da nombre al d\u00eda; \u201cLaetare, Ier\u00fasalem\u201d (Is 66), \u201cAl\u00e9grate, Jerusal\u00e9n\u201d, de la misma forma que el del domingo de Adviento comienza con \u201cGaud\u00e9te in D\u00f3mino semper\u201d \u201cEstad siempre alegres en el Se\u00f1or\u201d.<\/p>\n<p>Los ornamentos de color rosado, que es un morado aclarado o alegre, surgieron en la Baja Edad Media en el sur de Italia. Se asignan a los domingos Gaudete, III de Adviento, y Laetare, IV de Cuaresma, por ser los pen\u00faltimos de cada tiempo se\u00f1alado: es un respiro en el camino de la austeridad al divisar en el horizonte la gloria que se va a alcanzar.<br \/>\nEl color rosa pas\u00f3 al Caeremoniale Episcoporum y de ah\u00ed se extendi\u00f3 su uso, aunque nunca ha sido preceptivo, sino \u201cad libitum\u201d, es decir, a consideraci\u00f3n o discreci\u00f3n del celebrante o presidente de la celebraci\u00f3n lit\u00fargica.<br \/>\nComo vemos, la liturgia de este Domingo se ve marcada por la alegr\u00eda, ya que se acerca el tiempo de vivir nuevamente los Misterios de la Pasi\u00f3n, Muerte y Resurrecci\u00f3n de Nuestro Se\u00f1or Jesucristo, durante la Semana Santa. Al igual que el tercer Domingo de Adviento (\u00abGaudete\u00bb), se rompe el esquema lit\u00fargico de la Cuaresma, con algunas particularidades:<\/p>\n<ul>\n<li>&#8211; Predomina el car\u00e1cter alegre (lit\u00fargicamente hablando)<\/li>\n<li>&#8211; Se usa color ros\u00e1ceo en los ornamentos (siempre que esto sea posible).<\/li>\n<li>&#8211; Los ornamentos pueden ser m\u00e1s bellamente adornados.<\/li>\n<li>&#8211; Los di\u00e1conos pueden utilizar dalm\u00e1tica.<\/li>\n<li>&#8211; Se puede utilizar el \u00d3rgano.<\/li>\n<\/ul>\n<p>En general, son normas plenamente aplicables a ambas formas del rito romano, salvo del hecho de que algunas son obligatorias en la forma extraordinaria.<\/p>\n<p>Entrando m\u00e1s en el sentido lit\u00fargico de \u00e9ste domingo, vemos que todo gesto y signo involucra algo verdaderamente en consonancia y direcci\u00f3n a los Sagrados Misterios que se vivir\u00e1n pronto, donde el Se\u00f1or sufre su pasi\u00f3n, muere por nuestros pecados, y resucita para darnos la Salvaci\u00f3n.<\/p>\n<p>Y es que el Domingo Laetare nos invita a mirar m\u00e1s all\u00e1 de la triste realidad del pecado, mirando a Dios, quien es fuente de infinita Misericordia. Es una nueva invitaci\u00f3n a convertirnos de coraz\u00f3n hacia Dios, para Amarlo y cumplir sus preceptos, que nos hacen libres.<\/p>\n<p>As\u00ed mismo, no se debe olvidar que permanecemos en Cuaresma, por lo cual el Domingo Laetare no es un alto de la penitencia, sino que es para recordarnos que siempre, detr\u00e1s de toda penitencia est\u00e1 el deber de aborrecer el pecado, el prop\u00f3sito de no pecar m\u00e1s y de confesar los pecados, para as\u00ed vivir en Gracia, que nos es otorgada por Dios en su infinita misericordia.<\/p>\n<p>Evangelio de este 4\u00ba domingo de Cuaresma \u00abLaetare\u00bb<\/p>\n<p><img loading=\"lazy\" decoding=\"async\" class=\"aligncenter wp-image-4636\" src=\"http:\/\/logronopasion.com\/portal\/wp-content\/uploads\/2016\/03\/4\u00ba-domingo-de-Cuaresma.jpg\" alt=\"4\u00ba domingo de Cuaresma\" width=\"550\" height=\"352\" srcset=\"https:\/\/www.logronopasion.com\/portal\/wp-content\/uploads\/2016\/03\/4\u00ba-domingo-de-Cuaresma.jpg 320w, https:\/\/www.logronopasion.com\/portal\/wp-content\/uploads\/2016\/03\/4\u00ba-domingo-de-Cuaresma-300x192.jpg 300w\" sizes=\"auto, (max-width: 550px) 100vw, 550px\" \/><\/p>\n<blockquote><p><strong>Lectura del santo Evangelio seg\u00fan San Lucas<\/strong><\/p>\n<p>En aquel tiempo, se acercaban a Jes\u00fas los publicanos y los pecadores a escucharle. Y los fariseos y los letrados murmuraban entre ellos:<br \/>\n\u2013Ese acoge a los pecadores y come con ellos.<\/p>\n<p>Jes\u00fas les dijo esta par\u00e1bola:<br \/>\nUn hombre ten\u00eda dos hijos: el menor de ellos dijo a su padre:<br \/>\n\u2013Padre, dame la parte que me toca de la fortuna.<br \/>\nEl padre les reparti\u00f3 los bienes.<br \/>\nNo muchos d\u00edas despu\u00e9s, el hijo menor, juntando todo lo suyo, emigr\u00f3 a un pa\u00eds lejano, y all\u00ed derroch\u00f3 su fortuna viviendo perdidamente.<br \/>\nCuando lo hab\u00eda gastado todo, vino por aquella tierra un hambre terrible, y empez\u00f3 \u00e9l a pasar necesidad.<br \/>\nFue entonces y tanto le insisti\u00f3 a un habitante de aquel pa\u00eds, que lo mand\u00f3 a sus campos a guardar cerdos. Le entraban ganas de llenarse el est\u00f3mago de las algarrobas que com\u00edan los cerdos; y nadie le daba de comer.<br \/>\nRecapacitando entonces se dijo:<br \/>\n\u2013Cu\u00e1ntos jornaleros de mi padre tienen abundancia de pan, mientras yo aqu\u00ed me muero de hambre. Me pondr\u00e9 en camino adonde est\u00e1 mi padre, y le dir\u00e9: \u00abPadre, he pecado contra el cielo y contra ti; ya no merezco llamarme hijo tuyo: tr\u00e1tame como a uno de tus jornaleros.\u00bb<br \/>\nSe puso en camino adonde estaba su padre: cuando todav\u00eda estaba lejos, su padre lo vio y se conmovi\u00f3; y echando a correr se le ech\u00f3 al cuello y se puso a besarlo.<\/p>\n<p>Su hijo le dijo:<br \/>\n\u2013Padre, he pecado contra el cielo y contra ti; ya no merezco llamarme hijo tuyo.<br \/>\nPero el padre dijo a sus criados:<br \/>\n\u2013Sacad en seguida el mejor traje, y vestidlo; ponedle un anillo en la mano y sandalias en los pies; traed el ternero cebado y matadlo; celebremos un banquete; porque este hijo m\u00edo estaba muerto y ha revivido; estaba perdido y lo hemos encontrado.<br \/>\nY empezaron el banquete.<\/p>\n<p>Su hijo mayor estaba en el campo.<br \/>\nCuando al volver se acercaba a la casa, oy\u00f3 la m\u00fasica y el baile, y llamando a uno de los mozos, le pregunt\u00f3 qu\u00e9 pasaba.<br \/>\nEste le contest\u00f3:<br \/>\n\u2013Ha vuelto tu hermano; y tu padre ha matado el ternero cebado, porque lo ha recobrado con salud.<br \/>\nEl se indign\u00f3 y se negaba a entrar pero su padre sali\u00f3 e intentaba persuadirlo.<br \/>\nY \u00e9l replic\u00f3 a su padre:<br \/>\n\u2013Mira: en tantos a\u00f1os como te sirvo, sin desobedecer nunca una orden tuya, a m\u00ed nunca me has dado un cabrito para tener un banquete con mis amigos; y cuando ha venido ese hijo tuyo que se ha comido tus bienes con malas mujeres, le matas el ternero cebado.<br \/>\nEl padre le dijo:<br \/>\n\u2013Hijo, t\u00fa est\u00e1s siempre conmigo, y todo lo m\u00edo es tuyo: deber\u00edas alegrarte, porque este hermano tuyo estaba muerto y ha revivido, estaba perdido, y lo hemos encontrado.<\/p>\n<p class=\"Tit_Negro_Normal\"><strong>Palabra del Se\u00f1or.<\/strong><\/p>\n<\/blockquote>\n","protected":false},"excerpt":{"rendered":"<p>4\u00ba Domingo de Cuaresma,\u00a0Laetare. La Cuaresma es un tiempo penitencial, de oraci\u00f3n, ayuno y limosna, donde el color lit\u00fargico es el p\u00farpura o morado. Entretanto, tenemos, en el transcurso de este tiempo, un momento de j\u00fabilo, donde el color lit\u00fargico pasa del p\u00farpura al rosa. Es el llamado \u00abDomingo Laetare\u00bb, o \u00abDomingo de la Alegr\u00eda\u00bb, que ocurrir\u00e1 este pr\u00f3ximo domingo \u00bfPero, usted sabe el por qu\u00e9? El IV Domingo de la Cuaresma recibe estos nombres porque as\u00ed comienza, en este d\u00eda, la Ant\u00edfona de Entrada de la Eucarist\u00eda: \u00abLaetare, Ierusalem, et conventum facite omnes qui diligites eam; gaudete cum laetitia,&hellip; <\/p>\n","protected":false},"author":18,"featured_media":0,"comment_status":"open","ping_status":"open","sticky":false,"template":"","format":"standard","meta":{"_bbp_topic_count":0,"_bbp_reply_count":0,"_bbp_total_topic_count":0,"_bbp_total_reply_count":0,"_bbp_voice_count":0,"_bbp_anonymous_reply_count":0,"_bbp_topic_count_hidden":0,"_bbp_reply_count_hidden":0,"_bbp_forum_subforum_count":0,"_crdt_document":"","footnotes":""},"categories":[3,1],"tags":[],"class_list":["post-4630","post","type-post","status-publish","format-standard","hentry","category-iglesia","category-noticias"],"yoast_head":"<!-- This site is optimized with the Yoast SEO plugin v27.5 - https:\/\/yoast.com\/product\/yoast-seo-wordpress\/ -->\n<title>&quot;\u00a1Al\u00e9grate Jerusal\u00e9n!&quot; - Logro\u00f1o Pasi\u00f3n<\/title>\n<meta name=\"robots\" content=\"index, follow, max-snippet:-1, max-image-preview:large, max-video-preview:-1\" \/>\n<link rel=\"canonical\" href=\"https:\/\/www.logronopasion.com\/portal\/laetare\/\" \/>\n<meta property=\"og:locale\" content=\"es_ES\" \/>\n<meta property=\"og:type\" content=\"article\" \/>\n<meta property=\"og:title\" content=\"&quot;\u00a1Al\u00e9grate Jerusal\u00e9n!&quot; - Logro\u00f1o Pasi\u00f3n\" \/>\n<meta property=\"og:description\" content=\"4\u00ba Domingo de Cuaresma,\u00a0Laetare. La Cuaresma es un tiempo penitencial, de oraci\u00f3n, ayuno y limosna, donde el color lit\u00fargico es el p\u00farpura o morado. Entretanto, tenemos, en el transcurso de este tiempo, un momento de j\u00fabilo, donde el color lit\u00fargico pasa del p\u00farpura al rosa. Es el llamado \u00abDomingo Laetare\u00bb, o \u00abDomingo de la Alegr\u00eda\u00bb, que ocurrir\u00e1 este pr\u00f3ximo domingo \u00bfPero, usted sabe el por qu\u00e9? El IV Domingo de la Cuaresma recibe estos nombres porque as\u00ed comienza, en este d\u00eda, la Ant\u00edfona de Entrada de la Eucarist\u00eda: \u00abLaetare, Ierusalem, et conventum facite omnes qui diligites eam; gaudete cum laetitia,&hellip;\" \/>\n<meta property=\"og:url\" content=\"https:\/\/www.logronopasion.com\/portal\/laetare\/\" \/>\n<meta property=\"og:site_name\" content=\"Logro\u00f1o Pasi\u00f3n\" \/>\n<meta property=\"article:publisher\" content=\"https:\/\/www.facebook.com\/logronopasion\" \/>\n<meta property=\"article:published_time\" content=\"2016-03-04T22:11:00+00:00\" \/>\n<meta property=\"og:image\" content=\"http:\/\/logronopasion.com\/portal\/wp-content\/uploads\/2016\/03\/DOMINGO-DE-LAETARE.jpg\" \/>\n<meta name=\"author\" content=\"Logronopasion.com\" \/>\n<meta name=\"twitter:card\" content=\"summary_large_image\" \/>\n<meta name=\"twitter:creator\" content=\"@LogronoPasion\" \/>\n<meta name=\"twitter:site\" content=\"@LogronoPasion\" \/>\n<meta name=\"twitter:label1\" content=\"Escrito por\" \/>\n\t<meta name=\"twitter:data1\" content=\"Logronopasion.com\" \/>\n\t<meta name=\"twitter:label2\" content=\"Tiempo de lectura\" \/>\n\t<meta name=\"twitter:data2\" content=\"8 minutos\" \/>\n<script type=\"application\/ld+json\" class=\"yoast-schema-graph\">{\"@context\":\"https:\\\/\\\/schema.org\",\"@graph\":[{\"@type\":\"Article\",\"@id\":\"https:\\\/\\\/www.logronopasion.com\\\/portal\\\/laetare\\\/#article\",\"isPartOf\":{\"@id\":\"https:\\\/\\\/www.logronopasion.com\\\/portal\\\/laetare\\\/\"},\"author\":{\"name\":\"Logronopasion.com\",\"@id\":\"https:\\\/\\\/www.logronopasion.com\\\/portal\\\/#\\\/schema\\\/person\\\/39728c7f1ab39edc31b0bc671a7fcb0b\"},\"headline\":\"\u00ab\u00a1Al\u00e9grate Jerusal\u00e9n!\u00bb\",\"datePublished\":\"2016-03-04T22:11:00+00:00\",\"mainEntityOfPage\":{\"@id\":\"https:\\\/\\\/www.logronopasion.com\\\/portal\\\/laetare\\\/\"},\"wordCount\":1641,\"commentCount\":0,\"publisher\":{\"@id\":\"https:\\\/\\\/www.logronopasion.com\\\/portal\\\/#organization\"},\"image\":{\"@id\":\"https:\\\/\\\/www.logronopasion.com\\\/portal\\\/laetare\\\/#primaryimage\"},\"thumbnailUrl\":\"http:\\\/\\\/logronopasion.com\\\/portal\\\/wp-content\\\/uploads\\\/2016\\\/03\\\/DOMINGO-DE-LAETARE.jpg\",\"articleSection\":[\"Iglesia - estado, sociedad y religi\u00f3n\",\"Noticias \\\/ Actualidad\"],\"inLanguage\":\"es\",\"potentialAction\":[{\"@type\":\"CommentAction\",\"name\":\"Comment\",\"target\":[\"https:\\\/\\\/www.logronopasion.com\\\/portal\\\/laetare\\\/#respond\"]}]},{\"@type\":\"WebPage\",\"@id\":\"https:\\\/\\\/www.logronopasion.com\\\/portal\\\/laetare\\\/\",\"url\":\"https:\\\/\\\/www.logronopasion.com\\\/portal\\\/laetare\\\/\",\"name\":\"\\\"\u00a1Al\u00e9grate Jerusal\u00e9n!\\\" - Logro\u00f1o Pasi\u00f3n\",\"isPartOf\":{\"@id\":\"https:\\\/\\\/www.logronopasion.com\\\/portal\\\/#website\"},\"primaryImageOfPage\":{\"@id\":\"https:\\\/\\\/www.logronopasion.com\\\/portal\\\/laetare\\\/#primaryimage\"},\"image\":{\"@id\":\"https:\\\/\\\/www.logronopasion.com\\\/portal\\\/laetare\\\/#primaryimage\"},\"thumbnailUrl\":\"http:\\\/\\\/logronopasion.com\\\/portal\\\/wp-content\\\/uploads\\\/2016\\\/03\\\/DOMINGO-DE-LAETARE.jpg\",\"datePublished\":\"2016-03-04T22:11:00+00:00\",\"inLanguage\":\"es\",\"potentialAction\":[{\"@type\":\"ReadAction\",\"target\":[\"https:\\\/\\\/www.logronopasion.com\\\/portal\\\/laetare\\\/\"]}]},{\"@type\":\"ImageObject\",\"inLanguage\":\"es\",\"@id\":\"https:\\\/\\\/www.logronopasion.com\\\/portal\\\/laetare\\\/#primaryimage\",\"url\":\"http:\\\/\\\/logronopasion.com\\\/portal\\\/wp-content\\\/uploads\\\/2016\\\/03\\\/DOMINGO-DE-LAETARE.jpg\",\"contentUrl\":\"http:\\\/\\\/logronopasion.com\\\/portal\\\/wp-content\\\/uploads\\\/2016\\\/03\\\/DOMINGO-DE-LAETARE.jpg\"},{\"@type\":\"WebSite\",\"@id\":\"https:\\\/\\\/www.logronopasion.com\\\/portal\\\/#website\",\"url\":\"https:\\\/\\\/www.logronopasion.com\\\/portal\\\/\",\"name\":\"Logro\u00f1o Pasi\u00f3n\",\"description\":\"Portal sobre la Semana Santa de Logro\u00f1o\",\"publisher\":{\"@id\":\"https:\\\/\\\/www.logronopasion.com\\\/portal\\\/#organization\"},\"potentialAction\":[{\"@type\":\"SearchAction\",\"target\":{\"@type\":\"EntryPoint\",\"urlTemplate\":\"https:\\\/\\\/www.logronopasion.com\\\/portal\\\/?s={search_term_string}\"},\"query-input\":{\"@type\":\"PropertyValueSpecification\",\"valueRequired\":true,\"valueName\":\"search_term_string\"}}],\"inLanguage\":\"es\"},{\"@type\":\"Organization\",\"@id\":\"https:\\\/\\\/www.logronopasion.com\\\/portal\\\/#organization\",\"name\":\"Logro\u00f1o Pasi\u00f3n\",\"url\":\"https:\\\/\\\/www.logronopasion.com\\\/portal\\\/\",\"logo\":{\"@type\":\"ImageObject\",\"inLanguage\":\"es\",\"@id\":\"https:\\\/\\\/www.logronopasion.com\\\/portal\\\/#\\\/schema\\\/logo\\\/image\\\/\",\"url\":\"https:\\\/\\\/i2.wp.com\\\/logronopasion.com\\\/portal\\\/wp-content\\\/uploads\\\/2019\\\/04\\\/cropped-Header-1.jpg?fit=312%2C212&ssl=1\",\"contentUrl\":\"https:\\\/\\\/i2.wp.com\\\/logronopasion.com\\\/portal\\\/wp-content\\\/uploads\\\/2019\\\/04\\\/cropped-Header-1.jpg?fit=312%2C212&ssl=1\",\"width\":312,\"height\":212,\"caption\":\"Logro\u00f1o Pasi\u00f3n\"},\"image\":{\"@id\":\"https:\\\/\\\/www.logronopasion.com\\\/portal\\\/#\\\/schema\\\/logo\\\/image\\\/\"},\"sameAs\":[\"https:\\\/\\\/www.facebook.com\\\/logronopasion\",\"https:\\\/\\\/x.com\\\/LogronoPasion\"]},{\"@type\":\"Person\",\"@id\":\"https:\\\/\\\/www.logronopasion.com\\\/portal\\\/#\\\/schema\\\/person\\\/39728c7f1ab39edc31b0bc671a7fcb0b\",\"name\":\"Logronopasion.com\",\"image\":{\"@type\":\"ImageObject\",\"inLanguage\":\"es\",\"@id\":\"https:\\\/\\\/secure.gravatar.com\\\/avatar\\\/c6b3e81c20ae7dec59cda0fd11915cb052ff1705cd134db04112b35441792010?s=96&d=mm&r=g\",\"url\":\"https:\\\/\\\/secure.gravatar.com\\\/avatar\\\/c6b3e81c20ae7dec59cda0fd11915cb052ff1705cd134db04112b35441792010?s=96&d=mm&r=g\",\"contentUrl\":\"https:\\\/\\\/secure.gravatar.com\\\/avatar\\\/c6b3e81c20ae7dec59cda0fd11915cb052ff1705cd134db04112b35441792010?s=96&d=mm&r=g\",\"caption\":\"Logronopasion.com\"},\"url\":\"https:\\\/\\\/www.logronopasion.com\\\/portal\\\/author\\\/logronopasion-com\\\/\"}]}<\/script>\n<!-- \/ Yoast SEO plugin. -->","yoast_head_json":{"title":"\"\u00a1Al\u00e9grate Jerusal\u00e9n!\" - Logro\u00f1o Pasi\u00f3n","robots":{"index":"index","follow":"follow","max-snippet":"max-snippet:-1","max-image-preview":"max-image-preview:large","max-video-preview":"max-video-preview:-1"},"canonical":"https:\/\/www.logronopasion.com\/portal\/laetare\/","og_locale":"es_ES","og_type":"article","og_title":"\"\u00a1Al\u00e9grate Jerusal\u00e9n!\" - Logro\u00f1o Pasi\u00f3n","og_description":"4\u00ba Domingo de Cuaresma,\u00a0Laetare. La Cuaresma es un tiempo penitencial, de oraci\u00f3n, ayuno y limosna, donde el color lit\u00fargico es el p\u00farpura o morado. Entretanto, tenemos, en el transcurso de este tiempo, un momento de j\u00fabilo, donde el color lit\u00fargico pasa del p\u00farpura al rosa. Es el llamado \u00abDomingo Laetare\u00bb, o \u00abDomingo de la Alegr\u00eda\u00bb, que ocurrir\u00e1 este pr\u00f3ximo domingo \u00bfPero, usted sabe el por qu\u00e9? El IV Domingo de la Cuaresma recibe estos nombres porque as\u00ed comienza, en este d\u00eda, la Ant\u00edfona de Entrada de la Eucarist\u00eda: \u00abLaetare, Ierusalem, et conventum facite omnes qui diligites eam; gaudete cum laetitia,&hellip;","og_url":"https:\/\/www.logronopasion.com\/portal\/laetare\/","og_site_name":"Logro\u00f1o Pasi\u00f3n","article_publisher":"https:\/\/www.facebook.com\/logronopasion","article_published_time":"2016-03-04T22:11:00+00:00","og_image":[{"url":"http:\/\/logronopasion.com\/portal\/wp-content\/uploads\/2016\/03\/DOMINGO-DE-LAETARE.jpg","type":"","width":"","height":""}],"author":"Logronopasion.com","twitter_card":"summary_large_image","twitter_creator":"@LogronoPasion","twitter_site":"@LogronoPasion","twitter_misc":{"Escrito por":"Logronopasion.com","Tiempo de lectura":"8 minutos"},"schema":{"@context":"https:\/\/schema.org","@graph":[{"@type":"Article","@id":"https:\/\/www.logronopasion.com\/portal\/laetare\/#article","isPartOf":{"@id":"https:\/\/www.logronopasion.com\/portal\/laetare\/"},"author":{"name":"Logronopasion.com","@id":"https:\/\/www.logronopasion.com\/portal\/#\/schema\/person\/39728c7f1ab39edc31b0bc671a7fcb0b"},"headline":"\u00ab\u00a1Al\u00e9grate Jerusal\u00e9n!\u00bb","datePublished":"2016-03-04T22:11:00+00:00","mainEntityOfPage":{"@id":"https:\/\/www.logronopasion.com\/portal\/laetare\/"},"wordCount":1641,"commentCount":0,"publisher":{"@id":"https:\/\/www.logronopasion.com\/portal\/#organization"},"image":{"@id":"https:\/\/www.logronopasion.com\/portal\/laetare\/#primaryimage"},"thumbnailUrl":"http:\/\/logronopasion.com\/portal\/wp-content\/uploads\/2016\/03\/DOMINGO-DE-LAETARE.jpg","articleSection":["Iglesia - estado, sociedad y religi\u00f3n","Noticias \/ Actualidad"],"inLanguage":"es","potentialAction":[{"@type":"CommentAction","name":"Comment","target":["https:\/\/www.logronopasion.com\/portal\/laetare\/#respond"]}]},{"@type":"WebPage","@id":"https:\/\/www.logronopasion.com\/portal\/laetare\/","url":"https:\/\/www.logronopasion.com\/portal\/laetare\/","name":"\"\u00a1Al\u00e9grate Jerusal\u00e9n!\" - Logro\u00f1o Pasi\u00f3n","isPartOf":{"@id":"https:\/\/www.logronopasion.com\/portal\/#website"},"primaryImageOfPage":{"@id":"https:\/\/www.logronopasion.com\/portal\/laetare\/#primaryimage"},"image":{"@id":"https:\/\/www.logronopasion.com\/portal\/laetare\/#primaryimage"},"thumbnailUrl":"http:\/\/logronopasion.com\/portal\/wp-content\/uploads\/2016\/03\/DOMINGO-DE-LAETARE.jpg","datePublished":"2016-03-04T22:11:00+00:00","inLanguage":"es","potentialAction":[{"@type":"ReadAction","target":["https:\/\/www.logronopasion.com\/portal\/laetare\/"]}]},{"@type":"ImageObject","inLanguage":"es","@id":"https:\/\/www.logronopasion.com\/portal\/laetare\/#primaryimage","url":"http:\/\/logronopasion.com\/portal\/wp-content\/uploads\/2016\/03\/DOMINGO-DE-LAETARE.jpg","contentUrl":"http:\/\/logronopasion.com\/portal\/wp-content\/uploads\/2016\/03\/DOMINGO-DE-LAETARE.jpg"},{"@type":"WebSite","@id":"https:\/\/www.logronopasion.com\/portal\/#website","url":"https:\/\/www.logronopasion.com\/portal\/","name":"Logro\u00f1o Pasi\u00f3n","description":"Portal sobre la Semana Santa de Logro\u00f1o","publisher":{"@id":"https:\/\/www.logronopasion.com\/portal\/#organization"},"potentialAction":[{"@type":"SearchAction","target":{"@type":"EntryPoint","urlTemplate":"https:\/\/www.logronopasion.com\/portal\/?s={search_term_string}"},"query-input":{"@type":"PropertyValueSpecification","valueRequired":true,"valueName":"search_term_string"}}],"inLanguage":"es"},{"@type":"Organization","@id":"https:\/\/www.logronopasion.com\/portal\/#organization","name":"Logro\u00f1o Pasi\u00f3n","url":"https:\/\/www.logronopasion.com\/portal\/","logo":{"@type":"ImageObject","inLanguage":"es","@id":"https:\/\/www.logronopasion.com\/portal\/#\/schema\/logo\/image\/","url":"https:\/\/i2.wp.com\/logronopasion.com\/portal\/wp-content\/uploads\/2019\/04\/cropped-Header-1.jpg?fit=312%2C212&ssl=1","contentUrl":"https:\/\/i2.wp.com\/logronopasion.com\/portal\/wp-content\/uploads\/2019\/04\/cropped-Header-1.jpg?fit=312%2C212&ssl=1","width":312,"height":212,"caption":"Logro\u00f1o Pasi\u00f3n"},"image":{"@id":"https:\/\/www.logronopasion.com\/portal\/#\/schema\/logo\/image\/"},"sameAs":["https:\/\/www.facebook.com\/logronopasion","https:\/\/x.com\/LogronoPasion"]},{"@type":"Person","@id":"https:\/\/www.logronopasion.com\/portal\/#\/schema\/person\/39728c7f1ab39edc31b0bc671a7fcb0b","name":"Logronopasion.com","image":{"@type":"ImageObject","inLanguage":"es","@id":"https:\/\/secure.gravatar.com\/avatar\/c6b3e81c20ae7dec59cda0fd11915cb052ff1705cd134db04112b35441792010?s=96&d=mm&r=g","url":"https:\/\/secure.gravatar.com\/avatar\/c6b3e81c20ae7dec59cda0fd11915cb052ff1705cd134db04112b35441792010?s=96&d=mm&r=g","contentUrl":"https:\/\/secure.gravatar.com\/avatar\/c6b3e81c20ae7dec59cda0fd11915cb052ff1705cd134db04112b35441792010?s=96&d=mm&r=g","caption":"Logronopasion.com"},"url":"https:\/\/www.logronopasion.com\/portal\/author\/logronopasion-com\/"}]}},"_links":{"self":[{"href":"https:\/\/www.logronopasion.com\/portal\/wp-json\/wp\/v2\/posts\/4630","targetHints":{"allow":["GET"]}}],"collection":[{"href":"https:\/\/www.logronopasion.com\/portal\/wp-json\/wp\/v2\/posts"}],"about":[{"href":"https:\/\/www.logronopasion.com\/portal\/wp-json\/wp\/v2\/types\/post"}],"author":[{"embeddable":true,"href":"https:\/\/www.logronopasion.com\/portal\/wp-json\/wp\/v2\/users\/18"}],"replies":[{"embeddable":true,"href":"https:\/\/www.logronopasion.com\/portal\/wp-json\/wp\/v2\/comments?post=4630"}],"version-history":[{"count":9,"href":"https:\/\/www.logronopasion.com\/portal\/wp-json\/wp\/v2\/posts\/4630\/revisions"}],"predecessor-version":[{"id":4644,"href":"https:\/\/www.logronopasion.com\/portal\/wp-json\/wp\/v2\/posts\/4630\/revisions\/4644"}],"wp:attachment":[{"href":"https:\/\/www.logronopasion.com\/portal\/wp-json\/wp\/v2\/media?parent=4630"}],"wp:term":[{"taxonomy":"category","embeddable":true,"href":"https:\/\/www.logronopasion.com\/portal\/wp-json\/wp\/v2\/categories?post=4630"},{"taxonomy":"post_tag","embeddable":true,"href":"https:\/\/www.logronopasion.com\/portal\/wp-json\/wp\/v2\/tags?post=4630"}],"curies":[{"name":"wp","href":"https:\/\/api.w.org\/{rel}","templated":true}]}}