{"id":4646,"date":"2016-03-14T23:59:29","date_gmt":"2016-03-14T23:59:29","guid":{"rendered":"http:\/\/logronopasion.com\/portal\/?p=4646"},"modified":"2016-03-14T23:59:29","modified_gmt":"2016-03-14T23:59:29","slug":"respuesta-unas-opiniones","status":"publish","type":"post","link":"https:\/\/www.logronopasion.com\/portal\/respuesta-unas-opiniones\/","title":{"rendered":"Respuesta a unas opiniones"},"content":{"rendered":"<p><span style=\"text-decoration: underline;\"><strong>Graves insultos a la Virgen Dolorosa de Pamplona<\/strong> <\/span><\/p>\n<p><img loading=\"lazy\" decoding=\"async\" class=\"aligncenter size-full wp-image-4649\" src=\"http:\/\/logronopasion.com\/portal\/wp-content\/uploads\/2016\/03\/Virgen-Dolorosa-Pamplona.jpg\" alt=\"Virgen Dolorosa Pamplona\" width=\"696\" height=\"376\" srcset=\"https:\/\/www.logronopasion.com\/portal\/wp-content\/uploads\/2016\/03\/Virgen-Dolorosa-Pamplona.jpg 696w, https:\/\/www.logronopasion.com\/portal\/wp-content\/uploads\/2016\/03\/Virgen-Dolorosa-Pamplona-300x162.jpg 300w\" sizes=\"auto, (max-width: 696px) 100vw, 696px\" \/><\/p>\n<p>Respuesta a D. Gaizka Garc\u00eda Marcoartu: He querido esperar y sosegar la respuesta aunque las ganas me indicaban haberlo hecho de otra manera y mucho antes.<\/p>\n<p>&nbsp;<\/p>\n<p>Soy componente de la Iglesia Cat\u00f3lica, comunidad cristiana que tiene dos mil a\u00f1os de antig\u00fcedad y que a d\u00eda de hoy, el n\u00famero de Cat\u00f3licos supera con creces 1.250 millones de personas (por algo ser\u00e1, digo yo), incluido su propio sobrino, bautizado y comulgado en la dicha fe.<\/p>\n<p>&nbsp;<\/p>\n<p>Entre tanta gente y en todos los estrados de esta comunidad, no me cabe la menor duda que hay de todo tipo de condici\u00f3n al igual que en el resto de las sociedades. Pederastas, ped\u00f3filos, machistas, hom\u00f3fobos, sinverg\u00fcenzas y otros, pero demostrado queda que en la Iglesia, en menor proporci\u00f3n que en nuestra misma sociedad espa\u00f1ola. Por lo tanto, en ese primer p\u00e1rrafo, ya carga mal las tintas que utiliza.<\/p>\n<p>&nbsp;<\/p>\n<p>Vuelve usted a errar, en el nuevo comentarios sobre riquezas, apropiaciones de inmuebles, fortunas en para\u00edsos fiscales, etc. \u2026.Le dejo varios link donde si tiene usted inter\u00e9s y quiere salir del error en que se encuentra, pueda hacerlo con total naturalidad, pues hay muchas personas que como usted, solo ha o\u00eddo, le\u00eddo e informado de manera sesgada e interesado en hacer creer de lo contrario.<\/p>\n<p>&nbsp;<\/p>\n<p>Lo de las lecciones de moral, pues puede usted que ah\u00ed lleve algo de raz\u00f3n. Puede ser que alguno del clero y algunas personas bautizadas, no puedan dar lecciones de moral y \u00e9tica pues son personas que utilizan la religi\u00f3n de manera particular y son cat\u00f3licos a media jornada. Y en ese grupo podemos incluir a muchas personas que bautizan a sus hijos por motivos que nada tienen que ver con la religi\u00f3n. Muchas personas llevan a sus hijos hacer la primera comuni\u00f3n por esos mismos motivos, pero que en ambos casos, esos hijos ya no vuelve a pisar una iglesia con seguridad hasta el d\u00eda de su funeral y mientras tanto se dedican a criticar y opinar sin conocimiento alguno, a un estamento al cual pertenecen por bautismo pero que no ejercen por all\u00e1 sus motivos\u2026<\/p>\n<p><img loading=\"lazy\" decoding=\"async\" class=\"aligncenter wp-image-4648\" src=\"http:\/\/logronopasion.com\/portal\/wp-content\/uploads\/2016\/03\/25331126391_4714d17d80_b.jpg\" alt=\"25331126391_4714d17d80_b\" width=\"750\" height=\"265\" srcset=\"https:\/\/www.logronopasion.com\/portal\/wp-content\/uploads\/2016\/03\/25331126391_4714d17d80_b.jpg 999w, https:\/\/www.logronopasion.com\/portal\/wp-content\/uploads\/2016\/03\/25331126391_4714d17d80_b-300x106.jpg 300w, https:\/\/www.logronopasion.com\/portal\/wp-content\/uploads\/2016\/03\/25331126391_4714d17d80_b-768x271.jpg 768w\" sizes=\"auto, (max-width: 750px) 100vw, 750px\" \/><\/p>\n<p>Y para dejar tambi\u00e9n claro que respeto su opini\u00f3n y creencia, me alegro que usted no se encuentre entre esas personas que habitualmente \u201cla buena Iglesia Cat\u00f3lica\u201d ayuda y socorre en sus necesidades, ya sean espirituales como econ\u00f3micas. Ahora mismo, tal y como le he dicho que pertenezco como laico a la Iglesia Cat\u00f3lica, voy a cumplir con una de las mejores obra de misericordia como es la de \u201cense\u00f1ar al que no sabe\u201d. Por favor tome buena nota, aunque reconozco que la informaci\u00f3n es completa y extensa:<\/p>\n<p>&nbsp;<\/p>\n<p><a href=\"http:\/\/www.outono.net\/elentir\/2016\/03\/02\/6-hechos-que-la-izquierda-se-empena-en-ocultarte-sobre-la-iglesia-catolica-y-el-ibi\/\">http:\/\/www.outono.net\/elentir\/2016\/03\/02\/6-hechos-que-la-izquierda-se-empena-en-ocultarte-sobre-la-iglesia-catolica-y-el-ibi\/<\/a><\/p>\n<p>&nbsp;<\/p>\n<p>1\u00ba. La Iglesia Cat\u00f3lica no es la \u00fanica confesi\u00f3n que tiene exenciones del IBI<\/p>\n<p>Aunque la izquierda intenta presentar dichas exenciones como un \u201cprivilegio\u201d de la Iglesia Cat\u00f3lica, no lo es.<strong> La Comisi\u00f3n Isl\u00e1mica de Espa\u00f1a (<\/strong><a href=\"http:\/\/www.boe.es\/aeboe\/consultas\/bases_datos\/doc.php?id=BOE-A-1992-24855\"><strong>Ley 26\/1992<\/strong><\/a><strong>), la Federaci\u00f3n de Comunidades Israelitas de Espa\u00f1a (<\/strong><a href=\"http:\/\/www.boe.es\/diario_boe\/txt.php?id=BOE-A-1992-24854\"><strong>Ley 25\/1992<\/strong><\/a><strong>) y la Federaci\u00f3n de Entidades Religiosas Evang\u00e9licas de Espa\u00f1a (<\/strong><a href=\"http:\/\/www.boe.es\/aeboe\/consultas\/bases_datos\/doc.php?id=BOE-A-1992-24853\"><strong>Ley 24\/1992<\/strong><\/a><strong>) tienen exenciones del IBI fijadas en dichas leyes.<\/strong> Adem\u00e1s, las citadas normas fueron aprobadas durante el gobierno socialista de Felipe Gonz\u00e1lez. Es decir, que <strong>esas leyes las aprob\u00f3 el mismo PSOE que ahora elude mencionar las exenciones a dichas confesiones<\/strong>, lo cual ya es el colmo, sobre todo teniendo en cuenta que <a href=\"http:\/\/www.larazon.es\/historico\/491-socialismo-antisocial-PLLA_RAZON_461446#.Ttt1lRJgkdGEXMf\">s\u00f3lo el 4,9% de los inmuebles exentos son propiedad de la Iglesia<\/a>.<\/p>\n<p>Teniendo en cuenta que no hay tantas mezquitas, sinagogas e iglesias evang\u00e9licas en Espa\u00f1a, \u00bfqui\u00e9n se beneficia de esa gran mayor\u00eda de las exenciones? Lo veremos m\u00e1s abajo. Por lo dem\u00e1s, <strong>discriminar a la Iglesia Cat\u00f3lica de dichas exenciones ser\u00eda un atentado directo contra el Art\u00edculo 14 de la Constituci\u00f3n<\/strong>, que establece que los espa\u00f1oles no podemos ser discriminados, entre otros motivos, por nuestras creencias religiosas.<\/p>\n<p>&nbsp;<\/p>\n<p>2\u00ba. La Iglesia Cat\u00f3lica no est\u00e1 exenta del IBI en todas sus propiedades<\/p>\n<p>Como en el caso de las dem\u00e1s confesiones religiosas,<strong> la Iglesia Cat\u00f3lica est\u00e1 exenta del pago del IBI en lugares de culto, oficinas anexas y centros de formaci\u00f3n de sus ministros.<\/strong> En los inmuebles dedicados a actividades con \u00e1nimo de lucro la Iglesia Cat\u00f3lica -y las dem\u00e1s confesiones- est\u00e1n obligadas a pagar el IBI como cualquier otro contribuyente.<\/p>\n<p>&nbsp;<\/p>\n<p>3\u00ba. Las fundaciones de los partidos tambi\u00e9n gozan de exenciones del IBI<\/p>\n<p>La <a href=\"https:\/\/www.boe.es\/buscar\/act.php?id=BOE-A-2002-25039\">Ley 49\/2002, o Ley de Mecenazgo<\/a>, es muy clara al respecto en su Art\u00edculo 15: <em>\u201c<strong>Estar\u00e1n exentos del Impuesto sobre Bienes Inmuebles los bienes de los que sean titulares, en los t\u00e9rminos previstos en la normativa reguladora de las Haciendas Locales, las entidades sin fines lucrativos<\/strong>, excepto los afectos a explotaciones econ\u00f3micas no exentas del Impuesto sobre Sociedades.\u201d<\/em> El Art\u00edculo 2 de dicha ley explica lo que se considera como entidades sin fines lucrativos:<\/p>\n<p><strong><em>Se consideran entidades sin fines lucrativos a efectos de esta Ley<\/em><\/strong><em>, siempre que cumplan los requisitos establecidos en el art\u00edculo siguiente: a) <strong>Las fundaciones.<\/strong> b) <strong>Las asociaciones declaradas de utilidad p\u00fablica.<\/strong> c) <strong>Las organizaciones no gubernamentales de desarrollo<\/strong> a que se refiere la Ley 23\/1998, de 7 de julio, de Cooperaci\u00f3n Internacional para el Desarrollo, siempre que tengan alguna de las formas jur\u00eddicas a que se refieren los p\u00e1rrafos anteriores. d)<strong> Las delegaciones de fundaciones extranjeras<\/strong> inscritas en el Registro de Fundaciones. e) <strong>Las federaciones deportivas espa\u00f1olas<\/strong>, las federaciones deportivas territoriales de \u00e1mbito auton\u00f3mico integradas en aqu\u00e9llas, el Comit\u00e9 Ol\u00edmpico Espa\u00f1ol y el Comit\u00e9 Paral\u00edmpico Espa\u00f1ol. f) <strong>Las federaciones y asociaciones de las entidades sin fines lucrativos <\/strong>a que se refieren los p\u00e1rrafos anteriores.<\/em><\/p>\n<p>En virtud de la norma se\u00f1alada, <strong>est\u00e1n exentas de pagar el IBI las fundaciones del PSOE<\/strong> (Fundaci\u00f3n Pablo Iglesias, Fundaci\u00f3n Sistema y Fundaci\u00f3n Ideas) <strong>y su organizaci\u00f3n feminista, la Federaci\u00f3n de Mujeres Progresistas<\/strong>, pues fue declarada de utilidad p\u00fablica el 12 de mayo de 1999. Dicho sea a las claras, por si alguien no se ha enterado: <strong>el PSOE pretende que sus fundaciones -que no tienen comedores sociales ni prestan ayuda a los pobres- tengan exenci\u00f3n y la Iglesia Cat\u00f3lica no.<\/strong> \u00bfEstar\u00e1 preparado para acoger a todas las personas que se benefician de las cuantiosas obras sociales que sostiene la Iglesia, o pretende dejarlas tiradas en la calle?<\/p>\n<p>&nbsp;<\/p>\n<p>4\u00ba. Los partidos pol\u00edticos tambi\u00e9n est\u00e1n exentos de pagar el IBI<\/p>\n<p>Me remito a lo que se\u00f1ala la <a href=\"https:\/\/www.boe.es\/buscar\/act.php?id=BOE-A-2007-13022\">Ley Org\u00e1nica 8\/2007, de 4 de julio, sobre financiaci\u00f3n de los partidos pol\u00edticos<\/a> en su Art\u00edculo 9.2: <em>\u201cEn lo no previsto en este t\u00edtulo <strong>se aplicar\u00e1n las normas tributarias generales y en particular, las previstas para las entidades sin fines lucrativos.<\/strong>\u201c<\/em> Las citadas normas para entidades sin fines lucrativos son las que se recogen en la Ley de Mecenazgo, que acabamos de ver. As\u00ed pues, <strong>el PSOE e IU est\u00e1n reclamando cobrar a la Iglesia Cat\u00f3lica un impuesto del que dichos partidos est\u00e1n exentos.<\/strong> Y ejemplos no faltan para acreditarlo:<\/p>\n<ul>\n<li>Durante el mandato de Zapatero, <a href=\"http:\/\/www.larazon.es\/historico\/5351-el-psoe-solicito-una-exencion-del-ibi-para-su-sede-de-ferraz-LLLA_RAZON_462779#.Ttt1EcasXlRAQ1d\">el PSOE pidi\u00f3 la exenci\u00f3n del IBI para su sede nacional<\/a>, solicitando a Hacienda un informe que result\u00f3 ser favorable a dicha petici\u00f3n.<\/li>\n<li>En la ciudad de Zamora <a href=\"http:\/\/www.laopiniondezamora.es\/zamora\/2012\/06\/01\/pp-pide-psoe-pague-ibi-sede-exigir-iglesia\/604295.html\">el PSOE lleg\u00f3 a solicitar la exenci\u00f3n del IBI incluso con car\u00e1cter retroactivo<\/a>. <a href=\"http:\/\/www.laquincena.es\/noticias\/ciempozuelos\/2012060226686\/psoe-ciempozuelos-paga-contribucion-sede\">Otro tanto hizo el PSOE en Ciempozuelos<\/a>, Madrid.<\/li>\n<li>En 2012, ante las peticiones de los socialistas para se le cobrase ilegalmente a la Iglesia el IBI en los casos en los que est\u00e1 exenta de pagarlo, se descubri\u00f3 que <a href=\"http:\/\/www.larazon.es\/noticia\/4654-cuestion-de-justicia-por-david-perez\">el PSOE no pagaba el IBI en sus sedes de Alcorc\u00f3n<\/a>, <a href=\"http:\/\/www.larazon.es\/historico\/1145-las-agrupaciones-del-psoe-no-pagan-el-ibi-que-exigen-a-la-iglesia-OLLA_RAZON_462226\">Majadahonda, Torrej\u00f3n de Ardoz<\/a>, <a href=\"http:\/\/www.libertaddigital.com\/sociedad\/2012-06-12\/el-psoe-de-getafe-no-paga-el-ibi-a-pesar-de-tener-una-academia-de-baile-en-su-sede-1276461121\/\">Getafe<\/a>, <a href=\"http:\/\/ppfuenlabrada.es\/el-psoe-de-fuenlabrada-no-paga-el-ibi-de-su-sede-desde-2011\/\">Fuenlabrada<\/a> y <a href=\"http:\/\/www.larazon.es\/historico\/3050-el-pp-hara-una-mocion-para-exigir-al-psoe-que-pague-el-ibi-de-sus-sedes-RLLA_RAZON_462506#.Ttt1Vlrw5MGt27j\">Legan\u00e9s (Madrid), Gerona y Casteldefels (Barcelona)<\/a>, entre otras.<\/li>\n<li>En la misma l\u00ednea que el PSOE, y mientras reclamaba a la Iglesia el pago del IBI por inmuebles legalmente exentos del mismo, se descubri\u00f3 que <a href=\"http:\/\/www.libertaddigital.com\/espana\/2014-05-08\/iu-intento-no-pagar-el-ibi-por-sus-sedes-mientras-denunciaba-que-la-iglesia-no-lo-paga-1276517932\/\">Izquierda Unida no pagaba el IBI de sus sedes de C\u00f3rdoba<\/a>, <a href=\"http:\/\/www.ideal.es\/almeria\/v\/20120601\/el-ejido\/sede-paga-aunque-desde-20120601.html\">El Ejido (Almer\u00eda)<\/a> y <a href=\"http:\/\/sanandrespress.es\/local\/ciudadanos-acusa-al-pce-iu-de-no-pagar-el-ibi-mientras-critica-a-la-iglesia-por-lo-mismo\/\">San Andr\u00e9s del Rabanedo (Le\u00f3n)<\/a>. <a href=\"http:\/\/www.libertaddigital.com\/espana\/2013-11-26\/el-pce-que-no-paga-el-ibi-en-almeria-senalo-a-la-iglesia-por-estar-exenta-1276505105\/\">Tampoco lo pagaban dos inmuebles del PCE en Almer\u00eda<\/a>.5\u00ba. La izquierda no hizo campa\u00f1a sobre el IBI de la SGAE, el Palace y el Ritz<\/li>\n<li>Adem\u00e1s de las exenciones ya se\u00f1aladas que figuran en la Ley de Mecenazgo y en la Ley de financiaci\u00f3n de partidos pol\u00edticos, <a href=\"https:\/\/www.boe.es\/buscar\/act.php?id=BOE-A-2004-4214\">el Art\u00edculo 62 de la Ley Reguladora de las Haciendas Locales<\/a> se\u00f1ala que <strong>tambi\u00e9n est\u00e1n exentos de pagar el IBI, entre otros:<\/strong><\/li>\n<li><\/li>\n<\/ul>\n<ul>\n<li>Los edificios propiedad del Estado, de las Comunidades Aut\u00f3nomas y de las entidades locales, lo que incluye a <strong>ministerios, colegios y universidades p\u00fablicas<\/strong>, etc.<\/li>\n<li>Los inmuebles de la <strong>Cruz Roja Espa\u00f1ola.<\/strong><\/li>\n<li>Los inmuebles de <strong>representaciones diplom\u00e1ticas o consulares.<\/strong><\/li>\n<li>Previa solicitud, <strong>los colegios concertados.<\/strong><\/li>\n<li>Los declarados expresa e individualizadamente como <strong>monumentos hist\u00f3ricos de inter\u00e9s cultural<\/strong>, motivo por el que algunos ayuntamientos, como el de Madrid, <strong>llegaron a estar exentos del 80% del IBI al edificio hist\u00f3rico de la Telef\u00f3nica en la Gran V\u00eda, la sede de la SGAE o a los lujosos hoteles Ritz y Palace.<\/strong> \u00a0Se da, adem\u00e1s, otra paradoja: aunque las centrales sindicales s\u00ed que pagan el IBI por los inmuebles de su propiedad, <strong>muchas sedes de sindicatos <\/strong><a href=\"http:\/\/www.empleo.gob.es\/es\/informacion\/patrimonio\/\"><strong>son cedidas por el Estado<\/strong><\/a><strong> y por tanto los sindicatos no pagan ese IBI.<\/strong> Es lo que <a href=\"http:\/\/www.larazon.es\/historico\/5447-los-sindicatos-se-jactan-de-abonar-el-ibi-pero-la-mayoria-se-lo-paga-el-estado-FLLA_RAZON_461927#.Ttt13qsreBwYXpc\">ocurre, por ejemplo, con varias sedes de UGT y CCOO en Madrid<\/a>. Si tienes curiosidad por ver la cantidad de sedes sindicales que se benefician de esta situaci\u00f3n, <a href=\"http:\/\/transparencia.gob.es\/servicios-buscador\/contenido\/cibi.htm?id=CIBI_DPTOE04921501&amp;lang=eu\">tienes aqu\u00ed el lista completa<\/a> (impresa en PDF ocupa 39 p\u00e1ginas). Hay que se\u00f1alar, adem\u00e1s, que seg\u00fan el Art\u00edculo 5 de la <a href=\"https:\/\/www.boe.es\/diario_boe\/txt.php?id=BOE-A-1986-905\">Ley 4\/1986, de 8 de enero, de cesi\u00f3n de bienes del Patrimonio Sindical Acumulado<\/a>, <strong>la cesi\u00f3n es gratuita, por lo que los sindicatos, adem\u00e1s de no pagar el IBI, no pagan ning\u00fan alquiler al Estado<\/strong>, asumiendo s\u00f3lo los gastos derivados del uso y mantenimiento de dichos locales. <strong>\u00bfHab\u00e9is visto alguna campa\u00f1a de la izquierda denunciando esto? Yo tampoco.<\/strong> Y eso que dichos sindicatos tampoco tienen comedores sociales, ni casas de acogida para ancianos, enfermos o indigentes, ni tienen nada que se acerque ni remotamente a las obras sociales que impulsa la Iglesia en Espa\u00f1a (<a href=\"http:\/\/www.outono.net\/elentir\/2011\/05\/09\/la-ayuda-de-la-iglesia-al-estado-que-calla-el-lobby-cristianofobico\/\">una labor social cat\u00f3lica que ahorra miles de millones de euros al Estado<\/a>).<\/li>\n<li>Otro de los bulos m\u00e1s repetidos por los medios progres, es el que asegura que la Iglesia Cat\u00f3lica recibe al a\u00f1o 10.000 millones de euros de las arcas p\u00fablicas. <strong>A diferencia de otros bulos, \u00e9ste tiene autores conocidos y f\u00e1ciles de identificar.<\/strong><\/li>\n<li>6\u00ba. Las exenciones de las que se benefician los sindicatos<\/li>\n<li>A pesar de ello, la izquierda no hizo campa\u00f1a alguna para que el Ritz, el Palace o la SGAE pagasen \u00edntegro el IBI por dichas sedes. Toda su artiller\u00eda la centra en la Iglesia Cat\u00f3lica. <strong>\u00bfSer\u00e1 que la izquierda cree que atienden a m\u00e1s pobres en la SGAE, en el Palace o en el Ritz que en las iglesias?<\/strong><\/li>\n<\/ul>\n<p>&nbsp;<\/p>\n<p>Sobre las ayudas del Estado a la Iglesia Cat\u00f3lica, <em>\u201cSeg\u00fan los c\u00e1lculos de Europa Laica, son \u201cunas cifras cercanas a los 10.000 millones de euros\u201d cada a\u00f1o.\u201d<\/em> <strong>Seguro que recordar\u00e9is a Juan G. Bedoya porque<\/strong> <a href=\"http:\/\/www.outono.net\/elentir\/2009\/04\/24\/si-te-consideras-en-2009-eres-un-integrista\/\">en 2009 acus\u00f3 a la Iglesia de contar los a\u00f1os desde el nacimiento de Cristo<\/a> (cosa que hace la mayor parte del mundo, incluido el diario El Pa\u00eds). Este mismo a\u00f1o <a href=\"http:\/\/www.outono.net\/elentir\/2012\/03\/20\/la-conferencia-episcopal-desmonta-las-mentiras-del-periodico-el-pais\/\">Bedoya fue el autor de otro bulo publicado por El Pa\u00eds y que este diario se neg\u00f3 a rectificar<\/a>, ocultando una carta de la Conferencia Episcopal que desmontaba las mentiras publicadas por Bedoya, precisamente, sobre la financiaci\u00f3n de la Iglesia.<\/p>\n<p>&nbsp;<\/p>\n<p>Hay que decir que aquella primera intentona de Europa Laica por colar ese bulo no tuvo mucho \u00e9xito, as\u00ed que volvieron a la carga con <a href=\"http:\/\/www.laicismo.org\/data\/docs\/archivo_290.pdf\">una nota de prensa publicada en abril de 2011<\/a>. Esta vez la cosa tampoco tuvo mucho eco -pues Europa Laica no ofrec\u00eda el detalle en el que basaba ese c\u00e1lculo, lo cual lo hac\u00eda poco cre\u00edble-, as\u00ed que el 9 de mayo de 2011<strong> Jes\u00fas Bastante<\/strong> -un tipo que <a href=\"http:\/\/www.outono.net\/elentir\/2009\/10\/31\/el-diario-de-roures-pone-en-portada-un-bulo-ya-desmentido\/\">lleg\u00f3 a publicar un bulo en la portada del diario P\u00fablico<\/a>&#8211; le dedic\u00f3 una noticia en dicho peri\u00f3dico bajo el siguiente t\u00edtulo: <a href=\"http:\/\/www.publico.es\/espana\/375058\/la-iglesia-recibe-al-ano-10-000-millones-de-las-arcas-publicas\"><em>\u201cLa Iglesia recibe al a\u00f1o 10.000 millones de las arcas p\u00fablicas\u201d<\/em><\/a>. <strong>En la noticia firmada por Bastante se daba por primera vez el desglose de esa cifra\u2026 y quedaba al descubierto el monumental enga\u00f1o.<\/strong> A pesar de ello, los laicistas han repetido aquel titular, enlazando la noticia por doquier y sin pararse siquiera a mirar el enorme disparate que estaban difundiendo.<\/p>\n<p><strong>\u00a0<\/strong><\/p>\n<p><strong>El bulo de los 10.000 millones, refutado punto por punto<\/strong><\/p>\n<p>A continuaci\u00f3n veremos el desglose y la refutaci\u00f3n de cada uno de los disparates que public\u00f3 Jes\u00fas Bastante para justificar dicha cifra de 10.000 millones de euros:<\/p>\n<p><em>\u00a0<\/em><\/p>\n<p><em>\u201c<\/em><strong><em>249 millones: Asignaci\u00f3n IRPF<\/em><\/strong><em> <em>La Iglesia destina la asignaci\u00f3n del IRPF \u00edntegra a la financiaci\u00f3n del culto y el clero.\u201d<\/em><\/em><\/p>\n<p>En el IRPF de 2010 la Iglesia Cat\u00f3lica <a href=\"http:\/\/www.lne.es\/sociedad-cultura\/2011\/02\/16\/aumentan-declaraciones-irpf-favor-iglesia-baja-recaudacion\/1034239.html\">recibi\u00f3<\/a> 249.456.822 euros a trav\u00e9s del IRPF, s\u00ed, pero <strong>porque as\u00ed lo decidimos 7.260.138 contribuyentes, no el Estado<\/strong>. El dinero no sali\u00f3 de las arcas p\u00fablicas, sino de nuestros bolsillos porque lo elegimos libremente. Una libertad que no tenemos, por ejemplo, para impedir que nuestros impuestos vayan a parar a <a href=\"http:\/\/www.outono.net\/elentir\/2010\/01\/14\/\u00bfsubvencionarian-al-ku-klux-klan-para-luchar-contra-el-racismo\/\">Europa Laica, que s\u00ed recibe subvenciones directas del Estado<\/a>.<\/p>\n<p><em>\u00a0<\/em><\/p>\n<p><em>\u201c<\/em><strong><em>80 millones: \u201cOtros fines\u201d<\/em><\/strong><em> <em>Es la parte que recibe de la casilla \u201cotros fines\u201d del IRPF. Va a diferentes proyectos de instituciones cat\u00f3licas.\u201d<\/em><\/em><\/p>\n<p>Hay que decir <strong>el dinero de la casilla de \u201cfines sociales\u201d (no \u201cotros fines\u201d) del IRPF lo reciben ONGs de todo tipo, no s\u00f3lo ONGs cat\u00f3licas, por llevar a cabo labores sociales que redundan en beneficio de todos, no por sus creencias o su forma de pensar<\/strong>. Obvia decir que computar la parte de ese dinero que reciben ONGs cat\u00f3licas como ayuda del Estado a la Iglesia Cat\u00f3lica es una burda manipulaci\u00f3n. <strong>Es como decir que si el Estado da una subvenci\u00f3n a un empresario cat\u00f3lico ese dinero ha de computarse como ayuda a la Iglesia Cat\u00f3lica. Absurdo.<\/strong><\/p>\n<p><em>\u00a0<\/em><\/p>\n<p><em>\u201c<\/em><strong><em>1.000 millones: Sin impuestos<\/em><\/strong><em> <em>Es el ahorro por la exenci\u00f3n del pago de impuestos como el del IBI o el de patrimonio.\u201d<\/em><\/em><\/p>\n<p>Para empezar, <strong>catalogar una exenci\u00f3n fiscal como una ayuda del Estado es una enorme burrada<\/strong>. Que uno est\u00e9 exento de pagar un impuesto no significa que reciba del Estado una ayuda equivalente al dinero que uno deja de pagar: simplemente el Estado deja de quitarte algo que es tuyo. <strong>Si aplic\u00e1semos la misma regla de tres de Europa Laica a otros casos, \u00bfdeber\u00edamos deducir que un ladr\u00f3n que se decide a no robarnos nos est\u00e1 otorgando una ayuda?<\/strong> Por otra parte, Europa Laica demuestra una enorme ignorancia de la ley o una tremenda mala fe al ocultar que el <a href=\"http:\/\/noticias.juridicas.com\/base_datos\/Fiscal\/l49-2002.t2.html#c3\">Art\u00edculo 15 de la Ley 49\/2002<\/a> dice lo siguiente sobre las exenciones del IBI: <em>\u201c<\/em><strong><em>Estar\u00e1n exentos del Impuesto sobre Bienes Inmuebles<\/em><\/strong><em> los bienes de los que sean titulares, en los t\u00e9rminos previstos en la normativa reguladora de las Haciendas Locales, <\/em><strong><em>las entidades sin fines lucrativos<\/em><\/strong><em>, excepto los afectos a explotaciones econ\u00f3micas no exentas del Impuesto sobre Sociedades.\u201d<\/em> La Iglesia Cat\u00f3lica es una entidad que no tiene fines lucrativos. No es una empresa. <strong>Si lo que pretende Europa Laica es crear un estado de excepci\u00f3n para los cat\u00f3licos, habr\u00e1 que recordarle que la discriminaci\u00f3n legal por motivos de religi\u00f3n atenta contra el Art.14 de la Constituci\u00f3n Espa\u00f1ola.<\/strong><\/p>\n<p><em>\u00a0<\/em><\/p>\n<p><em>\u201c<\/em><strong><em>4.600 millones: Profesores y conciertos<\/em><\/strong><em> <em>Recibe del Estado para pagar a los 16.000 profesores de religi\u00f3n de los colegios p\u00fablicos y financiar centros concertados.\u201d<\/em><\/em><\/p>\n<p>Nuevo enga\u00f1o, como el cometido por Europa Laica en el caso de las ONGs. <strong>El dinero que el Estado dedica a pagar a los profesores de religi\u00f3n no es una ayuda a la Iglesia Cat\u00f3lica, sino que es una prestaci\u00f3n a las familias derivada del derecho amparado por el Art.27.3 de la Constituci\u00f3n:<\/strong> <em>\u201cLos poderes p\u00fablicos garantizan el derecho que asiste a los padres para que sus hijos reciban la formaci\u00f3n religiosa y moral que est\u00e9 de acuerdo con sus propias convicciones.\u201d<\/em> En cuanto al dinero que reciben los colegios concertados, ocurre lo mismo: <strong>un colegio concertado cat\u00f3lico no recibe dinero del Estado por ser cat\u00f3lico, sino por ser colegio y cumplir determinados requisitos legales, igual que reciben ese dinero otros colegios concertados no cat\u00f3licos<\/strong>. Ese dinero no es una ayuda a la Iglesia Cat\u00f3lica, sino una prestaci\u00f3n a las familias derivadas del Art.27.1 de la Constituci\u00f3n: <em>\u201cTodos tienen el derecho a la educaci\u00f3n. Se reconoce la libertad de ense\u00f1anza.\u201d<\/em> Nuevamente, si <strong>Europa Laica pretende que se discrimine a ciertos colegios a la hora de otorgar conciertos por el mero hecho de ser cat\u00f3licos<\/strong>, hay que recordarle que eso atenta contra el Art.14 de la Constituci\u00f3n. Y hay que recordarle tambi\u00e9n que <strong>millones de contribuyentes espa\u00f1oles somos cat\u00f3licos<\/strong>. \u00bfO es que se han cre\u00eddo que s\u00f3lo una minor\u00eda de laicistas radicales paga impuestos, y que por ello hemos de otorgarles la autoridad para decidir qu\u00e9 hacer con nuestro dinero?<\/p>\n<p>Pero a\u00fan hay m\u00e1s: la <a href=\"http:\/\/www.portantos.com\/dmdocuments\/Memoria2008.pdf\">Memoria Justificativa de Actividades de 2008<\/a> de la Conferencia Episcopal indicaba, por ejemplo, que <strong>los colegios concertados cat\u00f3licos suponen un ahorro al Estado de 4.148 millones de euros<\/strong>. <a href=\"http:\/\/www.portantos.com\/dmdocuments\/FINANCIACION_IGLESIA.pdf\">Un documento publicado por la CEE en julio de 2008<\/a> indicaba que <em>\u201cseg\u00fan datos del propio Ministerio de Educaci\u00f3n, una plaza en un centro p\u00fablico tiene un coste anual de 3.518 \u20ac. Por su parte, en un centro concertado esa misma plaza cuesta al erario p\u00fablico \u00fanicamente 1.841 \u20ac\u201c<\/em>. Es decir, <strong>la ense\u00f1anza concertada le ahorra dinero al Estado, es decir, a todos los contribuyentes<\/strong>. Pero esto se lo calla Europa Laica.<\/p>\n<p><em>\u00a0<\/em><\/p>\n<p><em>\u201c<\/em><strong><em>3.200 millones: Atenci\u00f3n sanitaria<\/em><\/strong><em> <em>Para financiar tanto dispensarios y centros para transe\u00fantes, como hospitales y centros de salud dirigidos por \u00f3rdenes religiosas.\u201d<\/em><\/em><\/p>\n<p>Igual que en el caso de los colegios y de las ONGs, <strong>Europa Laica vuelve a cometer un enga\u00f1o al computar como ayudas a la Iglesia Cat\u00f3lica unas subvenciones que se dan a ciertos hospitales por el servicio social que prestan, igual que se conceden a otros hospitales no cat\u00f3licos<\/strong>. Es m\u00e1s: <a href=\"http:\/\/www.outono.net\/elentir\/2011\/05\/09\/la-ayuda-de-la-iglesia-al-estado-que-calla-el-lobby-cristianofobico\/\">la labor que hacen las ONGs, los colegios y los hospitales cat\u00f3licos ahorra un dineral al Estado<\/a>, y de hecho, en la mayor\u00eda de los casos, al Estado le sale m\u00e1s barato subvencionar iniciativas sociales que ya hacen un servicio a toda la comunidad que crear servicios p\u00fablicos equivalentes pero m\u00e1s costosos. A modo de ejemplo, <a href=\"http:\/\/www.fluvium.org\/textos\/cultura\/cul165.htm\">en 2004 el prestigioso economista Jos\u00e9 Barea public\u00f3 un estudio<\/a> que apuntaba que <strong>el Estado se ahorra 5.350 millones de euros gracias a los hospitales cat\u00f3licos y 4.016 millones gracias a otros centros sociales cat\u00f3licos<\/strong>. \u00bfPor qu\u00e9 Europa Laica se calla esto? \u00bfSer\u00e1 porque prefiere que los contribuyentes paguemos m\u00e1s impuestos con tal de alcanzar su prop\u00f3sito de catalogar a los cat\u00f3licos como ciudadanos de segunda?<\/p>\n<p><em>\u00a0<\/em><\/p>\n<p><em>\u201c<\/em><strong><em>25 millones para funcionarios<\/em><\/strong><em> <em>Le entrega el estado para el pago del sueldo de los religiosos que ejercen como capellanes en c\u00e1rceles y cuarteles.\u201d<\/em><\/em><\/p>\n<p>Lo que Europa Laica no dice es que <a href=\"http:\/\/www.boe.es\/boe\/dias\/2009\/03\/12\/pdfs\/BOE-A-2009-4166.pdf\">los capellanes castrenses cubren sus plazas por oposici\u00f3n<\/a>, como los dem\u00e1s funcionarios, que durante el desempe\u00f1o de su servicio se hallan sujetos a la normativa militar, y que el dinero que se destina a <strong>su manutenci\u00f3n se justifica por la asistencia religiosa que prestan a los miembros de las Fuerzas Armadas all\u00ed donde est\u00e9n destinados<\/strong>, incluso en misiones de combate. Que Europa Laica exija eliminar ese servicio porque odia la religi\u00f3n es como si los Testigos de Jehov\u00e1 reclamasen que el Ej\u00e9rcito prohibiese las transfusiones de sangre, o como si los musulmanes reclamasen que nuestras Fuerzas Armadas vetasen la carne de cerdo. En cuanto a la estimaci\u00f3n que hace Europa Laica del dinero destinado a esos servicios religiosos por parte de las Fuerzas Armadas, me remito a <a href=\"http:\/\/www.laicismo.org\/detalle.php?tg=293&amp;pg=1&amp;pk=1065\">lo que public\u00f3 esa organizaci\u00f3n laicista en su web en agosto de 2010<\/a>: <em>\u201cNo es posible tener acceso a datos globales y fehacientes sobre el dinero p\u00fablico dedicado al servicio y atenci\u00f3n religiosa de las Fuerzas Armadas en los Presupuestos Generales del Estado (Ministerio de Defensa\u2026).\u201d<\/em> <strong>\u00bfPuede explicar entonces Europa Laica de d\u00f3nde sac\u00f3 esa cifra, que en su web se califica como inaccesible?<\/strong> \u00bfQuiz\u00e1s se la ha inventado?<\/p>\n<p><em>\u00a0<\/em><\/p>\n<p><em>\u201c<\/em><strong><em>500 millones: Monumentos<\/em><\/strong><em> <em>Es el dinero que recibe para financiar las labores de conservaci\u00f3n del patrimonio art\u00edstico propiedad de la Iglesia\u201d<\/em><\/em><\/p>\n<p>Volvemos al mismo caso que con las ONGs, los colegios y los hospitales. <strong>El Estado subvenciona la conservaci\u00f3n de ciertos monumentos no en funci\u00f3n de su titularidad, sino por ser parte de nuestro patrimonio art\u00edstico<\/strong>. Buena parte de ese patrimonio es propiedad de la Iglesia Cat\u00f3lica, igual que hay monumentos que son propiedad de particulares o de otras instituciones. <strong>Si Europa Laica pretende que se discrimine de las ayudas p\u00fablicas al patrimonio art\u00edstico a ciertos monumentos por el mero hecho de ser cat\u00f3licos, lo que est\u00e1 sugiriendo es que se viole el Art.14 de la Constituci\u00f3n.<\/strong><\/p>\n<p><em>\u00a0<\/em><\/p>\n<p><em>\u201c<\/em><strong><em>290 millones: Eventos locales<\/em><\/strong><em> <em>Subvenciones para abonar los gastos de eventos religiosos y asociaciones de \u00e1mbito local\u201d<\/em><\/em><\/p>\n<p>Desconozco qu\u00e9 entiende Europa Laica por \u201ceventos religiosos\u201d y \u201casociaciones de \u00e1mbito local\u201d, pero <strong>si reciben ayudas p\u00fablicas eventos como el desfile del \u201corgullo gay\u201d, \u00bfqu\u00e9 motivo hay para discriminar a los eventos cat\u00f3licos?<\/strong> Por otra parte, me permito cuestionar ese c\u00f3mputo. La mayor parte de las fiestas populares de Espa\u00f1a tienen una ra\u00edz religiosa pero poseen tambi\u00e9n una dimensi\u00f3n profana muy importante.<strong> \u00bfQu\u00e9 parte de esas fiestas ha incluido Europa Laica en ese saco? \u00bfDe qu\u00e9 tipo de asociaciones locales habla, y en funci\u00f3n de qu\u00e9 reciben ayudas dichas asociaciones?<\/strong> En vista de las descaradas manipulaciones que hemos visto antes, y de la enorme mentira que veremos a continuaci\u00f3n, esa cifra no explicada ni detallada ya no me merece credibilidad alguna.<\/p>\n<p><em>\u00a0<\/em><\/p>\n<p><em>\u201c<\/em><strong><em>60 millones: Jornada de la juventud<\/em><\/strong><em> <em>Es el dinero que, seg\u00fan las previsiones, costar\u00eda al erario p\u00fablico las Jornadas de la Juventud que se celebraron ese verano en Madrid.\u201d<\/em><\/em><\/p>\n<p><strong>Esto ya es el colmo de la mentira.<\/strong> Para empezar, la cifra no era de 60 millones, sino de 50, y <a href=\"http:\/\/infocatolica.com\/?t=noticia&amp;cod=9652\">fueron financiados \u00edntegramente por los propios peregrinos y por empresas privadas<\/a>. Esto se ha repetido por activa y por pasiva, pero Europa Laica ha seguido difundiendo ese embuste. Hay que decir, adem\u00e1s, que <a href=\"http:\/\/www.elmundo.es\/elmundo\/2011\/08\/21\/madrid\/1313933948.html\">la JMJ dej\u00f3 160 millones de euros en beneficios en hosteler\u00eda, transportes y comercios<\/a>, lo que redunda en m\u00e1s ingresos -v\u00eda impuestos- para el Estado a pesar de que ese evento tuvo un coste cero para el contribuyente. Que a pesar de ello Europa Laica insista en esta trola ya es el colmo de la cara dura.<\/p>\n<p><strong>Los propios medios progres ya no se ponen de acuerdo en sus bulos<\/strong><\/p>\n<p>Hay que decir que en su af\u00e1n de difundir bulos tan inconsistentes como el que acabamos de ver, los propios medios laicistas ya se hacen un l\u00edo. Veamos un ejemplo: <strong>En 2008 El Plural, <\/strong><a href=\"http:\/\/goo.gl\/sEiMV\"><strong>situaba la cifra en 5.000 millones<\/strong><\/a>, es decir, la mitad de lo que cifraba el bulo lanzado por Europa Laica y difundido por El Pa\u00eds y P\u00fablico. \u00bfDir\u00e1n que antes de la crisis el Estado daba menos a la Iglesia, y que en plena recesi\u00f3n a ZP le dio un telele y lanz\u00f3 una lluvia de millones sobre los Obispos?<\/p>\n<p>A su vez, <strong>en enero de 2010 <\/strong><a href=\"http:\/\/www.publico.es\/espana\/284410\/mas-de-6-000-millones-de-euros-para-financiar-la-iglesia-catolica\"><strong>P\u00fablico dec\u00eda<\/strong><\/a><strong> que la Iglesia Cat\u00f3lica recib\u00eda al a\u00f1o 6.000 millones de euros del Estado<\/strong>. Un a\u00f1o despu\u00e9s, como hemos visto, <a href=\"http:\/\/www.publico.es\/espana\/375058\/la-iglesia-recibe-al-ano-10-000-millones-de-las-arcas-publicas\">aument\u00f3 por arte de magia<\/a> esa cifra a 10.000 millones. Pero el baile de cifras en el diario de Mediapubli no se hab\u00eda acabado: <strong>al mes siguiente de difundir el bulo de los 10.000 millones, <\/strong><a href=\"http:\/\/www.publico.es\/agencias\/efe\/379397\/la-iglesia-catolica-le-cuesta-al-estado-mas-de-7-000-millones-de-euros-anuales-segun-un-estudio\"><strong>P\u00fablico titulaba<\/strong><\/a><strong> que la Iglesia recib\u00eda 7.000 millones del Estado<\/strong>. Total, \u00bfqu\u00e9 son 3.000 milloncejos de euros, es decir, medio bill\u00f3n (con be de burro) de pesetas? Una nader\u00eda de \u00e9sas que no importan en los balances contables, claro\u2026 <strong>En enero de 2012 un columnista de P\u00fablico <\/strong><a href=\"http:\/\/goo.gl\/rssPH\"><strong>rebajaba la cifra apelando a su propio peri\u00f3dico<\/strong><\/a><strong> (ya me cuesta contener la risa); lean, lean:<\/strong><\/p>\n<p><em>\u201cSeg\u00fan datos enteramente fiables, y que pueden consultarse de modo exhaustivo en las hemerotecas de los diarios P\u00fablico y El Pa\u00eds, <\/em><strong><em>la Iglesia Cat\u00f3lica recibe anualmente del Estado 6.500 millones de euros<\/em><\/strong><em>.\u201d<\/em><\/p>\n<p>Pero por si alguien no se hab\u00eda re\u00eddo bastante con esta ceremonia de la confusi\u00f3n, <strong>hace dos semanas otro columnista de P\u00fablico <\/strong><a href=\"http:\/\/goo.gl\/rLNqA\"><strong>elevaba otra vez la cifra<\/strong><\/a><strong> hasta los 11.000 millones<\/strong>, y lo hac\u00eda enlazando, eso s\u00ed, la noticia que hablaba de los 10.000 (ser\u00e1 que una cifra tan redonda le pareci\u00f3 poco y decidi\u00f3 a\u00f1adirle por su cuenta 1.000 milloncejos m\u00e1s, as\u00ed, como de propina).<\/p>\n<p>Vuelven a la carga contra su chivo expiatorio favorito al decir que la Iglesia recibe del Estado esos 10.000 millones de euros al a\u00f1o, y a\u00f1ade lo siguiente: <em>\u201cAlgunos estudios de pr\u00f3xima publicaci\u00f3n concluyen adem\u00e1s que anulando las subvenciones a la Iglesia no ser\u00eda necesaria la ampliaci\u00f3n de la jubilaci\u00f3n a los 67 a\u00f1os.\u201d<\/em> Seg\u00fan Bastante, esas ayudas a la Iglesia le cuestan 200 euros a cada espa\u00f1ol anualmente. Eso s\u00ed, <strong>don Jes\u00fas se encarga de destrozar esa estad\u00edstica<\/strong> al incluir en la media la asignaci\u00f3n a la Iglesia Cat\u00f3lica en el IRPF, una asignaci\u00f3n voluntaria que s\u00f3lo marcamos aquellos que libremente queremos destinar una parte de nuestros impuestos a la Iglesia. Se trata de <strong>una libertad que no tenemos, por ejemplo, para decidir si queremos que nuestros impuestos vayan a partidos pol\u00edticos y sindicatos<\/strong> a los que no votamos y en los que no militamos, y cuya aportaci\u00f3n a la sociedad es m\u00e1s que discutible.<br \/>\n<strong>La Iglesia ahorra al Estado 4.148 millones de euros en educaci\u00f3n<\/strong><\/p>\n<p><strong>Lo que no cuenta el Lobby cristianof\u00f3bico es lo que la Iglesia aporta al Estado y a la sociedad.<\/strong> La <a href=\"http:\/\/www.portantos.com\/dmdocuments\/Memoria2008.pdf\">Memoria Justificativa de Actividades de 2008<\/a> publicada por la Conferencia Episcopal indica, por ejemplo, que son <strong>4.148 millones de euros de ahorro al Estado ya s\u00f3lo en educaci\u00f3n<\/strong>. <a href=\"http:\/\/www.portantos.com\/dmdocuments\/FINANCIACION_IGLESIA.pdf\">Un documento publicado por la CEE en julio de 2008<\/a> indicaba lo siguiente: <em>\u201cSeg\u00fan datos del propio Ministerio de Educaci\u00f3n, <\/em><strong><em>una plaza en un centro p\u00fablico tiene un coste anual de 3.518 \u20ac<\/em><\/strong><em>. Por su parte,<\/em><strong><em> en un centro concertado esa misma plaza cuesta al erario p\u00fablico \u00fanicamente 1.841 \u20ac<\/em><\/strong><em>\u201c<\/em>. Un total de 1.370.151 alumnos reciben su educaci\u00f3n en colegios cat\u00f3licos. Los padres de esos ni\u00f1os pagan impuestos igual que todos, pero por una cuesti\u00f3n de ideolog\u00eda la izquierda lleva mal que elijan la ense\u00f1anza cat\u00f3lica, aunque le resulte m\u00e1s barata al Estado. De ah\u00ed campa\u00f1itas como la desatada por P\u00fablico y Europa Laica.<\/p>\n<p><strong>\u00a0<\/strong><\/p>\n<p><strong>El Estado se ahorra 31.186 millones de euros gracias a la Iglesia<\/strong><\/p>\n<p>La propia Conferencia Episcopal no se atreve a dar cifras sobre el ahorro que suponen al Estado las obras sociales cat\u00f3licas. S\u00ed que hay algunos estudios que apuntan cifras concretas. En noviembre de 2004 <a href=\"http:\/\/www.fluvium.org\/textos\/cultura\/cul165.htm\">el prestigioso economista Jos\u00e9 Barea cifr\u00f3 en m\u00e1s de 31.186 millones de euros (cerca de 5,19 billones de pesetas) el dinero que la Iglesia ahorra al Estado<\/a>. En aquel estudio se precisaba que el Estado se ahorra 5.350 millones de euros gracias a los hospitales cat\u00f3licos y 4.016 millones gracias a otros centros sociales atendidos por la Iglesia. La citada <a href=\"http:\/\/www.portantos.com\/dmdocuments\/Memoria2008.pdf\">Memoria de 2008<\/a> de la CEE se\u00f1ala que<strong> las ONGs cat\u00f3licas, C\u00e1ritas y Manos Unidas atendieron a 2.764.719 personas en sus 4.459 centros<\/strong>. Tres a\u00f1os despu\u00e9s, y con el aumento del paro y de la miseria que ha supuesto la crisis, podemos hacernos una idea de lo que habr\u00e1 aumentado esa cifra: ahora hay <strong>en Espa\u00f1a 2,7 millones de parados m\u00e1s de los que hab\u00eda en 2014, muchos de ellos atendidos y alimentados por las obras sociales cat\u00f3licas<\/strong>.<\/p>\n<p><strong>\u00a0<\/strong><\/p>\n<p><strong>Si la Iglesia no prestase esa labor, se tendr\u00edan que subir los impuestos<\/strong><\/p>\n<p>Esta labor de la Iglesia cuenta con el reconocimiento de la sociedad: <a href=\"http:\/\/www.conferenciaepiscopal.es\/index.php\/sala-de-prensa\/nota-prensa-2011\/1850-el-numero-de-declaraciones-a-favor-de-la-iglesia-catolica-vuelve-a-aumentar-en-2010.html\">a\u00f1o tras a\u00f1o aumentan las personas que marcan la casilla de la Iglesia en el IRPF<\/a>. De esta asignaci\u00f3n salimos beneficiados todos. Como se\u00f1alaba el profesor Barea en el mencionado estudio, <em><strong>\u201csi la Iglesia no prestase sus servicios, tendr\u00edan que aumentarse los impuestos.<\/strong> El beneficio es doble: para los beneficiados y para los contribuyentes\u201d.<\/em> As\u00ed que <strong>la supresi\u00f3n de esas partidas<\/strong> que sugiere Jes\u00fas Bastante en P\u00fablico no s\u00f3lo no tendr\u00eda el efecto que \u00e9l se\u00f1ala sobre las pensiones, sino que m\u00e1s bien <strong>pondr\u00eda en a\u00fan m\u00e1s aprietos no s\u00f3lo a las pensiones, sino tambi\u00e9n a otras prestaciones p\u00fablicas<\/strong>, al tener que asumir el Estado una enorme labor social que la Iglesia lleva a cabo a un coste mucho menor del que supondr\u00eda que la asumieran funcionarios o personas contratadas a precios de mercado.<\/p>\n<p><strong>\u00a0<\/strong><\/p>\n<p><strong>Europa Laica, financiada con los impuestos de todos<\/strong><\/p>\n<p>Hay que decir que el n\u00famero de personas que marcan la casilla de la Iglesia en el IRPF aumenta a\u00f1o tras a\u00f1o a pesar de <a href=\"http:\/\/www.laicismo.org\/europa_laica\/destacados\/en_el_irpf_no_marques_ninguna_casilla.html\">las campa\u00f1as de Europa Laica para que no se marque ninguna casilla<\/a>, ni la de la Iglesia ni la de fines sociales.<\/p>\n<p>&nbsp;<\/p>\n<p>Curiosamente, <strong>a lo que no nos podemos negar los contribuyentes es a financiar a Europa Laica<\/strong>. En diciembre de 2006 esa min\u00fascula entidad, que no atiende ni a enfermos ni a pobres ni a ancianos, <a href=\"http:\/\/www.libertaddigital.com\/documentos\/subvenciones-a-la-federacion-de-gays-y-lesbianas-25197537.html\">recibi\u00f3 2.500 euros del Ministerio de Justicia<\/a> por medio de la Fundaci\u00f3n Pluralismo y Convivencia, con cargo al erario p\u00fablico.<\/p>\n<p>&nbsp;<\/p>\n<p>Parad\u00f3jicamente, <strong>la subvenci\u00f3n ten\u00eda como fin \u201cla promoci\u00f3n de la libertad religiosa\u201d<\/strong>, <a href=\"http:\/\/www.europalaica.com\/colaboraciones\/c091217_JavierFisac.html\">un derecho rechazado desde la web de Europa Laica<\/a>.<\/p>\n<p><strong>C\u00e1ritas, Manos Unidas, las monjitas\u2026 \u00bfUn \u201cLobby religioso\u201d?<\/strong><\/p>\n<p>Si es m\u00e1s o menos habitual que la ultraizquierda cristianof\u00f3bica emprenda campa\u00f1as demag\u00f3gicas contra la Iglesia Cat\u00f3lica, <strong>publicando estad\u00edsticas manipuladas y ocultando lo que la Iglesia aporta al Estado y a la sociedad<\/strong>; lo que me pasma es encontrarme con un apoyo a esta campa\u00f1a desde un blog de la <a href=\"http:\/\/www.redliberal.com\/\">Red Liberal<\/a>, concretamente desde una de las bit\u00e1coras de referencia del llamado <em>anarcocapitalismo<\/em>. <a href=\"http:\/\/jorgevalin.wordpress.com\/2011\/05\/09\/detalle-de-lo-que-cuesta-el-lobby-religioso\/\">Jorge Val\u00edn ha secundado la campa\u00f1a de Europa Laica<\/a> pero, eso s\u00ed, a\u00f1adi\u00e9ndole \u00e9l este t\u00edtulo: <strong>\u201cDetalle de lo que cuesta el Lobby religioso\u201d<\/strong>. Yo me esperaba encontrar las cifras que cobran del Estado grupos de inspiraci\u00f3n cristiana que se dedican a la acci\u00f3n de lobby, como HazteOir.org, pero el caso es que HO no recibe subvenciones. En lugar de eso, me encuentro con <strong>obras asistenciales, hospitales, colegios, cuidado del patrimonio art\u00edstico\u2026 \u00bfEso es un \u201clobby religioso\u201d?<\/strong><\/p>\n<p>&nbsp;<\/p>\n<p>Para terminar con el tema de la usurpaci\u00f3n de bienes por la Iglesia, le dejo estos apuntes sobre la INMATRICULACION DE PROPIEDADES:<\/p>\n<p><strong>\u00a0<\/strong><\/p>\n<p><strong>La propiedad<\/strong> es un hecho anterior al registro. El registro es una forma de dar seguridad jur\u00eddica y publicidad a la propiedad. El registro no crea la propiedad sino que la refleja. Si un d\u00eda ardiera el registro, eso no quiere decir que todos los propietarios perder\u00edan la propiedad de los bienes registrados. De la misma manera, el registro no es causa de la propiedad sino m\u00e1s bien su consecuencia.<\/p>\n<p><strong>\u00a0<\/strong><\/p>\n<p><strong>Inmatricular, <\/strong>es el concepto de inmatriculaci\u00f3n y se refiere a la primera inscripci\u00f3n de un bien en el registro de propiedad. S\u00f3lo se pueden inmatricular bienes que no est\u00e1n previamente registrados, lo que nos lleva al siguiente punto.<\/p>\n<p><strong>\u00a0<\/strong><\/p>\n<p><strong>La Iglesia no se apropia de bienes ajenos<\/strong> pues no puede inmatricular inmuebles que est\u00e1n registrados por otras personas o por otras instituciones. La Iglesia, por tanto, no se apropia de nada ni puede registrar los inmuebles que le parezca. La Iglesia no puede inmatricular El Sadar, El Corte Ingl\u00e9s, el piso de un particular ni la ikastola de la esquina.<\/p>\n<p><strong>\u00a0<\/strong><\/p>\n<p><strong>Un privilegio relativo <\/strong>pues cualquiera pude registrar un bien en el registro de la propiedad. En este sentido, las inmatriculaciones llevadas a cabo por la Iglesia no suponen ning\u00fan privilegio. La ley faculta a la Iglesia, sin embargo, para inmatricular bienes en igualdad de condiciones que el estado, las provincias, los municipios o las corporaciones de derecho p\u00fablico, los cuales pueden inmatricular un bien incluso careciendo de t\u00edtulo escrito de dominio. Puede ser discutible, de hecho es lo \u00fanico que se discute en el campo jur\u00eddico, que la Iglesia tenga que tener esa facultad. Que tenga esa facultad, sin embargo, no quiere decir que la Iglesia carezca de t\u00edtulos de dominio de los bienes que ha inscrito, que pierda la propiedad de los bienes registrados si pierde esa facultad o que esos bienes registrados no sean suyos.<\/p>\n<p><strong>\u00a0<\/strong><\/p>\n<p><strong>Los bienes que inscribe la Iglesia no son p\u00fablicos ni del estado. <\/strong>Desde distintos medios se viene repitiendo la idea de que la Iglesia se \u201capropia\u201d de los bienes que inscribe, lo cual es rotundamente falso. Por un lado, como dec\u00edamos, la Iglesia no puede inscribir bienes que ya est\u00e9n registrados a nombre de un propietario, incluyendo el estado, las comunidades aut\u00f3nomas o los municipios, quienes adem\u00e1s pueden inmatricular, como tambi\u00e9n se\u00f1al\u00e1bamos, en igualdad de condiciones que la Iglesia. En todo caso, toda entidad o particular que pueda alegar la propiedad de un bien inmatriculado por la Iglesia siempre puede recurrir la inmatriculaci\u00f3n ante la Justicia.<\/p>\n<p><strong>\u00a0<\/strong><\/p>\n<p><strong>No es un privilegio franquista. <\/strong>Otra de las ideas falsas que se repiten desde los medios respecto a las inmatriculaciones de bienes por parte de la Iglesia es que se realizan al amparo de una ley franquista de 1944 y a la reforma del Reglamento Hipotecario acometida por Aznar en el a\u00f1o 98. La falsedad de este mantra resulta evidente para cualquiera que se moleste en leer el Reglamento Hipotecario de 1.915, donde ya aparece la capacidad de inmatricular de la Iglesia en condiciones equiparables a las del estado, o en el Real Decreto de 6 de noviembre de 1.863 que regulaba el Registro de la Propiedad. De hecho, este decreto nos da la clave del sentido de las inmatriculaciones, que pasamos a explicar en el siguiente punto.<\/p>\n<p><strong>\u00a0<\/strong><\/p>\n<p><strong>S\u00f3lo muy recientemente la propiedad se encuentra debidamente documentada, <\/strong>aunque actualmente el m\u00e1s m\u00ednimo tr\u00e1mite en nuestras vidas mueve en la administraci\u00f3n monta\u00f1as de papeles, no ha sido as\u00ed en el pasado. La exposici\u00f3n de motivos del citado Real Decreto de 1.863, regulando el Registro de la Propiedad, expon\u00eda respecto a la inscripci\u00f3n de los bienes de la Iglesia tras las desamortizaciones que \u00e9sta hab\u00eda sufrido que <em>\u201cComo gran parte de unos y otros [bienes amortizados y no amortizados] carecen de t\u00edtulo inscrito, bien porque nunca lo tuvieron, \u00f3 bien porque se extraviaron al incautarse de ellos el Estado, por m\u00e1s que abone su dominio una largu\u00edsima y no interrumpida posesi\u00f3n, es indispensable suplir este defecto de modo que, sin faltar \u00e1 la ley, pueda tal inscripci\u00f3n verificarse sin menoscabo de ning\u00fan derecho\u201d<\/em>. Es por ello que se articulaba esta facultad para la Iglesia. El mundo en el que hace 150 a\u00f1os o m\u00e1s cada propiedad se encontraba perfectamente documentada y registrada con t\u00edtulos escritos y depositados en un registro p\u00fablico es sencillamente imaginario. El propio Real Decreto citado, incluso siendo el encargado de regular el funcionamiento del Registro de la Propiedad, declaraba en su pre\u00e1mbulo la innecesariedad de inscribir los templos destinados al culto, porque <em>\u201cno es indispensable que est\u00e9n se\u00f1alados con un n\u00famero en el Registro para que sea notorio su estado civil\u201d<\/em>. Y efectivamente nadie ha cuestionado la propiedad de los bienes de la Iglesia (ni siquiera quienes los amortizaron) hasta el momento presente, en el que algunas instancias anticat\u00f3licas pretenden crear la ficci\u00f3n de que nunca se ha sabido a qui\u00e9n han pertenecido los templos, conventos u otros bienes de la Iglesia.<\/p>\n<p><strong>\u00a0<\/strong><\/p>\n<p><strong>La usucapi\u00f3n. <\/strong>En relaci\u00f3n con lo anterior, en un mundo donde no todo estaba inscrito ni ordenado, la legislaci\u00f3n civil siempre ha contemplado la forma de otorgar seguridad jur\u00eddica al poseedor de un bien cuya titularidad no estaba documentada (ni por \u00e9l ni por otro) pero cuyo dominio sobre ese bien se prolongaba durante un amplio espacio de tiempo. Esta figura jur\u00eddica, llamada usucapi\u00f3n, se describe a partir del art\u00edculo 1.941 del C\u00f3digo Civil y establece la adquisici\u00f3n de la propiedad de los bienes inmuebles por el poseedor al cabo de 30 a\u00f1os de posesi\u00f3n incluso \u201c<em>sin necesidad de t\u00edtulo ni de buena fe\u201d<\/em>. Bajo ning\u00fan concepto cabe confundir esta figura con la \u201cocupaci\u00f3n\u201d, ya que precisamente \u00e9sta se ejecuta sobre un bien registrado o del que es titular un propietario. Por la misma raz\u00f3n tampoco cabe comparar la ocupaci\u00f3n con la inmatriculaci\u00f3n, cuya caracter\u00edstica principal es precisamente la de constituir la primera inscripci\u00f3n en el registro ola de estar la Iglesia, a veces desde tiempo inmemorial, en posesi\u00f3n del bien inmatriculado. Los bienes del estado son imprescriptibles, pero obviamente siempre que el estado (que puede registrar con la misma facilidad que la Iglesia) pueda demostrar que es propietario. Todo esto quiere decir que, m\u00e1s all\u00e1 de las proclamas medi\u00e1ticas o pol\u00edticas incendiarias, en el campo jur\u00eddico el debate real no est\u00e1 de hecho tanto en la propiedad misma de los inmuebles de la Iglesia, sino en su capacidad para seguir inscribi\u00e9ndolos por un procedimiento particular.<\/p>\n<p><strong>\u00a0<\/strong><\/p>\n<p><strong>No hay jurisprudencia y s\u00f3lo algunas sentencias en todos los sentidos. <\/strong>Por ello, el debate de las inmatriculaciones no ha tenido de momento una amplia expresi\u00f3n en los tribunales. De hecho no existe jurisprudencia en los tribunales al respecto sino algunas sentencias aisladas de algunos juzgados, alguna ni siquiera firme, que en alg\u00fan caso han dado la raz\u00f3n<a href=\"http:\/\/www.periodistadigital.com\/religion\/diocesis\/2011\/07\/13\/jueza-guadalajara-inmatriculaciones-eclesiasticas-iglesia-religion-ermita-gualda.shtml\"> a la Iglesia <\/a>y en otro<a href=\"http:\/\/www.laicismo.org\/detalle.php?tg=511&amp;pg=1&amp;pk=4587\"> al municipio<\/a>.<\/p>\n<p><strong>\u00a0<\/strong><\/p>\n<p><strong>La Iglesia inmatricula sus bienes <\/strong><strong>para protegerse y as\u00ed poder <\/strong>concluir y dejar claro que los lugares de culto, evidentemente, fueron erigidos con ese fin. Desde tiempo inmemorial han sido dominio incuestionado de la Iglesia y destinados a ese fin. La Iglesia, b\u00e1sicamente, se limita a registrar sus bienes para protegerse de posibles ataques como har\u00eda cualquiera. El registro, por lo dem\u00e1s, no crea la propiedad sino que la refleja. La Iglesia no puede registrar todo lo que le parezca. Para que la Iglesia pueda registrar algo, tiene que tener dominio sobre ello y no puede estar registrado previamente por nadie. Incluso si la Iglesia registra algo que no est\u00e1 registrado por su propietario, el propietario se puede oponer al registro oponiendo su t\u00edtulo de propiedad. Por lo dem\u00e1s, si un bien es de la Iglesia, como es l\u00f3gico puede venderlo, arrendarlo o hacer con \u00e9l lo que le parezca. Cabe se\u00f1alar tambi\u00e9n la paradoja de que quienes m\u00e1s insisten en separar la Iglesia del estado pretendan ahora al mismo tiempo que hasta los lugares de culto sean del estado. Finalmente, las inmatriculaciones m\u00e1s recientes, a la luz de los hechos, no son m\u00e1s que una reacci\u00f3n justificada ante la agresividad de sectores que, m\u00e1s que defensores del laicismo o la aconfesionalidad del estado, podr\u00edan calificarse m\u00e1s bien como anticat\u00f3licos.<\/p>\n<p>Resumi\u00e9ndole cifras y datos de \u00e9sta \u00abendemoniada\u00bb Iglesia Cat\u00f3lica:<\/p>\n<p>5.141 Centros de ense\u00f1anza con 990.774 alumnos. El Estado se ahorra tres millones de euros por centro al a\u00f1o. Y con los mejores resultados escolares.<\/p>\n<p>107 hospitales que ahorran al Estado cincuenta millones de euros por hospital al a\u00f1o.<\/p>\n<p>1.004 Centros entre ambulatorios, dispensarios, asilos, centros de minusv\u00e1lidos, de transe\u00fantes y otros de enfermos terminales, incluso de SIDA, con un toral de 51.312 camas y con un ahorro de cuatro millones de euros por centro al a\u00f1o.<\/p>\n<p>155 millones de euros como gasto de C\u00e1ritas al a\u00f1o, salido del bolsillo del los cat\u00f3licos espa\u00f1oles y de otros no creyentes que ayudan a ello.<\/p>\n<p>43 millones de euros como gasto anual de Manos Unidas\u00a0, todo ello de la misma salida de bolsillo.<\/p>\n<p>21 millones recaudados en el Domund para misiones.<\/p>\n<p>365 Centros de Reeducaci\u00f3n para marginados sociales, ex-prostitutas,\u00a0ex-presidiarios\u00a0y ex-toxic\u00f3manos, en total 53.140 personas ayudadas, con un ahorro para el Estado de medio mill\u00f3n de euros por centro al a\u00f1o.<\/p>\n<p>937 orfanatos y centros de acogida, con 10.835 ni\u00f1os abandonados y ahorr\u00e1ndole al estado mas de cien mil euros al a\u00f1o por centro.<\/p>\n<p>La Iglesia paga mas del 80% de los gastos de conservaci\u00f3n y mantenimiento del Patrimonio Hist\u00f3rico, calculando un ahorro al Estado de entre 32.000 y 36.000 millones de euros al a\u00f1o.<\/p>\n<p>Y a todo esto, hemos de sumar que casi todas, por no decir todas las personas que trabajan y colaboran con C\u00e1ritas, Acci\u00f3n Cat\u00f3lica, Manos Unidas y resto de organizaciones, lo hacen de manera altruista y sin sueldo alguno. Son personas que ayudan\u00a0a los dem\u00e1s sin pedir nada a cambio y entregando muchas veces hasta su propia vida. \u00bfEn que cifras se puede tasar esas colaboraciones?<\/p>\n<p>Muy poca gente conoce o mejor dicho, reconoce estos datos. \u00bfCu\u00e1ntos comedores sociales abre UGT, CCOO, PODEMOS, CIUDADANOS, PSOE, PP o resto del Estado? \u00bfCu\u00e1ntos Hospitales tienes estas entidades dejando a un lado los p\u00fablicos?<\/p>\n<p>Aqu\u00ed concluyo esperando haberle sido de ayuda para esclarecerle datos y conclusiones.<\/p>\n","protected":false},"excerpt":{"rendered":"<p>Graves insultos a la Virgen Dolorosa de Pamplona Respuesta a D. Gaizka Garc\u00eda Marcoartu: He querido esperar y sosegar la respuesta aunque las ganas me indicaban haberlo hecho de otra manera y mucho antes. &nbsp; Soy componente de la Iglesia Cat\u00f3lica, comunidad cristiana que tiene dos mil a\u00f1os de antig\u00fcedad y que a d\u00eda de hoy, el n\u00famero de Cat\u00f3licos supera con creces 1.250 millones de personas (por algo ser\u00e1, digo yo), incluido su propio sobrino, bautizado y comulgado en la dicha fe. &nbsp; Entre tanta gente y en todos los estrados de esta comunidad, no me cabe la menor&hellip; <\/p>\n","protected":false},"author":18,"featured_media":0,"comment_status":"open","ping_status":"open","sticky":false,"template":"","format":"standard","meta":{"_bbp_topic_count":0,"_bbp_reply_count":0,"_bbp_total_topic_count":0,"_bbp_total_reply_count":0,"_bbp_voice_count":0,"_bbp_anonymous_reply_count":0,"_bbp_topic_count_hidden":0,"_bbp_reply_count_hidden":0,"_bbp_forum_subforum_count":0,"_crdt_document":"","footnotes":""},"categories":[3,1],"tags":[],"class_list":["post-4646","post","type-post","status-publish","format-standard","hentry","category-iglesia","category-noticias"],"yoast_head":"<!-- This site is optimized with the Yoast SEO plugin v27.5 - https:\/\/yoast.com\/product\/yoast-seo-wordpress\/ -->\n<title>Respuesta a unas opiniones - Logro\u00f1o Pasi\u00f3n<\/title>\n<meta name=\"robots\" content=\"index, follow, max-snippet:-1, max-image-preview:large, max-video-preview:-1\" \/>\n<link rel=\"canonical\" href=\"https:\/\/www.logronopasion.com\/portal\/respuesta-unas-opiniones\/\" \/>\n<meta property=\"og:locale\" content=\"es_ES\" \/>\n<meta property=\"og:type\" content=\"article\" \/>\n<meta property=\"og:title\" content=\"Respuesta a unas opiniones - Logro\u00f1o Pasi\u00f3n\" \/>\n<meta property=\"og:description\" content=\"Graves insultos a la Virgen Dolorosa de Pamplona Respuesta a D. Gaizka Garc\u00eda Marcoartu: He querido esperar y sosegar la respuesta aunque las ganas me indicaban haberlo hecho de otra manera y mucho antes. &nbsp; Soy componente de la Iglesia Cat\u00f3lica, comunidad cristiana que tiene dos mil a\u00f1os de antig\u00fcedad y que a d\u00eda de hoy, el n\u00famero de Cat\u00f3licos supera con creces 1.250 millones de personas (por algo ser\u00e1, digo yo), incluido su propio sobrino, bautizado y comulgado en la dicha fe. &nbsp; Entre tanta gente y en todos los estrados de esta comunidad, no me cabe la menor&hellip;\" \/>\n<meta property=\"og:url\" content=\"https:\/\/www.logronopasion.com\/portal\/respuesta-unas-opiniones\/\" \/>\n<meta property=\"og:site_name\" content=\"Logro\u00f1o Pasi\u00f3n\" \/>\n<meta property=\"article:publisher\" content=\"https:\/\/www.facebook.com\/logronopasion\" \/>\n<meta property=\"article:published_time\" content=\"2016-03-14T23:59:29+00:00\" \/>\n<meta property=\"og:image\" content=\"http:\/\/logronopasion.com\/portal\/wp-content\/uploads\/2016\/03\/Virgen-Dolorosa-Pamplona.jpg\" \/>\n<meta name=\"author\" content=\"Logronopasion.com\" \/>\n<meta name=\"twitter:card\" content=\"summary_large_image\" \/>\n<meta name=\"twitter:creator\" content=\"@LogronoPasion\" \/>\n<meta name=\"twitter:site\" content=\"@LogronoPasion\" \/>\n<meta name=\"twitter:label1\" content=\"Escrito por\" \/>\n\t<meta name=\"twitter:data1\" content=\"Logronopasion.com\" \/>\n\t<meta name=\"twitter:label2\" content=\"Tiempo de lectura\" \/>\n\t<meta name=\"twitter:data2\" content=\"36 minutos\" \/>\n<script type=\"application\/ld+json\" class=\"yoast-schema-graph\">{\"@context\":\"https:\\\/\\\/schema.org\",\"@graph\":[{\"@type\":\"Article\",\"@id\":\"https:\\\/\\\/www.logronopasion.com\\\/portal\\\/respuesta-unas-opiniones\\\/#article\",\"isPartOf\":{\"@id\":\"https:\\\/\\\/www.logronopasion.com\\\/portal\\\/respuesta-unas-opiniones\\\/\"},\"author\":{\"name\":\"Logronopasion.com\",\"@id\":\"https:\\\/\\\/www.logronopasion.com\\\/portal\\\/#\\\/schema\\\/person\\\/39728c7f1ab39edc31b0bc671a7fcb0b\"},\"headline\":\"Respuesta a unas opiniones\",\"datePublished\":\"2016-03-14T23:59:29+00:00\",\"mainEntityOfPage\":{\"@id\":\"https:\\\/\\\/www.logronopasion.com\\\/portal\\\/respuesta-unas-opiniones\\\/\"},\"wordCount\":7116,\"commentCount\":0,\"publisher\":{\"@id\":\"https:\\\/\\\/www.logronopasion.com\\\/portal\\\/#organization\"},\"image\":{\"@id\":\"https:\\\/\\\/www.logronopasion.com\\\/portal\\\/respuesta-unas-opiniones\\\/#primaryimage\"},\"thumbnailUrl\":\"http:\\\/\\\/logronopasion.com\\\/portal\\\/wp-content\\\/uploads\\\/2016\\\/03\\\/Virgen-Dolorosa-Pamplona.jpg\",\"articleSection\":[\"Iglesia - estado, sociedad y religi\u00f3n\",\"Noticias \\\/ Actualidad\"],\"inLanguage\":\"es\",\"potentialAction\":[{\"@type\":\"CommentAction\",\"name\":\"Comment\",\"target\":[\"https:\\\/\\\/www.logronopasion.com\\\/portal\\\/respuesta-unas-opiniones\\\/#respond\"]}]},{\"@type\":\"WebPage\",\"@id\":\"https:\\\/\\\/www.logronopasion.com\\\/portal\\\/respuesta-unas-opiniones\\\/\",\"url\":\"https:\\\/\\\/www.logronopasion.com\\\/portal\\\/respuesta-unas-opiniones\\\/\",\"name\":\"Respuesta a unas opiniones - Logro\u00f1o Pasi\u00f3n\",\"isPartOf\":{\"@id\":\"https:\\\/\\\/www.logronopasion.com\\\/portal\\\/#website\"},\"primaryImageOfPage\":{\"@id\":\"https:\\\/\\\/www.logronopasion.com\\\/portal\\\/respuesta-unas-opiniones\\\/#primaryimage\"},\"image\":{\"@id\":\"https:\\\/\\\/www.logronopasion.com\\\/portal\\\/respuesta-unas-opiniones\\\/#primaryimage\"},\"thumbnailUrl\":\"http:\\\/\\\/logronopasion.com\\\/portal\\\/wp-content\\\/uploads\\\/2016\\\/03\\\/Virgen-Dolorosa-Pamplona.jpg\",\"datePublished\":\"2016-03-14T23:59:29+00:00\",\"inLanguage\":\"es\",\"potentialAction\":[{\"@type\":\"ReadAction\",\"target\":[\"https:\\\/\\\/www.logronopasion.com\\\/portal\\\/respuesta-unas-opiniones\\\/\"]}]},{\"@type\":\"ImageObject\",\"inLanguage\":\"es\",\"@id\":\"https:\\\/\\\/www.logronopasion.com\\\/portal\\\/respuesta-unas-opiniones\\\/#primaryimage\",\"url\":\"http:\\\/\\\/logronopasion.com\\\/portal\\\/wp-content\\\/uploads\\\/2016\\\/03\\\/Virgen-Dolorosa-Pamplona.jpg\",\"contentUrl\":\"http:\\\/\\\/logronopasion.com\\\/portal\\\/wp-content\\\/uploads\\\/2016\\\/03\\\/Virgen-Dolorosa-Pamplona.jpg\"},{\"@type\":\"WebSite\",\"@id\":\"https:\\\/\\\/www.logronopasion.com\\\/portal\\\/#website\",\"url\":\"https:\\\/\\\/www.logronopasion.com\\\/portal\\\/\",\"name\":\"Logro\u00f1o Pasi\u00f3n\",\"description\":\"Portal sobre la Semana Santa de Logro\u00f1o\",\"publisher\":{\"@id\":\"https:\\\/\\\/www.logronopasion.com\\\/portal\\\/#organization\"},\"potentialAction\":[{\"@type\":\"SearchAction\",\"target\":{\"@type\":\"EntryPoint\",\"urlTemplate\":\"https:\\\/\\\/www.logronopasion.com\\\/portal\\\/?s={search_term_string}\"},\"query-input\":{\"@type\":\"PropertyValueSpecification\",\"valueRequired\":true,\"valueName\":\"search_term_string\"}}],\"inLanguage\":\"es\"},{\"@type\":\"Organization\",\"@id\":\"https:\\\/\\\/www.logronopasion.com\\\/portal\\\/#organization\",\"name\":\"Logro\u00f1o Pasi\u00f3n\",\"url\":\"https:\\\/\\\/www.logronopasion.com\\\/portal\\\/\",\"logo\":{\"@type\":\"ImageObject\",\"inLanguage\":\"es\",\"@id\":\"https:\\\/\\\/www.logronopasion.com\\\/portal\\\/#\\\/schema\\\/logo\\\/image\\\/\",\"url\":\"https:\\\/\\\/i2.wp.com\\\/logronopasion.com\\\/portal\\\/wp-content\\\/uploads\\\/2019\\\/04\\\/cropped-Header-1.jpg?fit=312%2C212&ssl=1\",\"contentUrl\":\"https:\\\/\\\/i2.wp.com\\\/logronopasion.com\\\/portal\\\/wp-content\\\/uploads\\\/2019\\\/04\\\/cropped-Header-1.jpg?fit=312%2C212&ssl=1\",\"width\":312,\"height\":212,\"caption\":\"Logro\u00f1o Pasi\u00f3n\"},\"image\":{\"@id\":\"https:\\\/\\\/www.logronopasion.com\\\/portal\\\/#\\\/schema\\\/logo\\\/image\\\/\"},\"sameAs\":[\"https:\\\/\\\/www.facebook.com\\\/logronopasion\",\"https:\\\/\\\/x.com\\\/LogronoPasion\"]},{\"@type\":\"Person\",\"@id\":\"https:\\\/\\\/www.logronopasion.com\\\/portal\\\/#\\\/schema\\\/person\\\/39728c7f1ab39edc31b0bc671a7fcb0b\",\"name\":\"Logronopasion.com\",\"image\":{\"@type\":\"ImageObject\",\"inLanguage\":\"es\",\"@id\":\"https:\\\/\\\/secure.gravatar.com\\\/avatar\\\/c6b3e81c20ae7dec59cda0fd11915cb052ff1705cd134db04112b35441792010?s=96&d=mm&r=g\",\"url\":\"https:\\\/\\\/secure.gravatar.com\\\/avatar\\\/c6b3e81c20ae7dec59cda0fd11915cb052ff1705cd134db04112b35441792010?s=96&d=mm&r=g\",\"contentUrl\":\"https:\\\/\\\/secure.gravatar.com\\\/avatar\\\/c6b3e81c20ae7dec59cda0fd11915cb052ff1705cd134db04112b35441792010?s=96&d=mm&r=g\",\"caption\":\"Logronopasion.com\"},\"url\":\"https:\\\/\\\/www.logronopasion.com\\\/portal\\\/author\\\/logronopasion-com\\\/\"}]}<\/script>\n<!-- \/ Yoast SEO plugin. -->","yoast_head_json":{"title":"Respuesta a unas opiniones - Logro\u00f1o Pasi\u00f3n","robots":{"index":"index","follow":"follow","max-snippet":"max-snippet:-1","max-image-preview":"max-image-preview:large","max-video-preview":"max-video-preview:-1"},"canonical":"https:\/\/www.logronopasion.com\/portal\/respuesta-unas-opiniones\/","og_locale":"es_ES","og_type":"article","og_title":"Respuesta a unas opiniones - Logro\u00f1o Pasi\u00f3n","og_description":"Graves insultos a la Virgen Dolorosa de Pamplona Respuesta a D. Gaizka Garc\u00eda Marcoartu: He querido esperar y sosegar la respuesta aunque las ganas me indicaban haberlo hecho de otra manera y mucho antes. &nbsp; Soy componente de la Iglesia Cat\u00f3lica, comunidad cristiana que tiene dos mil a\u00f1os de antig\u00fcedad y que a d\u00eda de hoy, el n\u00famero de Cat\u00f3licos supera con creces 1.250 millones de personas (por algo ser\u00e1, digo yo), incluido su propio sobrino, bautizado y comulgado en la dicha fe. &nbsp; Entre tanta gente y en todos los estrados de esta comunidad, no me cabe la menor&hellip;","og_url":"https:\/\/www.logronopasion.com\/portal\/respuesta-unas-opiniones\/","og_site_name":"Logro\u00f1o Pasi\u00f3n","article_publisher":"https:\/\/www.facebook.com\/logronopasion","article_published_time":"2016-03-14T23:59:29+00:00","og_image":[{"url":"http:\/\/logronopasion.com\/portal\/wp-content\/uploads\/2016\/03\/Virgen-Dolorosa-Pamplona.jpg","type":"","width":"","height":""}],"author":"Logronopasion.com","twitter_card":"summary_large_image","twitter_creator":"@LogronoPasion","twitter_site":"@LogronoPasion","twitter_misc":{"Escrito por":"Logronopasion.com","Tiempo de lectura":"36 minutos"},"schema":{"@context":"https:\/\/schema.org","@graph":[{"@type":"Article","@id":"https:\/\/www.logronopasion.com\/portal\/respuesta-unas-opiniones\/#article","isPartOf":{"@id":"https:\/\/www.logronopasion.com\/portal\/respuesta-unas-opiniones\/"},"author":{"name":"Logronopasion.com","@id":"https:\/\/www.logronopasion.com\/portal\/#\/schema\/person\/39728c7f1ab39edc31b0bc671a7fcb0b"},"headline":"Respuesta a unas opiniones","datePublished":"2016-03-14T23:59:29+00:00","mainEntityOfPage":{"@id":"https:\/\/www.logronopasion.com\/portal\/respuesta-unas-opiniones\/"},"wordCount":7116,"commentCount":0,"publisher":{"@id":"https:\/\/www.logronopasion.com\/portal\/#organization"},"image":{"@id":"https:\/\/www.logronopasion.com\/portal\/respuesta-unas-opiniones\/#primaryimage"},"thumbnailUrl":"http:\/\/logronopasion.com\/portal\/wp-content\/uploads\/2016\/03\/Virgen-Dolorosa-Pamplona.jpg","articleSection":["Iglesia - estado, sociedad y religi\u00f3n","Noticias \/ Actualidad"],"inLanguage":"es","potentialAction":[{"@type":"CommentAction","name":"Comment","target":["https:\/\/www.logronopasion.com\/portal\/respuesta-unas-opiniones\/#respond"]}]},{"@type":"WebPage","@id":"https:\/\/www.logronopasion.com\/portal\/respuesta-unas-opiniones\/","url":"https:\/\/www.logronopasion.com\/portal\/respuesta-unas-opiniones\/","name":"Respuesta a unas opiniones - Logro\u00f1o Pasi\u00f3n","isPartOf":{"@id":"https:\/\/www.logronopasion.com\/portal\/#website"},"primaryImageOfPage":{"@id":"https:\/\/www.logronopasion.com\/portal\/respuesta-unas-opiniones\/#primaryimage"},"image":{"@id":"https:\/\/www.logronopasion.com\/portal\/respuesta-unas-opiniones\/#primaryimage"},"thumbnailUrl":"http:\/\/logronopasion.com\/portal\/wp-content\/uploads\/2016\/03\/Virgen-Dolorosa-Pamplona.jpg","datePublished":"2016-03-14T23:59:29+00:00","inLanguage":"es","potentialAction":[{"@type":"ReadAction","target":["https:\/\/www.logronopasion.com\/portal\/respuesta-unas-opiniones\/"]}]},{"@type":"ImageObject","inLanguage":"es","@id":"https:\/\/www.logronopasion.com\/portal\/respuesta-unas-opiniones\/#primaryimage","url":"http:\/\/logronopasion.com\/portal\/wp-content\/uploads\/2016\/03\/Virgen-Dolorosa-Pamplona.jpg","contentUrl":"http:\/\/logronopasion.com\/portal\/wp-content\/uploads\/2016\/03\/Virgen-Dolorosa-Pamplona.jpg"},{"@type":"WebSite","@id":"https:\/\/www.logronopasion.com\/portal\/#website","url":"https:\/\/www.logronopasion.com\/portal\/","name":"Logro\u00f1o Pasi\u00f3n","description":"Portal sobre la Semana Santa de Logro\u00f1o","publisher":{"@id":"https:\/\/www.logronopasion.com\/portal\/#organization"},"potentialAction":[{"@type":"SearchAction","target":{"@type":"EntryPoint","urlTemplate":"https:\/\/www.logronopasion.com\/portal\/?s={search_term_string}"},"query-input":{"@type":"PropertyValueSpecification","valueRequired":true,"valueName":"search_term_string"}}],"inLanguage":"es"},{"@type":"Organization","@id":"https:\/\/www.logronopasion.com\/portal\/#organization","name":"Logro\u00f1o Pasi\u00f3n","url":"https:\/\/www.logronopasion.com\/portal\/","logo":{"@type":"ImageObject","inLanguage":"es","@id":"https:\/\/www.logronopasion.com\/portal\/#\/schema\/logo\/image\/","url":"https:\/\/i2.wp.com\/logronopasion.com\/portal\/wp-content\/uploads\/2019\/04\/cropped-Header-1.jpg?fit=312%2C212&ssl=1","contentUrl":"https:\/\/i2.wp.com\/logronopasion.com\/portal\/wp-content\/uploads\/2019\/04\/cropped-Header-1.jpg?fit=312%2C212&ssl=1","width":312,"height":212,"caption":"Logro\u00f1o Pasi\u00f3n"},"image":{"@id":"https:\/\/www.logronopasion.com\/portal\/#\/schema\/logo\/image\/"},"sameAs":["https:\/\/www.facebook.com\/logronopasion","https:\/\/x.com\/LogronoPasion"]},{"@type":"Person","@id":"https:\/\/www.logronopasion.com\/portal\/#\/schema\/person\/39728c7f1ab39edc31b0bc671a7fcb0b","name":"Logronopasion.com","image":{"@type":"ImageObject","inLanguage":"es","@id":"https:\/\/secure.gravatar.com\/avatar\/c6b3e81c20ae7dec59cda0fd11915cb052ff1705cd134db04112b35441792010?s=96&d=mm&r=g","url":"https:\/\/secure.gravatar.com\/avatar\/c6b3e81c20ae7dec59cda0fd11915cb052ff1705cd134db04112b35441792010?s=96&d=mm&r=g","contentUrl":"https:\/\/secure.gravatar.com\/avatar\/c6b3e81c20ae7dec59cda0fd11915cb052ff1705cd134db04112b35441792010?s=96&d=mm&r=g","caption":"Logronopasion.com"},"url":"https:\/\/www.logronopasion.com\/portal\/author\/logronopasion-com\/"}]}},"_links":{"self":[{"href":"https:\/\/www.logronopasion.com\/portal\/wp-json\/wp\/v2\/posts\/4646","targetHints":{"allow":["GET"]}}],"collection":[{"href":"https:\/\/www.logronopasion.com\/portal\/wp-json\/wp\/v2\/posts"}],"about":[{"href":"https:\/\/www.logronopasion.com\/portal\/wp-json\/wp\/v2\/types\/post"}],"author":[{"embeddable":true,"href":"https:\/\/www.logronopasion.com\/portal\/wp-json\/wp\/v2\/users\/18"}],"replies":[{"embeddable":true,"href":"https:\/\/www.logronopasion.com\/portal\/wp-json\/wp\/v2\/comments?post=4646"}],"version-history":[{"count":3,"href":"https:\/\/www.logronopasion.com\/portal\/wp-json\/wp\/v2\/posts\/4646\/revisions"}],"predecessor-version":[{"id":4651,"href":"https:\/\/www.logronopasion.com\/portal\/wp-json\/wp\/v2\/posts\/4646\/revisions\/4651"}],"wp:attachment":[{"href":"https:\/\/www.logronopasion.com\/portal\/wp-json\/wp\/v2\/media?parent=4646"}],"wp:term":[{"taxonomy":"category","embeddable":true,"href":"https:\/\/www.logronopasion.com\/portal\/wp-json\/wp\/v2\/categories?post=4646"},{"taxonomy":"post_tag","embeddable":true,"href":"https:\/\/www.logronopasion.com\/portal\/wp-json\/wp\/v2\/tags?post=4646"}],"curies":[{"name":"wp","href":"https:\/\/api.w.org\/{rel}","templated":true}]}}