{"id":4653,"date":"2016-03-18T16:54:39","date_gmt":"2016-03-18T16:54:39","guid":{"rendered":"http:\/\/logronopasion.com\/portal\/?p=4653"},"modified":"2016-03-18T16:54:39","modified_gmt":"2016-03-18T16:54:39","slug":"nuestra-senora-los-dolores-4","status":"publish","type":"post","link":"https:\/\/www.logronopasion.com\/portal\/nuestra-senora-los-dolores-4\/","title":{"rendered":"Nuestra Se\u00f1ora de los Dolores"},"content":{"rendered":"<h3>Hoy 18 de marzo de 2016, Viernes de Dolor, Procesi\u00f3n de la Virgen Nuestra Se\u00f1ora de los Dolores a las 19.30 horas.<\/h3>\n<p><img loading=\"lazy\" decoding=\"async\" class=\"aligncenter wp-image-2922\" src=\"http:\/\/logronopasion.com\/portal\/wp-content\/uploads\/2013\/09\/retocadadolorosa.jpg\" alt=\"Virgen de los Dolores\" width=\"600\" height=\"800\" srcset=\"https:\/\/www.logronopasion.com\/portal\/wp-content\/uploads\/2013\/09\/retocadadolorosa.jpg 3000w, https:\/\/www.logronopasion.com\/portal\/wp-content\/uploads\/2013\/09\/retocadadolorosa-225x300.jpg 225w, https:\/\/www.logronopasion.com\/portal\/wp-content\/uploads\/2013\/09\/retocadadolorosa-768x1024.jpg 768w\" sizes=\"auto, (max-width: 600px) 100vw, 600px\" \/><\/p>\n<h3>Historia de la Hermandad de Nuestra Se\u00f1ora de los Dolores<\/h3>\n<p>La devoci\u00f3n a la Virgen de los Dolores\u00a0 en\u00a0 la\u00a0 parroquia\u00a0 de Santiago el Real viene de antiguo. Se tienen noticias de que a mediados del siglo pasado (Siglo XIX), se celebraban solemnes cultos en su honor, cultos que culminaban en una solemne novena que terminaba el d\u00eda de su fiesta, Viernes de Dolores, y a su final se hac\u00eda una procesi\u00f3n con su imagen por las calles del qui\u00f1\u00f3n de la parroquia.<\/p>\n<p>Para\u00a0 \u00e9stas\u00a0 solemnes\u00a0 novenas\u00a0 ven\u00edan\u00a0 ilustres\u00a0 y\u00a0 elocuentes oradores. En 1.892 fueron varios, siendo uno de ellos el Sr. Abad de la Colegiata de La Redonda. En 1.927 fue el R.P. Dimas G\u00f3mez del Coraz\u00f3n de Mar\u00eda de la residencia de Ja\u00e9n, y en 1.930 lo fue nuestro paisano el R. P.\u00a0 Antonio Rubio,\u00a0 superior\u00a0 de\u00a0 los\u00a0 PP.Agustinos Recoletos de San Sebasti\u00e1n.<\/p>\n<p>Vayan \u00e9stas muestras para comprender la importancia que se le daba a \u00e9sta novena que era muy esperada por nuestros antepasados que abarrotaban la amplia nave de la iglesia de Santiago. Los gastos eran sufragados por familias logro\u00f1esas devotas, que normalmente permanec\u00edan en el anonimato.<\/p>\n<p>La procesi\u00f3n que se hac\u00eda a continuaci\u00f3n del t\u00e9rmino de la novena el d\u00eda\u00a0 de\u00a0 la\u00a0 Virgen\u00a0 de\u00a0 los\u00a0 Dolores,\u00a0 tambi\u00e9n\u00a0 se\u00a0 hac\u00eda\u00a0 con solemnidad. El recorrido era siempre el mismo y transcurr\u00eda por las calles de Santiago, Mayor, Merced, Mercado (hoy Portales),Sagasta y Mayor con regreso a la iglesia, otra vez por la calle de Santiago. Un gran n\u00famero de devotos, especialmente mujeres, concurr\u00edan a la misma con cirios encendidos; la presid\u00eda el p\u00e1rroco de Santiago y siempre llevaba una banda de m\u00fasica; el Gobernador Militar facilito la Banda del Regimiento por los a\u00f1os 1.890 y siguientes; en los a\u00f1os veinte de \u00e9ste siglo fue la Banda de M\u00fasica de Oy\u00f3n (Uni\u00f3n Musical Oyonesa) la que concurri\u00f3, interpretando siempre durante la procesi\u00f3n sentidas marchas religiosas.<\/p>\n<p><span id=\"more-400\"><\/span><\/p>\n<p>En los balcones y ventanas de las calles de su itinerario se pon\u00edan colgaduras y se adornaban con farolillos y en las aceras se apelotonaba el p\u00fablico que contemplaba su paso con religioso silencio.<\/p>\n<p>No es extra\u00f1o que en aqu\u00e9l Logro\u00f1o de 19.000 habitantes \u00e9sta procesi\u00f3n fuera un acontecimiento. T\u00e9ngase en cuenta que en aqu\u00e9llos tiempos la \u00fanica procesi\u00f3n de Semana Santa era la del Viernes Santo.<\/p>\n<p>El p\u00e1rroco de Santiago, don Pascual Fern\u00e1ndez, se propuso impulsar \u00e9sta devoci\u00f3n a la Virgen de los Dolores, devoci\u00f3n que \u00e9l sent\u00eda, y viendo la admirable respuesta del pueblo logro\u00f1\u00e9s, especialmente mujeres, para mover m\u00e1s a \u00e9sta devoci\u00f3n mariana tuvo la idea en 1.892 de crear una Hermandad, solamente de mujeres, para seguir cultivando y engrandeciendo \u00e9sta devoci\u00f3n y evitar que la misma se perdiera con el paso del tiempo. As\u00ed pues,\u00a0 en el mes de Marzo de 1.893\u00a0 fund\u00f3 \u00e9sta Hermandad \u201c<strong>establecida para las mujeres de todos los estados, edades y condiciones en la parroquia de Santiago el Real de Logro\u00f1o<\/strong>\u201c. Comunica\u00a0\u00a0 al\u00a0\u00a0 Obispado\u00a0\u00a0 \u00e9sta\u00a0\u00a0 intenci\u00f3n,\u00a0\u00a0 recibi\u00e9ndose\u00a0\u00a0 una contestaci\u00f3n \u201c<strong>muy laudatoria<\/strong>\u201d con fecha 17 de Agosto de 1.893.<\/p>\n<p>No\u00a0 existen\u00a0 estatutos\u00a0 y\u00a0 tampoco\u00a0 h\u00e1bito\u00a0 de\u00a0 \u00e9sta\u00a0 Hermandad, deduciendo que no se tuvieron en cuenta \u00e9stos detalles en su fundaci\u00f3n. Se funda en torno a la imagen existente de la Virgen de\u00a0 los Dolores,\u00a0 de cuya\u00a0 imagen no existe tampoco\u00a0 origen\u00a0 ni dataci\u00f3n.<\/p>\n<p>La im\u00e1genes de las llamadas \u201cde vestir\u201d, como casi todas las Dolorosas; tiene una gran expresividad en el rostro y en sus finas manos, destaca su mirada de dolor y tristeza en sus bellos ojos compasivos y al mismo tiempo llenos de paz, una paz que trasmite a sus devotos y a cuantos la contemplan.<\/p>\n<p>Sus manos, separadas, como queriendo abrazar a todo el g\u00e9nero humano, sus hijos; sostiene un pa\u00f1uelo en su mano derecha para secar sus l\u00e1grimas por la muerte de su amado Hijo.<\/p>\n<p>Se organiza la Hermandad,\u00a0 \u201csolo de se\u00f1oras, cualquiera que sea su posici\u00f3n,\u00a0 edad o estado\u201d\u00a0 de una forma simple:\u00a0 una\u00a0 Junta Directiva\u00a0 con\u00a0 los\u00a0 cargos\u00a0 de\u00a0 Presidenta,\u00a0\u00a0 Vicepresidenta, Tesorera, Secretaria, Vicesecretaria y tres vocales, siendo la direcci\u00f3n a cargo del P\u00e1rroco o coadjutores de la parroquia de Santiago el Real. El objeto de la Hermandad era, y sigue siendo, \u201chonrar de un modo especial a la Sant\u00edsima Virgen bajo el t\u00edtulo de sus Dolores\u201d.<\/p>\n<p>Como la Hermandad era solo de mujeres, la Virgen era llevada a hombros en sus andas por cuatro cofrades de la Cofrad\u00eda hermana de Jes\u00fas Nazareno cuya residencia can\u00f3nica era la misma. Fueron muchas las se\u00f1oras que se hicieron de la Hermandad durante los primeros a\u00f1os, por \u00e9ste motivo se distribuyeron en Coros de a treinta hermanas cada uno, con su Directora al frente de cada uno, llegando a tener hasta cinco Coros, es decir m\u00e1s de 150 Hermanas. La cuota de cada una qued\u00f3 establecida en un real al mes, pagadero por meses, semestres o por a\u00f1os, al arbitrio de cada hermana.<\/p>\n<p>La imagen de la Virgen ha sido especialmente cuidada. A lo largo de los a\u00f1os su Hermandad y donaciones de personas devotas le han dotado de un magn\u00edfico manto de terciopelo negro bordado con un bien dise\u00f1ado y art\u00edstico bordado en\u00a0 oro , valiosos encajes en cabeza y pu\u00f1os, as\u00ed como un coraz\u00f3n traspasado por siete pu\u00f1ales tambi\u00e9n de plata y diversas joyas, rosarios, pa\u00f1uelos, etc. Esta imagen se veneraba durante todo el a\u00f1o en una capilla especial dentro de la iglesia de Santiago, llamada \u201ccapilla de los Dolores\u201d hasta el a\u00f1o 1.981 en que fue trasladada a otra m\u00e1s peque\u00f1a donde est\u00e1 actualmente a fin de dejar la antigua capilla para el culto diario de la iglesia en los meses de invierno.<\/p>\n<p>En el mes de Septiembre celebraban un solemne Septenario (Desde mediados de siglo XX en vez de novenario se celebra un septenario.) en honor de la Virgen, dado por los mejores oradores, el cual terminaba el d\u00eda de su fiesta, 15 de Septiembre, festividad de La Virgen de los Dolores, y posteriormente las se\u00f1oras componentes de la Hermandad hac\u00edan Ejercicios Espirituales dirigidos por un Padre Misionero. Algunos a\u00f1os \u00e9stos cultos se hicieron en la antigua iglesia de San Agust\u00edn que estaba situada donde hoy est\u00e1 Correos y Tel\u00e9grafos, en la plaza de su mismo nombre.<\/p>\n<p><img loading=\"lazy\" decoding=\"async\" class=\"aligncenter size-medium wp-image-403\" title=\"Virgen_de_los_Dolores_3\" src=\"http:\/\/logronopasion.com\/portal\/wp-content\/uploads\/2012\/03\/Virgen_de_los_Dolores_3-e1333128776451-219x300.jpg\" alt=\"\" width=\"219\" height=\"300\" srcset=\"https:\/\/www.logronopasion.com\/portal\/wp-content\/uploads\/2012\/03\/Virgen_de_los_Dolores_3-e1333128776451-219x300.jpg 219w, https:\/\/www.logronopasion.com\/portal\/wp-content\/uploads\/2012\/03\/Virgen_de_los_Dolores_3-e1333128776451.jpg 558w\" sizes=\"auto, (max-width: 219px) 100vw, 219px\" \/><\/p>\n<p>En la cuaresma se preparaban y preparaban a los fieles de la parroquia con sermones cuaresmales y cultos para cumplir con el precepto pascual, a guardar el ayuno y abstinencia, estimular para tomar la Bula de la Santa Cruzada, etc.; sermones que terminaban el Viernes de Dolores con una solemne procesi\u00f3n por las calles del qui\u00f1\u00f3n de la parroquia de Santiago, acudiendo a la misma todas las Hermanas para acompa\u00f1ar a la Virgen alumbrando con velas. Durante la misma el P\u00e1rroco de Santiago desgranaba los Siete Dolores en otras tantas paradas, fervorines que eran escuchados por todos los numerosos asistentes dentro de un riguroso silencio y con gran devoci\u00f3n.<\/p>\n<p>En el transcurrir de los a\u00f1os su Hermandad siempre ha venerado a la Virgen con diversos actos, especialmente dedic\u00e1ndole un Septenario con Misa y serm\u00f3n, celebr\u00e1ndose el mismo dentro de la Cuaresma en algunas de sus semanas, en conjunci\u00f3n con la Parroquia y en todo caso celebrando el Viernes de Dolores, su fiesta, con Misa solemne y posterior procesi\u00f3n, la cual nunca ha dejado de hacerse con mayor o menor solemnidad. En la actualidad el Septenario se hace de forma que el \u00faltimo d\u00eda del mismo coincida con el Viernes de Dolores.<\/p>\n<p>A partir de 1.962 los hermanos de la cofrad\u00eda de Jes\u00fas Nazareno portaron el \u201cpaso\u201d de la Virgen revestidos con sus h\u00e1bitos, que eran los de la Hermandad de la Pasi\u00f3n y el Santo Entierro, al objeto de darle mayor solemnidad. A partir de 1.976 la banda de tambores de \u00e9sta cofrad\u00eda tambi\u00e9n se incluy\u00f3 dentro de la procesi\u00f3n.<\/p>\n<p><span style=\"text-decoration: underline;\"><strong>Textos del libro \u201cHistoria de la Semana Santa de Logro\u00f1o\u201d de D. Eugenio Ugarte Alonso<\/strong><\/span><\/p>\n<p>&nbsp;<\/p>\n<p>&nbsp;<\/p>\n<p>La primera de estas conmemoraciones es la m\u00e1s antigua, puesto que se instituy\u00f3 en Colonia y en otras partes de Europa en el siglo XV y cuando la festividad se extendi\u00f3 por toda la Iglesia, en 1727, con el nombre de los Siete Dolores, se mantuvo la referencia original de la Misa y del oficio de la Crucifixi\u00f3n del Se\u00f1or.<\/p>\n<p>En la Edad Media hab\u00eda una devoci\u00f3n popular por los cinco gozos de la Virgen Madre, y por la misma \u00e9poca se complement\u00f3 esa devoci\u00f3n con otra fiesta en honor a sus cinco dolores durante la Pasi\u00f3n. M\u00e1s adelante, las penas de la Virgen Mar\u00eda aumentaron a siete, y no s\u00f3lo comprendieron su marcha hacia el Calvario, sino su vida entera. A los frailes servitas, que desde su fundaci\u00f3n tuvieron particular devoci\u00f3n por los sufrimientos de Mar\u00eda, se les autoriz\u00f3 para que celebraran una festividad en memoria de los Siete Dolores, el tercer domingo de setiembre de todos los a\u00f1os.<\/p>\n<p><strong>Los siete dolores son:<\/strong><\/p>\n<ul>\n<li>La profec\u00eda del anciano Sime\u00f3n.<\/li>\n<li>La huida a Egipto<\/li>\n<li>El ni\u00f1o Jes\u00fas perdido<\/li>\n<li>Mar\u00eda encuentra a Jes\u00fas cargado con la Cruz<\/li>\n<li>Quinto dolor Mar\u00eda al pie de la cruz<\/li>\n<li>Mar\u00eda recibe en sus brazos el cuerpo difunto de su hijo<\/li>\n<li>Sepultura de Jes\u00fas y Soledad de Mar\u00eda, nuestra Madre<\/li>\n<\/ul>\n<p>&nbsp;<\/p>\n<table>\n<tbody>\n<tr>\n<td colspan=\"2\"><strong>Primer Dolor \u2013 La profec\u00eda de Sime\u00f3n <\/strong>(cf. Lucas 2,22-35)<\/td>\n<\/tr>\n<tr>\n<td><a href=\"http:\/\/logronopasion.com\/portal\/wp-content\/uploads\/2012\/09\/1-Dolor.jpg\"><img loading=\"lazy\" decoding=\"async\" class=\"alignleft size-full wp-image-930\" src=\"http:\/\/logronopasion.com\/portal\/wp-content\/uploads\/2012\/09\/1-Dolor.jpg\" alt=\"\" width=\"114\" height=\"139\" \/><\/a><\/td>\n<td>Qu\u00e9 grande fue el impacto en el Coraz\u00f3n de Mar\u00eda, cuando oy\u00f3 las tristes palabras con las que Sime\u00f3n le profetiz\u00f3 la amarga Pasi\u00f3n y muerte de su dulce Jes\u00fas. Querida Madre, obt\u00e9n para m\u00ed un aut\u00e9ntico arrepentimiento por mis pecados.<\/td>\n<\/tr>\n<tr>\n<td colspan=\"2\"><strong>Segundo Dolor \u2013 La huida a Egipto <\/strong>(Mateo 2,13-15)<\/td>\n<\/tr>\n<tr>\n<td><a href=\"http:\/\/logronopasion.com\/portal\/wp-content\/uploads\/2012\/09\/2-Dolor.jpg\"><img loading=\"lazy\" decoding=\"async\" class=\"alignleft size-full wp-image-931\" src=\"http:\/\/logronopasion.com\/portal\/wp-content\/uploads\/2012\/09\/2-Dolor.jpg\" alt=\"\" width=\"113\" height=\"143\" \/><\/a><\/td>\n<td>Considera el agudo dolor que Mar\u00eda sinti\u00f3 cuando ella y Jos\u00e9 tuvieron que huir repentinamente de noche, a fin de salvar a su querido Hijo de la matanza decretada por Herodes. Cu\u00e1nta angustia la de Mar\u00eda, cu\u00e1ntas fueron sus privaciones durante tan largo viaje. Cu\u00e1ntos sufrimientos experiment\u00f3 Ella en la tierra del exilio. Madre Dolorosa, alc\u00e1nzame la gracia de perseverar en la confianza y el abandono a Dios, a\u00fan en los momentos m\u00e1s dif\u00edciles de mi vida.<\/td>\n<\/tr>\n<tr>\n<td colspan=\"2\"><strong>Tercer Dolor \u2013 El Ni\u00f1o perdido en el Templo <\/strong>(Lucas 2,41 -50)<\/td>\n<\/tr>\n<tr>\n<td><a href=\"http:\/\/logronopasion.com\/portal\/wp-content\/uploads\/2012\/09\/3-Dolor.jpg\"><img loading=\"lazy\" decoding=\"async\" class=\"alignleft size-full wp-image-932\" src=\"http:\/\/logronopasion.com\/portal\/wp-content\/uploads\/2012\/09\/3-Dolor.jpg\" alt=\"\" width=\"112\" height=\"142\" \/><\/a><\/td>\n<td>Qu\u00e9 angustioso fue el dolor de Mar\u00eda cuando se percat\u00f3 de que hab\u00eda perdido a su querido Hijo. Llena de preocupaci\u00f3n y fatiga, regres\u00f3 con Jos\u00e9 a Jerusal\u00e9n. Durante tres largos d\u00edas buscaron a Jes\u00fas, hasta que lo encontraron en el templo. Madre querida, cuando el pecado me lleve a perder a Jes\u00fas, ay\u00fadame a encontrarlo de nuevo a trav\u00e9s del Sacramento de la Reconciliaci\u00f3n.<\/td>\n<\/tr>\n<tr>\n<td colspan=\"2\"><strong>Cuarto Dolor \u2013 Mar\u00eda se encuentra con Jes\u00fas camino al Calvario <\/strong>(IV Estaci\u00f3n del V\u00eda Crucis)<\/td>\n<\/tr>\n<tr>\n<td><a href=\"http:\/\/logronopasion.com\/portal\/wp-content\/uploads\/2012\/09\/5-Dolor.gif\"><img loading=\"lazy\" decoding=\"async\" class=\"alignleft size-full wp-image-933\" src=\"http:\/\/logronopasion.com\/portal\/wp-content\/uploads\/2012\/09\/5-Dolor.gif\" alt=\"\" width=\"107\" height=\"133\" \/><\/a><\/td>\n<td>Ac\u00e9rcate, querido cristiano, ven y ve si puedes soportar tan triste escena. Esta Madre, tan dulce y amorosa, se encuentra con su Hijo en medio de quienes lo arrastran a tan cruel muerte. Consideren el tremendo dolor que sintieron cuando sus ojos se encontraron \u2013 el dolor de la Madre bendita que intentaba dar apoyo a su Hijo. Mar\u00eda, yo tambi\u00e9n quiero acompa\u00f1ar a Jes\u00fas en Su Pasi\u00f3n, ay\u00fadame a reconocerlo en mis hermanos y hermanas que sufren.<\/td>\n<\/tr>\n<tr>\n<td colspan=\"2\"><strong>Quinto Dolor \u2013 Jes\u00fas muere en la Cruz<\/strong> (Juan 19,17-39)<\/td>\n<\/tr>\n<tr>\n<td><a href=\"http:\/\/logronopasion.com\/portal\/wp-content\/uploads\/2012\/09\/5-Dolor.jpg\"><img loading=\"lazy\" decoding=\"async\" class=\"alignleft  wp-image-934\" src=\"http:\/\/logronopasion.com\/portal\/wp-content\/uploads\/2012\/09\/5-Dolor.jpg\" alt=\"\" width=\"107\" height=\"145\" \/><\/a><\/td>\n<td>Contempla los dos sacrificios en el Calvario \u2013 uno, el cuerpo de Jes\u00fas; el otro, el coraz\u00f3n de Mar\u00eda. Triste es el espect\u00e1culo de la Madre del Redentor viendo a su querido Hijo cruelmente clavado en la cruz. Ella permaneci\u00f3 al pie de la cruz y oy\u00f3 a su Hijo prometerle el cielo a un ladr\u00f3n y perdonar a Sus enemigos. Sus \u00faltimas palabras dirigidas a Ella fueron: <em>\u201cMadre, he ah\u00ed a tu hijo.\u201d <\/em>Y a nosotros nos dijo en Juan: <em>\u201cHijo, he ah\u00ed a tu Madre.\u201d <\/em>Mar\u00eda, yo te acepto como mi Madre y quiero recordar siempre que T\u00fa nunca le fallas a tus hijos.<\/td>\n<\/tr>\n<tr>\n<td colspan=\"2\"><strong>Sexto Dolor \u2013 Mar\u00eda recibe el Cuerpo de Jes\u00fas al ser bajado de la Cruz<\/strong> (Marcos 15, 42-46)<\/td>\n<\/tr>\n<tr>\n<td><a href=\"http:\/\/logronopasion.com\/portal\/wp-content\/uploads\/2012\/09\/6-Dolor.jpg\"><img loading=\"lazy\" decoding=\"async\" class=\"alignleft size-full wp-image-935\" src=\"http:\/\/logronopasion.com\/portal\/wp-content\/uploads\/2012\/09\/6-Dolor.jpg\" alt=\"\" width=\"91\" height=\"125\" \/><\/a><\/td>\n<td>Considera el amargo dolor que sinti\u00f3 el Coraz\u00f3n de Mar\u00eda cuando el cuerpo de su querido Jes\u00fas fue bajado de la cruz y colocado en su regazo. Oh, Madre Dolorosa, nuestros corazones se estremecen al ver tanta aflicci\u00f3n. Haz que permanezcamos fieles a Jes\u00fas hasta el \u00faltimo instante de nuestras vidas.<\/td>\n<\/tr>\n<tr>\n<td colspan=\"2\"><strong>S\u00e9ptimo Dolor -Jes\u00fas es colocado en el Sepulcro <\/strong>(Juan 19, 38-42)<\/td>\n<\/tr>\n<tr>\n<td><a href=\"http:\/\/logronopasion.com\/portal\/wp-content\/uploads\/2012\/09\/7-Dolor.gif\"><img loading=\"lazy\" decoding=\"async\" class=\"alignleft size-full wp-image-936\" src=\"http:\/\/logronopasion.com\/portal\/wp-content\/uploads\/2012\/09\/7-Dolor.gif\" alt=\"\" width=\"103\" height=\"141\" \/><\/a><\/td>\n<td>\u00a1Oh Madre, tan afligida! Ya que en la persona del ap\u00f3stol San Juan nos acogiste como a tus hijos al pie de la cruz y ello a costa de dolores tan acerbos, intercede por nosotros y alc\u00e1nzanos las gracias que te pedimos en esta oraci\u00f3n. Alc\u00e1nzanos, sobre todo, oh Madre tierna y compasiva, la gracia de vivir y perseverar siempre en el servicio de tu Hijo amad\u00edsimo, a fin de que merezcamos alabarlo eternamente en el cielo.<\/td>\n<\/tr>\n<\/tbody>\n<\/table>\n<p><strong>Las Siete Gracias.<\/strong><\/p>\n<p>Santa Br\u00edgida, era hija de Birgerio, gobernador de Uplandia, la principal provincia de Suecia. La madre de Br\u00edgida, Ingerborg; era hija del gobernador de Gotlandia oriental. Ingerborg muri\u00f3 hacia 1315 y dej\u00f3 varios hijos. Br\u00edgida, que ten\u00eda entonces doce a\u00f1os aproximadamente, fue educada por una t\u00eda suya en Aspenas. A los tres a\u00f1os, hablaba con perfecta claridad, como si fuese una persona mayor, y su bondad y devoci\u00f3n fueron tan precoces como su lenguaje. Sin embargo, la santa confesaba que de joven hab\u00eda sido inclinada al orgullo y la presunci\u00f3n.<\/p>\n<p>Ya a los siete a\u00f1os tuvo una visi\u00f3n de la Reina de los cielos. A los diez, a ra\u00edz de un serm\u00f3n sobre la Pasi\u00f3n de Cristo que la impresion\u00f3 mucho, so\u00f1\u00f3 que ve\u00eda al Se\u00f1or clavado en la cruz y oy\u00f3 estas palabras: \u201cMira en qu\u00e9 estado estoy, hija m\u00eda.\u201d \u201c\u00bfQui\u00e9n os ha hecho eso, Se\u00f1or?\u201d, pregunt\u00f3 la ni\u00f1a. Y Cristo respondi\u00f3: \u201cLos que me desprecian y se burlan de mi amor.\u201d Esa visi\u00f3n dej\u00f3 una huella imborrable en Br\u00edgida y, desde entonces, la Pasi\u00f3n del Se\u00f1or se convirti\u00f3 en el centro de su vida espiritual.<\/p>\n<p>Br\u00edgida empez\u00f3 a tener por entonces las visiones que hab\u00edan de hacerla famosa. Estas versaban sobre las m\u00e1s diversas materias. Pero tales visiones no impresionaban a los cortesanos, quienes sol\u00edan preguntar con iron\u00eda: \u201c\u00bfQu\u00e9 so\u00f1\u00f3 Do\u00f1a Br\u00edgida anoche?\u201d<\/p>\n<p>Siempre los cristianos han aprendido de la Virgen a mejor amar a Jesucristo. La devoci\u00f3n a los Siete Dolores de la Virgen Mar\u00eda se desarroll\u00f3 por diversas revelaciones privadas.<\/p>\n<p>Es en una de \u00e9stas \u201cvisiones\u201d, (a\u00f1os \u00a01303-1373), donde\u00a0se le apareci\u00f3 la Virgen Mar\u00eda y le dijo:<\/p>\n<p><strong>\u201cMiro a todos los que viven en el mundo para ver si hay quien se compadezca de M\u00ed y medite mi dolor, m\u00e1s hallo poqu\u00edsimos que piensen en mi tribulaci\u00f3n y padecimientos. Por eso t\u00fa, hija m\u00eda, no te olvides de M\u00ed que soy olvidada y menospreciada por muchos. Mira mi dolor e im\u00edtame en lo que pudieres. Considera mis angustias y mis l\u00e1grimas y du\u00e9lete de que sean tan pocos los amigos de Dios.\u201d<\/strong><\/p>\n<p>Y Nuestra Se\u00f1ora, prometi\u00f3 que conceder\u00eda siete gracias a aquellas almas que la honren y acompa\u00f1en diariamente, rezando siete Ave Mar\u00edas mientras meditan en sus l\u00e1grimas y dolores:<\/p>\n<p><strong>1. \u201cYo conceder\u00e9 la paz a sus familias.\u201d<br \/>\n2. \u201cSer\u00e1n iluminadas en cuanto a los divinos Misterios.\u201d<br \/>\n3. \u201cYo las consolar\u00e9 en sus penas y las acompa\u00f1ar\u00e9 en sus trabajos.\u00bb<br \/>\n4. \u201cLes dar\u00e9 cuanto me pidan, con tal de que no se oponga a la adorable voluntad de mi divino Hijo o a la salvaci\u00f3n de sus almas.\u201d<br \/>\n5. \u201cLos defender\u00e9 en sus batallas espirituales contra el enemigo infernal y las proteger\u00e9 cada instante de sus vidas.\u201d<br \/>\n6. \u201cLes asistir\u00e9 visiblemente en el momento de su muerte y ver\u00e1n el rostro de su Madre.<br \/>\n7. \u201cHe conseguido de mi Divino Hijo que todos aquellos que propaguen la devoci\u00f3n a mis l\u00e1grimas y dolores, sean llevadas directamente de esta vida terrena a la felicidad eterna ya que todos sus pecados ser\u00e1n perdonados y mi Hijo ser\u00e1 su consuelo y gozo eterno.\u201d<\/strong><\/p>\n<p>As\u00ed mismo, seg\u00fan San Alfonso Mar\u00eda Ligorio<strong>,<\/strong> Jesucristo Nuestro Se\u00f1or, revel\u00f3 a Santa Isabel de Hungr\u00eda que El conceder\u00eda cuatro gracias especiales a los devotos de los dolores de Su Madre Sant\u00edsima:<\/p>\n<ol>\n<li>Aquellos que antes de su muerte invoquen a la Sant\u00edsima Madre en nombre de sus dolores, obtendr\u00e1n una contrici\u00f3n perfecta de todos sus pecados.<\/li>\n<li>Proteger\u00e9 en sus tribulaciones a todos los que recuerden esta devoci\u00f3n y los proteger\u00e9 muy especialmente a la hora de su muerte.<\/li>\n<li>Imprimir\u00e9 en sus mentes el recuerdo de Mi Pasi\u00f3n y tendr\u00e1n su recompensa en el cielo.<\/li>\n<li>Encomendar\u00e9 a estas almas devotas en manos de Mar\u00eda mi Madre, a fin de que les obtenga todas las gracias que quiera derramar en ellas.<\/li>\n<\/ol>\n<p><strong>\u00a0<\/strong><\/p>\n<p>Al pie de la Cruz, donde una espada de dolor atraves\u00f3 el coraz\u00f3n de Mar\u00eda, Jes\u00fas nos entreg\u00f3 a Su Madre como Madre nuestra poco antes de morir. En respuesta a esta demostraci\u00f3n suprema de Su amor por nosotros, digamos cada d\u00eda de nuestras vidas: <strong>\u201cS\u00ed, Ella es mi Madre. Jes\u00fas, yo la recibo y Te pido que me prestes Tu Coraz\u00f3n para amar a Mar\u00eda como T\u00fa la amas.\u201d<\/strong><\/p>\n<p><strong>Oraci\u00f3n final<\/strong><\/p>\n<p>Oh Doloroso e Inmaculado Coraz\u00f3n de Mar\u00eda, morada de pureza y santidad, cubre mi alma con tu protecci\u00f3n maternal a fin de que siendo siempre fiel a la voz de Jes\u00fas, responda a Su amor y obedezca Su divina voluntad. Quiero, Madre m\u00eda, vivir \u00edntimamente unido a tu Coraz\u00f3n que est\u00e1 totalmente unido al Coraz\u00f3n de tu Divino Hijo. \u00c1tame a tu Coraz\u00f3n y al Coraz\u00f3n de Jes\u00fas con tus virtudes y dolores. Prot\u00e9geme siempre. <strong>Am\u00e9n.<\/strong><\/p>\n<p>&nbsp;<\/p>\n","protected":false},"excerpt":{"rendered":"<p>Hoy 18 de marzo de 2016, Viernes de Dolor, Procesi\u00f3n de la Virgen Nuestra Se\u00f1ora de los Dolores a las 19.30 horas. Historia de la Hermandad de Nuestra Se\u00f1ora de los Dolores La devoci\u00f3n a la Virgen de los Dolores\u00a0 en\u00a0 la\u00a0 parroquia\u00a0 de Santiago el Real viene de antiguo. Se tienen noticias de que a mediados del siglo pasado (Siglo XIX), se celebraban solemnes cultos en su honor, cultos que culminaban en una solemne novena que terminaba el d\u00eda de su fiesta, Viernes de Dolores, y a su final se hac\u00eda una procesi\u00f3n con su imagen por las calles&hellip; <\/p>\n","protected":false},"author":18,"featured_media":0,"comment_status":"open","ping_status":"open","sticky":false,"template":"","format":"standard","meta":{"_bbp_topic_count":0,"_bbp_reply_count":0,"_bbp_total_topic_count":0,"_bbp_total_reply_count":0,"_bbp_voice_count":0,"_bbp_anonymous_reply_count":0,"_bbp_topic_count_hidden":0,"_bbp_reply_count_hidden":0,"_bbp_forum_subforum_count":0,"_crdt_document":"","footnotes":""},"categories":[1],"tags":[],"class_list":["post-4653","post","type-post","status-publish","format-standard","hentry","category-noticias"],"yoast_head":"<!-- This site is optimized with the Yoast SEO plugin v27.5 - https:\/\/yoast.com\/product\/yoast-seo-wordpress\/ -->\n<title>Nuestra Se\u00f1ora de los Dolores - Logro\u00f1o Pasi\u00f3n<\/title>\n<meta name=\"robots\" content=\"index, follow, max-snippet:-1, max-image-preview:large, max-video-preview:-1\" \/>\n<link rel=\"canonical\" href=\"https:\/\/www.logronopasion.com\/portal\/nuestra-senora-los-dolores-4\/\" \/>\n<meta property=\"og:locale\" content=\"es_ES\" \/>\n<meta property=\"og:type\" content=\"article\" \/>\n<meta property=\"og:title\" content=\"Nuestra Se\u00f1ora de los Dolores - Logro\u00f1o Pasi\u00f3n\" \/>\n<meta property=\"og:description\" content=\"Hoy 18 de marzo de 2016, Viernes de Dolor, Procesi\u00f3n de la Virgen Nuestra Se\u00f1ora de los Dolores a las 19.30 horas. Historia de la Hermandad de Nuestra Se\u00f1ora de los Dolores La devoci\u00f3n a la Virgen de los Dolores\u00a0 en\u00a0 la\u00a0 parroquia\u00a0 de Santiago el Real viene de antiguo. Se tienen noticias de que a mediados del siglo pasado (Siglo XIX), se celebraban solemnes cultos en su honor, cultos que culminaban en una solemne novena que terminaba el d\u00eda de su fiesta, Viernes de Dolores, y a su final se hac\u00eda una procesi\u00f3n con su imagen por las calles&hellip;\" \/>\n<meta property=\"og:url\" content=\"https:\/\/www.logronopasion.com\/portal\/nuestra-senora-los-dolores-4\/\" \/>\n<meta property=\"og:site_name\" content=\"Logro\u00f1o Pasi\u00f3n\" \/>\n<meta property=\"article:publisher\" content=\"https:\/\/www.facebook.com\/logronopasion\" \/>\n<meta property=\"article:published_time\" content=\"2016-03-18T16:54:39+00:00\" \/>\n<meta property=\"og:image\" content=\"http:\/\/logronopasion.com\/portal\/wp-content\/uploads\/2013\/09\/retocadadolorosa.jpg\" \/>\n<meta name=\"author\" content=\"Logronopasion.com\" \/>\n<meta name=\"twitter:card\" content=\"summary_large_image\" \/>\n<meta name=\"twitter:creator\" content=\"@LogronoPasion\" \/>\n<meta name=\"twitter:site\" content=\"@LogronoPasion\" \/>\n<meta name=\"twitter:label1\" content=\"Escrito por\" \/>\n\t<meta name=\"twitter:data1\" content=\"Logronopasion.com\" \/>\n\t<meta name=\"twitter:label2\" content=\"Tiempo de lectura\" \/>\n\t<meta name=\"twitter:data2\" content=\"16 minutos\" \/>\n<script type=\"application\/ld+json\" class=\"yoast-schema-graph\">{\"@context\":\"https:\\\/\\\/schema.org\",\"@graph\":[{\"@type\":\"Article\",\"@id\":\"https:\\\/\\\/www.logronopasion.com\\\/portal\\\/nuestra-senora-los-dolores-4\\\/#article\",\"isPartOf\":{\"@id\":\"https:\\\/\\\/www.logronopasion.com\\\/portal\\\/nuestra-senora-los-dolores-4\\\/\"},\"author\":{\"name\":\"Logronopasion.com\",\"@id\":\"https:\\\/\\\/www.logronopasion.com\\\/portal\\\/#\\\/schema\\\/person\\\/39728c7f1ab39edc31b0bc671a7fcb0b\"},\"headline\":\"Nuestra Se\u00f1ora de los Dolores\",\"datePublished\":\"2016-03-18T16:54:39+00:00\",\"mainEntityOfPage\":{\"@id\":\"https:\\\/\\\/www.logronopasion.com\\\/portal\\\/nuestra-senora-los-dolores-4\\\/\"},\"wordCount\":3168,\"commentCount\":0,\"publisher\":{\"@id\":\"https:\\\/\\\/www.logronopasion.com\\\/portal\\\/#organization\"},\"image\":{\"@id\":\"https:\\\/\\\/www.logronopasion.com\\\/portal\\\/nuestra-senora-los-dolores-4\\\/#primaryimage\"},\"thumbnailUrl\":\"http:\\\/\\\/logronopasion.com\\\/portal\\\/wp-content\\\/uploads\\\/2013\\\/09\\\/retocadadolorosa.jpg\",\"articleSection\":[\"Noticias \\\/ Actualidad\"],\"inLanguage\":\"es\",\"potentialAction\":[{\"@type\":\"CommentAction\",\"name\":\"Comment\",\"target\":[\"https:\\\/\\\/www.logronopasion.com\\\/portal\\\/nuestra-senora-los-dolores-4\\\/#respond\"]}]},{\"@type\":\"WebPage\",\"@id\":\"https:\\\/\\\/www.logronopasion.com\\\/portal\\\/nuestra-senora-los-dolores-4\\\/\",\"url\":\"https:\\\/\\\/www.logronopasion.com\\\/portal\\\/nuestra-senora-los-dolores-4\\\/\",\"name\":\"Nuestra Se\u00f1ora de los Dolores - Logro\u00f1o Pasi\u00f3n\",\"isPartOf\":{\"@id\":\"https:\\\/\\\/www.logronopasion.com\\\/portal\\\/#website\"},\"primaryImageOfPage\":{\"@id\":\"https:\\\/\\\/www.logronopasion.com\\\/portal\\\/nuestra-senora-los-dolores-4\\\/#primaryimage\"},\"image\":{\"@id\":\"https:\\\/\\\/www.logronopasion.com\\\/portal\\\/nuestra-senora-los-dolores-4\\\/#primaryimage\"},\"thumbnailUrl\":\"http:\\\/\\\/logronopasion.com\\\/portal\\\/wp-content\\\/uploads\\\/2013\\\/09\\\/retocadadolorosa.jpg\",\"datePublished\":\"2016-03-18T16:54:39+00:00\",\"inLanguage\":\"es\",\"potentialAction\":[{\"@type\":\"ReadAction\",\"target\":[\"https:\\\/\\\/www.logronopasion.com\\\/portal\\\/nuestra-senora-los-dolores-4\\\/\"]}]},{\"@type\":\"ImageObject\",\"inLanguage\":\"es\",\"@id\":\"https:\\\/\\\/www.logronopasion.com\\\/portal\\\/nuestra-senora-los-dolores-4\\\/#primaryimage\",\"url\":\"http:\\\/\\\/logronopasion.com\\\/portal\\\/wp-content\\\/uploads\\\/2013\\\/09\\\/retocadadolorosa.jpg\",\"contentUrl\":\"http:\\\/\\\/logronopasion.com\\\/portal\\\/wp-content\\\/uploads\\\/2013\\\/09\\\/retocadadolorosa.jpg\"},{\"@type\":\"WebSite\",\"@id\":\"https:\\\/\\\/www.logronopasion.com\\\/portal\\\/#website\",\"url\":\"https:\\\/\\\/www.logronopasion.com\\\/portal\\\/\",\"name\":\"Logro\u00f1o Pasi\u00f3n\",\"description\":\"Portal sobre la Semana Santa de Logro\u00f1o\",\"publisher\":{\"@id\":\"https:\\\/\\\/www.logronopasion.com\\\/portal\\\/#organization\"},\"potentialAction\":[{\"@type\":\"SearchAction\",\"target\":{\"@type\":\"EntryPoint\",\"urlTemplate\":\"https:\\\/\\\/www.logronopasion.com\\\/portal\\\/?s={search_term_string}\"},\"query-input\":{\"@type\":\"PropertyValueSpecification\",\"valueRequired\":true,\"valueName\":\"search_term_string\"}}],\"inLanguage\":\"es\"},{\"@type\":\"Organization\",\"@id\":\"https:\\\/\\\/www.logronopasion.com\\\/portal\\\/#organization\",\"name\":\"Logro\u00f1o Pasi\u00f3n\",\"url\":\"https:\\\/\\\/www.logronopasion.com\\\/portal\\\/\",\"logo\":{\"@type\":\"ImageObject\",\"inLanguage\":\"es\",\"@id\":\"https:\\\/\\\/www.logronopasion.com\\\/portal\\\/#\\\/schema\\\/logo\\\/image\\\/\",\"url\":\"https:\\\/\\\/i2.wp.com\\\/logronopasion.com\\\/portal\\\/wp-content\\\/uploads\\\/2019\\\/04\\\/cropped-Header-1.jpg?fit=312%2C212&ssl=1\",\"contentUrl\":\"https:\\\/\\\/i2.wp.com\\\/logronopasion.com\\\/portal\\\/wp-content\\\/uploads\\\/2019\\\/04\\\/cropped-Header-1.jpg?fit=312%2C212&ssl=1\",\"width\":312,\"height\":212,\"caption\":\"Logro\u00f1o Pasi\u00f3n\"},\"image\":{\"@id\":\"https:\\\/\\\/www.logronopasion.com\\\/portal\\\/#\\\/schema\\\/logo\\\/image\\\/\"},\"sameAs\":[\"https:\\\/\\\/www.facebook.com\\\/logronopasion\",\"https:\\\/\\\/x.com\\\/LogronoPasion\"]},{\"@type\":\"Person\",\"@id\":\"https:\\\/\\\/www.logronopasion.com\\\/portal\\\/#\\\/schema\\\/person\\\/39728c7f1ab39edc31b0bc671a7fcb0b\",\"name\":\"Logronopasion.com\",\"image\":{\"@type\":\"ImageObject\",\"inLanguage\":\"es\",\"@id\":\"https:\\\/\\\/secure.gravatar.com\\\/avatar\\\/c6b3e81c20ae7dec59cda0fd11915cb052ff1705cd134db04112b35441792010?s=96&d=mm&r=g\",\"url\":\"https:\\\/\\\/secure.gravatar.com\\\/avatar\\\/c6b3e81c20ae7dec59cda0fd11915cb052ff1705cd134db04112b35441792010?s=96&d=mm&r=g\",\"contentUrl\":\"https:\\\/\\\/secure.gravatar.com\\\/avatar\\\/c6b3e81c20ae7dec59cda0fd11915cb052ff1705cd134db04112b35441792010?s=96&d=mm&r=g\",\"caption\":\"Logronopasion.com\"},\"url\":\"https:\\\/\\\/www.logronopasion.com\\\/portal\\\/author\\\/logronopasion-com\\\/\"}]}<\/script>\n<!-- \/ Yoast SEO plugin. -->","yoast_head_json":{"title":"Nuestra Se\u00f1ora de los Dolores - Logro\u00f1o Pasi\u00f3n","robots":{"index":"index","follow":"follow","max-snippet":"max-snippet:-1","max-image-preview":"max-image-preview:large","max-video-preview":"max-video-preview:-1"},"canonical":"https:\/\/www.logronopasion.com\/portal\/nuestra-senora-los-dolores-4\/","og_locale":"es_ES","og_type":"article","og_title":"Nuestra Se\u00f1ora de los Dolores - Logro\u00f1o Pasi\u00f3n","og_description":"Hoy 18 de marzo de 2016, Viernes de Dolor, Procesi\u00f3n de la Virgen Nuestra Se\u00f1ora de los Dolores a las 19.30 horas. Historia de la Hermandad de Nuestra Se\u00f1ora de los Dolores La devoci\u00f3n a la Virgen de los Dolores\u00a0 en\u00a0 la\u00a0 parroquia\u00a0 de Santiago el Real viene de antiguo. Se tienen noticias de que a mediados del siglo pasado (Siglo XIX), se celebraban solemnes cultos en su honor, cultos que culminaban en una solemne novena que terminaba el d\u00eda de su fiesta, Viernes de Dolores, y a su final se hac\u00eda una procesi\u00f3n con su imagen por las calles&hellip;","og_url":"https:\/\/www.logronopasion.com\/portal\/nuestra-senora-los-dolores-4\/","og_site_name":"Logro\u00f1o Pasi\u00f3n","article_publisher":"https:\/\/www.facebook.com\/logronopasion","article_published_time":"2016-03-18T16:54:39+00:00","og_image":[{"url":"http:\/\/logronopasion.com\/portal\/wp-content\/uploads\/2013\/09\/retocadadolorosa.jpg","type":"","width":"","height":""}],"author":"Logronopasion.com","twitter_card":"summary_large_image","twitter_creator":"@LogronoPasion","twitter_site":"@LogronoPasion","twitter_misc":{"Escrito por":"Logronopasion.com","Tiempo de lectura":"16 minutos"},"schema":{"@context":"https:\/\/schema.org","@graph":[{"@type":"Article","@id":"https:\/\/www.logronopasion.com\/portal\/nuestra-senora-los-dolores-4\/#article","isPartOf":{"@id":"https:\/\/www.logronopasion.com\/portal\/nuestra-senora-los-dolores-4\/"},"author":{"name":"Logronopasion.com","@id":"https:\/\/www.logronopasion.com\/portal\/#\/schema\/person\/39728c7f1ab39edc31b0bc671a7fcb0b"},"headline":"Nuestra Se\u00f1ora de los Dolores","datePublished":"2016-03-18T16:54:39+00:00","mainEntityOfPage":{"@id":"https:\/\/www.logronopasion.com\/portal\/nuestra-senora-los-dolores-4\/"},"wordCount":3168,"commentCount":0,"publisher":{"@id":"https:\/\/www.logronopasion.com\/portal\/#organization"},"image":{"@id":"https:\/\/www.logronopasion.com\/portal\/nuestra-senora-los-dolores-4\/#primaryimage"},"thumbnailUrl":"http:\/\/logronopasion.com\/portal\/wp-content\/uploads\/2013\/09\/retocadadolorosa.jpg","articleSection":["Noticias \/ Actualidad"],"inLanguage":"es","potentialAction":[{"@type":"CommentAction","name":"Comment","target":["https:\/\/www.logronopasion.com\/portal\/nuestra-senora-los-dolores-4\/#respond"]}]},{"@type":"WebPage","@id":"https:\/\/www.logronopasion.com\/portal\/nuestra-senora-los-dolores-4\/","url":"https:\/\/www.logronopasion.com\/portal\/nuestra-senora-los-dolores-4\/","name":"Nuestra Se\u00f1ora de los Dolores - Logro\u00f1o Pasi\u00f3n","isPartOf":{"@id":"https:\/\/www.logronopasion.com\/portal\/#website"},"primaryImageOfPage":{"@id":"https:\/\/www.logronopasion.com\/portal\/nuestra-senora-los-dolores-4\/#primaryimage"},"image":{"@id":"https:\/\/www.logronopasion.com\/portal\/nuestra-senora-los-dolores-4\/#primaryimage"},"thumbnailUrl":"http:\/\/logronopasion.com\/portal\/wp-content\/uploads\/2013\/09\/retocadadolorosa.jpg","datePublished":"2016-03-18T16:54:39+00:00","inLanguage":"es","potentialAction":[{"@type":"ReadAction","target":["https:\/\/www.logronopasion.com\/portal\/nuestra-senora-los-dolores-4\/"]}]},{"@type":"ImageObject","inLanguage":"es","@id":"https:\/\/www.logronopasion.com\/portal\/nuestra-senora-los-dolores-4\/#primaryimage","url":"http:\/\/logronopasion.com\/portal\/wp-content\/uploads\/2013\/09\/retocadadolorosa.jpg","contentUrl":"http:\/\/logronopasion.com\/portal\/wp-content\/uploads\/2013\/09\/retocadadolorosa.jpg"},{"@type":"WebSite","@id":"https:\/\/www.logronopasion.com\/portal\/#website","url":"https:\/\/www.logronopasion.com\/portal\/","name":"Logro\u00f1o Pasi\u00f3n","description":"Portal sobre la Semana Santa de Logro\u00f1o","publisher":{"@id":"https:\/\/www.logronopasion.com\/portal\/#organization"},"potentialAction":[{"@type":"SearchAction","target":{"@type":"EntryPoint","urlTemplate":"https:\/\/www.logronopasion.com\/portal\/?s={search_term_string}"},"query-input":{"@type":"PropertyValueSpecification","valueRequired":true,"valueName":"search_term_string"}}],"inLanguage":"es"},{"@type":"Organization","@id":"https:\/\/www.logronopasion.com\/portal\/#organization","name":"Logro\u00f1o Pasi\u00f3n","url":"https:\/\/www.logronopasion.com\/portal\/","logo":{"@type":"ImageObject","inLanguage":"es","@id":"https:\/\/www.logronopasion.com\/portal\/#\/schema\/logo\/image\/","url":"https:\/\/i2.wp.com\/logronopasion.com\/portal\/wp-content\/uploads\/2019\/04\/cropped-Header-1.jpg?fit=312%2C212&ssl=1","contentUrl":"https:\/\/i2.wp.com\/logronopasion.com\/portal\/wp-content\/uploads\/2019\/04\/cropped-Header-1.jpg?fit=312%2C212&ssl=1","width":312,"height":212,"caption":"Logro\u00f1o Pasi\u00f3n"},"image":{"@id":"https:\/\/www.logronopasion.com\/portal\/#\/schema\/logo\/image\/"},"sameAs":["https:\/\/www.facebook.com\/logronopasion","https:\/\/x.com\/LogronoPasion"]},{"@type":"Person","@id":"https:\/\/www.logronopasion.com\/portal\/#\/schema\/person\/39728c7f1ab39edc31b0bc671a7fcb0b","name":"Logronopasion.com","image":{"@type":"ImageObject","inLanguage":"es","@id":"https:\/\/secure.gravatar.com\/avatar\/c6b3e81c20ae7dec59cda0fd11915cb052ff1705cd134db04112b35441792010?s=96&d=mm&r=g","url":"https:\/\/secure.gravatar.com\/avatar\/c6b3e81c20ae7dec59cda0fd11915cb052ff1705cd134db04112b35441792010?s=96&d=mm&r=g","contentUrl":"https:\/\/secure.gravatar.com\/avatar\/c6b3e81c20ae7dec59cda0fd11915cb052ff1705cd134db04112b35441792010?s=96&d=mm&r=g","caption":"Logronopasion.com"},"url":"https:\/\/www.logronopasion.com\/portal\/author\/logronopasion-com\/"}]}},"_links":{"self":[{"href":"https:\/\/www.logronopasion.com\/portal\/wp-json\/wp\/v2\/posts\/4653","targetHints":{"allow":["GET"]}}],"collection":[{"href":"https:\/\/www.logronopasion.com\/portal\/wp-json\/wp\/v2\/posts"}],"about":[{"href":"https:\/\/www.logronopasion.com\/portal\/wp-json\/wp\/v2\/types\/post"}],"author":[{"embeddable":true,"href":"https:\/\/www.logronopasion.com\/portal\/wp-json\/wp\/v2\/users\/18"}],"replies":[{"embeddable":true,"href":"https:\/\/www.logronopasion.com\/portal\/wp-json\/wp\/v2\/comments?post=4653"}],"version-history":[{"count":2,"href":"https:\/\/www.logronopasion.com\/portal\/wp-json\/wp\/v2\/posts\/4653\/revisions"}],"predecessor-version":[{"id":4655,"href":"https:\/\/www.logronopasion.com\/portal\/wp-json\/wp\/v2\/posts\/4653\/revisions\/4655"}],"wp:attachment":[{"href":"https:\/\/www.logronopasion.com\/portal\/wp-json\/wp\/v2\/media?parent=4653"}],"wp:term":[{"taxonomy":"category","embeddable":true,"href":"https:\/\/www.logronopasion.com\/portal\/wp-json\/wp\/v2\/categories?post=4653"},{"taxonomy":"post_tag","embeddable":true,"href":"https:\/\/www.logronopasion.com\/portal\/wp-json\/wp\/v2\/tags?post=4653"}],"curies":[{"name":"wp","href":"https:\/\/api.w.org\/{rel}","templated":true}]}}