{"id":4857,"date":"2016-09-13T21:20:12","date_gmt":"2016-09-13T21:20:12","guid":{"rendered":"http:\/\/logronopasion.com\/portal\/?p=4857"},"modified":"2016-09-13T21:20:12","modified_gmt":"2016-09-13T21:20:12","slug":"bendito-y-santo-madero","status":"publish","type":"post","link":"https:\/\/www.logronopasion.com\/portal\/bendito-y-santo-madero\/","title":{"rendered":"Bendito y Santo Madero."},"content":{"rendered":"<p>La festividad que celebramos los Cristianos, hoy 14 de Septiembre,es \u00a0la Exaltaci\u00f3n de la Santa Cruz, Bendito y\u00a0Santo Madero, donde Cristo entreg\u00f3 su vida por la redenci\u00f3n de todos nosotros.\u00a0Es una festividad de las m\u00e1s hermosas, aunque no ha alcanzado el car\u00e1cter popular que ella se merece.<img loading=\"lazy\" decoding=\"async\" class=\"aligncenter wp-image-4860\" src=\"http:\/\/logronopasion.com\/portal\/wp-content\/uploads\/2016\/09\/ExaltacionCruz-14Septiembre.jpg\" alt=\"exaltacioncruz-14septiembre\" width=\"650\" height=\"361\" srcset=\"https:\/\/www.logronopasion.com\/portal\/wp-content\/uploads\/2016\/09\/ExaltacionCruz-14Septiembre.jpg 900w, https:\/\/www.logronopasion.com\/portal\/wp-content\/uploads\/2016\/09\/ExaltacionCruz-14Septiembre-300x167.jpg 300w, https:\/\/www.logronopasion.com\/portal\/wp-content\/uploads\/2016\/09\/ExaltacionCruz-14Septiembre-768x427.jpg 768w\" sizes=\"auto, (max-width: 650px) 100vw, 650px\" \/><\/p>\n<p>Esta fiesta se corresponde al Viernes Santo como el Corpus Christi se corresponde con el Jueves Santo. Pero en plena Semana Santa no caer\u00eda bien unas celebraciones festivas, alegres, de la Eucarist\u00eda y de la Redenci\u00f3n.<\/p>\n<p>&nbsp;<\/p>\n<p>El D\u00eda del Corpus viene a llenar esta ansia de nuestro coraz\u00f3n, la de celebrar el misterio eucar\u00edstico y la presencia del Se\u00f1or entre nosotros con una alegr\u00eda que es desbordante.<\/p>\n<p>&nbsp;<\/p>\n<p>Al igual, la muerte del Se\u00f1or en la Cruz es para los Evangelios, sobre todo para Juan, el triunfo, la victoria, la glorificaci\u00f3n de Jes\u00fas. Pero, \u00bfC\u00f3mo vamos a celebrar el Vienes Santo una jornada llena de j\u00fabilo, cuando lo que hace la Iglesia es llorar la muerte del Se\u00f1or?<\/p>\n<p>&nbsp;<\/p>\n<p>Esto es lo que hace la fiesta de hoy: Exaltar con gran alegr\u00eda y gozo, el triunfo de Jes\u00fas en la Cruz. Un triunfo en el cual creemos y lleno de esperanza. Por ello entonamos con entusiasmo en muchas de las celebraciones el canto \u00a1Oh Cristo, T\u00fa reinar\u00e1s! \u00a1Oh Cruz, t\u00fa nos salvar\u00e1s!\u2026 Himno eco de las palabras de Jes\u00fas, que dijo unos d\u00edas antes de morir \u201cCuando yo sea levantado de la tierra lo atraer\u00e9 todo hacia m\u00ed.\u201d<\/p>\n<p>&nbsp;<\/p>\n<p>El cristianismo es s\u00ed mismo, es un mensaje de total amor y entrega. \u00bfPor qu\u00e9 entonces exaltar la Cruz? Adem\u00e1s la Resurrecci\u00f3n, m\u00e1s que la Cruz, da sentido a nuestra vida.<\/p>\n<p>&nbsp;<\/p>\n<p>Pero ah\u00ed est\u00e1 la Cruz, el esc\u00e1ndalo de la Cruz, de San Pablo. Nosotros no hubi\u00e9ramos introducido la Cruz. Pero los caminos de Dios son diferentes. Los ap\u00f3stoles la rechazaban. Y nosotros tambi\u00e9n.<\/p>\n<p>&nbsp;<\/p>\n<p>La Cruz es fruto de la libertad y amor de Jes\u00fas. No era necesaria. Jes\u00fas la ha querido para mostrarnos su amor y su solidaridad con el dolor humano. Para compartir nuestro dolor y hacerlo redentor.<\/p>\n<p>&nbsp;<\/p>\n<p>Jes\u00fas no ha venido a suprimir el sufrimiento: el sufrimiento seguir\u00e1 presente entre nosotros. Tampoco ha venido para explicarlo: seguir\u00e1 siendo un misterio. Ha venido para acompa\u00f1arlo con su presencia. En presencia del dolor y muerte de Jes\u00fas, el Santo, el Inocente, el Cordero de Dios, no podemos rebelarnos ante nuestro sufrimiento ni ante el sufrimiento de los inocentes, aunque siga siendo un tremendo misterio.<\/p>\n<p><img loading=\"lazy\" decoding=\"async\" class=\"aligncenter wp-image-4864\" src=\"http:\/\/logronopasion.com\/portal\/wp-content\/uploads\/2016\/09\/pasion.jpg\" alt=\"pasion\" width=\"650\" height=\"260\" srcset=\"https:\/\/www.logronopasion.com\/portal\/wp-content\/uploads\/2016\/09\/pasion.jpg 750w, https:\/\/www.logronopasion.com\/portal\/wp-content\/uploads\/2016\/09\/pasion-300x120.jpg 300w\" sizes=\"auto, (max-width: 650px) 100vw, 650px\" \/><\/p>\n<p>Jes\u00fas, en plena juventud, es eliminado y lo acepta para abrirnos el para\u00edso con la fuerza de su bondad: \u201cEn plenitud de vida y de sendero dio el paso hacia la muerte porque El quiso. Mirad, de par en par, el para\u00edso, abierto por la fuerza de un Cordero\u201d (Himno de Laudes).<\/p>\n<p>&nbsp;<\/p>\n<p>En toda su vida Jes\u00fas no hizo m\u00e1s que bajar: en la Encarnaci\u00f3n, en Bel\u00e9n, en el destierro. Perseguido, humillado, condenado. S\u00f3lo sube para ir a la Cruz. Y en ella est\u00e1 elevado, como la serpiente en el desierto, para que le veamos mejor, para atraernos e infundirnos esperanza. Pues Jes\u00fas no nos salva desde fuera, como por arte de magia, sino compartiendo nuestros problemas. Jes\u00fas no est\u00e1 en la Cruz para adoctrinarnos ol\u00edmpicamente, con palabras, sino para compartir nuestro dolor solidariamente.<\/p>\n<p>&nbsp;<\/p>\n<p>Pero el disc\u00edpulo no es de mejor condici\u00f3n que el maestro, dice Jes\u00fas. Y a\u00f1ade: \u201cEl que quiera venirse conmigo, que reniegue de s\u00ed mismo, que cargue con su cruz y me siga\u201d. Es f\u00e1cil seguir a Jes\u00fas en Bel\u00e9n, en el Tabor. \u00a1Qu\u00e9 bien estamos aqu\u00ed!, dec\u00eda Pedro. En Getseman\u00ed se duerme, y, luego le niega.<\/p>\n<p>&nbsp;<\/p>\n<p>\u201cNo se va al cielo hoy ni de aqu\u00ed a veinte a\u00f1os. Se va cuando se es pobre y se est\u00e1 crucificado\u201d (Le\u00f3n Bloy). \u201cSube a mi Cruz. Yo no he bajado de ella todav\u00eda\u201d (El Se\u00f1or a Juan de la Cruz). No tengamos miedo. La Cruz es un signo m\u00e1s, enriquece, no es un signo menos. El sufrir pasa, el haber sufrido, la madurez adquirida en el dolor, no pasa jam\u00e1s. La Cruz son dos palos que se cruzan: si acomodamos nuestra voluntad a la de Dios, pesa menos. Si besamos la Cruz de Jes\u00fas, besemos la nuestra, astilla de la suya.<\/p>\n<p>&nbsp;<\/p>\n<p>Es la ambig\u00fcedad del dolor. El que no sufre, queda inmaduro. El que lo acepta, se santifica. El que lo rechaza, se amarga y se rebela.<\/p>\n<p><img loading=\"lazy\" decoding=\"async\" class=\"aligncenter size-full wp-image-2910\" src=\"http:\/\/logronopasion.com\/portal\/wp-content\/uploads\/2013\/09\/jesus-cruz-1.jpg\" alt=\"jesus-cruz-1\" width=\"667\" height=\"425\" srcset=\"https:\/\/www.logronopasion.com\/portal\/wp-content\/uploads\/2013\/09\/jesus-cruz-1.jpg 667w, https:\/\/www.logronopasion.com\/portal\/wp-content\/uploads\/2013\/09\/jesus-cruz-1-300x191.jpg 300w\" sizes=\"auto, (max-width: 667px) 100vw, 667px\" \/><\/p>\n<p>Jesucristo en lo alto de la Cruz, y elevado despu\u00e9s por el Padre a la mayor altura en el Cielo, ha atra\u00eddo todas las cosas y a todos hacia a S\u00ed. \u00a0En su Persona se resume todo lo creado. Los \u00e1ngeles lo adoran como a su Se\u00f1or, sentado como est\u00e1 a la derecha del Padre. Todos los hombres lo miran, mientras esperan de \u00c9l la salvaci\u00f3n.<\/p>\n<p>&nbsp;<\/p>\n<p>Las tres lecturas que nos trae la Liturgia de la Misa, aunque todas se refieren al Se\u00f1or Crucificado, las tres tienen un marcado aire de triunfo:<\/p>\n<p>&nbsp;<\/p>\n<p>En la primera contemplamos el gran signo de la Cruz en el desierto, cuando el pueblo se amotin\u00f3 contra Mois\u00e9s y vino el castigo de Dios.<\/p>\n<p><em>\u00a0<\/em><\/p>\n<p><em>\u2013 \u00a1Mois\u00e9s, Mois\u00e9s! \u00a1Que hemos pecado contra el Se\u00f1or y contra ti! \u00a1Pide a Dios que aleje de nosotros estas serpientes venenosas que causan la muerte a tantos en el campamento! <\/em><\/p>\n<p><em>Dios se compadece, y encarga a Mois\u00e9s: <\/em><\/p>\n<p><em>\u2013 Haz una serpiente de bronce y lev\u00e1ntala sobre un asta a la vista de todos. Quienes la miren al ser picados por las serpientes venenosas, se salvar\u00e1n. <\/em><\/p>\n<p><em>Jes\u00fas, hablando con Nicodemo, da el sentido propio de este hecho b\u00edblico tan relevante: <\/em><\/p>\n<p><em>\u2013 As\u00ed ser\u00e9 yo levantado en la Cruz. Quien me mire, aunque haya sido mordido por Satan\u00e1s, la serpiente infernal, tendr\u00e1 la vida eterna. <\/em><\/p>\n<p>&nbsp;<\/p>\n<p>En la segunda, es el poder de la fe en la salvaci\u00f3n que nos ha merecido Jes\u00fas con su pasi\u00f3n y su muerte. Y San Pablo, en uno de los pasajes mejores sus cartas, les dice a los de Filipos: \u201c<em>Cristo Jes\u00fas, a pesar de ser Dios, se humill\u00f3 tomando la forma de esclavo y haci\u00e9ndose obediente hasta la muerte, \u00a1y muerte en la cruz! Por eso Dios lo ensalz\u00f3, y le dio el nombre sobre todo nombre, de modo que al nombre de Jes\u00fas se doble toda rodilla en el cielo, en la tierra y en los abismos, y toda lengua proclame que Jesucristo es el Se\u00f1or, para gloria de Dios Padre\u201d.<\/em><\/p>\n<p>&nbsp;<\/p>\n<p>Y la tercera, cuando el propio Jes\u00fas le dice a Nicodemo: <em>\u00abNadie ha subido al cielo, sino el que baj\u00f3 del cielo, el Hijo del hombre. Lo mismo que Mois\u00e9s elev\u00f3 la serpiente en el desierto, as\u00ed tiene que ser elevado el Hijo del hombre, para que todo el que cree en \u00e9l tenga vida eterna. Tanto am\u00f3 Dios al mundo que entreg\u00f3 a su Hijo \u00fanico para que no perezca ninguno de los que creen en \u00e9l, sino que tengan vida eterna. Porque Dios no mand\u00f3 su Hijo al mundo para condenar al mundo, sino para que el mundo se salve por \u00e9l.\u00bb<\/em><\/p>\n<p>&nbsp;<\/p>\n<p>La Iglesia, en el prefacio de la Misa, resume su fe y su ense\u00f1anza cant\u00e1ndole a Dios: En el \u00e1rbol de la Cruz, T\u00fa, oh Dios, has establecido la salvaci\u00f3n del hombre, porque donde surg\u00eda la muerte all\u00e1 renac\u00eda la vida, y el demonio, que en el \u00e1rbol del para\u00edso arrancaba la victoria, en el \u00e1rbol de la Cruz ven\u00eda a ser derrotado, por Cristo nuestro Se\u00f1or.<\/p>\n<p>&nbsp;<\/p>\n<p>Toda la Liturgia de esta festividad respira triunfo, augurio del triunfo definitivo de la Resurrecci\u00f3n, la de Jes\u00fas y la nuestra.<\/p>\n<p><img loading=\"lazy\" decoding=\"async\" class=\"aligncenter wp-image-4865\" src=\"http:\/\/logronopasion.com\/portal\/wp-content\/uploads\/2016\/09\/CRUZ-ILUMINADA.jpg\" alt=\"cruz-iluminada\" width=\"650\" height=\"488\" srcset=\"https:\/\/www.logronopasion.com\/portal\/wp-content\/uploads\/2016\/09\/CRUZ-ILUMINADA.jpg 500w, https:\/\/www.logronopasion.com\/portal\/wp-content\/uploads\/2016\/09\/CRUZ-ILUMINADA-300x225.jpg 300w\" sizes=\"auto, (max-width: 650px) 100vw, 650px\" \/><\/p>\n<p>&nbsp;<\/p>\n<p>Muchos cristianos llevamos una Cruz colgada en el pecho. La Cruz de Jes\u00fas est\u00e1 en los altares, y en el exterior, en la parte m\u00e1s alta de las Iglesias. La Cruz es el instrumento para levantar a los ca\u00eddos, la salud del alma y del cuerpo, la destrucci\u00f3n del pecado, y el \u00e1rbol de la vida eterna. La Cruz se presenta en nuestra vida de muy diferentes maneras: enfermedad, pobreza, cansancio, dolor, desprecio, soledad\u2026Hoy la Cruz sigue siendo y ser\u00e1 siempre un signo de salvaci\u00f3n. Aunque la lleves en el pecho, en la solapa o en el ojal, o metida en el bolsillo, no es una superstici\u00f3n. Y darle un beso lleno de amor no es un infantilismo. Es una profesi\u00f3n de fe, que m\u00e1s de una gracia grande debe traer al alma\u2026<\/p>\n<p>&nbsp;<\/p>\n<p>Desde ni\u00f1os hemos aprendido a hacer la se\u00f1al de la Cruz en la frente, en los labios y en el coraz\u00f3n, como un signo externo de nuestra profesi\u00f3n de fe.<\/p>\n<p>&nbsp;<\/p>\n<p>Hoy podemos revisar cual es nuestra disposici\u00f3n ante esa Cruz que se muestra a veces dif\u00edcil y dura, pero que si la llevamos con amor, se convierte en una fuente de Vida y de alegr\u00eda.<\/p>\n<p>&nbsp;<\/p>\n<p>Quienes dejan de lado un signo tan bendito, por creerlo pasado de moda y propio de gente sin vigor humano, lo sustituyen por una herradura tonta por ejemplo, o por un signo del Zod\u00edaco sin sentido alguno, que les traer\u00e1 cualquier cosa menos buena suerte y si esta llegara, ser\u00eda por otras causas, mientras que les aumentar\u00e1 la confusi\u00f3n de sus mentes poco seguras\u2026<\/p>\n<p>&nbsp;<\/p>\n<p>La Cruz, con todo los significados que ya sabemos y decimos, tiene por otra parte y \u00a0nos hace presentes, a los crucificados de hoy: los pobres, los enfermos, los parados que buscan trabajo con desesperaci\u00f3n, los detenidos justa o injustamente, los que padecen soledad, los que viven sin fe\u2026<\/p>\n<p>&nbsp;<\/p>\n<p>Todos ellos son para nosotros un reclamo. Jesucristo los quiere resucitados con \u00c9l y solicita nuestra colaboraci\u00f3n para realizar esta resurrecci\u00f3n en el mundo. Trabajar por el que sufre es desclavar a Jesucristo de la cruz y nadie puede rehuir el realizar esta obra de amor.<\/p>\n<p>&nbsp;<\/p>\n<p>Jes\u00fas no invent\u00f3 la Cruz: la encontr\u00f3 en su camino, como todo hombre. La novedad es que \u00c9l, lo que invent\u00f3 fue el poner en la Cruz un germen de amor. As\u00ed la Cruz de Cristo se convirti\u00f3 en el camino que lleva a la vida, en mensaje de amor. \u00a1Es la Cruz de Jes\u00fas!<\/p>\n<p>&nbsp;<\/p>\n<p>Esa Cruz abraza, primero, a cada uno de nosotros, nos conf\u00eda una misi\u00f3n en nuestra vida personal, en nuestras familias, en el \u00e1mbito de nuestras amistades, de nuestros conocimientos, en todas partes encontramos y encontraremos cruces. Y desde la Cruz, nos invita a cada uno de nosotros hoy, a poner todas estas cruces, y no s\u00f3lo la nuestra, en relaci\u00f3n con la suya. Jes\u00fas nos invita a sembrar tambi\u00e9n en ellas, como El lo hizo, el germen del amor y la esperanza.<\/p>\n<p>&nbsp;<\/p>\n<p>\u00a1Oh Cristo, T\u00fa reinar\u00e1s! \u00a1Oh Cruz, t\u00fa nos salvar\u00e1s!, te volvemos a repetir con el cantar.<\/p>\n<p>Con tu Cruz, oh Cristo, nos rescataste y con ella nos trajiste todos los dones del Cielo.<\/p>\n<p>Con ella, fuente de gracia y de bondad, extiendes por el mundo tu reino de santidad,<\/p>\n<p>Infunde en nuestros corazones el fuego del amor.<\/p>\n<p>&nbsp;<\/p>\n<p>Fuente del perd\u00f3n, derrama sobre nuestros pueblos la paz de Dios. Paz divina que se convierte tambi\u00e9n en fraternidad universal.<\/p>\n<p>&nbsp;<\/p>\n<p>Tu Cruz, oh Se\u00f1or, es cifra de tu victoria y signo de nuestra salvaci\u00f3n<\/p>\n<p>&nbsp;<\/p>\n<p><strong>Historia de la festividad.<\/strong><\/p>\n<p>&nbsp;<\/p>\n<p>La fecha elegida \u00a0para esta celebraci\u00f3n es el 14 de Septiembre, ya que ese d\u00eda es el aniversario de la consagraci\u00f3n de la Iglesia del Santo Sepulcro de Jerusal\u00e9n en el a\u00f1o 335. Tambi\u00e9n se dice que se conmemora, por la recuperaci\u00f3n de la Cruz\u00a0en ese d\u00eda por Heraclio en el a\u00f1o 628 de manos de los persas, que la ten\u00edan en su poder desde el a\u00f1o 614.<\/p>\n<p><a href=\"http:\/\/logronopasion.com\/portal\/wp-content\/uploads\/2014\/09\/Santa-Elena.png\"><img loading=\"lazy\" decoding=\"async\" class=\"aligncenter wp-image-3940\" src=\"http:\/\/logronopasion.com\/portal\/wp-content\/uploads\/2014\/09\/Santa-Elena.png\" alt=\"Santa Elena\" width=\"260\" height=\"353\" \/><\/a><\/p>\n<p>Pero realmente lo que conmemoramos este d\u00eda es el recuerdo del hallazgo de la Santa Cruz por parte de Santa Elena, madre de Constantino. M\u00e1s tarde Cosroes, rey de Persia se llev\u00f3 la Cruz a su pa\u00eds y \u00a0Heraclio la devolvi\u00f3 a Jerusal\u00e9n.<\/p>\n<p>&nbsp;<\/p>\n<p>Hacia el a\u00f1o 320 la Emperatriz Elena de Constantinopla, encontr\u00f3 la Vera Cruz, la Cruz en que muri\u00f3 Nuestro Se\u00f1or Jesucristo. La Emperatriz y su hijo Constantino hicieron construir en el sitio del descubrimiento la Bas\u00edlica del Santo Sepulcro, en el que guardaron la reliquia.<\/p>\n<p>&nbsp;<\/p>\n<p>A\u00f1os despu\u00e9s, el rey Cosroes II de Persia, en el 614 invadi\u00f3 y conquist\u00f3 Jerusal\u00e9n y se llev\u00f3 la Cruz poni\u00e9ndola bajo los pies de su trono como signo de su desprecio por el cristianismo. Pero en el 628 el emperador Heraclio logr\u00f3 derrotarlo y recuper\u00f3 la Cruz, llev\u00e1ndola de nuevo a Jerusal\u00e9n el 14 de septiembre de ese mismo a\u00f1o. Para ello se realiz\u00f3 una ceremonia en la que la Cruz fue llevada en persona por el propio emperador a trav\u00e9s de la ciudad.<\/p>\n<p>&nbsp;<\/p>\n<p>Seg\u00fan manifiesta la historia, al recuperar el precioso madero, el emperador quiso cargar la Cruz, como hab\u00eda hecho Cristo a trav\u00e9s de la ciudad, pero tan pronto puso el madero al hombro e intent\u00f3 entrar a un recinto sagrado, no pudo hacerlo y qued\u00f3 paralizado. El patriarca Zacar\u00edas que iba a su lado le indic\u00f3 que todo aquel esplendor imperial iba en desacuerdo con el aspecto humilde y doloroso de Cristo cuando iba cargando la Cruz por las calles de Jerusal\u00e9n. Entonces el emperador se despoj\u00f3 de su atuendo imperial, y con simples vestiduras, avanz\u00f3 sin dificultad seguido por todo el pueblo hasta dejar la Cruz en el sitio donde antes era venerada. Desde entonces, ese d\u00eda qued\u00f3 se\u00f1alado en los calendarios lit\u00fargicos como el de la Exaltaci\u00f3n de la Vera Cruz, verdadera Cruz de Cristo.<\/p>\n<p>&nbsp;<\/p>\n<p>La Santa Cruz, fue partida en varios pedazos para evitar nuevos robos. Uno fue llevado a Roma, otro a Constantinopla, un tercero se dej\u00f3 en un hermoso cofre de plata en Jerusal\u00e9n. Otro se parti\u00f3 en peque\u00f1\u00edsimas astillas para repartirlas en diversas iglesias del mundo entero, que se llamaron \u201cVeracruz\u201d (Verdadera Cruz).<\/p>\n<p>&nbsp;<\/p>\n<p><strong>La se\u00f1al de la Cruz.<\/strong><\/p>\n<p>&nbsp;<\/p>\n<p><a href=\"http:\/\/logronopasion.com\/portal\/wp-content\/uploads\/2012\/09\/Se\u00f1al-de-la-Cruz.gif\"><img loading=\"lazy\" decoding=\"async\" class=\"aligncenter wp-image-914 size-full\" src=\"http:\/\/logronopasion.com\/portal\/wp-content\/uploads\/2012\/09\/Se\u00f1al-de-la-Cruz.gif\" alt=\"\" width=\"234\" height=\"296\" \/><\/a><\/p>\n<p>La Santa Cruz la recordamos y la exaltamos con mucho cari\u00f1o y veneraci\u00f3n porqu\u00e9 en ella muri\u00f3 nuestro Redentor Jesucristo, y con las cinco heridas que all\u00ed padeci\u00f3, pag\u00f3 Cristo nuestras inmensas deudas con Dios y nos consigui\u00f3 la salvaci\u00f3n.<\/p>\n<p>&nbsp;<\/p>\n<p>El gesto de hacer la se\u00f1al de la Cruz, signo sacramental, consiste en dibujar una cruz invertida imaginaria con la punta de dos o tres dedos de una mano.<\/p>\n<p>&nbsp;<\/p>\n<p>Consta de dos movimientos: el primero se realiza de arriba abajo y el segundo de izquierda a derecha en caso de los cat\u00f3licos o de derecha a izquierda en el caso de los ortodoxos. El acto de hacer la se\u00f1al de la Cruz, es conocido como \u201cpersignar\u201d si se hace sobre una persona, y \u201cbendecir\u201d si es sobre una cosa o en una direcci\u00f3n vaga. Pero en general lo llamamos \u201csantiguar\u201d.<\/p>\n<p>&nbsp;<\/p>\n<p>Se puede hacerse en silencio o acompa\u00f1ado de la f\u00f3rmula verbal de oraci\u00f3n. Al se\u00f1alarnos con la cruz decimos \u201cEn el nombre del Padre, del Hijo y del Esp\u00edritu Santo\u201d\u2026<\/p>\n<p>&nbsp;<\/p>\n<p>Muchos ejemplos que ayudan a comprender la importancia de este llamado gesto o se\u00f1al sacramental han quedado reflejados en muchos documentos y relatos.<\/p>\n<p>&nbsp;<\/p>\n<p>Varios ejemplos: En el a\u00f1o 300, a San Antonio Abad, le sucedi\u00f3 que el demonio lo atacaba con terribil\u00edsimas tentaciones y cuentan que un d\u00eda, angustiado por tantos ataques, se le ocurri\u00f3 hacerse la se\u00f1al de la Cruz, y el demonio se alej\u00f3. En adelante cada vez que le llegaban los ataques diab\u00f3licos, el santo hac\u00eda la se\u00f1al de la Cruz y el enemigo hu\u00eda. Y dicen que desde entonces se\u00a0empez\u00f3 la costumbre de hacer la se\u00f1al de la Cruz para librarse de males.<\/p>\n<p>&nbsp;<\/p>\n<p>De una gran santa, se narra que empezaron a llegarle espantosas tentaciones de tristeza. Por todo se disgustaba. Consult\u00f3 con su director espiritual y este le dijo: \u201cSi Usted no est\u00e1 enferma del cuerpo, \u00e9sta tristeza es una tentaci\u00f3n del demonio\u201d. Le recomend\u00f3 la frase del libro del Eclesi\u00e1stico en la S. Biblia: \u201cLa tristeza no produce ning\u00fan fruto bueno\u201d. Y le aconsej\u00f3: \u201cCada vez que le llegue la tristeza, haga muy devotamente la se\u00f1al de la Cruz\u201d. La santa empez\u00f3 a notar que con la se\u00f1al de la Cruz se le alejaba el esp\u00edritu de tristeza.<\/p>\n<p>&nbsp;<\/p>\n<p>Tambi\u00e9n, cuando Nuestra Se\u00f1ora se le apareci\u00f3 por primera vez a Santa Bernardita en Lourdes en el a\u00f1o 1859, la ni\u00f1a al ver a la Virgen quiso hacerse la se\u00f1al de la cruz. Pero cuando lleg\u00f3 con los dedos frente a la cara, se le qued\u00f3 paralizada la mano. La Virgen entonces, hizo Ella misma la se\u00f1al de la cruz muy despacio desde la frente hasta el pecho, y desde el hombro izquierdo hasta el derecho. Y tan pronto como la Madre de Dios termin\u00f3 de hacerse la se\u00f1al de la cruz, a la ni\u00f1a se le solt\u00f3 la mano y ya pudo hacerla ella tambi\u00e9n. Y con esto entendi\u00f3 que Nuestra Se\u00f1ora le hab\u00eda querido dar una lecci\u00f3n: que es necesario santiguarnos m\u00e1s despacio y con m\u00e1s devoci\u00f3n.<\/p>\n<p>&nbsp;<\/p>\n<p>Una lecci\u00f3n que habr\u00eda que aprender y recordar en nuestros d\u00edas. Solo hay que mirar a la gente cuando pasa por la fachada de una iglesia \u00f3 templo. \u00bfCu\u00e1nta gente se hace la se\u00f1al de la Cruz? \u00bfC\u00f3mo nos parece esa se\u00f1al de la Cruz que nos hacemos? \u00bfNo es cierto que m\u00e1s parece un garabato que una se\u00f1al de la Cruz? \u00bfC\u00f3mo la debi\u00e9ramos hacer de hoy en adelante?<\/p>\n<p>&nbsp;<\/p>\n<p>Los cristianos, debi\u00e9ramos comenzar nuestra jornada, nuestras oraciones y nuestras acciones con la se\u00f1al de la Cruz. Como bautizados, debi\u00e9ramos consagrar la jornada diaria a la gloria de Dios e invocar la gracia del Se\u00f1or que le permite actuar en el Esp\u00edritu como hijo del Padre. La se\u00f1al de la Cruz nos fortalece en las tentaciones y en las dificultades.<\/p>\n<p>&nbsp;<\/p>\n<p>Los cristianos, con frecuencia hacemos con la mano la se\u00f1al de la Cruz sobre nuestras personas. O nos la hacen otros, como en el caso del bautismo o de las bendiciones.<\/p>\n<p>&nbsp;<\/p>\n<p>Al principio parece que era costumbre hacerla s\u00f3lo sobre la frente. Luego se extendi\u00f3 poco a poco a lo que hoy conocemos: o hacer la gran Cruz sobre nosotros mismos, desde la frente al pecho y desde el hombro izquierdo al derecho o bien la triple Cruz peque\u00f1a, en la frente, en la boca y el pecho, como en el caso de la proclamaci\u00f3n del Evangelio.<\/p>\n<p>&nbsp;<\/p>\n<p>Es un gesto sencillo, pero lleno de significado. Esta se\u00f1al de la Cruz es una verdadera confesi\u00f3n de nuestra fe: Dios nos ha salvado en la Cruz de Cristo. Es un signo de pertenencia, de posesi\u00f3n: al hacerlo sobre nuestra persona, es como si dij\u00e9ramos: \u201cestoy bautizado, pertenezco a Cristo, El es mi Salvador, la Cruz de Cristo es el origen y la raz\u00f3n de ser de mi existencia cristiana\u2026\u201d<\/p>\n<p>&nbsp;<\/p>\n<p>En realidad, el primero que hizo la se\u00f1al de la Cruz, fue el mismo Cristo, que \u201cextendi\u00f3 sus brazos en la Cruz\u201d y sus brazos extendidos dibujaron entre el cielo y la tierra el signo imborrable de su Alianza\u201d. Si ya en el Antiguo Testamento se hablaba de los marcados por el signo de la letra \u201ctau\u201d, en forma de cruz (Ez. 9:4-6) y el Apocalipsis tambi\u00e9n nombra la marca que llevan los elegidos, nosotros, los cristianos, al trazar sobre nuestro cuerpo el signo de la Cruz, nos confesamos como miembros del nuevo Pueblo, la comunidad de los seguidores de ese Cristo que desde su Cruz nos ha salvado.<\/p>\n<p>&nbsp;<\/p>\n<p>Todo gesto simb\u00f3lico, todo signo, puede ayudarnos por una parte a entrar en comuni\u00f3n con lo que simboliza y significa, que es lo importante. La imagen o se\u00f1al de la Cruz, quiere indicarnos y es, camino PASCUAL, o sea de muerte y resurrecci\u00f3n que recorri\u00f3 ya Cristo. Es f\u00e1cil hacer distra\u00eddamente la se\u00f1al de la Cruz en los momentos que estamos acostumbrados. Lo que es dif\u00edcil es escuchar y asimilar el mensaje que nos transmite este s\u00edmbolo: Un mensaje de salvaci\u00f3n y esperanza, de muerte y de resurrecci\u00f3n.<\/p>\n<p>&nbsp;<\/p>\n<p>Los cristianos tenemos que reconocer a la Cruz, todo su contenido para que no sea un s\u00edmbolo vac\u00edo. Y entonces s\u00ed, puede ser un signo que continuamente alimente la fe y el estilo de vida que Cristo nos ense\u00f1\u00f3. Si entendemos la Cruz, y si nuestro peque\u00f1o gesto de la se\u00f1al de la Cruz es consciente, estaremos continuamente reorientando nuestra vida en buena direcci\u00f3n.<\/p>\n","protected":false},"excerpt":{"rendered":"<p>La festividad que celebramos los Cristianos, hoy 14 de Septiembre,es \u00a0la Exaltaci\u00f3n de la Santa Cruz, Bendito y\u00a0Santo Madero, donde Cristo entreg\u00f3 su vida por la redenci\u00f3n de todos nosotros.\u00a0Es una festividad de las m\u00e1s hermosas, aunque no ha alcanzado el car\u00e1cter popular que ella se merece. Esta fiesta se corresponde al Viernes Santo como el Corpus Christi se corresponde con el Jueves Santo. Pero en plena Semana Santa no caer\u00eda bien unas celebraciones festivas, alegres, de la Eucarist\u00eda y de la Redenci\u00f3n. &nbsp; El D\u00eda del Corpus viene a llenar esta ansia de nuestro coraz\u00f3n, la de celebrar el&hellip; <\/p>\n","protected":false},"author":18,"featured_media":0,"comment_status":"open","ping_status":"open","sticky":false,"template":"","format":"standard","meta":{"_bbp_topic_count":0,"_bbp_reply_count":0,"_bbp_total_topic_count":0,"_bbp_total_reply_count":0,"_bbp_voice_count":0,"_bbp_anonymous_reply_count":0,"_bbp_topic_count_hidden":0,"_bbp_reply_count_hidden":0,"_bbp_forum_subforum_count":0,"_crdt_document":"","footnotes":""},"categories":[3,1],"tags":[],"class_list":["post-4857","post","type-post","status-publish","format-standard","hentry","category-iglesia","category-noticias"],"yoast_head":"<!-- This site is optimized with the Yoast SEO plugin v27.5 - https:\/\/yoast.com\/product\/yoast-seo-wordpress\/ -->\n<title>Bendito y Santo Madero. - Logro\u00f1o Pasi\u00f3n<\/title>\n<meta name=\"robots\" content=\"index, follow, max-snippet:-1, max-image-preview:large, max-video-preview:-1\" \/>\n<link rel=\"canonical\" href=\"https:\/\/www.logronopasion.com\/portal\/bendito-y-santo-madero\/\" \/>\n<meta property=\"og:locale\" content=\"es_ES\" \/>\n<meta property=\"og:type\" content=\"article\" \/>\n<meta property=\"og:title\" content=\"Bendito y Santo Madero. - Logro\u00f1o Pasi\u00f3n\" \/>\n<meta property=\"og:description\" content=\"La festividad que celebramos los Cristianos, hoy 14 de Septiembre,es \u00a0la Exaltaci\u00f3n de la Santa Cruz, Bendito y\u00a0Santo Madero, donde Cristo entreg\u00f3 su vida por la redenci\u00f3n de todos nosotros.\u00a0Es una festividad de las m\u00e1s hermosas, aunque no ha alcanzado el car\u00e1cter popular que ella se merece. Esta fiesta se corresponde al Viernes Santo como el Corpus Christi se corresponde con el Jueves Santo. Pero en plena Semana Santa no caer\u00eda bien unas celebraciones festivas, alegres, de la Eucarist\u00eda y de la Redenci\u00f3n. &nbsp; El D\u00eda del Corpus viene a llenar esta ansia de nuestro coraz\u00f3n, la de celebrar el&hellip;\" \/>\n<meta property=\"og:url\" content=\"https:\/\/www.logronopasion.com\/portal\/bendito-y-santo-madero\/\" \/>\n<meta property=\"og:site_name\" content=\"Logro\u00f1o Pasi\u00f3n\" \/>\n<meta property=\"article:publisher\" content=\"https:\/\/www.facebook.com\/logronopasion\" \/>\n<meta property=\"article:published_time\" content=\"2016-09-13T21:20:12+00:00\" \/>\n<meta property=\"og:image\" content=\"http:\/\/logronopasion.com\/portal\/wp-content\/uploads\/2016\/09\/ExaltacionCruz-14Septiembre.jpg\" \/>\n<meta name=\"author\" content=\"Logronopasion.com\" \/>\n<meta name=\"twitter:card\" content=\"summary_large_image\" \/>\n<meta name=\"twitter:creator\" content=\"@LogronoPasion\" \/>\n<meta name=\"twitter:site\" content=\"@LogronoPasion\" \/>\n<meta name=\"twitter:label1\" content=\"Escrito por\" \/>\n\t<meta name=\"twitter:data1\" content=\"Logronopasion.com\" \/>\n\t<meta name=\"twitter:label2\" content=\"Tiempo de lectura\" \/>\n\t<meta name=\"twitter:data2\" content=\"18 minutos\" \/>\n<script type=\"application\/ld+json\" class=\"yoast-schema-graph\">{\"@context\":\"https:\\\/\\\/schema.org\",\"@graph\":[{\"@type\":\"Article\",\"@id\":\"https:\\\/\\\/www.logronopasion.com\\\/portal\\\/bendito-y-santo-madero\\\/#article\",\"isPartOf\":{\"@id\":\"https:\\\/\\\/www.logronopasion.com\\\/portal\\\/bendito-y-santo-madero\\\/\"},\"author\":{\"name\":\"Logronopasion.com\",\"@id\":\"https:\\\/\\\/www.logronopasion.com\\\/portal\\\/#\\\/schema\\\/person\\\/39728c7f1ab39edc31b0bc671a7fcb0b\"},\"headline\":\"Bendito y Santo Madero.\",\"datePublished\":\"2016-09-13T21:20:12+00:00\",\"mainEntityOfPage\":{\"@id\":\"https:\\\/\\\/www.logronopasion.com\\\/portal\\\/bendito-y-santo-madero\\\/\"},\"wordCount\":3642,\"commentCount\":0,\"publisher\":{\"@id\":\"https:\\\/\\\/www.logronopasion.com\\\/portal\\\/#organization\"},\"image\":{\"@id\":\"https:\\\/\\\/www.logronopasion.com\\\/portal\\\/bendito-y-santo-madero\\\/#primaryimage\"},\"thumbnailUrl\":\"http:\\\/\\\/logronopasion.com\\\/portal\\\/wp-content\\\/uploads\\\/2016\\\/09\\\/ExaltacionCruz-14Septiembre.jpg\",\"articleSection\":[\"Iglesia - estado, sociedad y religi\u00f3n\",\"Noticias \\\/ Actualidad\"],\"inLanguage\":\"es\",\"potentialAction\":[{\"@type\":\"CommentAction\",\"name\":\"Comment\",\"target\":[\"https:\\\/\\\/www.logronopasion.com\\\/portal\\\/bendito-y-santo-madero\\\/#respond\"]}]},{\"@type\":\"WebPage\",\"@id\":\"https:\\\/\\\/www.logronopasion.com\\\/portal\\\/bendito-y-santo-madero\\\/\",\"url\":\"https:\\\/\\\/www.logronopasion.com\\\/portal\\\/bendito-y-santo-madero\\\/\",\"name\":\"Bendito y Santo Madero. - Logro\u00f1o Pasi\u00f3n\",\"isPartOf\":{\"@id\":\"https:\\\/\\\/www.logronopasion.com\\\/portal\\\/#website\"},\"primaryImageOfPage\":{\"@id\":\"https:\\\/\\\/www.logronopasion.com\\\/portal\\\/bendito-y-santo-madero\\\/#primaryimage\"},\"image\":{\"@id\":\"https:\\\/\\\/www.logronopasion.com\\\/portal\\\/bendito-y-santo-madero\\\/#primaryimage\"},\"thumbnailUrl\":\"http:\\\/\\\/logronopasion.com\\\/portal\\\/wp-content\\\/uploads\\\/2016\\\/09\\\/ExaltacionCruz-14Septiembre.jpg\",\"datePublished\":\"2016-09-13T21:20:12+00:00\",\"inLanguage\":\"es\",\"potentialAction\":[{\"@type\":\"ReadAction\",\"target\":[\"https:\\\/\\\/www.logronopasion.com\\\/portal\\\/bendito-y-santo-madero\\\/\"]}]},{\"@type\":\"ImageObject\",\"inLanguage\":\"es\",\"@id\":\"https:\\\/\\\/www.logronopasion.com\\\/portal\\\/bendito-y-santo-madero\\\/#primaryimage\",\"url\":\"http:\\\/\\\/logronopasion.com\\\/portal\\\/wp-content\\\/uploads\\\/2016\\\/09\\\/ExaltacionCruz-14Septiembre.jpg\",\"contentUrl\":\"http:\\\/\\\/logronopasion.com\\\/portal\\\/wp-content\\\/uploads\\\/2016\\\/09\\\/ExaltacionCruz-14Septiembre.jpg\"},{\"@type\":\"WebSite\",\"@id\":\"https:\\\/\\\/www.logronopasion.com\\\/portal\\\/#website\",\"url\":\"https:\\\/\\\/www.logronopasion.com\\\/portal\\\/\",\"name\":\"Logro\u00f1o Pasi\u00f3n\",\"description\":\"Portal sobre la Semana Santa de Logro\u00f1o\",\"publisher\":{\"@id\":\"https:\\\/\\\/www.logronopasion.com\\\/portal\\\/#organization\"},\"potentialAction\":[{\"@type\":\"SearchAction\",\"target\":{\"@type\":\"EntryPoint\",\"urlTemplate\":\"https:\\\/\\\/www.logronopasion.com\\\/portal\\\/?s={search_term_string}\"},\"query-input\":{\"@type\":\"PropertyValueSpecification\",\"valueRequired\":true,\"valueName\":\"search_term_string\"}}],\"inLanguage\":\"es\"},{\"@type\":\"Organization\",\"@id\":\"https:\\\/\\\/www.logronopasion.com\\\/portal\\\/#organization\",\"name\":\"Logro\u00f1o Pasi\u00f3n\",\"url\":\"https:\\\/\\\/www.logronopasion.com\\\/portal\\\/\",\"logo\":{\"@type\":\"ImageObject\",\"inLanguage\":\"es\",\"@id\":\"https:\\\/\\\/www.logronopasion.com\\\/portal\\\/#\\\/schema\\\/logo\\\/image\\\/\",\"url\":\"https:\\\/\\\/i2.wp.com\\\/logronopasion.com\\\/portal\\\/wp-content\\\/uploads\\\/2019\\\/04\\\/cropped-Header-1.jpg?fit=312%2C212&ssl=1\",\"contentUrl\":\"https:\\\/\\\/i2.wp.com\\\/logronopasion.com\\\/portal\\\/wp-content\\\/uploads\\\/2019\\\/04\\\/cropped-Header-1.jpg?fit=312%2C212&ssl=1\",\"width\":312,\"height\":212,\"caption\":\"Logro\u00f1o Pasi\u00f3n\"},\"image\":{\"@id\":\"https:\\\/\\\/www.logronopasion.com\\\/portal\\\/#\\\/schema\\\/logo\\\/image\\\/\"},\"sameAs\":[\"https:\\\/\\\/www.facebook.com\\\/logronopasion\",\"https:\\\/\\\/x.com\\\/LogronoPasion\"]},{\"@type\":\"Person\",\"@id\":\"https:\\\/\\\/www.logronopasion.com\\\/portal\\\/#\\\/schema\\\/person\\\/39728c7f1ab39edc31b0bc671a7fcb0b\",\"name\":\"Logronopasion.com\",\"image\":{\"@type\":\"ImageObject\",\"inLanguage\":\"es\",\"@id\":\"https:\\\/\\\/secure.gravatar.com\\\/avatar\\\/c6b3e81c20ae7dec59cda0fd11915cb052ff1705cd134db04112b35441792010?s=96&d=mm&r=g\",\"url\":\"https:\\\/\\\/secure.gravatar.com\\\/avatar\\\/c6b3e81c20ae7dec59cda0fd11915cb052ff1705cd134db04112b35441792010?s=96&d=mm&r=g\",\"contentUrl\":\"https:\\\/\\\/secure.gravatar.com\\\/avatar\\\/c6b3e81c20ae7dec59cda0fd11915cb052ff1705cd134db04112b35441792010?s=96&d=mm&r=g\",\"caption\":\"Logronopasion.com\"},\"url\":\"https:\\\/\\\/www.logronopasion.com\\\/portal\\\/author\\\/logronopasion-com\\\/\"}]}<\/script>\n<!-- \/ Yoast SEO plugin. -->","yoast_head_json":{"title":"Bendito y Santo Madero. - Logro\u00f1o Pasi\u00f3n","robots":{"index":"index","follow":"follow","max-snippet":"max-snippet:-1","max-image-preview":"max-image-preview:large","max-video-preview":"max-video-preview:-1"},"canonical":"https:\/\/www.logronopasion.com\/portal\/bendito-y-santo-madero\/","og_locale":"es_ES","og_type":"article","og_title":"Bendito y Santo Madero. - Logro\u00f1o Pasi\u00f3n","og_description":"La festividad que celebramos los Cristianos, hoy 14 de Septiembre,es \u00a0la Exaltaci\u00f3n de la Santa Cruz, Bendito y\u00a0Santo Madero, donde Cristo entreg\u00f3 su vida por la redenci\u00f3n de todos nosotros.\u00a0Es una festividad de las m\u00e1s hermosas, aunque no ha alcanzado el car\u00e1cter popular que ella se merece. Esta fiesta se corresponde al Viernes Santo como el Corpus Christi se corresponde con el Jueves Santo. Pero en plena Semana Santa no caer\u00eda bien unas celebraciones festivas, alegres, de la Eucarist\u00eda y de la Redenci\u00f3n. &nbsp; El D\u00eda del Corpus viene a llenar esta ansia de nuestro coraz\u00f3n, la de celebrar el&hellip;","og_url":"https:\/\/www.logronopasion.com\/portal\/bendito-y-santo-madero\/","og_site_name":"Logro\u00f1o Pasi\u00f3n","article_publisher":"https:\/\/www.facebook.com\/logronopasion","article_published_time":"2016-09-13T21:20:12+00:00","og_image":[{"url":"http:\/\/logronopasion.com\/portal\/wp-content\/uploads\/2016\/09\/ExaltacionCruz-14Septiembre.jpg","type":"","width":"","height":""}],"author":"Logronopasion.com","twitter_card":"summary_large_image","twitter_creator":"@LogronoPasion","twitter_site":"@LogronoPasion","twitter_misc":{"Escrito por":"Logronopasion.com","Tiempo de lectura":"18 minutos"},"schema":{"@context":"https:\/\/schema.org","@graph":[{"@type":"Article","@id":"https:\/\/www.logronopasion.com\/portal\/bendito-y-santo-madero\/#article","isPartOf":{"@id":"https:\/\/www.logronopasion.com\/portal\/bendito-y-santo-madero\/"},"author":{"name":"Logronopasion.com","@id":"https:\/\/www.logronopasion.com\/portal\/#\/schema\/person\/39728c7f1ab39edc31b0bc671a7fcb0b"},"headline":"Bendito y Santo Madero.","datePublished":"2016-09-13T21:20:12+00:00","mainEntityOfPage":{"@id":"https:\/\/www.logronopasion.com\/portal\/bendito-y-santo-madero\/"},"wordCount":3642,"commentCount":0,"publisher":{"@id":"https:\/\/www.logronopasion.com\/portal\/#organization"},"image":{"@id":"https:\/\/www.logronopasion.com\/portal\/bendito-y-santo-madero\/#primaryimage"},"thumbnailUrl":"http:\/\/logronopasion.com\/portal\/wp-content\/uploads\/2016\/09\/ExaltacionCruz-14Septiembre.jpg","articleSection":["Iglesia - estado, sociedad y religi\u00f3n","Noticias \/ Actualidad"],"inLanguage":"es","potentialAction":[{"@type":"CommentAction","name":"Comment","target":["https:\/\/www.logronopasion.com\/portal\/bendito-y-santo-madero\/#respond"]}]},{"@type":"WebPage","@id":"https:\/\/www.logronopasion.com\/portal\/bendito-y-santo-madero\/","url":"https:\/\/www.logronopasion.com\/portal\/bendito-y-santo-madero\/","name":"Bendito y Santo Madero. - Logro\u00f1o Pasi\u00f3n","isPartOf":{"@id":"https:\/\/www.logronopasion.com\/portal\/#website"},"primaryImageOfPage":{"@id":"https:\/\/www.logronopasion.com\/portal\/bendito-y-santo-madero\/#primaryimage"},"image":{"@id":"https:\/\/www.logronopasion.com\/portal\/bendito-y-santo-madero\/#primaryimage"},"thumbnailUrl":"http:\/\/logronopasion.com\/portal\/wp-content\/uploads\/2016\/09\/ExaltacionCruz-14Septiembre.jpg","datePublished":"2016-09-13T21:20:12+00:00","inLanguage":"es","potentialAction":[{"@type":"ReadAction","target":["https:\/\/www.logronopasion.com\/portal\/bendito-y-santo-madero\/"]}]},{"@type":"ImageObject","inLanguage":"es","@id":"https:\/\/www.logronopasion.com\/portal\/bendito-y-santo-madero\/#primaryimage","url":"http:\/\/logronopasion.com\/portal\/wp-content\/uploads\/2016\/09\/ExaltacionCruz-14Septiembre.jpg","contentUrl":"http:\/\/logronopasion.com\/portal\/wp-content\/uploads\/2016\/09\/ExaltacionCruz-14Septiembre.jpg"},{"@type":"WebSite","@id":"https:\/\/www.logronopasion.com\/portal\/#website","url":"https:\/\/www.logronopasion.com\/portal\/","name":"Logro\u00f1o Pasi\u00f3n","description":"Portal sobre la Semana Santa de Logro\u00f1o","publisher":{"@id":"https:\/\/www.logronopasion.com\/portal\/#organization"},"potentialAction":[{"@type":"SearchAction","target":{"@type":"EntryPoint","urlTemplate":"https:\/\/www.logronopasion.com\/portal\/?s={search_term_string}"},"query-input":{"@type":"PropertyValueSpecification","valueRequired":true,"valueName":"search_term_string"}}],"inLanguage":"es"},{"@type":"Organization","@id":"https:\/\/www.logronopasion.com\/portal\/#organization","name":"Logro\u00f1o Pasi\u00f3n","url":"https:\/\/www.logronopasion.com\/portal\/","logo":{"@type":"ImageObject","inLanguage":"es","@id":"https:\/\/www.logronopasion.com\/portal\/#\/schema\/logo\/image\/","url":"https:\/\/i2.wp.com\/logronopasion.com\/portal\/wp-content\/uploads\/2019\/04\/cropped-Header-1.jpg?fit=312%2C212&ssl=1","contentUrl":"https:\/\/i2.wp.com\/logronopasion.com\/portal\/wp-content\/uploads\/2019\/04\/cropped-Header-1.jpg?fit=312%2C212&ssl=1","width":312,"height":212,"caption":"Logro\u00f1o Pasi\u00f3n"},"image":{"@id":"https:\/\/www.logronopasion.com\/portal\/#\/schema\/logo\/image\/"},"sameAs":["https:\/\/www.facebook.com\/logronopasion","https:\/\/x.com\/LogronoPasion"]},{"@type":"Person","@id":"https:\/\/www.logronopasion.com\/portal\/#\/schema\/person\/39728c7f1ab39edc31b0bc671a7fcb0b","name":"Logronopasion.com","image":{"@type":"ImageObject","inLanguage":"es","@id":"https:\/\/secure.gravatar.com\/avatar\/c6b3e81c20ae7dec59cda0fd11915cb052ff1705cd134db04112b35441792010?s=96&d=mm&r=g","url":"https:\/\/secure.gravatar.com\/avatar\/c6b3e81c20ae7dec59cda0fd11915cb052ff1705cd134db04112b35441792010?s=96&d=mm&r=g","contentUrl":"https:\/\/secure.gravatar.com\/avatar\/c6b3e81c20ae7dec59cda0fd11915cb052ff1705cd134db04112b35441792010?s=96&d=mm&r=g","caption":"Logronopasion.com"},"url":"https:\/\/www.logronopasion.com\/portal\/author\/logronopasion-com\/"}]}},"_links":{"self":[{"href":"https:\/\/www.logronopasion.com\/portal\/wp-json\/wp\/v2\/posts\/4857","targetHints":{"allow":["GET"]}}],"collection":[{"href":"https:\/\/www.logronopasion.com\/portal\/wp-json\/wp\/v2\/posts"}],"about":[{"href":"https:\/\/www.logronopasion.com\/portal\/wp-json\/wp\/v2\/types\/post"}],"author":[{"embeddable":true,"href":"https:\/\/www.logronopasion.com\/portal\/wp-json\/wp\/v2\/users\/18"}],"replies":[{"embeddable":true,"href":"https:\/\/www.logronopasion.com\/portal\/wp-json\/wp\/v2\/comments?post=4857"}],"version-history":[{"count":6,"href":"https:\/\/www.logronopasion.com\/portal\/wp-json\/wp\/v2\/posts\/4857\/revisions"}],"predecessor-version":[{"id":4867,"href":"https:\/\/www.logronopasion.com\/portal\/wp-json\/wp\/v2\/posts\/4857\/revisions\/4867"}],"wp:attachment":[{"href":"https:\/\/www.logronopasion.com\/portal\/wp-json\/wp\/v2\/media?parent=4857"}],"wp:term":[{"taxonomy":"category","embeddable":true,"href":"https:\/\/www.logronopasion.com\/portal\/wp-json\/wp\/v2\/categories?post=4857"},{"taxonomy":"post_tag","embeddable":true,"href":"https:\/\/www.logronopasion.com\/portal\/wp-json\/wp\/v2\/tags?post=4857"}],"curies":[{"name":"wp","href":"https:\/\/api.w.org\/{rel}","templated":true}]}}