{"id":5266,"date":"2017-05-13T09:19:12","date_gmt":"2017-05-13T09:19:12","guid":{"rendered":"http:\/\/logronopasion.com\/portal\/?p=5266"},"modified":"2017-05-13T09:41:12","modified_gmt":"2017-05-13T09:41:12","slug":"virgen-de-fatima","status":"publish","type":"post","link":"https:\/\/www.logronopasion.com\/portal\/virgen-de-fatima\/","title":{"rendered":"La Virgen de F\u00e1tima, Nuestra Se\u00f1ora del Rosario."},"content":{"rendered":"<p><a href=\"http:\/\/logronopasion.com\/portal\/wp-content\/uploads\/2017\/05\/Pastorcitos.jpg\"><img loading=\"lazy\" decoding=\"async\" class=\"aligncenter wp-image-5267 size-full\" src=\"http:\/\/logronopasion.com\/portal\/wp-content\/uploads\/2017\/05\/Pastorcitos.jpg\" alt=\"\" width=\"600\" height=\"450\" srcset=\"https:\/\/www.logronopasion.com\/portal\/wp-content\/uploads\/2017\/05\/Pastorcitos.jpg 600w, https:\/\/www.logronopasion.com\/portal\/wp-content\/uploads\/2017\/05\/Pastorcitos-300x225.jpg 300w\" sizes=\"auto, (max-width: 600px) 100vw, 600px\" \/><\/a><\/p>\n<p>En preparaci\u00f3n para las apariciones de Nuestra Se\u00f1ora, un \u00e1ngel quien se identific\u00f3 como el \u00c1ngel de Portugal, le habl\u00f3 en primer lugar a los ni\u00f1os dici\u00e9ndoles: \u00abNo teman. Yo soy el \u00e1ngel de la Paz. Recen conmigo\u00bb.<\/p>\n<p>Luego el se arrodill\u00f3, dobl\u00e1ndose hasta tocar el suelo con su frente y rez\u00f3: \u00abDios m\u00edo, yo creo, yo adoro y yo te amo!, te pido perd\u00f3n por aquellos que no creen, no adoran, no conf\u00edan y no te aman!\u00bb El dijo esta oraci\u00f3n tres veces. Cuando se par\u00f3, se dirigi\u00f3 a los tres ni\u00f1os y les dijo: \u00abRecen as\u00ed. Los corazones de Jes\u00fas y Mar\u00eda est\u00e1n atento a la voz de sus suplicas\u00bb Y \u00e9l, dej\u00f3 a los ni\u00f1os, \u00a0quienes empezaron a decir esta oraci\u00f3n frecuentemente.<\/p>\n<p>Era la Portugal rural de inicio del siglo XX y no era inusual,\u00a0ver a\u00a0ni\u00f1os llevando a sus reba\u00f1os a pastorear. Esto es lo que los ni\u00f1os de la familia Marto y Santos, todos primos, hac\u00edan en esos d\u00edas.<\/p>\n<p>Casi siempre eran Luc\u00eda Santos, Francisco Marto y su hermana Jacinta, los que con gusto tomaban esta responsabilidad agradecidos por la suerte de estar al aire libre y poder jugar mientras las ovejas pastoreaban en silencio. Ellos llevaban a peque\u00f1os grupos de ovejas a pastorear en parcelas pertenecientes a sus padres en diferentes partes de la sierra, el altiplano en el que se encontraba el pueblito de F\u00e1tima, donde se encontraba la Iglesia parroquial y Aljustrel, pueblecito donde viv\u00edan los ni\u00f1os.<\/p>\n<p>Dos miradores favoritos eran las colinas que miraban a Aljustrel, cerca de un campo llamado Loca do Cabeco (Lugar de la Cabeza) y la Cova da Iria (Ense\u00f1ada de Irene) a un distancia de F\u00e1tima. En estos lugares ocurrieron las apariciones que cambiar\u00edan el curso de la vida de estos ni\u00f1os y de la historia del siglo 20 hasta nuestros d\u00edas.<\/p>\n<p><span style=\"text-decoration: underline;\"><strong>Apariciones de la Sant\u00edsima Virgen Mar\u00eda (1917)<\/strong><\/span><\/p>\n<p>Casi 8 meses pasaron desde la \u00faltima aparici\u00f3n del \u00c1ngel. Luc\u00eda, Francisco y Jacinta continuaron haciendo lo que el \u00e1ngel les hab\u00eda ense\u00f1ado, orando y ofreciendo sacrificios al Se\u00f1or.<\/p>\n<p>Luc\u00eda ten\u00eda ahora 10 a\u00f1os, Francisco nueve en Junio y Jacinta acababa de cumplir siete en marzo cuando el 13 de mayo de 1917, decidieron\u00a0llevar sus ovejas a unas colinas que pertenec\u00edan al padre de Luc\u00eda conocidas como ya hemos dicho,\u00a0Cova da Iria, o Ensenada de Irene. Fue ah\u00ed, solo con una excepci\u00f3n, donde la Sant\u00edsima Virgen bajo el nombre de Nuestra Se\u00f1ora del Rosario se les apareci\u00f3 en seis ocasiones en ese a\u00f1o 1917, y una novena vez en 1920 pero\u00a0s\u00f3lo a Luc\u00eda.<\/p>\n<p>Tan importante como el lugar y el momento eran la situaci\u00f3n a nivel mundial. En esos momentos la Primera Guerra Mundial hac\u00eda estragos en Europa, conduciendo a la humanidad a la forma m\u00e1s salvaje de guerra vista hasta el d\u00eda de hoy. En la lejan\u00eda de Mosc\u00fa, Lenin preparaba la revoluci\u00f3n que volc\u00f3 el orden social Ruso en Noviembre de 1917 y en la que se sumergi\u00f3 eventualmente casi la mitad de los habitantes de esta tierra. Fue en este contexto en el que el cielo intercede por la tierra para proveer el ant\u00eddoto para los males morales y sociales del mundo \u2013 el mensaje de F\u00e1tima.<\/p>\n<p><span style=\"text-decoration: underline;\"><strong>Aparici\u00f3n del 13 de\u00a0mayo de 1917<\/strong><\/span><\/p>\n<p>Llevando a su reba\u00f1o fuera de Aljustrel en la ma\u00f1ana del 13 de mayo, la fiesta de Nuestra Se\u00f1ora del Sant\u00edsimo Sacramento, los tres ni\u00f1os pasaron F\u00e1tima, donde se encontraban la parroquia y el cementerio, y procedieron m\u00e1s o menos un kil\u00f3metro hacia el norte a las pendientes de Cova. Aqu\u00ed dejaron que sus ovejas pastorearan mientras ellos jugaban en la pradera que llevaba uno que otro \u00e1rbol de roble. Despu\u00e9s de haber tomado su almuerzo alrededor del mediod\u00eda decidieron rezar el rosario, aunque de una manera un poco truncada, diciendo s\u00f3lo las primeras palabras de cada oraci\u00f3n. Al instante, ellos fueron sobresaltados por lo que despu\u00e9s describieron como un \u00abrayo en medio de un cielo azul\u00bb. Pensando que una tormenta se acercaba se debat\u00edan si deb\u00edan tomar las ovejas e irse a casa. Prepar\u00e1ndose para hacerlo fueron nuevamente sorprendidos por una luz extra\u00f1a.<\/p>\n<p>\u00abComenzamos a ir cuesta abajo llevando a las ovejas hacia el camino. Cuando est\u00e1bamos en la mitad de la cuesta, cerca de un \u00e1rbol de roble (el gran \u00e1rbol que hoy en d\u00eda est\u00e1 rodeado de una reja de hierro), vimos otro rayo, y despu\u00e9s de da unos cuantos pasos m\u00e1s vimos en un \u00e1rbol de roble (uno m\u00e1s peque\u00f1o m\u00e1s abajo en la colina) a una se\u00f1ora vestida de blanco, que brillaba m\u00e1s fuerte que el sol, irradiando unos rallos de luz clara e intensa, como una copa de cristal llena de pura agua cuando el sol radiante pasa por ella. Nos detuvimos asombrados por la aparici\u00f3n. Est\u00e1bamos tan cerca que quedamos en la luz que la rodeaba, o que ella irradiaba, casi a un metro y medio\u00bb.<\/p>\n<p><strong>Por favor no teman, no les voy a hacer da\u00f1o<\/strong><\/p>\n<p>Luc\u00eda respondi\u00f3 por parte de los tres, como lo hizo durante todas las apariciones<\/p>\n<p>\u00bfDe d\u00f3nde eres?<\/p>\n<p><strong>Yo vengo del cielo.<\/strong><\/p>\n<p>La Se\u00f1ora vest\u00eda con un manto puramente blanco, con un borde de oro que ca\u00eda hasta sus pies. En sus manos llevaba las cuentas del rosario que parec\u00edan estrellas, con un crucifijo que era la gema m\u00e1s radiante de todas. Quieta, Luc\u00eda no ten\u00eda miedo. La presencia de la Se\u00f1ora le produc\u00eda solo felicidad y un gozo confiado.<\/p>\n<p>\u00ab\u00bfQue quieres de mi?\u00bb<\/p>\n<p><strong>Quiero que regreses aqu\u00ed los d\u00edas trece de cada mes por los pr\u00f3ximos seis meses a la misma hora. Lugo te dir\u00e9 quien soy, y qu\u00e9 es lo que m\u00e1s deseo.\u00a0Volver\u00e9 aqu\u00ed una s\u00e9ptima vez.<\/strong><\/p>\n<p>\u00bb \u00bfY yo ir\u00e9 al cielo?\u00bb<\/p>\n<p><strong>S\u00ed, tu ir\u00e1s al cielo.<\/strong><\/p>\n<p>\u00bb \u00bfY Jacinta?\u00bb<\/p>\n<p><strong>Ella tambi\u00e9n ir\u00e1<\/strong><\/p>\n<p>\u00ab\u00bfY Francisco?\u00bb<\/p>\n<p><strong>El tambi\u00e9n, amor m\u00edo, pero primero debe\u00a0rezar muchos Rosarios<\/strong><\/p>\n<p>La Se\u00f1ora mir\u00f3 a Francisco con compasi\u00f3n por unos minutos, matizado con una peque\u00f1a tristeza. Luc\u00eda despu\u00e9s se record\u00f3 de algunos amigos que hab\u00edan fallecido.<\/p>\n<p>\u00ab\u00bfY Mar\u00eda Nieves est\u00e1 en el cielo?<\/p>\n<p><strong>Si, ella esta en el cielo<\/strong><\/p>\n<p>\u00ab\u00bfy Amelia?\u00bb<\/p>\n<p><strong>Ella est\u00e1 en el purgatorio.<\/strong><\/p>\n<p><strong>Se ofrecer\u00e1n a Dios y tomar\u00e1n todos los sufrimientos que El les env\u00ede?<\/strong><\/p>\n<p><strong>\u00bfEn reparaci\u00f3n por todos los pecados que Le ofenden y por la conversi\u00f3n de los pecadores?<\/strong><\/p>\n<p>\u00abOh S\u00ed, lo haremos\u00bb<\/p>\n<p><strong>Tendr\u00e1n que sufrir mucho, pero la gracia de Dios estar\u00e1 con ustedes y los fortalecer\u00e1.<\/strong><\/p>\n<p>Luc\u00eda relata que mientras la Se\u00f1ora pronunciaba estas palabras, abr\u00eda sus manos, y<\/p>\n<p>Fuimos ba\u00f1ados por una luz celestial que parec\u00eda venir directamente de sus manos. La realidad de esta luz penetr\u00f3 nuestros corazones y nuestras almas, y sab\u00edamos que de alguna forma esta luz era Dios, y pod\u00edamos vernos abrazada por ella. Por un impulso interior de gracias ca\u00edmos de rodillas, repitiendo en nuestros corazones: <strong>\u00abOh Sant\u00edsima Trinidad, te adoramos. Mi Dios, mi Dios, te amo en el Sant\u00edsimo Sacramento\u00bb<\/strong><\/p>\n<p>Los ni\u00f1os permanec\u00edan de rodillas en el torrente de esta luz maravillosa, hasta que la Se\u00f1ora habl\u00f3 de nuevo, mencionando la guerra en Europa, de la que ten\u00edan poca ninguna noci\u00f3n.<\/p>\n<p><strong>Digan el Rosario todos los d\u00edas, para traer la paz al mundo y el final de la guerra.<\/strong><\/p>\n<p>Despu\u00e9s de esto ella se comenz\u00f3 a elevar lentamente hacia el este, hasta que desapareci\u00f3 en la inmensa distancia. La luz que la rodeaba parec\u00eda que se adentraba entre las estrellas, es por eso que a veces dec\u00edamos que vimos a los cielos abrirse.<\/p>\n<p>Los d\u00edas siguientes fueron llenos de entusiasmo, aunque ellos no pretend\u00edan que fueran as\u00ed. Luc\u00eda hab\u00eda prevenido a los otros de mantener a su visita en secreto, sabiendo correctamente las dificultades que ellos experimentar\u00edan si los eventos se sabr\u00edan. Sin embargo la felicidad de Jacinta no pudo ser contenida, cuando prontamente se olvid\u00f3 de su promesa y se lo revel\u00f3 todo a su madre, quien la escuch\u00f3 pacientemente pero le dio poca credibilidad a los hechos. Sus hermanos y hermanas se met\u00edan con sus preguntas y chistes. Entre los interrogadores solo su padre, \u00abTi\u00bb Marto estuvo inclinado a aceptar la historia como verdad. El cre\u00eda en la honestidad de sus hijos, y ten\u00eda una simple apreciaci\u00f3n de las obras de Dios, de manera que \u00e9l se convirti\u00f3 en el primer creyente de las apariciones de F\u00e1tima.<\/p>\n<p>La madre de Luc\u00eda, por otro lado, cuando finalmente escuch\u00f3 lo que hab\u00eda ocurrido, crey\u00f3 que su propia hija era la instigadora de un fraude, si no una blasfemia. Luc\u00eda comprendi\u00f3 r\u00e1pidamente lo que la Se\u00f1ora quer\u00eda decir cuando dijo que ellos sufrir\u00edan mucho. Mar\u00eda Rosa no pudo hacer que Luc\u00eda se retractara, a\u00fan bajo amenazas. Finalmente la llev\u00f3 a la fuerza donde el p\u00e1rroco, el padre Ferreira, sin tener \u00e9xito. Por otro lado, el padre de Luc\u00eda, quien no era muy religioso, estaba pr\u00e1cticamente indiferente, atribuyendo todo a los caprichos de mujeres. Las pr\u00f3ximas semanas, mientras los ni\u00f1os esperaban su pr\u00f3xima visita de la Se\u00f1ora en Junio, les revelaron que ten\u00edan pocos creyentes, y muchos en contra en Aljustrel y F\u00e1tima.<\/p>\n<p><span style=\"text-decoration: underline;\"><strong>Aparici\u00f3n del 13 de junio de 1917<\/strong><\/span><\/p>\n<p>En Portugal, el trece de Junio es una gran fiesta, la fiesta de San Antonio de Lisboa, conocido com\u00fanmente como San Antonio de Padua. Este obrero milagroso franciscano naci\u00f3 en Lisboa y hab\u00eda entrado a la vida religiosa como\u00a0Can\u00f3nigo Regular de la Santa Cruz, residiendo primero en Lisboa y despu\u00e9s en Coimbra antes de dejar la orden Portuguesa para ingresar a la nueva orden de Hermanos Menores y esperar por el martirio.<\/p>\n<p>Esta era, y es, la fiesta de los ni\u00f1os en Portugal, de manera que los padres de Luc\u00eda naturalmente pensaron que las festividades de la parroquia de F\u00e1tima distraer\u00edan a Lucia de su cita en Cova. Sin embargo, no afectada por esta t\u00e1ctica Luc\u00eda y los Martos fueron al sitio de la aparici\u00f3n para cumplir con su cita al mediod\u00eda.<\/p>\n<p align=\"left\">Cuando ellos llegaron vieron que hab\u00eda una peque\u00f1a multitud esper\u00e1ndolos.<\/p>\n<p align=\"left\">Despu\u00e9s de haber recitado el rosario con Jacinta y Francisco junto con las personas que estaban presente, vieron otra vez, el reflejo de luz que se\u00a0acercaba (sol\u00edan decir que eran rayos) y despu\u00e9s, a Nuestra Se\u00f1ora en el roble como en mayo.<\/p>\n<p align=\"left\">\u00bb Por favor d\u00edgame, Se\u00f1ora, \u00bfQu\u00e9 es lo que quiere de mi?\u00bb<\/p>\n<p align=\"left\"><strong>Quiero que vengas aqu\u00ed el d\u00eda trece del mes que viene. Quiero que contin\u00faes diciendo el Rosario todos los d\u00edas. Despu\u00e9s de cada misterio, mis hijos, quiero que recen de esta manera. \u00abOh mi buen Jes\u00fas, perdona nuestros pecados, l\u00edbranos del fuego del infierno. Lleva a todas las almas al cielo, especialmente a las m\u00e1s necesitadas de tu Divina Misericordia\u00bb. Quiero que aprendan a leer y escribir, y luego les dir\u00e9 que m\u00e1s quiero de ustedes.<\/strong><\/p>\n<p align=\"left\">\u00ab\u00bfNos llevar\u00e1s al cielo?\u00bb<\/p>\n<p align=\"left\"><strong>Si, me llevar\u00e9 a Jacinta y a Francisco muy pronto, pero t\u00fa te quedar\u00e1s un poco m\u00e1s, ya que Jes\u00fas desea que tu me hagas conocer y amar en la tierra. El tambi\u00e9n desea que tu establezcas devoci\u00f3n en el mundo entero a mi Inmaculado Coraz\u00f3n.<\/strong><\/p>\n<p align=\"left\">\u00ab\u00bfDebo permanecer en el mundo sola?\u00bb<\/p>\n<p align=\"left\"><strong>No sola, hija m\u00eda, y no debes estar triste. Yo estar\u00e9 contigo siempre, y mi Inmaculado Coraz\u00f3n ser\u00e1 tu consuelo y el camino que te llevar\u00e1 hacia Dios.<\/strong><\/p>\n<p align=\"left\">En el momento en el que ella dijo las \u00faltimas palabras, abriendo sus manos, Ellas nos transmiti\u00f3 por segunda vez, el reflejo de esa luz intensa. En ella sent\u00edamos que est\u00e1bamos sumergidos en Dios. Jacinta y Francisco parec\u00edan estar en la parte de la luz que se elevaba hacia los Cielos, y yo en la parte que se derramaba sobre la tierra. En frente de la palma de la mano derecha de Nuestra Se\u00f1ora estaba un coraz\u00f3n rodeado de espinas que parec\u00edan clav\u00e1rsele. Entendimos que era el Inmaculado Coraz\u00f3n de Mar\u00eda ofrecido por los pecados de la humanidad, deseando ansiosamente reparaci\u00f3n.<\/p>\n<p align=\"left\">La aparici\u00f3n\u00a0termin\u00f3 como en la primera ocasi\u00f3n, con la Se\u00f1ora elev\u00e1ndose hacia el este y desapareciendo en la \u00abinmensidad de los cielos\u00bb.<\/p>\n<p align=\"left\">A pesar del gozo de esos preciosos momentos el dolor de los ni\u00f1os continu\u00f3 las siguientes semanas, moderado por la creencia de muy pocos de los presentes en Cova ese d\u00eda. Ellos sab\u00edan que algo inusual hab\u00eda ocurrido \u2013 vieron los \u00abrayos\u00bb, algunos percibieron un cierto oscurecimiento del sol, otros una peque\u00f1a nube gris que iba y ven\u00eda mientras ocurr\u00eda la aparici\u00f3n y ellos creyeron. Sin embrago, las dificultades con sus familia no cesaron, especialmente con sus madres, quienes estaban verdaderamente alarmadas ya que los eventos no s\u00f3lo continuaban sino que m\u00e1s bien se expand\u00edan. A esto, se le a\u00f1adi\u00f3 la ardua cautela del p\u00e1rroco, que sospechaba que despu\u00e9s de todo esto fuera a ser real pero de del demonio.<\/p>\n<p align=\"left\"><span style=\"text-decoration: underline;\"><strong>Aparici\u00f3n del 13 julio de 1917<\/strong><\/span><\/p>\n<p align=\"left\">Mientras se acercaba la fecha de Julio luc\u00eda continuaba\u00a0turbada por las palabras de su\u00a0p\u00e1rroco que advert\u00eda que el diablo podr\u00eda estar detr\u00e1s de estas apariciones. Finalmente, ella le confi\u00f3 a Jacinta que su intensi\u00f3n era de no ir. Pero cuando el d\u00eda finalmente lleg\u00f3, sus miedos y ansiedades se desaparecieron, de manera que a las doce estaba en Cova con Jacinta y Francisco, esperando la llegada de la bella Se\u00f1ora.<\/p>\n<p>La aparici\u00f3n del 13 de julio prob\u00f3 ser en muchas formas la parte m\u00e1s controversial del mensaje de F\u00e1tima, proveyendo un secreto en tres partes que los ni\u00f1os guardaron celosamente. Las primeras dos partes, la visi\u00f3n del infierno y la profec\u00eda del futuro role de Rusia y como prevenirlo, no ser\u00edan reveladas hasta que Luc\u00eda las escribi\u00f3 en su tercer diario, en obediencia al obispo, en 1941. La tercera parte, com\u00fanmente conocido como el Tercer Secreto, fue m\u00e1s tarde comunicado al obispo, quien lo envi\u00f3 sin leer al Papa P\u00edo XII.<\/p>\n<p>Unos minutos despu\u00e9s de haber llegado a Cova da Iria, cerca del encino, donde un gran n\u00famero de personas estaban rezando el Rosario, vimos un flash de luz una vez m\u00e1s, y un momento despu\u00e9s Nuestra Se\u00f1ora se apareci\u00f3 en el encino.<\/p>\n<p>\u00abLuc\u00eda\u00bb, dijo Jacinta, \u00abhabla. La Se\u00f1ora te est\u00e1 hablando\u00bb<\/p>\n<p>\u00ab\u00bfSi? Dijo Luc\u00eda. Ella habl\u00f3 humildemente, pidiendo perd\u00f3n por sus dudas con todos sus gestos, y le dijo a la Se\u00f1ora \u00ab\u00bfQu\u00e9 quieres de mi?<\/p>\n<p><strong>Quiero que vengan aqu\u00ed el d\u00eda trece del mes que viene. Contin\u00faen diciendo el Rosario todos los d\u00edas en honor a Nuestra Se\u00f1ora del Rosario, para obtener la paz del mundo y el final de la guerra, porque s\u00f3lo ella puede obtenerlo.<\/strong><\/p>\n<p>\u00abS\u00ed, S\u00ed\u00bb<\/p>\n<p>\u00bb Yo quisiera preguntarle quien es usted, y si puede hacer un milagro para que todo el mundo sepa a ciencia cierta que se ha aparecido\u00bb<\/p>\n<p><strong>Deben venir aqu\u00ed todos los meses, y en octubre yo te dir\u00e9 quien soy y lo que quiero. Despu\u00e9s har\u00e9 un milagro para que todos crean.<\/strong><\/p>\n<p>Por tanto segura de lo que hac\u00eda, Lucia comenz\u00f3 a poner ante la Se\u00f1ora las peticiones que todos le hab\u00edan confiado. La Se\u00f1ora dijo muy gentilmente que ella curar\u00eda a algunos, pero que a otros ella no curar\u00eda.<\/p>\n<p>\u00ab\u00bfY el hijo paral\u00edtico de Maria da Capelinha?\u00bb<\/p>\n<p><strong>No, no ser\u00e1 curado ni de su enfermedad ni de su pobreza, y debe de asegurarse de decir el Rosario junto a su familia todos los d\u00edas.<\/strong><\/p>\n<p>Otro caso encomendado por Luc\u00eda a la Se\u00f1ora fue el de una mujer enferma, quien pidi\u00f3 que se la llevaran al cielo.<\/p>\n<p><strong>Dile que no tenga prisa. Dile que yo s\u00e9 muy bien cuando yo vendr\u00e9 a buscarla.<\/strong><\/p>\n<p><strong>Hagan sacrificios por los pecadores, y digan seguido, especialmente cuando hagan un sacrificio: Oh Jes\u00fas, esto es por amor a Ti, por la conversi\u00f3n de los pecadores, y en reparaci\u00f3n por las ofensas cometidas contra el Inmaculado Coraz\u00f3n de Mar\u00eda.<\/strong><\/p>\n<p>Mientras Nuestra Se\u00f1ora dec\u00eda estas palabras abri\u00f3 sus manos una vez m\u00e1s, como lo hab\u00eda hecho en los dos meses anteriores. Los rayos de luz parec\u00edan penetrar la tierra, y vimos como si fuera un mar de fuego. Sumergidos en este fuego estaban demonios y almas en forma humana, como tizones transparentes en llamas, todos negros o color bronce quemado, flotando en el fuego, ahora levantadas en el aire por las llamas que sal\u00edan de ellos mismos junto a grandes nubes de humo, se ca\u00edan por todos lados como chispas entre enormes fuegos, sin peso o equilibrio, entre chillidos y gemidos de dolor y desesperaci\u00f3n, que nos horrorizaron y nos hicieron temblar de miedo. (debe haber sido esta visi\u00f3n la que hizo que yo gritara, como dice la gente que hice). Los demonios pod\u00edan distinguirse por su similitud aterradora y repugnante a miedosos animales desconocidos, negros y transparentes como carbones en llamas. Horrorizados y como pidiendo auxilio, miramos hacia Nuestra Se\u00f1ora, quien nos dijo, tan amablemente y tan tristemente:<\/p>\n<p><strong>Ustedes han visto el infierno, donde van las almas de los pobres pecadores. Es para salvarlos que Dios quiere establecer en el mundo una devoci\u00f3n a mi Inmaculado Coraz\u00f3n. Si ustedes hacen lo que yo les diga, muchas almas se salvar\u00e1n, y habr\u00e1 paz. Esta guerra cesar\u00e1, pero si los hombres no dejan de ofender a Dios, otra guerra m\u00e1s terrible comenzar\u00e1 durante el pontificado de Pio XI. Cuando ustedes vean una noche que es iluminada por una luz extra\u00f1a y desconocida (esto ocurri\u00f3 en Enero 28, 1938) sabr\u00e1n que esta es la se\u00f1al que Dios les dar\u00e1 que indicar\u00e1 que est\u00e1 apunto de castigar al mundo con la guerra y el hambre, y por la persecuci\u00f3n de la Iglesia y del Papa.<\/strong><\/p>\n<p><strong>Para prevenir esto, vengo al mundo para pedir que Rusia sea consagrada a mi Inmaculado Coraz\u00f3n, y pido que los primero S\u00e1bados de cada mes se hagan comuniones en reparaci\u00f3n por todos los pecados del mundo. Si mis deseos se cumplen, Rusia se convertir\u00e1 y habr\u00e1 paz, si no, Rusia repartir\u00e1 sus errores alrededor del mundo, trayendo nuevas guerras y persecuciones a la Iglesia los justos ser\u00e1n martirizados y el Santo Padre tendr\u00e1 que sufrir mucho, ciertas naciones ser\u00e1n aniquiladas. Pero al final mi Inmaculado Coraz\u00f3n triunfar\u00e1. El Santo Padre consagrar\u00e1 a Rusia a Mi, y esta ser\u00e1 convertida y el mundo disfrutar\u00e1 de un per\u00edodo de paz. En Portugal al fe siempre ser\u00e1 preservada\u2026(Aqu\u00ed viene la parte del secreto que a\u00fan no ha sido revelado). Recuerden no deben decirle esto a nadie m\u00e1s que a Francisco.<\/strong><\/p>\n<p><strong>Cuando ustedes recen el Rosario, digan despu\u00e9s de cada misterio: O mi buen Jes\u00fas, perdona nuestros pecados, l\u00edbranos del fuego del infierno, especialmente a las m\u00e1s necesitadas de tu divina Misericordia.<\/strong><\/p>\n<p>\u00bb \u00bfHay algo m\u00e1s que quieras de mi?\u00bb<\/p>\n<p><strong>No, no quiero m\u00e1s nada de ti hoy.<\/strong><\/p>\n<p>Luego, al igual que antes Nuestra Se\u00f1ora comenz\u00f3 a ascender hacia el Este, hasta que finalmente desapareci\u00f3 en la inmensa oscuridad del firmamento.<\/p>\n<p>La posesi\u00f3n del Secreto prob\u00f3 ser una gran prueba para los tres peque\u00f1os. La familia, los vecinos, seguidores de la aparici\u00f3n, hasta el clero, trat\u00f3 sin \u00e9xito que fuera revelado. Finalmente, en cuanto el d\u00eda de la aparici\u00f3n se acercaba hasta el gobierno civil, que era secular y venenosamente anti clerical, alarmado por el n\u00famero de personas que estaban interes\u00e1ndose en los eventos de F\u00e1tima, atentaron con arrebat\u00e1rselos y en el proceso exponer a la Iglesia como colaboradora en un fraude.<\/p>\n<p><a href=\"http:\/\/logronopasion.com\/portal\/wp-content\/uploads\/2017\/05\/fatima2.jpg\"><img loading=\"lazy\" decoding=\"async\" class=\"aligncenter wp-image-5268\" src=\"http:\/\/logronopasion.com\/portal\/wp-content\/uploads\/2017\/05\/fatima2.jpg\" alt=\"\" width=\"500\" height=\"500\" srcset=\"https:\/\/www.logronopasion.com\/portal\/wp-content\/uploads\/2017\/05\/fatima2.jpg 900w, https:\/\/www.logronopasion.com\/portal\/wp-content\/uploads\/2017\/05\/fatima2-150x150.jpg 150w, https:\/\/www.logronopasion.com\/portal\/wp-content\/uploads\/2017\/05\/fatima2-300x300.jpg 300w, https:\/\/www.logronopasion.com\/portal\/wp-content\/uploads\/2017\/05\/fatima2-768x768.jpg 768w\" sizes=\"auto, (max-width: 500px) 100vw, 500px\" \/><\/a><\/p>\n<p><span style=\"text-decoration: underline;\"><strong>Aparici\u00f3n del 19 agosto de 1917<\/strong><\/span><\/p>\n<p>Bajo el pretexto de facilitarles su propio autom\u00f3vil, para que los ni\u00f1os pudieran trasladarse seguros y con rapidez en medio de la multitud que rodeaba sus hogares, el administrador civil o alcalde del distrito en el que estaba ubicado F\u00e1tima, lleg\u00f3 a Aljustrel en la ma\u00f1ana del 13 de agosto. En un intento para conocer \u00abla verdad\u00bb sin \u00e9xito, el 11 de agosto, Arturo Santos,\u00a0alto rango de la administrci\u00f3n, hab\u00eda planeado una trampa que dejar\u00eda a los ni\u00f1os bajo su custodia para forzarlos a revelar todo. Como acto de buena fe, se ofreci\u00f3 para llevar a los tres ni\u00f1os y a sus padres a ver al p\u00e1rroco, quien dijo que quer\u00eda verles, y as\u00ed se fue a Cova. En la casa parroquial \u00e9l abandon\u00f3 esa artima\u00f1a as\u00ed como a los padres llev\u00e1ndose solo a los ni\u00f1os hasta la sede del distrito en Vila Nova de Ourem, a unas 9 millas de distancia. All\u00ed, intent\u00f3 comprarlos, los amenaz\u00f3 de muerte y encerr\u00e1ndolos en una celda con otros \u00abcriminales\u00bb quiso\u00a0hacerlos retractar de su historia. Todos esto sin ning\u00fan resultado. A pesar de sus edades, su fe en la Se\u00f1ora y su coraje fueron imperturbables.<\/p>\n<p>Mientras tanto en Cova al mediod\u00eda del d\u00eda 13, los signos externos caracter\u00edsticos de la aparici\u00f3n se hicieron visibles para la multitud, la mayor multitud hasta esos momentos. Despu\u00e9s que estos signos terminaron, la multitud se dispers\u00f3 sin saber nada sobre las trampas tendidas por el gobierno a los ni\u00f1os.<\/p>\n<p>Sin embargo, la retenci\u00f3n\u00a0de los ni\u00f1os, continu\u00f3\u00a0dos d\u00edas m\u00e1s, preocupando de gran modo a sus familias.<\/p>\n<p>Finalmente, en la fiesta de la Asunci\u00f3n el 15 de agosto, el Administrador los condujo de nuevo a F\u00e1tima y los dej\u00f3 a los pies de la rector\u00eda. Aqu\u00ed fueron vistos por la gente que sal\u00eda de Misa tratando de determinar por parte de la familia Marto d\u00f3nde hab\u00edan estado los ni\u00f1os. Su furia se volc\u00f3 contra el conductor del autom\u00f3vil y contra el Alcalde cuando lleg\u00f3 un poco m\u00e1s tarde, ambos ansiosos de escapar ilesos. Este fue el \u00fanico esfuerzo serio por parte de la autoridades por intervenir con la Se\u00f1ora de F\u00e1tima.<\/p>\n<p>En cuanto a los planes de la Se\u00f1ora, fueron retrasados un poco. El Domingo 19 Luc\u00eda, su hermano Juan y Francisco estaban pastoreando sus ovejas en un lugar llamado Valinhos. Estaba ubicado al lado de la misma colina opuesta a Aljustrel donde se les apareci\u00f3 el \u00e1ngel dos veces, un poco m\u00e1s al norte. Alrededor de las 4 de la tarde, presintiendo que la Se\u00f1ora estaba apunto de aparecerse, Luc\u00eda trat\u00f3 sin \u00e9xito de convencer a John que fuera a buscar a Jacinta hasta que le ofreci\u00f3 unos cuantos centavos por la diligencia.<\/p>\n<p>Mientras ella y Francisco esperaban vieron la luz t\u00edpica, y en el\u00a0momento en que\u00a0Jacinta lleg\u00f3 hasta ellos, se apareci\u00f3 la Se\u00f1ora.<\/p>\n<p>\u00ab\u00bfQue quieres de m\u00ed?\u00bb<\/p>\n<p><strong>Vengan otra vez a Cova da Iria el trece del mes que viene, mi hija, y contin\u00faen rezando el Rosario todos los d\u00edas. El \u00faltimo d\u00eda yo har\u00e9 un milagro para que todos crean.<\/strong><\/p>\n<p>\u00ab\u00bfQue debemos hacer con las ofrendas que deja la gente en Cova da Iria?\u00bb<\/p>\n<p><strong>Quiero que hagan dos andas (para cargar estatuas) para la fiesta de Nuestra Se\u00f1ora del Rosario. Quiero que tu y Jacinta lleven una de ellas con dos otras ni\u00f1as. Ustedes dos se vestir\u00e1n de blanco. Y luego quiero que Francisco, con tres ni\u00f1os ayud\u00e1ndolo, cargue la otra. Los ni\u00f1os tambi\u00e9n han de vestir de blanco. Lo que quede de las ofrendas ayudar\u00e1 para la construcci\u00f3n de la capilla que ha de ser construida aqu\u00ed.<\/strong><\/p>\n<p>Luc\u00eda luego pregunt\u00f3 por la curaci\u00f3n de algunos enfermos<\/p>\n<p><strong>Algunos los curar\u00e9 durante este a\u00f1o<\/strong><\/p>\n<p>(mir\u00e1ndolos tristemente) <strong>Oren, oren mucho. Hagan sacrificios por los pecadores. Muchas almas se van al infierno, porque nadie est\u00e1 dispuesto a ayudarlas con sacrificios.<\/strong><\/p>\n<p>Habiendo dicho esto se retir\u00f3 como lo hab\u00eda hecho en otras ocasiones.<\/p>\n<p><span style=\"text-decoration: underline;\"><strong>Aparici\u00f3n del 13 septiembre de 1917 <\/strong><\/span><\/p>\n<p>A pesar del rid\u00edculo y las burlas causadas por la prensa secular y atea, m\u00e1s de 30,000 personas se reunieron en Cova para la aparici\u00f3n del mes de septiembre. Ahora mientras se recitaba el Rosario la multitud pudo ver a los ni\u00f1os ponerse de pie mirando hacia el este y ver como la admiraci\u00f3n se apoderaba de sus rostros. En un momento, \u00a0mientras los ni\u00f1os esperaban, mirando y mirando, sus ojos puestos\u00a0en el encino, sus gozo encendido como una llama, cayeron de\u00a0rodillas de nuevo, y personas que estaban muy cerca de Luc\u00eda la escucharon decir:<\/p>\n<p>\u00ab\u00bfQu\u00e9 quieres de mi?\u00bb<\/p>\n<p><strong>Contin\u00faen diciendo el Rosario, mis hijos. D\u00edganlo todos los d\u00edas para que cese la guerra. En octubre vendr\u00e1 nuestro Se\u00f1or, as\u00ed como Nuestra Se\u00f1ora del Perpetuo Socorro y Nuestra Se\u00f1ora del Monte Carmelo. San Jos\u00e9 se aparecer\u00e1 con el Ni\u00f1o Jes\u00fas para bendecir al mundo. <\/strong><\/p>\n<p><strong>A Dios le agradan sus sacrificios, pero no quiere que se pongan los cordones de noche para ir a dormir. S\u00f3lo p\u00f3nganselos durante el d\u00eda.<\/strong><\/p>\n<p>\u00ab\u00bfTengo las peticiones de muchas personas que piden tu ayuda. Asistir\u00e1s a una ni\u00f1a que es sordo muda?\u00bb<\/p>\n<p><strong>Ella mejorar\u00e1 en un a\u00f1o. <\/strong><\/p>\n<p>\u00ab\u00bfY las conversiones que algunos han pedido? \u00bfLas sanaciones de los enfermos?\u00bb<\/p>\n<p><strong>Algunas las curar\u00e9 a otras no. Nuestro Se\u00f1or no conf\u00eda en todos ellos. <\/strong><\/p>\n<p>\u00ab\u00bfQuieres que se construya una capilla peque\u00f1a aqu\u00ed con el dinero que las personas han dejado?\u00bb<\/p>\n<p><strong>S\u00ed, deseo que se construya una peque\u00f1a capilla en honor de Nuestra Se\u00f1ora del Rosario. Pero diles que se utilice s\u00f3lo la mitad de este dinero para esto. La otra mitad ser\u00e1 para las dos andas que ustedes ya saben.<\/strong><\/p>\n<p>\u00abMuchos creen que yo soy una impostora y un fraude, dicen que merezco ser colgada o quemada. \u00bfPuedes por favor hacer un milagro para que ellos crean?\u00bb<\/p>\n<p><strong>En octubre habr\u00e1 un milagro que permitir\u00e1 que todos crean<\/strong><\/p>\n<p>Le entrevista se hab\u00eda terminado. La visi\u00f3n se elev\u00f3 como antes, y Luc\u00eda, se\u00f1alando a la Se\u00f1ora le dijo a la multitud, \u00bb Se desean verla, \u00a1miren! \u00a1miren!<\/p>\n<p><span style=\"text-decoration: underline;\"><strong>Aparici\u00f3n del 13 octubre de 1917<\/strong><\/span><\/p>\n<p>Durante la noche del 12 al 13 de octubre hab\u00eda llovido toda la noche, empapando el suelo y a los miles de peregrinos que viajaban a F\u00e1tima de todas partes. A pie, por carro y carrozas ven\u00edan, entrando a la zona de Cova por el camino de F\u00e1tima \u2013 Leiria, que hoy en d\u00eda todav\u00eda pasa frente a la gran plaza de la Bas\u00edlica. De ah\u00ed bajaban hacia el lugar de las apariciones. Hoy en d\u00eda en el sitio est\u00e1 la capillita moderna de vidrio, encerrando la primera que se construy\u00f3 y la estatua de Nuestra Se\u00f1ora del Rosario de F\u00e1tima donde estaba el encino.<\/p>\n<p>En cuanto a los ni\u00f1os, lograron llegar a Cova entre las adulaciones y el escepticismo que los hab\u00eda perseguido desde mayo. Cuando llegaron encontraron cr\u00edticos que los cuestionaban su veracidad y la puntualidad de la Se\u00f1ora, quien hab\u00eda prometido llegar al medio d\u00eda. Ya hab\u00edan pasado las doce seg\u00fan la hora oficial del pa\u00eds. Sin embargo cuando el sol hab\u00eda llegado a su apogeo la Se\u00f1ora se apareci\u00f3 como hab\u00eda dicho.<\/p>\n<p>\u00ab\u00bfQu\u00e9 quieres de mi?\u00bb<\/p>\n<p><strong>Quiero que se construya una capilla aqu\u00ed en mi honor. Quiero que contin\u00faen diciendo el Rosario todos los d\u00edas. La guerra pronto terminar\u00e1, y los soldados regresar\u00e1n a sus hogares. <\/strong><\/p>\n<p>\u00abSi, Si\u00bb<\/p>\n<p>\u00ab\u00bfMe dir\u00e1s tu nombre?\u00bb<\/p>\n<p><strong>Yo soy la Se\u00f1ora del Rosario <\/strong><\/p>\n<p>\u00abTengo muchas peticiones de muchas personas. \u00bfSe las conceder\u00e1s?\u00bb<\/p>\n<p><strong>Algunas ser\u00e1n concedidas, y otras las debo negar. Las personas deben rehacer sus vidas y pedir perd\u00f3n por sus pecados. No deben de ofender m\u00e1s a nuestro Se\u00f1or, ya es ofendido demasiado! <\/strong><\/p>\n<p>\u00bb \u00bfY eso es todo lo que tienes que pedir?\u00bb<\/p>\n<p><strong>No hay nada m\u00e1s. <\/strong><\/p>\n<p>Mientras la Se\u00f1ora del Rosario se eleva hacia el este ella torn\u00f3 las palmas de sus manos hacia el cielo oscuro. Aunque la lluvia hab\u00eda cedido, nubes oscuras continuaban a oscurecer el sol, que de repente se escapa entre ellos y se ve como un suave disco de plata.<\/p>\n<p>\u00ab\u00a1Miren el sol!\u00bb<\/p>\n<p>En este momento dos distintas apariciones pudieron ser vistas, el fen\u00f3meno del sol presenciado por los 70,000 espectadores y aquella que fue vista s\u00f3lo por los ni\u00f1os. Luc\u00eda describe esta aparici\u00f3n en su diario.<\/p>\n<p>Despu\u00e9s que la Virgen se desapareci\u00f3 en la inmensa distancia del firmamento, vimos a San Jos\u00e9 y al Ni\u00f1o Jes\u00fas que parec\u00edan estar bendiciendo el mundo, ya que hac\u00edan la se\u00f1al de la cruz con sus manos. Un poco despu\u00e9s cuando esta aparici\u00f3n termin\u00f3 vi a Nuestro Se\u00f1or y a Nuestra Se\u00f1ora, me parece que era lo Dolorosa. Nuestro Se\u00f1or parec\u00eda bendecir al mundo al igual que lo hab\u00eda hecho San Jos\u00e9. Esta aparici\u00f3n tambi\u00e9n desapareci\u00f3 y vi a Nuestra Se\u00f1ora una vez m\u00e1s, parecida a nuestra Se\u00f1ora del Carmen (S\u00f3lo Lucia vio la \u00faltima aparici\u00f3n, anticipando su entrada al Carmelo unos a\u00f1os despu\u00e9s.<\/p>\n<p>Estas ser\u00edan las \u00faltimas apariciones en F\u00e1tima para Jacinta y Francisco. Sin embargo a Luc\u00eda nuestra Se\u00f1ora se la apareci\u00f3 una s\u00e9ptima vez en 1920, como lo hab\u00eda prometido la Se\u00f1ora el mes de mayo. Esta vez Luc\u00eda estaba en oraci\u00f3n en la Cova, antes de dejar F\u00e1tima para ir a un internado de ni\u00f1as. La Se\u00f1ora vino para alentarla a que se dedicara enteramente a Dios.<\/p>\n<p>Mientras los ni\u00f1os ve\u00edan las diversas apariciones de Jes\u00fas, Mar\u00eda y San Jos\u00e9, la multitud presenci\u00f3 un prodigio diferente, el ahora conocido como el famoso milagro del sol. Entre los testigos estaban los siguientes:<\/p>\n<p><strong>O Seculo (un peri\u00f3dico de Lisboa por gobierno y anticlerical.<\/strong><\/p>\n<p>Desde el camino, donde estaban estacionados los veh\u00edculos donde cientos de personas se hab\u00edan quedado ya que no quer\u00edan vencer el lodo, uno pod\u00eda ver la gran multitud volverse hacia el sol, que parec\u00eda sin nubes y estaba en su apogeo. Parec\u00eda una placa de pura plata y se pod\u00eda mirar fijamente sin incomodar. Pudo haber sido un eclipse que suced\u00eda en ese momento. Pero en ese mismo momento se produjo un gran grito, y uno pod\u00eda escuchar a los espectadores m\u00e1s cercanos gritas: \u00a1un milagro! \u00a1un milagro!<\/p>\n<p>Ante el asombro reflejado en los ojos de los espectadores, cuya semblanza era b\u00edblica ya que todos ten\u00edan la cabeza descubierta, y que buscaban ansiosamente algo en el cielo, el sol temblaba, hizo ciertos movimientos repentinos fuera de las layes c\u00f3smicas \u2013 el sol \u00abdanzaba\u00bb de acuerdo a las expresiones t\u00edpicas de la gente.<\/p>\n<p>Hab\u00eda un viejecito parado en las escaleras de un \u00f3mnibus con su rostro vuelto hac\u00eda el sol y\u00a0recitaba el credo en alta voz. Pregunt\u00e9 quien era y me dijeron que era el se\u00f1or Joao da Cunha Vasconcelos. Lo vi despu\u00e9s dirigi\u00e9ndose a los que estaban a su alrededor con sus sombreros puestos y les implor\u00f3 vehementemente que se descubrieran sus cabezas ante tan extraordinario milagro.<\/p>\n<p>La gente se preguntaban los unos a los otros lo que hab\u00edan visto. La gran mayor\u00eda admiti\u00f3 ver el sol danzando y temblando, otros afirmaban que hab\u00edan visto el rostro de la Virgen Sant\u00edsima. Otros juraron que vieron el sol girar como una rueda que se acercaba a la tierra como si fuera a quemarla con sus rayos. Algunos dijeron haber visto cambios de colores sucesivamente.<\/p>\n<p><strong>O Dia (otro diario de Lisboa, edici\u00f3n 17 de octubre de 1917)<\/strong><\/p>\n<p>\u00bb A la una en punto de la tarde, mediod\u00eda solar, la lluvia ces\u00f3, el cielo de color gris nacarado iluminaba la vasta regi\u00f3n \u00e1rida con una extra\u00f1a luz. El sol ten\u00eda como un velo de gasa transparente que hac\u00eda f\u00e1cil el mirarlo fijamente. El tono gris\u00e1ceo madre perla que se torn\u00f3 en una l\u00e1mina de plata que se rompi\u00f3 cuando las nubes se abr\u00edan y el sol de plata envuelto en el mismo velo de luz gris, se vio girar y moverse en el circulo de las nubes abiertas. De todas las bocas se escuch\u00f3 un gemido y las personas cayeron de rodillas sobre el suelo fangoso\u2026..<\/p>\n<p>La luz se torn\u00f3 en un azul precioso, como si atravesara el vitral de una catedral y esparci\u00f3 sus rayos sobre las personas que estaban de rodillas con los brazos extendidos. El azul desapareci\u00f3 lentamente y luego la luz pareci\u00f3 traspasar un cristal amarillo. La luz amarilla ti\u00f1\u00f3 los pa\u00f1uelos blancos, las faldas oscuras de las mujeres. Lo mismo sucedi\u00f3 en los \u00e1rboles, las piedras y en la sierra. La gente lloraba y oraba con la cabeza descubierta ante la presencia del milagro que hab\u00edan esperado. Los segundos parec\u00edan como horas, as\u00ed de intensos eran.<\/p>\n<p><strong>Ti Marto (padre de Jacinta y Francisco)<\/strong><\/p>\n<p>Pod\u00edamos mirar con facilidad el sol, que por alguna raz\u00f3n no nos cegaba. Parec\u00eda titilar primero en un sentido y luego en otro. Sus rayos se esparc\u00edan en muchas direcciones y pintaban todas las cosas en diferentes colores, los \u00e1rboles, la gente el aire y la tierra. Pero lo m\u00e1s extraordinario para mi era que el sol no lastimaba nuestros ojos. Todo estaba tranquilo y en silencio y todos miraban hacia arriba. De pronto pareci\u00f3 que el sol dej\u00f3 de girar. Luego comenz\u00f3 a moverse y a danzar en el cielo, hasta que parec\u00eda desprenderse de su lugar y caer sobre nosotros. Fue un momento terrible.<\/p>\n<p><strong>Mar\u00eda Capelinha (una de las primeras creyentes)<\/strong><\/p>\n<p>El transform\u00f3 todo de diferentes colores \u2013 amarillo, azul y blanco, entonces se sacudi\u00f3 y tembl\u00f3, parec\u00eda una rueda de fuego que ca\u00eda sobre la gente. Empezaron a gritar \u00ab\u00a1nos va ha matar a todos!\u00bb, otros clamaron a nuestro Se\u00f1or para que los salvara, ellos recitaban el acto de contrici\u00f3n. Una mujer comenz\u00f3 a confesar sus pecados en voz alta, diciendo que hab\u00eda hecho esto y aquello\u2026.<\/p>\n<p>Cuando al fin el sol dej\u00f3 de saltar y de moverse todos respiramos aliviados. Aun est\u00e1bamos vivos, y el milagro predicho por los ni\u00f1os fue visto por todos.<\/p>\n<p>Yo estaba mirando hacia el lugar de las apariciones, esperando serena y fr\u00edamente que algo sucediera, y con una curiosidad en descenso por que hab\u00eda pasado mucho tiempo sin que sucediera nada que me llamara la atenci\u00f3n, entonces escuche miles de voces gritar y vi que la multitud de pronto se voltio, hacia el lado contrario, sus espaldas en contra del sitio donde yo ten\u00eda dirigida mi atenci\u00f3n y mir\u00e9 al cielo del lado opuesto.<\/p>\n<p>La hora legal era cerca de las 2 de la tarde, alrededor del medio d\u00eda solar. EL sol unos momentos antes hab\u00eda aparecido entre unas nubes, las cuales lo ocultaban y brillaba clara e intensamente. Yo me volv\u00ed hacia el magneto que parec\u00eda atraer todas las miradas y lo vi como un disco con un aro claramente marcado, luminoso y resplandeciente, pero que no hac\u00eda da\u00f1o a los ojos. No estoy de acuerdo con la comparaci\u00f3n que escuchado han hecho en F\u00e1tima y la de un pesado disco plateado. Era un color m\u00e1s claro rico y resplandeciente que ten\u00eda algo del brillo de una perla. No se parec\u00eda en nada a la luna en una noche clara porque al uno verlo y sentirlo parec\u00eda un cuerpo vivo. No era una esfera como la luna ni ten\u00eda el mismo color o matiz. Perec\u00eda como una rueda de cristal hacha de la madre de todas las perlas. No se pod\u00eda confundir con el sol visto a trav\u00e9s de la neblina (por que no hab\u00eda neblina en ese momento), porque no era opaca, difusa ni cubierta con un velo. En F\u00e1tima daba luz y calor y aparentaba un claro cofre con un arco bien difundido.<\/p>\n","protected":false},"excerpt":{"rendered":"<p>En preparaci\u00f3n para las apariciones de Nuestra Se\u00f1ora, un \u00e1ngel quien se identific\u00f3 como el \u00c1ngel de Portugal, le habl\u00f3 en primer lugar a los ni\u00f1os dici\u00e9ndoles: \u00abNo teman. Yo soy el \u00e1ngel de la Paz. Recen conmigo\u00bb. Luego el se arrodill\u00f3, dobl\u00e1ndose hasta tocar el suelo con su frente y rez\u00f3: \u00abDios m\u00edo, yo creo, yo adoro y yo te amo!, te pido perd\u00f3n por aquellos que no creen, no adoran, no conf\u00edan y no te aman!\u00bb El dijo esta oraci\u00f3n tres veces. Cuando se par\u00f3, se dirigi\u00f3 a los tres ni\u00f1os y les dijo: \u00abRecen as\u00ed. Los corazones&hellip; <\/p>\n","protected":false},"author":18,"featured_media":0,"comment_status":"open","ping_status":"open","sticky":false,"template":"","format":"standard","meta":{"_bbp_topic_count":0,"_bbp_reply_count":0,"_bbp_total_topic_count":0,"_bbp_total_reply_count":0,"_bbp_voice_count":0,"_bbp_anonymous_reply_count":0,"_bbp_topic_count_hidden":0,"_bbp_reply_count_hidden":0,"_bbp_forum_subforum_count":0,"_crdt_document":"","footnotes":""},"categories":[3],"tags":[],"class_list":["post-5266","post","type-post","status-publish","format-standard","hentry","category-iglesia"],"yoast_head":"<!-- This site is optimized with the Yoast SEO plugin v27.5 - https:\/\/yoast.com\/product\/yoast-seo-wordpress\/ -->\n<title>La Virgen de F\u00e1tima, Nuestra Se\u00f1ora del Rosario. - Logro\u00f1o Pasi\u00f3n<\/title>\n<meta name=\"robots\" content=\"index, follow, max-snippet:-1, max-image-preview:large, max-video-preview:-1\" \/>\n<link rel=\"canonical\" href=\"https:\/\/www.logronopasion.com\/portal\/virgen-de-fatima\/\" \/>\n<meta property=\"og:locale\" content=\"es_ES\" \/>\n<meta property=\"og:type\" content=\"article\" \/>\n<meta property=\"og:title\" content=\"La Virgen de F\u00e1tima, Nuestra Se\u00f1ora del Rosario. - Logro\u00f1o Pasi\u00f3n\" \/>\n<meta property=\"og:description\" content=\"En preparaci\u00f3n para las apariciones de Nuestra Se\u00f1ora, un \u00e1ngel quien se identific\u00f3 como el \u00c1ngel de Portugal, le habl\u00f3 en primer lugar a los ni\u00f1os dici\u00e9ndoles: \u00abNo teman. Yo soy el \u00e1ngel de la Paz. Recen conmigo\u00bb. Luego el se arrodill\u00f3, dobl\u00e1ndose hasta tocar el suelo con su frente y rez\u00f3: \u00abDios m\u00edo, yo creo, yo adoro y yo te amo!, te pido perd\u00f3n por aquellos que no creen, no adoran, no conf\u00edan y no te aman!\u00bb El dijo esta oraci\u00f3n tres veces. Cuando se par\u00f3, se dirigi\u00f3 a los tres ni\u00f1os y les dijo: \u00abRecen as\u00ed. Los corazones&hellip;\" \/>\n<meta property=\"og:url\" content=\"https:\/\/www.logronopasion.com\/portal\/virgen-de-fatima\/\" \/>\n<meta property=\"og:site_name\" content=\"Logro\u00f1o Pasi\u00f3n\" \/>\n<meta property=\"article:publisher\" content=\"https:\/\/www.facebook.com\/logronopasion\" \/>\n<meta property=\"article:published_time\" content=\"2017-05-13T09:19:12+00:00\" \/>\n<meta property=\"article:modified_time\" content=\"2017-05-13T09:41:12+00:00\" \/>\n<meta property=\"og:image\" content=\"http:\/\/logronopasion.com\/portal\/wp-content\/uploads\/2017\/05\/Pastorcitos.jpg\" \/>\n<meta name=\"author\" content=\"Logronopasion.com\" \/>\n<meta name=\"twitter:card\" content=\"summary_large_image\" \/>\n<meta name=\"twitter:creator\" content=\"@LogronoPasion\" \/>\n<meta name=\"twitter:site\" content=\"@LogronoPasion\" \/>\n<meta name=\"twitter:label1\" content=\"Escrito por\" \/>\n\t<meta name=\"twitter:data1\" content=\"Logronopasion.com\" \/>\n\t<meta name=\"twitter:label2\" content=\"Tiempo de lectura\" \/>\n\t<meta name=\"twitter:data2\" content=\"31 minutos\" \/>\n<script type=\"application\/ld+json\" class=\"yoast-schema-graph\">{\"@context\":\"https:\\\/\\\/schema.org\",\"@graph\":[{\"@type\":\"Article\",\"@id\":\"https:\\\/\\\/www.logronopasion.com\\\/portal\\\/virgen-de-fatima\\\/#article\",\"isPartOf\":{\"@id\":\"https:\\\/\\\/www.logronopasion.com\\\/portal\\\/virgen-de-fatima\\\/\"},\"author\":{\"name\":\"Logronopasion.com\",\"@id\":\"https:\\\/\\\/www.logronopasion.com\\\/portal\\\/#\\\/schema\\\/person\\\/39728c7f1ab39edc31b0bc671a7fcb0b\"},\"headline\":\"La Virgen de F\u00e1tima, Nuestra Se\u00f1ora del Rosario.\",\"datePublished\":\"2017-05-13T09:19:12+00:00\",\"dateModified\":\"2017-05-13T09:41:12+00:00\",\"mainEntityOfPage\":{\"@id\":\"https:\\\/\\\/www.logronopasion.com\\\/portal\\\/virgen-de-fatima\\\/\"},\"wordCount\":6280,\"commentCount\":0,\"publisher\":{\"@id\":\"https:\\\/\\\/www.logronopasion.com\\\/portal\\\/#organization\"},\"image\":{\"@id\":\"https:\\\/\\\/www.logronopasion.com\\\/portal\\\/virgen-de-fatima\\\/#primaryimage\"},\"thumbnailUrl\":\"http:\\\/\\\/logronopasion.com\\\/portal\\\/wp-content\\\/uploads\\\/2017\\\/05\\\/Pastorcitos.jpg\",\"articleSection\":[\"Iglesia - estado, sociedad y religi\u00f3n\"],\"inLanguage\":\"es\",\"potentialAction\":[{\"@type\":\"CommentAction\",\"name\":\"Comment\",\"target\":[\"https:\\\/\\\/www.logronopasion.com\\\/portal\\\/virgen-de-fatima\\\/#respond\"]}]},{\"@type\":\"WebPage\",\"@id\":\"https:\\\/\\\/www.logronopasion.com\\\/portal\\\/virgen-de-fatima\\\/\",\"url\":\"https:\\\/\\\/www.logronopasion.com\\\/portal\\\/virgen-de-fatima\\\/\",\"name\":\"La Virgen de F\u00e1tima, Nuestra Se\u00f1ora del Rosario. - Logro\u00f1o Pasi\u00f3n\",\"isPartOf\":{\"@id\":\"https:\\\/\\\/www.logronopasion.com\\\/portal\\\/#website\"},\"primaryImageOfPage\":{\"@id\":\"https:\\\/\\\/www.logronopasion.com\\\/portal\\\/virgen-de-fatima\\\/#primaryimage\"},\"image\":{\"@id\":\"https:\\\/\\\/www.logronopasion.com\\\/portal\\\/virgen-de-fatima\\\/#primaryimage\"},\"thumbnailUrl\":\"http:\\\/\\\/logronopasion.com\\\/portal\\\/wp-content\\\/uploads\\\/2017\\\/05\\\/Pastorcitos.jpg\",\"datePublished\":\"2017-05-13T09:19:12+00:00\",\"dateModified\":\"2017-05-13T09:41:12+00:00\",\"inLanguage\":\"es\",\"potentialAction\":[{\"@type\":\"ReadAction\",\"target\":[\"https:\\\/\\\/www.logronopasion.com\\\/portal\\\/virgen-de-fatima\\\/\"]}]},{\"@type\":\"ImageObject\",\"inLanguage\":\"es\",\"@id\":\"https:\\\/\\\/www.logronopasion.com\\\/portal\\\/virgen-de-fatima\\\/#primaryimage\",\"url\":\"http:\\\/\\\/logronopasion.com\\\/portal\\\/wp-content\\\/uploads\\\/2017\\\/05\\\/Pastorcitos.jpg\",\"contentUrl\":\"http:\\\/\\\/logronopasion.com\\\/portal\\\/wp-content\\\/uploads\\\/2017\\\/05\\\/Pastorcitos.jpg\"},{\"@type\":\"WebSite\",\"@id\":\"https:\\\/\\\/www.logronopasion.com\\\/portal\\\/#website\",\"url\":\"https:\\\/\\\/www.logronopasion.com\\\/portal\\\/\",\"name\":\"Logro\u00f1o Pasi\u00f3n\",\"description\":\"Portal sobre la Semana Santa de Logro\u00f1o\",\"publisher\":{\"@id\":\"https:\\\/\\\/www.logronopasion.com\\\/portal\\\/#organization\"},\"potentialAction\":[{\"@type\":\"SearchAction\",\"target\":{\"@type\":\"EntryPoint\",\"urlTemplate\":\"https:\\\/\\\/www.logronopasion.com\\\/portal\\\/?s={search_term_string}\"},\"query-input\":{\"@type\":\"PropertyValueSpecification\",\"valueRequired\":true,\"valueName\":\"search_term_string\"}}],\"inLanguage\":\"es\"},{\"@type\":\"Organization\",\"@id\":\"https:\\\/\\\/www.logronopasion.com\\\/portal\\\/#organization\",\"name\":\"Logro\u00f1o Pasi\u00f3n\",\"url\":\"https:\\\/\\\/www.logronopasion.com\\\/portal\\\/\",\"logo\":{\"@type\":\"ImageObject\",\"inLanguage\":\"es\",\"@id\":\"https:\\\/\\\/www.logronopasion.com\\\/portal\\\/#\\\/schema\\\/logo\\\/image\\\/\",\"url\":\"https:\\\/\\\/i2.wp.com\\\/logronopasion.com\\\/portal\\\/wp-content\\\/uploads\\\/2019\\\/04\\\/cropped-Header-1.jpg?fit=312%2C212&ssl=1\",\"contentUrl\":\"https:\\\/\\\/i2.wp.com\\\/logronopasion.com\\\/portal\\\/wp-content\\\/uploads\\\/2019\\\/04\\\/cropped-Header-1.jpg?fit=312%2C212&ssl=1\",\"width\":312,\"height\":212,\"caption\":\"Logro\u00f1o Pasi\u00f3n\"},\"image\":{\"@id\":\"https:\\\/\\\/www.logronopasion.com\\\/portal\\\/#\\\/schema\\\/logo\\\/image\\\/\"},\"sameAs\":[\"https:\\\/\\\/www.facebook.com\\\/logronopasion\",\"https:\\\/\\\/x.com\\\/LogronoPasion\"]},{\"@type\":\"Person\",\"@id\":\"https:\\\/\\\/www.logronopasion.com\\\/portal\\\/#\\\/schema\\\/person\\\/39728c7f1ab39edc31b0bc671a7fcb0b\",\"name\":\"Logronopasion.com\",\"image\":{\"@type\":\"ImageObject\",\"inLanguage\":\"es\",\"@id\":\"https:\\\/\\\/secure.gravatar.com\\\/avatar\\\/c6b3e81c20ae7dec59cda0fd11915cb052ff1705cd134db04112b35441792010?s=96&d=mm&r=g\",\"url\":\"https:\\\/\\\/secure.gravatar.com\\\/avatar\\\/c6b3e81c20ae7dec59cda0fd11915cb052ff1705cd134db04112b35441792010?s=96&d=mm&r=g\",\"contentUrl\":\"https:\\\/\\\/secure.gravatar.com\\\/avatar\\\/c6b3e81c20ae7dec59cda0fd11915cb052ff1705cd134db04112b35441792010?s=96&d=mm&r=g\",\"caption\":\"Logronopasion.com\"},\"url\":\"https:\\\/\\\/www.logronopasion.com\\\/portal\\\/author\\\/logronopasion-com\\\/\"}]}<\/script>\n<!-- \/ Yoast SEO plugin. -->","yoast_head_json":{"title":"La Virgen de F\u00e1tima, Nuestra Se\u00f1ora del Rosario. - Logro\u00f1o Pasi\u00f3n","robots":{"index":"index","follow":"follow","max-snippet":"max-snippet:-1","max-image-preview":"max-image-preview:large","max-video-preview":"max-video-preview:-1"},"canonical":"https:\/\/www.logronopasion.com\/portal\/virgen-de-fatima\/","og_locale":"es_ES","og_type":"article","og_title":"La Virgen de F\u00e1tima, Nuestra Se\u00f1ora del Rosario. - Logro\u00f1o Pasi\u00f3n","og_description":"En preparaci\u00f3n para las apariciones de Nuestra Se\u00f1ora, un \u00e1ngel quien se identific\u00f3 como el \u00c1ngel de Portugal, le habl\u00f3 en primer lugar a los ni\u00f1os dici\u00e9ndoles: \u00abNo teman. Yo soy el \u00e1ngel de la Paz. Recen conmigo\u00bb. Luego el se arrodill\u00f3, dobl\u00e1ndose hasta tocar el suelo con su frente y rez\u00f3: \u00abDios m\u00edo, yo creo, yo adoro y yo te amo!, te pido perd\u00f3n por aquellos que no creen, no adoran, no conf\u00edan y no te aman!\u00bb El dijo esta oraci\u00f3n tres veces. Cuando se par\u00f3, se dirigi\u00f3 a los tres ni\u00f1os y les dijo: \u00abRecen as\u00ed. Los corazones&hellip;","og_url":"https:\/\/www.logronopasion.com\/portal\/virgen-de-fatima\/","og_site_name":"Logro\u00f1o Pasi\u00f3n","article_publisher":"https:\/\/www.facebook.com\/logronopasion","article_published_time":"2017-05-13T09:19:12+00:00","article_modified_time":"2017-05-13T09:41:12+00:00","og_image":[{"url":"http:\/\/logronopasion.com\/portal\/wp-content\/uploads\/2017\/05\/Pastorcitos.jpg","type":"","width":"","height":""}],"author":"Logronopasion.com","twitter_card":"summary_large_image","twitter_creator":"@LogronoPasion","twitter_site":"@LogronoPasion","twitter_misc":{"Escrito por":"Logronopasion.com","Tiempo de lectura":"31 minutos"},"schema":{"@context":"https:\/\/schema.org","@graph":[{"@type":"Article","@id":"https:\/\/www.logronopasion.com\/portal\/virgen-de-fatima\/#article","isPartOf":{"@id":"https:\/\/www.logronopasion.com\/portal\/virgen-de-fatima\/"},"author":{"name":"Logronopasion.com","@id":"https:\/\/www.logronopasion.com\/portal\/#\/schema\/person\/39728c7f1ab39edc31b0bc671a7fcb0b"},"headline":"La Virgen de F\u00e1tima, Nuestra Se\u00f1ora del Rosario.","datePublished":"2017-05-13T09:19:12+00:00","dateModified":"2017-05-13T09:41:12+00:00","mainEntityOfPage":{"@id":"https:\/\/www.logronopasion.com\/portal\/virgen-de-fatima\/"},"wordCount":6280,"commentCount":0,"publisher":{"@id":"https:\/\/www.logronopasion.com\/portal\/#organization"},"image":{"@id":"https:\/\/www.logronopasion.com\/portal\/virgen-de-fatima\/#primaryimage"},"thumbnailUrl":"http:\/\/logronopasion.com\/portal\/wp-content\/uploads\/2017\/05\/Pastorcitos.jpg","articleSection":["Iglesia - estado, sociedad y religi\u00f3n"],"inLanguage":"es","potentialAction":[{"@type":"CommentAction","name":"Comment","target":["https:\/\/www.logronopasion.com\/portal\/virgen-de-fatima\/#respond"]}]},{"@type":"WebPage","@id":"https:\/\/www.logronopasion.com\/portal\/virgen-de-fatima\/","url":"https:\/\/www.logronopasion.com\/portal\/virgen-de-fatima\/","name":"La Virgen de F\u00e1tima, Nuestra Se\u00f1ora del Rosario. - Logro\u00f1o Pasi\u00f3n","isPartOf":{"@id":"https:\/\/www.logronopasion.com\/portal\/#website"},"primaryImageOfPage":{"@id":"https:\/\/www.logronopasion.com\/portal\/virgen-de-fatima\/#primaryimage"},"image":{"@id":"https:\/\/www.logronopasion.com\/portal\/virgen-de-fatima\/#primaryimage"},"thumbnailUrl":"http:\/\/logronopasion.com\/portal\/wp-content\/uploads\/2017\/05\/Pastorcitos.jpg","datePublished":"2017-05-13T09:19:12+00:00","dateModified":"2017-05-13T09:41:12+00:00","inLanguage":"es","potentialAction":[{"@type":"ReadAction","target":["https:\/\/www.logronopasion.com\/portal\/virgen-de-fatima\/"]}]},{"@type":"ImageObject","inLanguage":"es","@id":"https:\/\/www.logronopasion.com\/portal\/virgen-de-fatima\/#primaryimage","url":"http:\/\/logronopasion.com\/portal\/wp-content\/uploads\/2017\/05\/Pastorcitos.jpg","contentUrl":"http:\/\/logronopasion.com\/portal\/wp-content\/uploads\/2017\/05\/Pastorcitos.jpg"},{"@type":"WebSite","@id":"https:\/\/www.logronopasion.com\/portal\/#website","url":"https:\/\/www.logronopasion.com\/portal\/","name":"Logro\u00f1o Pasi\u00f3n","description":"Portal sobre la Semana Santa de Logro\u00f1o","publisher":{"@id":"https:\/\/www.logronopasion.com\/portal\/#organization"},"potentialAction":[{"@type":"SearchAction","target":{"@type":"EntryPoint","urlTemplate":"https:\/\/www.logronopasion.com\/portal\/?s={search_term_string}"},"query-input":{"@type":"PropertyValueSpecification","valueRequired":true,"valueName":"search_term_string"}}],"inLanguage":"es"},{"@type":"Organization","@id":"https:\/\/www.logronopasion.com\/portal\/#organization","name":"Logro\u00f1o Pasi\u00f3n","url":"https:\/\/www.logronopasion.com\/portal\/","logo":{"@type":"ImageObject","inLanguage":"es","@id":"https:\/\/www.logronopasion.com\/portal\/#\/schema\/logo\/image\/","url":"https:\/\/i2.wp.com\/logronopasion.com\/portal\/wp-content\/uploads\/2019\/04\/cropped-Header-1.jpg?fit=312%2C212&ssl=1","contentUrl":"https:\/\/i2.wp.com\/logronopasion.com\/portal\/wp-content\/uploads\/2019\/04\/cropped-Header-1.jpg?fit=312%2C212&ssl=1","width":312,"height":212,"caption":"Logro\u00f1o Pasi\u00f3n"},"image":{"@id":"https:\/\/www.logronopasion.com\/portal\/#\/schema\/logo\/image\/"},"sameAs":["https:\/\/www.facebook.com\/logronopasion","https:\/\/x.com\/LogronoPasion"]},{"@type":"Person","@id":"https:\/\/www.logronopasion.com\/portal\/#\/schema\/person\/39728c7f1ab39edc31b0bc671a7fcb0b","name":"Logronopasion.com","image":{"@type":"ImageObject","inLanguage":"es","@id":"https:\/\/secure.gravatar.com\/avatar\/c6b3e81c20ae7dec59cda0fd11915cb052ff1705cd134db04112b35441792010?s=96&d=mm&r=g","url":"https:\/\/secure.gravatar.com\/avatar\/c6b3e81c20ae7dec59cda0fd11915cb052ff1705cd134db04112b35441792010?s=96&d=mm&r=g","contentUrl":"https:\/\/secure.gravatar.com\/avatar\/c6b3e81c20ae7dec59cda0fd11915cb052ff1705cd134db04112b35441792010?s=96&d=mm&r=g","caption":"Logronopasion.com"},"url":"https:\/\/www.logronopasion.com\/portal\/author\/logronopasion-com\/"}]}},"_links":{"self":[{"href":"https:\/\/www.logronopasion.com\/portal\/wp-json\/wp\/v2\/posts\/5266","targetHints":{"allow":["GET"]}}],"collection":[{"href":"https:\/\/www.logronopasion.com\/portal\/wp-json\/wp\/v2\/posts"}],"about":[{"href":"https:\/\/www.logronopasion.com\/portal\/wp-json\/wp\/v2\/types\/post"}],"author":[{"embeddable":true,"href":"https:\/\/www.logronopasion.com\/portal\/wp-json\/wp\/v2\/users\/18"}],"replies":[{"embeddable":true,"href":"https:\/\/www.logronopasion.com\/portal\/wp-json\/wp\/v2\/comments?post=5266"}],"version-history":[{"count":3,"href":"https:\/\/www.logronopasion.com\/portal\/wp-json\/wp\/v2\/posts\/5266\/revisions"}],"predecessor-version":[{"id":5270,"href":"https:\/\/www.logronopasion.com\/portal\/wp-json\/wp\/v2\/posts\/5266\/revisions\/5270"}],"wp:attachment":[{"href":"https:\/\/www.logronopasion.com\/portal\/wp-json\/wp\/v2\/media?parent=5266"}],"wp:term":[{"taxonomy":"category","embeddable":true,"href":"https:\/\/www.logronopasion.com\/portal\/wp-json\/wp\/v2\/categories?post=5266"},{"taxonomy":"post_tag","embeddable":true,"href":"https:\/\/www.logronopasion.com\/portal\/wp-json\/wp\/v2\/tags?post=5266"}],"curies":[{"name":"wp","href":"https:\/\/api.w.org\/{rel}","templated":true}]}}