{"id":5320,"date":"2017-06-26T09:30:00","date_gmt":"2017-06-26T09:30:00","guid":{"rendered":"http:\/\/logronopasion.com\/portal\/?p=5320"},"modified":"2017-06-26T09:30:56","modified_gmt":"2017-06-26T09:30:56","slug":"santo-las-calles-logrono","status":"publish","type":"post","link":"https:\/\/www.logronopasion.com\/portal\/santo-las-calles-logrono\/","title":{"rendered":"Un santo por las calles de Logro\u00f1o"},"content":{"rendered":"<p><strong>Santos cuyas celebraciones son el 26 de Junio: Pelayo, ni\u00f1o, Superio, m\u00e1rtires; Salvio, obispo y m\u00e1rtir; Jos\u00e9 Mar\u00eda Robles Hurtado, sacerdote y m\u00e1rtir; Juan y Pablo, hermanos m\u00e1rtires; Antelmo, Hermogio, Virgilio, Rodolfo, Constantino, Marciano, obispos; Majencio, presb\u00edtero; Perseveranda, virgen; David, eremita; Jos\u00e9 Mar\u00eda Escriv\u00e1 de Balaguer, presbitero y fundador.<\/strong><\/p>\n<p>En <a href=\"http:\/\/www.logronopasion.com\">Logro\u00f1o Pasi\u00f3n<\/a>\u00a0(<a href=\"http:\/\/logronopasion.com\/foro\/\">www.logronopasion.com<\/a>) en\u00a0la secci\u00f3n del foro \u00abSantoral\u00bb ponemos todos los d\u00edas la vida y otros datos, de alguno de los santos cuya celebraci\u00f3n se conmemoran en el d\u00eda correspondiente del mes. Nuestro santo de hoy, vivi\u00f3, jug\u00f3, pase\u00f3, as\u00ed como estudi\u00f3 e ingres\u00f3 en el seminario\u00a0de nuestra ciudad de Logro\u00f1o.<\/p>\n<p><a href=\"http:\/\/logronopasion.com\/portal\/wp-content\/uploads\/2017\/06\/escriva.jpg\"><img loading=\"lazy\" decoding=\"async\" class=\"aligncenter wp-image-5321\" src=\"http:\/\/logronopasion.com\/portal\/wp-content\/uploads\/2017\/06\/escriva.jpg\" alt=\"\" width=\"450\" height=\"626\" srcset=\"https:\/\/www.logronopasion.com\/portal\/wp-content\/uploads\/2017\/06\/escriva.jpg 250w, https:\/\/www.logronopasion.com\/portal\/wp-content\/uploads\/2017\/06\/escriva-216x300.jpg 216w\" sizes=\"auto, (max-width: 450px) 100vw, 450px\" \/><\/a><\/p>\n<p>&nbsp;<\/p>\n<p><span style=\"text-decoration: underline;\"><strong>San Jos\u00e9 Mar\u00eda Escriv\u00e1 de Balaguer, presb\u00edtero y fundador.<\/strong><\/span><\/p>\n<p>Nace en Barbastro (Espa\u00f1a), el 9 de enero de 1902, siendo el segundo de los seis hijos que tuvieron Jos\u00e9 Escriv\u00e1 y Mar\u00eda Dolores Alb\u00e1s.<\/p>\n<p>Sus padres, fervientes cat\u00f3licos, le llevaron a la pila bautismal el d\u00eda 13 del mismo mes y a\u00f1o, y le transmitieron en primer lugar, con su vida ejemplar, los fundamentos de la fe y las virtudes cristianas: el amor a la Confesi\u00f3n y a la Comuni\u00f3n frecuentes, el recurso confiado a la oraci\u00f3n, la devoci\u00f3n a la Virgen Sant\u00edsima, la ayuda a los m\u00e1s necesitados.<\/p>\n<p>Crece como un ni\u00f1o alegre, despierto y sencillo, travieso, buen estudiante, inteligente y observador. Ten\u00eda mucho cari\u00f1o a su madre y una gran confianza y amistad con su padre, quien le invitaba a que con libertad le abriese el coraz\u00f3n y le contase sus preocupaciones, estando siempre disponible para responder a sus consultas con afecto y prudencia. Muy pronto, el Se\u00f1or comienza a templar su alma en la forja del dolor: entre 1910 y 1913 mueren sus tres hermanas m\u00e1s peque\u00f1as, y en 1914 la familia experimenta, adem\u00e1s, la ruina econ\u00f3mica. En 1915, los Escriv\u00e1 se trasladan a Logro\u00f1o, donde el padre ha encontrado un empleo que le permitir\u00e1 sostener modestamente a los suyos.<\/p>\n<p>En el invierno de 1917-18 tiene lugar un hecho que influir\u00e1 decisivamente en el futuro de Josemar\u00eda Escriv\u00e1: durante las Navidades, cae una intensa nevada sobre la ciudad, y un d\u00eda ve en el suelo las huellas heladas de unos pies sobre la nieve; son las pisadas de un religioso carmelita que caminaba descalzo. Entonces, se pregunta: Si otros hacen tantos sacrificios por Dios y por el pr\u00f3jimo, \u00bfno voy a ser yo capaz de ofrecerle algo? De este modo, surge en su alma una inquietud divina: Comenc\u00e9 a barruntar el Amor, a darme cuenta de que el coraz\u00f3n me ped\u00eda algo grande y que fuese amor. Sin saber a\u00fan con precisi\u00f3n qu\u00e9 le pide el Se\u00f1or, decide hacerse sacerdote, porque piensa que de ese modo estar\u00e1 m\u00e1s disponible para cumplir la voluntad divina.<\/p>\n<p><a href=\"http:\/\/logronopasion.com\/portal\/wp-content\/uploads\/2017\/06\/untitled.png\"><img loading=\"lazy\" decoding=\"async\" class=\"aligncenter wp-image-5322\" src=\"http:\/\/logronopasion.com\/portal\/wp-content\/uploads\/2017\/06\/untitled.png\" alt=\"\" width=\"400\" height=\"224\" \/><\/a><br \/>\nTerminado el Bachillerato, comienza los estudios eclesi\u00e1sticos en el Seminario de Logro\u00f1o y, en 1920, se incorpora al de Zaragoza, en cuya Universidad Pontificia completar\u00e1 su formaci\u00f3n previa al sacerdocio. En la capital aragonesa cursa tambi\u00e9n por sugerencia de su padre y con permiso de los superiores eclesi\u00e1sticos, la carrera universitaria de Derecho. Su car\u00e1cter generoso y alegre, su sencillez y serenidad hacen que sea muy querido entre sus compa\u00f1eros. Su esmero en la vida de piedad, en la disciplina y en el estudio sirve de ejemplo a todos los seminaristas, y en 1922, cuando s\u00f3lo ten\u00eda veinte a\u00f1os, el Arzobispo de Zaragoza le nombra Inspector del Seminario.<\/p>\n<p>Durante aquel periodo transcurre muchas horas rezando ante el Se\u00f1or Sacramentado -enraizando hondamente su vida interior en la Eucarist\u00eda- y acude diariamente a la Bas\u00edlica del Pilar, para pedir a la Virgen que Dios le muestre qu\u00e9 quiere de \u00e9l: Desde que sent\u00ed aquellos barruntos de amor de Dios -afirmaba el 2 de octubre de 1968-, dentro de mi poquedad busqu\u00e9 realizar lo que El esperaba de este pobre instrumento. (&#8230;) Y, entre aquellas ansias, rezaba, rezaba, rezaba en oraci\u00f3n continua. No cesaba de repetir: Domine, ut sit!, Domine, ut videam!, como el pobrecito del Evangelio, que clama porque Dios lo puede todo. \u00a1Se\u00f1or, que vea! \u00a1Se\u00f1or, que sea! Y tambi\u00e9n repet\u00eda, (&#8230;) lleno de confianza hacia mi Madre del Cielo: Domina, ut sit!, Domina, ut videam! La Sant\u00edsima Virgen siempre me ha ayudado a descubrir los deseos de su Hijo.<\/p>\n<p>El 27 de noviembre de 1924 fallece don Jos\u00e9 Escriv\u00e1, v\u00edctima de un s\u00edncope repentino. El 28 de marzo de 1925, Josemar\u00eda es ordenado sacerdote por Mons. Miguel de los Santos D\u00edaz G\u00f3mara, en la iglesia del Seminario de San Carlos de Zaragoza, y dos d\u00edas despu\u00e9s celebra su primera Misa solemne en la Santa Capilla de la Bas\u00edlica del Pilar; el 31 de ese mismo mes, se traslada a Perdiguera, un peque\u00f1o pueblo de campesinos, donde ha sido nombrado regente auxiliar en la parroquia.<\/p>\n<p>El 2 de octubre de 1928 nace el Opus Dei. San Josemar\u00eda est\u00e1 realizando unos d\u00edas de retiro espiritual, y mientras medita los apuntes de las mociones interiores recibidas de Dios en los \u00faltimos a\u00f1os, de repente ve -es el t\u00e9rmino con que describir\u00e1 siempre la experiencia fundacional- la misi\u00f3n que el Se\u00f1or quiere confiarle: abrir en la Iglesia un nuevo camino vocacional, dirigido a difundir la b\u00fasqueda de la santidad y la realizaci\u00f3n del apostolado mediante la santificaci\u00f3n del trabajo ordinario en medio del mundo sin cambiar de estado. Pocos meses despu\u00e9s, el 14 de febrero de 1930, el Se\u00f1or le hace entender que el Opus Dei debe extenderse tambi\u00e9n entre las mujeres.<\/p>\n<p>Desde este momento, San Josemar\u00eda se entrega en cuerpo y alma al cumplimiento de su misi\u00f3n fundacional: promover entre hombres y mujeres de todos los \u00e1mbitos de la sociedad un compromiso personal de seguimiento de Cristo, de amor al pr\u00f3jimo, de b\u00fasqueda de la santidad en la vida cotidiana. No se considera un innovador ni un reformador, pues est\u00e1 convencido de que Jesucristo es la eterna novedad y de que el Esp\u00edritu Santo rejuvenece continuamente la Iglesia, a cuyo servicio ha suscitado Dios el Opus Dei. Sabedor de que la tarea que le ha sido encomendada es de car\u00e1cter sobrenatural, hunde los cimientos de su labor en la oraci\u00f3n, en la penitencia, en la conciencia gozosa de la filiaci\u00f3n divina, en el trabajo infatigable. Comienzan a seguirle personas de todas las condiciones sociales y, en particular, grupos de universitarios, en quienes despierta un af\u00e1n sincero de servir a sus hermanos los hombres, encendi\u00e9ndolos en el deseo de poner a Cristo en la entra\u00f1a de todas las actividades humanas mediante un trabajo santificado, santificante y santificador. \u00c9ste es el fin que asignar\u00e1 a las iniciativas de los fieles del Opus Dei: elevar hacia Dios, con la ayuda de la gracia, cada una de las realidades creadas, para que Cristo reine en todos y en todo; conocer a Jesucristo; hacerlo conocer; llevarlo a todos los sitios. Se comprende as\u00ed que pudiera exclamar: Se han abierto los caminos divinos de la tierra.<\/p>\n<p>El Opus Dei est\u00e1 dando sus primeros pasos cuando, en 1936, estalla la guerra civil espa\u00f1ola. En Madrid arrecia la violencia antirreligiosa, pero don Josemar\u00eda, a pesar de los riesgos, se prodiga heroicamente en la oraci\u00f3n, en la penitencia y en el apostolado. Es una \u00e9poca de sufrimiento para la Iglesia; pero tambi\u00e9n son a\u00f1os de crecimiento espiritual y apost\u00f3lico y de fortalecimiento de la esperanza. En 1939, terminado el conflicto, el Fundador del Opus Dei puede dar nuevo impulso a su labor apost\u00f3lica por toda la geograf\u00eda peninsular, y moviliza especialmente a muchos j\u00f3venes universitarios para que lleven a Cristo a todos los ambientes y descubran la grandeza de su vocaci\u00f3n cristiana. Al mismo tiempo se extiende su fama de santidad: muchos Obispos le invitan a predicar cursos de retiro al clero y a los laicos de las organizaciones cat\u00f3licas. An\u00e1logas peticiones le llegan de los superiores de diversas \u00f3rdenes religiosas, y \u00e9l accede siempre.<\/p>\n<p>En 1943, por una nueva gracia fundacional que recibe durante la celebraci\u00f3n de la Misa, nace -dentro del Opus Dei- la Sociedad Sacerdotal de la Santa Cruz, en la que se podr\u00e1n incardinar los sacerdotes que proceden de los fieles laicos del Opus Dei. La plena pertenencia de fieles laicos y de sacerdotes al Opus Dei, as\u00ed como la org\u00e1nica cooperaci\u00f3n de unos y otros en sus apostolados, es un rasgo propio del carisma fundacional, que la Iglesia ha confirmado en 1982, al determinar su definitiva configuraci\u00f3n jur\u00eddica como Prelatura personal. El 25 de junio de 1944 tres ingenieros -entre ellos \u00c1lvaro del Portillo, futuro sucesor del Fundador en la direcci\u00f3n del Opus Dei- reciben la ordenaci\u00f3n sacerdotal. En lo sucesivo, ser\u00e1n casi un millar los laicos del Opus Dei que San Josemar\u00eda llevar\u00e1 al sacerdocio.<\/p>\n<p>Apenas vislumbr\u00f3 el fin de la guerra mundial, San Josemar\u00eda comienza a preparar el trabajo apost\u00f3lico en otros pa\u00edses, porque -insist\u00eda- quiere Jes\u00fas su Obra desde el primer momento con entra\u00f1a universal, cat\u00f3lica. En 1946 se traslada a Roma, con el fin de preparar el reconocimiento pontificio del Opus Dei. El 24 de febrero de 1947, P\u00edo XII concede el decretum laudis; y el 16 de junio de 1950, la aprobaci\u00f3n definitiva. A partir de esta fecha, tambi\u00e9n pueden ser admitidos como Cooperadores del Opus Dei hombres y mujeres no cat\u00f3licos y aun no cristianos, que ayuden con su trabajo, su limosna y su oraci\u00f3n a las labores apost\u00f3licas.<\/p>\n<p>Estaba profundamente convencido de que para alcanzar la santidad en el trabajo cotidiano, es preciso esforzarse para ser alma de oraci\u00f3n, alma de profunda vida interior. Cuando se vive de este modo, todo es oraci\u00f3n, todo puede y debe llevarnos a Dios, alimentando ese trato continuo con \u00c9l, de la ma\u00f1ana a la noche. Todo trabajo puede ser oraci\u00f3n, y todo trabajo, que es oraci\u00f3n, es apostolado.<\/p>\n<p>La ra\u00edz de la prodigiosa fecundidad de su ministerio se encuentra precisamente en la ardiente vida interior que hace de San Josemar\u00eda un contemplativo en medio del mundo: una vida interior alimentada por la oraci\u00f3n y los sacramentos, que se manifiesta en el amor apasionado a la Eucarist\u00eda, en la profundidad con que vive la Misa como el centro y la ra\u00edz de su propia vida, en la tierna devoci\u00f3n a la Virgen Mar\u00eda, a San Jos\u00e9 y a los \u00c1ngeles Custodios; en la fidelidad a la Iglesia y al Papa.<\/p>\n<p>El 26 de junio de 1975, a mediod\u00eda, San Josemar\u00eda muere en su habitaci\u00f3n de trabajo, a consecuencia de un paro cardiaco, a los pies de un cuadro de la Sant\u00edsima Virgen a la que dirige su \u00faltima mirada. Las obras de espiritualidad de Mons. Escriv\u00e1 de Balaguer (Camino, Santo Rosario, Conversaciones con Monse\u00f1or Escriv\u00e1 de Balaguer, Es Cristo que pasa, Amigos de Dios, La Iglesia, nuestra Madre, Via Crucis, Surco, Forja) se han difundido en millones de ejemplares.<\/p>\n<p>Fue beatificado por Su Santidad San Juan Pablo II, el 17 de mayo de 1.992 y canonizado por el mismo pont\u00edfice, el 6 de octubre de 2.002.<\/p>\n","protected":false},"excerpt":{"rendered":"<p>Santos cuyas celebraciones son el 26 de Junio: Pelayo, ni\u00f1o, Superio, m\u00e1rtires; Salvio, obispo y m\u00e1rtir; Jos\u00e9 Mar\u00eda Robles Hurtado, sacerdote y m\u00e1rtir; Juan y Pablo, hermanos m\u00e1rtires; Antelmo, Hermogio, Virgilio, Rodolfo, Constantino, Marciano, obispos; Majencio, presb\u00edtero; Perseveranda, virgen; David, eremita; Jos\u00e9 Mar\u00eda Escriv\u00e1 de Balaguer, presbitero y fundador. En Logro\u00f1o Pasi\u00f3n\u00a0(www.logronopasion.com) en\u00a0la secci\u00f3n del foro \u00abSantoral\u00bb ponemos todos los d\u00edas la vida y otros datos, de alguno de los santos cuya celebraci\u00f3n se conmemoran en el d\u00eda correspondiente del mes. Nuestro santo de hoy, vivi\u00f3, jug\u00f3, pase\u00f3, as\u00ed como estudi\u00f3 e ingres\u00f3 en el seminario\u00a0de nuestra ciudad de Logro\u00f1o.&hellip; <\/p>\n","protected":false},"author":18,"featured_media":0,"comment_status":"open","ping_status":"open","sticky":false,"template":"","format":"standard","meta":{"_bbp_topic_count":0,"_bbp_reply_count":0,"_bbp_total_topic_count":0,"_bbp_total_reply_count":0,"_bbp_voice_count":0,"_bbp_anonymous_reply_count":0,"_bbp_topic_count_hidden":0,"_bbp_reply_count_hidden":0,"_bbp_forum_subforum_count":0,"_crdt_document":"","footnotes":""},"categories":[3,4],"tags":[],"class_list":["post-5320","post","type-post","status-publish","format-standard","hentry","category-iglesia","category-sabias-que"],"yoast_head":"<!-- This site is optimized with the Yoast SEO plugin v27.5 - https:\/\/yoast.com\/product\/yoast-seo-wordpress\/ -->\n<title>Un santo por las calles de Logro\u00f1o - Logro\u00f1o Pasi\u00f3n<\/title>\n<meta name=\"robots\" content=\"index, follow, max-snippet:-1, max-image-preview:large, max-video-preview:-1\" \/>\n<link rel=\"canonical\" href=\"https:\/\/www.logronopasion.com\/portal\/santo-las-calles-logrono\/\" \/>\n<meta property=\"og:locale\" content=\"es_ES\" \/>\n<meta property=\"og:type\" content=\"article\" \/>\n<meta property=\"og:title\" content=\"Un santo por las calles de Logro\u00f1o - Logro\u00f1o Pasi\u00f3n\" \/>\n<meta property=\"og:description\" content=\"Santos cuyas celebraciones son el 26 de Junio: Pelayo, ni\u00f1o, Superio, m\u00e1rtires; Salvio, obispo y m\u00e1rtir; Jos\u00e9 Mar\u00eda Robles Hurtado, sacerdote y m\u00e1rtir; Juan y Pablo, hermanos m\u00e1rtires; Antelmo, Hermogio, Virgilio, Rodolfo, Constantino, Marciano, obispos; Majencio, presb\u00edtero; Perseveranda, virgen; David, eremita; Jos\u00e9 Mar\u00eda Escriv\u00e1 de Balaguer, presbitero y fundador. En Logro\u00f1o Pasi\u00f3n\u00a0(www.logronopasion.com) en\u00a0la secci\u00f3n del foro \u00abSantoral\u00bb ponemos todos los d\u00edas la vida y otros datos, de alguno de los santos cuya celebraci\u00f3n se conmemoran en el d\u00eda correspondiente del mes. Nuestro santo de hoy, vivi\u00f3, jug\u00f3, pase\u00f3, as\u00ed como estudi\u00f3 e ingres\u00f3 en el seminario\u00a0de nuestra ciudad de Logro\u00f1o.&hellip;\" \/>\n<meta property=\"og:url\" content=\"https:\/\/www.logronopasion.com\/portal\/santo-las-calles-logrono\/\" \/>\n<meta property=\"og:site_name\" content=\"Logro\u00f1o Pasi\u00f3n\" \/>\n<meta property=\"article:publisher\" content=\"https:\/\/www.facebook.com\/logronopasion\" \/>\n<meta property=\"article:published_time\" content=\"2017-06-26T09:30:00+00:00\" \/>\n<meta property=\"article:modified_time\" content=\"2017-06-26T09:30:56+00:00\" \/>\n<meta property=\"og:image\" content=\"http:\/\/logronopasion.com\/portal\/wp-content\/uploads\/2017\/06\/escriva.jpg\" \/>\n<meta name=\"author\" content=\"Logronopasion.com\" \/>\n<meta name=\"twitter:card\" content=\"summary_large_image\" \/>\n<meta name=\"twitter:creator\" content=\"@LogronoPasion\" \/>\n<meta name=\"twitter:site\" content=\"@LogronoPasion\" \/>\n<meta name=\"twitter:label1\" content=\"Escrito por\" \/>\n\t<meta name=\"twitter:data1\" content=\"Logronopasion.com\" \/>\n\t<meta name=\"twitter:label2\" content=\"Tiempo de lectura\" \/>\n\t<meta name=\"twitter:data2\" content=\"10 minutos\" \/>\n<script type=\"application\/ld+json\" class=\"yoast-schema-graph\">{\"@context\":\"https:\\\/\\\/schema.org\",\"@graph\":[{\"@type\":\"Article\",\"@id\":\"https:\\\/\\\/www.logronopasion.com\\\/portal\\\/santo-las-calles-logrono\\\/#article\",\"isPartOf\":{\"@id\":\"https:\\\/\\\/www.logronopasion.com\\\/portal\\\/santo-las-calles-logrono\\\/\"},\"author\":{\"name\":\"Logronopasion.com\",\"@id\":\"https:\\\/\\\/www.logronopasion.com\\\/portal\\\/#\\\/schema\\\/person\\\/39728c7f1ab39edc31b0bc671a7fcb0b\"},\"headline\":\"Un santo por las calles de Logro\u00f1o\",\"datePublished\":\"2017-06-26T09:30:00+00:00\",\"dateModified\":\"2017-06-26T09:30:56+00:00\",\"mainEntityOfPage\":{\"@id\":\"https:\\\/\\\/www.logronopasion.com\\\/portal\\\/santo-las-calles-logrono\\\/\"},\"wordCount\":1926,\"commentCount\":0,\"publisher\":{\"@id\":\"https:\\\/\\\/www.logronopasion.com\\\/portal\\\/#organization\"},\"image\":{\"@id\":\"https:\\\/\\\/www.logronopasion.com\\\/portal\\\/santo-las-calles-logrono\\\/#primaryimage\"},\"thumbnailUrl\":\"http:\\\/\\\/logronopasion.com\\\/portal\\\/wp-content\\\/uploads\\\/2017\\\/06\\\/escriva.jpg\",\"articleSection\":[\"Iglesia - estado, sociedad y religi\u00f3n\",\"\u00bfSab\u00edas que...? derechos y deberes de los cristianos\"],\"inLanguage\":\"es\",\"potentialAction\":[{\"@type\":\"CommentAction\",\"name\":\"Comment\",\"target\":[\"https:\\\/\\\/www.logronopasion.com\\\/portal\\\/santo-las-calles-logrono\\\/#respond\"]}]},{\"@type\":\"WebPage\",\"@id\":\"https:\\\/\\\/www.logronopasion.com\\\/portal\\\/santo-las-calles-logrono\\\/\",\"url\":\"https:\\\/\\\/www.logronopasion.com\\\/portal\\\/santo-las-calles-logrono\\\/\",\"name\":\"Un santo por las calles de Logro\u00f1o - Logro\u00f1o Pasi\u00f3n\",\"isPartOf\":{\"@id\":\"https:\\\/\\\/www.logronopasion.com\\\/portal\\\/#website\"},\"primaryImageOfPage\":{\"@id\":\"https:\\\/\\\/www.logronopasion.com\\\/portal\\\/santo-las-calles-logrono\\\/#primaryimage\"},\"image\":{\"@id\":\"https:\\\/\\\/www.logronopasion.com\\\/portal\\\/santo-las-calles-logrono\\\/#primaryimage\"},\"thumbnailUrl\":\"http:\\\/\\\/logronopasion.com\\\/portal\\\/wp-content\\\/uploads\\\/2017\\\/06\\\/escriva.jpg\",\"datePublished\":\"2017-06-26T09:30:00+00:00\",\"dateModified\":\"2017-06-26T09:30:56+00:00\",\"inLanguage\":\"es\",\"potentialAction\":[{\"@type\":\"ReadAction\",\"target\":[\"https:\\\/\\\/www.logronopasion.com\\\/portal\\\/santo-las-calles-logrono\\\/\"]}]},{\"@type\":\"ImageObject\",\"inLanguage\":\"es\",\"@id\":\"https:\\\/\\\/www.logronopasion.com\\\/portal\\\/santo-las-calles-logrono\\\/#primaryimage\",\"url\":\"http:\\\/\\\/logronopasion.com\\\/portal\\\/wp-content\\\/uploads\\\/2017\\\/06\\\/escriva.jpg\",\"contentUrl\":\"http:\\\/\\\/logronopasion.com\\\/portal\\\/wp-content\\\/uploads\\\/2017\\\/06\\\/escriva.jpg\"},{\"@type\":\"WebSite\",\"@id\":\"https:\\\/\\\/www.logronopasion.com\\\/portal\\\/#website\",\"url\":\"https:\\\/\\\/www.logronopasion.com\\\/portal\\\/\",\"name\":\"Logro\u00f1o Pasi\u00f3n\",\"description\":\"Portal sobre la Semana Santa de Logro\u00f1o\",\"publisher\":{\"@id\":\"https:\\\/\\\/www.logronopasion.com\\\/portal\\\/#organization\"},\"potentialAction\":[{\"@type\":\"SearchAction\",\"target\":{\"@type\":\"EntryPoint\",\"urlTemplate\":\"https:\\\/\\\/www.logronopasion.com\\\/portal\\\/?s={search_term_string}\"},\"query-input\":{\"@type\":\"PropertyValueSpecification\",\"valueRequired\":true,\"valueName\":\"search_term_string\"}}],\"inLanguage\":\"es\"},{\"@type\":\"Organization\",\"@id\":\"https:\\\/\\\/www.logronopasion.com\\\/portal\\\/#organization\",\"name\":\"Logro\u00f1o Pasi\u00f3n\",\"url\":\"https:\\\/\\\/www.logronopasion.com\\\/portal\\\/\",\"logo\":{\"@type\":\"ImageObject\",\"inLanguage\":\"es\",\"@id\":\"https:\\\/\\\/www.logronopasion.com\\\/portal\\\/#\\\/schema\\\/logo\\\/image\\\/\",\"url\":\"https:\\\/\\\/i2.wp.com\\\/logronopasion.com\\\/portal\\\/wp-content\\\/uploads\\\/2019\\\/04\\\/cropped-Header-1.jpg?fit=312%2C212&ssl=1\",\"contentUrl\":\"https:\\\/\\\/i2.wp.com\\\/logronopasion.com\\\/portal\\\/wp-content\\\/uploads\\\/2019\\\/04\\\/cropped-Header-1.jpg?fit=312%2C212&ssl=1\",\"width\":312,\"height\":212,\"caption\":\"Logro\u00f1o Pasi\u00f3n\"},\"image\":{\"@id\":\"https:\\\/\\\/www.logronopasion.com\\\/portal\\\/#\\\/schema\\\/logo\\\/image\\\/\"},\"sameAs\":[\"https:\\\/\\\/www.facebook.com\\\/logronopasion\",\"https:\\\/\\\/x.com\\\/LogronoPasion\"]},{\"@type\":\"Person\",\"@id\":\"https:\\\/\\\/www.logronopasion.com\\\/portal\\\/#\\\/schema\\\/person\\\/39728c7f1ab39edc31b0bc671a7fcb0b\",\"name\":\"Logronopasion.com\",\"image\":{\"@type\":\"ImageObject\",\"inLanguage\":\"es\",\"@id\":\"https:\\\/\\\/secure.gravatar.com\\\/avatar\\\/c6b3e81c20ae7dec59cda0fd11915cb052ff1705cd134db04112b35441792010?s=96&d=mm&r=g\",\"url\":\"https:\\\/\\\/secure.gravatar.com\\\/avatar\\\/c6b3e81c20ae7dec59cda0fd11915cb052ff1705cd134db04112b35441792010?s=96&d=mm&r=g\",\"contentUrl\":\"https:\\\/\\\/secure.gravatar.com\\\/avatar\\\/c6b3e81c20ae7dec59cda0fd11915cb052ff1705cd134db04112b35441792010?s=96&d=mm&r=g\",\"caption\":\"Logronopasion.com\"},\"url\":\"https:\\\/\\\/www.logronopasion.com\\\/portal\\\/author\\\/logronopasion-com\\\/\"}]}<\/script>\n<!-- \/ Yoast SEO plugin. -->","yoast_head_json":{"title":"Un santo por las calles de Logro\u00f1o - Logro\u00f1o Pasi\u00f3n","robots":{"index":"index","follow":"follow","max-snippet":"max-snippet:-1","max-image-preview":"max-image-preview:large","max-video-preview":"max-video-preview:-1"},"canonical":"https:\/\/www.logronopasion.com\/portal\/santo-las-calles-logrono\/","og_locale":"es_ES","og_type":"article","og_title":"Un santo por las calles de Logro\u00f1o - Logro\u00f1o Pasi\u00f3n","og_description":"Santos cuyas celebraciones son el 26 de Junio: Pelayo, ni\u00f1o, Superio, m\u00e1rtires; Salvio, obispo y m\u00e1rtir; Jos\u00e9 Mar\u00eda Robles Hurtado, sacerdote y m\u00e1rtir; Juan y Pablo, hermanos m\u00e1rtires; Antelmo, Hermogio, Virgilio, Rodolfo, Constantino, Marciano, obispos; Majencio, presb\u00edtero; Perseveranda, virgen; David, eremita; Jos\u00e9 Mar\u00eda Escriv\u00e1 de Balaguer, presbitero y fundador. En Logro\u00f1o Pasi\u00f3n\u00a0(www.logronopasion.com) en\u00a0la secci\u00f3n del foro \u00abSantoral\u00bb ponemos todos los d\u00edas la vida y otros datos, de alguno de los santos cuya celebraci\u00f3n se conmemoran en el d\u00eda correspondiente del mes. Nuestro santo de hoy, vivi\u00f3, jug\u00f3, pase\u00f3, as\u00ed como estudi\u00f3 e ingres\u00f3 en el seminario\u00a0de nuestra ciudad de Logro\u00f1o.&hellip;","og_url":"https:\/\/www.logronopasion.com\/portal\/santo-las-calles-logrono\/","og_site_name":"Logro\u00f1o Pasi\u00f3n","article_publisher":"https:\/\/www.facebook.com\/logronopasion","article_published_time":"2017-06-26T09:30:00+00:00","article_modified_time":"2017-06-26T09:30:56+00:00","og_image":[{"url":"http:\/\/logronopasion.com\/portal\/wp-content\/uploads\/2017\/06\/escriva.jpg","type":"","width":"","height":""}],"author":"Logronopasion.com","twitter_card":"summary_large_image","twitter_creator":"@LogronoPasion","twitter_site":"@LogronoPasion","twitter_misc":{"Escrito por":"Logronopasion.com","Tiempo de lectura":"10 minutos"},"schema":{"@context":"https:\/\/schema.org","@graph":[{"@type":"Article","@id":"https:\/\/www.logronopasion.com\/portal\/santo-las-calles-logrono\/#article","isPartOf":{"@id":"https:\/\/www.logronopasion.com\/portal\/santo-las-calles-logrono\/"},"author":{"name":"Logronopasion.com","@id":"https:\/\/www.logronopasion.com\/portal\/#\/schema\/person\/39728c7f1ab39edc31b0bc671a7fcb0b"},"headline":"Un santo por las calles de Logro\u00f1o","datePublished":"2017-06-26T09:30:00+00:00","dateModified":"2017-06-26T09:30:56+00:00","mainEntityOfPage":{"@id":"https:\/\/www.logronopasion.com\/portal\/santo-las-calles-logrono\/"},"wordCount":1926,"commentCount":0,"publisher":{"@id":"https:\/\/www.logronopasion.com\/portal\/#organization"},"image":{"@id":"https:\/\/www.logronopasion.com\/portal\/santo-las-calles-logrono\/#primaryimage"},"thumbnailUrl":"http:\/\/logronopasion.com\/portal\/wp-content\/uploads\/2017\/06\/escriva.jpg","articleSection":["Iglesia - estado, sociedad y religi\u00f3n","\u00bfSab\u00edas que...? derechos y deberes de los cristianos"],"inLanguage":"es","potentialAction":[{"@type":"CommentAction","name":"Comment","target":["https:\/\/www.logronopasion.com\/portal\/santo-las-calles-logrono\/#respond"]}]},{"@type":"WebPage","@id":"https:\/\/www.logronopasion.com\/portal\/santo-las-calles-logrono\/","url":"https:\/\/www.logronopasion.com\/portal\/santo-las-calles-logrono\/","name":"Un santo por las calles de Logro\u00f1o - Logro\u00f1o Pasi\u00f3n","isPartOf":{"@id":"https:\/\/www.logronopasion.com\/portal\/#website"},"primaryImageOfPage":{"@id":"https:\/\/www.logronopasion.com\/portal\/santo-las-calles-logrono\/#primaryimage"},"image":{"@id":"https:\/\/www.logronopasion.com\/portal\/santo-las-calles-logrono\/#primaryimage"},"thumbnailUrl":"http:\/\/logronopasion.com\/portal\/wp-content\/uploads\/2017\/06\/escriva.jpg","datePublished":"2017-06-26T09:30:00+00:00","dateModified":"2017-06-26T09:30:56+00:00","inLanguage":"es","potentialAction":[{"@type":"ReadAction","target":["https:\/\/www.logronopasion.com\/portal\/santo-las-calles-logrono\/"]}]},{"@type":"ImageObject","inLanguage":"es","@id":"https:\/\/www.logronopasion.com\/portal\/santo-las-calles-logrono\/#primaryimage","url":"http:\/\/logronopasion.com\/portal\/wp-content\/uploads\/2017\/06\/escriva.jpg","contentUrl":"http:\/\/logronopasion.com\/portal\/wp-content\/uploads\/2017\/06\/escriva.jpg"},{"@type":"WebSite","@id":"https:\/\/www.logronopasion.com\/portal\/#website","url":"https:\/\/www.logronopasion.com\/portal\/","name":"Logro\u00f1o Pasi\u00f3n","description":"Portal sobre la Semana Santa de Logro\u00f1o","publisher":{"@id":"https:\/\/www.logronopasion.com\/portal\/#organization"},"potentialAction":[{"@type":"SearchAction","target":{"@type":"EntryPoint","urlTemplate":"https:\/\/www.logronopasion.com\/portal\/?s={search_term_string}"},"query-input":{"@type":"PropertyValueSpecification","valueRequired":true,"valueName":"search_term_string"}}],"inLanguage":"es"},{"@type":"Organization","@id":"https:\/\/www.logronopasion.com\/portal\/#organization","name":"Logro\u00f1o Pasi\u00f3n","url":"https:\/\/www.logronopasion.com\/portal\/","logo":{"@type":"ImageObject","inLanguage":"es","@id":"https:\/\/www.logronopasion.com\/portal\/#\/schema\/logo\/image\/","url":"https:\/\/i2.wp.com\/logronopasion.com\/portal\/wp-content\/uploads\/2019\/04\/cropped-Header-1.jpg?fit=312%2C212&ssl=1","contentUrl":"https:\/\/i2.wp.com\/logronopasion.com\/portal\/wp-content\/uploads\/2019\/04\/cropped-Header-1.jpg?fit=312%2C212&ssl=1","width":312,"height":212,"caption":"Logro\u00f1o Pasi\u00f3n"},"image":{"@id":"https:\/\/www.logronopasion.com\/portal\/#\/schema\/logo\/image\/"},"sameAs":["https:\/\/www.facebook.com\/logronopasion","https:\/\/x.com\/LogronoPasion"]},{"@type":"Person","@id":"https:\/\/www.logronopasion.com\/portal\/#\/schema\/person\/39728c7f1ab39edc31b0bc671a7fcb0b","name":"Logronopasion.com","image":{"@type":"ImageObject","inLanguage":"es","@id":"https:\/\/secure.gravatar.com\/avatar\/c6b3e81c20ae7dec59cda0fd11915cb052ff1705cd134db04112b35441792010?s=96&d=mm&r=g","url":"https:\/\/secure.gravatar.com\/avatar\/c6b3e81c20ae7dec59cda0fd11915cb052ff1705cd134db04112b35441792010?s=96&d=mm&r=g","contentUrl":"https:\/\/secure.gravatar.com\/avatar\/c6b3e81c20ae7dec59cda0fd11915cb052ff1705cd134db04112b35441792010?s=96&d=mm&r=g","caption":"Logronopasion.com"},"url":"https:\/\/www.logronopasion.com\/portal\/author\/logronopasion-com\/"}]}},"_links":{"self":[{"href":"https:\/\/www.logronopasion.com\/portal\/wp-json\/wp\/v2\/posts\/5320","targetHints":{"allow":["GET"]}}],"collection":[{"href":"https:\/\/www.logronopasion.com\/portal\/wp-json\/wp\/v2\/posts"}],"about":[{"href":"https:\/\/www.logronopasion.com\/portal\/wp-json\/wp\/v2\/types\/post"}],"author":[{"embeddable":true,"href":"https:\/\/www.logronopasion.com\/portal\/wp-json\/wp\/v2\/users\/18"}],"replies":[{"embeddable":true,"href":"https:\/\/www.logronopasion.com\/portal\/wp-json\/wp\/v2\/comments?post=5320"}],"version-history":[{"count":6,"href":"https:\/\/www.logronopasion.com\/portal\/wp-json\/wp\/v2\/posts\/5320\/revisions"}],"predecessor-version":[{"id":5328,"href":"https:\/\/www.logronopasion.com\/portal\/wp-json\/wp\/v2\/posts\/5320\/revisions\/5328"}],"wp:attachment":[{"href":"https:\/\/www.logronopasion.com\/portal\/wp-json\/wp\/v2\/media?parent=5320"}],"wp:term":[{"taxonomy":"category","embeddable":true,"href":"https:\/\/www.logronopasion.com\/portal\/wp-json\/wp\/v2\/categories?post=5320"},{"taxonomy":"post_tag","embeddable":true,"href":"https:\/\/www.logronopasion.com\/portal\/wp-json\/wp\/v2\/tags?post=5320"}],"curies":[{"name":"wp","href":"https:\/\/api.w.org\/{rel}","templated":true}]}}