{"id":5628,"date":"2018-02-08T10:56:34","date_gmt":"2018-02-08T10:56:34","guid":{"rendered":"http:\/\/logronopasion.com\/portal\/?p=5628"},"modified":"2018-02-08T10:56:34","modified_gmt":"2018-02-08T10:56:34","slug":"triduo-en-honor-a-nuestra-senora-de-lourdes-2018","status":"publish","type":"post","link":"https:\/\/www.logronopasion.com\/portal\/triduo-en-honor-a-nuestra-senora-de-lourdes-2018\/","title":{"rendered":"TRIDUO EN HONOR A NTRA. SRA. DE LOURDES LOGRO\u00d1O"},"content":{"rendered":"<h2 class=\"entry-title fusion-post-title\" style=\"text-align: center;\" data-fontsize=\"22\" data-lineheight=\"27\">Jornada Mundial del Enfermo 2018<\/h2>\n<div class=\"post-content\">\n<p><strong>Las familias de los enfermos\u00a0<\/strong>son el principal objetivo este a\u00f1o para la<strong> Jornada Mundial del Enfermo<\/strong>. El departamento de Pastoral de la Salud, dentro de la\u00a0Comisi\u00f3n Episcopal de Pastoral, ha editado los materiales para esta Campa\u00f1a que en Espa\u00f1a tiene dos momentos: El\u00a0<strong>11 de febrero<\/strong>, festividad de Nuestra Se\u00f1ora de Lourdes, es el <strong>D\u00eda del enfermo<\/strong>, de car\u00e1cter mundial y el\u00a0<strong>6 de mayo, <\/strong>la Iglesia en Espa\u00f1a celebra la<strong>\u00a0Pascua del enfermo.\u00a0<\/strong><\/p>\n<p>Con esta Campa\u00f1a se pretende, entre otros fines, reclamar la atenci\u00f3n sobre el importante papel que la familia tiene en la atenci\u00f3n al enfermo, y dar a conocer las necesidades que le surgen en la situaci\u00f3n de enfermedad. Adem\u00e1s de promover la ayuda a las familias, en las parroquias y hospitales, a fin de que puedan desempe\u00f1ar ese papel insustituible en la atenci\u00f3n al enfermo.<\/p>\n<p style=\"text-align: center;\" data-fontsize=\"16\" data-lineheight=\"24\"><strong>\u201cAcompa\u00f1ar a la familia en la enfermedad\u201d<\/strong><br \/>\nD\u00eda del enfermo (de car\u00e1cter mundial): 11 de febrero de 2018<br \/>\nPascua del enfermo (en Espa\u00f1a): 6 de mayo de 2018<\/p>\n<\/div>\n<p><a href=\"http:\/\/logronopasion.com\/portal\/wp-content\/uploads\/2018\/02\/2018_pastoral_salud_jornada_enfermo_castellano.jpg\"><img loading=\"lazy\" decoding=\"async\" class=\"aligncenter wp-image-5629\" src=\"http:\/\/logronopasion.com\/portal\/wp-content\/uploads\/2018\/02\/2018_pastoral_salud_jornada_enfermo_castellano.jpg\" alt=\"\" width=\"300\" height=\"545\" srcset=\"https:\/\/www.logronopasion.com\/portal\/wp-content\/uploads\/2018\/02\/2018_pastoral_salud_jornada_enfermo_castellano.jpg 6699w, https:\/\/www.logronopasion.com\/portal\/wp-content\/uploads\/2018\/02\/2018_pastoral_salud_jornada_enfermo_castellano-165x300.jpg 165w, https:\/\/www.logronopasion.com\/portal\/wp-content\/uploads\/2018\/02\/2018_pastoral_salud_jornada_enfermo_castellano-768x1396.jpg 768w, https:\/\/www.logronopasion.com\/portal\/wp-content\/uploads\/2018\/02\/2018_pastoral_salud_jornada_enfermo_castellano-563x1024.jpg 563w\" sizes=\"auto, (max-width: 300px) 100vw, 300px\" \/><\/a><\/p>\n<p style=\"text-align: center;\"><strong><u>TRIDUO EN HONOR A NUESTRA SE\u00d1ORA DE LOURDES 2018 LOGRO\u00d1O<\/u><\/strong><\/p>\n<p><a href=\"http:\/\/logronopasion.com\/portal\/wp-content\/uploads\/2018\/02\/Lourdes-1.jpg\"><img loading=\"lazy\" decoding=\"async\" class=\"aligncenter wp-image-5632\" src=\"http:\/\/logronopasion.com\/portal\/wp-content\/uploads\/2018\/02\/Lourdes-1.jpg\" alt=\"\" width=\"650\" height=\"895\" srcset=\"https:\/\/www.logronopasion.com\/portal\/wp-content\/uploads\/2018\/02\/Lourdes-1.jpg 2324w, https:\/\/www.logronopasion.com\/portal\/wp-content\/uploads\/2018\/02\/Lourdes-1-218x300.jpg 218w, https:\/\/www.logronopasion.com\/portal\/wp-content\/uploads\/2018\/02\/Lourdes-1-768x1057.jpg 768w, https:\/\/www.logronopasion.com\/portal\/wp-content\/uploads\/2018\/02\/Lourdes-1-744x1024.jpg 744w\" sizes=\"auto, (max-width: 650px) 100vw, 650px\" \/><\/a><\/p>\n<p>&nbsp;<\/p>\n<p style=\"text-align: center;\"><strong>Organizado por Hospitalidad de Ntra. Sra. de Lourdes de La Rioja y Pastoral de la Salud<\/strong><\/p>\n<p style=\"text-align: center;\"><strong>Eucarist\u00edas en la Parroquia de Santiago el Real de Logro\u00f1o a las 19:30<\/strong><\/p>\n<p>&nbsp;<\/p>\n<p><strong>9 de febrero, viernes<\/strong>: <span style=\"text-decoration: underline;\">\u201cJes\u00fas y la familia ante la enfermedad\u201d<\/span><\/p>\n<ul>\n<li>a las 19:30 Eucarist\u00eda. Preside D. Rafael Gil Vicu\u00f1a, Capell\u00e1n del Hospital San Pedro de Logro\u00f1o.<\/li>\n<\/ul>\n<p>&nbsp;<\/p>\n<p><strong>10 de febrero, s\u00e1bado<\/strong>: <span style=\"text-decoration: underline;\">\u201cLa comunidad cristiana y la familia del enfermo\u201d<\/span><\/p>\n<ul>\n<li>a las 19:30 Eucarist\u00eda. Preside D. Jos\u00e9 Ignacio P\u00e9rez, P\u00e1rroco de Santiago El Real.<\/li>\n<\/ul>\n<p>&nbsp;<\/p>\n<p><strong>11 de febrero, domingo<\/strong>: <span style=\"text-decoration: underline;\">Jornada Mundial del Enfermo. \u201cAcompa\u00f1ar a la familia en la enfermedad\u201d<\/span><\/p>\n<ul>\n<li>a las 18:45 salida de la Procesi\u00f3n de las Antorchas con la Imagen de Ntra. Sra. de Lourdes y Santa Bernardita, desde la Plaza de la Iglesia de San Bartolom\u00e9, con el siguiente recorrido: Calle Caballer\u00edas, Plaza del Mercado,\u00a0Mercaderes, R\u00faa Vieja, San Pablo,\u00a0y Barriocepo,\u00a0hasta la Parroquia de Santiago el Real donde se celebrar\u00e1 la Eucarist\u00eda<\/li>\n<li>a las 19:30 Eucarist\u00eda. Preside D. V\u00edctor Manuel Jim\u00e9nez L\u00f3pez de Murillas, Vicario de Pastoral.<\/li>\n<\/ul>\n","protected":false},"excerpt":{"rendered":"<p>Jornada Mundial del Enfermo 2018 Las familias de los enfermos\u00a0son el principal objetivo este a\u00f1o para la Jornada Mundial del Enfermo. El departamento de Pastoral de la Salud, dentro de la\u00a0Comisi\u00f3n Episcopal de Pastoral, ha editado los materiales para esta Campa\u00f1a que en Espa\u00f1a tiene dos momentos: El\u00a011 de febrero, festividad de Nuestra Se\u00f1ora de Lourdes, es el D\u00eda del enfermo, de car\u00e1cter mundial y el\u00a06 de mayo, la Iglesia en Espa\u00f1a celebra la\u00a0Pascua del enfermo.\u00a0 Con esta Campa\u00f1a se pretende, entre otros fines, reclamar la atenci\u00f3n sobre el importante papel que la familia tiene en la atenci\u00f3n al enfermo,&hellip; <\/p>\n","protected":false},"author":18,"featured_media":0,"comment_status":"open","ping_status":"open","sticky":false,"template":"","format":"standard","meta":{"_bbp_topic_count":0,"_bbp_reply_count":0,"_bbp_total_topic_count":0,"_bbp_total_reply_count":0,"_bbp_voice_count":0,"_bbp_anonymous_reply_count":0,"_bbp_topic_count_hidden":0,"_bbp_reply_count_hidden":0,"_bbp_forum_subforum_count":0,"_crdt_document":"","footnotes":""},"categories":[3,1],"tags":[],"class_list":["post-5628","post","type-post","status-publish","format-standard","hentry","category-iglesia","category-noticias"],"yoast_head":"<!-- This site is optimized with the Yoast SEO plugin v27.5 - https:\/\/yoast.com\/product\/yoast-seo-wordpress\/ -->\n<title>TRIDUO EN HONOR A NTRA. SRA. DE LOURDES LOGRO\u00d1O - Logro\u00f1o Pasi\u00f3n<\/title>\n<meta name=\"robots\" content=\"index, follow, max-snippet:-1, max-image-preview:large, max-video-preview:-1\" \/>\n<link rel=\"canonical\" href=\"https:\/\/www.logronopasion.com\/portal\/triduo-en-honor-a-nuestra-senora-de-lourdes-2018\/\" \/>\n<meta property=\"og:locale\" content=\"es_ES\" \/>\n<meta property=\"og:type\" content=\"article\" \/>\n<meta property=\"og:title\" content=\"TRIDUO EN HONOR A NTRA. SRA. DE LOURDES LOGRO\u00d1O - Logro\u00f1o Pasi\u00f3n\" \/>\n<meta property=\"og:description\" content=\"Jornada Mundial del Enfermo 2018 Las familias de los enfermos\u00a0son el principal objetivo este a\u00f1o para la Jornada Mundial del Enfermo. El departamento de Pastoral de la Salud, dentro de la\u00a0Comisi\u00f3n Episcopal de Pastoral, ha editado los materiales para esta Campa\u00f1a que en Espa\u00f1a tiene dos momentos: El\u00a011 de febrero, festividad de Nuestra Se\u00f1ora de Lourdes, es el D\u00eda del enfermo, de car\u00e1cter mundial y el\u00a06 de mayo, la Iglesia en Espa\u00f1a celebra la\u00a0Pascua del enfermo.\u00a0 Con esta Campa\u00f1a se pretende, entre otros fines, reclamar la atenci\u00f3n sobre el importante papel que la familia tiene en la atenci\u00f3n al enfermo,&hellip;\" \/>\n<meta property=\"og:url\" content=\"https:\/\/www.logronopasion.com\/portal\/triduo-en-honor-a-nuestra-senora-de-lourdes-2018\/\" \/>\n<meta property=\"og:site_name\" content=\"Logro\u00f1o Pasi\u00f3n\" \/>\n<meta property=\"article:publisher\" content=\"https:\/\/www.facebook.com\/logronopasion\" \/>\n<meta property=\"article:published_time\" content=\"2018-02-08T10:56:34+00:00\" \/>\n<meta property=\"og:image\" content=\"http:\/\/logronopasion.com\/portal\/wp-content\/uploads\/2018\/02\/2018_pastoral_salud_jornada_enfermo_castellano.jpg\" \/>\n<meta name=\"author\" content=\"Logronopasion.com\" \/>\n<meta name=\"twitter:card\" content=\"summary_large_image\" \/>\n<meta name=\"twitter:creator\" content=\"@LogronoPasion\" \/>\n<meta name=\"twitter:site\" content=\"@LogronoPasion\" \/>\n<meta name=\"twitter:label1\" content=\"Escrito por\" \/>\n\t<meta name=\"twitter:data1\" content=\"Logronopasion.com\" \/>\n\t<meta name=\"twitter:label2\" content=\"Tiempo de lectura\" \/>\n\t<meta name=\"twitter:data2\" content=\"2 minutos\" \/>\n<script type=\"application\/ld+json\" class=\"yoast-schema-graph\">{\"@context\":\"https:\\\/\\\/schema.org\",\"@graph\":[{\"@type\":\"Article\",\"@id\":\"https:\\\/\\\/www.logronopasion.com\\\/portal\\\/triduo-en-honor-a-nuestra-senora-de-lourdes-2018\\\/#article\",\"isPartOf\":{\"@id\":\"https:\\\/\\\/www.logronopasion.com\\\/portal\\\/triduo-en-honor-a-nuestra-senora-de-lourdes-2018\\\/\"},\"author\":{\"name\":\"Logronopasion.com\",\"@id\":\"https:\\\/\\\/www.logronopasion.com\\\/portal\\\/#\\\/schema\\\/person\\\/39728c7f1ab39edc31b0bc671a7fcb0b\"},\"headline\":\"TRIDUO EN HONOR A NTRA. SRA. DE LOURDES LOGRO\u00d1O\",\"datePublished\":\"2018-02-08T10:56:34+00:00\",\"mainEntityOfPage\":{\"@id\":\"https:\\\/\\\/www.logronopasion.com\\\/portal\\\/triduo-en-honor-a-nuestra-senora-de-lourdes-2018\\\/\"},\"wordCount\":393,\"commentCount\":0,\"publisher\":{\"@id\":\"https:\\\/\\\/www.logronopasion.com\\\/portal\\\/#organization\"},\"image\":{\"@id\":\"https:\\\/\\\/www.logronopasion.com\\\/portal\\\/triduo-en-honor-a-nuestra-senora-de-lourdes-2018\\\/#primaryimage\"},\"thumbnailUrl\":\"http:\\\/\\\/logronopasion.com\\\/portal\\\/wp-content\\\/uploads\\\/2018\\\/02\\\/2018_pastoral_salud_jornada_enfermo_castellano.jpg\",\"articleSection\":[\"Iglesia - estado, sociedad y religi\u00f3n\",\"Noticias \\\/ Actualidad\"],\"inLanguage\":\"es\",\"potentialAction\":[{\"@type\":\"CommentAction\",\"name\":\"Comment\",\"target\":[\"https:\\\/\\\/www.logronopasion.com\\\/portal\\\/triduo-en-honor-a-nuestra-senora-de-lourdes-2018\\\/#respond\"]}]},{\"@type\":\"WebPage\",\"@id\":\"https:\\\/\\\/www.logronopasion.com\\\/portal\\\/triduo-en-honor-a-nuestra-senora-de-lourdes-2018\\\/\",\"url\":\"https:\\\/\\\/www.logronopasion.com\\\/portal\\\/triduo-en-honor-a-nuestra-senora-de-lourdes-2018\\\/\",\"name\":\"TRIDUO EN HONOR A NTRA. SRA. DE LOURDES LOGRO\u00d1O - Logro\u00f1o Pasi\u00f3n\",\"isPartOf\":{\"@id\":\"https:\\\/\\\/www.logronopasion.com\\\/portal\\\/#website\"},\"primaryImageOfPage\":{\"@id\":\"https:\\\/\\\/www.logronopasion.com\\\/portal\\\/triduo-en-honor-a-nuestra-senora-de-lourdes-2018\\\/#primaryimage\"},\"image\":{\"@id\":\"https:\\\/\\\/www.logronopasion.com\\\/portal\\\/triduo-en-honor-a-nuestra-senora-de-lourdes-2018\\\/#primaryimage\"},\"thumbnailUrl\":\"http:\\\/\\\/logronopasion.com\\\/portal\\\/wp-content\\\/uploads\\\/2018\\\/02\\\/2018_pastoral_salud_jornada_enfermo_castellano.jpg\",\"datePublished\":\"2018-02-08T10:56:34+00:00\",\"inLanguage\":\"es\",\"potentialAction\":[{\"@type\":\"ReadAction\",\"target\":[\"https:\\\/\\\/www.logronopasion.com\\\/portal\\\/triduo-en-honor-a-nuestra-senora-de-lourdes-2018\\\/\"]}]},{\"@type\":\"ImageObject\",\"inLanguage\":\"es\",\"@id\":\"https:\\\/\\\/www.logronopasion.com\\\/portal\\\/triduo-en-honor-a-nuestra-senora-de-lourdes-2018\\\/#primaryimage\",\"url\":\"http:\\\/\\\/logronopasion.com\\\/portal\\\/wp-content\\\/uploads\\\/2018\\\/02\\\/2018_pastoral_salud_jornada_enfermo_castellano.jpg\",\"contentUrl\":\"http:\\\/\\\/logronopasion.com\\\/portal\\\/wp-content\\\/uploads\\\/2018\\\/02\\\/2018_pastoral_salud_jornada_enfermo_castellano.jpg\"},{\"@type\":\"WebSite\",\"@id\":\"https:\\\/\\\/www.logronopasion.com\\\/portal\\\/#website\",\"url\":\"https:\\\/\\\/www.logronopasion.com\\\/portal\\\/\",\"name\":\"Logro\u00f1o Pasi\u00f3n\",\"description\":\"Portal sobre la Semana Santa de Logro\u00f1o\",\"publisher\":{\"@id\":\"https:\\\/\\\/www.logronopasion.com\\\/portal\\\/#organization\"},\"potentialAction\":[{\"@type\":\"SearchAction\",\"target\":{\"@type\":\"EntryPoint\",\"urlTemplate\":\"https:\\\/\\\/www.logronopasion.com\\\/portal\\\/?s={search_term_string}\"},\"query-input\":{\"@type\":\"PropertyValueSpecification\",\"valueRequired\":true,\"valueName\":\"search_term_string\"}}],\"inLanguage\":\"es\"},{\"@type\":\"Organization\",\"@id\":\"https:\\\/\\\/www.logronopasion.com\\\/portal\\\/#organization\",\"name\":\"Logro\u00f1o Pasi\u00f3n\",\"url\":\"https:\\\/\\\/www.logronopasion.com\\\/portal\\\/\",\"logo\":{\"@type\":\"ImageObject\",\"inLanguage\":\"es\",\"@id\":\"https:\\\/\\\/www.logronopasion.com\\\/portal\\\/#\\\/schema\\\/logo\\\/image\\\/\",\"url\":\"https:\\\/\\\/i2.wp.com\\\/logronopasion.com\\\/portal\\\/wp-content\\\/uploads\\\/2019\\\/04\\\/cropped-Header-1.jpg?fit=312%2C212&ssl=1\",\"contentUrl\":\"https:\\\/\\\/i2.wp.com\\\/logronopasion.com\\\/portal\\\/wp-content\\\/uploads\\\/2019\\\/04\\\/cropped-Header-1.jpg?fit=312%2C212&ssl=1\",\"width\":312,\"height\":212,\"caption\":\"Logro\u00f1o Pasi\u00f3n\"},\"image\":{\"@id\":\"https:\\\/\\\/www.logronopasion.com\\\/portal\\\/#\\\/schema\\\/logo\\\/image\\\/\"},\"sameAs\":[\"https:\\\/\\\/www.facebook.com\\\/logronopasion\",\"https:\\\/\\\/x.com\\\/LogronoPasion\"]},{\"@type\":\"Person\",\"@id\":\"https:\\\/\\\/www.logronopasion.com\\\/portal\\\/#\\\/schema\\\/person\\\/39728c7f1ab39edc31b0bc671a7fcb0b\",\"name\":\"Logronopasion.com\",\"image\":{\"@type\":\"ImageObject\",\"inLanguage\":\"es\",\"@id\":\"https:\\\/\\\/secure.gravatar.com\\\/avatar\\\/c6b3e81c20ae7dec59cda0fd11915cb052ff1705cd134db04112b35441792010?s=96&d=mm&r=g\",\"url\":\"https:\\\/\\\/secure.gravatar.com\\\/avatar\\\/c6b3e81c20ae7dec59cda0fd11915cb052ff1705cd134db04112b35441792010?s=96&d=mm&r=g\",\"contentUrl\":\"https:\\\/\\\/secure.gravatar.com\\\/avatar\\\/c6b3e81c20ae7dec59cda0fd11915cb052ff1705cd134db04112b35441792010?s=96&d=mm&r=g\",\"caption\":\"Logronopasion.com\"},\"url\":\"https:\\\/\\\/www.logronopasion.com\\\/portal\\\/author\\\/logronopasion-com\\\/\"}]}<\/script>\n<!-- \/ Yoast SEO plugin. -->","yoast_head_json":{"title":"TRIDUO EN HONOR A NTRA. SRA. DE LOURDES LOGRO\u00d1O - Logro\u00f1o Pasi\u00f3n","robots":{"index":"index","follow":"follow","max-snippet":"max-snippet:-1","max-image-preview":"max-image-preview:large","max-video-preview":"max-video-preview:-1"},"canonical":"https:\/\/www.logronopasion.com\/portal\/triduo-en-honor-a-nuestra-senora-de-lourdes-2018\/","og_locale":"es_ES","og_type":"article","og_title":"TRIDUO EN HONOR A NTRA. SRA. DE LOURDES LOGRO\u00d1O - Logro\u00f1o Pasi\u00f3n","og_description":"Jornada Mundial del Enfermo 2018 Las familias de los enfermos\u00a0son el principal objetivo este a\u00f1o para la Jornada Mundial del Enfermo. El departamento de Pastoral de la Salud, dentro de la\u00a0Comisi\u00f3n Episcopal de Pastoral, ha editado los materiales para esta Campa\u00f1a que en Espa\u00f1a tiene dos momentos: El\u00a011 de febrero, festividad de Nuestra Se\u00f1ora de Lourdes, es el D\u00eda del enfermo, de car\u00e1cter mundial y el\u00a06 de mayo, la Iglesia en Espa\u00f1a celebra la\u00a0Pascua del enfermo.\u00a0 Con esta Campa\u00f1a se pretende, entre otros fines, reclamar la atenci\u00f3n sobre el importante papel que la familia tiene en la atenci\u00f3n al enfermo,&hellip;","og_url":"https:\/\/www.logronopasion.com\/portal\/triduo-en-honor-a-nuestra-senora-de-lourdes-2018\/","og_site_name":"Logro\u00f1o Pasi\u00f3n","article_publisher":"https:\/\/www.facebook.com\/logronopasion","article_published_time":"2018-02-08T10:56:34+00:00","og_image":[{"url":"http:\/\/logronopasion.com\/portal\/wp-content\/uploads\/2018\/02\/2018_pastoral_salud_jornada_enfermo_castellano.jpg","type":"","width":"","height":""}],"author":"Logronopasion.com","twitter_card":"summary_large_image","twitter_creator":"@LogronoPasion","twitter_site":"@LogronoPasion","twitter_misc":{"Escrito por":"Logronopasion.com","Tiempo de lectura":"2 minutos"},"schema":{"@context":"https:\/\/schema.org","@graph":[{"@type":"Article","@id":"https:\/\/www.logronopasion.com\/portal\/triduo-en-honor-a-nuestra-senora-de-lourdes-2018\/#article","isPartOf":{"@id":"https:\/\/www.logronopasion.com\/portal\/triduo-en-honor-a-nuestra-senora-de-lourdes-2018\/"},"author":{"name":"Logronopasion.com","@id":"https:\/\/www.logronopasion.com\/portal\/#\/schema\/person\/39728c7f1ab39edc31b0bc671a7fcb0b"},"headline":"TRIDUO EN HONOR A NTRA. SRA. DE LOURDES LOGRO\u00d1O","datePublished":"2018-02-08T10:56:34+00:00","mainEntityOfPage":{"@id":"https:\/\/www.logronopasion.com\/portal\/triduo-en-honor-a-nuestra-senora-de-lourdes-2018\/"},"wordCount":393,"commentCount":0,"publisher":{"@id":"https:\/\/www.logronopasion.com\/portal\/#organization"},"image":{"@id":"https:\/\/www.logronopasion.com\/portal\/triduo-en-honor-a-nuestra-senora-de-lourdes-2018\/#primaryimage"},"thumbnailUrl":"http:\/\/logronopasion.com\/portal\/wp-content\/uploads\/2018\/02\/2018_pastoral_salud_jornada_enfermo_castellano.jpg","articleSection":["Iglesia - estado, sociedad y religi\u00f3n","Noticias \/ Actualidad"],"inLanguage":"es","potentialAction":[{"@type":"CommentAction","name":"Comment","target":["https:\/\/www.logronopasion.com\/portal\/triduo-en-honor-a-nuestra-senora-de-lourdes-2018\/#respond"]}]},{"@type":"WebPage","@id":"https:\/\/www.logronopasion.com\/portal\/triduo-en-honor-a-nuestra-senora-de-lourdes-2018\/","url":"https:\/\/www.logronopasion.com\/portal\/triduo-en-honor-a-nuestra-senora-de-lourdes-2018\/","name":"TRIDUO EN HONOR A NTRA. SRA. DE LOURDES LOGRO\u00d1O - Logro\u00f1o Pasi\u00f3n","isPartOf":{"@id":"https:\/\/www.logronopasion.com\/portal\/#website"},"primaryImageOfPage":{"@id":"https:\/\/www.logronopasion.com\/portal\/triduo-en-honor-a-nuestra-senora-de-lourdes-2018\/#primaryimage"},"image":{"@id":"https:\/\/www.logronopasion.com\/portal\/triduo-en-honor-a-nuestra-senora-de-lourdes-2018\/#primaryimage"},"thumbnailUrl":"http:\/\/logronopasion.com\/portal\/wp-content\/uploads\/2018\/02\/2018_pastoral_salud_jornada_enfermo_castellano.jpg","datePublished":"2018-02-08T10:56:34+00:00","inLanguage":"es","potentialAction":[{"@type":"ReadAction","target":["https:\/\/www.logronopasion.com\/portal\/triduo-en-honor-a-nuestra-senora-de-lourdes-2018\/"]}]},{"@type":"ImageObject","inLanguage":"es","@id":"https:\/\/www.logronopasion.com\/portal\/triduo-en-honor-a-nuestra-senora-de-lourdes-2018\/#primaryimage","url":"http:\/\/logronopasion.com\/portal\/wp-content\/uploads\/2018\/02\/2018_pastoral_salud_jornada_enfermo_castellano.jpg","contentUrl":"http:\/\/logronopasion.com\/portal\/wp-content\/uploads\/2018\/02\/2018_pastoral_salud_jornada_enfermo_castellano.jpg"},{"@type":"WebSite","@id":"https:\/\/www.logronopasion.com\/portal\/#website","url":"https:\/\/www.logronopasion.com\/portal\/","name":"Logro\u00f1o Pasi\u00f3n","description":"Portal sobre la Semana Santa de Logro\u00f1o","publisher":{"@id":"https:\/\/www.logronopasion.com\/portal\/#organization"},"potentialAction":[{"@type":"SearchAction","target":{"@type":"EntryPoint","urlTemplate":"https:\/\/www.logronopasion.com\/portal\/?s={search_term_string}"},"query-input":{"@type":"PropertyValueSpecification","valueRequired":true,"valueName":"search_term_string"}}],"inLanguage":"es"},{"@type":"Organization","@id":"https:\/\/www.logronopasion.com\/portal\/#organization","name":"Logro\u00f1o Pasi\u00f3n","url":"https:\/\/www.logronopasion.com\/portal\/","logo":{"@type":"ImageObject","inLanguage":"es","@id":"https:\/\/www.logronopasion.com\/portal\/#\/schema\/logo\/image\/","url":"https:\/\/i2.wp.com\/logronopasion.com\/portal\/wp-content\/uploads\/2019\/04\/cropped-Header-1.jpg?fit=312%2C212&ssl=1","contentUrl":"https:\/\/i2.wp.com\/logronopasion.com\/portal\/wp-content\/uploads\/2019\/04\/cropped-Header-1.jpg?fit=312%2C212&ssl=1","width":312,"height":212,"caption":"Logro\u00f1o Pasi\u00f3n"},"image":{"@id":"https:\/\/www.logronopasion.com\/portal\/#\/schema\/logo\/image\/"},"sameAs":["https:\/\/www.facebook.com\/logronopasion","https:\/\/x.com\/LogronoPasion"]},{"@type":"Person","@id":"https:\/\/www.logronopasion.com\/portal\/#\/schema\/person\/39728c7f1ab39edc31b0bc671a7fcb0b","name":"Logronopasion.com","image":{"@type":"ImageObject","inLanguage":"es","@id":"https:\/\/secure.gravatar.com\/avatar\/c6b3e81c20ae7dec59cda0fd11915cb052ff1705cd134db04112b35441792010?s=96&d=mm&r=g","url":"https:\/\/secure.gravatar.com\/avatar\/c6b3e81c20ae7dec59cda0fd11915cb052ff1705cd134db04112b35441792010?s=96&d=mm&r=g","contentUrl":"https:\/\/secure.gravatar.com\/avatar\/c6b3e81c20ae7dec59cda0fd11915cb052ff1705cd134db04112b35441792010?s=96&d=mm&r=g","caption":"Logronopasion.com"},"url":"https:\/\/www.logronopasion.com\/portal\/author\/logronopasion-com\/"}]}},"_links":{"self":[{"href":"https:\/\/www.logronopasion.com\/portal\/wp-json\/wp\/v2\/posts\/5628","targetHints":{"allow":["GET"]}}],"collection":[{"href":"https:\/\/www.logronopasion.com\/portal\/wp-json\/wp\/v2\/posts"}],"about":[{"href":"https:\/\/www.logronopasion.com\/portal\/wp-json\/wp\/v2\/types\/post"}],"author":[{"embeddable":true,"href":"https:\/\/www.logronopasion.com\/portal\/wp-json\/wp\/v2\/users\/18"}],"replies":[{"embeddable":true,"href":"https:\/\/www.logronopasion.com\/portal\/wp-json\/wp\/v2\/comments?post=5628"}],"version-history":[{"count":9,"href":"https:\/\/www.logronopasion.com\/portal\/wp-json\/wp\/v2\/posts\/5628\/revisions"}],"predecessor-version":[{"id":5640,"href":"https:\/\/www.logronopasion.com\/portal\/wp-json\/wp\/v2\/posts\/5628\/revisions\/5640"}],"wp:attachment":[{"href":"https:\/\/www.logronopasion.com\/portal\/wp-json\/wp\/v2\/media?parent=5628"}],"wp:term":[{"taxonomy":"category","embeddable":true,"href":"https:\/\/www.logronopasion.com\/portal\/wp-json\/wp\/v2\/categories?post=5628"},{"taxonomy":"post_tag","embeddable":true,"href":"https:\/\/www.logronopasion.com\/portal\/wp-json\/wp\/v2\/tags?post=5628"}],"curies":[{"name":"wp","href":"https:\/\/api.w.org\/{rel}","templated":true}]}}