{"id":5656,"date":"2018-03-10T23:33:31","date_gmt":"2018-03-10T23:33:31","guid":{"rendered":"http:\/\/logronopasion.com\/portal\/?p=5656"},"modified":"2018-03-10T23:33:31","modified_gmt":"2018-03-10T23:33:31","slug":"domingo-laetare-o-domingo-de-la-alegria","status":"publish","type":"post","link":"https:\/\/www.logronopasion.com\/portal\/domingo-laetare-o-domingo-de-la-alegria\/","title":{"rendered":"\u201cDomingo Laetare\u201d o \u201cDomingo de la Alegr\u00eda\u201d"},"content":{"rendered":"<p>La Cuaresma es un tiempo penitencial, de oraci\u00f3n, ayuno y limosna, donde el color lit\u00fargico es el p\u00farpura o morado.<\/p>\n<p>Entretanto, tenemos, en el transcurso de \u00e9ste tiempo penitencial, un momento de j\u00fabilo donde el color lit\u00fargico pasa del p\u00farpura al rosa. Es el llamado \u201cDomingo Laetare\u201d, o \u201cDomingo de la Alegr\u00eda\u201d, como ocurre en\u00a0\u00e9ste\u00a0domingo.<\/p>\n<p>\u00bfPero, usted sabe el por qu\u00e9?<\/p>\n<p>El IV Domingo de\u00a0Cuaresma recibe este nombre porque as\u00ed comienza la Ant\u00edfona de Entrada de la Eucarist\u00eda: \u201cLaetare, Ierusalem, et conventum facite omnes qui diligites eam; gaudete cum laetitia, qui in tristitia fuistis; ut exsultetis, et satiemini ab uberibus consolationis vestrae\u201d (\u201c\u00a1Al\u00e9grate Jerusal\u00e9n! \u00a1Reun\u00edos, vosotros todos que la am\u00e1is; vosotros que est\u00e1is tristes, exultad de alegr\u00eda! Saciaos con la abundancia de sus consolaciones\u201d), conforme Isa\u00edas 66, 10-11.<\/p>\n<p>El color lit\u00fargico puede variar del p\u00farpura al rosa para representar la alegr\u00eda por la proximidad de la Pascua.<\/p>\n<p><img loading=\"lazy\" decoding=\"async\" class=\"aligncenter size-full wp-image-4638\" src=\"http:\/\/logronopasion.com\/portal\/wp-content\/uploads\/2016\/03\/Laetare-2.jpg\" sizes=\"auto, (max-width: 390px) 100vw, 390px\" srcset=\"http:\/\/logronopasion.com\/portal\/wp-content\/uploads\/2016\/03\/Laetare-2.jpg 390w, http:\/\/logronopasion.com\/portal\/wp-content\/uploads\/2016\/03\/Laetare-2-184x300.jpg 184w\" alt=\"Laetare 2\" width=\"390\" height=\"635\" \/><\/p>\n<blockquote><p>Este domingo ya fue llamado tambi\u00e9n de \u201cDomingo de las Rosas\u201d, pues, en la antig\u00fcedad, los cristianos acostumbraban obsequiarse rosas. Y es aqu\u00ed que surge la \u201cRosa de Oro\u201d.<\/p>\n<p>En el siglo X surgi\u00f3, entonces, la tradici\u00f3n de la \u201cBendici\u00f3n de la Rosa\u201d, ocasi\u00f3n en que el Santo Padre, en el IV Domingo de la Cuaresma, iba del Palacio de Letr\u00e1n a la Bas\u00edlica Estacional de Santa Cruz de Jerusal\u00e9n, llevando en la mano izquierda una rosa de oro que significaba la alegr\u00eda por la proximidad de la Pascua. Con la mano derecha, el Papa bendec\u00eda a la multitud. Regresando procesionalmente a caballo, el Papa ve\u00eda su montura conducida por el prefecto de Roma. Al llegar, obsequiaba al prefecto la rosa, en reconocimiento por sus actos de respeto y homenaje.<\/p>\n<p><img loading=\"lazy\" decoding=\"async\" class=\"aligncenter size-full wp-image-4639\" src=\"http:\/\/logronopasion.com\/portal\/wp-content\/uploads\/2016\/03\/Rosas-de-oro.jpg\" sizes=\"auto, (max-width: 460px) 100vw, 460px\" srcset=\"http:\/\/logronopasion.com\/portal\/wp-content\/uploads\/2016\/03\/Rosas-de-oro.jpg 460w, http:\/\/logronopasion.com\/portal\/wp-content\/uploads\/2016\/03\/Rosas-de-oro-300x170.jpg 300w\" alt=\"Rosas de oro\" width=\"460\" height=\"260\" \/><\/p>\n<p>De ah\u00ed, entonces, tuvo inicio la costumbre de ofrecer la \u201cRosa de Oro\u201d, para personalidades y autoridades que manten\u00edan una buena relaci\u00f3n con la Santa Sede, como pr\u00edncipes, emperadores, reyes\u2026<\/p>\n<p>En los tiempos modernos los papas acostumbran remitir este s\u00edmbolo de afecto personal a santuarios de destaque. Por ejemplo, el Santuario de Nuestra Se\u00f1ora de F\u00e1tima, Portugal, recibi\u00f3 una Rosa de Oro de Pablo VI, en 1965, y la Bas\u00edlica de Nuestra Se\u00f1ora Aparecida, Brasil, recibi\u00f3 una tambi\u00e9n de Pablo VI, en 1967 y otra m\u00e1s de Benedicto XVI, en 2007.<\/p><\/blockquote>\n<p>&nbsp;<\/p>\n<p>&nbsp;<\/p>\n<p>Los dos tiempos lit\u00fargicos de preparaci\u00f3n a la venida del Se\u00f1or, el adviento, cuarenta d\u00edas de espera a su Nacimiento y la cuaresma, los mismos d\u00edas de preparaci\u00f3n para su Muerte y gloriosa Resurrecci\u00f3n son tiempos de penitencia en los que el color morado es el propio de la liturgia.<br \/>\nSin embargo,\u00a0esta excepci\u00f3n en el que el color rosa hace acto de presencia brevemente durante ambos periodos lit\u00fargicos.\u00a0Rosa que simboliza alegr\u00eda, aunque una alegr\u00eda pasajera y ef\u00edmera.<br \/>\nComo ya hemos dicho, se utiliza\u00a0los domingos de Gaudete (es el imperativo del verbo latino \u201cgaudeo\u201d que significa gozar \u00edntimamente, complacerse en algo. Por tanto \u201cgaudete\u201d significa regocijaos. Regocijo en Adviento porque pronto nacer\u00e1 el Salvador) en el tercer domingo de Adviento y Laetare (que es el imperativo del verbo latino \u201claetor\u201d que significa alegrarse, regocijarse. Alegraros y regocijaros porque el Se\u00f1or padecer\u00e1, pero tambi\u00e9n resucitar\u00e1) en el\u00a0cuarto de\u00a0Cuaresma. En medio de un tiempo de oraci\u00f3n, limosna y ayuno, el rosa recuerda brevemente la alegr\u00eda de en la proximidad de la Navidad o de la Pascua.<br \/>\nGaudete y laetare, palabras latinas cuyo significado es similar, regoc\u00edjate y al\u00e9grate. La ant\u00edfona de entrada de la Misa de este pr\u00f3ximo domingo,\u00a0comienza con esas palabra que da nombre al d\u00eda; \u201cLaetare, Ier\u00fasalem\u201d (Is 66), \u201cAl\u00e9grate, Jerusal\u00e9n\u201d, de la misma forma que el del domingo de Adviento comienza con \u201cGaud\u00e9te in D\u00f3mino semper\u201d \u201cEstad siempre alegres en el Se\u00f1or\u201d.<\/p>\n<p>Los ornamentos de color rosado, que es un morado aclarado o alegre, surgieron en la Baja Edad Media en el sur de Italia. Se asignan a los domingos Gaudete, III de Adviento, y Laetare, IV de Cuaresma, por ser los pen\u00faltimos de cada tiempo se\u00f1alado: es un respiro en el camino de la austeridad al divisar en el horizonte la gloria que se va a alcanzar.<br \/>\nEl color rosa pas\u00f3 al Caeremoniale Episcoporum y de ah\u00ed se extendi\u00f3 su uso, aunque nunca ha sido preceptivo, sino \u201cad libitum\u201d, es decir, a consideraci\u00f3n o discreci\u00f3n del celebrante o presidente de la celebraci\u00f3n lit\u00fargica.<br \/>\nComo vemos, la liturgia de este Domingo se ve marcada por la alegr\u00eda, ya que se acerca el tiempo de vivir nuevamente los Misterios de la Pasi\u00f3n, Muerte y Resurrecci\u00f3n de Nuestro Se\u00f1or Jesucristo, durante la Semana Santa. Al igual que el tercer Domingo de Adviento (\u201cGaudete\u201d), se rompe el esquema lit\u00fargico de la Cuaresma, con algunas particularidades:<\/p>\n<ul>\n<li>\u2013 Predomina el car\u00e1cter alegre (lit\u00fargicamente hablando)<\/li>\n<li>\u2013 Se usa color ros\u00e1ceo en los ornamentos (siempre que esto sea posible).<\/li>\n<li>\u2013 Los ornamentos pueden ser m\u00e1s bellamente adornados.<\/li>\n<li>\u2013 Los di\u00e1conos pueden utilizar dalm\u00e1tica.<\/li>\n<li>\u2013 Se puede utilizar el \u00d3rgano.<\/li>\n<\/ul>\n<p>En general, son normas plenamente aplicables a ambas formas del rito romano, salvo del hecho de que algunas son obligatorias en la forma extraordinaria.<\/p>\n<p>Entrando m\u00e1s en el sentido lit\u00fargico de \u00e9ste domingo, vemos que todo gesto y signo involucra algo verdaderamente en consonancia y direcci\u00f3n a los Sagrados Misterios que se vivir\u00e1n pronto, donde el Se\u00f1or sufre su pasi\u00f3n, muere por nuestros pecados, y resucita para darnos la Salvaci\u00f3n.<\/p>\n<p>Y es que el Domingo Laetare nos invita a mirar m\u00e1s all\u00e1 de la triste realidad del pecado, mirando a Dios, quien es fuente de infinita Misericordia. Es una nueva invitaci\u00f3n a convertirnos de coraz\u00f3n hacia Dios, para Amarlo y cumplir sus preceptos, que nos hacen libres.<\/p>\n<p>As\u00ed mismo, no se debe olvidar que permanecemos en Cuaresma, por lo cual el Domingo Laetare no es un alto de la penitencia, sino que es para recordarnos que siempre, detr\u00e1s de toda penitencia est\u00e1 el deber de aborrecer el pecado, el prop\u00f3sito de no pecar m\u00e1s y de confesar los pecados, para as\u00ed vivir en Gracia, que nos es otorgada por Dios en su infinita misericordia.<\/p>\n<p><a href=\"http:\/\/logronopasion.com\/portal\/wp-content\/uploads\/2018\/03\/Luz-de-vida.jpg\"><img loading=\"lazy\" decoding=\"async\" class=\"aligncenter wp-image-5659\" src=\"http:\/\/logronopasion.com\/portal\/wp-content\/uploads\/2018\/03\/Luz-de-vida.jpg\" alt=\"\" width=\"650\" height=\"549\" srcset=\"https:\/\/www.logronopasion.com\/portal\/wp-content\/uploads\/2018\/03\/Luz-de-vida.jpg 1727w, https:\/\/www.logronopasion.com\/portal\/wp-content\/uploads\/2018\/03\/Luz-de-vida-300x253.jpg 300w, https:\/\/www.logronopasion.com\/portal\/wp-content\/uploads\/2018\/03\/Luz-de-vida-768x648.jpg 768w, https:\/\/www.logronopasion.com\/portal\/wp-content\/uploads\/2018\/03\/Luz-de-vida-1024x865.jpg 1024w\" sizes=\"auto, (max-width: 650px) 100vw, 650px\" \/><\/a><\/p>\n<p>&nbsp;<\/p>\n<blockquote><p><strong>Evangelio\u00a04\u00ba domingo de Cuaresma \u201cLaetare\u201d<\/strong><\/p>\n<p><strong><span class=\"Tit_Negro_Normal\">Lectura del santo evangelio seg\u00fan San Juan 3, 14-21<\/span><\/strong><\/p>\n<p>En aquel tiempo, dijo Jes\u00fas a Nicodemo: \u00abLo mismo que Mois\u00e9s elev\u00f3 la serpiente en el desierto, as\u00ed tiene que ser elevado el Hijo del hombre, para que todo el que cree en \u00e9l tenga vida eterna. Porque tanto am\u00f3 Dios al mundo que entreg\u00f3 a su Unig\u00e9nito para que todo el que cree en \u00e9l no perezca, sino que tenga vida eterna. Porque Dios no mand\u00f3 su Hijo al mundo para juzgar al mundo, sino para que el mundo se salve por \u00e9l. El que cree en \u00e9l no ser\u00e1 juzgado; el que no cree ya est\u00e1 juzgado, porque no ha cre\u00eddo en el nombre del Unig\u00e9nito de Dios. Este es el juicio: que la luz vino al mundo, y los hombres prefirieron la tiniebla a la luz, porque sus obras eran malas. Pues todo el que obra el mal detesta la luz y no se acerca a la luz, para no verse acusado por sus obras. En cambio, el que obra la verdad se acerca a la luz, para que se vea que sus obras est\u00e1n hechas seg\u00fan Dios\u00bb.<\/p>\n<p class=\"Tit_Negro_Normal\"><strong>Palabra del Se\u00f1or.<\/strong><\/p>\n<\/blockquote>\n<div class=\"cleared\"><\/div>\n<p class=\"art-page-footer\">\n","protected":false},"excerpt":{"rendered":"<p>La Cuaresma es un tiempo penitencial, de oraci\u00f3n, ayuno y limosna, donde el color lit\u00fargico es el p\u00farpura o morado. Entretanto, tenemos, en el transcurso de \u00e9ste tiempo penitencial, un momento de j\u00fabilo donde el color lit\u00fargico pasa del p\u00farpura al rosa. Es el llamado \u201cDomingo Laetare\u201d, o \u201cDomingo de la Alegr\u00eda\u201d, como ocurre en\u00a0\u00e9ste\u00a0domingo. \u00bfPero, usted sabe el por qu\u00e9? El IV Domingo de\u00a0Cuaresma recibe este nombre porque as\u00ed comienza la Ant\u00edfona de Entrada de la Eucarist\u00eda: \u201cLaetare, Ierusalem, et conventum facite omnes qui diligites eam; gaudete cum laetitia, qui in tristitia fuistis; ut exsultetis, et satiemini ab uberibus&hellip; <\/p>\n","protected":false},"author":18,"featured_media":0,"comment_status":"open","ping_status":"open","sticky":false,"template":"","format":"standard","meta":{"_bbp_topic_count":0,"_bbp_reply_count":0,"_bbp_total_topic_count":0,"_bbp_total_reply_count":0,"_bbp_voice_count":0,"_bbp_anonymous_reply_count":0,"_bbp_topic_count_hidden":0,"_bbp_reply_count_hidden":0,"_bbp_forum_subforum_count":0,"_crdt_document":"","footnotes":""},"categories":[3],"tags":[],"class_list":["post-5656","post","type-post","status-publish","format-standard","hentry","category-iglesia"],"yoast_head":"<!-- This site is optimized with the Yoast SEO plugin v27.5 - https:\/\/yoast.com\/product\/yoast-seo-wordpress\/ -->\n<title>\u201cDomingo Laetare\u201d o \u201cDomingo de la Alegr\u00eda\u201d - Logro\u00f1o Pasi\u00f3n<\/title>\n<meta name=\"robots\" content=\"index, follow, max-snippet:-1, max-image-preview:large, max-video-preview:-1\" \/>\n<link rel=\"canonical\" href=\"https:\/\/www.logronopasion.com\/portal\/domingo-laetare-o-domingo-de-la-alegria\/\" \/>\n<meta property=\"og:locale\" content=\"es_ES\" \/>\n<meta property=\"og:type\" content=\"article\" \/>\n<meta property=\"og:title\" content=\"\u201cDomingo Laetare\u201d o \u201cDomingo de la Alegr\u00eda\u201d - Logro\u00f1o Pasi\u00f3n\" \/>\n<meta property=\"og:description\" content=\"La Cuaresma es un tiempo penitencial, de oraci\u00f3n, ayuno y limosna, donde el color lit\u00fargico es el p\u00farpura o morado. Entretanto, tenemos, en el transcurso de \u00e9ste tiempo penitencial, un momento de j\u00fabilo donde el color lit\u00fargico pasa del p\u00farpura al rosa. Es el llamado \u201cDomingo Laetare\u201d, o \u201cDomingo de la Alegr\u00eda\u201d, como ocurre en\u00a0\u00e9ste\u00a0domingo. \u00bfPero, usted sabe el por qu\u00e9? El IV Domingo de\u00a0Cuaresma recibe este nombre porque as\u00ed comienza la Ant\u00edfona de Entrada de la Eucarist\u00eda: \u201cLaetare, Ierusalem, et conventum facite omnes qui diligites eam; gaudete cum laetitia, qui in tristitia fuistis; ut exsultetis, et satiemini ab uberibus&hellip;\" \/>\n<meta property=\"og:url\" content=\"https:\/\/www.logronopasion.com\/portal\/domingo-laetare-o-domingo-de-la-alegria\/\" \/>\n<meta property=\"og:site_name\" content=\"Logro\u00f1o Pasi\u00f3n\" \/>\n<meta property=\"article:publisher\" content=\"https:\/\/www.facebook.com\/logronopasion\" \/>\n<meta property=\"article:published_time\" content=\"2018-03-10T23:33:31+00:00\" \/>\n<meta property=\"og:image\" content=\"http:\/\/logronopasion.com\/portal\/wp-content\/uploads\/2016\/03\/Laetare-2.jpg\" \/>\n<meta name=\"author\" content=\"Logronopasion.com\" \/>\n<meta name=\"twitter:card\" content=\"summary_large_image\" \/>\n<meta name=\"twitter:creator\" content=\"@LogronoPasion\" \/>\n<meta name=\"twitter:site\" content=\"@LogronoPasion\" \/>\n<meta name=\"twitter:label1\" content=\"Escrito por\" \/>\n\t<meta name=\"twitter:data1\" content=\"Logronopasion.com\" \/>\n\t<meta name=\"twitter:label2\" content=\"Tiempo de lectura\" \/>\n\t<meta name=\"twitter:data2\" content=\"6 minutos\" \/>\n<script type=\"application\/ld+json\" class=\"yoast-schema-graph\">{\"@context\":\"https:\\\/\\\/schema.org\",\"@graph\":[{\"@type\":\"Article\",\"@id\":\"https:\\\/\\\/www.logronopasion.com\\\/portal\\\/domingo-laetare-o-domingo-de-la-alegria\\\/#article\",\"isPartOf\":{\"@id\":\"https:\\\/\\\/www.logronopasion.com\\\/portal\\\/domingo-laetare-o-domingo-de-la-alegria\\\/\"},\"author\":{\"name\":\"Logronopasion.com\",\"@id\":\"https:\\\/\\\/www.logronopasion.com\\\/portal\\\/#\\\/schema\\\/person\\\/39728c7f1ab39edc31b0bc671a7fcb0b\"},\"headline\":\"\u201cDomingo Laetare\u201d o \u201cDomingo de la Alegr\u00eda\u201d\",\"datePublished\":\"2018-03-10T23:33:31+00:00\",\"mainEntityOfPage\":{\"@id\":\"https:\\\/\\\/www.logronopasion.com\\\/portal\\\/domingo-laetare-o-domingo-de-la-alegria\\\/\"},\"wordCount\":1297,\"commentCount\":0,\"publisher\":{\"@id\":\"https:\\\/\\\/www.logronopasion.com\\\/portal\\\/#organization\"},\"image\":{\"@id\":\"https:\\\/\\\/www.logronopasion.com\\\/portal\\\/domingo-laetare-o-domingo-de-la-alegria\\\/#primaryimage\"},\"thumbnailUrl\":\"http:\\\/\\\/logronopasion.com\\\/portal\\\/wp-content\\\/uploads\\\/2016\\\/03\\\/Laetare-2.jpg\",\"articleSection\":[\"Iglesia - estado, sociedad y religi\u00f3n\"],\"inLanguage\":\"es\",\"potentialAction\":[{\"@type\":\"CommentAction\",\"name\":\"Comment\",\"target\":[\"https:\\\/\\\/www.logronopasion.com\\\/portal\\\/domingo-laetare-o-domingo-de-la-alegria\\\/#respond\"]}]},{\"@type\":\"WebPage\",\"@id\":\"https:\\\/\\\/www.logronopasion.com\\\/portal\\\/domingo-laetare-o-domingo-de-la-alegria\\\/\",\"url\":\"https:\\\/\\\/www.logronopasion.com\\\/portal\\\/domingo-laetare-o-domingo-de-la-alegria\\\/\",\"name\":\"\u201cDomingo Laetare\u201d o \u201cDomingo de la Alegr\u00eda\u201d - Logro\u00f1o Pasi\u00f3n\",\"isPartOf\":{\"@id\":\"https:\\\/\\\/www.logronopasion.com\\\/portal\\\/#website\"},\"primaryImageOfPage\":{\"@id\":\"https:\\\/\\\/www.logronopasion.com\\\/portal\\\/domingo-laetare-o-domingo-de-la-alegria\\\/#primaryimage\"},\"image\":{\"@id\":\"https:\\\/\\\/www.logronopasion.com\\\/portal\\\/domingo-laetare-o-domingo-de-la-alegria\\\/#primaryimage\"},\"thumbnailUrl\":\"http:\\\/\\\/logronopasion.com\\\/portal\\\/wp-content\\\/uploads\\\/2016\\\/03\\\/Laetare-2.jpg\",\"datePublished\":\"2018-03-10T23:33:31+00:00\",\"inLanguage\":\"es\",\"potentialAction\":[{\"@type\":\"ReadAction\",\"target\":[\"https:\\\/\\\/www.logronopasion.com\\\/portal\\\/domingo-laetare-o-domingo-de-la-alegria\\\/\"]}]},{\"@type\":\"ImageObject\",\"inLanguage\":\"es\",\"@id\":\"https:\\\/\\\/www.logronopasion.com\\\/portal\\\/domingo-laetare-o-domingo-de-la-alegria\\\/#primaryimage\",\"url\":\"http:\\\/\\\/logronopasion.com\\\/portal\\\/wp-content\\\/uploads\\\/2016\\\/03\\\/Laetare-2.jpg\",\"contentUrl\":\"http:\\\/\\\/logronopasion.com\\\/portal\\\/wp-content\\\/uploads\\\/2016\\\/03\\\/Laetare-2.jpg\"},{\"@type\":\"WebSite\",\"@id\":\"https:\\\/\\\/www.logronopasion.com\\\/portal\\\/#website\",\"url\":\"https:\\\/\\\/www.logronopasion.com\\\/portal\\\/\",\"name\":\"Logro\u00f1o Pasi\u00f3n\",\"description\":\"Portal sobre la Semana Santa de Logro\u00f1o\",\"publisher\":{\"@id\":\"https:\\\/\\\/www.logronopasion.com\\\/portal\\\/#organization\"},\"potentialAction\":[{\"@type\":\"SearchAction\",\"target\":{\"@type\":\"EntryPoint\",\"urlTemplate\":\"https:\\\/\\\/www.logronopasion.com\\\/portal\\\/?s={search_term_string}\"},\"query-input\":{\"@type\":\"PropertyValueSpecification\",\"valueRequired\":true,\"valueName\":\"search_term_string\"}}],\"inLanguage\":\"es\"},{\"@type\":\"Organization\",\"@id\":\"https:\\\/\\\/www.logronopasion.com\\\/portal\\\/#organization\",\"name\":\"Logro\u00f1o Pasi\u00f3n\",\"url\":\"https:\\\/\\\/www.logronopasion.com\\\/portal\\\/\",\"logo\":{\"@type\":\"ImageObject\",\"inLanguage\":\"es\",\"@id\":\"https:\\\/\\\/www.logronopasion.com\\\/portal\\\/#\\\/schema\\\/logo\\\/image\\\/\",\"url\":\"https:\\\/\\\/i2.wp.com\\\/logronopasion.com\\\/portal\\\/wp-content\\\/uploads\\\/2019\\\/04\\\/cropped-Header-1.jpg?fit=312%2C212&ssl=1\",\"contentUrl\":\"https:\\\/\\\/i2.wp.com\\\/logronopasion.com\\\/portal\\\/wp-content\\\/uploads\\\/2019\\\/04\\\/cropped-Header-1.jpg?fit=312%2C212&ssl=1\",\"width\":312,\"height\":212,\"caption\":\"Logro\u00f1o Pasi\u00f3n\"},\"image\":{\"@id\":\"https:\\\/\\\/www.logronopasion.com\\\/portal\\\/#\\\/schema\\\/logo\\\/image\\\/\"},\"sameAs\":[\"https:\\\/\\\/www.facebook.com\\\/logronopasion\",\"https:\\\/\\\/x.com\\\/LogronoPasion\"]},{\"@type\":\"Person\",\"@id\":\"https:\\\/\\\/www.logronopasion.com\\\/portal\\\/#\\\/schema\\\/person\\\/39728c7f1ab39edc31b0bc671a7fcb0b\",\"name\":\"Logronopasion.com\",\"image\":{\"@type\":\"ImageObject\",\"inLanguage\":\"es\",\"@id\":\"https:\\\/\\\/secure.gravatar.com\\\/avatar\\\/c6b3e81c20ae7dec59cda0fd11915cb052ff1705cd134db04112b35441792010?s=96&d=mm&r=g\",\"url\":\"https:\\\/\\\/secure.gravatar.com\\\/avatar\\\/c6b3e81c20ae7dec59cda0fd11915cb052ff1705cd134db04112b35441792010?s=96&d=mm&r=g\",\"contentUrl\":\"https:\\\/\\\/secure.gravatar.com\\\/avatar\\\/c6b3e81c20ae7dec59cda0fd11915cb052ff1705cd134db04112b35441792010?s=96&d=mm&r=g\",\"caption\":\"Logronopasion.com\"},\"url\":\"https:\\\/\\\/www.logronopasion.com\\\/portal\\\/author\\\/logronopasion-com\\\/\"}]}<\/script>\n<!-- \/ Yoast SEO plugin. -->","yoast_head_json":{"title":"\u201cDomingo Laetare\u201d o \u201cDomingo de la Alegr\u00eda\u201d - Logro\u00f1o Pasi\u00f3n","robots":{"index":"index","follow":"follow","max-snippet":"max-snippet:-1","max-image-preview":"max-image-preview:large","max-video-preview":"max-video-preview:-1"},"canonical":"https:\/\/www.logronopasion.com\/portal\/domingo-laetare-o-domingo-de-la-alegria\/","og_locale":"es_ES","og_type":"article","og_title":"\u201cDomingo Laetare\u201d o \u201cDomingo de la Alegr\u00eda\u201d - Logro\u00f1o Pasi\u00f3n","og_description":"La Cuaresma es un tiempo penitencial, de oraci\u00f3n, ayuno y limosna, donde el color lit\u00fargico es el p\u00farpura o morado. Entretanto, tenemos, en el transcurso de \u00e9ste tiempo penitencial, un momento de j\u00fabilo donde el color lit\u00fargico pasa del p\u00farpura al rosa. Es el llamado \u201cDomingo Laetare\u201d, o \u201cDomingo de la Alegr\u00eda\u201d, como ocurre en\u00a0\u00e9ste\u00a0domingo. \u00bfPero, usted sabe el por qu\u00e9? El IV Domingo de\u00a0Cuaresma recibe este nombre porque as\u00ed comienza la Ant\u00edfona de Entrada de la Eucarist\u00eda: \u201cLaetare, Ierusalem, et conventum facite omnes qui diligites eam; gaudete cum laetitia, qui in tristitia fuistis; ut exsultetis, et satiemini ab uberibus&hellip;","og_url":"https:\/\/www.logronopasion.com\/portal\/domingo-laetare-o-domingo-de-la-alegria\/","og_site_name":"Logro\u00f1o Pasi\u00f3n","article_publisher":"https:\/\/www.facebook.com\/logronopasion","article_published_time":"2018-03-10T23:33:31+00:00","og_image":[{"url":"http:\/\/logronopasion.com\/portal\/wp-content\/uploads\/2016\/03\/Laetare-2.jpg","type":"","width":"","height":""}],"author":"Logronopasion.com","twitter_card":"summary_large_image","twitter_creator":"@LogronoPasion","twitter_site":"@LogronoPasion","twitter_misc":{"Escrito por":"Logronopasion.com","Tiempo de lectura":"6 minutos"},"schema":{"@context":"https:\/\/schema.org","@graph":[{"@type":"Article","@id":"https:\/\/www.logronopasion.com\/portal\/domingo-laetare-o-domingo-de-la-alegria\/#article","isPartOf":{"@id":"https:\/\/www.logronopasion.com\/portal\/domingo-laetare-o-domingo-de-la-alegria\/"},"author":{"name":"Logronopasion.com","@id":"https:\/\/www.logronopasion.com\/portal\/#\/schema\/person\/39728c7f1ab39edc31b0bc671a7fcb0b"},"headline":"\u201cDomingo Laetare\u201d o \u201cDomingo de la Alegr\u00eda\u201d","datePublished":"2018-03-10T23:33:31+00:00","mainEntityOfPage":{"@id":"https:\/\/www.logronopasion.com\/portal\/domingo-laetare-o-domingo-de-la-alegria\/"},"wordCount":1297,"commentCount":0,"publisher":{"@id":"https:\/\/www.logronopasion.com\/portal\/#organization"},"image":{"@id":"https:\/\/www.logronopasion.com\/portal\/domingo-laetare-o-domingo-de-la-alegria\/#primaryimage"},"thumbnailUrl":"http:\/\/logronopasion.com\/portal\/wp-content\/uploads\/2016\/03\/Laetare-2.jpg","articleSection":["Iglesia - estado, sociedad y religi\u00f3n"],"inLanguage":"es","potentialAction":[{"@type":"CommentAction","name":"Comment","target":["https:\/\/www.logronopasion.com\/portal\/domingo-laetare-o-domingo-de-la-alegria\/#respond"]}]},{"@type":"WebPage","@id":"https:\/\/www.logronopasion.com\/portal\/domingo-laetare-o-domingo-de-la-alegria\/","url":"https:\/\/www.logronopasion.com\/portal\/domingo-laetare-o-domingo-de-la-alegria\/","name":"\u201cDomingo Laetare\u201d o \u201cDomingo de la Alegr\u00eda\u201d - Logro\u00f1o Pasi\u00f3n","isPartOf":{"@id":"https:\/\/www.logronopasion.com\/portal\/#website"},"primaryImageOfPage":{"@id":"https:\/\/www.logronopasion.com\/portal\/domingo-laetare-o-domingo-de-la-alegria\/#primaryimage"},"image":{"@id":"https:\/\/www.logronopasion.com\/portal\/domingo-laetare-o-domingo-de-la-alegria\/#primaryimage"},"thumbnailUrl":"http:\/\/logronopasion.com\/portal\/wp-content\/uploads\/2016\/03\/Laetare-2.jpg","datePublished":"2018-03-10T23:33:31+00:00","inLanguage":"es","potentialAction":[{"@type":"ReadAction","target":["https:\/\/www.logronopasion.com\/portal\/domingo-laetare-o-domingo-de-la-alegria\/"]}]},{"@type":"ImageObject","inLanguage":"es","@id":"https:\/\/www.logronopasion.com\/portal\/domingo-laetare-o-domingo-de-la-alegria\/#primaryimage","url":"http:\/\/logronopasion.com\/portal\/wp-content\/uploads\/2016\/03\/Laetare-2.jpg","contentUrl":"http:\/\/logronopasion.com\/portal\/wp-content\/uploads\/2016\/03\/Laetare-2.jpg"},{"@type":"WebSite","@id":"https:\/\/www.logronopasion.com\/portal\/#website","url":"https:\/\/www.logronopasion.com\/portal\/","name":"Logro\u00f1o Pasi\u00f3n","description":"Portal sobre la Semana Santa de Logro\u00f1o","publisher":{"@id":"https:\/\/www.logronopasion.com\/portal\/#organization"},"potentialAction":[{"@type":"SearchAction","target":{"@type":"EntryPoint","urlTemplate":"https:\/\/www.logronopasion.com\/portal\/?s={search_term_string}"},"query-input":{"@type":"PropertyValueSpecification","valueRequired":true,"valueName":"search_term_string"}}],"inLanguage":"es"},{"@type":"Organization","@id":"https:\/\/www.logronopasion.com\/portal\/#organization","name":"Logro\u00f1o Pasi\u00f3n","url":"https:\/\/www.logronopasion.com\/portal\/","logo":{"@type":"ImageObject","inLanguage":"es","@id":"https:\/\/www.logronopasion.com\/portal\/#\/schema\/logo\/image\/","url":"https:\/\/i2.wp.com\/logronopasion.com\/portal\/wp-content\/uploads\/2019\/04\/cropped-Header-1.jpg?fit=312%2C212&ssl=1","contentUrl":"https:\/\/i2.wp.com\/logronopasion.com\/portal\/wp-content\/uploads\/2019\/04\/cropped-Header-1.jpg?fit=312%2C212&ssl=1","width":312,"height":212,"caption":"Logro\u00f1o Pasi\u00f3n"},"image":{"@id":"https:\/\/www.logronopasion.com\/portal\/#\/schema\/logo\/image\/"},"sameAs":["https:\/\/www.facebook.com\/logronopasion","https:\/\/x.com\/LogronoPasion"]},{"@type":"Person","@id":"https:\/\/www.logronopasion.com\/portal\/#\/schema\/person\/39728c7f1ab39edc31b0bc671a7fcb0b","name":"Logronopasion.com","image":{"@type":"ImageObject","inLanguage":"es","@id":"https:\/\/secure.gravatar.com\/avatar\/c6b3e81c20ae7dec59cda0fd11915cb052ff1705cd134db04112b35441792010?s=96&d=mm&r=g","url":"https:\/\/secure.gravatar.com\/avatar\/c6b3e81c20ae7dec59cda0fd11915cb052ff1705cd134db04112b35441792010?s=96&d=mm&r=g","contentUrl":"https:\/\/secure.gravatar.com\/avatar\/c6b3e81c20ae7dec59cda0fd11915cb052ff1705cd134db04112b35441792010?s=96&d=mm&r=g","caption":"Logronopasion.com"},"url":"https:\/\/www.logronopasion.com\/portal\/author\/logronopasion-com\/"}]}},"_links":{"self":[{"href":"https:\/\/www.logronopasion.com\/portal\/wp-json\/wp\/v2\/posts\/5656","targetHints":{"allow":["GET"]}}],"collection":[{"href":"https:\/\/www.logronopasion.com\/portal\/wp-json\/wp\/v2\/posts"}],"about":[{"href":"https:\/\/www.logronopasion.com\/portal\/wp-json\/wp\/v2\/types\/post"}],"author":[{"embeddable":true,"href":"https:\/\/www.logronopasion.com\/portal\/wp-json\/wp\/v2\/users\/18"}],"replies":[{"embeddable":true,"href":"https:\/\/www.logronopasion.com\/portal\/wp-json\/wp\/v2\/comments?post=5656"}],"version-history":[{"count":3,"href":"https:\/\/www.logronopasion.com\/portal\/wp-json\/wp\/v2\/posts\/5656\/revisions"}],"predecessor-version":[{"id":5660,"href":"https:\/\/www.logronopasion.com\/portal\/wp-json\/wp\/v2\/posts\/5656\/revisions\/5660"}],"wp:attachment":[{"href":"https:\/\/www.logronopasion.com\/portal\/wp-json\/wp\/v2\/media?parent=5656"}],"wp:term":[{"taxonomy":"category","embeddable":true,"href":"https:\/\/www.logronopasion.com\/portal\/wp-json\/wp\/v2\/categories?post=5656"},{"taxonomy":"post_tag","embeddable":true,"href":"https:\/\/www.logronopasion.com\/portal\/wp-json\/wp\/v2\/tags?post=5656"}],"curies":[{"name":"wp","href":"https:\/\/api.w.org\/{rel}","templated":true}]}}