{"id":6364,"date":"2019-12-07T20:23:51","date_gmt":"2019-12-07T20:23:51","guid":{"rendered":"https:\/\/logronopasion.com\/portal\/?p=6364"},"modified":"2019-12-07T20:24:58","modified_gmt":"2019-12-07T20:24:58","slug":"maria-la-llena-de-gracia-la-inmaculada-concepcion","status":"publish","type":"post","link":"https:\/\/www.logronopasion.com\/portal\/maria-la-llena-de-gracia-la-inmaculada-concepcion\/","title":{"rendered":"Mar\u00eda, la llena de gracia. La Inmaculada Concepci\u00f3n"},"content":{"rendered":"<p>La concepci\u00f3n es el momento en el cual Dios crea el alma y la infunde en la materia org\u00e1nica procedente de los padres. La concepci\u00f3n es pues, el momento en que comienza la vida humana.<\/p>\n<p>Cuando hablamos del dogma de la Inmaculada Concepci\u00f3n no nos referimos a la concepci\u00f3n de Jes\u00fas qui\u00e9n, claro est\u00e1, tambi\u00e9n fue concebido sin pecado. El dogma declara que Mar\u00eda qued\u00f3 preservada de toda carencia de gracia santificante desde que fue concebida en el vientre de su madre Santa Ana. Es decir, Mar\u00eda es la \u201cllena de gracia\u201d desde su concepci\u00f3n.<\/p>\n<p>La Enc\u00edclica \u201cFulgens corona\u201d, publicada por el Papa P\u00edo XII en 1953 para conmemorar el centenario de la definici\u00f3n del dogma de la Inmaculada Concepci\u00f3n, argumenta as\u00ed: \u00abSi en un momento determinado la Sant\u00edsima Virgen Mar\u00eda hubiera quedado privada de la gracia divina, por haber sido contaminada en su concepci\u00f3n por la mancha hereditaria del pecado, entre ella y la serpiente no habr\u00eda ya -al menos durante ese periodo de tiempo, por m\u00e1s breve que fuera- la enemistad eterna de la que se habla desde la tradici\u00f3n primitiva hasta la solemne definici\u00f3n de la Inmaculada Concepci\u00f3n, sino m\u00e1s bien cierta servidumbre\u00bb<\/p>\n<p>&nbsp;<\/p>\n<p><a href=\"https:\/\/logronopasion.com\/portal\/wp-content\/uploads\/2016\/12\/Inmaculada-Concepci\u00f3n.jpg\"><img loading=\"lazy\" decoding=\"async\" class=\"aligncenter size-full wp-image-4974\" src=\"https:\/\/logronopasion.com\/portal\/wp-content\/uploads\/2016\/12\/Inmaculada-Concepci\u00f3n.jpg\" alt=\"\" width=\"960\" height=\"340\" srcset=\"https:\/\/www.logronopasion.com\/portal\/wp-content\/uploads\/2016\/12\/Inmaculada-Concepci\u00f3n.jpg 960w, https:\/\/www.logronopasion.com\/portal\/wp-content\/uploads\/2016\/12\/Inmaculada-Concepci\u00f3n-300x106.jpg 300w, https:\/\/www.logronopasion.com\/portal\/wp-content\/uploads\/2016\/12\/Inmaculada-Concepci\u00f3n-768x272.jpg 768w\" sizes=\"auto, (max-width: 960px) 100vw, 960px\" \/><\/a><\/p>\n<p>&nbsp;<\/p>\n<p><strong><u>Fundamento B\u00edblico<\/u><\/strong><\/p>\n<p>La Biblia no menciona expl\u00edcitamente el dogma de la Inmaculada Concepci\u00f3n, como tampoco menciona expl\u00edcitamente muchas otras doctrinas que la Iglesia recibi\u00f3 de los Ap\u00f3stoles. La palabra \u201cTrinidad\u201d, por ejemplo, no aparece en la Biblia. Pero la Inmaculada Concepci\u00f3n se deduce de la Biblia cuando \u00e9sta se interpreta correctamente a la luz de la Tradici\u00f3n Apost\u00f3lica.<\/p>\n<p>El primer pasaje que contiene la promesa de la redenci\u00f3n (<strong>Genesis 3:15<\/strong>) menciona a la Madre del Redentor. Es el llamado <em>Proto-evangelium<\/em>, donde Dios declara la enemistad entre la serpiente y la Mujer. Cristo, la semilla de la mujer (Mar\u00eda) aplastar\u00e1 la cabeza de la serpiente.\u00a0Ella ser\u00e1 exaltada a la gracia santificante que el hombre hab\u00eda perdido por el pecado. Solo el hecho de que Mar\u00eda se mantuvo en estado de gracia puede explicar que contin\u00fae la enemistad entre ella y la serpiente. El Proto-evangelium, por lo tanto, contiene una promesa directa de que vendr\u00e1 un redentor.\u00a0 Junto a \u00c9l se manifestar\u00e1 su obra maestra: La preservaci\u00f3n perfecta de todo pecado de su Madre Virginal.<\/p>\n<p>En<strong> Lucas 1:28<\/strong> el \u00e1ngel Gabriel enviado por Dios le dice a la Sant\u00edsima Virgen Mar\u00eda <strong>\u00abAl\u00e9grate, llena de gracia, el Se\u00f1or est\u00e1 contigo.\u00bb<\/strong>.\u00a0Las palabras en espa\u00f1ol \u201cLlena de gracia\u201d no hace justicia al texto griego original que es \u201c<strong><em>kecharitomene\u201d<\/em><\/strong> y significa una singular abundancia de gracia, un estado sobrenatural del alma en uni\u00f3n con Dios. Aunque este pasaje no \u201cprueba\u201d la Inmaculada Concepci\u00f3n de Mar\u00eda ciertamente lo sugiere.<\/p>\n<p><strong>El Apocalipsis <\/strong>narra sobre la \u00abmujer vestida de sol\u00bb (Ap 12,1).\u00a0 Ella representa la santidad de la Iglesia, que se realiza plenamente en la Sant\u00edsima Virgen, en virtud de una gracia singular. Ella es toda esplendor porque no hay en ella mancha alguna de pecado. Lleva el reflejo del esplendor divino, y aparece como signo grandioso de la relaci\u00f3n esponsal de Dios con su pueblo.<\/p>\n<p><span style=\"text-decoration: underline;\"><strong>Bula Ineffabilis Deus<\/strong><\/span><\/p>\n<p>Con la bula Ineffabilis Deus, el Papa P\u00edo IX el 8 de diciembre de 1854, proclam\u00f3 como dogma de fe, la Inmaculada Concepci\u00f3n de Mar\u00eda que por una gracia especial de Dios, fue preservada de todo pecado desde su concepci\u00f3n.<\/p>\n<blockquote><p><strong><em>\u201c\u2026declaramos, proclamamos y definimos que la doctrina que sostiene que la beat\u00edsima Virgen Mar\u00eda fue preservada inmune de toda mancha de la culpa original en el primer instante de su concepci\u00f3n por singular gracia y privilegio de Dios omnipotente, en atenci\u00f3n a los m\u00e9ritos de Cristo Jes\u00fas Salvador del g\u00e9nero humano, est\u00e1 revelada por Dios y debe ser por tanto firme y constantemente cre\u00edda por todos los fieles\u2026\u201d <\/em><\/strong><\/p><\/blockquote>\n<p>&nbsp;<\/p>\n<p><a href=\"https:\/\/logronopasion.com\/portal\/wp-content\/uploads\/2012\/12\/Pio-IX.jpg\"><img loading=\"lazy\" decoding=\"async\" class=\"wp-image-1215 aligncenter\" src=\"https:\/\/logronopasion.com\/portal\/wp-content\/uploads\/2012\/12\/Pio-IX.jpg\" alt=\"\" width=\"355\" height=\"498\" srcset=\"https:\/\/www.logronopasion.com\/portal\/wp-content\/uploads\/2012\/12\/Pio-IX.jpg 550w, https:\/\/www.logronopasion.com\/portal\/wp-content\/uploads\/2012\/12\/Pio-IX-214x300.jpg 214w\" sizes=\"auto, (max-width: 355px) 100vw, 355px\" \/><\/a><\/p>\n<p><span style=\"text-decoration: underline;\"><strong>La definici\u00f3n dogm\u00e1tica de la Inmaculada<\/strong><\/span><\/p>\n<p>La contribuci\u00f3n de Espa\u00f1a al triunfo del Dogma de la Inmaculada Concepci\u00f3n merecer\u00eda cap\u00edtulo aparte, bien nutrido y glorioso, Habr\u00eda que recordar como \u00a0significativas, las legaciones que reyes espa\u00f1oles hacen a los Sumos Pont\u00edfices pidiendo la definici\u00f3n del dogma. Por eso P\u00edo IX quiso que el monumento a la Inmaculada, despu\u00e9s de su definitivo or\u00e1culo, se levantara en la romana Plaza de Espa\u00f1a.<\/p>\n<p>El Papa P\u00edo IX, es quien decidi\u00f3 dar el \u00faltimo paso para la suprema exaltaci\u00f3n de la Virgen, definiendo el dogma de su Concepci\u00f3n Inmaculada. D\u00edcese que en las trist\u00edsimas circunstancias por las que atravesaba la Iglesia, en un d\u00eda de gran abatimiento, el Pont\u00edfice dec\u00eda al Cardenal Lambruschini: \u00abNo le encuentro soluci\u00f3n humana a esta situaci\u00f3n\u00bb. Y el Cardenal le respondi\u00f3: \u00abPues busquemos una soluci\u00f3n divina. Defina S. S. el dogma de la Inmaculada Concepci\u00f3n\u00bb.<\/p>\n<p>Para dar este paso, el Pont\u00edfice quiso conocer la opini\u00f3n y parecer de todos los Obispos, pero al mismo tiempo le parec\u00eda imposible reunir un Concilio para la consulta. La Providencia le sali\u00f3 al paso con la soluci\u00f3n. Una soluci\u00f3n sencilla, pero eficaz y definitiva. San Leonardo de Porto Maurizio hab\u00eda escrito una carta al Papa Benedicto XIV, insinu\u00e1ndole que pod\u00eda conocerse la opini\u00f3n del episcopado consult\u00e1ndolo por correspondencia epistolar\u2026 La carta de San Leonardo fue descubierta en las circunstancias en que P\u00edo IX trataba de solucionar el problema que hizo exclamar al Papa: \u00abSolucionado\u00bb. Al poco tiempo conoci\u00f3 el parecer de toda la jerarqu\u00eda. Por cierto que un obispo de Hispanoam\u00e9rica pudo responderle: \u00abLos americanos, con la fe cat\u00f3lica, hemos recibido la creencia en la preservaci\u00f3n de Mar\u00eda\u00bb. Hermosa alabanza a la acci\u00f3n y celo de nuestra Patria.<\/p>\n<p>Y el d\u00eda 8 de diciembre de 1854, rodeado de la solemne corona de 92 Obispos, 54 Arzobispos, 43 Cardenales y de una multitud ingent\u00edsima de pueblo, defin\u00eda como dogma de fe el gran privilegio de la Virgen: \u00abLa doctrina que ense\u00f1a que la bienaventurada Virgen Mar\u00eda fue preservada inmune de toda mancha de pecado original en el primer instante de su Concepci\u00f3n por singular gracia y privilegio de Dios omnipotente, en atenci\u00f3n a los m\u00e9ritos de Jesucristo, Salvador del g\u00e9nero humano, es revelada por Dios, y por lo mismo debe creerse firme y constantemente por todos los fieles\u00bb.<\/p>\n<p>Estas palabras, al parecer tan sencillas y simples, est\u00e1n seleccionadas una a una, y tienen resonancia de siglos. Son eco, autorizado y definitivo, de la voz solista que cantaba el com\u00fan sentir de la Iglesia entre el fragor de las disputas de los te\u00f3logos de la Edad Media.<\/p>\n<p>&nbsp;<\/p>\n<p><a href=\"https:\/\/logronopasion.com\/portal\/wp-content\/uploads\/2019\/12\/Immacolata-concezione-copertina.jpg\"><img loading=\"lazy\" decoding=\"async\" class=\"aligncenter wp-image-6373\" src=\"https:\/\/logronopasion.com\/portal\/wp-content\/uploads\/2019\/12\/Immacolata-concezione-copertina.jpg\" alt=\"\" width=\"700\" height=\"466\" srcset=\"https:\/\/www.logronopasion.com\/portal\/wp-content\/uploads\/2019\/12\/Immacolata-concezione-copertina.jpg 1000w, https:\/\/www.logronopasion.com\/portal\/wp-content\/uploads\/2019\/12\/Immacolata-concezione-copertina-300x200.jpg 300w, https:\/\/www.logronopasion.com\/portal\/wp-content\/uploads\/2019\/12\/Immacolata-concezione-copertina-768x511.jpg 768w, https:\/\/www.logronopasion.com\/portal\/wp-content\/uploads\/2019\/12\/Immacolata-concezione-copertina-675x450.jpg 675w\" sizes=\"auto, (max-width: 700px) 100vw, 700px\" \/><\/a><\/p>\n<p>&nbsp;<\/p>\n<p><strong><span style=\"text-decoration: underline;\">Mar\u00eda, Virgen Sant\u00edsima, Madre Inmaculada desde su Concepci\u00f3n, Madre de Dios hecho hombre y Madre de toda la humanidad.<\/span> <\/strong><\/p>\n<p>A ella dirijamos nuestra mirada en este tiempo de Adviento. A Mar\u00eda, que prepar\u00f3 a conciencia el primer y verdadero adviento. Nadie como Ella supo interpretar los signos de los tiempos, sintiendo que el Se\u00f1or estaba cerca, Ella or\u00f3 como nadie con el Salmo 24: \u201cDesc\u00fabrenos, Se\u00f1or, tus caminos, gu\u00edanos con la verdad de tu doctrina. T\u00fa eres nuestro Dios y salvador y tenemos en ti nuestra esperanza\u201d<\/p>\n<p>Cuando le fue propuesta la maternidad, nada menos que del mism\u00edsimo Hijo de Dios, no quiso decir que no. Su vida fue un \u201cs\u00ed \u201crotundo a los planes de Dios. Ella con su s\u00ed, propici\u00f3 que el Dios lejano se hiciera nuestro, y a partir de la encarnaci\u00f3n de su Hijo, Dios tuviera otro t\u00edtulo que antes no ten\u00eda: \u201cEmmanuel\u201d, el Dios con nosotros, el Salvador, el que puso su tienda entre nosotros. Qui\u00e9n mejor que Ella para abrir y disponer nuestros corazones para que esta Navidad no tenga las caracter\u00edsticas de ser s\u00f3lo una fiesta m\u00e1s, o mejor la fiesta de las fiestas, donde hay de todo, pero donde se siempre sentimos un vac\u00edo, no tanto por las cosas de las que no se pude disponer para la fiesta y el festejo, sino precisamente por no haber dispuesto el coraz\u00f3n, para hacer el Adviento, la llegada, la recepci\u00f3n y la acogida para el reci\u00e9n nacido.<\/p>\n<p>Navidad es o debe ser, un festejo anticipado de la Pascua del Se\u00f1or. Sin su encarnaci\u00f3n, no hubiera sido posible ni la entrega, ni la redenci\u00f3n, ni la cruz; pero tampoco la Resurrecci\u00f3n y la vuelta de los hijos de Dios a la casa, al Reino, a los brazos amorosos del buen Padre Dios.<\/p>\n<p>La Navidad nos hermanar\u00e1 en torno al Divino Ni\u00f1o, nos har\u00e1 compadecernos y enternecernos a la vista de quien se convierte en la presencia m\u00e1s cercana del Dios de los Cielos, y de la tierra. Y Mar\u00eda, su Madre, nuestra Madre es un signo anticipado de Limpieza, de belleza, de santidad, de perfecci\u00f3n, de plenitud, de vida nueva, de victoria pascual. Es un anticipo del ideal humano, del proyecto que Dios hab\u00eda so\u00f1ado para el hombre. Un modelo, por lo tanto, para cada persona humana, para cada creyente, para la Iglesia, para la humanidad. Lo que tanto so\u00f1amos y deseamos es posible, en Mar\u00eda se ha realizado ya.<\/p>\n<p>Mar\u00eda en la alegre aurora, cuando aparecen las primeras luces del d\u00eda, cuando est\u00e1 amaneciendo y admiramos los tonos de color que vencen la oscuridad de la noche y nos alegramos. Mar\u00eda es la luz de la ma\u00f1ana, que adem\u00e1s de ofrecernos claridad y un nuevo d\u00eda, nos llena de alegr\u00eda. As\u00ed es Mar\u00eda, Virgen Inmaculada, suave luz que anuncia victoria sobre el pecado y la muerte, se\u00f1al segura de que se acerca el d\u00eda, buena noticia para todos los hijos de la noche, causa de nuestra nuestro contento. Alegr\u00eda verdadera, porque nos garantiza salvaci\u00f3n y victoria. Despu\u00e9s de tantos fracasos, despu\u00e9s de tantas derrotas, por fin podemos levantar cabeza. El poder de las tinieblas ha sido superado. En la Madre aparece un punto de luz primero, como una flor, pero la luz va creciendo hasta el encanto. Es un regalo, no s\u00f3lo para los ojos, sino para toda el alma.<\/p>\n<blockquote>\n<h5>Virgen Sant\u00edsima, que agradaste al Se\u00f1or y fuiste su Madre; inmaculada en el cuerpo, en el alma, en la fe y en el amor! Por piedad, vuelve benigna los ojos a los fieles que imploran tu poderoso patrocinio.<\/h5>\n<h5>La maligna serpiente, contra quien fue lanzada la primera maldici\u00f3n, sigue combatiendo con furor y tentando a los miserables hijos de Eva.<\/h5>\n<h5>\u00a1Ea, bendita Madre, nuestra Reina y Abogada, que desde el primer instante de tu concepci\u00f3n quebrantaste la cabeza del enemigo!<\/h5>\n<h5>Acoge las s\u00faplicas de los que, unidos a ti en un solo coraz\u00f3n, te pedimos las presentes ante el trono del Alt\u00edsimo para que no caigamos nunca en las emboscadas que se nos preparan; para que todos lleguemos al puerto de salvaci\u00f3n, y, entre tantos peligros, la Iglesia y la sociedad canten de nuevo el himno del rescate, de la victoria y de la paz.<\/h5>\n<h5>Am\u00e9n.<\/h5>\n<\/blockquote>\n<p>&nbsp;<\/p>\n","protected":false},"excerpt":{"rendered":"<p>La concepci\u00f3n es el momento en el cual Dios crea el alma y la infunde en la materia org\u00e1nica procedente de los padres. La concepci\u00f3n es pues, el momento en que comienza la vida humana. Cuando hablamos del dogma de la Inmaculada Concepci\u00f3n no nos referimos a la concepci\u00f3n de Jes\u00fas qui\u00e9n, claro est\u00e1, tambi\u00e9n fue concebido sin pecado. El dogma declara que Mar\u00eda qued\u00f3 preservada de toda carencia de gracia santificante desde que fue concebida en el vientre de su madre Santa Ana. Es decir, Mar\u00eda es la \u201cllena de gracia\u201d desde su concepci\u00f3n. La Enc\u00edclica \u201cFulgens corona\u201d, publicada&hellip; <\/p>\n","protected":false},"author":18,"featured_media":6370,"comment_status":"open","ping_status":"open","sticky":false,"template":"","format":"standard","meta":{"_bbp_topic_count":0,"_bbp_reply_count":0,"_bbp_total_topic_count":0,"_bbp_total_reply_count":0,"_bbp_voice_count":0,"_bbp_anonymous_reply_count":0,"_bbp_topic_count_hidden":0,"_bbp_reply_count_hidden":0,"_bbp_forum_subforum_count":0,"_crdt_document":"","footnotes":""},"categories":[38,3,1],"tags":[],"class_list":["post-6364","post","type-post","status-publish","format-standard","has-post-thumbnail","hentry","category-destacados","category-iglesia","category-noticias"],"yoast_head":"<!-- This site is optimized with the Yoast SEO plugin v27.4 - https:\/\/yoast.com\/product\/yoast-seo-wordpress\/ -->\n<title>Mar\u00eda, la llena de gracia. La Inmaculada Concepci\u00f3n - Logro\u00f1o Pasi\u00f3n<\/title>\n<meta name=\"robots\" content=\"index, follow, max-snippet:-1, max-image-preview:large, max-video-preview:-1\" \/>\n<link rel=\"canonical\" href=\"https:\/\/www.logronopasion.com\/portal\/maria-la-llena-de-gracia-la-inmaculada-concepcion\/\" \/>\n<meta property=\"og:locale\" content=\"es_ES\" \/>\n<meta property=\"og:type\" content=\"article\" \/>\n<meta property=\"og:title\" content=\"Mar\u00eda, la llena de gracia. La Inmaculada Concepci\u00f3n - Logro\u00f1o Pasi\u00f3n\" \/>\n<meta property=\"og:description\" content=\"La concepci\u00f3n es el momento en el cual Dios crea el alma y la infunde en la materia org\u00e1nica procedente de los padres. La concepci\u00f3n es pues, el momento en que comienza la vida humana. Cuando hablamos del dogma de la Inmaculada Concepci\u00f3n no nos referimos a la concepci\u00f3n de Jes\u00fas qui\u00e9n, claro est\u00e1, tambi\u00e9n fue concebido sin pecado. El dogma declara que Mar\u00eda qued\u00f3 preservada de toda carencia de gracia santificante desde que fue concebida en el vientre de su madre Santa Ana. Es decir, Mar\u00eda es la \u201cllena de gracia\u201d desde su concepci\u00f3n. La Enc\u00edclica \u201cFulgens corona\u201d, publicada&hellip;\" \/>\n<meta property=\"og:url\" content=\"https:\/\/www.logronopasion.com\/portal\/maria-la-llena-de-gracia-la-inmaculada-concepcion\/\" \/>\n<meta property=\"og:site_name\" content=\"Logro\u00f1o Pasi\u00f3n\" \/>\n<meta property=\"article:publisher\" content=\"https:\/\/www.facebook.com\/logronopasion\" \/>\n<meta property=\"article:published_time\" content=\"2019-12-07T20:23:51+00:00\" \/>\n<meta property=\"article:modified_time\" content=\"2019-12-07T20:24:58+00:00\" \/>\n<meta property=\"og:image\" content=\"https:\/\/www.logronopasion.com\/portal\/wp-content\/uploads\/2019\/12\/inmaculada-1.jpg\" \/>\n\t<meta property=\"og:image:width\" content=\"275\" \/>\n\t<meta property=\"og:image:height\" content=\"335\" \/>\n\t<meta property=\"og:image:type\" content=\"image\/jpeg\" \/>\n<meta name=\"author\" content=\"Logronopasion.com\" \/>\n<meta name=\"twitter:card\" content=\"summary_large_image\" \/>\n<meta name=\"twitter:creator\" content=\"@LogronoPasion\" \/>\n<meta name=\"twitter:site\" content=\"@LogronoPasion\" \/>\n<meta name=\"twitter:label1\" content=\"Escrito por\" \/>\n\t<meta name=\"twitter:data1\" content=\"Logronopasion.com\" \/>\n\t<meta name=\"twitter:label2\" content=\"Tiempo de lectura\" \/>\n\t<meta name=\"twitter:data2\" content=\"10 minutos\" \/>\n<script type=\"application\/ld+json\" class=\"yoast-schema-graph\">{\"@context\":\"https:\\\/\\\/schema.org\",\"@graph\":[{\"@type\":\"Article\",\"@id\":\"https:\\\/\\\/www.logronopasion.com\\\/portal\\\/maria-la-llena-de-gracia-la-inmaculada-concepcion\\\/#article\",\"isPartOf\":{\"@id\":\"https:\\\/\\\/www.logronopasion.com\\\/portal\\\/maria-la-llena-de-gracia-la-inmaculada-concepcion\\\/\"},\"author\":{\"name\":\"Logronopasion.com\",\"@id\":\"https:\\\/\\\/www.logronopasion.com\\\/portal\\\/#\\\/schema\\\/person\\\/39728c7f1ab39edc31b0bc671a7fcb0b\"},\"headline\":\"Mar\u00eda, la llena de gracia. La Inmaculada Concepci\u00f3n\",\"datePublished\":\"2019-12-07T20:23:51+00:00\",\"dateModified\":\"2019-12-07T20:24:58+00:00\",\"mainEntityOfPage\":{\"@id\":\"https:\\\/\\\/www.logronopasion.com\\\/portal\\\/maria-la-llena-de-gracia-la-inmaculada-concepcion\\\/\"},\"wordCount\":1925,\"commentCount\":0,\"publisher\":{\"@id\":\"https:\\\/\\\/www.logronopasion.com\\\/portal\\\/#organization\"},\"image\":{\"@id\":\"https:\\\/\\\/www.logronopasion.com\\\/portal\\\/maria-la-llena-de-gracia-la-inmaculada-concepcion\\\/#primaryimage\"},\"thumbnailUrl\":\"https:\\\/\\\/www.logronopasion.com\\\/portal\\\/wp-content\\\/uploads\\\/2019\\\/12\\\/inmaculada-1.jpg\",\"articleSection\":[\"Destacados\",\"Iglesia - estado, sociedad y religi\u00f3n\",\"Noticias \\\/ Actualidad\"],\"inLanguage\":\"es\",\"potentialAction\":[{\"@type\":\"CommentAction\",\"name\":\"Comment\",\"target\":[\"https:\\\/\\\/www.logronopasion.com\\\/portal\\\/maria-la-llena-de-gracia-la-inmaculada-concepcion\\\/#respond\"]}]},{\"@type\":\"WebPage\",\"@id\":\"https:\\\/\\\/www.logronopasion.com\\\/portal\\\/maria-la-llena-de-gracia-la-inmaculada-concepcion\\\/\",\"url\":\"https:\\\/\\\/www.logronopasion.com\\\/portal\\\/maria-la-llena-de-gracia-la-inmaculada-concepcion\\\/\",\"name\":\"Mar\u00eda, la llena de gracia. La Inmaculada Concepci\u00f3n - Logro\u00f1o Pasi\u00f3n\",\"isPartOf\":{\"@id\":\"https:\\\/\\\/www.logronopasion.com\\\/portal\\\/#website\"},\"primaryImageOfPage\":{\"@id\":\"https:\\\/\\\/www.logronopasion.com\\\/portal\\\/maria-la-llena-de-gracia-la-inmaculada-concepcion\\\/#primaryimage\"},\"image\":{\"@id\":\"https:\\\/\\\/www.logronopasion.com\\\/portal\\\/maria-la-llena-de-gracia-la-inmaculada-concepcion\\\/#primaryimage\"},\"thumbnailUrl\":\"https:\\\/\\\/www.logronopasion.com\\\/portal\\\/wp-content\\\/uploads\\\/2019\\\/12\\\/inmaculada-1.jpg\",\"datePublished\":\"2019-12-07T20:23:51+00:00\",\"dateModified\":\"2019-12-07T20:24:58+00:00\",\"inLanguage\":\"es\",\"potentialAction\":[{\"@type\":\"ReadAction\",\"target\":[\"https:\\\/\\\/www.logronopasion.com\\\/portal\\\/maria-la-llena-de-gracia-la-inmaculada-concepcion\\\/\"]}]},{\"@type\":\"ImageObject\",\"inLanguage\":\"es\",\"@id\":\"https:\\\/\\\/www.logronopasion.com\\\/portal\\\/maria-la-llena-de-gracia-la-inmaculada-concepcion\\\/#primaryimage\",\"url\":\"https:\\\/\\\/www.logronopasion.com\\\/portal\\\/wp-content\\\/uploads\\\/2019\\\/12\\\/inmaculada-1.jpg\",\"contentUrl\":\"https:\\\/\\\/www.logronopasion.com\\\/portal\\\/wp-content\\\/uploads\\\/2019\\\/12\\\/inmaculada-1.jpg\",\"width\":275,\"height\":335},{\"@type\":\"WebSite\",\"@id\":\"https:\\\/\\\/www.logronopasion.com\\\/portal\\\/#website\",\"url\":\"https:\\\/\\\/www.logronopasion.com\\\/portal\\\/\",\"name\":\"Logro\u00f1o Pasi\u00f3n\",\"description\":\"Portal sobre la Semana Santa de Logro\u00f1o\",\"publisher\":{\"@id\":\"https:\\\/\\\/www.logronopasion.com\\\/portal\\\/#organization\"},\"potentialAction\":[{\"@type\":\"SearchAction\",\"target\":{\"@type\":\"EntryPoint\",\"urlTemplate\":\"https:\\\/\\\/www.logronopasion.com\\\/portal\\\/?s={search_term_string}\"},\"query-input\":{\"@type\":\"PropertyValueSpecification\",\"valueRequired\":true,\"valueName\":\"search_term_string\"}}],\"inLanguage\":\"es\"},{\"@type\":\"Organization\",\"@id\":\"https:\\\/\\\/www.logronopasion.com\\\/portal\\\/#organization\",\"name\":\"Logro\u00f1o Pasi\u00f3n\",\"url\":\"https:\\\/\\\/www.logronopasion.com\\\/portal\\\/\",\"logo\":{\"@type\":\"ImageObject\",\"inLanguage\":\"es\",\"@id\":\"https:\\\/\\\/www.logronopasion.com\\\/portal\\\/#\\\/schema\\\/logo\\\/image\\\/\",\"url\":\"https:\\\/\\\/i2.wp.com\\\/logronopasion.com\\\/portal\\\/wp-content\\\/uploads\\\/2019\\\/04\\\/cropped-Header-1.jpg?fit=312%2C212&ssl=1\",\"contentUrl\":\"https:\\\/\\\/i2.wp.com\\\/logronopasion.com\\\/portal\\\/wp-content\\\/uploads\\\/2019\\\/04\\\/cropped-Header-1.jpg?fit=312%2C212&ssl=1\",\"width\":312,\"height\":212,\"caption\":\"Logro\u00f1o Pasi\u00f3n\"},\"image\":{\"@id\":\"https:\\\/\\\/www.logronopasion.com\\\/portal\\\/#\\\/schema\\\/logo\\\/image\\\/\"},\"sameAs\":[\"https:\\\/\\\/www.facebook.com\\\/logronopasion\",\"https:\\\/\\\/x.com\\\/LogronoPasion\"]},{\"@type\":\"Person\",\"@id\":\"https:\\\/\\\/www.logronopasion.com\\\/portal\\\/#\\\/schema\\\/person\\\/39728c7f1ab39edc31b0bc671a7fcb0b\",\"name\":\"Logronopasion.com\",\"image\":{\"@type\":\"ImageObject\",\"inLanguage\":\"es\",\"@id\":\"https:\\\/\\\/secure.gravatar.com\\\/avatar\\\/c6b3e81c20ae7dec59cda0fd11915cb052ff1705cd134db04112b35441792010?s=96&d=mm&r=g\",\"url\":\"https:\\\/\\\/secure.gravatar.com\\\/avatar\\\/c6b3e81c20ae7dec59cda0fd11915cb052ff1705cd134db04112b35441792010?s=96&d=mm&r=g\",\"contentUrl\":\"https:\\\/\\\/secure.gravatar.com\\\/avatar\\\/c6b3e81c20ae7dec59cda0fd11915cb052ff1705cd134db04112b35441792010?s=96&d=mm&r=g\",\"caption\":\"Logronopasion.com\"},\"url\":\"https:\\\/\\\/www.logronopasion.com\\\/portal\\\/author\\\/logronopasion-com\\\/\"}]}<\/script>\n<!-- \/ Yoast SEO plugin. -->","yoast_head_json":{"title":"Mar\u00eda, la llena de gracia. La Inmaculada Concepci\u00f3n - Logro\u00f1o Pasi\u00f3n","robots":{"index":"index","follow":"follow","max-snippet":"max-snippet:-1","max-image-preview":"max-image-preview:large","max-video-preview":"max-video-preview:-1"},"canonical":"https:\/\/www.logronopasion.com\/portal\/maria-la-llena-de-gracia-la-inmaculada-concepcion\/","og_locale":"es_ES","og_type":"article","og_title":"Mar\u00eda, la llena de gracia. La Inmaculada Concepci\u00f3n - Logro\u00f1o Pasi\u00f3n","og_description":"La concepci\u00f3n es el momento en el cual Dios crea el alma y la infunde en la materia org\u00e1nica procedente de los padres. La concepci\u00f3n es pues, el momento en que comienza la vida humana. Cuando hablamos del dogma de la Inmaculada Concepci\u00f3n no nos referimos a la concepci\u00f3n de Jes\u00fas qui\u00e9n, claro est\u00e1, tambi\u00e9n fue concebido sin pecado. El dogma declara que Mar\u00eda qued\u00f3 preservada de toda carencia de gracia santificante desde que fue concebida en el vientre de su madre Santa Ana. Es decir, Mar\u00eda es la \u201cllena de gracia\u201d desde su concepci\u00f3n. La Enc\u00edclica \u201cFulgens corona\u201d, publicada&hellip;","og_url":"https:\/\/www.logronopasion.com\/portal\/maria-la-llena-de-gracia-la-inmaculada-concepcion\/","og_site_name":"Logro\u00f1o Pasi\u00f3n","article_publisher":"https:\/\/www.facebook.com\/logronopasion","article_published_time":"2019-12-07T20:23:51+00:00","article_modified_time":"2019-12-07T20:24:58+00:00","og_image":[{"width":275,"height":335,"url":"https:\/\/www.logronopasion.com\/portal\/wp-content\/uploads\/2019\/12\/inmaculada-1.jpg","type":"image\/jpeg"}],"author":"Logronopasion.com","twitter_card":"summary_large_image","twitter_creator":"@LogronoPasion","twitter_site":"@LogronoPasion","twitter_misc":{"Escrito por":"Logronopasion.com","Tiempo de lectura":"10 minutos"},"schema":{"@context":"https:\/\/schema.org","@graph":[{"@type":"Article","@id":"https:\/\/www.logronopasion.com\/portal\/maria-la-llena-de-gracia-la-inmaculada-concepcion\/#article","isPartOf":{"@id":"https:\/\/www.logronopasion.com\/portal\/maria-la-llena-de-gracia-la-inmaculada-concepcion\/"},"author":{"name":"Logronopasion.com","@id":"https:\/\/www.logronopasion.com\/portal\/#\/schema\/person\/39728c7f1ab39edc31b0bc671a7fcb0b"},"headline":"Mar\u00eda, la llena de gracia. La Inmaculada Concepci\u00f3n","datePublished":"2019-12-07T20:23:51+00:00","dateModified":"2019-12-07T20:24:58+00:00","mainEntityOfPage":{"@id":"https:\/\/www.logronopasion.com\/portal\/maria-la-llena-de-gracia-la-inmaculada-concepcion\/"},"wordCount":1925,"commentCount":0,"publisher":{"@id":"https:\/\/www.logronopasion.com\/portal\/#organization"},"image":{"@id":"https:\/\/www.logronopasion.com\/portal\/maria-la-llena-de-gracia-la-inmaculada-concepcion\/#primaryimage"},"thumbnailUrl":"https:\/\/www.logronopasion.com\/portal\/wp-content\/uploads\/2019\/12\/inmaculada-1.jpg","articleSection":["Destacados","Iglesia - estado, sociedad y religi\u00f3n","Noticias \/ Actualidad"],"inLanguage":"es","potentialAction":[{"@type":"CommentAction","name":"Comment","target":["https:\/\/www.logronopasion.com\/portal\/maria-la-llena-de-gracia-la-inmaculada-concepcion\/#respond"]}]},{"@type":"WebPage","@id":"https:\/\/www.logronopasion.com\/portal\/maria-la-llena-de-gracia-la-inmaculada-concepcion\/","url":"https:\/\/www.logronopasion.com\/portal\/maria-la-llena-de-gracia-la-inmaculada-concepcion\/","name":"Mar\u00eda, la llena de gracia. La Inmaculada Concepci\u00f3n - Logro\u00f1o Pasi\u00f3n","isPartOf":{"@id":"https:\/\/www.logronopasion.com\/portal\/#website"},"primaryImageOfPage":{"@id":"https:\/\/www.logronopasion.com\/portal\/maria-la-llena-de-gracia-la-inmaculada-concepcion\/#primaryimage"},"image":{"@id":"https:\/\/www.logronopasion.com\/portal\/maria-la-llena-de-gracia-la-inmaculada-concepcion\/#primaryimage"},"thumbnailUrl":"https:\/\/www.logronopasion.com\/portal\/wp-content\/uploads\/2019\/12\/inmaculada-1.jpg","datePublished":"2019-12-07T20:23:51+00:00","dateModified":"2019-12-07T20:24:58+00:00","inLanguage":"es","potentialAction":[{"@type":"ReadAction","target":["https:\/\/www.logronopasion.com\/portal\/maria-la-llena-de-gracia-la-inmaculada-concepcion\/"]}]},{"@type":"ImageObject","inLanguage":"es","@id":"https:\/\/www.logronopasion.com\/portal\/maria-la-llena-de-gracia-la-inmaculada-concepcion\/#primaryimage","url":"https:\/\/www.logronopasion.com\/portal\/wp-content\/uploads\/2019\/12\/inmaculada-1.jpg","contentUrl":"https:\/\/www.logronopasion.com\/portal\/wp-content\/uploads\/2019\/12\/inmaculada-1.jpg","width":275,"height":335},{"@type":"WebSite","@id":"https:\/\/www.logronopasion.com\/portal\/#website","url":"https:\/\/www.logronopasion.com\/portal\/","name":"Logro\u00f1o Pasi\u00f3n","description":"Portal sobre la Semana Santa de Logro\u00f1o","publisher":{"@id":"https:\/\/www.logronopasion.com\/portal\/#organization"},"potentialAction":[{"@type":"SearchAction","target":{"@type":"EntryPoint","urlTemplate":"https:\/\/www.logronopasion.com\/portal\/?s={search_term_string}"},"query-input":{"@type":"PropertyValueSpecification","valueRequired":true,"valueName":"search_term_string"}}],"inLanguage":"es"},{"@type":"Organization","@id":"https:\/\/www.logronopasion.com\/portal\/#organization","name":"Logro\u00f1o Pasi\u00f3n","url":"https:\/\/www.logronopasion.com\/portal\/","logo":{"@type":"ImageObject","inLanguage":"es","@id":"https:\/\/www.logronopasion.com\/portal\/#\/schema\/logo\/image\/","url":"https:\/\/i2.wp.com\/logronopasion.com\/portal\/wp-content\/uploads\/2019\/04\/cropped-Header-1.jpg?fit=312%2C212&ssl=1","contentUrl":"https:\/\/i2.wp.com\/logronopasion.com\/portal\/wp-content\/uploads\/2019\/04\/cropped-Header-1.jpg?fit=312%2C212&ssl=1","width":312,"height":212,"caption":"Logro\u00f1o Pasi\u00f3n"},"image":{"@id":"https:\/\/www.logronopasion.com\/portal\/#\/schema\/logo\/image\/"},"sameAs":["https:\/\/www.facebook.com\/logronopasion","https:\/\/x.com\/LogronoPasion"]},{"@type":"Person","@id":"https:\/\/www.logronopasion.com\/portal\/#\/schema\/person\/39728c7f1ab39edc31b0bc671a7fcb0b","name":"Logronopasion.com","image":{"@type":"ImageObject","inLanguage":"es","@id":"https:\/\/secure.gravatar.com\/avatar\/c6b3e81c20ae7dec59cda0fd11915cb052ff1705cd134db04112b35441792010?s=96&d=mm&r=g","url":"https:\/\/secure.gravatar.com\/avatar\/c6b3e81c20ae7dec59cda0fd11915cb052ff1705cd134db04112b35441792010?s=96&d=mm&r=g","contentUrl":"https:\/\/secure.gravatar.com\/avatar\/c6b3e81c20ae7dec59cda0fd11915cb052ff1705cd134db04112b35441792010?s=96&d=mm&r=g","caption":"Logronopasion.com"},"url":"https:\/\/www.logronopasion.com\/portal\/author\/logronopasion-com\/"}]}},"_links":{"self":[{"href":"https:\/\/www.logronopasion.com\/portal\/wp-json\/wp\/v2\/posts\/6364","targetHints":{"allow":["GET"]}}],"collection":[{"href":"https:\/\/www.logronopasion.com\/portal\/wp-json\/wp\/v2\/posts"}],"about":[{"href":"https:\/\/www.logronopasion.com\/portal\/wp-json\/wp\/v2\/types\/post"}],"author":[{"embeddable":true,"href":"https:\/\/www.logronopasion.com\/portal\/wp-json\/wp\/v2\/users\/18"}],"replies":[{"embeddable":true,"href":"https:\/\/www.logronopasion.com\/portal\/wp-json\/wp\/v2\/comments?post=6364"}],"version-history":[{"count":8,"href":"https:\/\/www.logronopasion.com\/portal\/wp-json\/wp\/v2\/posts\/6364\/revisions"}],"predecessor-version":[{"id":6375,"href":"https:\/\/www.logronopasion.com\/portal\/wp-json\/wp\/v2\/posts\/6364\/revisions\/6375"}],"wp:featuredmedia":[{"embeddable":true,"href":"https:\/\/www.logronopasion.com\/portal\/wp-json\/wp\/v2\/media\/6370"}],"wp:attachment":[{"href":"https:\/\/www.logronopasion.com\/portal\/wp-json\/wp\/v2\/media?parent=6364"}],"wp:term":[{"taxonomy":"category","embeddable":true,"href":"https:\/\/www.logronopasion.com\/portal\/wp-json\/wp\/v2\/categories?post=6364"},{"taxonomy":"post_tag","embeddable":true,"href":"https:\/\/www.logronopasion.com\/portal\/wp-json\/wp\/v2\/tags?post=6364"}],"curies":[{"name":"wp","href":"https:\/\/api.w.org\/{rel}","templated":true}]}}