{"id":6376,"date":"2019-12-06T18:53:29","date_gmt":"2019-12-06T18:53:29","guid":{"rendered":"https:\/\/logronopasion.com\/portal\/?p=6376"},"modified":"2019-12-06T19:01:28","modified_gmt":"2019-12-06T19:01:28","slug":"segundo-domingo-de-adviento-inmaculada-concepcion","status":"publish","type":"post","link":"https:\/\/www.logronopasion.com\/portal\/segundo-domingo-de-adviento-inmaculada-concepcion\/","title":{"rendered":"2\u00ba domingo de Adviento &#8211; Inmaculada Concepci\u00f3n"},"content":{"rendered":"<p><strong class=\"text-strong\">A\u00f1o 2019 Celebraci\u00f3n de la Inmaculada Concepci\u00f3n 2\u00ba domingo de Adviento<\/strong><\/p>\n<p>Al coincidir algunos a\u00f1os el 2\u00ba Domingo de Adviento con la Festividad Solemne de la Inmaculada Concepci\u00f3n de Mar\u00eda y dada la tradici\u00f3n y sentimiento tan grande Mariana en Espa\u00f1a, la Conferencia Episcopal Espa\u00f1ola solicita a la Congregaci\u00f3n para el Culto Divino y la Disciplina de los Sacramentos, la correspondiente dispensa.<\/p>\n<p>&nbsp;<\/p>\n<p><a href=\"https:\/\/logronopasion.com\/portal\/wp-content\/uploads\/2019\/12\/2019_adviento_virgen.jpg\"><img loading=\"lazy\" decoding=\"async\" class=\"aligncenter wp-image-6383 size-full\" src=\"https:\/\/logronopasion.com\/portal\/wp-content\/uploads\/2019\/12\/2019_adviento_virgen.jpg\" alt=\"\" width=\"678\" height=\"381\" srcset=\"https:\/\/www.logronopasion.com\/portal\/wp-content\/uploads\/2019\/12\/2019_adviento_virgen.jpg 678w, https:\/\/www.logronopasion.com\/portal\/wp-content\/uploads\/2019\/12\/2019_adviento_virgen-300x169.jpg 300w\" sizes=\"auto, (max-width: 678px) 100vw, 678px\" \/><\/a><\/p>\n<div class=\"content\">\n<blockquote class=\"uncited\">\n<div>\n<p><strong>CONCESI\u00d3N DE DISPENSA PARA QUE LA SOLEMNIDAD DE LA INMACULADA CONCEPCI\u00d3N PUEDA CELEBRARSE EN ESTE A\u00d1O 2019, A PESAR DE COINCIDIR CON EL SEGUNDO DOMINGO DE ADVIENTO<\/strong><\/p>\n<p><strong>Eminencia Reverend\u00edsima:<\/strong><\/p>\n<p><strong>Esta Congregaci\u00f3n para el Culto Divino y la Disciplina de los Sacramentos ha recibido su carta, en la que solicita que en Espa\u00f1a se pueda celebrar la solemnidad de la Inmaculada Concepci\u00f3n el d\u00eda 8 de diciembre de este a\u00f1o 2019, pese a ser Domingo Segundo de Adviento, el cual deber\u00eda prevalecer a tenor de las Normas Universales sobre el A\u00f1o Lit\u00fargico y sobre el calendario.<\/strong><\/p>\n<p><strong>Este Dicasterio, teniendo en cuenta que la solemnidad de la Inmaculada Concepci\u00f3n es de precepto y en atenci\u00f3n a la tradici\u00f3n de esta fiesta en Espa\u00f1a, considera oportuno acceder a la solicitud presentada, dispensando para el a\u00f1o 2019 de la observancia de las normas lit\u00fargicas que imponen su traslado al lunes siguiente, d\u00eda 9 de diciembre.<\/strong><\/p>\n<p><strong>Sin embargo, rogamos encarecidamente, para no perder el sentido del domingo segundo de Adviento, que se observe lo siguiente:<\/strong><\/p>\n<p><strong>a) La segunda lectura de la Misa sea del segundo domingo de Adviento.<\/strong><\/p>\n<p><strong>b) En la homil\u00eda se haga menci\u00f3n al Adviento.<\/strong><\/p>\n<p><strong>c) En la Oraci\u00f3n de los Fieles se haga al menos una petici\u00f3n con el sentido del Adviento y se concluya con la Oraci\u00f3n Colecta del segundo domingo de Adviento.<\/strong><\/p>\n<p><strong>Aprovecho la ocasi\u00f3n para manifestar a Vuestra Eminencia mi mayor consideraci\u00f3n y aprecio en el Se\u00f1or.<\/strong><\/p>\n<p><strong>Afect\u00edsimo en Cristo<\/strong><\/p>\n<p><strong>(J. A. Di N., Arzobispo Secretario)<\/strong><\/p>\n<\/div>\n<div><\/div>\n<\/blockquote>\n<div style=\"text-align: center;\"><a href=\"https:\/\/logronopasion.com\/portal\/wp-content\/uploads\/2019\/12\/Adviento-Iglesia-catolica-Tiempo-liturgico.jpg\"><img loading=\"lazy\" decoding=\"async\" class=\"aligncenter size-full wp-image-6379\" src=\"https:\/\/logronopasion.com\/portal\/wp-content\/uploads\/2019\/12\/Adviento-Iglesia-catolica-Tiempo-liturgico.jpg\" alt=\"\" width=\"600\" height=\"370\" srcset=\"https:\/\/www.logronopasion.com\/portal\/wp-content\/uploads\/2019\/12\/Adviento-Iglesia-catolica-Tiempo-liturgico.jpg 600w, https:\/\/www.logronopasion.com\/portal\/wp-content\/uploads\/2019\/12\/Adviento-Iglesia-catolica-Tiempo-liturgico-300x185.jpg 300w\" sizes=\"auto, (max-width: 600px) 100vw, 600px\" \/><\/a><\/div>\n<div>Mar\u00eda, prepar\u00f3 a conciencia el primer y verdadero adviento. Nadie como Ella supo interpretar los signos de los tiempos, sintiendo que el Se\u00f1or estaba cerca, Ella or\u00f3 como nadie con el Salmo 24: <strong>\u201cDesc\u00fabrenos, Se\u00f1or, tus caminos, gu\u00edanos con la verdad de tu doctrina. T\u00fa eres nuestro Dios y salvador y tenemos en ti nuestra esperanza\u201d<\/strong><\/div>\n<\/div>\n<div>\n<p>Qui\u00e9n mejor que Ella para abrir y disponer nuestros corazones para que esta Navidad no tenga las caracter\u00edsticas de ser s\u00f3lo una fiesta m\u00e1s, o mejor la fiesta de las fiestas, donde hay de todo, pero donde se siempre sentimos un vac\u00edo, no tanto por las cosas de las que no se pude disponer para la fiesta y el festejo, sino precisamente por no haber dispuesto el coraz\u00f3n, para hacer el Adviento, la llegada, la recepci\u00f3n y la acogida para el reci\u00e9n nacido.<\/p>\n<p>Navidad es o debe ser, un festejo anticipado de la Pascua del Se\u00f1or. Nos hermanar\u00e1 en torno al Divino Ni\u00f1o, nos har\u00e1 compadecernos y enternecernos a la vista de quien se convierte en la presencia m\u00e1s cercana del Dios de los Cielos, y de la tierra. Y Mar\u00eda, su Madre, nuestra Madre es un signo anticipado de Limpieza, de belleza, de santidad, de perfecci\u00f3n, de plenitud, de vida nueva, de victoria pascual. Es un anticipo del ideal humano, del proyecto que Dios hab\u00eda so\u00f1ado para el hombre. Un modelo, por lo tanto, para cada persona humana, para cada creyente, para la Iglesia, para la humanidad. Lo que tanto so\u00f1amos y deseamos es posible, en Mar\u00eda se ha realizado ya.<\/p>\n<p><span style=\"text-decoration: underline;\"><strong>La contribuci\u00f3n de Espa\u00f1a al triunfo del Dogma de la Inmaculada Concepci\u00f3n.<\/strong><\/span><\/p>\n<p>Merecer\u00eda cap\u00edtulo aparte, bien nutrido y glorioso, y habr\u00eda que recordar como significativas, las legaciones que reyes espa\u00f1oles hacen a los Sumos Pont\u00edfices pidiendo la definici\u00f3n del dogma. Por eso P\u00edo IX quiso que el monumento a la Inmaculada, despu\u00e9s de su definitivo or\u00e1culo, se levantara en la romana Plaza de Espa\u00f1a.<\/p>\n<p>El Papa P\u00edo IX, es quien decidi\u00f3 dar el \u00faltimo paso para la suprema exaltaci\u00f3n de la Virgen, definiendo el dogma de su Concepci\u00f3n Inmaculada. D\u00edcese que en las trist\u00edsimas circunstancias por las que atravesaba la Iglesia, en un d\u00eda de gran abatimiento, el Pont\u00edfice dec\u00eda al Cardenal Lambruschini: \u00abNo le encuentro soluci\u00f3n humana a esta situaci\u00f3n\u00bb. Y el Cardenal le respondi\u00f3: \u00abPues busquemos una soluci\u00f3n divina. Defina S. S. el dogma de la Inmaculada Concepci\u00f3n\u00bb.<\/p>\n<p>Para dar este paso, el Pont\u00edfice quiso conocer la opini\u00f3n y parecer de todos los Obispos, pero al mismo tiempo le parec\u00eda imposible reunir un Concilio para la consulta. La Providencia le sali\u00f3 al paso con la soluci\u00f3n. Una soluci\u00f3n sencilla, pero eficaz y definitiva. San Leonardo de Porto Maurizio hab\u00eda escrito una carta al Papa Benedicto XIV, insinu\u00e1ndole que pod\u00eda conocerse la opini\u00f3n del episcopado consult\u00e1ndolo por correspondencia epistolar\u2026 La carta de San Leonardo fue descubierta en las circunstancias en que P\u00edo IX trataba de solucionar el problema que hizo exclamar al Papa: \u00abSolucionado\u00bb. Al poco tiempo conoci\u00f3 el parecer de toda la jerarqu\u00eda. Por cierto que un obispo de Hispanoam\u00e9rica pudo responderle: \u00abLos americanos, con la fe cat\u00f3lica, hemos recibido la creencia en la preservaci\u00f3n de Mar\u00eda\u00bb. Hermosa alabanza a la acci\u00f3n y celo de nuestra Patria.<\/p>\n<p>Y el d\u00eda 8 de diciembre de 1854, rodeado de la solemne corona de 92 Obispos, 54 Arzobispos, 43 Cardenales y de una multitud ingent\u00edsima de pueblo, defin\u00eda como dogma de fe el gran privilegio de la Virgen: \u00abLa doctrina que ense\u00f1a que la bienaventurada Virgen Mar\u00eda fue preservada inmune de toda mancha de pecado original en el primer instante de su Concepci\u00f3n por singular gracia y privilegio de Dios omnipotente, en atenci\u00f3n a los m\u00e9ritos de Jesucristo, Salvador del g\u00e9nero humano, es revelada por Dios, y por lo mismo debe creerse firme y constantemente por todos los fieles\u00bb.<\/p>\n<p>Estas palabras, al parecer tan sencillas y simples, est\u00e1n seleccionadas una a una, y tienen resonancia de siglos. Son eco, autorizado y definitivo, de la voz solista que cantaba el com\u00fan sentir de la Iglesia entre el fragor de las disputas de los te\u00f3logos de la Edad Media.<\/p>\n<p><a href=\"https:\/\/logronopasion.com\/portal\/wp-content\/uploads\/2019\/12\/adviento-dos.jpg\"><img loading=\"lazy\" decoding=\"async\" class=\"aligncenter wp-image-6384\" src=\"https:\/\/logronopasion.com\/portal\/wp-content\/uploads\/2019\/12\/adviento-dos.jpg\" alt=\"\" width=\"545\" height=\"409\" \/><\/a><\/p>\n<p>&nbsp;<\/p>\n<blockquote>\n<p style=\"text-align: center;\"><strong>Preparemos los caminos,<\/strong><br \/>\n<strong>ya se acerca el Salvador<\/strong><br \/>\n<strong>y salgamos, peregrinos,<\/strong><br \/>\n<strong>al encuentro del Se\u00f1or.<\/strong><\/p>\n<p style=\"text-align: center;\"><strong>Ven, Se\u00f1or, a liberarnos,<\/strong><br \/>\n<strong>ven, tu pueblo a redimir;<\/strong><br \/>\n<strong>purifica nuestras vidas<\/strong><br \/>\n<strong>y no tardes en venir.<\/strong><\/p>\n<p style=\"text-align: center;\"><strong>El roc\u00edo de los cielos<\/strong><br \/>\n<strong>sobre el mundo va a caer,<\/strong><br \/>\n<strong>el Mes\u00edas prometido,<\/strong><br \/>\n<strong>hecho ni\u00f1o va a nacer.<\/strong><\/p>\n<p style=\"text-align: center;\"><strong>De los montes la dulzura,<\/strong><br \/>\n<strong>de los r\u00edos leche y miel,<\/strong><br \/>\n<strong>de la noche ser\u00e1 aurora<\/strong><br \/>\n<strong>la venida de Emmanuel.<\/strong><\/p>\n<p style=\"text-align: center;\"><strong>Te esperamos anhelantes<\/strong><br \/>\n<strong>y sabemos que vendr\u00e1s;<\/strong><br \/>\n<strong>deseamos ver tu rostro<\/strong><br \/>\n<strong>y que vengas a reinar.<\/strong><\/p>\n<p style=\"text-align: center;\"><strong>Consolaos y alegraos,<\/strong><br \/>\n<strong>desterrados de Si\u00f3n,<\/strong><br \/>\n<strong>que ya viene, ya est\u00e1 cerca,<\/strong><br \/>\n<strong>\u00e9l es nuestra salvaci\u00f3n.<\/strong><\/p>\n<\/blockquote>\n<\/div>\n","protected":false},"excerpt":{"rendered":"<p>A\u00f1o 2019 Celebraci\u00f3n de la Inmaculada Concepci\u00f3n 2\u00ba domingo de Adviento Al coincidir algunos a\u00f1os el 2\u00ba Domingo de Adviento con la Festividad Solemne de la Inmaculada Concepci\u00f3n de Mar\u00eda y dada la tradici\u00f3n y sentimiento tan grande Mariana en Espa\u00f1a, la Conferencia Episcopal Espa\u00f1ola solicita a la Congregaci\u00f3n para el Culto Divino y la Disciplina de los Sacramentos, la correspondiente dispensa. &nbsp; CONCESI\u00d3N DE DISPENSA PARA QUE LA SOLEMNIDAD DE LA INMACULADA CONCEPCI\u00d3N PUEDA CELEBRARSE EN ESTE A\u00d1O 2019, A PESAR DE COINCIDIR CON EL SEGUNDO DOMINGO DE ADVIENTO Eminencia Reverend\u00edsima: Esta Congregaci\u00f3n para el Culto Divino y la&hellip; <\/p>\n","protected":false},"author":18,"featured_media":6377,"comment_status":"open","ping_status":"open","sticky":false,"template":"","format":"standard","meta":{"_bbp_topic_count":0,"_bbp_reply_count":0,"_bbp_total_topic_count":0,"_bbp_total_reply_count":0,"_bbp_voice_count":0,"_bbp_anonymous_reply_count":0,"_bbp_topic_count_hidden":0,"_bbp_reply_count_hidden":0,"_bbp_forum_subforum_count":0,"_crdt_document":"","footnotes":""},"categories":[38,3,1],"tags":[],"class_list":["post-6376","post","type-post","status-publish","format-standard","has-post-thumbnail","hentry","category-destacados","category-iglesia","category-noticias"],"yoast_head":"<!-- This site is optimized with the Yoast SEO plugin v27.4 - https:\/\/yoast.com\/product\/yoast-seo-wordpress\/ -->\n<title>2\u00ba domingo de Adviento - Inmaculada Concepci\u00f3n - Logro\u00f1o Pasi\u00f3n<\/title>\n<meta name=\"robots\" content=\"index, follow, max-snippet:-1, max-image-preview:large, max-video-preview:-1\" \/>\n<link rel=\"canonical\" href=\"https:\/\/www.logronopasion.com\/portal\/segundo-domingo-de-adviento-inmaculada-concepcion\/\" \/>\n<meta property=\"og:locale\" content=\"es_ES\" \/>\n<meta property=\"og:type\" content=\"article\" \/>\n<meta property=\"og:title\" content=\"2\u00ba domingo de Adviento - Inmaculada Concepci\u00f3n - Logro\u00f1o Pasi\u00f3n\" \/>\n<meta property=\"og:description\" content=\"A\u00f1o 2019 Celebraci\u00f3n de la Inmaculada Concepci\u00f3n 2\u00ba domingo de Adviento Al coincidir algunos a\u00f1os el 2\u00ba Domingo de Adviento con la Festividad Solemne de la Inmaculada Concepci\u00f3n de Mar\u00eda y dada la tradici\u00f3n y sentimiento tan grande Mariana en Espa\u00f1a, la Conferencia Episcopal Espa\u00f1ola solicita a la Congregaci\u00f3n para el Culto Divino y la Disciplina de los Sacramentos, la correspondiente dispensa. &nbsp; CONCESI\u00d3N DE DISPENSA PARA QUE LA SOLEMNIDAD DE LA INMACULADA CONCEPCI\u00d3N PUEDA CELEBRARSE EN ESTE A\u00d1O 2019, A PESAR DE COINCIDIR CON EL SEGUNDO DOMINGO DE ADVIENTO Eminencia Reverend\u00edsima: Esta Congregaci\u00f3n para el Culto Divino y la&hellip;\" \/>\n<meta property=\"og:url\" content=\"https:\/\/www.logronopasion.com\/portal\/segundo-domingo-de-adviento-inmaculada-concepcion\/\" \/>\n<meta property=\"og:site_name\" content=\"Logro\u00f1o Pasi\u00f3n\" \/>\n<meta property=\"article:publisher\" content=\"https:\/\/www.facebook.com\/logronopasion\" \/>\n<meta property=\"article:published_time\" content=\"2019-12-06T18:53:29+00:00\" \/>\n<meta property=\"article:modified_time\" content=\"2019-12-06T19:01:28+00:00\" \/>\n<meta property=\"og:image\" content=\"https:\/\/www.logronopasion.com\/portal\/wp-content\/uploads\/2019\/12\/2\u00ba-domingo-de-adviento.jpg\" \/>\n\t<meta property=\"og:image:width\" content=\"720\" \/>\n\t<meta property=\"og:image:height\" content=\"266\" \/>\n\t<meta property=\"og:image:type\" content=\"image\/jpeg\" \/>\n<meta name=\"author\" content=\"Logronopasion.com\" \/>\n<meta name=\"twitter:card\" content=\"summary_large_image\" \/>\n<meta name=\"twitter:creator\" content=\"@LogronoPasion\" \/>\n<meta name=\"twitter:site\" content=\"@LogronoPasion\" \/>\n<meta name=\"twitter:label1\" content=\"Escrito por\" \/>\n\t<meta name=\"twitter:data1\" content=\"Logronopasion.com\" \/>\n\t<meta name=\"twitter:label2\" content=\"Tiempo de lectura\" \/>\n\t<meta name=\"twitter:data2\" content=\"6 minutos\" \/>\n<script type=\"application\/ld+json\" class=\"yoast-schema-graph\">{\"@context\":\"https:\\\/\\\/schema.org\",\"@graph\":[{\"@type\":\"Article\",\"@id\":\"https:\\\/\\\/www.logronopasion.com\\\/portal\\\/segundo-domingo-de-adviento-inmaculada-concepcion\\\/#article\",\"isPartOf\":{\"@id\":\"https:\\\/\\\/www.logronopasion.com\\\/portal\\\/segundo-domingo-de-adviento-inmaculada-concepcion\\\/\"},\"author\":{\"name\":\"Logronopasion.com\",\"@id\":\"https:\\\/\\\/www.logronopasion.com\\\/portal\\\/#\\\/schema\\\/person\\\/39728c7f1ab39edc31b0bc671a7fcb0b\"},\"headline\":\"2\u00ba domingo de Adviento &#8211; Inmaculada Concepci\u00f3n\",\"datePublished\":\"2019-12-06T18:53:29+00:00\",\"dateModified\":\"2019-12-06T19:01:28+00:00\",\"mainEntityOfPage\":{\"@id\":\"https:\\\/\\\/www.logronopasion.com\\\/portal\\\/segundo-domingo-de-adviento-inmaculada-concepcion\\\/\"},\"wordCount\":1214,\"commentCount\":0,\"publisher\":{\"@id\":\"https:\\\/\\\/www.logronopasion.com\\\/portal\\\/#organization\"},\"image\":{\"@id\":\"https:\\\/\\\/www.logronopasion.com\\\/portal\\\/segundo-domingo-de-adviento-inmaculada-concepcion\\\/#primaryimage\"},\"thumbnailUrl\":\"https:\\\/\\\/www.logronopasion.com\\\/portal\\\/wp-content\\\/uploads\\\/2019\\\/12\\\/2\u00ba-domingo-de-adviento.jpg\",\"articleSection\":[\"Destacados\",\"Iglesia - estado, sociedad y religi\u00f3n\",\"Noticias \\\/ Actualidad\"],\"inLanguage\":\"es\",\"potentialAction\":[{\"@type\":\"CommentAction\",\"name\":\"Comment\",\"target\":[\"https:\\\/\\\/www.logronopasion.com\\\/portal\\\/segundo-domingo-de-adviento-inmaculada-concepcion\\\/#respond\"]}]},{\"@type\":\"WebPage\",\"@id\":\"https:\\\/\\\/www.logronopasion.com\\\/portal\\\/segundo-domingo-de-adviento-inmaculada-concepcion\\\/\",\"url\":\"https:\\\/\\\/www.logronopasion.com\\\/portal\\\/segundo-domingo-de-adviento-inmaculada-concepcion\\\/\",\"name\":\"2\u00ba domingo de Adviento - Inmaculada Concepci\u00f3n - Logro\u00f1o Pasi\u00f3n\",\"isPartOf\":{\"@id\":\"https:\\\/\\\/www.logronopasion.com\\\/portal\\\/#website\"},\"primaryImageOfPage\":{\"@id\":\"https:\\\/\\\/www.logronopasion.com\\\/portal\\\/segundo-domingo-de-adviento-inmaculada-concepcion\\\/#primaryimage\"},\"image\":{\"@id\":\"https:\\\/\\\/www.logronopasion.com\\\/portal\\\/segundo-domingo-de-adviento-inmaculada-concepcion\\\/#primaryimage\"},\"thumbnailUrl\":\"https:\\\/\\\/www.logronopasion.com\\\/portal\\\/wp-content\\\/uploads\\\/2019\\\/12\\\/2\u00ba-domingo-de-adviento.jpg\",\"datePublished\":\"2019-12-06T18:53:29+00:00\",\"dateModified\":\"2019-12-06T19:01:28+00:00\",\"inLanguage\":\"es\",\"potentialAction\":[{\"@type\":\"ReadAction\",\"target\":[\"https:\\\/\\\/www.logronopasion.com\\\/portal\\\/segundo-domingo-de-adviento-inmaculada-concepcion\\\/\"]}]},{\"@type\":\"ImageObject\",\"inLanguage\":\"es\",\"@id\":\"https:\\\/\\\/www.logronopasion.com\\\/portal\\\/segundo-domingo-de-adviento-inmaculada-concepcion\\\/#primaryimage\",\"url\":\"https:\\\/\\\/www.logronopasion.com\\\/portal\\\/wp-content\\\/uploads\\\/2019\\\/12\\\/2\u00ba-domingo-de-adviento.jpg\",\"contentUrl\":\"https:\\\/\\\/www.logronopasion.com\\\/portal\\\/wp-content\\\/uploads\\\/2019\\\/12\\\/2\u00ba-domingo-de-adviento.jpg\",\"width\":720,\"height\":266},{\"@type\":\"WebSite\",\"@id\":\"https:\\\/\\\/www.logronopasion.com\\\/portal\\\/#website\",\"url\":\"https:\\\/\\\/www.logronopasion.com\\\/portal\\\/\",\"name\":\"Logro\u00f1o Pasi\u00f3n\",\"description\":\"Portal sobre la Semana Santa de Logro\u00f1o\",\"publisher\":{\"@id\":\"https:\\\/\\\/www.logronopasion.com\\\/portal\\\/#organization\"},\"potentialAction\":[{\"@type\":\"SearchAction\",\"target\":{\"@type\":\"EntryPoint\",\"urlTemplate\":\"https:\\\/\\\/www.logronopasion.com\\\/portal\\\/?s={search_term_string}\"},\"query-input\":{\"@type\":\"PropertyValueSpecification\",\"valueRequired\":true,\"valueName\":\"search_term_string\"}}],\"inLanguage\":\"es\"},{\"@type\":\"Organization\",\"@id\":\"https:\\\/\\\/www.logronopasion.com\\\/portal\\\/#organization\",\"name\":\"Logro\u00f1o Pasi\u00f3n\",\"url\":\"https:\\\/\\\/www.logronopasion.com\\\/portal\\\/\",\"logo\":{\"@type\":\"ImageObject\",\"inLanguage\":\"es\",\"@id\":\"https:\\\/\\\/www.logronopasion.com\\\/portal\\\/#\\\/schema\\\/logo\\\/image\\\/\",\"url\":\"https:\\\/\\\/i2.wp.com\\\/logronopasion.com\\\/portal\\\/wp-content\\\/uploads\\\/2019\\\/04\\\/cropped-Header-1.jpg?fit=312%2C212&ssl=1\",\"contentUrl\":\"https:\\\/\\\/i2.wp.com\\\/logronopasion.com\\\/portal\\\/wp-content\\\/uploads\\\/2019\\\/04\\\/cropped-Header-1.jpg?fit=312%2C212&ssl=1\",\"width\":312,\"height\":212,\"caption\":\"Logro\u00f1o Pasi\u00f3n\"},\"image\":{\"@id\":\"https:\\\/\\\/www.logronopasion.com\\\/portal\\\/#\\\/schema\\\/logo\\\/image\\\/\"},\"sameAs\":[\"https:\\\/\\\/www.facebook.com\\\/logronopasion\",\"https:\\\/\\\/x.com\\\/LogronoPasion\"]},{\"@type\":\"Person\",\"@id\":\"https:\\\/\\\/www.logronopasion.com\\\/portal\\\/#\\\/schema\\\/person\\\/39728c7f1ab39edc31b0bc671a7fcb0b\",\"name\":\"Logronopasion.com\",\"image\":{\"@type\":\"ImageObject\",\"inLanguage\":\"es\",\"@id\":\"https:\\\/\\\/secure.gravatar.com\\\/avatar\\\/c6b3e81c20ae7dec59cda0fd11915cb052ff1705cd134db04112b35441792010?s=96&d=mm&r=g\",\"url\":\"https:\\\/\\\/secure.gravatar.com\\\/avatar\\\/c6b3e81c20ae7dec59cda0fd11915cb052ff1705cd134db04112b35441792010?s=96&d=mm&r=g\",\"contentUrl\":\"https:\\\/\\\/secure.gravatar.com\\\/avatar\\\/c6b3e81c20ae7dec59cda0fd11915cb052ff1705cd134db04112b35441792010?s=96&d=mm&r=g\",\"caption\":\"Logronopasion.com\"},\"url\":\"https:\\\/\\\/www.logronopasion.com\\\/portal\\\/author\\\/logronopasion-com\\\/\"}]}<\/script>\n<!-- \/ Yoast SEO plugin. -->","yoast_head_json":{"title":"2\u00ba domingo de Adviento - Inmaculada Concepci\u00f3n - Logro\u00f1o Pasi\u00f3n","robots":{"index":"index","follow":"follow","max-snippet":"max-snippet:-1","max-image-preview":"max-image-preview:large","max-video-preview":"max-video-preview:-1"},"canonical":"https:\/\/www.logronopasion.com\/portal\/segundo-domingo-de-adviento-inmaculada-concepcion\/","og_locale":"es_ES","og_type":"article","og_title":"2\u00ba domingo de Adviento - Inmaculada Concepci\u00f3n - Logro\u00f1o Pasi\u00f3n","og_description":"A\u00f1o 2019 Celebraci\u00f3n de la Inmaculada Concepci\u00f3n 2\u00ba domingo de Adviento Al coincidir algunos a\u00f1os el 2\u00ba Domingo de Adviento con la Festividad Solemne de la Inmaculada Concepci\u00f3n de Mar\u00eda y dada la tradici\u00f3n y sentimiento tan grande Mariana en Espa\u00f1a, la Conferencia Episcopal Espa\u00f1ola solicita a la Congregaci\u00f3n para el Culto Divino y la Disciplina de los Sacramentos, la correspondiente dispensa. &nbsp; CONCESI\u00d3N DE DISPENSA PARA QUE LA SOLEMNIDAD DE LA INMACULADA CONCEPCI\u00d3N PUEDA CELEBRARSE EN ESTE A\u00d1O 2019, A PESAR DE COINCIDIR CON EL SEGUNDO DOMINGO DE ADVIENTO Eminencia Reverend\u00edsima: Esta Congregaci\u00f3n para el Culto Divino y la&hellip;","og_url":"https:\/\/www.logronopasion.com\/portal\/segundo-domingo-de-adviento-inmaculada-concepcion\/","og_site_name":"Logro\u00f1o Pasi\u00f3n","article_publisher":"https:\/\/www.facebook.com\/logronopasion","article_published_time":"2019-12-06T18:53:29+00:00","article_modified_time":"2019-12-06T19:01:28+00:00","og_image":[{"width":720,"height":266,"url":"https:\/\/www.logronopasion.com\/portal\/wp-content\/uploads\/2019\/12\/2\u00ba-domingo-de-adviento.jpg","type":"image\/jpeg"}],"author":"Logronopasion.com","twitter_card":"summary_large_image","twitter_creator":"@LogronoPasion","twitter_site":"@LogronoPasion","twitter_misc":{"Escrito por":"Logronopasion.com","Tiempo de lectura":"6 minutos"},"schema":{"@context":"https:\/\/schema.org","@graph":[{"@type":"Article","@id":"https:\/\/www.logronopasion.com\/portal\/segundo-domingo-de-adviento-inmaculada-concepcion\/#article","isPartOf":{"@id":"https:\/\/www.logronopasion.com\/portal\/segundo-domingo-de-adviento-inmaculada-concepcion\/"},"author":{"name":"Logronopasion.com","@id":"https:\/\/www.logronopasion.com\/portal\/#\/schema\/person\/39728c7f1ab39edc31b0bc671a7fcb0b"},"headline":"2\u00ba domingo de Adviento &#8211; Inmaculada Concepci\u00f3n","datePublished":"2019-12-06T18:53:29+00:00","dateModified":"2019-12-06T19:01:28+00:00","mainEntityOfPage":{"@id":"https:\/\/www.logronopasion.com\/portal\/segundo-domingo-de-adviento-inmaculada-concepcion\/"},"wordCount":1214,"commentCount":0,"publisher":{"@id":"https:\/\/www.logronopasion.com\/portal\/#organization"},"image":{"@id":"https:\/\/www.logronopasion.com\/portal\/segundo-domingo-de-adviento-inmaculada-concepcion\/#primaryimage"},"thumbnailUrl":"https:\/\/www.logronopasion.com\/portal\/wp-content\/uploads\/2019\/12\/2\u00ba-domingo-de-adviento.jpg","articleSection":["Destacados","Iglesia - estado, sociedad y religi\u00f3n","Noticias \/ Actualidad"],"inLanguage":"es","potentialAction":[{"@type":"CommentAction","name":"Comment","target":["https:\/\/www.logronopasion.com\/portal\/segundo-domingo-de-adviento-inmaculada-concepcion\/#respond"]}]},{"@type":"WebPage","@id":"https:\/\/www.logronopasion.com\/portal\/segundo-domingo-de-adviento-inmaculada-concepcion\/","url":"https:\/\/www.logronopasion.com\/portal\/segundo-domingo-de-adviento-inmaculada-concepcion\/","name":"2\u00ba domingo de Adviento - Inmaculada Concepci\u00f3n - Logro\u00f1o Pasi\u00f3n","isPartOf":{"@id":"https:\/\/www.logronopasion.com\/portal\/#website"},"primaryImageOfPage":{"@id":"https:\/\/www.logronopasion.com\/portal\/segundo-domingo-de-adviento-inmaculada-concepcion\/#primaryimage"},"image":{"@id":"https:\/\/www.logronopasion.com\/portal\/segundo-domingo-de-adviento-inmaculada-concepcion\/#primaryimage"},"thumbnailUrl":"https:\/\/www.logronopasion.com\/portal\/wp-content\/uploads\/2019\/12\/2\u00ba-domingo-de-adviento.jpg","datePublished":"2019-12-06T18:53:29+00:00","dateModified":"2019-12-06T19:01:28+00:00","inLanguage":"es","potentialAction":[{"@type":"ReadAction","target":["https:\/\/www.logronopasion.com\/portal\/segundo-domingo-de-adviento-inmaculada-concepcion\/"]}]},{"@type":"ImageObject","inLanguage":"es","@id":"https:\/\/www.logronopasion.com\/portal\/segundo-domingo-de-adviento-inmaculada-concepcion\/#primaryimage","url":"https:\/\/www.logronopasion.com\/portal\/wp-content\/uploads\/2019\/12\/2\u00ba-domingo-de-adviento.jpg","contentUrl":"https:\/\/www.logronopasion.com\/portal\/wp-content\/uploads\/2019\/12\/2\u00ba-domingo-de-adviento.jpg","width":720,"height":266},{"@type":"WebSite","@id":"https:\/\/www.logronopasion.com\/portal\/#website","url":"https:\/\/www.logronopasion.com\/portal\/","name":"Logro\u00f1o Pasi\u00f3n","description":"Portal sobre la Semana Santa de Logro\u00f1o","publisher":{"@id":"https:\/\/www.logronopasion.com\/portal\/#organization"},"potentialAction":[{"@type":"SearchAction","target":{"@type":"EntryPoint","urlTemplate":"https:\/\/www.logronopasion.com\/portal\/?s={search_term_string}"},"query-input":{"@type":"PropertyValueSpecification","valueRequired":true,"valueName":"search_term_string"}}],"inLanguage":"es"},{"@type":"Organization","@id":"https:\/\/www.logronopasion.com\/portal\/#organization","name":"Logro\u00f1o Pasi\u00f3n","url":"https:\/\/www.logronopasion.com\/portal\/","logo":{"@type":"ImageObject","inLanguage":"es","@id":"https:\/\/www.logronopasion.com\/portal\/#\/schema\/logo\/image\/","url":"https:\/\/i2.wp.com\/logronopasion.com\/portal\/wp-content\/uploads\/2019\/04\/cropped-Header-1.jpg?fit=312%2C212&ssl=1","contentUrl":"https:\/\/i2.wp.com\/logronopasion.com\/portal\/wp-content\/uploads\/2019\/04\/cropped-Header-1.jpg?fit=312%2C212&ssl=1","width":312,"height":212,"caption":"Logro\u00f1o Pasi\u00f3n"},"image":{"@id":"https:\/\/www.logronopasion.com\/portal\/#\/schema\/logo\/image\/"},"sameAs":["https:\/\/www.facebook.com\/logronopasion","https:\/\/x.com\/LogronoPasion"]},{"@type":"Person","@id":"https:\/\/www.logronopasion.com\/portal\/#\/schema\/person\/39728c7f1ab39edc31b0bc671a7fcb0b","name":"Logronopasion.com","image":{"@type":"ImageObject","inLanguage":"es","@id":"https:\/\/secure.gravatar.com\/avatar\/c6b3e81c20ae7dec59cda0fd11915cb052ff1705cd134db04112b35441792010?s=96&d=mm&r=g","url":"https:\/\/secure.gravatar.com\/avatar\/c6b3e81c20ae7dec59cda0fd11915cb052ff1705cd134db04112b35441792010?s=96&d=mm&r=g","contentUrl":"https:\/\/secure.gravatar.com\/avatar\/c6b3e81c20ae7dec59cda0fd11915cb052ff1705cd134db04112b35441792010?s=96&d=mm&r=g","caption":"Logronopasion.com"},"url":"https:\/\/www.logronopasion.com\/portal\/author\/logronopasion-com\/"}]}},"_links":{"self":[{"href":"https:\/\/www.logronopasion.com\/portal\/wp-json\/wp\/v2\/posts\/6376","targetHints":{"allow":["GET"]}}],"collection":[{"href":"https:\/\/www.logronopasion.com\/portal\/wp-json\/wp\/v2\/posts"}],"about":[{"href":"https:\/\/www.logronopasion.com\/portal\/wp-json\/wp\/v2\/types\/post"}],"author":[{"embeddable":true,"href":"https:\/\/www.logronopasion.com\/portal\/wp-json\/wp\/v2\/users\/18"}],"replies":[{"embeddable":true,"href":"https:\/\/www.logronopasion.com\/portal\/wp-json\/wp\/v2\/comments?post=6376"}],"version-history":[{"count":5,"href":"https:\/\/www.logronopasion.com\/portal\/wp-json\/wp\/v2\/posts\/6376\/revisions"}],"predecessor-version":[{"id":6385,"href":"https:\/\/www.logronopasion.com\/portal\/wp-json\/wp\/v2\/posts\/6376\/revisions\/6385"}],"wp:featuredmedia":[{"embeddable":true,"href":"https:\/\/www.logronopasion.com\/portal\/wp-json\/wp\/v2\/media\/6377"}],"wp:attachment":[{"href":"https:\/\/www.logronopasion.com\/portal\/wp-json\/wp\/v2\/media?parent=6376"}],"wp:term":[{"taxonomy":"category","embeddable":true,"href":"https:\/\/www.logronopasion.com\/portal\/wp-json\/wp\/v2\/categories?post=6376"},{"taxonomy":"post_tag","embeddable":true,"href":"https:\/\/www.logronopasion.com\/portal\/wp-json\/wp\/v2\/tags?post=6376"}],"curies":[{"name":"wp","href":"https:\/\/api.w.org\/{rel}","templated":true}]}}