{"id":6700,"date":"2020-04-10T14:44:54","date_gmt":"2020-04-10T14:44:54","guid":{"rendered":"https:\/\/logronopasion.com\/portal\/?p=6700"},"modified":"2020-04-10T16:30:18","modified_gmt":"2020-04-10T16:30:18","slug":"la-pasion-y-muerte-de-jesus","status":"publish","type":"post","link":"https:\/\/www.logronopasion.com\/portal\/la-pasion-y-muerte-de-jesus\/","title":{"rendered":"La Pasion y Muerte de Jes\u00fas"},"content":{"rendered":"<h3 style=\"text-align: center;\"><span style=\"text-decoration: underline;\">Historia y Magna Procesi\u00f3n del Santo Entierro. Pasi\u00f3n del Se\u00f1or.<\/span><\/h3>\n<p style=\"text-align: center;\"><a href=\"https:\/\/i1.wp.com\/logronopasion.com\/portal\/wp-content\/uploads\/2017\/04\/La-Crucifixi\u00f3n.jpg\"><img loading=\"lazy\" decoding=\"async\" class=\"aligncenter wp-image-5214\" src=\"https:\/\/i1.wp.com\/logronopasion.com\/portal\/wp-content\/uploads\/2017\/04\/La-Crucifixi\u00f3n.jpg?resize=640%2C444\" sizes=\"auto, (max-width: 640px) 100vw, 640px\" srcset=\"https:\/\/i1.wp.com\/logronopasion.com\/portal\/wp-content\/uploads\/2017\/04\/La-Crucifixi\u00f3n.jpg?w=826&amp;ssl=1 826w, https:\/\/i1.wp.com\/logronopasion.com\/portal\/wp-content\/uploads\/2017\/04\/La-Crucifixi\u00f3n.jpg?resize=300%2C208&amp;ssl=1 300w, https:\/\/i1.wp.com\/logronopasion.com\/portal\/wp-content\/uploads\/2017\/04\/La-Crucifixi\u00f3n.jpg?resize=768%2C533&amp;ssl=1 768w\" alt=\"\" width=\"640\" height=\"444\" \/><\/a><strong>(Paso de la Crucifixi\u00f3n del Se\u00f1or. Logro\u00f1o a\u00f1o 1940)<\/strong><\/p>\n<p>Las celebraciones de Semana Santa en Logro\u00f1o, al igual que en el resto de Espa\u00f1a, estuvieron siempre desarrolladas e impulsadas por los Padres Franciscanos que fueron los que extendieron \u00e9sta devoci\u00f3n a la Pasi\u00f3n de Cristo a partir del siglo XV. La devoci\u00f3n de \u00e9stos frailes por el Misterio de la Pasi\u00f3n del Se\u00f1or y el hecho de ser ellos los custodios de los Santos Lugares de Jerusal\u00e9n, tuvieron una notable influencia en el nacimiento de las cofrad\u00edas de la Vera Cruz en Espa\u00f1a.<\/p>\n<p>Precisamente, Logro\u00f1o fue el primer lugar en que el santo de As\u00eds realiz\u00f3 su primera fundaci\u00f3n en Castilla.<\/p>\n<p>En el \u00abArchivum Franciscanum\u00bb, libro 2, p\u00e1g. 17 vuelta puede leerse lo siguiente: \u00abEl convento de San Francisco de Logro\u00f1o fuera de los muros de la ciudad. La fundaci\u00f3n y orden de \u00e9ste convento y ser edificado por nuestros padres. San Francisco el a\u00f1o 1.214 pasando a Santiago de Galicia y algunas cosas memorables que tiene, todo est\u00e1 puesto en la cr\u00f3nica del<\/p>\n<p>Reverend\u00edsimo P. y Stmo. Se\u00f1or Gonzaga\u00bb. Estuvo situado en lo que hoy son las traseras del Hospital, a orillas del Ebro, en los terrenos que todav\u00eda hoy se contin\u00faan llamando de San Francisco.<\/p>\n<p>Y en \u00e9ste convento fue donde la cofrad\u00eda de la Vera Cruz de Logro\u00f1o tuvo su sede can\u00f3nica con una capilla dedicada exclusivamente a la cofrad\u00eda, la cual ten\u00eda una larga serie de privilegios e indulgencias concedidos por las Papas reinantes y a\u00fan se le a\u00f1adieron todos aqu\u00e9llos propios de la Orden Franciscana.<\/p>\n<p>El haber sido Logro\u00f1o el primer lugar en que San Francisco de As\u00eds fundara su primer convento de Castilla en el a\u00f1o 1.214 me hace suponer que la cofrad\u00eda de la Vera Cruz de Logro\u00f1o, posiblemente fuera una de las primeras que se fundaran en el reino de Castilla, pero esto no se puede fundamentar por no existir documentos que lo acrediten.<\/p>\n<p>Indirectamente se sabe que en el a\u00f1o 1.615 exist\u00eda \u00e9sta cofrad\u00eda, por un p\u00e1rrafo del testamento de don Pedro Mart\u00ednez de Cucho de fecha 12 de Diciembre de 1.615 que dice as\u00ed: \u00ab\u00edtem, mando que a mi entierro se hallen las cofrad\u00edas de la Vera Cruz, Soledad y Misericordia y ni\u00f1os de la doctrina cristiana y se paguen la limosna acostumbrada\u00bb (Protocolo de Andr\u00e9s de Junguitu, escribano real).<\/p>\n<p>Hay otro documento fechado el 20 de Setiembre de 1.689 \u00abpor varios recibos que presenta y firma don Pedro de Irazu como mayordomo de la f\u00e1brica de \u00e9sta Iglesia Colegial de la Redonda de Logro\u00f1o de la cera a la cofrad\u00eda de la Vera Cruz\u00bb.<\/p>\n<p>La invasi\u00f3n napole\u00f3nica y la desamortizaci\u00f3n de 1.835 hicieron desaparecer la mayor\u00eda de las reliquias, im\u00e1genes, libros y escritos de la cofrad\u00eda de la Vera Cruz de Logro\u00f1o, y lo que todav\u00eda quedaba, desapareci\u00f3 en el incendio del convento de San Francisco ocurrido el 21 de Agosto de 1.869 en el cual, qued\u00f3 totalmente destruido. El a\u00f1o 1.694 marca un hito important\u00edsimo para la Semana Santa de Logro\u00f1o.<\/p>\n<p>Fue en dicho a\u00f1o cuando el capit\u00e1n don Gabriel de Unsain don\u00f3 la urna sepulcral con la imagen de Cristo muerto y la imagen de su Madre Dolorosa.<\/p>\n<p>Pero durante la historia de la Ciudad de Logro\u00f1o, han salido a nuestras calles imaginer\u00eda muy rica o por lo menos muy significativa y de cuantioso valor sentimental y tambi\u00e9n art\u00edstico y cremat\u00edstico.<\/p>\n<p>Daremos un repaso por ellas&#8230;<\/p>\n<p>El paso que llamaban \u00abColuna\u00bb era una imagen de Jes\u00fas atado a la Columna, de talla policromada de la primera mitad del siglo XVI que se encontraba entonces en una hornacina de un altar lateral de la Colegiata de la Redonda.<\/p>\n<p><a href=\"https:\/\/logronopasion.com\/portal\/wp-content\/uploads\/2020\/04\/columna.jpg\"><img loading=\"lazy\" decoding=\"async\" class=\" wp-image-6702 aligncenter\" src=\"https:\/\/logronopasion.com\/portal\/wp-content\/uploads\/2020\/04\/columna-191x300.jpg\" alt=\"\" width=\"251\" height=\"394\" srcset=\"https:\/\/www.logronopasion.com\/portal\/wp-content\/uploads\/2020\/04\/columna-191x300.jpg 191w, https:\/\/www.logronopasion.com\/portal\/wp-content\/uploads\/2020\/04\/columna.jpg 277w\" sizes=\"auto, (max-width: 251px) 100vw, 251px\" \/><\/a>El \u00abMedio Cuerpo\u00bb era un Ecce Homo de los de busto, representaba a Jes\u00fas coronado de espinas; era de cart\u00f3n piedra y se encontraba en la capilla del Hospital Civil.<\/p>\n<div class=\"entry-content-wrap\">\n<div class=\"entry-content\">\n<p><a href=\"https:\/\/logronopasion.com\/portal\/wp-content\/uploads\/2020\/04\/medio.jpg\"><img loading=\"lazy\" decoding=\"async\" class=\" wp-image-6701 aligncenter\" src=\"https:\/\/logronopasion.com\/portal\/wp-content\/uploads\/2020\/04\/medio-202x300.jpg\" alt=\"\" width=\"265\" height=\"394\" srcset=\"https:\/\/www.logronopasion.com\/portal\/wp-content\/uploads\/2020\/04\/medio-202x300.jpg 202w, https:\/\/www.logronopasion.com\/portal\/wp-content\/uploads\/2020\/04\/medio.jpg 282w\" sizes=\"auto, (max-width: 265px) 100vw, 265px\" \/><\/a>Les preparan unas sencillas andas a ambos, y en la procesi\u00f3n del Viernes Santo,<\/p>\n<p><a href=\"https:\/\/logronopasion.com\/portal\/wp-content\/uploads\/2020\/04\/anti.jpg\"><img loading=\"lazy\" decoding=\"async\" class=\" wp-image-6703 aligncenter\" src=\"https:\/\/logronopasion.com\/portal\/wp-content\/uploads\/2020\/04\/anti-300x220.jpg\" alt=\"\" width=\"385\" height=\"282\" srcset=\"https:\/\/www.logronopasion.com\/portal\/wp-content\/uploads\/2020\/04\/anti-300x220.jpg 300w, https:\/\/www.logronopasion.com\/portal\/wp-content\/uploads\/2020\/04\/anti-768x563.jpg 768w, https:\/\/www.logronopasion.com\/portal\/wp-content\/uploads\/2020\/04\/anti.jpg 946w\" sizes=\"auto, (max-width: 385px) 100vw, 385px\" \/><\/a><\/p>\n<p style=\"text-align: center;\"><a href=\"https:\/\/logronopasion.com\/portal\/wp-content\/uploads\/2020\/04\/antig.jpg\"><img loading=\"lazy\" decoding=\"async\" class=\"alignnone wp-image-6704\" src=\"https:\/\/logronopasion.com\/portal\/wp-content\/uploads\/2020\/04\/antig-300x227.jpg\" alt=\"\" width=\"377\" height=\"285\" srcset=\"https:\/\/www.logronopasion.com\/portal\/wp-content\/uploads\/2020\/04\/antig-300x227.jpg 300w, https:\/\/www.logronopasion.com\/portal\/wp-content\/uploads\/2020\/04\/antig.jpg 740w\" sizes=\"auto, (max-width: 377px) 100vw, 377px\" \/><\/a><\/p>\n<\/div>\n<\/div>\n<p><a href=\"https:\/\/logronopasion.com\/portal\/wp-content\/uploads\/2020\/04\/anti5.jpg\"><img loading=\"lazy\" decoding=\"async\" class=\" wp-image-6707 aligncenter\" src=\"https:\/\/logronopasion.com\/portal\/wp-content\/uploads\/2020\/04\/anti5-300x188.jpg\" alt=\"\" width=\"377\" height=\"236\" srcset=\"https:\/\/www.logronopasion.com\/portal\/wp-content\/uploads\/2020\/04\/anti5-300x188.jpg 300w, https:\/\/www.logronopasion.com\/portal\/wp-content\/uploads\/2020\/04\/anti5-1024x640.jpg 1024w, https:\/\/www.logronopasion.com\/portal\/wp-content\/uploads\/2020\/04\/anti5-768x480.jpg 768w, https:\/\/www.logronopasion.com\/portal\/wp-content\/uploads\/2020\/04\/anti5.jpg 1088w\" sizes=\"auto, (max-width: 377px) 100vw, 377px\" \/><\/a><\/p>\n<p><a href=\"https:\/\/logronopasion.com\/portal\/wp-content\/uploads\/2020\/04\/anti6.jpg\"><img loading=\"lazy\" decoding=\"async\" class=\" wp-image-6708 aligncenter\" src=\"https:\/\/logronopasion.com\/portal\/wp-content\/uploads\/2020\/04\/anti6-300x183.jpg\" alt=\"\" width=\"392\" height=\"239\" srcset=\"https:\/\/www.logronopasion.com\/portal\/wp-content\/uploads\/2020\/04\/anti6-300x183.jpg 300w, https:\/\/www.logronopasion.com\/portal\/wp-content\/uploads\/2020\/04\/anti6.jpg 637w\" sizes=\"auto, (max-width: 392px) 100vw, 392px\" \/><\/a><\/p>\n<p><a href=\"https:\/\/logronopasion.com\/portal\/wp-content\/uploads\/2020\/04\/anti7.jpg\"><img loading=\"lazy\" decoding=\"async\" class=\" wp-image-6709 aligncenter\" src=\"https:\/\/logronopasion.com\/portal\/wp-content\/uploads\/2020\/04\/anti7-300x232.jpg\" alt=\"\" width=\"394\" height=\"305\" srcset=\"https:\/\/www.logronopasion.com\/portal\/wp-content\/uploads\/2020\/04\/anti7-300x232.jpg 300w, https:\/\/www.logronopasion.com\/portal\/wp-content\/uploads\/2020\/04\/anti7.jpg 727w\" sizes=\"auto, (max-width: 394px) 100vw, 394px\" \/><\/a><\/p>\n<p><a href=\"https:\/\/logronopasion.com\/portal\/wp-content\/uploads\/2020\/04\/anti8.jpg\"><img loading=\"lazy\" decoding=\"async\" class=\" wp-image-6710 aligncenter\" src=\"https:\/\/logronopasion.com\/portal\/wp-content\/uploads\/2020\/04\/anti8-300x224.jpg\" alt=\"\" width=\"399\" height=\"298\" srcset=\"https:\/\/www.logronopasion.com\/portal\/wp-content\/uploads\/2020\/04\/anti8-300x224.jpg 300w, https:\/\/www.logronopasion.com\/portal\/wp-content\/uploads\/2020\/04\/anti8.jpg 598w\" sizes=\"auto, (max-width: 399px) 100vw, 399px\" \/><\/a><\/p>\n<p><a href=\"https:\/\/logronopasion.com\/portal\/wp-content\/uploads\/2020\/04\/1.jpg\"><img loading=\"lazy\" decoding=\"async\" class=\" wp-image-6711 aligncenter\" src=\"https:\/\/logronopasion.com\/portal\/wp-content\/uploads\/2020\/04\/1-300x204.jpg\" alt=\"\" width=\"412\" height=\"280\" srcset=\"https:\/\/www.logronopasion.com\/portal\/wp-content\/uploads\/2020\/04\/1-300x204.jpg 300w, https:\/\/www.logronopasion.com\/portal\/wp-content\/uploads\/2020\/04\/1-768x521.jpg 768w, https:\/\/www.logronopasion.com\/portal\/wp-content\/uploads\/2020\/04\/1.jpg 900w\" sizes=\"auto, (max-width: 412px) 100vw, 412px\" \/><\/a><\/p>\n<p><a href=\"https:\/\/logronopasion.com\/portal\/wp-content\/uploads\/2020\/04\/395233_377657652244310_439276714_n.jpg\"><img loading=\"lazy\" decoding=\"async\" class=\" wp-image-6712 aligncenter\" src=\"https:\/\/logronopasion.com\/portal\/wp-content\/uploads\/2020\/04\/395233_377657652244310_439276714_n-300x189.jpg\" alt=\"\" width=\"412\" height=\"259\" srcset=\"https:\/\/www.logronopasion.com\/portal\/wp-content\/uploads\/2020\/04\/395233_377657652244310_439276714_n-300x189.jpg 300w, https:\/\/www.logronopasion.com\/portal\/wp-content\/uploads\/2020\/04\/395233_377657652244310_439276714_n-768x484.jpg 768w, https:\/\/www.logronopasion.com\/portal\/wp-content\/uploads\/2020\/04\/395233_377657652244310_439276714_n-936x591.jpg 936w, https:\/\/www.logronopasion.com\/portal\/wp-content\/uploads\/2020\/04\/395233_377657652244310_439276714_n.jpg 938w\" sizes=\"auto, (max-width: 412px) 100vw, 412px\" \/><\/a><\/p>\n<p><a href=\"https:\/\/logronopasion.com\/portal\/wp-content\/uploads\/2020\/04\/429327_374732385870170_768614821_n.jpg\"><img loading=\"lazy\" decoding=\"async\" class=\" wp-image-6713 aligncenter\" src=\"https:\/\/logronopasion.com\/portal\/wp-content\/uploads\/2020\/04\/429327_374732385870170_768614821_n-187x300.jpg\" alt=\"\" width=\"414\" height=\"664\" srcset=\"https:\/\/www.logronopasion.com\/portal\/wp-content\/uploads\/2020\/04\/429327_374732385870170_768614821_n-187x300.jpg 187w, https:\/\/www.logronopasion.com\/portal\/wp-content\/uploads\/2020\/04\/429327_374732385870170_768614821_n.jpg 483w\" sizes=\"auto, (max-width: 414px) 100vw, 414px\" \/><\/a><\/p>\n<p><a href=\"https:\/\/logronopasion.com\/portal\/wp-content\/uploads\/2020\/04\/12376780_1091399467578871_4260478200244753322_n.jpg\"><img loading=\"lazy\" decoding=\"async\" class=\" wp-image-6714 aligncenter\" src=\"https:\/\/logronopasion.com\/portal\/wp-content\/uploads\/2020\/04\/12376780_1091399467578871_4260478200244753322_n-300x219.jpg\" alt=\"\" width=\"411\" height=\"300\" srcset=\"https:\/\/www.logronopasion.com\/portal\/wp-content\/uploads\/2020\/04\/12376780_1091399467578871_4260478200244753322_n-300x219.jpg 300w, https:\/\/www.logronopasion.com\/portal\/wp-content\/uploads\/2020\/04\/12376780_1091399467578871_4260478200244753322_n.jpg 640w\" sizes=\"auto, (max-width: 411px) 100vw, 411px\" \/><\/a><\/p>\n<p><a href=\"https:\/\/logronopasion.com\/portal\/wp-content\/uploads\/2020\/04\/12476530.jpg\"><img loading=\"lazy\" decoding=\"async\" class=\" wp-image-6715 aligncenter\" src=\"https:\/\/logronopasion.com\/portal\/wp-content\/uploads\/2020\/04\/12476530-300x204.jpg\" alt=\"\" width=\"410\" height=\"279\" srcset=\"https:\/\/www.logronopasion.com\/portal\/wp-content\/uploads\/2020\/04\/12476530-300x204.jpg 300w, https:\/\/www.logronopasion.com\/portal\/wp-content\/uploads\/2020\/04\/12476530.jpg 575w\" sizes=\"auto, (max-width: 410px) 100vw, 410px\" \/><\/a><\/p>\n<p><a href=\"https:\/\/logronopasion.com\/portal\/wp-content\/uploads\/2020\/04\/cruz.jpg\"><img loading=\"lazy\" decoding=\"async\" class=\" wp-image-6718 aligncenter\" src=\"https:\/\/logronopasion.com\/portal\/wp-content\/uploads\/2020\/04\/cruz-300x179.jpg\" alt=\"\" width=\"409\" height=\"244\" srcset=\"https:\/\/www.logronopasion.com\/portal\/wp-content\/uploads\/2020\/04\/cruz-300x179.jpg 300w, https:\/\/www.logronopasion.com\/portal\/wp-content\/uploads\/2020\/04\/cruz.jpg 638w\" sizes=\"auto, (max-width: 409px) 100vw, 409px\" \/><\/a><\/p>\n<p><a href=\"https:\/\/logronopasion.com\/portal\/wp-content\/uploads\/2020\/04\/12718001_761407760661912_1318152627309633082_n.jpg\"><img loading=\"lazy\" decoding=\"async\" class=\"wp-image-6716 aligncenter\" src=\"https:\/\/logronopasion.com\/portal\/wp-content\/uploads\/2020\/04\/12718001_761407760661912_1318152627309633082_n-286x300.jpg\" alt=\"\" width=\"422\" height=\"443\" srcset=\"https:\/\/www.logronopasion.com\/portal\/wp-content\/uploads\/2020\/04\/12718001_761407760661912_1318152627309633082_n-286x300.jpg 286w, https:\/\/www.logronopasion.com\/portal\/wp-content\/uploads\/2020\/04\/12718001_761407760661912_1318152627309633082_n-768x807.jpg 768w, https:\/\/www.logronopasion.com\/portal\/wp-content\/uploads\/2020\/04\/12718001_761407760661912_1318152627309633082_n.jpg 914w\" sizes=\"auto, (max-width: 422px) 100vw, 422px\" \/><\/a><\/p>\n<div class=\"entry-content-wrap\">\n<div class=\"entry-content\">\n<p>Y otros \u00abpasos\u00bb que se procesionaron entre los a\u00f1os ochenta y noventa y que simplemente, dejaron de salir a las calles de la ciudad, como es el caso del Cristo de los Enfermos de los R,R. P.P. Carmelitas.<\/p>\n<p>&nbsp;<\/p>\n<p><a href=\"https:\/\/logronopasion.com\/portal\/wp-content\/uploads\/2020\/04\/Cristo-de-los-Enfermos.jpg\"><img loading=\"lazy\" decoding=\"async\" class=\" wp-image-6717 aligncenter\" src=\"https:\/\/logronopasion.com\/portal\/wp-content\/uploads\/2020\/04\/Cristo-de-los-Enfermos-300x191.jpg\" alt=\"\" width=\"484\" height=\"308\" srcset=\"https:\/\/www.logronopasion.com\/portal\/wp-content\/uploads\/2020\/04\/Cristo-de-los-Enfermos-300x191.jpg 300w, https:\/\/www.logronopasion.com\/portal\/wp-content\/uploads\/2020\/04\/Cristo-de-los-Enfermos-768x490.jpg 768w, https:\/\/www.logronopasion.com\/portal\/wp-content\/uploads\/2020\/04\/Cristo-de-los-Enfermos.jpg 960w\" sizes=\"auto, (max-width: 484px) 100vw, 484px\" \/><\/a><\/p>\n<p>Como decimos, desde hace much\u00edsimos a\u00f1os, en la ciudad de Logro\u00f1o, en la tarde-noche del Viernes Santo, se representa la pasi\u00f3n y muerte de Nuestro Se\u00f1or Jesucristo. M\u00e1s o menos organizados en grupos o hist\u00f3ricas cofrad\u00edas, no es hasta el a\u00f1o 1940 cuando en nuestra ciudad se van reorganizando todas ellas par completar la escena de la Pasi\u00f3n de Se\u00f1or.<\/p>\n<p><a href=\"https:\/\/i0.wp.com\/logronopasion.com\/portal\/wp-content\/uploads\/2017\/04\/13.jpg\"><img loading=\"lazy\" decoding=\"async\" class=\"aligncenter wp-image-5228\" src=\"https:\/\/i0.wp.com\/logronopasion.com\/portal\/wp-content\/uploads\/2017\/04\/13.jpg?resize=200%2C136\" sizes=\"auto, (max-width: 200px) 100vw, 200px\" srcset=\"https:\/\/i0.wp.com\/logronopasion.com\/portal\/wp-content\/uploads\/2017\/04\/13.jpg?w=462&amp;ssl=1 462w, https:\/\/i0.wp.com\/logronopasion.com\/portal\/wp-content\/uploads\/2017\/04\/13.jpg?resize=300%2C205&amp;ssl=1 300w\" alt=\"\" width=\"200\" height=\"137\" \/><\/a><\/p>\n<p>Primero con la Hermandad de la Pasi\u00f3n y el Santo Entierro desde aquellos primeros a\u00f1os hasta a d\u00eda de hoy, con la heredera Hermandad de Cofrad\u00edas de la Pasi\u00f3n de la Ciudad de Logro\u00f1o, vuelve a\u00f1o tras a\u00f1o a las calles de nuestra ciudad como si de fotogramas del grandioso sufrimiento que padeci\u00f3 Jes\u00fas de Nazaret.<\/p>\n<p><a href=\"https:\/\/i1.wp.com\/logronopasion.com\/portal\/wp-content\/uploads\/2017\/04\/12.jpg\"><img loading=\"lazy\" decoding=\"async\" class=\"aligncenter wp-image-5227\" src=\"https:\/\/i1.wp.com\/logronopasion.com\/portal\/wp-content\/uploads\/2017\/04\/12.jpg?resize=200%2C136\" sizes=\"auto, (max-width: 200px) 100vw, 200px\" srcset=\"https:\/\/i1.wp.com\/logronopasion.com\/portal\/wp-content\/uploads\/2017\/04\/12.jpg?w=462&amp;ssl=1 462w, https:\/\/i1.wp.com\/logronopasion.com\/portal\/wp-content\/uploads\/2017\/04\/12.jpg?resize=300%2C205&amp;ssl=1 300w\" alt=\"\" width=\"200\" height=\"137\" \/><\/a><\/p>\n<h3><\/h3>\n<h3 style=\"text-align: center;\"><span style=\"text-decoration: underline;\">Procesi\u00f3n del Santo Entierro.<\/span><\/h3>\n<\/div>\n<\/div>\n<p>Si no hubiera esta situaci\u00f3n an\u00f3mala a d\u00eda de hoy, desde la Plaza del Mercado como punto de reuni\u00f3n se hubieran ido reagrupando para organizar la Magna Procesi\u00f3n del Santo Entierro. Desde dentro de la Catedral, poco a poco ir\u00edan saliendo los pasos que en la Capilla de los Angeles estuvieran esperando su turno de salida; Cristo de las \u00c1nimas, Mar\u00eda Magdalena, Santo Sepulcro y La Soledad. Ya afuera, todos los pasos, ya en orden esperaran para la Magna Procesi\u00f3n del Santo Entierro, y que todo hubiera estado anunciada con \u00abalgo as\u00ed\u00bb;<\/p>\n<p><a href=\"https:\/\/logronopasion.com\/portal\/wp-content\/uploads\/2020\/04\/asa.png\"><img loading=\"lazy\" decoding=\"async\" class=\" wp-image-6719 aligncenter\" src=\"https:\/\/logronopasion.com\/portal\/wp-content\/uploads\/2020\/04\/asa-300x296.png\" alt=\"\" width=\"444\" height=\"438\" srcset=\"https:\/\/www.logronopasion.com\/portal\/wp-content\/uploads\/2020\/04\/asa-300x296.png 300w, https:\/\/www.logronopasion.com\/portal\/wp-content\/uploads\/2020\/04\/asa.png 536w\" sizes=\"auto, (max-width: 444px) 100vw, 444px\" \/><\/a><\/p>\n<div class=\"entry-content-wrap\">\n<div class=\"entry-content\">\n<p>Organizada por el Cabildo Catedralicio de la Con-Catedral de Santa Mar\u00eda de la Redonda, junto a la Hermandad de Cofrad\u00edas de la Pasi\u00f3n de la Ciudad de Logro\u00f1o, as\u00ed como la totalidad de las Cofrad\u00edas que la componen, sale hoy Viernes Santo, d\u00eda 10 de abril de 2020, a las 19.30 horas la \u00abMagna\u00bb procesi\u00f3n del Santo Entierro.<\/p>\n<h2><\/h2>\n<h2><span style=\"text-decoration: underline;\">Desde la entrada de Jes\u00fas en Jerusal\u00e9n hasta su muerte, representada \u00abPaso a Paso\u00bb escena a escena por las distintas Cofrad\u00edas.<\/span><\/h2>\n<p><span style=\"text-decoration: underline;\"><strong>Entrada de Jes\u00fas en Jerusal\u00e9n.<\/strong><\/span><\/p>\n<p><a href=\"https:\/\/i0.wp.com\/logronopasion.com\/portal\/wp-content\/uploads\/2012\/04\/Entrada-de-Jes\u00fas-3.JPG.jpg\"><img loading=\"lazy\" decoding=\"async\" class=\"aligncenter wp-image-435\" src=\"https:\/\/i0.wp.com\/logronopasion.com\/portal\/wp-content\/uploads\/2012\/04\/Entrada-de-Jes\u00fas-3.JPG.jpg?resize=500%2C335\" sizes=\"auto, (max-width: 500px) 100vw, 500px\" srcset=\"https:\/\/i0.wp.com\/logronopasion.com\/portal\/wp-content\/uploads\/2012\/04\/Entrada-de-Jes\u00fas-3.JPG.jpg?w=850&amp;ssl=1 850w, https:\/\/i0.wp.com\/logronopasion.com\/portal\/wp-content\/uploads\/2012\/04\/Entrada-de-Jes\u00fas-3.JPG.jpg?resize=300%2C201&amp;ssl=1 300w\" alt=\"Entrada de Jes\u00fas en Jerusal\u00e9n Logro\u00f1o\" width=\"500\" height=\"335\" \/><\/a><a href=\"https:\/\/i2.wp.com\/logronopasion.com\/portal\/wp-content\/uploads\/2017\/04\/1.jpg\"><img loading=\"lazy\" decoding=\"async\" class=\"wp-image-5215 aligncenter\" src=\"https:\/\/i2.wp.com\/logronopasion.com\/portal\/wp-content\/uploads\/2017\/04\/1.jpg?resize=200%2C136\" sizes=\"auto, (max-width: 200px) 100vw, 200px\" srcset=\"https:\/\/i2.wp.com\/logronopasion.com\/portal\/wp-content\/uploads\/2017\/04\/1.jpg?w=462&amp;ssl=1 462w, https:\/\/i2.wp.com\/logronopasion.com\/portal\/wp-content\/uploads\/2017\/04\/1.jpg?resize=300%2C205&amp;ssl=1 300w\" alt=\"\" width=\"200\" height=\"137\" \/><\/a><span style=\"text-decoration: underline;\"><strong>Oraci\u00f3n en el Huerto de los Olivos<\/strong><strong>.<\/strong><\/span><\/p>\n<p><a href=\"https:\/\/i1.wp.com\/logronopasion.com\/portal\/wp-content\/uploads\/2017\/04\/Oraci\u00f3n-en-el-Huerto.jpg\"><img loading=\"lazy\" decoding=\"async\" class=\"aligncenter wp-image-5207\" src=\"https:\/\/i1.wp.com\/logronopasion.com\/portal\/wp-content\/uploads\/2017\/04\/Oraci\u00f3n-en-el-Huerto.jpg?resize=400%2C601\" sizes=\"auto, (max-width: 400px) 100vw, 400px\" srcset=\"https:\/\/i1.wp.com\/logronopasion.com\/portal\/wp-content\/uploads\/2017\/04\/Oraci\u00f3n-en-el-Huerto.jpg?w=483&amp;ssl=1 483w, https:\/\/i1.wp.com\/logronopasion.com\/portal\/wp-content\/uploads\/2017\/04\/Oraci\u00f3n-en-el-Huerto.jpg?resize=200%2C300&amp;ssl=1 200w\" alt=\"\" width=\"400\" height=\"601\" \/><\/a><a href=\"https:\/\/i2.wp.com\/logronopasion.com\/portal\/wp-content\/uploads\/2017\/04\/1.jpg\"><img loading=\"lazy\" decoding=\"async\" class=\"aligncenter wp-image-5215\" src=\"https:\/\/i2.wp.com\/logronopasion.com\/portal\/wp-content\/uploads\/2017\/04\/1.jpg?resize=200%2C136\" sizes=\"auto, (max-width: 200px) 100vw, 200px\" srcset=\"https:\/\/i2.wp.com\/logronopasion.com\/portal\/wp-content\/uploads\/2017\/04\/1.jpg?w=462&amp;ssl=1 462w, https:\/\/i2.wp.com\/logronopasion.com\/portal\/wp-content\/uploads\/2017\/04\/1.jpg?resize=300%2C205&amp;ssl=1 300w\" alt=\"\" width=\"200\" height=\"137\" \/><\/a><span style=\"text-decoration: underline;\"><strong>Jes\u00fas Cautivo.<\/strong><\/span><\/p>\n<p><a href=\"https:\/\/i1.wp.com\/logronopasion.com\/portal\/wp-content\/uploads\/2017\/04\/Cautivo.jpg\"><img loading=\"lazy\" decoding=\"async\" class=\"aligncenter wp-image-5133\" src=\"https:\/\/i1.wp.com\/logronopasion.com\/portal\/wp-content\/uploads\/2017\/04\/Cautivo.jpg?resize=500%2C423\" sizes=\"auto, (max-width: 500px) 100vw, 500px\" srcset=\"https:\/\/i1.wp.com\/logronopasion.com\/portal\/wp-content\/uploads\/2017\/04\/Cautivo.jpg?w=657&amp;ssl=1 657w, https:\/\/i1.wp.com\/logronopasion.com\/portal\/wp-content\/uploads\/2017\/04\/Cautivo.jpg?resize=300%2C254&amp;ssl=1 300w\" alt=\"\" width=\"500\" height=\"423\" \/><\/a><a href=\"https:\/\/i2.wp.com\/logronopasion.com\/portal\/wp-content\/uploads\/2017\/04\/1.jpg\"><img loading=\"lazy\" decoding=\"async\" class=\"aligncenter wp-image-5215\" src=\"https:\/\/i2.wp.com\/logronopasion.com\/portal\/wp-content\/uploads\/2017\/04\/1.jpg?resize=200%2C136\" sizes=\"auto, (max-width: 200px) 100vw, 200px\" srcset=\"https:\/\/i2.wp.com\/logronopasion.com\/portal\/wp-content\/uploads\/2017\/04\/1.jpg?w=462&amp;ssl=1 462w, https:\/\/i2.wp.com\/logronopasion.com\/portal\/wp-content\/uploads\/2017\/04\/1.jpg?resize=300%2C205&amp;ssl=1 300w\" alt=\"\" width=\"200\" height=\"137\" \/><\/a><span style=\"text-decoration: underline;\"><strong>Flagelaci\u00f3n del Se\u00f1or.<\/strong><\/span><\/p>\n<p><a href=\"https:\/\/i0.wp.com\/logronopasion.com\/portal\/wp-content\/uploads\/2017\/04\/La-Flagelaci\u00f3n-del-Se\u00f1or.jpg\"><img loading=\"lazy\" decoding=\"async\" class=\"aligncenter wp-image-5208\" src=\"https:\/\/i0.wp.com\/logronopasion.com\/portal\/wp-content\/uploads\/2017\/04\/La-Flagelaci\u00f3n-del-Se\u00f1or.jpg?resize=500%2C329\" sizes=\"auto, (max-width: 500px) 100vw, 500px\" srcset=\"https:\/\/i0.wp.com\/logronopasion.com\/portal\/wp-content\/uploads\/2017\/04\/La-Flagelaci\u00f3n-del-Se\u00f1or.jpg?w=725&amp;ssl=1 725w, https:\/\/i0.wp.com\/logronopasion.com\/portal\/wp-content\/uploads\/2017\/04\/La-Flagelaci\u00f3n-del-Se\u00f1or.jpg?resize=300%2C197&amp;ssl=1 300w\" alt=\"\" width=\"500\" height=\"329\" \/><\/a><a href=\"https:\/\/i0.wp.com\/logronopasion.com\/portal\/wp-content\/uploads\/2017\/04\/2.jpg\"><img loading=\"lazy\" decoding=\"async\" class=\"aligncenter wp-image-5216\" src=\"https:\/\/i0.wp.com\/logronopasion.com\/portal\/wp-content\/uploads\/2017\/04\/2.jpg?resize=200%2C136\" sizes=\"auto, (max-width: 200px) 100vw, 200px\" srcset=\"https:\/\/i0.wp.com\/logronopasion.com\/portal\/wp-content\/uploads\/2017\/04\/2.jpg?w=462&amp;ssl=1 462w, https:\/\/i0.wp.com\/logronopasion.com\/portal\/wp-content\/uploads\/2017\/04\/2.jpg?resize=300%2C205&amp;ssl=1 300w\" alt=\"\" width=\"200\" height=\"137\" \/><\/a><span style=\"text-decoration: underline;\"><strong>El Encuentro con las tres mujeres.<\/strong><\/span><\/p>\n<p><a href=\"https:\/\/i0.wp.com\/logronopasion.com\/portal\/wp-content\/uploads\/2017\/04\/El-Encuentro.jpg\"><img loading=\"lazy\" decoding=\"async\" class=\"aligncenter wp-image-5209\" src=\"https:\/\/i0.wp.com\/logronopasion.com\/portal\/wp-content\/uploads\/2017\/04\/El-Encuentro.jpg?resize=500%2C341\" sizes=\"auto, (max-width: 500px) 100vw, 500px\" srcset=\"https:\/\/i0.wp.com\/logronopasion.com\/portal\/wp-content\/uploads\/2017\/04\/El-Encuentro.jpg?w=758&amp;ssl=1 758w, https:\/\/i0.wp.com\/logronopasion.com\/portal\/wp-content\/uploads\/2017\/04\/El-Encuentro.jpg?resize=300%2C205&amp;ssl=1 300w\" alt=\"\" width=\"500\" height=\"341\" \/><\/a><a href=\"https:\/\/i2.wp.com\/logronopasion.com\/portal\/wp-content\/uploads\/2017\/04\/3.jpg\"><img loading=\"lazy\" decoding=\"async\" class=\"aligncenter wp-image-5217\" src=\"https:\/\/i2.wp.com\/logronopasion.com\/portal\/wp-content\/uploads\/2017\/04\/3.jpg?resize=200%2C136\" sizes=\"auto, (max-width: 200px) 100vw, 200px\" srcset=\"https:\/\/i2.wp.com\/logronopasion.com\/portal\/wp-content\/uploads\/2017\/04\/3.jpg?w=462&amp;ssl=1 462w, https:\/\/i2.wp.com\/logronopasion.com\/portal\/wp-content\/uploads\/2017\/04\/3.jpg?resize=300%2C205&amp;ssl=1 300w\" alt=\"\" width=\"200\" height=\"137\" \/><\/a><span style=\"text-decoration: underline;\"><strong>Virgen de la Soledad.<\/strong><\/span><\/p>\n<p><a href=\"https:\/\/i1.wp.com\/logronopasion.com\/portal\/wp-content\/uploads\/2016\/03\/virgen-de-la-soledad.jpg\"><img loading=\"lazy\" decoding=\"async\" class=\"aligncenter wp-image-4713\" src=\"https:\/\/i1.wp.com\/logronopasion.com\/portal\/wp-content\/uploads\/2016\/03\/virgen-de-la-soledad.jpg?resize=500%2C292\" sizes=\"auto, (max-width: 500px) 100vw, 500px\" srcset=\"https:\/\/i1.wp.com\/logronopasion.com\/portal\/wp-content\/uploads\/2016\/03\/virgen-de-la-soledad.jpg?w=680&amp;ssl=1 680w, https:\/\/i1.wp.com\/logronopasion.com\/portal\/wp-content\/uploads\/2016\/03\/virgen-de-la-soledad.jpg?resize=300%2C175&amp;ssl=1 300w\" alt=\"\" width=\"500\" height=\"292\" \/><\/a><a href=\"https:\/\/i2.wp.com\/logronopasion.com\/portal\/wp-content\/uploads\/2017\/04\/11.jpg\"><img loading=\"lazy\" decoding=\"async\" class=\"aligncenter wp-image-5218\" src=\"https:\/\/i2.wp.com\/logronopasion.com\/portal\/wp-content\/uploads\/2017\/04\/11.jpg?resize=200%2C136\" sizes=\"auto, (max-width: 200px) 100vw, 200px\" srcset=\"https:\/\/i2.wp.com\/logronopasion.com\/portal\/wp-content\/uploads\/2017\/04\/11.jpg?w=462&amp;ssl=1 462w, https:\/\/i2.wp.com\/logronopasion.com\/portal\/wp-content\/uploads\/2017\/04\/11.jpg?resize=300%2C205&amp;ssl=1 300w\" alt=\"\" width=\"200\" height=\"137\" \/><\/a><span style=\"text-decoration: underline;\"><strong>Mar\u00eda Magdalena.<\/strong><\/span><\/p>\n<p><a href=\"https:\/\/i1.wp.com\/logronopasion.com\/portal\/wp-content\/uploads\/2017\/04\/magdala.jpg\"><img loading=\"lazy\" decoding=\"async\" class=\"aligncenter wp-image-5213\" src=\"https:\/\/i1.wp.com\/logronopasion.com\/portal\/wp-content\/uploads\/2017\/04\/magdala.jpg?resize=500%2C375\" sizes=\"auto, (max-width: 500px) 100vw, 500px\" srcset=\"https:\/\/i1.wp.com\/logronopasion.com\/portal\/wp-content\/uploads\/2017\/04\/magdala.jpg?w=640&amp;ssl=1 640w, https:\/\/i1.wp.com\/logronopasion.com\/portal\/wp-content\/uploads\/2017\/04\/magdala.jpg?resize=300%2C225&amp;ssl=1 300w\" alt=\"\" width=\"500\" height=\"375\" \/><\/a><a href=\"https:\/\/i1.wp.com\/logronopasion.com\/portal\/wp-content\/uploads\/2017\/04\/4.jpg\"><img loading=\"lazy\" decoding=\"async\" class=\"aligncenter wp-image-5219\" src=\"https:\/\/i1.wp.com\/logronopasion.com\/portal\/wp-content\/uploads\/2017\/04\/4.jpg?resize=200%2C136\" sizes=\"auto, (max-width: 200px) 100vw, 200px\" srcset=\"https:\/\/i1.wp.com\/logronopasion.com\/portal\/wp-content\/uploads\/2017\/04\/4.jpg?w=462&amp;ssl=1 462w, https:\/\/i1.wp.com\/logronopasion.com\/portal\/wp-content\/uploads\/2017\/04\/4.jpg?resize=300%2C205&amp;ssl=1 300w\" alt=\"\" width=\"200\" height=\"137\" \/><\/a><span style=\"text-decoration: underline;\"><strong>Nuestro Padre Jes\u00fas el Nazareno.<\/strong><\/span><\/p>\n<p><a href=\"https:\/\/i1.wp.com\/logronopasion.com\/portal\/wp-content\/uploads\/2016\/03\/nazareno.jpg\"><img loading=\"lazy\" decoding=\"async\" class=\"aligncenter wp-image-4712\" src=\"https:\/\/i1.wp.com\/logronopasion.com\/portal\/wp-content\/uploads\/2016\/03\/nazareno.jpg?resize=500%2C334\" sizes=\"auto, (max-width: 500px) 100vw, 500px\" srcset=\"https:\/\/i1.wp.com\/logronopasion.com\/portal\/wp-content\/uploads\/2016\/03\/nazareno.jpg?w=680&amp;ssl=1 680w, https:\/\/i1.wp.com\/logronopasion.com\/portal\/wp-content\/uploads\/2016\/03\/nazareno.jpg?resize=300%2C200&amp;ssl=1 300w\" alt=\"\" width=\"500\" height=\"334\" \/><\/a><a href=\"https:\/\/i2.wp.com\/logronopasion.com\/portal\/wp-content\/uploads\/2017\/04\/5.jpg\"><img loading=\"lazy\" decoding=\"async\" class=\"aligncenter wp-image-5220\" src=\"https:\/\/i2.wp.com\/logronopasion.com\/portal\/wp-content\/uploads\/2017\/04\/5.jpg?resize=200%2C136\" sizes=\"auto, (max-width: 200px) 100vw, 200px\" srcset=\"https:\/\/i2.wp.com\/logronopasion.com\/portal\/wp-content\/uploads\/2017\/04\/5.jpg?w=462&amp;ssl=1 462w, https:\/\/i2.wp.com\/logronopasion.com\/portal\/wp-content\/uploads\/2017\/04\/5.jpg?resize=300%2C205&amp;ssl=1 300w\" alt=\"\" width=\"200\" height=\"137\" \/><\/a><span style=\"text-decoration: underline;\"><strong>Nuestro Padre Jes\u00fas el Nazareno en su caida.<\/strong><\/span><\/p>\n<p><a href=\"https:\/\/logronopasion.com\/portal\/wp-content\/uploads\/2020\/04\/\u00edndice999.jpg\"><img loading=\"lazy\" decoding=\"async\" class=\"wp-image-6720 aligncenter\" src=\"https:\/\/logronopasion.com\/portal\/wp-content\/uploads\/2020\/04\/\u00edndice999.jpg\" alt=\"\" width=\"500\" height=\"670\" \/><\/a><a href=\"https:\/\/i2.wp.com\/logronopasion.com\/portal\/wp-content\/uploads\/2017\/04\/5.jpg\"><img loading=\"lazy\" decoding=\"async\" class=\"aligncenter wp-image-5220\" src=\"https:\/\/i2.wp.com\/logronopasion.com\/portal\/wp-content\/uploads\/2017\/04\/5.jpg?resize=200%2C136\" sizes=\"auto, (max-width: 200px) 100vw, 200px\" srcset=\"https:\/\/i2.wp.com\/logronopasion.com\/portal\/wp-content\/uploads\/2017\/04\/5.jpg?w=462&amp;ssl=1 462w, https:\/\/i2.wp.com\/logronopasion.com\/portal\/wp-content\/uploads\/2017\/04\/5.jpg?resize=300%2C205&amp;ssl=1 300w\" alt=\"\" width=\"200\" height=\"137\" \/><\/a><span style=\"text-decoration: underline;\"><strong>Cristo Yacente.<\/strong><\/span><\/p>\n<p><a href=\"https:\/\/i0.wp.com\/logronopasion.com\/portal\/wp-content\/uploads\/2014\/02\/Jueves-SAnto-2008-4.jpg\"><img loading=\"lazy\" decoding=\"async\" class=\"aligncenter wp-image-3358\" src=\"https:\/\/i0.wp.com\/logronopasion.com\/portal\/wp-content\/uploads\/2014\/02\/Jueves-SAnto-2008-4.jpg?resize=500%2C333\" sizes=\"auto, (max-width: 500px) 100vw, 500px\" srcset=\"https:\/\/i0.wp.com\/logronopasion.com\/portal\/wp-content\/uploads\/2014\/02\/Jueves-SAnto-2008-4.jpg?w=591&amp;ssl=1 591w, https:\/\/i0.wp.com\/logronopasion.com\/portal\/wp-content\/uploads\/2014\/02\/Jueves-SAnto-2008-4.jpg?resize=300%2C200&amp;ssl=1 300w\" alt=\"\" width=\"500\" height=\"333\" \/><\/a><a href=\"https:\/\/i2.wp.com\/logronopasion.com\/portal\/wp-content\/uploads\/2017\/04\/6.jpg\"><img loading=\"lazy\" decoding=\"async\" class=\"aligncenter wp-image-5221\" src=\"https:\/\/i2.wp.com\/logronopasion.com\/portal\/wp-content\/uploads\/2017\/04\/6.jpg?resize=200%2C136\" sizes=\"auto, (max-width: 200px) 100vw, 200px\" srcset=\"https:\/\/i2.wp.com\/logronopasion.com\/portal\/wp-content\/uploads\/2017\/04\/6.jpg?w=462&amp;ssl=1 462w, https:\/\/i2.wp.com\/logronopasion.com\/portal\/wp-content\/uploads\/2017\/04\/6.jpg?resize=300%2C205&amp;ssl=1 300w\" alt=\"\" width=\"200\" height=\"137\" \/><\/a><span style=\"text-decoration: underline;\"><strong>St\u00e1bat Mater<\/strong><\/span><\/p>\n<p><a href=\"https:\/\/i1.wp.com\/logronopasion.com\/portal\/wp-content\/uploads\/2013\/03\/Stabat-Mater-2.jpg\"><img loading=\"lazy\" decoding=\"async\" class=\"aligncenter wp-image-2162\" src=\"https:\/\/i1.wp.com\/logronopasion.com\/portal\/wp-content\/uploads\/2013\/03\/Stabat-Mater-2.jpg?resize=500%2C439\" sizes=\"auto, (max-width: 500px) 100vw, 500px\" srcset=\"https:\/\/i1.wp.com\/logronopasion.com\/portal\/wp-content\/uploads\/2013\/03\/Stabat-Mater-2.jpg?w=518&amp;ssl=1 518w, https:\/\/i1.wp.com\/logronopasion.com\/portal\/wp-content\/uploads\/2013\/03\/Stabat-Mater-2.jpg?resize=300%2C263&amp;ssl=1 300w\" alt=\"\" width=\"500\" height=\"439\" \/><\/a><a href=\"https:\/\/i2.wp.com\/logronopasion.com\/portal\/wp-content\/uploads\/2017\/04\/3.jpg\"><img loading=\"lazy\" decoding=\"async\" class=\"aligncenter wp-image-5217\" src=\"https:\/\/i2.wp.com\/logronopasion.com\/portal\/wp-content\/uploads\/2017\/04\/3.jpg?resize=200%2C136\" sizes=\"auto, (max-width: 200px) 100vw, 200px\" srcset=\"https:\/\/i2.wp.com\/logronopasion.com\/portal\/wp-content\/uploads\/2017\/04\/3.jpg?w=462&amp;ssl=1 462w, https:\/\/i2.wp.com\/logronopasion.com\/portal\/wp-content\/uploads\/2017\/04\/3.jpg?resize=300%2C205&amp;ssl=1 300w\" alt=\"\" width=\"200\" height=\"137\" \/><\/a><span style=\"text-decoration: underline;\"><strong>Sto. Cristo de las \u00c1nimas.<\/strong><\/span><\/p>\n<p><a href=\"https:\/\/i1.wp.com\/logronopasion.com\/portal\/wp-content\/uploads\/2017\/04\/Cristo-de-Animas.jpg\"><img loading=\"lazy\" decoding=\"async\" class=\"aligncenter wp-image-5199\" src=\"https:\/\/i1.wp.com\/logronopasion.com\/portal\/wp-content\/uploads\/2017\/04\/Cristo-de-Animas.jpg?resize=500%2C600\" alt=\"\" width=\"500\" height=\"600\" \/><\/a><\/p>\n<p><a href=\"https:\/\/i2.wp.com\/logronopasion.com\/portal\/wp-content\/uploads\/2017\/04\/7.jpg\"><img loading=\"lazy\" decoding=\"async\" class=\"aligncenter wp-image-5222\" src=\"https:\/\/i2.wp.com\/logronopasion.com\/portal\/wp-content\/uploads\/2017\/04\/7.jpg?resize=200%2C136\" sizes=\"auto, (max-width: 200px) 100vw, 200px\" srcset=\"https:\/\/i2.wp.com\/logronopasion.com\/portal\/wp-content\/uploads\/2017\/04\/7.jpg?w=462&amp;ssl=1 462w, https:\/\/i2.wp.com\/logronopasion.com\/portal\/wp-content\/uploads\/2017\/04\/7.jpg?resize=300%2C205&amp;ssl=1 300w\" alt=\"\" width=\"200\" height=\"137\" \/><\/a><span style=\"text-decoration: underline;\"><strong>El Descendimiento del Se\u00f1or.<\/strong><\/span><\/p>\n<p><a href=\"https:\/\/i2.wp.com\/logronopasion.com\/portal\/wp-content\/uploads\/2017\/04\/descen.jpg\"><img loading=\"lazy\" decoding=\"async\" class=\"aligncenter wp-image-5212\" src=\"https:\/\/i2.wp.com\/logronopasion.com\/portal\/wp-content\/uploads\/2017\/04\/descen.jpg?resize=500%2C653\" sizes=\"auto, (max-width: 500px) 100vw, 500px\" srcset=\"https:\/\/i2.wp.com\/logronopasion.com\/portal\/wp-content\/uploads\/2017\/04\/descen.jpg?w=613&amp;ssl=1 613w, https:\/\/i2.wp.com\/logronopasion.com\/portal\/wp-content\/uploads\/2017\/04\/descen.jpg?resize=230%2C300&amp;ssl=1 230w\" alt=\"\" width=\"500\" height=\"653\" \/><\/a><\/p>\n<p><a href=\"https:\/\/i2.wp.com\/logronopasion.com\/portal\/wp-content\/uploads\/2017\/04\/8.jpg\"><img loading=\"lazy\" decoding=\"async\" class=\"aligncenter wp-image-5223\" src=\"https:\/\/i2.wp.com\/logronopasion.com\/portal\/wp-content\/uploads\/2017\/04\/8.jpg?resize=200%2C136\" sizes=\"auto, (max-width: 200px) 100vw, 200px\" srcset=\"https:\/\/i2.wp.com\/logronopasion.com\/portal\/wp-content\/uploads\/2017\/04\/8.jpg?w=462&amp;ssl=1 462w, https:\/\/i2.wp.com\/logronopasion.com\/portal\/wp-content\/uploads\/2017\/04\/8.jpg?resize=300%2C205&amp;ssl=1 300w\" alt=\"\" width=\"200\" height=\"137\" \/><\/a><span style=\"text-decoration: underline;\"><strong>Nuestra Se\u00f1ora de La Piedad.<\/strong><\/span><\/p>\n<p><a href=\"https:\/\/i2.wp.com\/logronopasion.com\/portal\/wp-content\/uploads\/2017\/04\/lapiedad2.jpg\"><img loading=\"lazy\" decoding=\"async\" class=\"aligncenter wp-image-5181\" src=\"https:\/\/i2.wp.com\/logronopasion.com\/portal\/wp-content\/uploads\/2017\/04\/lapiedad2.jpg?resize=500%2C748\" sizes=\"auto, (max-width: 500px) 100vw, 500px\" srcset=\"https:\/\/i2.wp.com\/logronopasion.com\/portal\/wp-content\/uploads\/2017\/04\/lapiedad2.jpg?w=508&amp;ssl=1 508w, https:\/\/i2.wp.com\/logronopasion.com\/portal\/wp-content\/uploads\/2017\/04\/lapiedad2.jpg?resize=201%2C300&amp;ssl=1 201w\" alt=\"\" width=\"500\" height=\"748\" \/><\/a><\/p>\n<p><a href=\"https:\/\/i2.wp.com\/logronopasion.com\/portal\/wp-content\/uploads\/2017\/04\/9.jpg\"><img loading=\"lazy\" decoding=\"async\" class=\"aligncenter wp-image-5224\" src=\"https:\/\/i2.wp.com\/logronopasion.com\/portal\/wp-content\/uploads\/2017\/04\/9.jpg?resize=200%2C136\" sizes=\"auto, (max-width: 200px) 100vw, 200px\" srcset=\"https:\/\/i2.wp.com\/logronopasion.com\/portal\/wp-content\/uploads\/2017\/04\/9.jpg?w=462&amp;ssl=1 462w, https:\/\/i2.wp.com\/logronopasion.com\/portal\/wp-content\/uploads\/2017\/04\/9.jpg?resize=300%2C205&amp;ssl=1 300w\" alt=\"\" width=\"200\" height=\"137\" \/><\/a><span style=\"text-decoration: underline;\"><strong>Santo Sepulcro.<\/strong><\/span><\/p>\n<p><a href=\"https:\/\/i0.wp.com\/logronopasion.com\/portal\/wp-content\/uploads\/2017\/04\/sepulcro.jpg\"><img loading=\"lazy\" decoding=\"async\" class=\"aligncenter wp-image-5211\" src=\"https:\/\/i0.wp.com\/logronopasion.com\/portal\/wp-content\/uploads\/2017\/04\/sepulcro.jpg?resize=600%2C313\" sizes=\"auto, (max-width: 600px) 100vw, 600px\" srcset=\"https:\/\/i0.wp.com\/logronopasion.com\/portal\/wp-content\/uploads\/2017\/04\/sepulcro.jpg?w=866&amp;ssl=1 866w, https:\/\/i0.wp.com\/logronopasion.com\/portal\/wp-content\/uploads\/2017\/04\/sepulcro.jpg?resize=300%2C157&amp;ssl=1 300w, https:\/\/i0.wp.com\/logronopasion.com\/portal\/wp-content\/uploads\/2017\/04\/sepulcro.jpg?resize=768%2C401&amp;ssl=1 768w\" alt=\"\" width=\"600\" height=\"313\" \/><\/a><a href=\"https:\/\/i0.wp.com\/logronopasion.com\/portal\/wp-content\/uploads\/2017\/04\/10.jpg\"><img loading=\"lazy\" decoding=\"async\" class=\"aligncenter wp-image-5225\" src=\"https:\/\/i0.wp.com\/logronopasion.com\/portal\/wp-content\/uploads\/2017\/04\/10.jpg?resize=200%2C136\" sizes=\"auto, (max-width: 200px) 100vw, 200px\" srcset=\"https:\/\/i0.wp.com\/logronopasion.com\/portal\/wp-content\/uploads\/2017\/04\/10.jpg?w=462&amp;ssl=1 462w, https:\/\/i0.wp.com\/logronopasion.com\/portal\/wp-content\/uploads\/2017\/04\/10.jpg?resize=300%2C205&amp;ssl=1 300w\" alt=\"\" width=\"200\" height=\"137\" \/><\/a><span style=\"text-decoration: underline;\"><strong>Mar\u00eda, Madre Dolorosa.<\/strong><\/span><\/p>\n<p><a href=\"https:\/\/i0.wp.com\/logronopasion.com\/portal\/wp-content\/uploads\/2014\/02\/Virgen-de-la-Soledad.jpg\"><img loading=\"lazy\" decoding=\"async\" class=\"aligncenter wp-image-3353\" src=\"https:\/\/i0.wp.com\/logronopasion.com\/portal\/wp-content\/uploads\/2014\/02\/Virgen-de-la-Soledad.jpg?resize=600%2C394\" sizes=\"auto, (max-width: 600px) 100vw, 600px\" srcset=\"https:\/\/i0.wp.com\/logronopasion.com\/portal\/wp-content\/uploads\/2014\/02\/Virgen-de-la-Soledad.jpg?w=455&amp;ssl=1 455w, https:\/\/i0.wp.com\/logronopasion.com\/portal\/wp-content\/uploads\/2014\/02\/Virgen-de-la-Soledad.jpg?resize=300%2C197&amp;ssl=1 300w\" alt=\"\" width=\"600\" height=\"394\" \/><\/a><a href=\"https:\/\/i2.wp.com\/logronopasion.com\/portal\/wp-content\/uploads\/2017\/04\/11-1.jpg\"><img loading=\"lazy\" decoding=\"async\" class=\"aligncenter wp-image-5226\" src=\"https:\/\/i2.wp.com\/logronopasion.com\/portal\/wp-content\/uploads\/2017\/04\/11-1.jpg?resize=200%2C136\" sizes=\"auto, (max-width: 200px) 100vw, 200px\" srcset=\"https:\/\/i2.wp.com\/logronopasion.com\/portal\/wp-content\/uploads\/2017\/04\/11-1.jpg?w=462&amp;ssl=1 462w, https:\/\/i2.wp.com\/logronopasion.com\/portal\/wp-content\/uploads\/2017\/04\/11-1.jpg?resize=300%2C205&amp;ssl=1 300w\" alt=\"\" width=\"200\" height=\"137\" \/><\/a><\/p>\n<\/div>\n<\/div>\n<p>&nbsp;<\/p>\n<p>&nbsp;<\/p>\n<p>&nbsp;<\/p>\n<div class=\"entry-content-wrap\">\n<div class=\"entry-content\">\n<header class=\"entry-header\">\n<div class=\"header-details-wrapper\">\n<div class=\"entry-header-details\">\n<h3 class=\"entry-title\" style=\"text-align: center;\"><span style=\"text-decoration: underline;\">Sufrimiento y dolor humano de Jesucristo.<\/span><\/h3>\n<\/div>\n<\/div>\n<div class=\"aft-post-thumbnail-wrapper\">\n<div class=\"post-thumbnail full-width-image\"><img loading=\"lazy\" decoding=\"async\" class=\"attachment-covernews-featured size-covernews-featured wp-post-image\" src=\"https:\/\/i1.wp.com\/logronopasion.com\/portal\/wp-content\/uploads\/2019\/04\/Veronica-e1555678771981.jpg?fit=1024%2C683&amp;ssl=1\" alt=\"\" width=\"1024\" height=\"683\" \/><\/div>\n<\/div>\n<\/header>\n<div class=\"entry-content\">\n<p>La pregunta, sobre todo para los creyentes, es muy dura. Los evangelios,<strong> San Marcos <\/strong>en particular, establecen una cronolog\u00eda para la tortura tras la cena pascual, la \u00faltima que celebr\u00f3 con sus ap\u00f3stoles: a la hora tercia (comenzaba a las nueve de la ma\u00f1ana) fue condenado, a la sexta (las doce) fue crucificado y a la nona (las tres de la tarde) expir\u00f3. La explicaci\u00f3n procede de <strong>Vicente Balaguer<\/strong>, director y profesor del departamento de Sagrada Escritura de la Universidad de Navarra, quien realiza para el diario ABC el esfuerzo de sumergirse en el relato de los cuatro evangelistas que de una u otra manera contaron c\u00f3mo fueron aquellos d\u00edas tr\u00e1gicos para el mundo, que se han dado en llamar Semana Santa en el nuestro. \u00abTodo sucedi\u00f3 en unas 12-14 horas, desde la agon\u00eda en el Huerto de los Olivos, las doce, una o dos de la madrugada del Jueves (el canto del gallo es hacia las tres de la madrugada) y que es el comienzo f\u00edsico de la Pasi\u00f3n, hasta las tres de la tarde del d\u00eda siguiente, viernes, establece otro estudioso de estos relatos desde su \u00f3ptica profesional, el catedr\u00e1tico de Fisiolog\u00eda, <strong>Santiago Santidri\u00e1n Alegre<\/strong>, tambi\u00e9n de la Universidad de Navarra. Era el mes de Nis\u00e1n, que coincide con los meses de marzo o abril de nuestro calendario.<\/p>\n<p><a href=\"https:\/\/i0.wp.com\/logronopasion.com\/portal\/wp-content\/uploads\/2019\/04\/la-pasion-de-Cristo.jpg?ssl=1\"><img loading=\"lazy\" decoding=\"async\" class=\"aligncenter wp-image-6167\" src=\"https:\/\/i0.wp.com\/logronopasion.com\/portal\/wp-content\/uploads\/2019\/04\/la-pasion-de-Cristo.jpg?resize=350%2C538&amp;ssl=1\" alt=\"\" width=\"350\" height=\"538\" \/><\/a><\/p>\n<p>De la mano de <strong>fisi\u00f3logos, m\u00e9dicos e historiadores <\/strong>que han abordado intr\u00ednsecamente esas horas de sumo martirio y desprendimiento del ser humano repasamos esas vejaciones, golpes y el largo proceso ag\u00f3nico que tuvo que padecer el redentor. \u00c9l mismo se hab\u00eda encargado de anunciarlo y estaba seguro de su muerte para la posterior resurrecci\u00f3n y salvaci\u00f3n del mundo. <strong>\u00abJes\u00fas dio otro grito fuerte y exhal\u00f3 el esp\u00edritu\u00bb, <\/strong>recogen los evangelios, pero hasta ese momento tuvo que sufrir la flagelaci\u00f3n, la humillaci\u00f3n de ser escupido por los soldados romanos, el trato como un esclavo cargando la cruz, el dolor de la corona de espinas y la agon\u00eda m\u00e1xima de la crucifixi\u00f3n. Pel\u00edculas y libros como La Pasi\u00f3n de Cristo, han tratado de recrear la dureza sin parang\u00f3n de estas horas para un ser humano, mas no parece haber un sufrimiento tan extremo y soportable por un organismo como el que se va a contar, y para lo que <strong>rogamos no contin\u00fae leyendo la persona muy sensible<\/strong> o para la que resulten tormentosas estas explicaciones de lo que Jes\u00fas padeci\u00f3 por los hombres.<\/p>\n<p>Han pasado m\u00e1s de dos mil a\u00f1os, y en este tiempo es abultada la documentaci\u00f3n cient\u00edfica e hist\u00f3rica que trata de acercarse a los aspectos m\u00e9dicos de la muerte de Jesucristo, que existen ya desde el siglo I. \u00abCon base a los conocimientos de la Fisiopatolog\u00eda del paciente traumatizado, se puede llegar a inferir que Jes\u00fas <strong>sufri\u00f3 el m\u00e1s cruel de los castigos,<\/strong> el m\u00e1s inhumano y despiadado de los tratos que puede recibir alguien<strong>\u00bb<\/strong>, escribe desde Barranquilla el m\u00e9dico interno y de cuidados intensivos <strong>Rub\u00e9n Dar\u00edo Camargo.<\/strong> Hist\u00f3ricamente este acontecimiento se inicia durante la celebraci\u00f3n de la Pascua Jud\u00eda. Los escritores sagrados ya plasman lo acaecido en el Huerto de los Olivos o Getseman\u00ed. Aqu\u00ed, fue tal el grado de sufrimiento moral, que <strong>present\u00f3 como manifestaci\u00f3n som\u00e1tica el sudor de sangre<\/strong>, o hematidrosis, \u00absudor de sangre que le cubri\u00f3 todo el cuerpo y corri\u00f3 en gruesas gotas hasta la tierra\u00bb (Lucas, 22,43). Jes\u00fas, a\u00fan sabiendo lo que le esperaba, manifest\u00f3 una angustia intensa tal que sud\u00f3 sangre. A partir de este momento se a\u00f1adi\u00f3 tambi\u00e9n el ayuno durante el juicio y todo el suplicio hasta su muerte. Comparte el catedr\u00e1tico de Fisiolog\u00eda Santidri\u00e1n: \u00abSan Lucas, m\u00e9dico, escribe en su evangelio que Jes\u00fas sud\u00f3 sangre y que \u00e9sta empap\u00f3 la tierra del suelo del Huerto. Lo cierto es que describe una hematidrosis, situaci\u00f3n extremadamente rara que se ha descrito en personas en las horas previas a una ejecuci\u00f3n cierta, irrevocable y extremadamente cruel\u00bb.<\/p>\n<p><a href=\"https:\/\/i0.wp.com\/logronopasion.com\/portal\/wp-content\/uploads\/2019\/04\/untitled.jpg?ssl=1\"><img loading=\"lazy\" decoding=\"async\" class=\"aligncenter wp-image-6166\" src=\"https:\/\/i0.wp.com\/logronopasion.com\/portal\/wp-content\/uploads\/2019\/04\/untitled.jpg?resize=500%2C381&amp;ssl=1\" alt=\"\" width=\"500\" height=\"381\" \/><\/a>Tambi\u00e9n escribe sobre este calvario f\u00edsico en la revista \u00abDer Spiegel Historia\u00bb el pat\u00f3logo alem\u00e1n <strong>Frederik Zugibe<\/strong>, quien afirma desde el punto de vista cient\u00edfico: \u00abFue un conjunto de diferentes causas lo que llev\u00f3 a Jes\u00fas a la muerte. Evidentemente Jes\u00fas sent\u00eda con tranquilidad c\u00f3mo suceder\u00edan las horas venideras, por ello durante un momento con sus disc\u00edpulos sud\u00f3 sangre, algo que los m\u00e9dicos conocen como u<strong>n claro s\u00edntoma de estar bajo un grand\u00edsimo estr\u00e9s o angustia de muerte<\/strong>. Ser apaleado y vejado por los fan\u00e1ticos, como le ocurri\u00f3 en casa del <strong>sacerdote Caif\u00e1s,<\/strong> al inicio del jueves, habr\u00eda inquietado fuertemente a la persona m\u00e1s valiente. Pero mucho m\u00e1s dram\u00e1tica fue la tortura que sigui\u00f3 y que se llev\u00f3 a cabo con el flagran\u00bb, una fusta con varias correas de cuero y a cuyos extremos los romanos colocaban trozos de huesos de oveja o bolas de plomo. Y Zugibe equipara: \u00abEs como si a uno le dieran un golpe en las costillas con extrema violencia con un bate de beisbol, provocando un intenso dolor durante semanas\u00bb.<\/p>\n<p>Los expertos consultados <strong>hablan de los 39 latigazos <\/strong>(porque 40 es la cantidad m\u00e1xima que tolera la ley jud\u00eda) <strong>que recibir\u00eda con probabilidad el Salvador<\/strong>. El doctor Zugibe plasma que el t\u00f3rax y los pulmones sufrieron en este punto grandes da\u00f1os. La flagelaci\u00f3n es la romana, llamada \u00abverberatio\u00bb, y que se aplicaba solamente a esclavos y soldados rebeldes. Se practicaba con el flagrum (flagelo o azote) y era por s\u00ed sola tan brutal que a veces por s\u00ed sola ya provocaba el deceso.<\/p>\n<p><a href=\"https:\/\/i0.wp.com\/logronopasion.com\/portal\/wp-content\/uploads\/2019\/04\/flagelacion-de-jesucristo.jpg?ssl=1\"><img loading=\"lazy\" decoding=\"async\" class=\"aligncenter wp-image-6165\" src=\"https:\/\/i0.wp.com\/logronopasion.com\/portal\/wp-content\/uploads\/2019\/04\/flagelacion-de-jesucristo.jpg?resize=640%2C455&amp;ssl=1\" sizes=\"auto, (max-width: 640px) 100vw, 640px\" srcset=\"https:\/\/i0.wp.com\/logronopasion.com\/portal\/wp-content\/uploads\/2019\/04\/flagelacion-de-jesucristo.jpg?w=960&amp;ssl=1 960w, https:\/\/i0.wp.com\/logronopasion.com\/portal\/wp-content\/uploads\/2019\/04\/flagelacion-de-jesucristo.jpg?resize=300%2C213&amp;ssl=1 300w, https:\/\/i0.wp.com\/logronopasion.com\/portal\/wp-content\/uploads\/2019\/04\/flagelacion-de-jesucristo.jpg?resize=768%2C546&amp;ssl=1 768w\" alt=\"\" width=\"640\" height=\"455\" \/><\/a><\/p>\n<p>El barbarismo no hab\u00eda hecho m\u00e1s que comenzar. Los soldados romanos, que iban escupi\u00e9ndole para hacer m\u00e1s grande su humillaci\u00f3n, le pusieron una corona de espinas (que causan m\u00faltiples heridas peque\u00f1as punzantes) y le golpearon la cabeza con una ca\u00f1a. Las palabras de los calumniadores debieron suponer para \u00e9l la segunda coronaci\u00f3n, escriben algunos historiadores del hecho. Para el pat\u00f3logo germano, \u00abesa coronaci\u00f3n s\u00e1dica se podr\u00eda comparar a aplicar sobre la carne un atizador de hierro candente\u00bb. Costumbre romana tambi\u00e9n para los que hab\u00edan perdido todos sus derechos ciudadanos era obligarle a cargar la cruz, durante un recorrido de algo m\u00e1s de medio kil\u00f3metro, hasta lo alto del <strong>monte G\u00f3lgota<\/strong> (que en hebreo significar\u00eda algo as\u00ed como <strong>\u00ablugar de la calavera\u00bb y cuya traducci\u00f3n latina es calvario)<\/strong>. La cruz pesaba m\u00e1s de 300 libras o 136 kilos; Jes\u00fas carg\u00f3 con entre 75 y 125 libras del pat\u00edbulo en su nuca y se balanceaba sobre sus hombros. Antes se le dio <strong>una bebida narc\u00f3tica que Jes\u00fas no quiso probar. <\/strong><\/p>\n<p><a href=\"https:\/\/i0.wp.com\/logronopasion.com\/portal\/wp-content\/uploads\/2019\/04\/Clavos.jpg?ssl=1\"><img loading=\"lazy\" decoding=\"async\" class=\"aligncenter wp-image-6164\" src=\"https:\/\/i0.wp.com\/logronopasion.com\/portal\/wp-content\/uploads\/2019\/04\/Clavos.jpg?resize=640%2C853&amp;ssl=1\" sizes=\"auto, (max-width: 640px) 100vw, 640px\" srcset=\"https:\/\/i0.wp.com\/logronopasion.com\/portal\/wp-content\/uploads\/2019\/04\/Clavos.jpg?w=640&amp;ssl=1 640w, https:\/\/i0.wp.com\/logronopasion.com\/portal\/wp-content\/uploads\/2019\/04\/Clavos.jpg?resize=225%2C300&amp;ssl=1 225w\" alt=\"\" width=\"500\" height=\"666\" \/><\/a><\/p>\n<p>Al ser colgado en la cruz, con clavos de doce cent\u00edmetros de largo en los talones y mu\u00f1ecas que le sujetaban al pat\u00edbulo, \u00abJes\u00fas sufri\u00f3 los dolores m\u00e1s terribles que conoce la humanidad \u2013remacha Zugibe-, ya que con el m\u00e1s m\u00ednimo movimiento en la cruz, el dolor se extend\u00eda por todo el cuerpo como un golpe de corriente\u00bb y fuertes contracciones. Pese a todo, en la intensidad de la narraci\u00f3n de los cuatro evangelios y <strong>en los discursos de los ap\u00f3stoles se percibe la grandeza de Jes\u00fas<\/strong>. As\u00ed la pone de relieve por ejemplo <strong>San Mateo<\/strong> ante la perfidia de sus acusadores, recuerda con sus escritos el profesor Balaguer. Y <strong>San Juan <\/strong>como si tuviese plena consciencia y control de su situaci\u00f3n. \u00abLos autores sagrados no est\u00e1n interesados tanto en el sufrimiento de Jes\u00fas como en su sentido. Por eso, no se encuentran en los textos \u201cvaloraciones\u201d del sufrimiento o del dolor. La descripci\u00f3n es muy \u201csobria\u201d, el material es narrativo, m\u00e1s que descriptivo\u00bb, avala Vicente Balaguer. Con todo, \u00abel evangelio ofrece suficientes datos para que el lector conozca el sufrimiento de Jes\u00fas: habla de la oraci\u00f3n, del llevar a Jes\u00fas arrestado, de la noche sin dormir, del escarnio, la flagelaci\u00f3n, la corona de espinas y as\u00ed hasta la muerte\u00bb. Santidri\u00e1n recoge: \u00ab<strong>El evangelio no ofrece ning\u00fan dato de alteraciones neurol\u00f3gicas ni ps\u00edquicas de Jes\u00fas<\/strong>; m\u00e1s bien, todo lo contrario: la capacidad de sufrir, perdonar y aceptar la pasi\u00f3n revelan una integridad espiritual, ps\u00edquica y neurol\u00f3gica\u00bb sin igual. Y eso que \u00abes dif\u00edcil imaginar m\u00e1s sufrimientro f\u00edsico y moral\u00bb, colige.<\/p>\n<p>Desde la \u00f3ptica m\u00e9dico-fisiol\u00f3gica en exclusiva, los doctores Dar\u00edo, Zugibe y Santidri\u00e1n describen que <strong>muri\u00f3 deshidratado, que estuvo durante tiempo al borde del shock hipovol\u00e9mico <\/strong>o colapso, con el cuerpo magullado, cortado y sangrante, con un dolor intenso, ardiente y horrible por el desgarro de los clavos en pies y manos, sintiendo, llegan a decir, como rel\u00e1mpagos atravesando el brazo hacia la m\u00e9dula espinal. En la cruz, la posici\u00f3n de estar clavado hace muy dif\u00edcil la respiraci\u00f3n. Cada movimiento, como <strong>un espasmo natural hacia arriba para poder tomar aire, se convertir\u00eda en un dolor inescrutable.<\/strong> Los doctores dan su opini\u00f3n m\u00e9dica acerca de que el efecto principal de la crucifixi\u00f3n era la interferencia con la respiraci\u00f3n normal, sobre todo en la espiraci\u00f3n muy comprometida, que ser\u00eda primero diafragm\u00e1tica y muy leve. Se producir\u00eda pronto retenci\u00f3n de CO2 o hipercapnia. En suma, cada esfuerzo de respiraci\u00f3n se volver\u00eda fatigoso y eventualmente llevar\u00eda a la asfixia, luego al fallecimiento. Tendr\u00eda adem\u00e1s<strong> una sed irreparable, fiebre y el dolor derivado por la inflamaci\u00f3n <\/strong>alrededor de cada herida abierta por los azotes y los clavos. Con falta de ox\u00edgeno, sin respirar bien, el clavado empujaba hacia arriba con los pies para permitir que los pulmones se expandieran, por lo que se escog\u00eda entre respirar (hipoxia pulmonar) o dejar caer el cuerpo agotado por el cansancio. Hay muchas teor\u00edas distintas sobre la verdadera raz\u00f3n de la muerte f\u00edsica de Jes\u00fas. \u00abIncluso la brisa le doler\u00eda\u00bb, ilustran algunos m\u00e9dicos. De todas las muertes, la de la cruz era la m\u00e1s inhumana, suplicio infamante que en el imperio romano se reservaba a los esclavos (\u00abservile supplicium\u00bb, se llamaba).<\/p>\n<p><a href=\"https:\/\/i1.wp.com\/logronopasion.com\/portal\/wp-content\/uploads\/2017\/04\/Pasion.jpg?ssl=1\"><img loading=\"lazy\" decoding=\"async\" class=\"aligncenter wp-image-5203 size-full\" src=\"https:\/\/logronopasion.com\/portal\/wp-content\/uploads\/2017\/04\/Pasion.jpg\" alt=\"\" width=\"512\" height=\"599\" srcset=\"https:\/\/www.logronopasion.com\/portal\/wp-content\/uploads\/2017\/04\/Pasion.jpg 512w, https:\/\/www.logronopasion.com\/portal\/wp-content\/uploads\/2017\/04\/Pasion-256x300.jpg 256w\" sizes=\"auto, (max-width: 512px) 100vw, 512px\" \/><\/a><\/p>\n<p>Y m\u00e1s a\u00fan: era costumbre de los romanos que los cuerpos de los crucificados permaneciesen horas en la cruz e incluso una operaci\u00f3n b\u00e1rbara llamada \u00abcrurifragium\u00bb, que era<strong> rematar a los ajusticiados<\/strong>, <strong>quebr\u00e1ndoles las piernas<\/strong>. Cuando llegaron a Jes\u00fas, renunciaron al golpe en las extremidades pero no al de gracia, <strong>atraves\u00e1ndole el pecho con una lanza.<\/strong> Sali\u00f3 sangre y agua del costado, por lo que los m\u00e9dicos han determinado aplicando el rigor cient\u00edfico que el pericardio que envuelve el coraz\u00f3n fue traspasado y perforado. El profesor Balaguer recupera a <strong>San Pedro:<\/strong> \u00abIsraelitas\u2026 le matasteis clav\u00e1ndole en la cruz por mano de los imp\u00edos. Pero Dios le resucit\u00f3 rompiendo las ataduras de la muerte, porque no era posible que \u00e9ste lo retuviera bajo su dominio\u00bb (2, 22-24). A partir de su muerte y resurrecci\u00f3n, los ap\u00f3stoles entendieron que en Jes\u00fas se hab\u00edan cumplido aquellos or\u00e1culos sobre el Siervo del Se\u00f1or. <strong>San Mateo<\/strong> lo dice expresamente y cita a Isa\u00edas 42, 1-4 al recordar c\u00f3mo actuaba Jes\u00fas curando a todos y ocultando su gloria. En el mismo sentido, al narrar la pasi\u00f3n del Se\u00f1or los evangelistas parece que tienen delante los poemas del Siervo sufriente para mostrar el valor expiatorio de la muerte de Cristo (Mt 26,63; 27, 13-14; e Is 53,7; Mt 27,38 e Is 53,12). En el salmo 22, se relata <strong>c\u00f3mo Jes\u00fas entiende su misi\u00f3n y acaba fijando una nota de esperanza: la salvaci\u00f3n<\/strong> de todas las naciones. \u00abEl grito de Jes\u00fas no es pues de desesperaci\u00f3n\u00bb, rescata el director del departamento de Sagrada Escritura de la Universidad de Navarra.<\/p>\n<p>\u00abEl siervo doliente call\u00f3. Hablaba para ense\u00f1ar, pero guard\u00f3 silencio ante el tribunal\u00bb. <strong>Los designios de Dios se cumplen tanto en la Pasi\u00f3n como en la muerte de Jes\u00fas<\/strong>, pero tambi\u00e9n en su resurrecci\u00f3n.<\/p>\n<p><a href=\"https:\/\/logronopasion.com\/portal\/wp-content\/uploads\/2014\/04\/SantoSepulcro.jpg\"><img loading=\"lazy\" decoding=\"async\" class=\"alignnone wp-image-3647\" src=\"https:\/\/logronopasion.com\/portal\/wp-content\/uploads\/2014\/04\/SantoSepulcro-300x199.jpg\" alt=\"\" width=\"500\" height=\"332\" srcset=\"https:\/\/www.logronopasion.com\/portal\/wp-content\/uploads\/2014\/04\/SantoSepulcro-300x199.jpg 300w, https:\/\/www.logronopasion.com\/portal\/wp-content\/uploads\/2014\/04\/SantoSepulcro-1024x680.jpg 1024w\" sizes=\"auto, (max-width: 500px) 100vw, 500px\" \/><\/a><\/p>\n<p>Dos mil a\u00f1os despu\u00e9s sigue sorprendiendo y enardeciendo al mundo c\u00f3mo fue condenado por el rechazo mesi\u00e1nico, por su confesi\u00f3n de que era el hijo de Dios. Isa\u00edas escribe: \u00abResucitar\u00e1 fecundo como la muerte del grano de trigo echado en el surco\u00bb. Jes\u00fas \u00abtom\u00f3 su cruz\u00bb y quiso asumir la condici\u00f3n de cada hombre, a fin de liberarlo del poder de la muerte debido al pecado. <strong>Carg\u00f3 con todos los pecados y culpas con un gesto de amor infinito, <\/strong>su muerte no fue casual, \u00e9l mismo la hab\u00eda anunciado a sus disc\u00edpulos para prevenirlos de lo que pudiese originar un suplicio as\u00ed para ellos y su fe. Por ello no se encontrar\u00e1 en ninguno de los relatos de los evangelistas la presentaci\u00f3n de estas horas ag\u00f3nicas como la muerte de un prohombre o como elemento negativo para el porvenir. Burlas, azotes, escupitajos, bofetadas, degradaciones\u2026 \u00abT\u00fa que destru\u00edas el templo y lo reconstru\u00edas en tres d\u00edas, baja de la cruz\u00bb, le gritaban los fariseos. \u00abHasta los bandidos que estaban crucificados con \u00e9l lo insultaban. Ignoraban que estando en vida, anunci\u00f3: \u201cA los tres d\u00edas, resucitar\u00e9\u201d\u00bb. Con su muerte sellaba una vida de amor.<\/p>\n<\/div>\n<\/div>\n<\/div>\n","protected":false},"excerpt":{"rendered":"<p>Historia y Magna Procesi\u00f3n del Santo Entierro. Pasi\u00f3n del Se\u00f1or. (Paso de la Crucifixi\u00f3n del Se\u00f1or. Logro\u00f1o a\u00f1o 1940) Las celebraciones de Semana Santa en Logro\u00f1o, al igual que en el resto de Espa\u00f1a, estuvieron siempre desarrolladas e impulsadas por los Padres Franciscanos que fueron los que extendieron \u00e9sta devoci\u00f3n a la Pasi\u00f3n de Cristo a partir del siglo XV. La devoci\u00f3n de \u00e9stos frailes por el Misterio de la Pasi\u00f3n del Se\u00f1or y el hecho de ser ellos los custodios de los Santos Lugares de Jerusal\u00e9n, tuvieron una notable influencia en el nacimiento de las cofrad\u00edas de la Vera&hellip; <\/p>\n","protected":false},"author":18,"featured_media":5199,"comment_status":"open","ping_status":"open","sticky":false,"template":"","format":"standard","meta":{"_bbp_topic_count":0,"_bbp_reply_count":0,"_bbp_total_topic_count":0,"_bbp_total_reply_count":0,"_bbp_voice_count":0,"_bbp_anonymous_reply_count":0,"_bbp_topic_count_hidden":0,"_bbp_reply_count_hidden":0,"_bbp_forum_subforum_count":0,"_crdt_document":"","footnotes":""},"categories":[39,38,3],"tags":[],"class_list":["post-6700","post","type-post","status-publish","format-standard","has-post-thumbnail","hentry","category-semana-santa-2020","category-destacados","category-iglesia"],"yoast_head":"<!-- This site is optimized with the Yoast SEO plugin v27.5 - https:\/\/yoast.com\/product\/yoast-seo-wordpress\/ -->\n<title>La Pasion y Muerte de Jes\u00fas - Logro\u00f1o Pasi\u00f3n<\/title>\n<meta name=\"robots\" content=\"index, follow, max-snippet:-1, max-image-preview:large, max-video-preview:-1\" \/>\n<link rel=\"canonical\" href=\"https:\/\/www.logronopasion.com\/portal\/la-pasion-y-muerte-de-jesus\/\" \/>\n<meta property=\"og:locale\" content=\"es_ES\" \/>\n<meta property=\"og:type\" content=\"article\" \/>\n<meta property=\"og:title\" content=\"La Pasion y Muerte de Jes\u00fas - Logro\u00f1o Pasi\u00f3n\" \/>\n<meta property=\"og:description\" content=\"Historia y Magna Procesi\u00f3n del Santo Entierro. Pasi\u00f3n del Se\u00f1or. (Paso de la Crucifixi\u00f3n del Se\u00f1or. Logro\u00f1o a\u00f1o 1940) Las celebraciones de Semana Santa en Logro\u00f1o, al igual que en el resto de Espa\u00f1a, estuvieron siempre desarrolladas e impulsadas por los Padres Franciscanos que fueron los que extendieron \u00e9sta devoci\u00f3n a la Pasi\u00f3n de Cristo a partir del siglo XV. La devoci\u00f3n de \u00e9stos frailes por el Misterio de la Pasi\u00f3n del Se\u00f1or y el hecho de ser ellos los custodios de los Santos Lugares de Jerusal\u00e9n, tuvieron una notable influencia en el nacimiento de las cofrad\u00edas de la Vera&hellip;\" \/>\n<meta property=\"og:url\" content=\"https:\/\/www.logronopasion.com\/portal\/la-pasion-y-muerte-de-jesus\/\" \/>\n<meta property=\"og:site_name\" content=\"Logro\u00f1o Pasi\u00f3n\" \/>\n<meta property=\"article:publisher\" content=\"https:\/\/www.facebook.com\/logronopasion\" \/>\n<meta property=\"article:published_time\" content=\"2020-04-10T14:44:54+00:00\" \/>\n<meta property=\"article:modified_time\" content=\"2020-04-10T16:30:18+00:00\" \/>\n<meta property=\"og:image\" content=\"https:\/\/www.logronopasion.com\/portal\/wp-content\/uploads\/2017\/04\/Cristo-de-Animas-e1586529830598.jpg\" \/>\n\t<meta property=\"og:image:width\" content=\"300\" \/>\n\t<meta property=\"og:image:height\" content=\"360\" \/>\n\t<meta property=\"og:image:type\" content=\"image\/jpeg\" \/>\n<meta name=\"author\" content=\"Logronopasion.com\" \/>\n<meta name=\"twitter:card\" content=\"summary_large_image\" \/>\n<meta name=\"twitter:creator\" content=\"@LogronoPasion\" \/>\n<meta name=\"twitter:site\" content=\"@LogronoPasion\" \/>\n<meta name=\"twitter:label1\" content=\"Escrito por\" \/>\n\t<meta name=\"twitter:data1\" content=\"Logronopasion.com\" \/>\n\t<meta name=\"twitter:label2\" content=\"Tiempo de lectura\" \/>\n\t<meta name=\"twitter:data2\" content=\"17 minutos\" \/>\n<script type=\"application\/ld+json\" class=\"yoast-schema-graph\">{\"@context\":\"https:\\\/\\\/schema.org\",\"@graph\":[{\"@type\":\"Article\",\"@id\":\"https:\\\/\\\/www.logronopasion.com\\\/portal\\\/la-pasion-y-muerte-de-jesus\\\/#article\",\"isPartOf\":{\"@id\":\"https:\\\/\\\/www.logronopasion.com\\\/portal\\\/la-pasion-y-muerte-de-jesus\\\/\"},\"author\":{\"name\":\"Logronopasion.com\",\"@id\":\"https:\\\/\\\/www.logronopasion.com\\\/portal\\\/#\\\/schema\\\/person\\\/39728c7f1ab39edc31b0bc671a7fcb0b\"},\"headline\":\"La Pasion y Muerte de Jes\u00fas\",\"datePublished\":\"2020-04-10T14:44:54+00:00\",\"dateModified\":\"2020-04-10T16:30:18+00:00\",\"mainEntityOfPage\":{\"@id\":\"https:\\\/\\\/www.logronopasion.com\\\/portal\\\/la-pasion-y-muerte-de-jesus\\\/\"},\"wordCount\":3493,\"commentCount\":0,\"publisher\":{\"@id\":\"https:\\\/\\\/www.logronopasion.com\\\/portal\\\/#organization\"},\"image\":{\"@id\":\"https:\\\/\\\/www.logronopasion.com\\\/portal\\\/la-pasion-y-muerte-de-jesus\\\/#primaryimage\"},\"thumbnailUrl\":\"https:\\\/\\\/www.logronopasion.com\\\/portal\\\/wp-content\\\/uploads\\\/2017\\\/04\\\/Cristo-de-Animas-e1586529830598.jpg\",\"articleSection\":[\"Cuaresma y Semana Santa 2020\",\"Destacados\",\"Iglesia - estado, sociedad y religi\u00f3n\"],\"inLanguage\":\"es\",\"potentialAction\":[{\"@type\":\"CommentAction\",\"name\":\"Comment\",\"target\":[\"https:\\\/\\\/www.logronopasion.com\\\/portal\\\/la-pasion-y-muerte-de-jesus\\\/#respond\"]}]},{\"@type\":\"WebPage\",\"@id\":\"https:\\\/\\\/www.logronopasion.com\\\/portal\\\/la-pasion-y-muerte-de-jesus\\\/\",\"url\":\"https:\\\/\\\/www.logronopasion.com\\\/portal\\\/la-pasion-y-muerte-de-jesus\\\/\",\"name\":\"La Pasion y Muerte de Jes\u00fas - Logro\u00f1o Pasi\u00f3n\",\"isPartOf\":{\"@id\":\"https:\\\/\\\/www.logronopasion.com\\\/portal\\\/#website\"},\"primaryImageOfPage\":{\"@id\":\"https:\\\/\\\/www.logronopasion.com\\\/portal\\\/la-pasion-y-muerte-de-jesus\\\/#primaryimage\"},\"image\":{\"@id\":\"https:\\\/\\\/www.logronopasion.com\\\/portal\\\/la-pasion-y-muerte-de-jesus\\\/#primaryimage\"},\"thumbnailUrl\":\"https:\\\/\\\/www.logronopasion.com\\\/portal\\\/wp-content\\\/uploads\\\/2017\\\/04\\\/Cristo-de-Animas-e1586529830598.jpg\",\"datePublished\":\"2020-04-10T14:44:54+00:00\",\"dateModified\":\"2020-04-10T16:30:18+00:00\",\"inLanguage\":\"es\",\"potentialAction\":[{\"@type\":\"ReadAction\",\"target\":[\"https:\\\/\\\/www.logronopasion.com\\\/portal\\\/la-pasion-y-muerte-de-jesus\\\/\"]}]},{\"@type\":\"ImageObject\",\"inLanguage\":\"es\",\"@id\":\"https:\\\/\\\/www.logronopasion.com\\\/portal\\\/la-pasion-y-muerte-de-jesus\\\/#primaryimage\",\"url\":\"https:\\\/\\\/www.logronopasion.com\\\/portal\\\/wp-content\\\/uploads\\\/2017\\\/04\\\/Cristo-de-Animas-e1586529830598.jpg\",\"contentUrl\":\"https:\\\/\\\/www.logronopasion.com\\\/portal\\\/wp-content\\\/uploads\\\/2017\\\/04\\\/Cristo-de-Animas-e1586529830598.jpg\",\"width\":300,\"height\":360},{\"@type\":\"WebSite\",\"@id\":\"https:\\\/\\\/www.logronopasion.com\\\/portal\\\/#website\",\"url\":\"https:\\\/\\\/www.logronopasion.com\\\/portal\\\/\",\"name\":\"Logro\u00f1o Pasi\u00f3n\",\"description\":\"Portal sobre la Semana Santa de Logro\u00f1o\",\"publisher\":{\"@id\":\"https:\\\/\\\/www.logronopasion.com\\\/portal\\\/#organization\"},\"potentialAction\":[{\"@type\":\"SearchAction\",\"target\":{\"@type\":\"EntryPoint\",\"urlTemplate\":\"https:\\\/\\\/www.logronopasion.com\\\/portal\\\/?s={search_term_string}\"},\"query-input\":{\"@type\":\"PropertyValueSpecification\",\"valueRequired\":true,\"valueName\":\"search_term_string\"}}],\"inLanguage\":\"es\"},{\"@type\":\"Organization\",\"@id\":\"https:\\\/\\\/www.logronopasion.com\\\/portal\\\/#organization\",\"name\":\"Logro\u00f1o Pasi\u00f3n\",\"url\":\"https:\\\/\\\/www.logronopasion.com\\\/portal\\\/\",\"logo\":{\"@type\":\"ImageObject\",\"inLanguage\":\"es\",\"@id\":\"https:\\\/\\\/www.logronopasion.com\\\/portal\\\/#\\\/schema\\\/logo\\\/image\\\/\",\"url\":\"https:\\\/\\\/i2.wp.com\\\/logronopasion.com\\\/portal\\\/wp-content\\\/uploads\\\/2019\\\/04\\\/cropped-Header-1.jpg?fit=312%2C212&ssl=1\",\"contentUrl\":\"https:\\\/\\\/i2.wp.com\\\/logronopasion.com\\\/portal\\\/wp-content\\\/uploads\\\/2019\\\/04\\\/cropped-Header-1.jpg?fit=312%2C212&ssl=1\",\"width\":312,\"height\":212,\"caption\":\"Logro\u00f1o Pasi\u00f3n\"},\"image\":{\"@id\":\"https:\\\/\\\/www.logronopasion.com\\\/portal\\\/#\\\/schema\\\/logo\\\/image\\\/\"},\"sameAs\":[\"https:\\\/\\\/www.facebook.com\\\/logronopasion\",\"https:\\\/\\\/x.com\\\/LogronoPasion\"]},{\"@type\":\"Person\",\"@id\":\"https:\\\/\\\/www.logronopasion.com\\\/portal\\\/#\\\/schema\\\/person\\\/39728c7f1ab39edc31b0bc671a7fcb0b\",\"name\":\"Logronopasion.com\",\"image\":{\"@type\":\"ImageObject\",\"inLanguage\":\"es\",\"@id\":\"https:\\\/\\\/secure.gravatar.com\\\/avatar\\\/c6b3e81c20ae7dec59cda0fd11915cb052ff1705cd134db04112b35441792010?s=96&d=mm&r=g\",\"url\":\"https:\\\/\\\/secure.gravatar.com\\\/avatar\\\/c6b3e81c20ae7dec59cda0fd11915cb052ff1705cd134db04112b35441792010?s=96&d=mm&r=g\",\"contentUrl\":\"https:\\\/\\\/secure.gravatar.com\\\/avatar\\\/c6b3e81c20ae7dec59cda0fd11915cb052ff1705cd134db04112b35441792010?s=96&d=mm&r=g\",\"caption\":\"Logronopasion.com\"},\"url\":\"https:\\\/\\\/www.logronopasion.com\\\/portal\\\/author\\\/logronopasion-com\\\/\"}]}<\/script>\n<!-- \/ Yoast SEO plugin. -->","yoast_head_json":{"title":"La Pasion y Muerte de Jes\u00fas - Logro\u00f1o Pasi\u00f3n","robots":{"index":"index","follow":"follow","max-snippet":"max-snippet:-1","max-image-preview":"max-image-preview:large","max-video-preview":"max-video-preview:-1"},"canonical":"https:\/\/www.logronopasion.com\/portal\/la-pasion-y-muerte-de-jesus\/","og_locale":"es_ES","og_type":"article","og_title":"La Pasion y Muerte de Jes\u00fas - Logro\u00f1o Pasi\u00f3n","og_description":"Historia y Magna Procesi\u00f3n del Santo Entierro. Pasi\u00f3n del Se\u00f1or. (Paso de la Crucifixi\u00f3n del Se\u00f1or. Logro\u00f1o a\u00f1o 1940) Las celebraciones de Semana Santa en Logro\u00f1o, al igual que en el resto de Espa\u00f1a, estuvieron siempre desarrolladas e impulsadas por los Padres Franciscanos que fueron los que extendieron \u00e9sta devoci\u00f3n a la Pasi\u00f3n de Cristo a partir del siglo XV. La devoci\u00f3n de \u00e9stos frailes por el Misterio de la Pasi\u00f3n del Se\u00f1or y el hecho de ser ellos los custodios de los Santos Lugares de Jerusal\u00e9n, tuvieron una notable influencia en el nacimiento de las cofrad\u00edas de la Vera&hellip;","og_url":"https:\/\/www.logronopasion.com\/portal\/la-pasion-y-muerte-de-jesus\/","og_site_name":"Logro\u00f1o Pasi\u00f3n","article_publisher":"https:\/\/www.facebook.com\/logronopasion","article_published_time":"2020-04-10T14:44:54+00:00","article_modified_time":"2020-04-10T16:30:18+00:00","og_image":[{"width":300,"height":360,"url":"https:\/\/www.logronopasion.com\/portal\/wp-content\/uploads\/2017\/04\/Cristo-de-Animas-e1586529830598.jpg","type":"image\/jpeg"}],"author":"Logronopasion.com","twitter_card":"summary_large_image","twitter_creator":"@LogronoPasion","twitter_site":"@LogronoPasion","twitter_misc":{"Escrito por":"Logronopasion.com","Tiempo de lectura":"17 minutos"},"schema":{"@context":"https:\/\/schema.org","@graph":[{"@type":"Article","@id":"https:\/\/www.logronopasion.com\/portal\/la-pasion-y-muerte-de-jesus\/#article","isPartOf":{"@id":"https:\/\/www.logronopasion.com\/portal\/la-pasion-y-muerte-de-jesus\/"},"author":{"name":"Logronopasion.com","@id":"https:\/\/www.logronopasion.com\/portal\/#\/schema\/person\/39728c7f1ab39edc31b0bc671a7fcb0b"},"headline":"La Pasion y Muerte de Jes\u00fas","datePublished":"2020-04-10T14:44:54+00:00","dateModified":"2020-04-10T16:30:18+00:00","mainEntityOfPage":{"@id":"https:\/\/www.logronopasion.com\/portal\/la-pasion-y-muerte-de-jesus\/"},"wordCount":3493,"commentCount":0,"publisher":{"@id":"https:\/\/www.logronopasion.com\/portal\/#organization"},"image":{"@id":"https:\/\/www.logronopasion.com\/portal\/la-pasion-y-muerte-de-jesus\/#primaryimage"},"thumbnailUrl":"https:\/\/www.logronopasion.com\/portal\/wp-content\/uploads\/2017\/04\/Cristo-de-Animas-e1586529830598.jpg","articleSection":["Cuaresma y Semana Santa 2020","Destacados","Iglesia - estado, sociedad y religi\u00f3n"],"inLanguage":"es","potentialAction":[{"@type":"CommentAction","name":"Comment","target":["https:\/\/www.logronopasion.com\/portal\/la-pasion-y-muerte-de-jesus\/#respond"]}]},{"@type":"WebPage","@id":"https:\/\/www.logronopasion.com\/portal\/la-pasion-y-muerte-de-jesus\/","url":"https:\/\/www.logronopasion.com\/portal\/la-pasion-y-muerte-de-jesus\/","name":"La Pasion y Muerte de Jes\u00fas - Logro\u00f1o Pasi\u00f3n","isPartOf":{"@id":"https:\/\/www.logronopasion.com\/portal\/#website"},"primaryImageOfPage":{"@id":"https:\/\/www.logronopasion.com\/portal\/la-pasion-y-muerte-de-jesus\/#primaryimage"},"image":{"@id":"https:\/\/www.logronopasion.com\/portal\/la-pasion-y-muerte-de-jesus\/#primaryimage"},"thumbnailUrl":"https:\/\/www.logronopasion.com\/portal\/wp-content\/uploads\/2017\/04\/Cristo-de-Animas-e1586529830598.jpg","datePublished":"2020-04-10T14:44:54+00:00","dateModified":"2020-04-10T16:30:18+00:00","inLanguage":"es","potentialAction":[{"@type":"ReadAction","target":["https:\/\/www.logronopasion.com\/portal\/la-pasion-y-muerte-de-jesus\/"]}]},{"@type":"ImageObject","inLanguage":"es","@id":"https:\/\/www.logronopasion.com\/portal\/la-pasion-y-muerte-de-jesus\/#primaryimage","url":"https:\/\/www.logronopasion.com\/portal\/wp-content\/uploads\/2017\/04\/Cristo-de-Animas-e1586529830598.jpg","contentUrl":"https:\/\/www.logronopasion.com\/portal\/wp-content\/uploads\/2017\/04\/Cristo-de-Animas-e1586529830598.jpg","width":300,"height":360},{"@type":"WebSite","@id":"https:\/\/www.logronopasion.com\/portal\/#website","url":"https:\/\/www.logronopasion.com\/portal\/","name":"Logro\u00f1o Pasi\u00f3n","description":"Portal sobre la Semana Santa de Logro\u00f1o","publisher":{"@id":"https:\/\/www.logronopasion.com\/portal\/#organization"},"potentialAction":[{"@type":"SearchAction","target":{"@type":"EntryPoint","urlTemplate":"https:\/\/www.logronopasion.com\/portal\/?s={search_term_string}"},"query-input":{"@type":"PropertyValueSpecification","valueRequired":true,"valueName":"search_term_string"}}],"inLanguage":"es"},{"@type":"Organization","@id":"https:\/\/www.logronopasion.com\/portal\/#organization","name":"Logro\u00f1o Pasi\u00f3n","url":"https:\/\/www.logronopasion.com\/portal\/","logo":{"@type":"ImageObject","inLanguage":"es","@id":"https:\/\/www.logronopasion.com\/portal\/#\/schema\/logo\/image\/","url":"https:\/\/i2.wp.com\/logronopasion.com\/portal\/wp-content\/uploads\/2019\/04\/cropped-Header-1.jpg?fit=312%2C212&ssl=1","contentUrl":"https:\/\/i2.wp.com\/logronopasion.com\/portal\/wp-content\/uploads\/2019\/04\/cropped-Header-1.jpg?fit=312%2C212&ssl=1","width":312,"height":212,"caption":"Logro\u00f1o Pasi\u00f3n"},"image":{"@id":"https:\/\/www.logronopasion.com\/portal\/#\/schema\/logo\/image\/"},"sameAs":["https:\/\/www.facebook.com\/logronopasion","https:\/\/x.com\/LogronoPasion"]},{"@type":"Person","@id":"https:\/\/www.logronopasion.com\/portal\/#\/schema\/person\/39728c7f1ab39edc31b0bc671a7fcb0b","name":"Logronopasion.com","image":{"@type":"ImageObject","inLanguage":"es","@id":"https:\/\/secure.gravatar.com\/avatar\/c6b3e81c20ae7dec59cda0fd11915cb052ff1705cd134db04112b35441792010?s=96&d=mm&r=g","url":"https:\/\/secure.gravatar.com\/avatar\/c6b3e81c20ae7dec59cda0fd11915cb052ff1705cd134db04112b35441792010?s=96&d=mm&r=g","contentUrl":"https:\/\/secure.gravatar.com\/avatar\/c6b3e81c20ae7dec59cda0fd11915cb052ff1705cd134db04112b35441792010?s=96&d=mm&r=g","caption":"Logronopasion.com"},"url":"https:\/\/www.logronopasion.com\/portal\/author\/logronopasion-com\/"}]}},"_links":{"self":[{"href":"https:\/\/www.logronopasion.com\/portal\/wp-json\/wp\/v2\/posts\/6700","targetHints":{"allow":["GET"]}}],"collection":[{"href":"https:\/\/www.logronopasion.com\/portal\/wp-json\/wp\/v2\/posts"}],"about":[{"href":"https:\/\/www.logronopasion.com\/portal\/wp-json\/wp\/v2\/types\/post"}],"author":[{"embeddable":true,"href":"https:\/\/www.logronopasion.com\/portal\/wp-json\/wp\/v2\/users\/18"}],"replies":[{"embeddable":true,"href":"https:\/\/www.logronopasion.com\/portal\/wp-json\/wp\/v2\/comments?post=6700"}],"version-history":[{"count":3,"href":"https:\/\/www.logronopasion.com\/portal\/wp-json\/wp\/v2\/posts\/6700\/revisions"}],"predecessor-version":[{"id":6723,"href":"https:\/\/www.logronopasion.com\/portal\/wp-json\/wp\/v2\/posts\/6700\/revisions\/6723"}],"wp:featuredmedia":[{"embeddable":true,"href":"https:\/\/www.logronopasion.com\/portal\/wp-json\/wp\/v2\/media\/5199"}],"wp:attachment":[{"href":"https:\/\/www.logronopasion.com\/portal\/wp-json\/wp\/v2\/media?parent=6700"}],"wp:term":[{"taxonomy":"category","embeddable":true,"href":"https:\/\/www.logronopasion.com\/portal\/wp-json\/wp\/v2\/categories?post=6700"},{"taxonomy":"post_tag","embeddable":true,"href":"https:\/\/www.logronopasion.com\/portal\/wp-json\/wp\/v2\/tags?post=6700"}],"curies":[{"name":"wp","href":"https:\/\/api.w.org\/{rel}","templated":true}]}}